{"id":39763,"date":"2019-10-22T12:54:30","date_gmt":"2019-10-22T10:54:30","guid":{"rendered":"https:\/\/aktuelles.uni-frankfurt.de\/?p=39763"},"modified":"2019-10-22T12:56:16","modified_gmt":"2019-10-22T10:56:16","slug":"focus-klinikliste-universitaetsklinikum-frankfurt-auch-2020-wieder-auf-spitzenplatz","status":"publish","type":"post","link":"https:\/\/aktuelles.uni-frankfurt.de\/en\/gesellschaft\/focus-klinikliste-universitaetsklinikum-frankfurt-auch-2020-wieder-auf-spitzenplatz\/","title":{"rendered":"Focus-Klinikliste: Universit\u00e4tsklinikum Frankfurt auch 2020 wieder auf Spitzenplatz"},"content":{"rendered":"<div class=\"wp-block-image\"><figure class=\"alignleft is-resized\"><img fetchpriority=\"high\" decoding=\"async\" src=\"https:\/\/aktuelles.uni-frankfurt.de\/wp-content\/uploads\/2018\/02\/events_niederrad-uniklinikum.jpg\" alt=\"\" class=\"wp-image-26198\" width=\"349\" height=\"241\" srcset=\"https:\/\/aktuelles.uni-frankfurt.de\/wp-content\/uploads\/2018\/02\/events_niederrad-uniklinikum.jpg 650w, https:\/\/aktuelles.uni-frankfurt.de\/wp-content\/uploads\/2018\/02\/events_niederrad-uniklinikum-300x208.jpg 300w\" sizes=\"(max-width: 349px) 100vw, 349px\" \/><\/figure><\/div>\n\n\n\n<p><strong>Die\nFrankfurter Universit\u00e4tsmedizin steht auf der heute ver\u00f6ffentlichten\nFocus-Klinikliste 2020 deutschlandweit erneut unter den besten H\u00e4usern und\nkonnte mit dem Platz 7 wieder eine sehr starke Position erreichen. <\/strong><\/p>\n\n\n\n<p>Das\nMagazin Focus Gesundheit hat die Klinikliste 2020 ver\u00f6ffentlicht. Bereits seit\n2011 stuft die Redaktion einmal im Jahr die f\u00fchrenden deutschen Krankenh\u00e4user\nein und spricht Empfehlungen aus. Der Qualit\u00e4tsvergleich z\u00e4hlt zu den gr\u00f6\u00dften\nund umfangreichsten in der Republik und wurde dieses Jahr nochmals ausgeweitet.<\/p>\n\n\n\n<h3 class=\"wp-block-heading\"><strong>Nummer\n1 in Hessen und Rhein-Main<\/strong><\/h3>\n\n\n\n<p>Das\nUniversit\u00e4tsklinikum Frankfurt ist die f\u00fchrende Institution in Hessen und im\nRhein-Main-Gebiet. In Deutschland z\u00e4hlt es in 14 der nunmehr 29 Kategorien zur\nSpitzengruppe, in weiteren zehn wird es empfohlen inklusive der Orthop\u00e4dischen\nUniversit\u00e4tsklinik Friedrichsheim. Lediglich vier nationale Krankenh\u00e4user\ndecken damit mehr klinische Fachgebiete ab.<\/p>\n\n\n\n<h3 class=\"wp-block-heading\"><strong>Empfehlungen\nf\u00fcr etliche medizinische Gebiete<\/strong><\/h3>\n\n\n\n<p>Sieben\nneue Fachgebiete sind in die Auswertung 2020 mit eingeflossen. In zweien davon\n\u2013 Hautkrankheiten und Kinderchirurgie \u2013 wird Frankfurt nun ebenfalls in der\nnationalen Spitzenklasse eingestuft. Auf zweien der zus\u00e4tzlichen Felder wird\ndie Universit\u00e4tsmedizin Frankfurt empfohlen. In folgenden Fachbereichen ist\nerneut die Klassifizierung als Spitze erreicht worden: Brustkrebs, Darmkrebs,\nDiabetes, Gallenoperation, Gef\u00e4\u00dfchirurgie, Herzchirurgie, die neurologische und\nneurochirurgische Hirntumorbehandlung, Kardiologie, Leuk\u00e4mie, Risikogeburten\nund Strahlentherapie. <\/p>\n\n\n\n<h3 class=\"wp-block-heading\"><strong>Hohe\nStandards gehalten und ausgebaut<\/strong><\/h3>\n\n\n\n<p>Die hohen Vorjahreswerte der Reputation konnten allesamt gehalten werden, hinsichtlich Leuk\u00e4mie und Depression stiegen sie sogar weiter. Das gleiche gilt f\u00fcr den sehr hohen Pflegestandard, der sogar in zw\u00f6lf Fachgebieten weiter ausgebaut werden konnte. In der Kategorie Hygienestandard wird die f\u00fchrende Rolle des Universit\u00e4tsklinikum Frankfurt best\u00e4tigt. In fast allen Kategorien vergab das Focus-Magazin hierzu die H\u00f6chstpunktzahl. <\/p>\n\n\n\n<p><em>Quelle: Pressemitteilung  Universit\u00e4tsklinikum Frankfurt , 22. Oktober 2019<\/em><\/p>","protected":false},"excerpt":{"rendered":"<p>Die Frankfurter Universit\u00e4tsmedizin steht auf der heute ver\u00f6ffentlichten Focus-Klinikliste 2020 deutschlandweit erneut unter den besten H\u00e4usern und konnte mit dem Platz 7 wieder eine sehr starke Position erreichen. Das Magazin [&hellip;]<\/p>\n","protected":false},"author":8,"featured_media":26198,"comment_status":"closed","ping_status":"closed","sticky":false,"template":"","format":"standard","meta":{"_eb_attr":"","_price":"","_stock":"","_tribe_ticket_header":"","_tribe_default_ticket_provider":"","_ticket_start_date":"","_ticket_end_date":"","_tribe_ticket_show_description":"","_tribe_ticket_show_not_going":false,"_tribe_ticket_use_global_stock":"","_tribe_ticket_global_stock_level":"","_global_stock_mode":"","_global_stock_cap":"","_tribe_rsvp_for_event":"","_tribe_ticket_going_count":"","_tribe_ticket_not_going_count":"","_tribe_tickets_list":"[]","_tribe_ticket_has_attendee_info_fields":false,"footnotes":""},"categories":[4],"tags":[38],"post_folder":[],"class_list":["post-39763","post","type-post","status-publish","format-standard","has-post-thumbnail","hentry","category-gesellschaft","tag-campus-niederrad"],"yoast_head":"<!-- This site is optimized with the Yoast SEO plugin v27.5 - https:\/\/yoast.com\/product\/yoast-seo-wordpress\/ -->\n<title>Focus-Klinikliste: Universit\u00e4tsklinikum Frankfurt auch 2020 wieder auf Spitzenplatz | Aktuelles aus der Goethe-Universit\u00e4t Frankfurt<\/title>\n<meta name=\"robots\" content=\"index, follow, max-snippet:-1, max-image-preview:large, max-video-preview:-1\" \/>\n<link rel=\"canonical\" href=\"https:\/\/aktuelles.uni-frankfurt.de\/en\/gesellschaft\/focus-klinikliste-universitaetsklinikum-frankfurt-auch-2020-wieder-auf-spitzenplatz\/\" \/>\n<meta property=\"og:locale\" content=\"en_GB\" \/>\n<meta property=\"og:type\" content=\"article\" \/>\n<meta property=\"og:title\" content=\"Focus-Klinikliste: Universit\u00e4tsklinikum Frankfurt auch 2020 wieder auf Spitzenplatz | Aktuelles aus der Goethe-Universit\u00e4t Frankfurt\" \/>\n<meta property=\"og:description\" content=\"Die Frankfurter Universit\u00e4tsmedizin steht auf der heute ver\u00f6ffentlichten Focus-Klinikliste 2020 deutschlandweit erneut unter den besten H\u00e4usern und konnte mit dem Platz 7 wieder eine sehr starke Position erreichen. Das Magazin [&hellip;]\" \/>\n<meta property=\"og:url\" content=\"https:\/\/aktuelles.uni-frankfurt.de\/en\/gesellschaft\/focus-klinikliste-universitaetsklinikum-frankfurt-auch-2020-wieder-auf-spitzenplatz\/\" \/>\n<meta property=\"og:site_name\" content=\"Aktuelles aus der Goethe-Universit\u00e4t Frankfurt\" \/>\n<meta property=\"article:published_time\" content=\"2019-10-22T10:54:30+00:00\" \/>\n<meta property=\"article:modified_time\" content=\"2019-10-22T10:56:16+00:00\" \/>\n<meta property=\"og:image\" content=\"https:\/\/aktuelles.uni-frankfurt.de\/wp-content\/uploads\/2018\/02\/events_niederrad-uniklinikum.jpg\" \/>\n\t<meta property=\"og:image:width\" content=\"650\" \/>\n\t<meta property=\"og:image:height\" content=\"450\" \/>\n\t<meta property=\"og:image:type\" content=\"image\/jpeg\" \/>\n<meta name=\"author\" content=\"-\" \/>\n<meta name=\"twitter:card\" content=\"summary_large_image\" \/>\n<meta name=\"twitter:label1\" content=\"Written by\" \/>\n\t<meta name=\"twitter:data1\" content=\"-\" \/>\n\t<meta name=\"twitter:label2\" content=\"Estimated reading time\" \/>\n\t<meta name=\"twitter:data2\" content=\"1 minute\" \/>\n<script type=\"application\/ld+json\" class=\"yoast-schema-graph\">{\"@context\":\"https:\\\/\\\/schema.org\",\"@graph\":[{\"@type\":\"Article\",\"@id\":\"https:\\\/\\\/aktuelles.uni-frankfurt.de\\\/gesellschaft\\\/focus-klinikliste-universitaetsklinikum-frankfurt-auch-2020-wieder-auf-spitzenplatz\\\/#article\",\"isPartOf\":{\"@id\":\"https:\\\/\\\/aktuelles.uni-frankfurt.de\\\/gesellschaft\\\/focus-klinikliste-universitaetsklinikum-frankfurt-auch-2020-wieder-auf-spitzenplatz\\\/\"},\"author\":{\"name\":\"-\",\"@id\":\"https:\\\/\\\/aktuelles.uni-frankfurt.de\\\/#\\\/schema\\\/person\\\/8e55ea338fb65d1ce87a91565d1f1739\"},\"headline\":\"Focus-Klinikliste: Universit\u00e4tsklinikum Frankfurt auch 2020 wieder auf Spitzenplatz\",\"datePublished\":\"2019-10-22T10:54:30+00:00\",\"dateModified\":\"2019-10-22T10:56:16+00:00\",\"mainEntityOfPage\":{\"@id\":\"https:\\\/\\\/aktuelles.uni-frankfurt.de\\\/gesellschaft\\\/focus-klinikliste-universitaetsklinikum-frankfurt-auch-2020-wieder-auf-spitzenplatz\\\/\"},\"wordCount\":284,\"publisher\":{\"@id\":\"https:\\\/\\\/aktuelles.uni-frankfurt.de\\\/#organization\"},\"image\":{\"@id\":\"https:\\\/\\\/aktuelles.uni-frankfurt.de\\\/gesellschaft\\\/focus-klinikliste-universitaetsklinikum-frankfurt-auch-2020-wieder-auf-spitzenplatz\\\/#primaryimage\"},\"thumbnailUrl\":\"https:\\\/\\\/aktuelles.uni-frankfurt.de\\\/wp-content\\\/uploads\\\/2018\\\/02\\\/events_niederrad-uniklinikum.jpg\",\"keywords\":[\"Campus Niederrad\"],\"articleSection\":[\"Gesellschaft\"],\"inLanguage\":\"en-GB\"},{\"@type\":\"WebPage\",\"@id\":\"https:\\\/\\\/aktuelles.uni-frankfurt.de\\\/gesellschaft\\\/focus-klinikliste-universitaetsklinikum-frankfurt-auch-2020-wieder-auf-spitzenplatz\\\/\",\"url\":\"https:\\\/\\\/aktuelles.uni-frankfurt.de\\\/gesellschaft\\\/focus-klinikliste-universitaetsklinikum-frankfurt-auch-2020-wieder-auf-spitzenplatz\\\/\",\"name\":\"Focus-Klinikliste: Universit\u00e4tsklinikum Frankfurt auch 2020 wieder auf Spitzenplatz | Aktuelles aus der Goethe-Universit\u00e4t Frankfurt\",\"isPartOf\":{\"@id\":\"https:\\\/\\\/aktuelles.uni-frankfurt.de\\\/#website\"},\"primaryImageOfPage\":{\"@id\":\"https:\\\/\\\/aktuelles.uni-frankfurt.de\\\/gesellschaft\\\/focus-klinikliste-universitaetsklinikum-frankfurt-auch-2020-wieder-auf-spitzenplatz\\\/#primaryimage\"},\"image\":{\"@id\":\"https:\\\/\\\/aktuelles.uni-frankfurt.de\\\/gesellschaft\\\/focus-klinikliste-universitaetsklinikum-frankfurt-auch-2020-wieder-auf-spitzenplatz\\\/#primaryimage\"},\"thumbnailUrl\":\"https:\\\/\\\/aktuelles.uni-frankfurt.de\\\/wp-content\\\/uploads\\\/2018\\\/02\\\/events_niederrad-uniklinikum.jpg\",\"datePublished\":\"2019-10-22T10:54:30+00:00\",\"dateModified\":\"2019-10-22T10:56:16+00:00\",\"breadcrumb\":{\"@id\":\"https:\\\/\\\/aktuelles.uni-frankfurt.de\\\/gesellschaft\\\/focus-klinikliste-universitaetsklinikum-frankfurt-auch-2020-wieder-auf-spitzenplatz\\\/#breadcrumb\"},\"inLanguage\":\"en-GB\",\"potentialAction\":[{\"@type\":\"ReadAction\",\"target\":[\"https:\\\/\\\/aktuelles.uni-frankfurt.de\\\/gesellschaft\\\/focus-klinikliste-universitaetsklinikum-frankfurt-auch-2020-wieder-auf-spitzenplatz\\\/\"]}]},{\"@type\":\"ImageObject\",\"inLanguage\":\"en-GB\",\"@id\":\"https:\\\/\\\/aktuelles.uni-frankfurt.de\\\/gesellschaft\\\/focus-klinikliste-universitaetsklinikum-frankfurt-auch-2020-wieder-auf-spitzenplatz\\\/#primaryimage\",\"url\":\"https:\\\/\\\/aktuelles.uni-frankfurt.de\\\/wp-content\\\/uploads\\\/2018\\\/02\\\/events_niederrad-uniklinikum.jpg\",\"contentUrl\":\"https:\\\/\\\/aktuelles.uni-frankfurt.de\\\/wp-content\\\/uploads\\\/2018\\\/02\\\/events_niederrad-uniklinikum.jpg\",\"width\":650,\"height\":450},{\"@type\":\"BreadcrumbList\",\"@id\":\"https:\\\/\\\/aktuelles.uni-frankfurt.de\\\/gesellschaft\\\/focus-klinikliste-universitaetsklinikum-frankfurt-auch-2020-wieder-auf-spitzenplatz\\\/#breadcrumb\",\"itemListElement\":[{\"@type\":\"ListItem\",\"position\":1,\"name\":\"Startseite\",\"item\":\"https:\\\/\\\/aktuelles.uni-frankfurt.de\\\/\"},{\"@type\":\"ListItem\",\"position\":2,\"name\":\"Focus-Klinikliste: Universit\u00e4tsklinikum Frankfurt auch 2020 wieder auf Spitzenplatz\"}]},{\"@type\":\"WebSite\",\"@id\":\"https:\\\/\\\/aktuelles.uni-frankfurt.de\\\/#website\",\"url\":\"https:\\\/\\\/aktuelles.uni-frankfurt.de\\\/\",\"name\":\"Aktuelles aus der Goethe-Universit\u00e4t Frankfurt\",\"description\":\"Aktuelles aus der Goethe-Universit\u00e4t | Neues aus Forschung, Lehre, Studium\",\"publisher\":{\"@id\":\"https:\\\/\\\/aktuelles.uni-frankfurt.de\\\/#organization\"},\"potentialAction\":[{\"@type\":\"SearchAction\",\"target\":{\"@type\":\"EntryPoint\",\"urlTemplate\":\"https:\\\/\\\/aktuelles.uni-frankfurt.de\\\/?s={search_term_string}\"},\"query-input\":{\"@type\":\"PropertyValueSpecification\",\"valueRequired\":true,\"valueName\":\"search_term_string\"}}],\"inLanguage\":\"en-GB\"},{\"@type\":\"Organization\",\"@id\":\"https:\\\/\\\/aktuelles.uni-frankfurt.de\\\/#organization\",\"name\":\"Goethe-Universit\u00e4t\",\"url\":\"https:\\\/\\\/aktuelles.uni-frankfurt.de\\\/\",\"logo\":{\"@type\":\"ImageObject\",\"inLanguage\":\"en-GB\",\"@id\":\"https:\\\/\\\/aktuelles.uni-frankfurt.de\\\/#\\\/schema\\\/logo\\\/image\\\/\",\"url\":\"https:\\\/\\\/aktuelles.uni-frankfurt.de\\\/wp-content\\\/uploads\\\/2022\\\/03\\\/800px-Goethe-Logo.png\",\"contentUrl\":\"https:\\\/\\\/aktuelles.uni-frankfurt.de\\\/wp-content\\\/uploads\\\/2022\\\/03\\\/800px-Goethe-Logo.png\",\"width\":800,\"height\":436,\"caption\":\"Goethe-Universit\u00e4t\"},\"image\":{\"@id\":\"https:\\\/\\\/aktuelles.uni-frankfurt.de\\\/#\\\/schema\\\/logo\\\/image\\\/\"}},{\"@type\":\"Person\",\"@id\":\"https:\\\/\\\/aktuelles.uni-frankfurt.de\\\/#\\\/schema\\\/person\\\/8e55ea338fb65d1ce87a91565d1f1739\",\"name\":\"-\",\"description\":\"Dieser Beitrag wurde von der Online-Redaktion ver\u00f6ffentlicht. Wenn der Beitrag von einem Gastautoren verfasst wurde, findet sich dieser Hinweis am Ende des jeweiligen Artikels.\",\"sameAs\":[\"http:\\\/\\\/aktuelles.uni-frankfurt.de\\\/autoren\"],\"url\":\"https:\\\/\\\/aktuelles.uni-frankfurt.de\\\/en\\\/author\\\/redaktion\\\/\"}]}<\/script>\n<!-- \/ Yoast SEO plugin. -->","yoast_head_json":{"title":"Focus-Klinikliste: Universit\u00e4tsklinikum Frankfurt auch 2020 wieder auf Spitzenplatz | Aktuelles aus der Goethe-Universit\u00e4t Frankfurt","robots":{"index":"index","follow":"follow","max-snippet":"max-snippet:-1","max-image-preview":"max-image-preview:large","max-video-preview":"max-video-preview:-1"},"canonical":"https:\/\/aktuelles.uni-frankfurt.de\/en\/gesellschaft\/focus-klinikliste-universitaetsklinikum-frankfurt-auch-2020-wieder-auf-spitzenplatz\/","og_locale":"en_GB","og_type":"article","og_title":"Focus-Klinikliste: Universit\u00e4tsklinikum Frankfurt auch 2020 wieder auf Spitzenplatz | Aktuelles aus der Goethe-Universit\u00e4t Frankfurt","og_description":"Die Frankfurter Universit\u00e4tsmedizin steht auf der heute ver\u00f6ffentlichten Focus-Klinikliste 2020 deutschlandweit erneut unter den besten H\u00e4usern und konnte mit dem Platz 7 wieder eine sehr starke Position erreichen. Das Magazin [&hellip;]","og_url":"https:\/\/aktuelles.uni-frankfurt.de\/en\/gesellschaft\/focus-klinikliste-universitaetsklinikum-frankfurt-auch-2020-wieder-auf-spitzenplatz\/","og_site_name":"Aktuelles aus der Goethe-Universit\u00e4t Frankfurt","article_published_time":"2019-10-22T10:54:30+00:00","article_modified_time":"2019-10-22T10:56:16+00:00","og_image":[{"width":650,"height":450,"url":"https:\/\/aktuelles.uni-frankfurt.de\/wp-content\/uploads\/2018\/02\/events_niederrad-uniklinikum.jpg","type":"image\/jpeg"}],"author":"-","twitter_card":"summary_large_image","twitter_misc":{"Written by":"-","Estimated reading time":"1 minute"},"schema":{"@context":"https:\/\/schema.org","@graph":[{"@type":"Article","@id":"https:\/\/aktuelles.uni-frankfurt.de\/gesellschaft\/focus-klinikliste-universitaetsklinikum-frankfurt-auch-2020-wieder-auf-spitzenplatz\/#article","isPartOf":{"@id":"https:\/\/aktuelles.uni-frankfurt.de\/gesellschaft\/focus-klinikliste-universitaetsklinikum-frankfurt-auch-2020-wieder-auf-spitzenplatz\/"},"author":{"name":"-","@id":"https:\/\/aktuelles.uni-frankfurt.de\/#\/schema\/person\/8e55ea338fb65d1ce87a91565d1f1739"},"headline":"Focus-Klinikliste: Universit\u00e4tsklinikum Frankfurt auch 2020 wieder auf Spitzenplatz","datePublished":"2019-10-22T10:54:30+00:00","dateModified":"2019-10-22T10:56:16+00:00","mainEntityOfPage":{"@id":"https:\/\/aktuelles.uni-frankfurt.de\/gesellschaft\/focus-klinikliste-universitaetsklinikum-frankfurt-auch-2020-wieder-auf-spitzenplatz\/"},"wordCount":284,"publisher":{"@id":"https:\/\/aktuelles.uni-frankfurt.de\/#organization"},"image":{"@id":"https:\/\/aktuelles.uni-frankfurt.de\/gesellschaft\/focus-klinikliste-universitaetsklinikum-frankfurt-auch-2020-wieder-auf-spitzenplatz\/#primaryimage"},"thumbnailUrl":"https:\/\/aktuelles.uni-frankfurt.de\/wp-content\/uploads\/2018\/02\/events_niederrad-uniklinikum.jpg","keywords":["Campus Niederrad"],"articleSection":["Gesellschaft"],"inLanguage":"en-GB"},{"@type":"WebPage","@id":"https:\/\/aktuelles.uni-frankfurt.de\/gesellschaft\/focus-klinikliste-universitaetsklinikum-frankfurt-auch-2020-wieder-auf-spitzenplatz\/","url":"https:\/\/aktuelles.uni-frankfurt.de\/gesellschaft\/focus-klinikliste-universitaetsklinikum-frankfurt-auch-2020-wieder-auf-spitzenplatz\/","name":"Focus-Klinikliste: Universit\u00e4tsklinikum Frankfurt auch 2020 wieder auf Spitzenplatz | Aktuelles aus der Goethe-Universit\u00e4t Frankfurt","isPartOf":{"@id":"https:\/\/aktuelles.uni-frankfurt.de\/#website"},"primaryImageOfPage":{"@id":"https:\/\/aktuelles.uni-frankfurt.de\/gesellschaft\/focus-klinikliste-universitaetsklinikum-frankfurt-auch-2020-wieder-auf-spitzenplatz\/#primaryimage"},"image":{"@id":"https:\/\/aktuelles.uni-frankfurt.de\/gesellschaft\/focus-klinikliste-universitaetsklinikum-frankfurt-auch-2020-wieder-auf-spitzenplatz\/#primaryimage"},"thumbnailUrl":"https:\/\/aktuelles.uni-frankfurt.de\/wp-content\/uploads\/2018\/02\/events_niederrad-uniklinikum.jpg","datePublished":"2019-10-22T10:54:30+00:00","dateModified":"2019-10-22T10:56:16+00:00","breadcrumb":{"@id":"https:\/\/aktuelles.uni-frankfurt.de\/gesellschaft\/focus-klinikliste-universitaetsklinikum-frankfurt-auch-2020-wieder-auf-spitzenplatz\/#breadcrumb"},"inLanguage":"en-GB","potentialAction":[{"@type":"ReadAction","target":["https:\/\/aktuelles.uni-frankfurt.de\/gesellschaft\/focus-klinikliste-universitaetsklinikum-frankfurt-auch-2020-wieder-auf-spitzenplatz\/"]}]},{"@type":"ImageObject","inLanguage":"en-GB","@id":"https:\/\/aktuelles.uni-frankfurt.de\/gesellschaft\/focus-klinikliste-universitaetsklinikum-frankfurt-auch-2020-wieder-auf-spitzenplatz\/#primaryimage","url":"https:\/\/aktuelles.uni-frankfurt.de\/wp-content\/uploads\/2018\/02\/events_niederrad-uniklinikum.jpg","contentUrl":"https:\/\/aktuelles.uni-frankfurt.de\/wp-content\/uploads\/2018\/02\/events_niederrad-uniklinikum.jpg","width":650,"height":450},{"@type":"BreadcrumbList","@id":"https:\/\/aktuelles.uni-frankfurt.de\/gesellschaft\/focus-klinikliste-universitaetsklinikum-frankfurt-auch-2020-wieder-auf-spitzenplatz\/#breadcrumb","itemListElement":[{"@type":"ListItem","position":1,"name":"Startseite","item":"https:\/\/aktuelles.uni-frankfurt.de\/"},{"@type":"ListItem","position":2,"name":"Focus-Klinikliste: Universit\u00e4tsklinikum Frankfurt auch 2020 wieder auf Spitzenplatz"}]},{"@type":"WebSite","@id":"https:\/\/aktuelles.uni-frankfurt.de\/#website","url":"https:\/\/aktuelles.uni-frankfurt.de\/","name":"Aktuelles aus der Goethe-Universit\u00e4t Frankfurt","description":"Aktuelles aus der Goethe-Universit\u00e4t | Neues aus Forschung, Lehre, Studium","publisher":{"@id":"https:\/\/aktuelles.uni-frankfurt.de\/#organization"},"potentialAction":[{"@type":"SearchAction","target":{"@type":"EntryPoint","urlTemplate":"https:\/\/aktuelles.uni-frankfurt.de\/?s={search_term_string}"},"query-input":{"@type":"PropertyValueSpecification","valueRequired":true,"valueName":"search_term_string"}}],"inLanguage":"en-GB"},{"@type":"Organization","@id":"https:\/\/aktuelles.uni-frankfurt.de\/#organization","name":"Goethe University Frankfurt","url":"https:\/\/aktuelles.uni-frankfurt.de\/","logo":{"@type":"ImageObject","inLanguage":"en-GB","@id":"https:\/\/aktuelles.uni-frankfurt.de\/#\/schema\/logo\/image\/","url":"https:\/\/aktuelles.uni-frankfurt.de\/wp-content\/uploads\/2022\/03\/800px-Goethe-Logo.png","contentUrl":"https:\/\/aktuelles.uni-frankfurt.de\/wp-content\/uploads\/2022\/03\/800px-Goethe-Logo.png","width":800,"height":436,"caption":"Goethe-Universit\u00e4t"},"image":{"@id":"https:\/\/aktuelles.uni-frankfurt.de\/#\/schema\/logo\/image\/"}},{"@type":"Person","@id":"https:\/\/aktuelles.uni-frankfurt.de\/#\/schema\/person\/8e55ea338fb65d1ce87a91565d1f1739","name":"-","description":"Dieser Beitrag wurde von der Online-Redaktion ver\u00f6ffentlicht. Wenn der Beitrag von einem Gastautoren verfasst wurde, findet sich dieser Hinweis am Ende des jeweiligen Artikels.","sameAs":["http:\/\/aktuelles.uni-frankfurt.de\/autoren"],"url":"https:\/\/aktuelles.uni-frankfurt.de\/en\/author\/redaktion\/"}]}},"_links":{"self":[{"href":"https:\/\/aktuelles.uni-frankfurt.de\/en\/wp-json\/wp\/v2\/posts\/39763","targetHints":{"allow":["GET"]}}],"collection":[{"href":"https:\/\/aktuelles.uni-frankfurt.de\/en\/wp-json\/wp\/v2\/posts"}],"about":[{"href":"https:\/\/aktuelles.uni-frankfurt.de\/en\/wp-json\/wp\/v2\/types\/post"}],"author":[{"embeddable":true,"href":"https:\/\/aktuelles.uni-frankfurt.de\/en\/wp-json\/wp\/v2\/users\/8"}],"replies":[{"embeddable":true,"href":"https:\/\/aktuelles.uni-frankfurt.de\/en\/wp-json\/wp\/v2\/comments?post=39763"}],"version-history":[{"count":0,"href":"https:\/\/aktuelles.uni-frankfurt.de\/en\/wp-json\/wp\/v2\/posts\/39763\/revisions"}],"wp:featuredmedia":[{"embeddable":true,"href":"https:\/\/aktuelles.uni-frankfurt.de\/en\/wp-json\/wp\/v2\/media\/26198"}],"wp:attachment":[{"href":"https:\/\/aktuelles.uni-frankfurt.de\/en\/wp-json\/wp\/v2\/media?parent=39763"}],"wp:term":[{"taxonomy":"category","embeddable":true,"href":"https:\/\/aktuelles.uni-frankfurt.de\/en\/wp-json\/wp\/v2\/categories?post=39763"},{"taxonomy":"post_tag","embeddable":true,"href":"https:\/\/aktuelles.uni-frankfurt.de\/en\/wp-json\/wp\/v2\/tags?post=39763"},{"taxonomy":"post_folder","embeddable":true,"href":"https:\/\/aktuelles.uni-frankfurt.de\/en\/wp-json\/wp\/v2\/post_folder?post=39763"}],"curies":[{"name":"wp","href":"https:\/\/api.w.org\/{rel}","templated":true}]}}