{"id":39767,"date":"2019-10-22T15:20:53","date_gmt":"2019-10-22T13:20:53","guid":{"rendered":"https:\/\/aktuelles.uni-frankfurt.de\/?p=39767"},"modified":"2019-10-22T15:20:56","modified_gmt":"2019-10-22T13:20:56","slug":"105-geburtstag-geschenke-fuer-die-goethe-universitaet","status":"publish","type":"post","link":"https:\/\/aktuelles.uni-frankfurt.de\/en\/aktuelles\/105-geburtstag-geschenke-fuer-die-goethe-universitaet\/","title":{"rendered":"105. Geburtstag \/ Geschenke f\u00fcr die Goethe-Universit\u00e4t"},"content":{"rendered":"<p>Auch\nwenn der Stiftertag zum 105. Geburtstag (18. Oktober 2019) der\nGoethe-Universit\u00e4t eigentlich ein Fest und Geschenk der Uni F\u00dcR die\nStifterinnen und Stifter der Hochschule war, so brachte der Abend f\u00fcr das\nGeburtstagskind einige sch\u00f6ne Geschenk-\u00dcberraschungen.<\/p>\n\n\n\n<p>F\u00fcr\ndie Familie Merz, deren langj\u00e4hriges Engagement f\u00fcr die Goethe-Universit\u00e4t\neinen der H\u00f6hepunkte des Abends bildete, k\u00fcndigte Dr. Dania H\u00fcckmann,die\nTochter des Ehrenb\u00fcrgers und langj\u00e4hrigen Merz-Gesch\u00e4ftsf\u00fchrers Dr. Jochen\nH\u00fcckmann, an, k\u00fcnftig neben der Friedrich Merz-Stiftungsgastprofessor, die es\nseit 1985 gibt, noch eine weitere Stiftungsgastprofessur zu Ehren ihres\nverstorbenen Vaters einzurichten. Diese k\u00f6nne einen Beitrag leisten bei der\nVorbereitung der n\u00e4chsten Runde der Exzellenzstrategie.<\/p>\n\n\n\n<p>Auch\nder fr\u00fchere Fraport-Chef und heutige Vorstandsvorsitzende der \u201eVereinigung von\nFreunden und F\u00f6rderern der Goethe-Universit\u00e4t\u201c, Prof. Dr. Wilhelm Bender,\nk\u00fcndigte spontan ein Geschenk f\u00fcr seine Alma Mater an. Zuvor hatte er von\nUniversit\u00e4tspr\u00e4sidentin Prof. Dr. Birgitta Wolff die W\u00fcrde eines Ehrensenators\nerhalten: Bender stiftet f\u00fcr die gegenw\u00e4rtig laufende Uni-Kampagne f\u00fcr das\nDeutschlandstipendium aus privaten Mitteln f\u00fcnf Deutschlandstipendien im\nGesamtwert von 9.000 \u20ac.<\/p>\n\n\n\n<p>Auch\nProf. Dr. Mareike Kunter, die diesj\u00e4hrige Tr\u00e4gerin des mit 25.000 Euro\ndotierten Preises \u201eScientist of the Year\u201c der \u201eAlfons und Gertrud\nKassel-Stiftung\u201c hatte ein Geschenk f\u00fcr die Goethe-Universit\u00e4t vorgesehen und\nk\u00fcndigte in ihrer Danksagung an, einen Teil ihres Preisgeldes f\u00fcr die\nDurchf\u00fchrung einer wissenschaftlichen Tagung an der Goethe-Universit\u00e4t zu\nstiften, die sich ihrem Forschungsschwerpunkt, der professionellen Kompetenz\nvon Lehrkr\u00e4ften, widmet.<\/p>\n\n\n\n<p>Universit\u00e4tspr\u00e4sidentin\nProf. Dr. Birgitta Wolff sagte: \u201eWir f\u00fchlen uns reich beschenkt. Die spontanen\nZusagen an unserem 105. Universit\u00e4tsgeburtstag zeigen, wie lebendig und\ngro\u00dfz\u00fcgig unsere gro\u00dfe st\u00e4dtische und regionale Goethe-Uni-Familie ist. Diese\nGesten lassen gleichzeitig erkennen, wie sehr die Freunde und Freundinnen\nunserer Stiftungsuniversit\u00e4t sich auch inhaltlich auf unsere strategischen\nBed\u00fcrfnisse einlassen. Daf\u00fcr sind wir unendlich dankbar.\u201c<\/p>","protected":false},"excerpt":{"rendered":"<p>Auch wenn der Stiftertag zum 105. Geburtstag (18. Oktober 2019) der Goethe-Universit\u00e4t eigentlich ein Fest und Geschenk der Uni F\u00dcR die Stifterinnen und Stifter der Hochschule war, so brachte der [&hellip;]<\/p>\n","protected":false},"author":8,"featured_media":0,"comment_status":"closed","ping_status":"closed","sticky":false,"template":"","format":"standard","meta":{"_eb_attr":"","_price":"","_stock":"","_tribe_ticket_header":"","_tribe_default_ticket_provider":"","_ticket_start_date":"","_ticket_end_date":"","_tribe_ticket_show_description":"","_tribe_ticket_show_not_going":false,"_tribe_ticket_use_global_stock":"","_tribe_ticket_global_stock_level":"","_global_stock_mode":"","_global_stock_cap":"","_tribe_rsvp_for_event":"","_tribe_ticket_going_count":"","_tribe_ticket_not_going_count":"","_tribe_tickets_list":"[]","_tribe_ticket_has_attendee_info_fields":false,"footnotes":""},"categories":[39],"tags":[],"post_folder":[],"class_list":["post-39767","post","type-post","status-publish","format-standard","hentry","category-aktuelles"],"yoast_head":"<!-- This site is optimized with the Yoast SEO plugin v27.5 - https:\/\/yoast.com\/product\/yoast-seo-wordpress\/ -->\n<title>105. Geburtstag \/ Geschenke f\u00fcr die Goethe-Universit\u00e4t | Aktuelles aus der Goethe-Universit\u00e4t Frankfurt<\/title>\n<meta name=\"robots\" content=\"index, follow, max-snippet:-1, max-image-preview:large, max-video-preview:-1\" \/>\n<link rel=\"canonical\" href=\"https:\/\/aktuelles.uni-frankfurt.de\/en\/aktuelles\/105-geburtstag-geschenke-fuer-die-goethe-universitaet\/\" \/>\n<meta property=\"og:locale\" content=\"en_GB\" \/>\n<meta property=\"og:type\" content=\"article\" \/>\n<meta property=\"og:title\" content=\"105. Geburtstag \/ Geschenke f\u00fcr die Goethe-Universit\u00e4t | Aktuelles aus der Goethe-Universit\u00e4t Frankfurt\" \/>\n<meta property=\"og:description\" content=\"Auch wenn der Stiftertag zum 105. Geburtstag (18. Oktober 2019) der Goethe-Universit\u00e4t eigentlich ein Fest und Geschenk der Uni F\u00dcR die Stifterinnen und Stifter der Hochschule war, so brachte der [&hellip;]\" \/>\n<meta property=\"og:url\" content=\"https:\/\/aktuelles.uni-frankfurt.de\/en\/aktuelles\/105-geburtstag-geschenke-fuer-die-goethe-universitaet\/\" \/>\n<meta property=\"og:site_name\" content=\"Aktuelles aus der Goethe-Universit\u00e4t Frankfurt\" \/>\n<meta property=\"article:published_time\" content=\"2019-10-22T13:20:53+00:00\" \/>\n<meta property=\"article:modified_time\" content=\"2019-10-22T13:20:56+00:00\" \/>\n<meta name=\"author\" content=\"-\" \/>\n<meta name=\"twitter:card\" content=\"summary_large_image\" \/>\n<meta name=\"twitter:label1\" content=\"Written by\" \/>\n\t<meta name=\"twitter:data1\" content=\"-\" \/>\n\t<meta name=\"twitter:label2\" content=\"Estimated reading time\" \/>\n\t<meta name=\"twitter:data2\" content=\"2 minutes\" \/>\n<script type=\"application\/ld+json\" class=\"yoast-schema-graph\">{\"@context\":\"https:\\\/\\\/schema.org\",\"@graph\":[{\"@type\":\"Article\",\"@id\":\"https:\\\/\\\/aktuelles.uni-frankfurt.de\\\/aktuelles\\\/105-geburtstag-geschenke-fuer-die-goethe-universitaet\\\/#article\",\"isPartOf\":{\"@id\":\"https:\\\/\\\/aktuelles.uni-frankfurt.de\\\/aktuelles\\\/105-geburtstag-geschenke-fuer-die-goethe-universitaet\\\/\"},\"author\":{\"name\":\"-\",\"@id\":\"https:\\\/\\\/aktuelles.uni-frankfurt.de\\\/#\\\/schema\\\/person\\\/8e55ea338fb65d1ce87a91565d1f1739\"},\"headline\":\"105. Geburtstag \\\/ Geschenke f\u00fcr die Goethe-Universit\u00e4t\",\"datePublished\":\"2019-10-22T13:20:53+00:00\",\"dateModified\":\"2019-10-22T13:20:56+00:00\",\"mainEntityOfPage\":{\"@id\":\"https:\\\/\\\/aktuelles.uni-frankfurt.de\\\/aktuelles\\\/105-geburtstag-geschenke-fuer-die-goethe-universitaet\\\/\"},\"wordCount\":331,\"publisher\":{\"@id\":\"https:\\\/\\\/aktuelles.uni-frankfurt.de\\\/#organization\"},\"articleSection\":[\"Kurz gemeldet\"],\"inLanguage\":\"en-GB\"},{\"@type\":\"WebPage\",\"@id\":\"https:\\\/\\\/aktuelles.uni-frankfurt.de\\\/aktuelles\\\/105-geburtstag-geschenke-fuer-die-goethe-universitaet\\\/\",\"url\":\"https:\\\/\\\/aktuelles.uni-frankfurt.de\\\/aktuelles\\\/105-geburtstag-geschenke-fuer-die-goethe-universitaet\\\/\",\"name\":\"105. Geburtstag \\\/ Geschenke f\u00fcr die Goethe-Universit\u00e4t | Aktuelles aus der Goethe-Universit\u00e4t Frankfurt\",\"isPartOf\":{\"@id\":\"https:\\\/\\\/aktuelles.uni-frankfurt.de\\\/#website\"},\"datePublished\":\"2019-10-22T13:20:53+00:00\",\"dateModified\":\"2019-10-22T13:20:56+00:00\",\"breadcrumb\":{\"@id\":\"https:\\\/\\\/aktuelles.uni-frankfurt.de\\\/aktuelles\\\/105-geburtstag-geschenke-fuer-die-goethe-universitaet\\\/#breadcrumb\"},\"inLanguage\":\"en-GB\",\"potentialAction\":[{\"@type\":\"ReadAction\",\"target\":[\"https:\\\/\\\/aktuelles.uni-frankfurt.de\\\/aktuelles\\\/105-geburtstag-geschenke-fuer-die-goethe-universitaet\\\/\"]}]},{\"@type\":\"BreadcrumbList\",\"@id\":\"https:\\\/\\\/aktuelles.uni-frankfurt.de\\\/aktuelles\\\/105-geburtstag-geschenke-fuer-die-goethe-universitaet\\\/#breadcrumb\",\"itemListElement\":[{\"@type\":\"ListItem\",\"position\":1,\"name\":\"Startseite\",\"item\":\"https:\\\/\\\/aktuelles.uni-frankfurt.de\\\/\"},{\"@type\":\"ListItem\",\"position\":2,\"name\":\"105. Geburtstag \\\/ Geschenke f\u00fcr die Goethe-Universit\u00e4t\"}]},{\"@type\":\"WebSite\",\"@id\":\"https:\\\/\\\/aktuelles.uni-frankfurt.de\\\/#website\",\"url\":\"https:\\\/\\\/aktuelles.uni-frankfurt.de\\\/\",\"name\":\"Aktuelles aus der Goethe-Universit\u00e4t Frankfurt\",\"description\":\"Aktuelles aus der Goethe-Universit\u00e4t | Neues aus Forschung, Lehre, Studium\",\"publisher\":{\"@id\":\"https:\\\/\\\/aktuelles.uni-frankfurt.de\\\/#organization\"},\"potentialAction\":[{\"@type\":\"SearchAction\",\"target\":{\"@type\":\"EntryPoint\",\"urlTemplate\":\"https:\\\/\\\/aktuelles.uni-frankfurt.de\\\/?s={search_term_string}\"},\"query-input\":{\"@type\":\"PropertyValueSpecification\",\"valueRequired\":true,\"valueName\":\"search_term_string\"}}],\"inLanguage\":\"en-GB\"},{\"@type\":\"Organization\",\"@id\":\"https:\\\/\\\/aktuelles.uni-frankfurt.de\\\/#organization\",\"name\":\"Goethe-Universit\u00e4t\",\"url\":\"https:\\\/\\\/aktuelles.uni-frankfurt.de\\\/\",\"logo\":{\"@type\":\"ImageObject\",\"inLanguage\":\"en-GB\",\"@id\":\"https:\\\/\\\/aktuelles.uni-frankfurt.de\\\/#\\\/schema\\\/logo\\\/image\\\/\",\"url\":\"https:\\\/\\\/aktuelles.uni-frankfurt.de\\\/wp-content\\\/uploads\\\/2022\\\/03\\\/800px-Goethe-Logo.png\",\"contentUrl\":\"https:\\\/\\\/aktuelles.uni-frankfurt.de\\\/wp-content\\\/uploads\\\/2022\\\/03\\\/800px-Goethe-Logo.png\",\"width\":800,\"height\":436,\"caption\":\"Goethe-Universit\u00e4t\"},\"image\":{\"@id\":\"https:\\\/\\\/aktuelles.uni-frankfurt.de\\\/#\\\/schema\\\/logo\\\/image\\\/\"}},{\"@type\":\"Person\",\"@id\":\"https:\\\/\\\/aktuelles.uni-frankfurt.de\\\/#\\\/schema\\\/person\\\/8e55ea338fb65d1ce87a91565d1f1739\",\"name\":\"-\",\"description\":\"Dieser Beitrag wurde von der Online-Redaktion ver\u00f6ffentlicht. Wenn der Beitrag von einem Gastautoren verfasst wurde, findet sich dieser Hinweis am Ende des jeweiligen Artikels.\",\"sameAs\":[\"http:\\\/\\\/aktuelles.uni-frankfurt.de\\\/autoren\"],\"url\":\"https:\\\/\\\/aktuelles.uni-frankfurt.de\\\/en\\\/author\\\/redaktion\\\/\"}]}<\/script>\n<!-- \/ Yoast SEO plugin. -->","yoast_head_json":{"title":"105. Geburtstag \/ Geschenke f\u00fcr die Goethe-Universit\u00e4t | Aktuelles aus der Goethe-Universit\u00e4t Frankfurt","robots":{"index":"index","follow":"follow","max-snippet":"max-snippet:-1","max-image-preview":"max-image-preview:large","max-video-preview":"max-video-preview:-1"},"canonical":"https:\/\/aktuelles.uni-frankfurt.de\/en\/aktuelles\/105-geburtstag-geschenke-fuer-die-goethe-universitaet\/","og_locale":"en_GB","og_type":"article","og_title":"105. Geburtstag \/ Geschenke f\u00fcr die Goethe-Universit\u00e4t | Aktuelles aus der Goethe-Universit\u00e4t Frankfurt","og_description":"Auch wenn der Stiftertag zum 105. Geburtstag (18. Oktober 2019) der Goethe-Universit\u00e4t eigentlich ein Fest und Geschenk der Uni F\u00dcR die Stifterinnen und Stifter der Hochschule war, so brachte der [&hellip;]","og_url":"https:\/\/aktuelles.uni-frankfurt.de\/en\/aktuelles\/105-geburtstag-geschenke-fuer-die-goethe-universitaet\/","og_site_name":"Aktuelles aus der Goethe-Universit\u00e4t Frankfurt","article_published_time":"2019-10-22T13:20:53+00:00","article_modified_time":"2019-10-22T13:20:56+00:00","author":"-","twitter_card":"summary_large_image","twitter_misc":{"Written by":"-","Estimated reading time":"2 minutes"},"schema":{"@context":"https:\/\/schema.org","@graph":[{"@type":"Article","@id":"https:\/\/aktuelles.uni-frankfurt.de\/aktuelles\/105-geburtstag-geschenke-fuer-die-goethe-universitaet\/#article","isPartOf":{"@id":"https:\/\/aktuelles.uni-frankfurt.de\/aktuelles\/105-geburtstag-geschenke-fuer-die-goethe-universitaet\/"},"author":{"name":"-","@id":"https:\/\/aktuelles.uni-frankfurt.de\/#\/schema\/person\/8e55ea338fb65d1ce87a91565d1f1739"},"headline":"105. Geburtstag \/ Geschenke f\u00fcr die Goethe-Universit\u00e4t","datePublished":"2019-10-22T13:20:53+00:00","dateModified":"2019-10-22T13:20:56+00:00","mainEntityOfPage":{"@id":"https:\/\/aktuelles.uni-frankfurt.de\/aktuelles\/105-geburtstag-geschenke-fuer-die-goethe-universitaet\/"},"wordCount":331,"publisher":{"@id":"https:\/\/aktuelles.uni-frankfurt.de\/#organization"},"articleSection":["Kurz gemeldet"],"inLanguage":"en-GB"},{"@type":"WebPage","@id":"https:\/\/aktuelles.uni-frankfurt.de\/aktuelles\/105-geburtstag-geschenke-fuer-die-goethe-universitaet\/","url":"https:\/\/aktuelles.uni-frankfurt.de\/aktuelles\/105-geburtstag-geschenke-fuer-die-goethe-universitaet\/","name":"105. Geburtstag \/ Geschenke f\u00fcr die Goethe-Universit\u00e4t | Aktuelles aus der Goethe-Universit\u00e4t Frankfurt","isPartOf":{"@id":"https:\/\/aktuelles.uni-frankfurt.de\/#website"},"datePublished":"2019-10-22T13:20:53+00:00","dateModified":"2019-10-22T13:20:56+00:00","breadcrumb":{"@id":"https:\/\/aktuelles.uni-frankfurt.de\/aktuelles\/105-geburtstag-geschenke-fuer-die-goethe-universitaet\/#breadcrumb"},"inLanguage":"en-GB","potentialAction":[{"@type":"ReadAction","target":["https:\/\/aktuelles.uni-frankfurt.de\/aktuelles\/105-geburtstag-geschenke-fuer-die-goethe-universitaet\/"]}]},{"@type":"BreadcrumbList","@id":"https:\/\/aktuelles.uni-frankfurt.de\/aktuelles\/105-geburtstag-geschenke-fuer-die-goethe-universitaet\/#breadcrumb","itemListElement":[{"@type":"ListItem","position":1,"name":"Startseite","item":"https:\/\/aktuelles.uni-frankfurt.de\/"},{"@type":"ListItem","position":2,"name":"105. Geburtstag \/ Geschenke f\u00fcr die Goethe-Universit\u00e4t"}]},{"@type":"WebSite","@id":"https:\/\/aktuelles.uni-frankfurt.de\/#website","url":"https:\/\/aktuelles.uni-frankfurt.de\/","name":"Aktuelles aus der Goethe-Universit\u00e4t Frankfurt","description":"Aktuelles aus der Goethe-Universit\u00e4t | Neues aus Forschung, Lehre, Studium","publisher":{"@id":"https:\/\/aktuelles.uni-frankfurt.de\/#organization"},"potentialAction":[{"@type":"SearchAction","target":{"@type":"EntryPoint","urlTemplate":"https:\/\/aktuelles.uni-frankfurt.de\/?s={search_term_string}"},"query-input":{"@type":"PropertyValueSpecification","valueRequired":true,"valueName":"search_term_string"}}],"inLanguage":"en-GB"},{"@type":"Organization","@id":"https:\/\/aktuelles.uni-frankfurt.de\/#organization","name":"Goethe University Frankfurt","url":"https:\/\/aktuelles.uni-frankfurt.de\/","logo":{"@type":"ImageObject","inLanguage":"en-GB","@id":"https:\/\/aktuelles.uni-frankfurt.de\/#\/schema\/logo\/image\/","url":"https:\/\/aktuelles.uni-frankfurt.de\/wp-content\/uploads\/2022\/03\/800px-Goethe-Logo.png","contentUrl":"https:\/\/aktuelles.uni-frankfurt.de\/wp-content\/uploads\/2022\/03\/800px-Goethe-Logo.png","width":800,"height":436,"caption":"Goethe-Universit\u00e4t"},"image":{"@id":"https:\/\/aktuelles.uni-frankfurt.de\/#\/schema\/logo\/image\/"}},{"@type":"Person","@id":"https:\/\/aktuelles.uni-frankfurt.de\/#\/schema\/person\/8e55ea338fb65d1ce87a91565d1f1739","name":"-","description":"Dieser Beitrag wurde von der Online-Redaktion ver\u00f6ffentlicht. Wenn der Beitrag von einem Gastautoren verfasst wurde, findet sich dieser Hinweis am Ende des jeweiligen Artikels.","sameAs":["http:\/\/aktuelles.uni-frankfurt.de\/autoren"],"url":"https:\/\/aktuelles.uni-frankfurt.de\/en\/author\/redaktion\/"}]}},"_links":{"self":[{"href":"https:\/\/aktuelles.uni-frankfurt.de\/en\/wp-json\/wp\/v2\/posts\/39767","targetHints":{"allow":["GET"]}}],"collection":[{"href":"https:\/\/aktuelles.uni-frankfurt.de\/en\/wp-json\/wp\/v2\/posts"}],"about":[{"href":"https:\/\/aktuelles.uni-frankfurt.de\/en\/wp-json\/wp\/v2\/types\/post"}],"author":[{"embeddable":true,"href":"https:\/\/aktuelles.uni-frankfurt.de\/en\/wp-json\/wp\/v2\/users\/8"}],"replies":[{"embeddable":true,"href":"https:\/\/aktuelles.uni-frankfurt.de\/en\/wp-json\/wp\/v2\/comments?post=39767"}],"version-history":[{"count":0,"href":"https:\/\/aktuelles.uni-frankfurt.de\/en\/wp-json\/wp\/v2\/posts\/39767\/revisions"}],"wp:attachment":[{"href":"https:\/\/aktuelles.uni-frankfurt.de\/en\/wp-json\/wp\/v2\/media?parent=39767"}],"wp:term":[{"taxonomy":"category","embeddable":true,"href":"https:\/\/aktuelles.uni-frankfurt.de\/en\/wp-json\/wp\/v2\/categories?post=39767"},{"taxonomy":"post_tag","embeddable":true,"href":"https:\/\/aktuelles.uni-frankfurt.de\/en\/wp-json\/wp\/v2\/tags?post=39767"},{"taxonomy":"post_folder","embeddable":true,"href":"https:\/\/aktuelles.uni-frankfurt.de\/en\/wp-json\/wp\/v2\/post_folder?post=39767"}],"curies":[{"name":"wp","href":"https:\/\/api.w.org\/{rel}","templated":true}]}}