{"id":41023,"date":"2019-12-09T09:46:42","date_gmt":"2019-12-09T08:46:42","guid":{"rendered":"https:\/\/aktuelles.uni-frankfurt.de\/?p=41023"},"modified":"2019-12-09T10:34:52","modified_gmt":"2019-12-09T09:34:52","slug":"kleine-faecher-grosses-potenzial","status":"publish","type":"post","link":"https:\/\/aktuelles.uni-frankfurt.de\/en\/campus\/kleine-faecher-grosses-potenzial\/","title":{"rendered":"Kleine F\u00e4cher \u2013 gro\u00dfes Potenzial"},"content":{"rendered":"<h3 class=\"wp-block-heading\">Zwei Studierende geben Einblicke in ihre ganz pers\u00f6nlichen Nischen  <\/h3>\n\n\n\n<div class=\"wp-block-image\"><figure class=\"alignleft size-large is-resized\"><img fetchpriority=\"high\" decoding=\"async\" src=\"https:\/\/aktuelles.uni-frankfurt.de\/wp-content\/uploads\/2019\/10\/GU-Logo-Kleine-Faecher__rz_rgb_schriftpink.jpg\" alt=\"\" class=\"wp-image-39557\" width=\"404\" height=\"172\" srcset=\"https:\/\/aktuelles.uni-frankfurt.de\/wp-content\/uploads\/2019\/10\/GU-Logo-Kleine-Faecher__rz_rgb_schriftpink.jpg 908w, https:\/\/aktuelles.uni-frankfurt.de\/wp-content\/uploads\/2019\/10\/GU-Logo-Kleine-Faecher__rz_rgb_schriftpink-300x128.jpg 300w, https:\/\/aktuelles.uni-frankfurt.de\/wp-content\/uploads\/2019\/10\/GU-Logo-Kleine-Faecher__rz_rgb_schriftpink-768x327.jpg 768w\" sizes=\"(max-width: 404px) 100vw, 404px\" \/><\/figure><\/div>\n\n\n\n<p>\u201eDas wird so nichts. Ich w\u00fcrde lieber ein Interessenstudium beginnen.\u201c Das musste Lukas schon bald feststellen, nachdem er zun\u00e4chst mit einem Informatikund Multimedia-Studium begonnen hatte, das kaum seinen Vorstellungen entsprach. Mittlerweile studiert er S\u00fcdostasienwissenschaften und Ethnologie an der Goethe-Universit\u00e4t und z\u00e4hlt somit zu einer relativ kleinen Zahl von Studierenden, die sich den sogenannten Kleinen F\u00e4chern, die manchmal auch (f\u00e4lschlicherweise) als Orchideenf\u00e4cher bezeichnet werden (siehe <a href=\"https:\/\/aktuelles.uni-frankfurt.de\/campus\/profilbildung-fuer-universitaeten-und-ihre-studierenden-der-afrikanist-prof-axel-fleisch-ueber-die-kleinen-faecher\/\">Interview <\/a>mit Prof. Axel Fleisch) widmen. <\/p>\n\n\n\n<figure class=\"wp-block-embed-wordpress wp-block-embed is-type-wp-embed is-provider-aktuelles-aus-der-goethe-universitat-frankfurt\"><div class=\"wp-block-embed__wrapper\">\nhttps:\/\/aktuelles.uni-frankfurt.de\/campus\/profilbildung-fuer-universitaeten-und-ihre-studierenden-der-afrikanist-prof-axel-fleisch-ueber-die-kleinen-faecher\/\n<\/div><\/figure>\n\n\n\n<div style=\"height:48px\" aria-hidden=\"true\" class=\"wp-block-spacer\"><\/div>\n\n\n\n<h3 class=\"wp-block-heading\">Studienalltag in Frankfurt <\/h3>\n\n\n\n<p>Tats\u00e4chlich ist der Begriff Orchideenfach etwas irref\u00fchrend, denn einen dekorativen Charakter und die damit implizierte Nutzlosigkeit kann man den kleinen F\u00e4chern nicht vorwerfen. Sie leisten durchaus ziemlich Gro\u00dfes: Die Erforschung und Wissenserweiterung \u00fcber ganze Kulturen oder Religionen ist zentrale Aufgabe, sie tragen zur Diskussion von gesellschaftlich relevanten Fragestellungen und schlie\u00dflich zur Bewahrung des kulturellen Erbes bei. <\/p>\n\n\n\n<p>Die Goethe-Universit\u00e4t ist eine beliebte Anlaufstelle f\u00fcr Interessenten der Kleinen F\u00e4cher. Neben S\u00fcdostasienwissenschaften finden sich Afrikanistik, Kriminologie oder wie in Annes Fall die Skandinavistik. Sie kam \u00fcber ein anderes Kleines Fach, die Allgemeine und Vergleichende Literaturwissenschaft, zu ihrem jetzigen Studium. \u201eIn der Skandinavistik haben sich meine Interessen wie von Zauberhand vereinen lassen.\u201c So scheint es vielen zu gehen, denn auch Lukas erkl\u00e4rt: \u201eIch habe mich r\u00fcckbesonnen, was ich sonst so gerne mache oder gemacht habe in der Vergangenheit.\u201c <\/p>\n\n\n\n<div style=\"height:48px\" aria-hidden=\"true\" class=\"wp-block-spacer\"><\/div>\n\n\n\n<blockquote class=\"wp-block-quote has-text-align-right is-style-large is-layout-flow wp-block-quote-is-layout-flow\"><p>Seinen individuellen Interessen und der eigenen Neugier nachzugehen, scheint auf die meisten Studierenden der Kleinen F\u00e4cher einen ganz besonderen Reiz auszu\u00fcben. <\/p><\/blockquote>\n\n\n\n<div style=\"height:48px\" aria-hidden=\"true\" class=\"wp-block-spacer\"><\/div>\n\n\n\n<p>Egal, ob es um Kulturen in S\u00fcdostasien, Goldm\u00fcnzen im R\u00f6mischen Reich oder Kinderbuchforschung geht, irgendwer ist immer mit Begeisterung dabei.<em> <\/em> Doch nicht nur die M\u00f6glichkeit, endlich seine spezifischen Interessen verfolgen zu k\u00f6nnen, reizt viele an einem Studium eines Kleinen Fachs. Denn \u00fcberf\u00fcllte Seminare und Anonymit\u00e4t sind hier nicht an der Tagesordnung. \u201eEs ist sehr famili\u00e4r, manchmal etwas schulisch. Sprache lernt sich am besten gemeinsam\u201c, stellt Lukas fest und auch Anne findet, dass \u201edas Institut f\u00fcr Skandinavistik hier in Frankfurt fast schon famili\u00e4r zusammengewachsen ist\u201c. Man kennt sich, man unterst\u00fctzt sich \u2013 nicht in allen Studieng\u00e4ngen der Normalfall. \u201eEin unterst\u00fctzendes Umfeld zu haben, ist f\u00fcr mich mitunter immer das Sch\u00f6nste gewesen\u201c, bekr\u00e4ftigt Anne. Dieses enge Verh\u00e4ltnis zieht sich bis zu den Dozierenden durch, was zur Folge hat, dass die Studierenden st\u00e4rker miteinbezogen werden und auch Lukas best\u00e4tigt, die Hierarchien seien flach. Pers\u00f6nliches Engagement und das Einbringen eigener Ideen sind hier gerne gesehen und werden zum Teil auch gefordert. \u201eDadurch, dass wir so wenige sind, kann das Engagement des Einzelnen relativ gut gef\u00f6rdert werden und ich habe auch die Hiwi-Stelle, die ich wollte, direkt bekommen\u201c, erz\u00e4hlt Lukas. Anne empfindet ihren Studienalltag \u00e4hnlich: \u201eUnsere Dozent*innen bem\u00fchen sich immer sehr darum, den Studierenden ein relativ gro\u00dfes, extracurriculares Angebot zu erschaffen und sind Vorschl\u00e4gen und Bitten meist sehr offen und unterst\u00fctzend zugewandt.\u201c  <\/p>\n\n\n\n<p>Wie in jedem anderen Studium auch, m\u00fcssen sich die Studierenden nat\u00fcrlich Herausforderungen stellen und es kristallisiert sich vermeintlich eine heraus \u2013 die Berufswahl. Das Klischee vom Taxi fahrenden Studienabsolventen h\u00e4lt sich in vielen K\u00f6pfen hartn\u00e4ckig. Lukas, der sich ein Arbeiten mit Literatur im Verlagswesen gut vorstellen kann, hat dazu eine klare Meinung: \u201eIch finde es schade, dass das die erste Frage ist, die man gestellt bekommt und sie so auf die Verwertbarkeit abzielt, weil das vielleicht gar nicht der Ma\u00dfstab sein sollte.\u201c Tats\u00e4chlich scheint die Berufswahl sehr vielf\u00e4ltig und besonders: von Museen \u00fcber \u00dcbersetzungsarbeiten bis hin zum akademischen Betrieb \u2013 vieles ist m\u00f6glich und vieles muss einfach entdeckt werden. <\/p>\n\n\n\n<div style=\"height:48px\" aria-hidden=\"true\" class=\"wp-block-spacer\"><\/div>\n\n\n\n<blockquote class=\"wp-block-quote has-text-align-right is-style-large is-layout-flow wp-block-quote-is-layout-flow\"><p>Man ist flexibel, kann sich dem sich st\u00e4ndig \u00e4ndernden Arbeitsmarkt anpassen und L\u00fccken f\u00fcllen, die sonst genau das geblieben w\u00e4ren \u2013 L\u00fccken und blinde Flecken. <\/p><\/blockquote>\n\n\n\n<div style=\"height:48px\" aria-hidden=\"true\" class=\"wp-block-spacer\"><\/div>\n\n\n\n<p>Anne ist \u00fcberzeugt: \u201eMan w\u00e4chst mit seinen Aufgaben \u2013 daher findet man vielleicht in F\u00e4chern wie der Skandinavistik auch erst im Laufe des Studiums fruchtbare Antworten auf das \u201aWohin?\u2018, aber diese Antworten sind dann wom\u00f6glich umso kreativer und \u00fcberraschender!\u201c  <\/p>\n\n\n\n<div style=\"height:48px\" aria-hidden=\"true\" class=\"wp-block-spacer\"><\/div>\n\n\n\n<h3 class=\"wp-block-heading\">Tipps f\u00fcr Studieninteressierte <\/h3>\n\n\n\n<p>Aber bevor man \u00fcber einen passenden Beruf nachdenkt, muss man sich erstmal auf einen Studiengang festlegen, was oft mit einem langwierigen Entscheidungsprozess und vielen Fragen verbunden ist. Was macht mir Spa\u00df? Was will ich? Wohin soll mich mein Studium bringen? Anne und Lukas mussten sich diesen Fragen stellen und haben ihre ganz pers\u00f6nlichen Antworten gefunden. Dabei mussten sie sich auch mit den Anforderungen ihres ausgew\u00e4hlten Fachs besch\u00e4ftigen. Ein Auslandaufenthalt sei insbesondere bei den Sprach- und Kulturwissenschaften ein Muss. Lukas selbst hat ein Auslandsemester auf den Philippinen verbracht. Au\u00dferdem hat Anne folgende Tipps, um einen authentischen Eindruck vom Studium zu bekommen: \u201eIch w\u00fcrde f\u00fcr die ersten Schritte in Richtung Entscheidungsfindung vielleicht empfehlen, schon mal Kontakt zur Institutsgruppe aufzunehmen und sich m\u00f6glichst schon mal mit einem Studierenden des jeweiligen Faches treffen und dieser Person L\u00f6cher in den Bauch fragen.\u201c <\/p>\n\n\n\n<p>Falls dann noch Fragen ungekl\u00e4rt bleiben, nimmt die Goethe-Universit\u00e4t im Wintersemester 2019\/2020 an einem vom Bundesministerium f\u00fcr Bildung und Forschung und von der Hochschulrektorenkonferenz gef\u00f6rderten bundesweiten Projekt Kleine-F\u00e4cherWochen an deutschen Hochschulen teil. Ein ganz besonderes Highlight stellt am 31. Januar ab 18 Uhr die Lange Nacht der Kleinen F\u00e4cher dar. Hier k\u00f6nnen Interessierte Antworten auf ihre Fragen erhalten und vielleicht ihre ganz pers\u00f6nliche Nische finden. Denn auch Anne ist sich mittlerweile sicher: \u201eIch glaube, dass die Skandinavistik f\u00fcr mich die Nische war und ist, die ich finden musste, um meinen Leidenschaften und meiner Wesensart entsprechen zu k\u00f6nnen.\u201c <\/p>\n\n\n\n<p class=\"has-text-align-right\"><em>Natalia Zaji\u0107 <\/em><\/p>\n\n\n\n<p class=\"has-background has-very-light-gray-background-color\">Dieser Artikel ist erschienen im <a rel=\"noreferrer noopener\" aria-label=\"UniReport 6.19 (\u00f6ffnet in einem neuem Tab)\" href=\"http:\/\/www.unireport.info\/83974260.pdf\" target=\"_blank\">UniReport 6.19<\/a><br><br>Der\u00a0<strong>UniReport 6\/2019<\/strong>\u00a0steht zum kostenlosen Download bereit unter\u00a0<a href=\"http:\/\/www.unireport.info\/aktuelle-ausgabe\">www.unireport.info\/aktuelle-ausgabe<\/a><br><br>Au\u00dferdem liegt die\u00a0<strong>neue Ausgabe des UniReport\u00a0<\/strong>an sechs Standorten in \u201eDispensern\u201c aus: Campus Westend \u2013 Geb\u00e4ude PA, im Foyer \/ Treppenaufgang; H\u00f6rsaalzentrum, Ladenzeile; Geb\u00e4ude PEG, Foyer; Geb\u00e4ude RuW, Foyer; House of Finance, Foyer. Campus Riedberg \u2013 Geb\u00e4ude N, Foyer vor Mensaeingang. <\/p>\n\n\n\n<p><\/p>","protected":false},"excerpt":{"rendered":"<p>Zwei Studierende geben Einblicke in ihre ganz pers\u00f6nlichen Nischen \u201eDas wird so nichts. Ich w\u00fcrde lieber ein Interessenstudium beginnen.\u201c Das musste Lukas schon bald feststellen, nachdem er zun\u00e4chst mit einem [&hellip;]<\/p>\n","protected":false},"author":8,"featured_media":41027,"comment_status":"closed","ping_status":"closed","sticky":false,"template":"","format":"standard","meta":{"_eb_attr":"","_price":"","_stock":"","_tribe_ticket_header":"","_tribe_default_ticket_provider":"","_ticket_start_date":"","_ticket_end_date":"","_tribe_ticket_show_description":"","_tribe_ticket_show_not_going":false,"_tribe_ticket_use_global_stock":"","_tribe_ticket_global_stock_level":"","_global_stock_mode":"","_global_stock_cap":"","_tribe_rsvp_for_event":"","_tribe_ticket_going_count":"","_tribe_ticket_not_going_count":"","_tribe_tickets_list":"[]","_tribe_ticket_has_attendee_info_fields":false,"footnotes":""},"categories":[5],"tags":[155,46,44,10],"post_folder":[],"class_list":["post-41023","post","type-post","status-publish","format-standard","has-post-thumbnail","hentry","category-campus","tag-kleine-faecher","tag-neuere-philologien","tag-sprach-und-kulturwissenschaften","tag-unireport"],"yoast_head":"<!-- This site is optimized with the Yoast SEO plugin v27.5 - https:\/\/yoast.com\/product\/yoast-seo-wordpress\/ -->\n<title>Kleine F\u00e4cher \u2013 gro\u00dfes Potenzial | Aktuelles aus der Goethe-Universit\u00e4t Frankfurt<\/title>\n<meta name=\"robots\" content=\"index, follow, max-snippet:-1, max-image-preview:large, max-video-preview:-1\" \/>\n<link rel=\"canonical\" href=\"https:\/\/aktuelles.uni-frankfurt.de\/en\/campus\/kleine-faecher-grosses-potenzial\/\" \/>\n<meta property=\"og:locale\" content=\"en_GB\" \/>\n<meta property=\"og:type\" content=\"article\" \/>\n<meta property=\"og:title\" content=\"Kleine F\u00e4cher \u2013 gro\u00dfes Potenzial | Aktuelles aus der Goethe-Universit\u00e4t Frankfurt\" \/>\n<meta property=\"og:description\" content=\"Zwei Studierende geben Einblicke in ihre ganz pers\u00f6nlichen Nischen \u201eDas wird so nichts. Ich w\u00fcrde lieber ein Interessenstudium beginnen.\u201c Das musste Lukas schon bald feststellen, nachdem er zun\u00e4chst mit einem [&hellip;]\" \/>\n<meta property=\"og:url\" content=\"https:\/\/aktuelles.uni-frankfurt.de\/en\/campus\/kleine-faecher-grosses-potenzial\/\" \/>\n<meta property=\"og:site_name\" content=\"Aktuelles aus der Goethe-Universit\u00e4t Frankfurt\" \/>\n<meta property=\"article:published_time\" content=\"2019-12-09T08:46:42+00:00\" \/>\n<meta property=\"article:modified_time\" content=\"2019-12-09T09:34:52+00:00\" \/>\n<meta property=\"og:image\" content=\"https:\/\/aktuelles.uni-frankfurt.de\/wp-content\/uploads\/2019\/12\/Beitragsbild_Kleine-F\u00e4cher.jpg\" \/>\n\t<meta property=\"og:image:width\" content=\"650\" \/>\n\t<meta property=\"og:image:height\" content=\"450\" \/>\n\t<meta property=\"og:image:type\" content=\"image\/jpeg\" \/>\n<meta name=\"author\" content=\"-\" \/>\n<meta name=\"twitter:card\" content=\"summary_large_image\" \/>\n<meta name=\"twitter:label1\" content=\"Written by\" \/>\n\t<meta name=\"twitter:data1\" content=\"-\" \/>\n\t<meta name=\"twitter:label2\" content=\"Estimated reading time\" \/>\n\t<meta name=\"twitter:data2\" content=\"5 minutes\" \/>\n<script type=\"application\/ld+json\" class=\"yoast-schema-graph\">{\"@context\":\"https:\\\/\\\/schema.org\",\"@graph\":[{\"@type\":\"Article\",\"@id\":\"https:\\\/\\\/aktuelles.uni-frankfurt.de\\\/campus\\\/kleine-faecher-grosses-potenzial\\\/#article\",\"isPartOf\":{\"@id\":\"https:\\\/\\\/aktuelles.uni-frankfurt.de\\\/campus\\\/kleine-faecher-grosses-potenzial\\\/\"},\"author\":{\"name\":\"-\",\"@id\":\"https:\\\/\\\/aktuelles.uni-frankfurt.de\\\/#\\\/schema\\\/person\\\/8e55ea338fb65d1ce87a91565d1f1739\"},\"headline\":\"Kleine F\u00e4cher \u2013 gro\u00dfes Potenzial\",\"datePublished\":\"2019-12-09T08:46:42+00:00\",\"dateModified\":\"2019-12-09T09:34:52+00:00\",\"mainEntityOfPage\":{\"@id\":\"https:\\\/\\\/aktuelles.uni-frankfurt.de\\\/campus\\\/kleine-faecher-grosses-potenzial\\\/\"},\"wordCount\":1018,\"publisher\":{\"@id\":\"https:\\\/\\\/aktuelles.uni-frankfurt.de\\\/#organization\"},\"image\":{\"@id\":\"https:\\\/\\\/aktuelles.uni-frankfurt.de\\\/campus\\\/kleine-faecher-grosses-potenzial\\\/#primaryimage\"},\"thumbnailUrl\":\"https:\\\/\\\/aktuelles.uni-frankfurt.de\\\/wp-content\\\/uploads\\\/2019\\\/12\\\/Beitragsbild_Kleine-F\u00e4cher.jpg\",\"keywords\":[\"Kleine F\u00e4cher\",\"Neuere Philologien\",\"Sprach- und Kulturwissenschaften\",\"UniReport\"],\"articleSection\":[\"Campus\"],\"inLanguage\":\"en-GB\"},{\"@type\":\"WebPage\",\"@id\":\"https:\\\/\\\/aktuelles.uni-frankfurt.de\\\/campus\\\/kleine-faecher-grosses-potenzial\\\/\",\"url\":\"https:\\\/\\\/aktuelles.uni-frankfurt.de\\\/campus\\\/kleine-faecher-grosses-potenzial\\\/\",\"name\":\"Kleine F\u00e4cher \u2013 gro\u00dfes Potenzial | Aktuelles aus der Goethe-Universit\u00e4t Frankfurt\",\"isPartOf\":{\"@id\":\"https:\\\/\\\/aktuelles.uni-frankfurt.de\\\/#website\"},\"primaryImageOfPage\":{\"@id\":\"https:\\\/\\\/aktuelles.uni-frankfurt.de\\\/campus\\\/kleine-faecher-grosses-potenzial\\\/#primaryimage\"},\"image\":{\"@id\":\"https:\\\/\\\/aktuelles.uni-frankfurt.de\\\/campus\\\/kleine-faecher-grosses-potenzial\\\/#primaryimage\"},\"thumbnailUrl\":\"https:\\\/\\\/aktuelles.uni-frankfurt.de\\\/wp-content\\\/uploads\\\/2019\\\/12\\\/Beitragsbild_Kleine-F\u00e4cher.jpg\",\"datePublished\":\"2019-12-09T08:46:42+00:00\",\"dateModified\":\"2019-12-09T09:34:52+00:00\",\"breadcrumb\":{\"@id\":\"https:\\\/\\\/aktuelles.uni-frankfurt.de\\\/campus\\\/kleine-faecher-grosses-potenzial\\\/#breadcrumb\"},\"inLanguage\":\"en-GB\",\"potentialAction\":[{\"@type\":\"ReadAction\",\"target\":[\"https:\\\/\\\/aktuelles.uni-frankfurt.de\\\/campus\\\/kleine-faecher-grosses-potenzial\\\/\"]}]},{\"@type\":\"ImageObject\",\"inLanguage\":\"en-GB\",\"@id\":\"https:\\\/\\\/aktuelles.uni-frankfurt.de\\\/campus\\\/kleine-faecher-grosses-potenzial\\\/#primaryimage\",\"url\":\"https:\\\/\\\/aktuelles.uni-frankfurt.de\\\/wp-content\\\/uploads\\\/2019\\\/12\\\/Beitragsbild_Kleine-F\u00e4cher.jpg\",\"contentUrl\":\"https:\\\/\\\/aktuelles.uni-frankfurt.de\\\/wp-content\\\/uploads\\\/2019\\\/12\\\/Beitragsbild_Kleine-F\u00e4cher.jpg\",\"width\":650,\"height\":450},{\"@type\":\"BreadcrumbList\",\"@id\":\"https:\\\/\\\/aktuelles.uni-frankfurt.de\\\/campus\\\/kleine-faecher-grosses-potenzial\\\/#breadcrumb\",\"itemListElement\":[{\"@type\":\"ListItem\",\"position\":1,\"name\":\"Startseite\",\"item\":\"https:\\\/\\\/aktuelles.uni-frankfurt.de\\\/\"},{\"@type\":\"ListItem\",\"position\":2,\"name\":\"Kleine F\u00e4cher \u2013 gro\u00dfes Potenzial\"}]},{\"@type\":\"WebSite\",\"@id\":\"https:\\\/\\\/aktuelles.uni-frankfurt.de\\\/#website\",\"url\":\"https:\\\/\\\/aktuelles.uni-frankfurt.de\\\/\",\"name\":\"Aktuelles aus der Goethe-Universit\u00e4t Frankfurt\",\"description\":\"Aktuelles aus der Goethe-Universit\u00e4t | Neues aus Forschung, Lehre, Studium\",\"publisher\":{\"@id\":\"https:\\\/\\\/aktuelles.uni-frankfurt.de\\\/#organization\"},\"potentialAction\":[{\"@type\":\"SearchAction\",\"target\":{\"@type\":\"EntryPoint\",\"urlTemplate\":\"https:\\\/\\\/aktuelles.uni-frankfurt.de\\\/?s={search_term_string}\"},\"query-input\":{\"@type\":\"PropertyValueSpecification\",\"valueRequired\":true,\"valueName\":\"search_term_string\"}}],\"inLanguage\":\"en-GB\"},{\"@type\":\"Organization\",\"@id\":\"https:\\\/\\\/aktuelles.uni-frankfurt.de\\\/#organization\",\"name\":\"Goethe-Universit\u00e4t\",\"url\":\"https:\\\/\\\/aktuelles.uni-frankfurt.de\\\/\",\"logo\":{\"@type\":\"ImageObject\",\"inLanguage\":\"en-GB\",\"@id\":\"https:\\\/\\\/aktuelles.uni-frankfurt.de\\\/#\\\/schema\\\/logo\\\/image\\\/\",\"url\":\"https:\\\/\\\/aktuelles.uni-frankfurt.de\\\/wp-content\\\/uploads\\\/2022\\\/03\\\/800px-Goethe-Logo.png\",\"contentUrl\":\"https:\\\/\\\/aktuelles.uni-frankfurt.de\\\/wp-content\\\/uploads\\\/2022\\\/03\\\/800px-Goethe-Logo.png\",\"width\":800,\"height\":436,\"caption\":\"Goethe-Universit\u00e4t\"},\"image\":{\"@id\":\"https:\\\/\\\/aktuelles.uni-frankfurt.de\\\/#\\\/schema\\\/logo\\\/image\\\/\"}},{\"@type\":\"Person\",\"@id\":\"https:\\\/\\\/aktuelles.uni-frankfurt.de\\\/#\\\/schema\\\/person\\\/8e55ea338fb65d1ce87a91565d1f1739\",\"name\":\"-\",\"description\":\"Dieser Beitrag wurde von der Online-Redaktion ver\u00f6ffentlicht. Wenn der Beitrag von einem Gastautoren verfasst wurde, findet sich dieser Hinweis am Ende des jeweiligen Artikels.\",\"sameAs\":[\"http:\\\/\\\/aktuelles.uni-frankfurt.de\\\/autoren\"],\"url\":\"https:\\\/\\\/aktuelles.uni-frankfurt.de\\\/en\\\/author\\\/redaktion\\\/\"}]}<\/script>\n<!-- \/ Yoast SEO plugin. -->","yoast_head_json":{"title":"Kleine F\u00e4cher \u2013 gro\u00dfes Potenzial | Aktuelles aus der Goethe-Universit\u00e4t Frankfurt","robots":{"index":"index","follow":"follow","max-snippet":"max-snippet:-1","max-image-preview":"max-image-preview:large","max-video-preview":"max-video-preview:-1"},"canonical":"https:\/\/aktuelles.uni-frankfurt.de\/en\/campus\/kleine-faecher-grosses-potenzial\/","og_locale":"en_GB","og_type":"article","og_title":"Kleine F\u00e4cher \u2013 gro\u00dfes Potenzial | Aktuelles aus der Goethe-Universit\u00e4t Frankfurt","og_description":"Zwei Studierende geben Einblicke in ihre ganz pers\u00f6nlichen Nischen \u201eDas wird so nichts. Ich w\u00fcrde lieber ein Interessenstudium beginnen.\u201c Das musste Lukas schon bald feststellen, nachdem er zun\u00e4chst mit einem [&hellip;]","og_url":"https:\/\/aktuelles.uni-frankfurt.de\/en\/campus\/kleine-faecher-grosses-potenzial\/","og_site_name":"Aktuelles aus der Goethe-Universit\u00e4t Frankfurt","article_published_time":"2019-12-09T08:46:42+00:00","article_modified_time":"2019-12-09T09:34:52+00:00","og_image":[{"width":650,"height":450,"url":"https:\/\/aktuelles.uni-frankfurt.de\/wp-content\/uploads\/2019\/12\/Beitragsbild_Kleine-F\u00e4cher.jpg","type":"image\/jpeg"}],"author":"-","twitter_card":"summary_large_image","twitter_misc":{"Written by":"-","Estimated reading time":"5 minutes"},"schema":{"@context":"https:\/\/schema.org","@graph":[{"@type":"Article","@id":"https:\/\/aktuelles.uni-frankfurt.de\/campus\/kleine-faecher-grosses-potenzial\/#article","isPartOf":{"@id":"https:\/\/aktuelles.uni-frankfurt.de\/campus\/kleine-faecher-grosses-potenzial\/"},"author":{"name":"-","@id":"https:\/\/aktuelles.uni-frankfurt.de\/#\/schema\/person\/8e55ea338fb65d1ce87a91565d1f1739"},"headline":"Kleine F\u00e4cher \u2013 gro\u00dfes Potenzial","datePublished":"2019-12-09T08:46:42+00:00","dateModified":"2019-12-09T09:34:52+00:00","mainEntityOfPage":{"@id":"https:\/\/aktuelles.uni-frankfurt.de\/campus\/kleine-faecher-grosses-potenzial\/"},"wordCount":1018,"publisher":{"@id":"https:\/\/aktuelles.uni-frankfurt.de\/#organization"},"image":{"@id":"https:\/\/aktuelles.uni-frankfurt.de\/campus\/kleine-faecher-grosses-potenzial\/#primaryimage"},"thumbnailUrl":"https:\/\/aktuelles.uni-frankfurt.de\/wp-content\/uploads\/2019\/12\/Beitragsbild_Kleine-F\u00e4cher.jpg","keywords":["Kleine F\u00e4cher","Neuere Philologien","Sprach- und Kulturwissenschaften","UniReport"],"articleSection":["Campus"],"inLanguage":"en-GB"},{"@type":"WebPage","@id":"https:\/\/aktuelles.uni-frankfurt.de\/campus\/kleine-faecher-grosses-potenzial\/","url":"https:\/\/aktuelles.uni-frankfurt.de\/campus\/kleine-faecher-grosses-potenzial\/","name":"Kleine F\u00e4cher \u2013 gro\u00dfes Potenzial | Aktuelles aus der Goethe-Universit\u00e4t Frankfurt","isPartOf":{"@id":"https:\/\/aktuelles.uni-frankfurt.de\/#website"},"primaryImageOfPage":{"@id":"https:\/\/aktuelles.uni-frankfurt.de\/campus\/kleine-faecher-grosses-potenzial\/#primaryimage"},"image":{"@id":"https:\/\/aktuelles.uni-frankfurt.de\/campus\/kleine-faecher-grosses-potenzial\/#primaryimage"},"thumbnailUrl":"https:\/\/aktuelles.uni-frankfurt.de\/wp-content\/uploads\/2019\/12\/Beitragsbild_Kleine-F\u00e4cher.jpg","datePublished":"2019-12-09T08:46:42+00:00","dateModified":"2019-12-09T09:34:52+00:00","breadcrumb":{"@id":"https:\/\/aktuelles.uni-frankfurt.de\/campus\/kleine-faecher-grosses-potenzial\/#breadcrumb"},"inLanguage":"en-GB","potentialAction":[{"@type":"ReadAction","target":["https:\/\/aktuelles.uni-frankfurt.de\/campus\/kleine-faecher-grosses-potenzial\/"]}]},{"@type":"ImageObject","inLanguage":"en-GB","@id":"https:\/\/aktuelles.uni-frankfurt.de\/campus\/kleine-faecher-grosses-potenzial\/#primaryimage","url":"https:\/\/aktuelles.uni-frankfurt.de\/wp-content\/uploads\/2019\/12\/Beitragsbild_Kleine-F\u00e4cher.jpg","contentUrl":"https:\/\/aktuelles.uni-frankfurt.de\/wp-content\/uploads\/2019\/12\/Beitragsbild_Kleine-F\u00e4cher.jpg","width":650,"height":450},{"@type":"BreadcrumbList","@id":"https:\/\/aktuelles.uni-frankfurt.de\/campus\/kleine-faecher-grosses-potenzial\/#breadcrumb","itemListElement":[{"@type":"ListItem","position":1,"name":"Startseite","item":"https:\/\/aktuelles.uni-frankfurt.de\/"},{"@type":"ListItem","position":2,"name":"Kleine F\u00e4cher \u2013 gro\u00dfes Potenzial"}]},{"@type":"WebSite","@id":"https:\/\/aktuelles.uni-frankfurt.de\/#website","url":"https:\/\/aktuelles.uni-frankfurt.de\/","name":"Aktuelles aus der Goethe-Universit\u00e4t Frankfurt","description":"Aktuelles aus der Goethe-Universit\u00e4t | Neues aus Forschung, Lehre, Studium","publisher":{"@id":"https:\/\/aktuelles.uni-frankfurt.de\/#organization"},"potentialAction":[{"@type":"SearchAction","target":{"@type":"EntryPoint","urlTemplate":"https:\/\/aktuelles.uni-frankfurt.de\/?s={search_term_string}"},"query-input":{"@type":"PropertyValueSpecification","valueRequired":true,"valueName":"search_term_string"}}],"inLanguage":"en-GB"},{"@type":"Organization","@id":"https:\/\/aktuelles.uni-frankfurt.de\/#organization","name":"Goethe University Frankfurt","url":"https:\/\/aktuelles.uni-frankfurt.de\/","logo":{"@type":"ImageObject","inLanguage":"en-GB","@id":"https:\/\/aktuelles.uni-frankfurt.de\/#\/schema\/logo\/image\/","url":"https:\/\/aktuelles.uni-frankfurt.de\/wp-content\/uploads\/2022\/03\/800px-Goethe-Logo.png","contentUrl":"https:\/\/aktuelles.uni-frankfurt.de\/wp-content\/uploads\/2022\/03\/800px-Goethe-Logo.png","width":800,"height":436,"caption":"Goethe-Universit\u00e4t"},"image":{"@id":"https:\/\/aktuelles.uni-frankfurt.de\/#\/schema\/logo\/image\/"}},{"@type":"Person","@id":"https:\/\/aktuelles.uni-frankfurt.de\/#\/schema\/person\/8e55ea338fb65d1ce87a91565d1f1739","name":"-","description":"Dieser Beitrag wurde von der Online-Redaktion ver\u00f6ffentlicht. Wenn der Beitrag von einem Gastautoren verfasst wurde, findet sich dieser Hinweis am Ende des jeweiligen Artikels.","sameAs":["http:\/\/aktuelles.uni-frankfurt.de\/autoren"],"url":"https:\/\/aktuelles.uni-frankfurt.de\/en\/author\/redaktion\/"}]}},"_links":{"self":[{"href":"https:\/\/aktuelles.uni-frankfurt.de\/en\/wp-json\/wp\/v2\/posts\/41023","targetHints":{"allow":["GET"]}}],"collection":[{"href":"https:\/\/aktuelles.uni-frankfurt.de\/en\/wp-json\/wp\/v2\/posts"}],"about":[{"href":"https:\/\/aktuelles.uni-frankfurt.de\/en\/wp-json\/wp\/v2\/types\/post"}],"author":[{"embeddable":true,"href":"https:\/\/aktuelles.uni-frankfurt.de\/en\/wp-json\/wp\/v2\/users\/8"}],"replies":[{"embeddable":true,"href":"https:\/\/aktuelles.uni-frankfurt.de\/en\/wp-json\/wp\/v2\/comments?post=41023"}],"version-history":[{"count":0,"href":"https:\/\/aktuelles.uni-frankfurt.de\/en\/wp-json\/wp\/v2\/posts\/41023\/revisions"}],"wp:featuredmedia":[{"embeddable":true,"href":"https:\/\/aktuelles.uni-frankfurt.de\/en\/wp-json\/wp\/v2\/media\/41027"}],"wp:attachment":[{"href":"https:\/\/aktuelles.uni-frankfurt.de\/en\/wp-json\/wp\/v2\/media?parent=41023"}],"wp:term":[{"taxonomy":"category","embeddable":true,"href":"https:\/\/aktuelles.uni-frankfurt.de\/en\/wp-json\/wp\/v2\/categories?post=41023"},{"taxonomy":"post_tag","embeddable":true,"href":"https:\/\/aktuelles.uni-frankfurt.de\/en\/wp-json\/wp\/v2\/tags?post=41023"},{"taxonomy":"post_folder","embeddable":true,"href":"https:\/\/aktuelles.uni-frankfurt.de\/en\/wp-json\/wp\/v2\/post_folder?post=41023"}],"curies":[{"name":"wp","href":"https:\/\/api.w.org\/{rel}","templated":true}]}}