{"id":41914,"date":"2020-02-12T11:30:49","date_gmt":"2020-02-12T10:30:49","guid":{"rendered":"https:\/\/aktuelles.uni-frankfurt.de\/?p=41914"},"modified":"2022-04-10T15:23:08","modified_gmt":"2022-04-10T13:23:08","slug":"daad-preis-geht-an-masterstudentin-carly-crane","status":"publish","type":"post","link":"https:\/\/aktuelles.uni-frankfurt.de\/en\/menschen\/daad-preis-geht-an-masterstudentin-carly-crane\/","title":{"rendered":"DAAD-Preis geht an Masterstudentin Carly Crane"},"content":{"rendered":"<div class=\"wp-block-image\"><figure class=\"aligncenter size-large is-resized\"><img fetchpriority=\"high\" decoding=\"async\" src=\"https:\/\/aktuelles.uni-frankfurt.de\/wp-content\/uploads\/2020\/02\/blog_UR_DAAD.jpg\" alt=\"\" class=\"wp-image-41921\" width=\"650\" height=\"450\" srcset=\"https:\/\/aktuelles.uni-frankfurt.de\/wp-content\/uploads\/2020\/02\/blog_UR_DAAD.jpg 650w, https:\/\/aktuelles.uni-frankfurt.de\/wp-content\/uploads\/2020\/02\/blog_UR_DAAD-300x208.jpg 300w\" sizes=\"(max-width: 650px) 100vw, 650px\" \/><figcaption><em>Die Preistr\u00e4gerin Carly Crane mit Univizepr\u00e4sident Prof. Rolf van Dick und Laudator Prof. Johannes V\u00f6lz.<\/em><\/figcaption><\/figure><\/div>\n\n\n\n<p><strong><em>Auszeichnung im Rahmen des Neujahrsempfangs f\u00fcr internationale Gastwissenschaftler<\/em><\/strong><\/p>\n\n\n\n<p>Am 22. Januar war es wieder soweit: Das Goethe Welcome Centre (GWC)  gemeinsam mit der \u201eStiftung zur F\u00f6rderung der internationalen  wissenschaftlichen Beziehungen\u201c lud alle internationalen  Wissenschaftler* innen an der Goethe-Universit\u00e4t erneut zum  traditionellen Neujahrsempfang in das G\u00e4stehaus der Universit\u00e4t in der  Frauenlobstra\u00dfe ein. Zum Auftakt richtete Vizepr\u00e4sident Prof. Rolf van Dick seine traditionelle Neujahrsansprache an die gut 90 versammelten G\u00e4ste, in der er den internationalen Wissenschaftler*innen f\u00fcr ihre wichtigen Beitr\u00e4ge zur Arbeit der Goethe-Universit\u00e4t dankte und die  zentrale Bedeutung des Goethe Welcome Centre unter der Leitung von  Florian von Bothmer f\u00fcr die Internationalisierung der Goethe-Universit\u00e4t  betonte. <\/p>\n\n\n\n<p>Allein im vergangenen Jahr konnte das GWC 362 neuankommende  internationale Wissenschaftler*innen betreuen. Anschlie\u00dfend gab er  einen R\u00fcckblick auf das vergangene Jahr, wobei er besonders den 90.  Geburtstag von Prof. J\u00fcrgen Habermas und das 100-j\u00e4hrige Jubil\u00e4um der  Soziologie in Frankfurt hervorhob. Danach stellte Prof. van Dick einige  herausragende Vorhaben der Goethe-Universit\u00e4t f\u00fcr das Jahr 2021 vor.  <\/p>\n\n\n\n<p>Hier erw\u00e4hnte er insbesondere den geplanten Bau einer U-Bahn-Station am  Campus Westend und die von der Goethe-Universit\u00e4t initiierten Pl\u00e4ne  bez\u00fcglich der Gr\u00fcndung einer europ\u00e4ischen Hochschule. Ein besonderer  H\u00f6hepunkt des diesj\u00e4hrigen Neujahrsempfangs war die Verleihung des  DAAD-Preises an die beste von aktuell 7700 an der Goethe-Universit\u00e4t  eingeschriebenen internationalen Studierenden f\u00fcr ihre herausragenden  akademischen Leistungen und ihren Beitrag zum  gesellschaftlich-kulturellen Leben an der Universit\u00e4t. <\/p>\n\n\n\n<p>Carly Crane,  Studentin im Masterstudiengang American Studies am Institut f\u00fcr England-  und Amerikastudien, wurde der von der Goethe-Universit\u00e4t seit 2002  vergebene und mit 1000 Euro dotierte DAAD-Preis f\u00fcr herausragende  internationale Studierende verliehen. Carly Crane \u00fcberzeugte die  Auswahlkommission nicht nur durch ihre exzellenten akademischen  Leistungen in American Studies. Ihre Forschungsergebnisse im Bereich  feministische \u00d6ffentlichkeitskonzepte in der amerikanischen  Gegenwartsliteratur konnte sie bereits auf mehreren auch internationalen  Konferenzen vorstellen. <\/p>\n\n\n\n<p>Als \u201eWriting Fellow\u201c am Schreibzentrum der  Goethe-Universit\u00e4t und am Academic Writing Center des Instituts f\u00fcr  England- und Amerikastudien brachte sie mit Leidenschaft und Kompetenz  ihre F\u00e4higkeiten und Erfahrungen in akademischem und kreativem Schreiben  und in der kritischen Auseinandersetzung mit gesellschaftspolitischen  Fragen ein. Ihr Einsatz zeigt Wirkung auch \u00fcber die Goethe-Universit\u00e4t  hinaus. <\/p>\n\n\n\n<p>In seiner Laudatio nahm Prof. Dr. Johannes V\u00f6lz, das Publikum  mit auf eine spannende imagin\u00e4re Zeitreise, um Crane an ihrem vorherigen  Studien- und Wirkungsort, dem mit der Columbia University verbundenen  Barnard College in New York, vom \u201eSprung \u00fcber den Gro\u00dfen Teich\u201c und in  eine gl\u00e4nzende Zukunft an der Goethe- Universit\u00e4t zu \u00fcberzeugen. Bereits  am Barnard College erhielt Carly Crane f\u00fcr ihre akademischen Leistungen  mehrere Stipendien und engagierte sich auf vielf\u00e4ltige Weise f\u00fcr die  kritische Auseinandersetzung mit gesellschaftspolitischen Themen,  insbesondere Gender. <\/p>\n\n\n\n<p>So war sie u. a. Mitbegr\u00fcnderin des \u201eCollective  Advocacy Project\u201c zur F\u00f6rderung des zivilen und politischen Engagements  von Studierenden und engagierte sich als Tutorin f\u00fcr Kinder und  Jugendliche an \u00f6ffentlichen Schulen. Prof. V\u00f6lz gab auch bekannt, dass  Crane der Universit\u00e4t als wissenschaftliche Mitarbeiterin erhalten  bleiben wird. Bei musikalischer Begleitung vom preisgekr\u00f6nten  Jazzpianisten Juriy Sych und angeregten Gespr\u00e4chen zwischen  internationalen Wissenschaftlern und hochrangigen Vertretern der  Universit\u00e4tsverwaltung lie\u00dfen die G\u00e4ste den Empfang ausklingen. <\/p>\n\n\n\n<p class=\"has-text-align-right\"><em>Viktoria  Schmitt, International Office<\/em><\/p>\n\n\n\n<p> <strong><em>Dieser Artikel ist in der&nbsp;<a rel=\"noreferrer noopener\" href=\"https:\/\/www.unireport.info\/85498675.pdf\" target=\"_blank\">Ausgabe 1.20 des UniReport<\/a>&nbsp;erschienen.<\/em><\/strong> <\/p>\n\n\n\n<p class=\"has-background has-very-light-gray-background-color\">Au\u00dferdem liegt die&nbsp;<strong>neue Ausgabe des UniReport&nbsp;<\/strong>an sechs  Standorten in \u201eDispensern\u201c aus: Campus Westend \u2013 Geb\u00e4ude PA, im Foyer \/  Treppenaufgang; H\u00f6rsaalzentrum, Ladenzeile; Geb\u00e4ude PEG, Foyer; Geb\u00e4ude  RuW, Foyer; House of Finance, Foyer. Campus Riedberg \u2013 Geb\u00e4ude N, Foyer  vor Mensaeingang. <\/p>","protected":false},"excerpt":{"rendered":"<p>Auszeichnung im Rahmen des Neujahrsempfangs f\u00fcr internationale Gastwissenschaftler Am 22. Januar war es wieder soweit: Das Goethe Welcome Centre (GWC) gemeinsam mit der \u201eStiftung zur F\u00f6rderung der internationalen wissenschaftlichen Beziehungen\u201c [&hellip;]<\/p>\n","protected":false},"author":8,"featured_media":41921,"comment_status":"closed","ping_status":"closed","sticky":false,"template":"","format":"standard","meta":{"_eb_attr":"","_price":"","_stock":"","_tribe_ticket_header":"","_tribe_default_ticket_provider":"","_ticket_start_date":"","_ticket_end_date":"","_tribe_ticket_show_description":"","_tribe_ticket_show_not_going":false,"_tribe_ticket_use_global_stock":"","_tribe_ticket_global_stock_level":"","_global_stock_mode":"","_global_stock_cap":"","_tribe_rsvp_for_event":"","_tribe_ticket_going_count":"","_tribe_ticket_not_going_count":"","_tribe_tickets_list":"[]","_tribe_ticket_has_attendee_info_fields":false,"footnotes":""},"categories":[6,173],"tags":[27,46,10,205],"post_folder":[],"class_list":["post-41914","post","type-post","status-publish","format-standard","has-post-thumbnail","hentry","category-menschen","category-unireport","tag-internationales","tag-neuere-philologien","tag-unireport","tag-unireport-1-20"],"yoast_head":"<!-- This site is optimized with the Yoast SEO plugin v27.4 - https:\/\/yoast.com\/product\/yoast-seo-wordpress\/ -->\n<title>DAAD-Preis geht an Masterstudentin Carly Crane | Aktuelles aus der Goethe-Universit\u00e4t Frankfurt<\/title>\n<meta name=\"robots\" content=\"index, follow, max-snippet:-1, max-image-preview:large, max-video-preview:-1\" \/>\n<link rel=\"canonical\" href=\"https:\/\/aktuelles.uni-frankfurt.de\/en\/menschen\/daad-preis-geht-an-masterstudentin-carly-crane\/\" \/>\n<meta property=\"og:locale\" content=\"en_GB\" \/>\n<meta property=\"og:type\" content=\"article\" \/>\n<meta property=\"og:title\" content=\"DAAD-Preis geht an Masterstudentin Carly Crane | Aktuelles aus der Goethe-Universit\u00e4t Frankfurt\" \/>\n<meta property=\"og:description\" content=\"Auszeichnung im Rahmen des Neujahrsempfangs f\u00fcr internationale Gastwissenschaftler Am 22. Januar war es wieder soweit: Das Goethe Welcome Centre (GWC) gemeinsam mit der \u201eStiftung zur F\u00f6rderung der internationalen wissenschaftlichen Beziehungen\u201c [&hellip;]\" \/>\n<meta property=\"og:url\" content=\"https:\/\/aktuelles.uni-frankfurt.de\/en\/menschen\/daad-preis-geht-an-masterstudentin-carly-crane\/\" \/>\n<meta property=\"og:site_name\" content=\"Aktuelles aus der Goethe-Universit\u00e4t Frankfurt\" \/>\n<meta property=\"article:published_time\" content=\"2020-02-12T10:30:49+00:00\" \/>\n<meta property=\"article:modified_time\" content=\"2022-04-10T13:23:08+00:00\" \/>\n<meta property=\"og:image\" content=\"https:\/\/aktuelles.uni-frankfurt.de\/wp-content\/uploads\/2020\/02\/blog_UR_DAAD.jpg\" \/>\n\t<meta property=\"og:image:width\" content=\"650\" \/>\n\t<meta property=\"og:image:height\" content=\"450\" \/>\n\t<meta property=\"og:image:type\" content=\"image\/jpeg\" \/>\n<meta name=\"author\" content=\"-\" \/>\n<meta name=\"twitter:card\" content=\"summary_large_image\" \/>\n<meta name=\"twitter:label1\" content=\"Written by\" \/>\n\t<meta name=\"twitter:data1\" content=\"-\" \/>\n\t<meta name=\"twitter:label2\" content=\"Estimated reading time\" \/>\n\t<meta name=\"twitter:data2\" content=\"3 minutes\" \/>\n<script type=\"application\/ld+json\" class=\"yoast-schema-graph\">{\"@context\":\"https:\\\/\\\/schema.org\",\"@graph\":[{\"@type\":\"Article\",\"@id\":\"https:\\\/\\\/aktuelles.uni-frankfurt.de\\\/menschen\\\/daad-preis-geht-an-masterstudentin-carly-crane\\\/#article\",\"isPartOf\":{\"@id\":\"https:\\\/\\\/aktuelles.uni-frankfurt.de\\\/menschen\\\/daad-preis-geht-an-masterstudentin-carly-crane\\\/\"},\"author\":{\"name\":\"-\",\"@id\":\"https:\\\/\\\/aktuelles.uni-frankfurt.de\\\/#\\\/schema\\\/person\\\/8e55ea338fb65d1ce87a91565d1f1739\"},\"headline\":\"DAAD-Preis geht an Masterstudentin Carly Crane\",\"datePublished\":\"2020-02-12T10:30:49+00:00\",\"dateModified\":\"2022-04-10T13:23:08+00:00\",\"mainEntityOfPage\":{\"@id\":\"https:\\\/\\\/aktuelles.uni-frankfurt.de\\\/menschen\\\/daad-preis-geht-an-masterstudentin-carly-crane\\\/\"},\"wordCount\":625,\"publisher\":{\"@id\":\"https:\\\/\\\/aktuelles.uni-frankfurt.de\\\/#organization\"},\"image\":{\"@id\":\"https:\\\/\\\/aktuelles.uni-frankfurt.de\\\/menschen\\\/daad-preis-geht-an-masterstudentin-carly-crane\\\/#primaryimage\"},\"thumbnailUrl\":\"https:\\\/\\\/aktuelles.uni-frankfurt.de\\\/wp-content\\\/uploads\\\/2020\\\/02\\\/blog_UR_DAAD.jpg\",\"keywords\":[\"Internationales\",\"Neuere Philologien\",\"UniReport\",\"UniReport 1.20\"],\"articleSection\":[\"Menschen\",\"UniReport\"],\"inLanguage\":\"en-GB\"},{\"@type\":\"WebPage\",\"@id\":\"https:\\\/\\\/aktuelles.uni-frankfurt.de\\\/menschen\\\/daad-preis-geht-an-masterstudentin-carly-crane\\\/\",\"url\":\"https:\\\/\\\/aktuelles.uni-frankfurt.de\\\/menschen\\\/daad-preis-geht-an-masterstudentin-carly-crane\\\/\",\"name\":\"DAAD-Preis geht an Masterstudentin Carly Crane | Aktuelles aus der Goethe-Universit\u00e4t Frankfurt\",\"isPartOf\":{\"@id\":\"https:\\\/\\\/aktuelles.uni-frankfurt.de\\\/#website\"},\"primaryImageOfPage\":{\"@id\":\"https:\\\/\\\/aktuelles.uni-frankfurt.de\\\/menschen\\\/daad-preis-geht-an-masterstudentin-carly-crane\\\/#primaryimage\"},\"image\":{\"@id\":\"https:\\\/\\\/aktuelles.uni-frankfurt.de\\\/menschen\\\/daad-preis-geht-an-masterstudentin-carly-crane\\\/#primaryimage\"},\"thumbnailUrl\":\"https:\\\/\\\/aktuelles.uni-frankfurt.de\\\/wp-content\\\/uploads\\\/2020\\\/02\\\/blog_UR_DAAD.jpg\",\"datePublished\":\"2020-02-12T10:30:49+00:00\",\"dateModified\":\"2022-04-10T13:23:08+00:00\",\"breadcrumb\":{\"@id\":\"https:\\\/\\\/aktuelles.uni-frankfurt.de\\\/menschen\\\/daad-preis-geht-an-masterstudentin-carly-crane\\\/#breadcrumb\"},\"inLanguage\":\"en-GB\",\"potentialAction\":[{\"@type\":\"ReadAction\",\"target\":[\"https:\\\/\\\/aktuelles.uni-frankfurt.de\\\/menschen\\\/daad-preis-geht-an-masterstudentin-carly-crane\\\/\"]}]},{\"@type\":\"ImageObject\",\"inLanguage\":\"en-GB\",\"@id\":\"https:\\\/\\\/aktuelles.uni-frankfurt.de\\\/menschen\\\/daad-preis-geht-an-masterstudentin-carly-crane\\\/#primaryimage\",\"url\":\"https:\\\/\\\/aktuelles.uni-frankfurt.de\\\/wp-content\\\/uploads\\\/2020\\\/02\\\/blog_UR_DAAD.jpg\",\"contentUrl\":\"https:\\\/\\\/aktuelles.uni-frankfurt.de\\\/wp-content\\\/uploads\\\/2020\\\/02\\\/blog_UR_DAAD.jpg\",\"width\":650,\"height\":450,\"caption\":\"Die Preistr\u00e4gerin Carly Crane mit Univizepr\u00e4sident Prof. Rolf van Dick und Laudator Prof. Johannes V\u00f6lz.\"},{\"@type\":\"BreadcrumbList\",\"@id\":\"https:\\\/\\\/aktuelles.uni-frankfurt.de\\\/menschen\\\/daad-preis-geht-an-masterstudentin-carly-crane\\\/#breadcrumb\",\"itemListElement\":[{\"@type\":\"ListItem\",\"position\":1,\"name\":\"Startseite\",\"item\":\"https:\\\/\\\/aktuelles.uni-frankfurt.de\\\/\"},{\"@type\":\"ListItem\",\"position\":2,\"name\":\"DAAD-Preis geht an Masterstudentin Carly Crane\"}]},{\"@type\":\"WebSite\",\"@id\":\"https:\\\/\\\/aktuelles.uni-frankfurt.de\\\/#website\",\"url\":\"https:\\\/\\\/aktuelles.uni-frankfurt.de\\\/\",\"name\":\"Aktuelles aus der Goethe-Universit\u00e4t Frankfurt\",\"description\":\"Aktuelles aus der Goethe-Universit\u00e4t | Neues aus Forschung, Lehre, Studium\",\"publisher\":{\"@id\":\"https:\\\/\\\/aktuelles.uni-frankfurt.de\\\/#organization\"},\"potentialAction\":[{\"@type\":\"SearchAction\",\"target\":{\"@type\":\"EntryPoint\",\"urlTemplate\":\"https:\\\/\\\/aktuelles.uni-frankfurt.de\\\/?s={search_term_string}\"},\"query-input\":{\"@type\":\"PropertyValueSpecification\",\"valueRequired\":true,\"valueName\":\"search_term_string\"}}],\"inLanguage\":\"en-GB\"},{\"@type\":\"Organization\",\"@id\":\"https:\\\/\\\/aktuelles.uni-frankfurt.de\\\/#organization\",\"name\":\"Goethe-Universit\u00e4t\",\"url\":\"https:\\\/\\\/aktuelles.uni-frankfurt.de\\\/\",\"logo\":{\"@type\":\"ImageObject\",\"inLanguage\":\"en-GB\",\"@id\":\"https:\\\/\\\/aktuelles.uni-frankfurt.de\\\/#\\\/schema\\\/logo\\\/image\\\/\",\"url\":\"https:\\\/\\\/aktuelles.uni-frankfurt.de\\\/wp-content\\\/uploads\\\/2022\\\/03\\\/800px-Goethe-Logo.png\",\"contentUrl\":\"https:\\\/\\\/aktuelles.uni-frankfurt.de\\\/wp-content\\\/uploads\\\/2022\\\/03\\\/800px-Goethe-Logo.png\",\"width\":800,\"height\":436,\"caption\":\"Goethe-Universit\u00e4t\"},\"image\":{\"@id\":\"https:\\\/\\\/aktuelles.uni-frankfurt.de\\\/#\\\/schema\\\/logo\\\/image\\\/\"}},{\"@type\":\"Person\",\"@id\":\"https:\\\/\\\/aktuelles.uni-frankfurt.de\\\/#\\\/schema\\\/person\\\/8e55ea338fb65d1ce87a91565d1f1739\",\"name\":\"-\",\"description\":\"Dieser Beitrag wurde von der Online-Redaktion ver\u00f6ffentlicht. Wenn der Beitrag von einem Gastautoren verfasst wurde, findet sich dieser Hinweis am Ende des jeweiligen Artikels.\",\"sameAs\":[\"http:\\\/\\\/aktuelles.uni-frankfurt.de\\\/autoren\"],\"url\":\"https:\\\/\\\/aktuelles.uni-frankfurt.de\\\/en\\\/author\\\/redaktion\\\/\"}]}<\/script>\n<!-- \/ Yoast SEO plugin. -->","yoast_head_json":{"title":"DAAD-Preis geht an Masterstudentin Carly Crane | Aktuelles aus der Goethe-Universit\u00e4t Frankfurt","robots":{"index":"index","follow":"follow","max-snippet":"max-snippet:-1","max-image-preview":"max-image-preview:large","max-video-preview":"max-video-preview:-1"},"canonical":"https:\/\/aktuelles.uni-frankfurt.de\/en\/menschen\/daad-preis-geht-an-masterstudentin-carly-crane\/","og_locale":"en_GB","og_type":"article","og_title":"DAAD-Preis geht an Masterstudentin Carly Crane | Aktuelles aus der Goethe-Universit\u00e4t Frankfurt","og_description":"Auszeichnung im Rahmen des Neujahrsempfangs f\u00fcr internationale Gastwissenschaftler Am 22. Januar war es wieder soweit: Das Goethe Welcome Centre (GWC) gemeinsam mit der \u201eStiftung zur F\u00f6rderung der internationalen wissenschaftlichen Beziehungen\u201c [&hellip;]","og_url":"https:\/\/aktuelles.uni-frankfurt.de\/en\/menschen\/daad-preis-geht-an-masterstudentin-carly-crane\/","og_site_name":"Aktuelles aus der Goethe-Universit\u00e4t Frankfurt","article_published_time":"2020-02-12T10:30:49+00:00","article_modified_time":"2022-04-10T13:23:08+00:00","og_image":[{"width":650,"height":450,"url":"https:\/\/aktuelles.uni-frankfurt.de\/wp-content\/uploads\/2020\/02\/blog_UR_DAAD.jpg","type":"image\/jpeg"}],"author":"-","twitter_card":"summary_large_image","twitter_misc":{"Written by":"-","Estimated reading time":"3 minutes"},"schema":{"@context":"https:\/\/schema.org","@graph":[{"@type":"Article","@id":"https:\/\/aktuelles.uni-frankfurt.de\/menschen\/daad-preis-geht-an-masterstudentin-carly-crane\/#article","isPartOf":{"@id":"https:\/\/aktuelles.uni-frankfurt.de\/menschen\/daad-preis-geht-an-masterstudentin-carly-crane\/"},"author":{"name":"-","@id":"https:\/\/aktuelles.uni-frankfurt.de\/#\/schema\/person\/8e55ea338fb65d1ce87a91565d1f1739"},"headline":"DAAD-Preis geht an Masterstudentin Carly Crane","datePublished":"2020-02-12T10:30:49+00:00","dateModified":"2022-04-10T13:23:08+00:00","mainEntityOfPage":{"@id":"https:\/\/aktuelles.uni-frankfurt.de\/menschen\/daad-preis-geht-an-masterstudentin-carly-crane\/"},"wordCount":625,"publisher":{"@id":"https:\/\/aktuelles.uni-frankfurt.de\/#organization"},"image":{"@id":"https:\/\/aktuelles.uni-frankfurt.de\/menschen\/daad-preis-geht-an-masterstudentin-carly-crane\/#primaryimage"},"thumbnailUrl":"https:\/\/aktuelles.uni-frankfurt.de\/wp-content\/uploads\/2020\/02\/blog_UR_DAAD.jpg","keywords":["Internationales","Neuere Philologien","UniReport","UniReport 1.20"],"articleSection":["Menschen","UniReport"],"inLanguage":"en-GB"},{"@type":"WebPage","@id":"https:\/\/aktuelles.uni-frankfurt.de\/menschen\/daad-preis-geht-an-masterstudentin-carly-crane\/","url":"https:\/\/aktuelles.uni-frankfurt.de\/menschen\/daad-preis-geht-an-masterstudentin-carly-crane\/","name":"DAAD-Preis geht an Masterstudentin Carly Crane | Aktuelles aus der Goethe-Universit\u00e4t Frankfurt","isPartOf":{"@id":"https:\/\/aktuelles.uni-frankfurt.de\/#website"},"primaryImageOfPage":{"@id":"https:\/\/aktuelles.uni-frankfurt.de\/menschen\/daad-preis-geht-an-masterstudentin-carly-crane\/#primaryimage"},"image":{"@id":"https:\/\/aktuelles.uni-frankfurt.de\/menschen\/daad-preis-geht-an-masterstudentin-carly-crane\/#primaryimage"},"thumbnailUrl":"https:\/\/aktuelles.uni-frankfurt.de\/wp-content\/uploads\/2020\/02\/blog_UR_DAAD.jpg","datePublished":"2020-02-12T10:30:49+00:00","dateModified":"2022-04-10T13:23:08+00:00","breadcrumb":{"@id":"https:\/\/aktuelles.uni-frankfurt.de\/menschen\/daad-preis-geht-an-masterstudentin-carly-crane\/#breadcrumb"},"inLanguage":"en-GB","potentialAction":[{"@type":"ReadAction","target":["https:\/\/aktuelles.uni-frankfurt.de\/menschen\/daad-preis-geht-an-masterstudentin-carly-crane\/"]}]},{"@type":"ImageObject","inLanguage":"en-GB","@id":"https:\/\/aktuelles.uni-frankfurt.de\/menschen\/daad-preis-geht-an-masterstudentin-carly-crane\/#primaryimage","url":"https:\/\/aktuelles.uni-frankfurt.de\/wp-content\/uploads\/2020\/02\/blog_UR_DAAD.jpg","contentUrl":"https:\/\/aktuelles.uni-frankfurt.de\/wp-content\/uploads\/2020\/02\/blog_UR_DAAD.jpg","width":650,"height":450,"caption":"Die Preistr\u00e4gerin Carly Crane mit Univizepr\u00e4sident Prof. Rolf van Dick und Laudator Prof. Johannes V\u00f6lz."},{"@type":"BreadcrumbList","@id":"https:\/\/aktuelles.uni-frankfurt.de\/menschen\/daad-preis-geht-an-masterstudentin-carly-crane\/#breadcrumb","itemListElement":[{"@type":"ListItem","position":1,"name":"Startseite","item":"https:\/\/aktuelles.uni-frankfurt.de\/"},{"@type":"ListItem","position":2,"name":"DAAD-Preis geht an Masterstudentin Carly Crane"}]},{"@type":"WebSite","@id":"https:\/\/aktuelles.uni-frankfurt.de\/#website","url":"https:\/\/aktuelles.uni-frankfurt.de\/","name":"Aktuelles aus der Goethe-Universit\u00e4t Frankfurt","description":"Aktuelles aus der Goethe-Universit\u00e4t | Neues aus Forschung, Lehre, Studium","publisher":{"@id":"https:\/\/aktuelles.uni-frankfurt.de\/#organization"},"potentialAction":[{"@type":"SearchAction","target":{"@type":"EntryPoint","urlTemplate":"https:\/\/aktuelles.uni-frankfurt.de\/?s={search_term_string}"},"query-input":{"@type":"PropertyValueSpecification","valueRequired":true,"valueName":"search_term_string"}}],"inLanguage":"en-GB"},{"@type":"Organization","@id":"https:\/\/aktuelles.uni-frankfurt.de\/#organization","name":"Goethe University Frankfurt","url":"https:\/\/aktuelles.uni-frankfurt.de\/","logo":{"@type":"ImageObject","inLanguage":"en-GB","@id":"https:\/\/aktuelles.uni-frankfurt.de\/#\/schema\/logo\/image\/","url":"https:\/\/aktuelles.uni-frankfurt.de\/wp-content\/uploads\/2022\/03\/800px-Goethe-Logo.png","contentUrl":"https:\/\/aktuelles.uni-frankfurt.de\/wp-content\/uploads\/2022\/03\/800px-Goethe-Logo.png","width":800,"height":436,"caption":"Goethe-Universit\u00e4t"},"image":{"@id":"https:\/\/aktuelles.uni-frankfurt.de\/#\/schema\/logo\/image\/"}},{"@type":"Person","@id":"https:\/\/aktuelles.uni-frankfurt.de\/#\/schema\/person\/8e55ea338fb65d1ce87a91565d1f1739","name":"-","description":"Dieser Beitrag wurde von der Online-Redaktion ver\u00f6ffentlicht. Wenn der Beitrag von einem Gastautoren verfasst wurde, findet sich dieser Hinweis am Ende des jeweiligen Artikels.","sameAs":["http:\/\/aktuelles.uni-frankfurt.de\/autoren"],"url":"https:\/\/aktuelles.uni-frankfurt.de\/en\/author\/redaktion\/"}]}},"_links":{"self":[{"href":"https:\/\/aktuelles.uni-frankfurt.de\/en\/wp-json\/wp\/v2\/posts\/41914","targetHints":{"allow":["GET"]}}],"collection":[{"href":"https:\/\/aktuelles.uni-frankfurt.de\/en\/wp-json\/wp\/v2\/posts"}],"about":[{"href":"https:\/\/aktuelles.uni-frankfurt.de\/en\/wp-json\/wp\/v2\/types\/post"}],"author":[{"embeddable":true,"href":"https:\/\/aktuelles.uni-frankfurt.de\/en\/wp-json\/wp\/v2\/users\/8"}],"replies":[{"embeddable":true,"href":"https:\/\/aktuelles.uni-frankfurt.de\/en\/wp-json\/wp\/v2\/comments?post=41914"}],"version-history":[{"count":0,"href":"https:\/\/aktuelles.uni-frankfurt.de\/en\/wp-json\/wp\/v2\/posts\/41914\/revisions"}],"wp:featuredmedia":[{"embeddable":true,"href":"https:\/\/aktuelles.uni-frankfurt.de\/en\/wp-json\/wp\/v2\/media\/41921"}],"wp:attachment":[{"href":"https:\/\/aktuelles.uni-frankfurt.de\/en\/wp-json\/wp\/v2\/media?parent=41914"}],"wp:term":[{"taxonomy":"category","embeddable":true,"href":"https:\/\/aktuelles.uni-frankfurt.de\/en\/wp-json\/wp\/v2\/categories?post=41914"},{"taxonomy":"post_tag","embeddable":true,"href":"https:\/\/aktuelles.uni-frankfurt.de\/en\/wp-json\/wp\/v2\/tags?post=41914"},{"taxonomy":"post_folder","embeddable":true,"href":"https:\/\/aktuelles.uni-frankfurt.de\/en\/wp-json\/wp\/v2\/post_folder?post=41914"}],"curies":[{"name":"wp","href":"https:\/\/api.w.org\/{rel}","templated":true}]}}