{"id":4408,"date":"2016-02-23T09:30:31","date_gmt":"2016-02-23T08:30:31","guid":{"rendered":"http:\/\/aktuelles.uni-frankfurt.de\/?p=4408"},"modified":"2016-02-23T11:12:51","modified_gmt":"2016-02-23T10:12:51","slug":"gravitationswellen-its-almost-magic","status":"publish","type":"post","link":"https:\/\/aktuelles.uni-frankfurt.de\/en\/menschen\/gravitationswellen-its-almost-magic\/","title":{"rendered":"Gravitationswellen: \u201eIt\u2019s almost magic\u201c"},"content":{"rendered":"<figure id=\"attachment_4420\" aria-describedby=\"caption-attachment-4420\" style=\"width: 800px\" class=\"wp-caption aligncenter\"><img fetchpriority=\"high\" decoding=\"async\" class=\"wp-image-4420\" src=\"https:\/\/aktuelles.uni-frankfurt.de\/wp-content\/uploads\/2016\/02\/slider_blog_rezzolla-gravitationswellen-interview.jpg\" alt=\"Luciano Rezzolla. Foto: Dettmar\" width=\"800\" height=\"334\" srcset=\"https:\/\/aktuelles.uni-frankfurt.de\/wp-content\/uploads\/2016\/02\/slider_blog_rezzolla-gravitationswellen-interview.jpg 1162w, https:\/\/aktuelles.uni-frankfurt.de\/wp-content\/uploads\/2016\/02\/slider_blog_rezzolla-gravitationswellen-interview-300x125.jpg 300w, https:\/\/aktuelles.uni-frankfurt.de\/wp-content\/uploads\/2016\/02\/slider_blog_rezzolla-gravitationswellen-interview-768x321.jpg 768w, https:\/\/aktuelles.uni-frankfurt.de\/wp-content\/uploads\/2016\/02\/slider_blog_rezzolla-gravitationswellen-interview-1024x427.jpg 1024w\" sizes=\"(max-width: 800px) 100vw, 800px\" \/><figcaption id=\"caption-attachment-4420\" class=\"wp-caption-text\">Luciano Rezzolla. Foto: Dettmar<\/figcaption><\/figure>\n<p>Prof. Luciano Rezzolla vom Institut f\u00fcr Theoretische Physik erkl\u00e4rt im Interview, warum mit dem Nachweis der Gravitationswellen eine neue \u00c4ra der Astrophysik beginnt. Als Theoretiker war er nicht direkt an den Messungen beteiligt, aber auch dank seiner Simulationen wussten die Kollegen am amerikanischen LIGO-Experiment genau, wie das extrem schwache Signal aussehen sollte, das sie im Rauschen suchten.<\/p>\n<p><strong><em>Wann haben Sie erfahren, dass Ihre Kollegen am LIGO-Experiment im September 2015 das erste Signal einer Gravitationswelle gemessen hatten?<\/em><\/strong><\/p>\n<p>Es gab Ger\u00fcchte. Dann habe ich etwa eine Woche vor dem Termin von der Pressekonferenz am 11. Februar erfahren. Sie fiel genau in meine letzte Vorlesung zur Allgemeinen Relativit\u00e4tstheorie, in der ich die Gravitationswellen behandeln wollte. Ich habe vorher allen im Physik-Institut Bescheid gesagt, dass sie in meine Vorlesung kommen sollten. Dann habe ich zur festgesetzten Zeit unterbrochen und wir haben uns die \u00dcbertragung der Pressekonferenz in Washington zusammen live angeschaut.<\/p>\n<p>[dt_quote type=&#8220;pullquote&#8220; font_size=&#8220;20&#8243; background=&#8220;fancy&#8220; layout=&#8220;right&#8220; size=&#8220;2&#8243;]<img decoding=\"async\" class=\"alignleft wp-image-805\" src=\"https:\/\/aktuelles.uni-frankfurt.de\/wp-content\/uploads\/2015\/10\/blog_vorschau_uni-report.png\" alt=\"blog_vorschau_uni-report\" width=\"100\" height=\"100\" srcset=\"https:\/\/aktuelles.uni-frankfurt.de\/wp-content\/uploads\/2015\/10\/blog_vorschau_uni-report.png 200w, https:\/\/aktuelles.uni-frankfurt.de\/wp-content\/uploads\/2015\/10\/blog_vorschau_uni-report-150x150.png 150w\" sizes=\"(max-width: 100px) 100vw, 100px\" \/><span style=\"color: #00618f;\"><strong>Mehr Hintergrund und Informationen zum Thema Gravitationswellen in der n\u00e4chsten Ausgabe des UniReport im April!<\/strong><\/span>[\/dt_quote]<\/p>\n<p><strong><em>Was war Ihr erste Reaktion?<\/em><\/strong><\/p>\n<p>Das war f\u00fcr mich ein au\u00dferordentlicher Moment. Das Experiment war ja gerade erst mit empfindlicheren Detektoren ausger\u00fcstet worden, nachdem es in der ersten Messperiode von 2002 bis 2007 keine Gravitationswellen entdeckt hatte. Wenn Sie die Pr\u00e4zision der Messinstrumente erh\u00f6hen, brauchen Sie noch eine Zeit f\u00fcr die Feinabstimmung. Das ist, wie wenn Sie bei einem Orchester die Musiker durch noch bessere Musiker ersetzen. Wenn die neue Besetzung zum ersten Mal zusammen spielt, erwarten Sie noch nicht den perfekten Sound, weil die Musiker sich erst aufeinander einstimmen m\u00fcssen. Dass in dieser fr\u00fchen Phase des Experiments schon ein eindeutiges Signal gemessen wurde, ist fast wie Magie.<\/p>\n<p><strong><em>Was bedeutet das Ergebnis f\u00fcr Sie als theoretischer Physiker?<\/em><\/strong><\/p>\n<p>Zun\u00e4chst einmal wissen wir jetzt, dass wir die letzten 20 Jahre unseres Lebens mit der Suche nach Gravitationswellen nicht vergeudet haben. Es ist eine Sache, an etwas zu glauben, und eine andere, sie dann wirklich best\u00e4tigt zu wissen. Dann liefert dieses Experiment auch den ersten direkten Nachweis eines schwarzen Lochs. Bisher haben wir auf dessen Existenz immer nur indirekt schlie\u00dfen k\u00f6nnen. Nun aber haben wir ein direktes Signal, wie das Verklingen des gewaltigen Tons einer Glocke. Dieser wurde bei der Fusion zweier schwarzer L\u00f6cher zu einem noch massereicheren schwarzen Loch ausgesandt.<\/p>\n<p><strong><em> Entspricht das Signal Ihren Vorhersagen aus der Simulation?<\/em><\/strong><\/p>\n<p>Ja, es ist konsistent mit unseren Berechnungen. Allerdings pr\u00fcfen wir jetzt noch Details. Insbesondere wollen wir wissen, ob es wirklich von schwarzen L\u00f6chern ausgesandt wurde. Theoretisch k\u00f6nnte es n\u00e4mlich auch von sogenannten Gravasternen stammen. Das sind bisher hypothetische Himmelsobjekte, die gem\u00e4\u00df der Allgemeinen Relativit\u00e4tstheorie ebenfalls aus einem sehr massereichen Stern entstehen k\u00f6nnten &#8211; so etwas wie Schwestern der schwarzen L\u00f6cher. Wir versuchen derzeit, zwischen den \u00e4hnlichen Stimmen der beiden Schwestern zu unterscheiden.<\/p>\n<p><strong><em> Ihre Kollegen aus der Experimentalphysik haben erkl\u00e4rt, der Nachweis von Gravitationswellen sei der Beginn einer neuen \u00c4ra der Astrophysik&#8230;<\/em><\/strong><\/p>\n<p>&#8230; Ja, das sehe ich auch so. Ich vergleiche die bisherige Situation gern mit einer Bibliothek, in der man alle B\u00fccher kennt. Und jetzt haben wir eine Geheimt\u00fcr in eine verborgene Bibliothek gefunden. Darin stehen B\u00fccher, von denen wir schon einmal geh\u00f6rt haben und jetzt endlich lesen k\u00f6nnen, aber auch andere, die ganz neu sind und vielleicht in fremden Sprachen geschrieben sind, die wir erst entschl\u00fcsseln m\u00fcssen.<\/p>\n<p><strong><em> Was sind die wesentlichen Fragen, auf die Sie in dieser erweiterten Bibliothek Antworten zu finden hoffen?<\/em><\/strong><\/p>\n<p>Da ist zun\u00e4chst die Frage nach der Entstehung schwarzer L\u00f6cher. Aus der jetzt gemessenen Gravitationswelle k\u00f6nnen wir schlie\u00dfen, dass in einer 1,3 Milliarden Lichtjahre entfernten Galaxie zwei schwarze L\u00f6cher miteinander verschmolzen sind. Mit ihren 36 und 29 Sonnenmassen waren sie schwerer als erwartet.<br \/>\nZum anderen geht es darum, die Gammastrahlen-Ausbr\u00fcche im Universum zu verstehen. Wir vermuten \u2013 und k\u00f6nnen das auch in Simulationen zeigen -, dass die extrem energiereiche Strahlung beim Verschmelzen von zwei Neutronen-Sternen freigesetzt wird. Da bei der Fusion zweier Neutronensterne ebenfalls Gravitationswellen entstehen, kommt es jetzt darauf an, Ereignisse zu messen, in denen Gammastrahlen-Ausbr\u00fcche und Gravitationswellen gleichzeitig auftreten. Und dann interessiert uns noch der innere Aufbau der Neutronensterne. Sie k\u00f6nnten schichtartig aufgebaut sein, wobei wir vermuten, dass sie haupts\u00e4chlich fl\u00fcssig, sehr hei\u00df und eventuell supraleitend sind.<\/p>\n<p><strong><em> Was w\u00fcnschen Sie sich f\u00fcr die Zukunft?<\/em><\/strong><\/p>\n<p>Eine St\u00e4rkung der Theoretischen Astrophysik in Deutschland. Neben meiner 20-k\u00f6pfigen Gruppe an der Goethe-Universit\u00e4t gibt es nur noch die Gruppen an den Universit\u00e4ten in Jena und T\u00fcbingen sowie das Max-Planck-Institut f\u00fcr Gravitationsphysik in Potsdam. Wir bilden hier in Frankfurt hervorragende Doktoranden aus. Die meisten von ihnen gehen anschlie\u00dfend in die USA \u2013 nach Princeton oder an das California Institute of Technology. Ich w\u00fcnsche mir, dass Sie in Deutschland eine Zukunft haben. Schlie\u00dflich hat Albert Einstein die Allgemeine Relativit\u00e4tstheorie, die mit den Gravitationswellen eine weitere Best\u00e4tigung gefunden hat, in Deutschland entwickelt.<\/p>\n<p><em>Das Interview f\u00fchrte Anne Hardy.<\/em><\/p>\n<h3>Im Video f\u00fchrt Luciano Rezzolla seine Simulationen vor und erkl\u00e4rt sie.<\/h3>\n<h3><iframe src=\"https:\/\/www.youtube-nocookie.com\/embed\/bxiLShwrjAc\" width=\"800\" height=\"450\" frameborder=\"0\" allowfullscreen=\"allowfullscreen\"><\/iframe><\/h3>\n","protected":false},"excerpt":{"rendered":"<p>Prof. Luciano Rezzolla vom Institut f\u00fcr Theoretische Physik erkl\u00e4rt im Interview, warum mit dem Nachweis der Gravitationswellen eine neue \u00c4ra der Astrophysik beginnt. Als Theoretiker war er nicht direkt an [&hellip;]<\/p>\n","protected":false},"author":6,"featured_media":4081,"comment_status":"closed","ping_status":"closed","sticky":false,"template":"","format":"standard","meta":{"_eb_attr":"","_price":"","_stock":"","_tribe_ticket_header":"","_tribe_default_ticket_provider":"","_ticket_start_date":"","_ticket_end_date":"","_tribe_ticket_show_description":"","_tribe_ticket_show_not_going":false,"_tribe_ticket_use_global_stock":"","_tribe_ticket_global_stock_level":"","_global_stock_mode":"","_global_stock_cap":"","_tribe_rsvp_for_event":"","_tribe_ticket_going_count":"","_tribe_ticket_not_going_count":"","_tribe_tickets_list":"[]","_tribe_ticket_has_attendee_info_fields":false,"footnotes":""},"categories":[6],"tags":[25,23],"post_folder":[],"class_list":["post-4408","post","type-post","status-publish","format-standard","has-post-thumbnail","hentry","category-menschen","tag-interview","tag-physik"],"yoast_head":"<!-- This site is optimized with the Yoast SEO plugin v27.4 - https:\/\/yoast.com\/product\/yoast-seo-wordpress\/ -->\n<title>Gravitationswellen: \u201eIt\u2019s almost magic\u201c | Aktuelles aus der Goethe-Universit\u00e4t Frankfurt<\/title>\n<meta name=\"robots\" content=\"index, follow, max-snippet:-1, max-image-preview:large, max-video-preview:-1\" \/>\n<link rel=\"canonical\" href=\"https:\/\/aktuelles.uni-frankfurt.de\/en\/menschen\/gravitationswellen-its-almost-magic\/\" \/>\n<meta property=\"og:locale\" content=\"en_GB\" \/>\n<meta property=\"og:type\" content=\"article\" \/>\n<meta property=\"og:title\" content=\"Gravitationswellen: \u201eIt\u2019s almost magic\u201c | Aktuelles aus der Goethe-Universit\u00e4t Frankfurt\" \/>\n<meta property=\"og:description\" content=\"Prof. Luciano Rezzolla vom Institut f\u00fcr Theoretische Physik erkl\u00e4rt im Interview, warum mit dem Nachweis der Gravitationswellen eine neue \u00c4ra der Astrophysik beginnt. Als Theoretiker war er nicht direkt an [&hellip;]\" \/>\n<meta property=\"og:url\" content=\"https:\/\/aktuelles.uni-frankfurt.de\/en\/menschen\/gravitationswellen-its-almost-magic\/\" \/>\n<meta property=\"og:site_name\" content=\"Aktuelles aus der Goethe-Universit\u00e4t Frankfurt\" \/>\n<meta property=\"article:published_time\" content=\"2016-02-23T08:30:31+00:00\" \/>\n<meta property=\"article:modified_time\" content=\"2016-02-23T10:12:51+00:00\" \/>\n<meta property=\"og:image\" content=\"https:\/\/aktuelles.uni-frankfurt.de\/wp-content\/uploads\/2016\/02\/blog_forschung_autor-rezzolla.jpg\" \/>\n\t<meta property=\"og:image:width\" content=\"450\" \/>\n\t<meta property=\"og:image:height\" content=\"300\" \/>\n\t<meta property=\"og:image:type\" content=\"image\/jpeg\" \/>\n<meta name=\"author\" content=\"Dr. Anne Hardy\" \/>\n<meta name=\"twitter:card\" content=\"summary_large_image\" \/>\n<meta name=\"twitter:label1\" content=\"Written by\" \/>\n\t<meta name=\"twitter:data1\" content=\"Dr. Anne Hardy\" \/>\n\t<meta name=\"twitter:label2\" content=\"Estimated reading time\" \/>\n\t<meta name=\"twitter:data2\" content=\"4 minutes\" \/>\n<script type=\"application\/ld+json\" class=\"yoast-schema-graph\">{\"@context\":\"https:\\\/\\\/schema.org\",\"@graph\":[{\"@type\":\"Article\",\"@id\":\"https:\\\/\\\/aktuelles.uni-frankfurt.de\\\/menschen\\\/gravitationswellen-its-almost-magic\\\/#article\",\"isPartOf\":{\"@id\":\"https:\\\/\\\/aktuelles.uni-frankfurt.de\\\/menschen\\\/gravitationswellen-its-almost-magic\\\/\"},\"author\":{\"name\":\"Dr. Anne Hardy\",\"@id\":\"https:\\\/\\\/aktuelles.uni-frankfurt.de\\\/#\\\/schema\\\/person\\\/e43399047f529441b7f10b3113468d43\"},\"headline\":\"Gravitationswellen: \u201eIt\u2019s almost magic\u201c\",\"datePublished\":\"2016-02-23T08:30:31+00:00\",\"dateModified\":\"2016-02-23T10:12:51+00:00\",\"mainEntityOfPage\":{\"@id\":\"https:\\\/\\\/aktuelles.uni-frankfurt.de\\\/menschen\\\/gravitationswellen-its-almost-magic\\\/\"},\"wordCount\":873,\"publisher\":{\"@id\":\"https:\\\/\\\/aktuelles.uni-frankfurt.de\\\/#organization\"},\"image\":{\"@id\":\"https:\\\/\\\/aktuelles.uni-frankfurt.de\\\/menschen\\\/gravitationswellen-its-almost-magic\\\/#primaryimage\"},\"thumbnailUrl\":\"https:\\\/\\\/aktuelles.uni-frankfurt.de\\\/wp-content\\\/uploads\\\/2016\\\/02\\\/blog_forschung_autor-rezzolla.jpg\",\"keywords\":[\"Interview\",\"Physik\"],\"articleSection\":[\"Menschen\"],\"inLanguage\":\"en-GB\"},{\"@type\":\"WebPage\",\"@id\":\"https:\\\/\\\/aktuelles.uni-frankfurt.de\\\/menschen\\\/gravitationswellen-its-almost-magic\\\/\",\"url\":\"https:\\\/\\\/aktuelles.uni-frankfurt.de\\\/menschen\\\/gravitationswellen-its-almost-magic\\\/\",\"name\":\"Gravitationswellen: \u201eIt\u2019s almost magic\u201c | Aktuelles aus der Goethe-Universit\u00e4t Frankfurt\",\"isPartOf\":{\"@id\":\"https:\\\/\\\/aktuelles.uni-frankfurt.de\\\/#website\"},\"primaryImageOfPage\":{\"@id\":\"https:\\\/\\\/aktuelles.uni-frankfurt.de\\\/menschen\\\/gravitationswellen-its-almost-magic\\\/#primaryimage\"},\"image\":{\"@id\":\"https:\\\/\\\/aktuelles.uni-frankfurt.de\\\/menschen\\\/gravitationswellen-its-almost-magic\\\/#primaryimage\"},\"thumbnailUrl\":\"https:\\\/\\\/aktuelles.uni-frankfurt.de\\\/wp-content\\\/uploads\\\/2016\\\/02\\\/blog_forschung_autor-rezzolla.jpg\",\"datePublished\":\"2016-02-23T08:30:31+00:00\",\"dateModified\":\"2016-02-23T10:12:51+00:00\",\"breadcrumb\":{\"@id\":\"https:\\\/\\\/aktuelles.uni-frankfurt.de\\\/menschen\\\/gravitationswellen-its-almost-magic\\\/#breadcrumb\"},\"inLanguage\":\"en-GB\",\"potentialAction\":[{\"@type\":\"ReadAction\",\"target\":[\"https:\\\/\\\/aktuelles.uni-frankfurt.de\\\/menschen\\\/gravitationswellen-its-almost-magic\\\/\"]}]},{\"@type\":\"ImageObject\",\"inLanguage\":\"en-GB\",\"@id\":\"https:\\\/\\\/aktuelles.uni-frankfurt.de\\\/menschen\\\/gravitationswellen-its-almost-magic\\\/#primaryimage\",\"url\":\"https:\\\/\\\/aktuelles.uni-frankfurt.de\\\/wp-content\\\/uploads\\\/2016\\\/02\\\/blog_forschung_autor-rezzolla.jpg\",\"contentUrl\":\"https:\\\/\\\/aktuelles.uni-frankfurt.de\\\/wp-content\\\/uploads\\\/2016\\\/02\\\/blog_forschung_autor-rezzolla.jpg\",\"width\":450,\"height\":300,\"caption\":\"Luciano Rezzolla. Foto: Dettmar\"},{\"@type\":\"BreadcrumbList\",\"@id\":\"https:\\\/\\\/aktuelles.uni-frankfurt.de\\\/menschen\\\/gravitationswellen-its-almost-magic\\\/#breadcrumb\",\"itemListElement\":[{\"@type\":\"ListItem\",\"position\":1,\"name\":\"Startseite\",\"item\":\"https:\\\/\\\/aktuelles.uni-frankfurt.de\\\/\"},{\"@type\":\"ListItem\",\"position\":2,\"name\":\"Gravitationswellen: \u201eIt\u2019s almost magic\u201c\"}]},{\"@type\":\"WebSite\",\"@id\":\"https:\\\/\\\/aktuelles.uni-frankfurt.de\\\/#website\",\"url\":\"https:\\\/\\\/aktuelles.uni-frankfurt.de\\\/\",\"name\":\"Aktuelles aus der Goethe-Universit\u00e4t Frankfurt\",\"description\":\"Aktuelles aus der Goethe-Universit\u00e4t | Neues aus Forschung, Lehre, Studium\",\"publisher\":{\"@id\":\"https:\\\/\\\/aktuelles.uni-frankfurt.de\\\/#organization\"},\"potentialAction\":[{\"@type\":\"SearchAction\",\"target\":{\"@type\":\"EntryPoint\",\"urlTemplate\":\"https:\\\/\\\/aktuelles.uni-frankfurt.de\\\/?s={search_term_string}\"},\"query-input\":{\"@type\":\"PropertyValueSpecification\",\"valueRequired\":true,\"valueName\":\"search_term_string\"}}],\"inLanguage\":\"en-GB\"},{\"@type\":\"Organization\",\"@id\":\"https:\\\/\\\/aktuelles.uni-frankfurt.de\\\/#organization\",\"name\":\"Goethe-Universit\u00e4t\",\"url\":\"https:\\\/\\\/aktuelles.uni-frankfurt.de\\\/\",\"logo\":{\"@type\":\"ImageObject\",\"inLanguage\":\"en-GB\",\"@id\":\"https:\\\/\\\/aktuelles.uni-frankfurt.de\\\/#\\\/schema\\\/logo\\\/image\\\/\",\"url\":\"https:\\\/\\\/aktuelles.uni-frankfurt.de\\\/wp-content\\\/uploads\\\/2022\\\/03\\\/800px-Goethe-Logo.png\",\"contentUrl\":\"https:\\\/\\\/aktuelles.uni-frankfurt.de\\\/wp-content\\\/uploads\\\/2022\\\/03\\\/800px-Goethe-Logo.png\",\"width\":800,\"height\":436,\"caption\":\"Goethe-Universit\u00e4t\"},\"image\":{\"@id\":\"https:\\\/\\\/aktuelles.uni-frankfurt.de\\\/#\\\/schema\\\/logo\\\/image\\\/\"}},{\"@type\":\"Person\",\"@id\":\"https:\\\/\\\/aktuelles.uni-frankfurt.de\\\/#\\\/schema\\\/person\\\/e43399047f529441b7f10b3113468d43\",\"name\":\"Dr. Anne Hardy\",\"sameAs\":[\"http:\\\/\\\/aktuelles.uni-frankfurt.de\\\/autoren\"],\"url\":\"https:\\\/\\\/aktuelles.uni-frankfurt.de\\\/en\\\/author\\\/dr-anne-hardy\\\/\"}]}<\/script>\n<!-- \/ Yoast SEO plugin. -->","yoast_head_json":{"title":"Gravitationswellen: \u201eIt\u2019s almost magic\u201c | Aktuelles aus der Goethe-Universit\u00e4t Frankfurt","robots":{"index":"index","follow":"follow","max-snippet":"max-snippet:-1","max-image-preview":"max-image-preview:large","max-video-preview":"max-video-preview:-1"},"canonical":"https:\/\/aktuelles.uni-frankfurt.de\/en\/menschen\/gravitationswellen-its-almost-magic\/","og_locale":"en_GB","og_type":"article","og_title":"Gravitationswellen: \u201eIt\u2019s almost magic\u201c | Aktuelles aus der Goethe-Universit\u00e4t Frankfurt","og_description":"Prof. Luciano Rezzolla vom Institut f\u00fcr Theoretische Physik erkl\u00e4rt im Interview, warum mit dem Nachweis der Gravitationswellen eine neue \u00c4ra der Astrophysik beginnt. Als Theoretiker war er nicht direkt an [&hellip;]","og_url":"https:\/\/aktuelles.uni-frankfurt.de\/en\/menschen\/gravitationswellen-its-almost-magic\/","og_site_name":"Aktuelles aus der Goethe-Universit\u00e4t Frankfurt","article_published_time":"2016-02-23T08:30:31+00:00","article_modified_time":"2016-02-23T10:12:51+00:00","og_image":[{"width":450,"height":300,"url":"https:\/\/aktuelles.uni-frankfurt.de\/wp-content\/uploads\/2016\/02\/blog_forschung_autor-rezzolla.jpg","type":"image\/jpeg"}],"author":"Dr. Anne Hardy","twitter_card":"summary_large_image","twitter_misc":{"Written by":"Dr. Anne Hardy","Estimated reading time":"4 minutes"},"schema":{"@context":"https:\/\/schema.org","@graph":[{"@type":"Article","@id":"https:\/\/aktuelles.uni-frankfurt.de\/menschen\/gravitationswellen-its-almost-magic\/#article","isPartOf":{"@id":"https:\/\/aktuelles.uni-frankfurt.de\/menschen\/gravitationswellen-its-almost-magic\/"},"author":{"name":"Dr. Anne Hardy","@id":"https:\/\/aktuelles.uni-frankfurt.de\/#\/schema\/person\/e43399047f529441b7f10b3113468d43"},"headline":"Gravitationswellen: \u201eIt\u2019s almost magic\u201c","datePublished":"2016-02-23T08:30:31+00:00","dateModified":"2016-02-23T10:12:51+00:00","mainEntityOfPage":{"@id":"https:\/\/aktuelles.uni-frankfurt.de\/menschen\/gravitationswellen-its-almost-magic\/"},"wordCount":873,"publisher":{"@id":"https:\/\/aktuelles.uni-frankfurt.de\/#organization"},"image":{"@id":"https:\/\/aktuelles.uni-frankfurt.de\/menschen\/gravitationswellen-its-almost-magic\/#primaryimage"},"thumbnailUrl":"https:\/\/aktuelles.uni-frankfurt.de\/wp-content\/uploads\/2016\/02\/blog_forschung_autor-rezzolla.jpg","keywords":["Interview","Physik"],"articleSection":["Menschen"],"inLanguage":"en-GB"},{"@type":"WebPage","@id":"https:\/\/aktuelles.uni-frankfurt.de\/menschen\/gravitationswellen-its-almost-magic\/","url":"https:\/\/aktuelles.uni-frankfurt.de\/menschen\/gravitationswellen-its-almost-magic\/","name":"Gravitationswellen: \u201eIt\u2019s almost magic\u201c | Aktuelles aus der Goethe-Universit\u00e4t Frankfurt","isPartOf":{"@id":"https:\/\/aktuelles.uni-frankfurt.de\/#website"},"primaryImageOfPage":{"@id":"https:\/\/aktuelles.uni-frankfurt.de\/menschen\/gravitationswellen-its-almost-magic\/#primaryimage"},"image":{"@id":"https:\/\/aktuelles.uni-frankfurt.de\/menschen\/gravitationswellen-its-almost-magic\/#primaryimage"},"thumbnailUrl":"https:\/\/aktuelles.uni-frankfurt.de\/wp-content\/uploads\/2016\/02\/blog_forschung_autor-rezzolla.jpg","datePublished":"2016-02-23T08:30:31+00:00","dateModified":"2016-02-23T10:12:51+00:00","breadcrumb":{"@id":"https:\/\/aktuelles.uni-frankfurt.de\/menschen\/gravitationswellen-its-almost-magic\/#breadcrumb"},"inLanguage":"en-GB","potentialAction":[{"@type":"ReadAction","target":["https:\/\/aktuelles.uni-frankfurt.de\/menschen\/gravitationswellen-its-almost-magic\/"]}]},{"@type":"ImageObject","inLanguage":"en-GB","@id":"https:\/\/aktuelles.uni-frankfurt.de\/menschen\/gravitationswellen-its-almost-magic\/#primaryimage","url":"https:\/\/aktuelles.uni-frankfurt.de\/wp-content\/uploads\/2016\/02\/blog_forschung_autor-rezzolla.jpg","contentUrl":"https:\/\/aktuelles.uni-frankfurt.de\/wp-content\/uploads\/2016\/02\/blog_forschung_autor-rezzolla.jpg","width":450,"height":300,"caption":"Luciano Rezzolla. Foto: Dettmar"},{"@type":"BreadcrumbList","@id":"https:\/\/aktuelles.uni-frankfurt.de\/menschen\/gravitationswellen-its-almost-magic\/#breadcrumb","itemListElement":[{"@type":"ListItem","position":1,"name":"Startseite","item":"https:\/\/aktuelles.uni-frankfurt.de\/"},{"@type":"ListItem","position":2,"name":"Gravitationswellen: \u201eIt\u2019s almost magic\u201c"}]},{"@type":"WebSite","@id":"https:\/\/aktuelles.uni-frankfurt.de\/#website","url":"https:\/\/aktuelles.uni-frankfurt.de\/","name":"Aktuelles aus der Goethe-Universit\u00e4t Frankfurt","description":"Aktuelles aus der Goethe-Universit\u00e4t | Neues aus Forschung, Lehre, Studium","publisher":{"@id":"https:\/\/aktuelles.uni-frankfurt.de\/#organization"},"potentialAction":[{"@type":"SearchAction","target":{"@type":"EntryPoint","urlTemplate":"https:\/\/aktuelles.uni-frankfurt.de\/?s={search_term_string}"},"query-input":{"@type":"PropertyValueSpecification","valueRequired":true,"valueName":"search_term_string"}}],"inLanguage":"en-GB"},{"@type":"Organization","@id":"https:\/\/aktuelles.uni-frankfurt.de\/#organization","name":"Goethe University Frankfurt","url":"https:\/\/aktuelles.uni-frankfurt.de\/","logo":{"@type":"ImageObject","inLanguage":"en-GB","@id":"https:\/\/aktuelles.uni-frankfurt.de\/#\/schema\/logo\/image\/","url":"https:\/\/aktuelles.uni-frankfurt.de\/wp-content\/uploads\/2022\/03\/800px-Goethe-Logo.png","contentUrl":"https:\/\/aktuelles.uni-frankfurt.de\/wp-content\/uploads\/2022\/03\/800px-Goethe-Logo.png","width":800,"height":436,"caption":"Goethe-Universit\u00e4t"},"image":{"@id":"https:\/\/aktuelles.uni-frankfurt.de\/#\/schema\/logo\/image\/"}},{"@type":"Person","@id":"https:\/\/aktuelles.uni-frankfurt.de\/#\/schema\/person\/e43399047f529441b7f10b3113468d43","name":"Dr. Anne Hardy","sameAs":["http:\/\/aktuelles.uni-frankfurt.de\/autoren"],"url":"https:\/\/aktuelles.uni-frankfurt.de\/en\/author\/dr-anne-hardy\/"}]}},"_links":{"self":[{"href":"https:\/\/aktuelles.uni-frankfurt.de\/en\/wp-json\/wp\/v2\/posts\/4408","targetHints":{"allow":["GET"]}}],"collection":[{"href":"https:\/\/aktuelles.uni-frankfurt.de\/en\/wp-json\/wp\/v2\/posts"}],"about":[{"href":"https:\/\/aktuelles.uni-frankfurt.de\/en\/wp-json\/wp\/v2\/types\/post"}],"author":[{"embeddable":true,"href":"https:\/\/aktuelles.uni-frankfurt.de\/en\/wp-json\/wp\/v2\/users\/6"}],"replies":[{"embeddable":true,"href":"https:\/\/aktuelles.uni-frankfurt.de\/en\/wp-json\/wp\/v2\/comments?post=4408"}],"version-history":[{"count":0,"href":"https:\/\/aktuelles.uni-frankfurt.de\/en\/wp-json\/wp\/v2\/posts\/4408\/revisions"}],"wp:featuredmedia":[{"embeddable":true,"href":"https:\/\/aktuelles.uni-frankfurt.de\/en\/wp-json\/wp\/v2\/media\/4081"}],"wp:attachment":[{"href":"https:\/\/aktuelles.uni-frankfurt.de\/en\/wp-json\/wp\/v2\/media?parent=4408"}],"wp:term":[{"taxonomy":"category","embeddable":true,"href":"https:\/\/aktuelles.uni-frankfurt.de\/en\/wp-json\/wp\/v2\/categories?post=4408"},{"taxonomy":"post_tag","embeddable":true,"href":"https:\/\/aktuelles.uni-frankfurt.de\/en\/wp-json\/wp\/v2\/tags?post=4408"},{"taxonomy":"post_folder","embeddable":true,"href":"https:\/\/aktuelles.uni-frankfurt.de\/en\/wp-json\/wp\/v2\/post_folder?post=4408"}],"curies":[{"name":"wp","href":"https:\/\/api.w.org\/{rel}","templated":true}]}}