{"id":44234,"date":"2020-05-14T19:31:55","date_gmt":"2020-05-14T17:31:55","guid":{"rendered":"https:\/\/aktuelles.uni-frankfurt.de\/?p=44234"},"modified":"2020-05-14T19:32:39","modified_gmt":"2020-05-14T17:32:39","slug":"johanna-quandt-jubilaeumsfonds-starker-partner-an-der-seite-der-goethe-universitaet","status":"publish","type":"post","link":"https:\/\/aktuelles.uni-frankfurt.de\/en\/aktuelles\/johanna-quandt-jubilaeumsfonds-starker-partner-an-der-seite-der-goethe-universitaet\/","title":{"rendered":"Johanna Quandt-Jubil\u00e4umsfonds &#8211; Starker Partner an der Seite der Goethe-Universit\u00e4t"},"content":{"rendered":"<p>&nbsp;Innerhalb von nur 24 Stunden wurde der Antrag bewilligt: Mitte M\u00e4rz zeichneten sich die Ausma\u00dfe der weltweiten Corona-Pandemie bereits deutlich ab, der Johanna Quandt-Jubil\u00e4umsfonds z\u00f6gerte nicht lange und stellte der Virologin Prof. Dr. Sandra Ciesek quasi \u00fcber Nacht eine Viertelmillion Euro zur Verf\u00fcgung. Mit dem Geld k\u00f6nnen nun Sandra Ciesek und ihre Kolleg*innen am Universit\u00e4tsklinikums Frankfurt die Suche nach wirksamen Medikamenten gegen COVID-19 vorantreiben. Universit\u00e4tsvizepr\u00e4sident Prof. Dr. Manfred Schubert-Zsilavecz freut sich: \u201eDer Fonds f\u00f6rdert Forschungsprojekte von gr\u00f6\u00dfter gesellschaftlicher Bedeutung \u2013 daf\u00fcr bin ich ungemein dankbar!\u201c<\/p>\n\n\n\n<p>Der Johanna Quandt Jubil\u00e4ums-Fonds (JQJ) wurde zum 100-j\u00e4hrigen Bestehen der Goethe-Universit\u00e4t ins Leben gerufen und von der Bad Homburger Unternehmerin Johanna Quandt mit 20 Millionen Euro ausgestattet. Er unterst\u00fctzt herausragende Forschungsprojekte, besonders begabte Studierende und renommierte Forscher an der Goethe-Universit\u00e4t und ihren kooperierenden Partnerinstitutionen.<\/p>\n\n\n\n<p>\u201e<em>Frankfurt hosts Fraunhofer<\/em>\u201c ist eine Programmlinie des JQJ, die zum Aufbau des ersten Fraunhofer-Instituts in Frankfurt beitragen soll. \u00a0Dr. Tilo Knape, Mitarbeiter am LOEWE-Zentrum f\u00fcr Translationale Medizin und Pharmakologie (TMP) und an der Abteilung f\u00fcr Biochemische Pathologie des Fraunhofer-Instituts f\u00fcr Molekularbiologie und Angewandte \u00d6kologie (IME), hat im Rahmen dieses F\u00f6rderprogramms eine Summe von 100.000 \u20ac zum Aufbau einer unabh\u00e4ngigen Nachwuchsgruppe erhalten. Ebenso erhielt das Tr\u00e4gerinstitut vom JQJ eine Starthilfe von ca. 12.000 Euro f\u00fcr \u201eProxiDrugs\u201c im Rahmen einer Initiative des Bundesministeriums f\u00fcr Bildung und Forschung (BMBF).\u00a0<\/p>\n\n\n\n<p>\u201e<em>Goethe meets Leibniz<\/em>\u201c hei\u00dft eine weitere F\u00f6rderlinie: Dem Thema \u201eRadikalisierung und Gewaltforschung\u201c ist eine Qualifikationsprofessur an dem Leibniz-Institut Hessische Stiftung Friedens- und Konfliktforschung (HSFK) gewidmet, die vom JQJ mit 420.000 Euro \u00fcber drei Jahre finanziert wird. Aus einem Pool von mehr als 100 Bewerbern fiel die Wahl auf die Politikwissenschaftlerin Dr. Hanna Pfeifer.\u00a0<\/p>\n\n\n\n<p>J\u00fcngst konnten mit Mitteln des JQJ externe Rufe f\u00fcr Prof. Dr. Robert Tamp\u00e9 (Institut f\u00fcr Biochemie) und Prof. Dr. \u00d6mer \u00d6zsoy (Institut f\u00fcr Studien der Kultur und Religion des Islam) erfolgreich abgewehrt und die beiden Wissenschaftler an der Goethe-Universit\u00e4t gehalten werden. Dazu Prof. Werner M\u00fcller-Esterl, Mitglied, Vorsitzender des JQJ-Beirats: \u201eDie Qualifizierung von jungen Forscher*innen liegt dem Fonds ebenso am Herzen wie das Anliegen, renommierte Forscherpers\u00f6nlichkeiten dauerhaft an die Goethe-Universit\u00e4t zu binden.\u201c<\/p>\n\n\n\n<p>Schlie\u00dflich unterst\u00fctzt der Fonds auch Veranstaltungen wie \u201eScience meets Music\u201c, das am Campus Riedberg auf eine gro\u00dfe Resonanz stie\u00df. Dabei wurde ein Vortrag zum Thema Klimawandel des Atmosph\u00e4renforschers Prof. Dr. Joachim Curtius, \u201e<em>Scientist of the Year<\/em>\u201c 2017, musikalisch von 15 Mitgliedern der Karajan-Akademie der Berliner Philharmoniker umrahmt.<\/p>\n\n\n\n<p>Der&nbsp;<strong>Johanna Quandt Jubil\u00e4ums-Fonds<\/strong>&nbsp;steht im Zentrum der F\u00f6rderaktivit\u00e4ten der Johanna Quandt Universit\u00e4ts-Stiftung. Mit den Mitteln des Fonds werden seit 2015 exzellente Projekte gef\u00f6rdert, deren Finanzierung nicht durch staatliche Zuwendungen oder andere F\u00f6rderquellen gedeckt ist. Dazu z\u00e4hlen die F\u00f6rderung herausragender Nachwuchskr\u00e4fte in der Wissenschaft sowie die Unterst\u00fctzung von ausgew\u00e4hlten nationalen wie internationalen Partnerschaften der Goethe-Universit\u00e4t.&nbsp;<\/p>\n\n\n\n<p class=\"has-background has-very-light-gray-background-color\"><strong>Weitere Informationen<\/strong>:&nbsp;<a rel=\"noreferrer noopener\" href=\"https:\/\/www.johanna-quandt-stiftung.de\/universitaets-stiftung\" target=\"_blank\">www.johanna-quandt-stiftung.de\/universitaets-stiftung<\/a><\/p>","protected":false},"excerpt":{"rendered":"<p>&nbsp;Innerhalb von nur 24 Stunden wurde der Antrag bewilligt: Mitte M\u00e4rz zeichneten sich die Ausma\u00dfe der weltweiten Corona-Pandemie bereits deutlich ab, der Johanna Quandt-Jubil\u00e4umsfonds z\u00f6gerte nicht lange und stellte der [&hellip;]<\/p>\n","protected":false},"author":8,"featured_media":0,"comment_status":"closed","ping_status":"closed","sticky":false,"template":"","format":"standard","meta":{"_eb_attr":"","_price":"","_stock":"","_tribe_ticket_header":"","_tribe_default_ticket_provider":"","_ticket_start_date":"","_ticket_end_date":"","_tribe_ticket_show_description":"","_tribe_ticket_show_not_going":false,"_tribe_ticket_use_global_stock":"","_tribe_ticket_global_stock_level":"","_global_stock_mode":"","_global_stock_cap":"","_tribe_rsvp_for_event":"","_tribe_ticket_going_count":"","_tribe_ticket_not_going_count":"","_tribe_tickets_list":"[]","_tribe_ticket_has_attendee_info_fields":false,"footnotes":""},"categories":[39],"tags":[],"post_folder":[],"class_list":["post-44234","post","type-post","status-publish","format-standard","hentry","category-aktuelles"],"yoast_head":"<!-- This site is optimized with the Yoast SEO plugin v27.5 - https:\/\/yoast.com\/product\/yoast-seo-wordpress\/ -->\n<title>Johanna Quandt-Jubil\u00e4umsfonds - Starker Partner an der Seite der Goethe-Universit\u00e4t | Aktuelles aus der Goethe-Universit\u00e4t Frankfurt<\/title>\n<meta name=\"robots\" content=\"index, follow, max-snippet:-1, max-image-preview:large, max-video-preview:-1\" \/>\n<link rel=\"canonical\" href=\"https:\/\/aktuelles.uni-frankfurt.de\/en\/aktuelles\/johanna-quandt-jubilaeumsfonds-starker-partner-an-der-seite-der-goethe-universitaet\/\" \/>\n<meta property=\"og:locale\" content=\"en_GB\" \/>\n<meta property=\"og:type\" content=\"article\" \/>\n<meta property=\"og:title\" content=\"Johanna Quandt-Jubil\u00e4umsfonds - Starker Partner an der Seite der Goethe-Universit\u00e4t | Aktuelles aus der Goethe-Universit\u00e4t Frankfurt\" \/>\n<meta property=\"og:description\" content=\"&nbsp;Innerhalb von nur 24 Stunden wurde der Antrag bewilligt: Mitte M\u00e4rz zeichneten sich die Ausma\u00dfe der weltweiten Corona-Pandemie bereits deutlich ab, der Johanna Quandt-Jubil\u00e4umsfonds z\u00f6gerte nicht lange und stellte der [&hellip;]\" \/>\n<meta property=\"og:url\" content=\"https:\/\/aktuelles.uni-frankfurt.de\/en\/aktuelles\/johanna-quandt-jubilaeumsfonds-starker-partner-an-der-seite-der-goethe-universitaet\/\" \/>\n<meta property=\"og:site_name\" content=\"Aktuelles aus der Goethe-Universit\u00e4t Frankfurt\" \/>\n<meta property=\"article:published_time\" content=\"2020-05-14T17:31:55+00:00\" \/>\n<meta property=\"article:modified_time\" content=\"2020-05-14T17:32:39+00:00\" \/>\n<meta name=\"author\" content=\"-\" \/>\n<meta name=\"twitter:card\" content=\"summary_large_image\" \/>\n<meta name=\"twitter:label1\" content=\"Written by\" \/>\n\t<meta name=\"twitter:data1\" content=\"-\" \/>\n\t<meta name=\"twitter:label2\" content=\"Estimated reading time\" \/>\n\t<meta name=\"twitter:data2\" content=\"2 minutes\" \/>\n<script type=\"application\/ld+json\" class=\"yoast-schema-graph\">{\"@context\":\"https:\\\/\\\/schema.org\",\"@graph\":[{\"@type\":\"Article\",\"@id\":\"https:\\\/\\\/aktuelles.uni-frankfurt.de\\\/aktuelles\\\/johanna-quandt-jubilaeumsfonds-starker-partner-an-der-seite-der-goethe-universitaet\\\/#article\",\"isPartOf\":{\"@id\":\"https:\\\/\\\/aktuelles.uni-frankfurt.de\\\/aktuelles\\\/johanna-quandt-jubilaeumsfonds-starker-partner-an-der-seite-der-goethe-universitaet\\\/\"},\"author\":{\"name\":\"-\",\"@id\":\"https:\\\/\\\/aktuelles.uni-frankfurt.de\\\/#\\\/schema\\\/person\\\/8e55ea338fb65d1ce87a91565d1f1739\"},\"headline\":\"Johanna Quandt-Jubil\u00e4umsfonds &#8211; Starker Partner an der Seite der Goethe-Universit\u00e4t\",\"datePublished\":\"2020-05-14T17:31:55+00:00\",\"dateModified\":\"2020-05-14T17:32:39+00:00\",\"mainEntityOfPage\":{\"@id\":\"https:\\\/\\\/aktuelles.uni-frankfurt.de\\\/aktuelles\\\/johanna-quandt-jubilaeumsfonds-starker-partner-an-der-seite-der-goethe-universitaet\\\/\"},\"wordCount\":506,\"publisher\":{\"@id\":\"https:\\\/\\\/aktuelles.uni-frankfurt.de\\\/#organization\"},\"articleSection\":[\"Kurz gemeldet\"],\"inLanguage\":\"en-GB\"},{\"@type\":\"WebPage\",\"@id\":\"https:\\\/\\\/aktuelles.uni-frankfurt.de\\\/aktuelles\\\/johanna-quandt-jubilaeumsfonds-starker-partner-an-der-seite-der-goethe-universitaet\\\/\",\"url\":\"https:\\\/\\\/aktuelles.uni-frankfurt.de\\\/aktuelles\\\/johanna-quandt-jubilaeumsfonds-starker-partner-an-der-seite-der-goethe-universitaet\\\/\",\"name\":\"Johanna Quandt-Jubil\u00e4umsfonds - Starker Partner an der Seite der Goethe-Universit\u00e4t | Aktuelles aus der Goethe-Universit\u00e4t Frankfurt\",\"isPartOf\":{\"@id\":\"https:\\\/\\\/aktuelles.uni-frankfurt.de\\\/#website\"},\"datePublished\":\"2020-05-14T17:31:55+00:00\",\"dateModified\":\"2020-05-14T17:32:39+00:00\",\"breadcrumb\":{\"@id\":\"https:\\\/\\\/aktuelles.uni-frankfurt.de\\\/aktuelles\\\/johanna-quandt-jubilaeumsfonds-starker-partner-an-der-seite-der-goethe-universitaet\\\/#breadcrumb\"},\"inLanguage\":\"en-GB\",\"potentialAction\":[{\"@type\":\"ReadAction\",\"target\":[\"https:\\\/\\\/aktuelles.uni-frankfurt.de\\\/aktuelles\\\/johanna-quandt-jubilaeumsfonds-starker-partner-an-der-seite-der-goethe-universitaet\\\/\"]}]},{\"@type\":\"BreadcrumbList\",\"@id\":\"https:\\\/\\\/aktuelles.uni-frankfurt.de\\\/aktuelles\\\/johanna-quandt-jubilaeumsfonds-starker-partner-an-der-seite-der-goethe-universitaet\\\/#breadcrumb\",\"itemListElement\":[{\"@type\":\"ListItem\",\"position\":1,\"name\":\"Startseite\",\"item\":\"https:\\\/\\\/aktuelles.uni-frankfurt.de\\\/\"},{\"@type\":\"ListItem\",\"position\":2,\"name\":\"Johanna Quandt-Jubil\u00e4umsfonds &#8211; Starker Partner an der Seite der Goethe-Universit\u00e4t\"}]},{\"@type\":\"WebSite\",\"@id\":\"https:\\\/\\\/aktuelles.uni-frankfurt.de\\\/#website\",\"url\":\"https:\\\/\\\/aktuelles.uni-frankfurt.de\\\/\",\"name\":\"Aktuelles aus der Goethe-Universit\u00e4t Frankfurt\",\"description\":\"Aktuelles aus der Goethe-Universit\u00e4t | Neues aus Forschung, Lehre, Studium\",\"publisher\":{\"@id\":\"https:\\\/\\\/aktuelles.uni-frankfurt.de\\\/#organization\"},\"potentialAction\":[{\"@type\":\"SearchAction\",\"target\":{\"@type\":\"EntryPoint\",\"urlTemplate\":\"https:\\\/\\\/aktuelles.uni-frankfurt.de\\\/?s={search_term_string}\"},\"query-input\":{\"@type\":\"PropertyValueSpecification\",\"valueRequired\":true,\"valueName\":\"search_term_string\"}}],\"inLanguage\":\"en-GB\"},{\"@type\":\"Organization\",\"@id\":\"https:\\\/\\\/aktuelles.uni-frankfurt.de\\\/#organization\",\"name\":\"Goethe-Universit\u00e4t\",\"url\":\"https:\\\/\\\/aktuelles.uni-frankfurt.de\\\/\",\"logo\":{\"@type\":\"ImageObject\",\"inLanguage\":\"en-GB\",\"@id\":\"https:\\\/\\\/aktuelles.uni-frankfurt.de\\\/#\\\/schema\\\/logo\\\/image\\\/\",\"url\":\"https:\\\/\\\/aktuelles.uni-frankfurt.de\\\/wp-content\\\/uploads\\\/2022\\\/03\\\/800px-Goethe-Logo.png\",\"contentUrl\":\"https:\\\/\\\/aktuelles.uni-frankfurt.de\\\/wp-content\\\/uploads\\\/2022\\\/03\\\/800px-Goethe-Logo.png\",\"width\":800,\"height\":436,\"caption\":\"Goethe-Universit\u00e4t\"},\"image\":{\"@id\":\"https:\\\/\\\/aktuelles.uni-frankfurt.de\\\/#\\\/schema\\\/logo\\\/image\\\/\"}},{\"@type\":\"Person\",\"@id\":\"https:\\\/\\\/aktuelles.uni-frankfurt.de\\\/#\\\/schema\\\/person\\\/8e55ea338fb65d1ce87a91565d1f1739\",\"name\":\"-\",\"description\":\"Dieser Beitrag wurde von der Online-Redaktion ver\u00f6ffentlicht. Wenn der Beitrag von einem Gastautoren verfasst wurde, findet sich dieser Hinweis am Ende des jeweiligen Artikels.\",\"sameAs\":[\"http:\\\/\\\/aktuelles.uni-frankfurt.de\\\/autoren\"],\"url\":\"https:\\\/\\\/aktuelles.uni-frankfurt.de\\\/en\\\/author\\\/redaktion\\\/\"}]}<\/script>\n<!-- \/ Yoast SEO plugin. -->","yoast_head_json":{"title":"Johanna Quandt-Jubil\u00e4umsfonds - Starker Partner an der Seite der Goethe-Universit\u00e4t | Aktuelles aus der Goethe-Universit\u00e4t Frankfurt","robots":{"index":"index","follow":"follow","max-snippet":"max-snippet:-1","max-image-preview":"max-image-preview:large","max-video-preview":"max-video-preview:-1"},"canonical":"https:\/\/aktuelles.uni-frankfurt.de\/en\/aktuelles\/johanna-quandt-jubilaeumsfonds-starker-partner-an-der-seite-der-goethe-universitaet\/","og_locale":"en_GB","og_type":"article","og_title":"Johanna Quandt-Jubil\u00e4umsfonds - Starker Partner an der Seite der Goethe-Universit\u00e4t | Aktuelles aus der Goethe-Universit\u00e4t Frankfurt","og_description":"&nbsp;Innerhalb von nur 24 Stunden wurde der Antrag bewilligt: Mitte M\u00e4rz zeichneten sich die Ausma\u00dfe der weltweiten Corona-Pandemie bereits deutlich ab, der Johanna Quandt-Jubil\u00e4umsfonds z\u00f6gerte nicht lange und stellte der [&hellip;]","og_url":"https:\/\/aktuelles.uni-frankfurt.de\/en\/aktuelles\/johanna-quandt-jubilaeumsfonds-starker-partner-an-der-seite-der-goethe-universitaet\/","og_site_name":"Aktuelles aus der Goethe-Universit\u00e4t Frankfurt","article_published_time":"2020-05-14T17:31:55+00:00","article_modified_time":"2020-05-14T17:32:39+00:00","author":"-","twitter_card":"summary_large_image","twitter_misc":{"Written by":"-","Estimated reading time":"2 minutes"},"schema":{"@context":"https:\/\/schema.org","@graph":[{"@type":"Article","@id":"https:\/\/aktuelles.uni-frankfurt.de\/aktuelles\/johanna-quandt-jubilaeumsfonds-starker-partner-an-der-seite-der-goethe-universitaet\/#article","isPartOf":{"@id":"https:\/\/aktuelles.uni-frankfurt.de\/aktuelles\/johanna-quandt-jubilaeumsfonds-starker-partner-an-der-seite-der-goethe-universitaet\/"},"author":{"name":"-","@id":"https:\/\/aktuelles.uni-frankfurt.de\/#\/schema\/person\/8e55ea338fb65d1ce87a91565d1f1739"},"headline":"Johanna Quandt-Jubil\u00e4umsfonds &#8211; Starker Partner an der Seite der Goethe-Universit\u00e4t","datePublished":"2020-05-14T17:31:55+00:00","dateModified":"2020-05-14T17:32:39+00:00","mainEntityOfPage":{"@id":"https:\/\/aktuelles.uni-frankfurt.de\/aktuelles\/johanna-quandt-jubilaeumsfonds-starker-partner-an-der-seite-der-goethe-universitaet\/"},"wordCount":506,"publisher":{"@id":"https:\/\/aktuelles.uni-frankfurt.de\/#organization"},"articleSection":["Kurz gemeldet"],"inLanguage":"en-GB"},{"@type":"WebPage","@id":"https:\/\/aktuelles.uni-frankfurt.de\/aktuelles\/johanna-quandt-jubilaeumsfonds-starker-partner-an-der-seite-der-goethe-universitaet\/","url":"https:\/\/aktuelles.uni-frankfurt.de\/aktuelles\/johanna-quandt-jubilaeumsfonds-starker-partner-an-der-seite-der-goethe-universitaet\/","name":"Johanna Quandt-Jubil\u00e4umsfonds - Starker Partner an der Seite der Goethe-Universit\u00e4t | Aktuelles aus der Goethe-Universit\u00e4t Frankfurt","isPartOf":{"@id":"https:\/\/aktuelles.uni-frankfurt.de\/#website"},"datePublished":"2020-05-14T17:31:55+00:00","dateModified":"2020-05-14T17:32:39+00:00","breadcrumb":{"@id":"https:\/\/aktuelles.uni-frankfurt.de\/aktuelles\/johanna-quandt-jubilaeumsfonds-starker-partner-an-der-seite-der-goethe-universitaet\/#breadcrumb"},"inLanguage":"en-GB","potentialAction":[{"@type":"ReadAction","target":["https:\/\/aktuelles.uni-frankfurt.de\/aktuelles\/johanna-quandt-jubilaeumsfonds-starker-partner-an-der-seite-der-goethe-universitaet\/"]}]},{"@type":"BreadcrumbList","@id":"https:\/\/aktuelles.uni-frankfurt.de\/aktuelles\/johanna-quandt-jubilaeumsfonds-starker-partner-an-der-seite-der-goethe-universitaet\/#breadcrumb","itemListElement":[{"@type":"ListItem","position":1,"name":"Startseite","item":"https:\/\/aktuelles.uni-frankfurt.de\/"},{"@type":"ListItem","position":2,"name":"Johanna Quandt-Jubil\u00e4umsfonds &#8211; Starker Partner an der Seite der Goethe-Universit\u00e4t"}]},{"@type":"WebSite","@id":"https:\/\/aktuelles.uni-frankfurt.de\/#website","url":"https:\/\/aktuelles.uni-frankfurt.de\/","name":"Aktuelles aus der Goethe-Universit\u00e4t Frankfurt","description":"Aktuelles aus der Goethe-Universit\u00e4t | Neues aus Forschung, Lehre, Studium","publisher":{"@id":"https:\/\/aktuelles.uni-frankfurt.de\/#organization"},"potentialAction":[{"@type":"SearchAction","target":{"@type":"EntryPoint","urlTemplate":"https:\/\/aktuelles.uni-frankfurt.de\/?s={search_term_string}"},"query-input":{"@type":"PropertyValueSpecification","valueRequired":true,"valueName":"search_term_string"}}],"inLanguage":"en-GB"},{"@type":"Organization","@id":"https:\/\/aktuelles.uni-frankfurt.de\/#organization","name":"Goethe University Frankfurt","url":"https:\/\/aktuelles.uni-frankfurt.de\/","logo":{"@type":"ImageObject","inLanguage":"en-GB","@id":"https:\/\/aktuelles.uni-frankfurt.de\/#\/schema\/logo\/image\/","url":"https:\/\/aktuelles.uni-frankfurt.de\/wp-content\/uploads\/2022\/03\/800px-Goethe-Logo.png","contentUrl":"https:\/\/aktuelles.uni-frankfurt.de\/wp-content\/uploads\/2022\/03\/800px-Goethe-Logo.png","width":800,"height":436,"caption":"Goethe-Universit\u00e4t"},"image":{"@id":"https:\/\/aktuelles.uni-frankfurt.de\/#\/schema\/logo\/image\/"}},{"@type":"Person","@id":"https:\/\/aktuelles.uni-frankfurt.de\/#\/schema\/person\/8e55ea338fb65d1ce87a91565d1f1739","name":"-","description":"Dieser Beitrag wurde von der Online-Redaktion ver\u00f6ffentlicht. Wenn der Beitrag von einem Gastautoren verfasst wurde, findet sich dieser Hinweis am Ende des jeweiligen Artikels.","sameAs":["http:\/\/aktuelles.uni-frankfurt.de\/autoren"],"url":"https:\/\/aktuelles.uni-frankfurt.de\/en\/author\/redaktion\/"}]}},"_links":{"self":[{"href":"https:\/\/aktuelles.uni-frankfurt.de\/en\/wp-json\/wp\/v2\/posts\/44234","targetHints":{"allow":["GET"]}}],"collection":[{"href":"https:\/\/aktuelles.uni-frankfurt.de\/en\/wp-json\/wp\/v2\/posts"}],"about":[{"href":"https:\/\/aktuelles.uni-frankfurt.de\/en\/wp-json\/wp\/v2\/types\/post"}],"author":[{"embeddable":true,"href":"https:\/\/aktuelles.uni-frankfurt.de\/en\/wp-json\/wp\/v2\/users\/8"}],"replies":[{"embeddable":true,"href":"https:\/\/aktuelles.uni-frankfurt.de\/en\/wp-json\/wp\/v2\/comments?post=44234"}],"version-history":[{"count":0,"href":"https:\/\/aktuelles.uni-frankfurt.de\/en\/wp-json\/wp\/v2\/posts\/44234\/revisions"}],"wp:attachment":[{"href":"https:\/\/aktuelles.uni-frankfurt.de\/en\/wp-json\/wp\/v2\/media?parent=44234"}],"wp:term":[{"taxonomy":"category","embeddable":true,"href":"https:\/\/aktuelles.uni-frankfurt.de\/en\/wp-json\/wp\/v2\/categories?post=44234"},{"taxonomy":"post_tag","embeddable":true,"href":"https:\/\/aktuelles.uni-frankfurt.de\/en\/wp-json\/wp\/v2\/tags?post=44234"},{"taxonomy":"post_folder","embeddable":true,"href":"https:\/\/aktuelles.uni-frankfurt.de\/en\/wp-json\/wp\/v2\/post_folder?post=44234"}],"curies":[{"name":"wp","href":"https:\/\/api.w.org\/{rel}","templated":true}]}}