{"id":4488,"date":"2016-02-10T12:49:27","date_gmt":"2016-02-10T11:49:27","guid":{"rendered":"http:\/\/aktuelles.uni-frankfurt.de\/?p=4488"},"modified":"2020-06-23T15:14:51","modified_gmt":"2020-06-23T13:14:51","slug":"rationale-untaetigkeit","status":"publish","type":"post","link":"https:\/\/aktuelles.uni-frankfurt.de\/en\/forschung\/rationale-untaetigkeit\/","title":{"rendered":"Rationale Unt\u00e4tigkeit"},"content":{"rendered":"<p><em><strong>Es ist unter Umst\u00e4nden vern\u00fcnftig, der Anlage der eigenen Ersparnisse wenig Aufmerksamkeit zu schenken \/ Wem seine Zeit grunds\u00e4tzlich zu schade daf\u00fcr ist, sollte aber \u00fcber einen Anlageberater nachdenken.<\/strong><\/em><\/p>\n<p>Die Anlage der eigenen Ersparnisse ist ein Thema, das die meisten Menschen lieber verdr\u00e4ngen. Die Auswahl an Finanzprodukten und Investitionsm\u00f6glichkeiten wird immer bunter und komplexer, sodass viele den Aufwand scheuen, sich hier einzuarbeiten und regelm\u00e4\u00dfig auf dem Laufenden zu halten. Mehrere Studien der letzten Jahre haben gezeigt, dass bis zu drei Viertel aller Privatanleger einmal getroffene Anlageentscheidungen oft \u00fcber Jahre hinweg nicht mehr ver\u00e4ndern.<\/p>\n<p>Warum verhalten sich die meisten Menschen so \u00fcberraschend unt\u00e4tig, obwohl sie wissen, dass private Vorsorge unerl\u00e4sslich ist, um im Alter ihren Lebensstandard zu halten? Dieser Frage ist Raimond Maurer, Professor f\u00fcr Investment, Portfoliomanagement und Alterssicherung an der Goethe-Universit\u00e4t Frankfurt, gemeinsam mit Hugh Hoikwang Kim (Universit\u00e4t Seoul) und Olivia Mitchell (Universit\u00e4t von Pennsylvania) nachgegangen. In einer Publikation, die in K\u00fcrze im Journal of Financial Economics erscheint und \u00fcber die im aktuellen Newsletter des LOEWE-Zentrums SAFE berichtet wird, weisen sie nach, dass es je nach Alter und Lebenssituation sinnvoll sein kann, die eigene Zeit anderweitig zu verwenden.<\/p>\n<p>So sollten j\u00fcngere Menschen, die ohnehin in der Regel nur wenige Ersparnisse haben, ihre Zeit lieber in die berufliche Karriere stecken. Auch im hohen Alter, wenn die Kompetenz, effiziente Entscheidungen zu treffen, nachl\u00e4sst, kann es sinnvoll sein, das eigene Portfolio nicht mehr aktiv umzuverteilen. Diese Ergebnisse decken sich mit empirischen Befunden: W\u00e4hrend Menschen im fortgeschrittenen Berufsleben sowie zu Beginn des Ruhestands am meisten Zeit in die Portfoliopflege stecken, k\u00fcmmern sich Junge und Alte am wenigsten darum. Allerdings gibt es auch im mittleren Lebensalter, wo steigende Ersparnisse und geringerer Zeitaufwand f\u00fcr die Karriere eine intensivere Besch\u00e4ftigung mit der Geldanlage sinnvoll erscheinen lassen, immer noch einen hohen Anteil an unt\u00e4tigen Anlegern.<\/p>\n<p>Dieser Personenkreis, dem es wichtiger ist, seine Zeit anders zu verbringen, t\u00e4te laut Maurer gut daran, sich eine professionelle Anlageberatung zu g\u00f6nnen. Seinen Berechnungen zufolge k\u00f6nnte jeder einzelne so seine j\u00e4hrlichen Konsumm\u00f6glichkeiten um gut ein Prozent steigern. \u201eGute Anlageberatung erm\u00f6glicht es Menschen jeden Alters, ihre Ersparnisse optimal zu verwalten und gleichzeitig ihre knappste Ressource \u2013 Zeit \u2013 f\u00fcr den Beruf, die Familie oder Freizeitaktivit\u00e4ten zu sparen\u201c, so der Wirtschaftswissenschaftler. Entsprechend k\u00f6nnte es sich als \u00f6konomisch sinnvoll erweisen, H\u00fcrden, die insbesondere Menschen mit geringeren Ersparnissen davon abhalten, Berater zu konsultieren \u2013 beispielsweise zu hohe Mindestgeb\u00fchren \u2013 abzubauen. Auch geeignete Standardprodukte f\u00fcr die Anspar- und Entnahmephase k\u00f6nnten helfen, so Maurer, die durchaus rationale Unt\u00e4tigkeit vieler B\u00fcrger in Finanzfragen nicht nur zu \u00fcberwinden, sondern f\u00fcr eine weitere Verbreitung der kapitalgedeckten Altersvorsorge zu nutzen.<\/p>\n<p><strong>Quelle:<\/strong> <a href=\"https:\/\/scnem.com\/a.php?sid=8u8ai.37fcbd,f=999\" target=\"_blank\" rel=\"noopener noreferrer\">SAFE Newsletter Q1 2016<\/a><\/p>\n\n\n<p><em>Autorin: Muriel B\u00fcsser<\/em><\/p>","protected":false},"excerpt":{"rendered":"<p>Es ist unter Umst\u00e4nden vern\u00fcnftig, der Anlage der eigenen Ersparnisse wenig Aufmerksamkeit zu schenken \/ Wem seine Zeit grunds\u00e4tzlich zu schade daf\u00fcr ist, sollte aber \u00fcber einen Anlageberater nachdenken. Die [&hellip;]<\/p>\n","protected":false},"author":8,"featured_media":4492,"comment_status":"closed","ping_status":"closed","sticky":false,"template":"","format":"standard","meta":{"_eb_attr":"","_price":"","_stock":"","_tribe_ticket_header":"","_tribe_default_ticket_provider":"","_ticket_start_date":"","_ticket_end_date":"","_tribe_ticket_show_description":"","_tribe_ticket_show_not_going":false,"_tribe_ticket_use_global_stock":"","_tribe_ticket_global_stock_level":"","_global_stock_mode":"","_global_stock_cap":"","_tribe_rsvp_for_event":"","_tribe_ticket_going_count":"","_tribe_ticket_not_going_count":"","_tribe_tickets_list":"[]","_tribe_ticket_has_attendee_info_fields":false,"footnotes":""},"categories":[3],"tags":[22],"post_folder":[],"class_list":["post-4488","post","type-post","status-publish","format-standard","has-post-thumbnail","hentry","category-forschung","tag-wirtschaftswissenschaften"],"yoast_head":"<!-- This site is optimized with the Yoast SEO plugin v27.5 - https:\/\/yoast.com\/product\/yoast-seo-wordpress\/ -->\n<title>Rationale Unt\u00e4tigkeit | Aktuelles aus der Goethe-Universit\u00e4t Frankfurt<\/title>\n<meta name=\"robots\" content=\"index, follow, max-snippet:-1, max-image-preview:large, max-video-preview:-1\" \/>\n<link rel=\"canonical\" href=\"https:\/\/aktuelles.uni-frankfurt.de\/en\/forschung\/rationale-untaetigkeit\/\" \/>\n<meta property=\"og:locale\" content=\"en_GB\" \/>\n<meta property=\"og:type\" content=\"article\" \/>\n<meta property=\"og:title\" content=\"Rationale Unt\u00e4tigkeit | Aktuelles aus der Goethe-Universit\u00e4t Frankfurt\" \/>\n<meta property=\"og:description\" content=\"Es ist unter Umst\u00e4nden vern\u00fcnftig, der Anlage der eigenen Ersparnisse wenig Aufmerksamkeit zu schenken \/ Wem seine Zeit grunds\u00e4tzlich zu schade daf\u00fcr ist, sollte aber \u00fcber einen Anlageberater nachdenken. Die [&hellip;]\" \/>\n<meta property=\"og:url\" content=\"https:\/\/aktuelles.uni-frankfurt.de\/en\/forschung\/rationale-untaetigkeit\/\" \/>\n<meta property=\"og:site_name\" content=\"Aktuelles aus der Goethe-Universit\u00e4t Frankfurt\" \/>\n<meta property=\"article:published_time\" content=\"2016-02-10T11:49:27+00:00\" \/>\n<meta property=\"article:modified_time\" content=\"2020-06-23T13:14:51+00:00\" \/>\n<meta property=\"og:image\" content=\"https:\/\/aktuelles.uni-frankfurt.de\/wp-content\/uploads\/2016\/02\/blog_forschung_rationale-untaetigkeit.jpg\" \/>\n\t<meta property=\"og:image:width\" content=\"400\" \/>\n\t<meta property=\"og:image:height\" content=\"300\" \/>\n\t<meta property=\"og:image:type\" content=\"image\/jpeg\" \/>\n<meta name=\"author\" content=\"-\" \/>\n<meta name=\"twitter:card\" content=\"summary_large_image\" \/>\n<meta name=\"twitter:label1\" content=\"Written by\" \/>\n\t<meta name=\"twitter:data1\" content=\"-\" \/>\n\t<meta name=\"twitter:label2\" content=\"Estimated reading time\" \/>\n\t<meta name=\"twitter:data2\" content=\"2 minutes\" \/>\n<script type=\"application\/ld+json\" class=\"yoast-schema-graph\">{\"@context\":\"https:\\\/\\\/schema.org\",\"@graph\":[{\"@type\":\"Article\",\"@id\":\"https:\\\/\\\/aktuelles.uni-frankfurt.de\\\/forschung\\\/rationale-untaetigkeit\\\/#article\",\"isPartOf\":{\"@id\":\"https:\\\/\\\/aktuelles.uni-frankfurt.de\\\/forschung\\\/rationale-untaetigkeit\\\/\"},\"author\":{\"name\":\"-\",\"@id\":\"https:\\\/\\\/aktuelles.uni-frankfurt.de\\\/#\\\/schema\\\/person\\\/8e55ea338fb65d1ce87a91565d1f1739\"},\"headline\":\"Rationale Unt\u00e4tigkeit\",\"datePublished\":\"2016-02-10T11:49:27+00:00\",\"dateModified\":\"2020-06-23T13:14:51+00:00\",\"mainEntityOfPage\":{\"@id\":\"https:\\\/\\\/aktuelles.uni-frankfurt.de\\\/forschung\\\/rationale-untaetigkeit\\\/\"},\"wordCount\":471,\"publisher\":{\"@id\":\"https:\\\/\\\/aktuelles.uni-frankfurt.de\\\/#organization\"},\"image\":{\"@id\":\"https:\\\/\\\/aktuelles.uni-frankfurt.de\\\/forschung\\\/rationale-untaetigkeit\\\/#primaryimage\"},\"thumbnailUrl\":\"https:\\\/\\\/aktuelles.uni-frankfurt.de\\\/wp-content\\\/uploads\\\/2016\\\/02\\\/blog_forschung_rationale-untaetigkeit.jpg\",\"keywords\":[\"Wirtschaftswissenschaften\"],\"articleSection\":[\"Forschung\"],\"inLanguage\":\"en-GB\"},{\"@type\":\"WebPage\",\"@id\":\"https:\\\/\\\/aktuelles.uni-frankfurt.de\\\/forschung\\\/rationale-untaetigkeit\\\/\",\"url\":\"https:\\\/\\\/aktuelles.uni-frankfurt.de\\\/forschung\\\/rationale-untaetigkeit\\\/\",\"name\":\"Rationale Unt\u00e4tigkeit | Aktuelles aus der Goethe-Universit\u00e4t Frankfurt\",\"isPartOf\":{\"@id\":\"https:\\\/\\\/aktuelles.uni-frankfurt.de\\\/#website\"},\"primaryImageOfPage\":{\"@id\":\"https:\\\/\\\/aktuelles.uni-frankfurt.de\\\/forschung\\\/rationale-untaetigkeit\\\/#primaryimage\"},\"image\":{\"@id\":\"https:\\\/\\\/aktuelles.uni-frankfurt.de\\\/forschung\\\/rationale-untaetigkeit\\\/#primaryimage\"},\"thumbnailUrl\":\"https:\\\/\\\/aktuelles.uni-frankfurt.de\\\/wp-content\\\/uploads\\\/2016\\\/02\\\/blog_forschung_rationale-untaetigkeit.jpg\",\"datePublished\":\"2016-02-10T11:49:27+00:00\",\"dateModified\":\"2020-06-23T13:14:51+00:00\",\"breadcrumb\":{\"@id\":\"https:\\\/\\\/aktuelles.uni-frankfurt.de\\\/forschung\\\/rationale-untaetigkeit\\\/#breadcrumb\"},\"inLanguage\":\"en-GB\",\"potentialAction\":[{\"@type\":\"ReadAction\",\"target\":[\"https:\\\/\\\/aktuelles.uni-frankfurt.de\\\/forschung\\\/rationale-untaetigkeit\\\/\"]}]},{\"@type\":\"ImageObject\",\"inLanguage\":\"en-GB\",\"@id\":\"https:\\\/\\\/aktuelles.uni-frankfurt.de\\\/forschung\\\/rationale-untaetigkeit\\\/#primaryimage\",\"url\":\"https:\\\/\\\/aktuelles.uni-frankfurt.de\\\/wp-content\\\/uploads\\\/2016\\\/02\\\/blog_forschung_rationale-untaetigkeit.jpg\",\"contentUrl\":\"https:\\\/\\\/aktuelles.uni-frankfurt.de\\\/wp-content\\\/uploads\\\/2016\\\/02\\\/blog_forschung_rationale-untaetigkeit.jpg\",\"width\":400,\"height\":300},{\"@type\":\"BreadcrumbList\",\"@id\":\"https:\\\/\\\/aktuelles.uni-frankfurt.de\\\/forschung\\\/rationale-untaetigkeit\\\/#breadcrumb\",\"itemListElement\":[{\"@type\":\"ListItem\",\"position\":1,\"name\":\"Startseite\",\"item\":\"https:\\\/\\\/aktuelles.uni-frankfurt.de\\\/\"},{\"@type\":\"ListItem\",\"position\":2,\"name\":\"Rationale Unt\u00e4tigkeit\"}]},{\"@type\":\"WebSite\",\"@id\":\"https:\\\/\\\/aktuelles.uni-frankfurt.de\\\/#website\",\"url\":\"https:\\\/\\\/aktuelles.uni-frankfurt.de\\\/\",\"name\":\"Aktuelles aus der Goethe-Universit\u00e4t Frankfurt\",\"description\":\"Aktuelles aus der Goethe-Universit\u00e4t | Neues aus Forschung, Lehre, Studium\",\"publisher\":{\"@id\":\"https:\\\/\\\/aktuelles.uni-frankfurt.de\\\/#organization\"},\"potentialAction\":[{\"@type\":\"SearchAction\",\"target\":{\"@type\":\"EntryPoint\",\"urlTemplate\":\"https:\\\/\\\/aktuelles.uni-frankfurt.de\\\/?s={search_term_string}\"},\"query-input\":{\"@type\":\"PropertyValueSpecification\",\"valueRequired\":true,\"valueName\":\"search_term_string\"}}],\"inLanguage\":\"en-GB\"},{\"@type\":\"Organization\",\"@id\":\"https:\\\/\\\/aktuelles.uni-frankfurt.de\\\/#organization\",\"name\":\"Goethe-Universit\u00e4t\",\"url\":\"https:\\\/\\\/aktuelles.uni-frankfurt.de\\\/\",\"logo\":{\"@type\":\"ImageObject\",\"inLanguage\":\"en-GB\",\"@id\":\"https:\\\/\\\/aktuelles.uni-frankfurt.de\\\/#\\\/schema\\\/logo\\\/image\\\/\",\"url\":\"https:\\\/\\\/aktuelles.uni-frankfurt.de\\\/wp-content\\\/uploads\\\/2022\\\/03\\\/800px-Goethe-Logo.png\",\"contentUrl\":\"https:\\\/\\\/aktuelles.uni-frankfurt.de\\\/wp-content\\\/uploads\\\/2022\\\/03\\\/800px-Goethe-Logo.png\",\"width\":800,\"height\":436,\"caption\":\"Goethe-Universit\u00e4t\"},\"image\":{\"@id\":\"https:\\\/\\\/aktuelles.uni-frankfurt.de\\\/#\\\/schema\\\/logo\\\/image\\\/\"}},{\"@type\":\"Person\",\"@id\":\"https:\\\/\\\/aktuelles.uni-frankfurt.de\\\/#\\\/schema\\\/person\\\/8e55ea338fb65d1ce87a91565d1f1739\",\"name\":\"-\",\"description\":\"Dieser Beitrag wurde von der Online-Redaktion ver\u00f6ffentlicht. Wenn der Beitrag von einem Gastautoren verfasst wurde, findet sich dieser Hinweis am Ende des jeweiligen Artikels.\",\"sameAs\":[\"http:\\\/\\\/aktuelles.uni-frankfurt.de\\\/autoren\"],\"url\":\"https:\\\/\\\/aktuelles.uni-frankfurt.de\\\/en\\\/author\\\/redaktion\\\/\"}]}<\/script>\n<!-- \/ Yoast SEO plugin. -->","yoast_head_json":{"title":"Rationale Unt\u00e4tigkeit | Aktuelles aus der Goethe-Universit\u00e4t Frankfurt","robots":{"index":"index","follow":"follow","max-snippet":"max-snippet:-1","max-image-preview":"max-image-preview:large","max-video-preview":"max-video-preview:-1"},"canonical":"https:\/\/aktuelles.uni-frankfurt.de\/en\/forschung\/rationale-untaetigkeit\/","og_locale":"en_GB","og_type":"article","og_title":"Rationale Unt\u00e4tigkeit | Aktuelles aus der Goethe-Universit\u00e4t Frankfurt","og_description":"Es ist unter Umst\u00e4nden vern\u00fcnftig, der Anlage der eigenen Ersparnisse wenig Aufmerksamkeit zu schenken \/ Wem seine Zeit grunds\u00e4tzlich zu schade daf\u00fcr ist, sollte aber \u00fcber einen Anlageberater nachdenken. Die [&hellip;]","og_url":"https:\/\/aktuelles.uni-frankfurt.de\/en\/forschung\/rationale-untaetigkeit\/","og_site_name":"Aktuelles aus der Goethe-Universit\u00e4t Frankfurt","article_published_time":"2016-02-10T11:49:27+00:00","article_modified_time":"2020-06-23T13:14:51+00:00","og_image":[{"width":400,"height":300,"url":"https:\/\/aktuelles.uni-frankfurt.de\/wp-content\/uploads\/2016\/02\/blog_forschung_rationale-untaetigkeit.jpg","type":"image\/jpeg"}],"author":"-","twitter_card":"summary_large_image","twitter_misc":{"Written by":"-","Estimated reading time":"2 minutes"},"schema":{"@context":"https:\/\/schema.org","@graph":[{"@type":"Article","@id":"https:\/\/aktuelles.uni-frankfurt.de\/forschung\/rationale-untaetigkeit\/#article","isPartOf":{"@id":"https:\/\/aktuelles.uni-frankfurt.de\/forschung\/rationale-untaetigkeit\/"},"author":{"name":"-","@id":"https:\/\/aktuelles.uni-frankfurt.de\/#\/schema\/person\/8e55ea338fb65d1ce87a91565d1f1739"},"headline":"Rationale Unt\u00e4tigkeit","datePublished":"2016-02-10T11:49:27+00:00","dateModified":"2020-06-23T13:14:51+00:00","mainEntityOfPage":{"@id":"https:\/\/aktuelles.uni-frankfurt.de\/forschung\/rationale-untaetigkeit\/"},"wordCount":471,"publisher":{"@id":"https:\/\/aktuelles.uni-frankfurt.de\/#organization"},"image":{"@id":"https:\/\/aktuelles.uni-frankfurt.de\/forschung\/rationale-untaetigkeit\/#primaryimage"},"thumbnailUrl":"https:\/\/aktuelles.uni-frankfurt.de\/wp-content\/uploads\/2016\/02\/blog_forschung_rationale-untaetigkeit.jpg","keywords":["Wirtschaftswissenschaften"],"articleSection":["Forschung"],"inLanguage":"en-GB"},{"@type":"WebPage","@id":"https:\/\/aktuelles.uni-frankfurt.de\/forschung\/rationale-untaetigkeit\/","url":"https:\/\/aktuelles.uni-frankfurt.de\/forschung\/rationale-untaetigkeit\/","name":"Rationale Unt\u00e4tigkeit | Aktuelles aus der Goethe-Universit\u00e4t Frankfurt","isPartOf":{"@id":"https:\/\/aktuelles.uni-frankfurt.de\/#website"},"primaryImageOfPage":{"@id":"https:\/\/aktuelles.uni-frankfurt.de\/forschung\/rationale-untaetigkeit\/#primaryimage"},"image":{"@id":"https:\/\/aktuelles.uni-frankfurt.de\/forschung\/rationale-untaetigkeit\/#primaryimage"},"thumbnailUrl":"https:\/\/aktuelles.uni-frankfurt.de\/wp-content\/uploads\/2016\/02\/blog_forschung_rationale-untaetigkeit.jpg","datePublished":"2016-02-10T11:49:27+00:00","dateModified":"2020-06-23T13:14:51+00:00","breadcrumb":{"@id":"https:\/\/aktuelles.uni-frankfurt.de\/forschung\/rationale-untaetigkeit\/#breadcrumb"},"inLanguage":"en-GB","potentialAction":[{"@type":"ReadAction","target":["https:\/\/aktuelles.uni-frankfurt.de\/forschung\/rationale-untaetigkeit\/"]}]},{"@type":"ImageObject","inLanguage":"en-GB","@id":"https:\/\/aktuelles.uni-frankfurt.de\/forschung\/rationale-untaetigkeit\/#primaryimage","url":"https:\/\/aktuelles.uni-frankfurt.de\/wp-content\/uploads\/2016\/02\/blog_forschung_rationale-untaetigkeit.jpg","contentUrl":"https:\/\/aktuelles.uni-frankfurt.de\/wp-content\/uploads\/2016\/02\/blog_forschung_rationale-untaetigkeit.jpg","width":400,"height":300},{"@type":"BreadcrumbList","@id":"https:\/\/aktuelles.uni-frankfurt.de\/forschung\/rationale-untaetigkeit\/#breadcrumb","itemListElement":[{"@type":"ListItem","position":1,"name":"Startseite","item":"https:\/\/aktuelles.uni-frankfurt.de\/"},{"@type":"ListItem","position":2,"name":"Rationale Unt\u00e4tigkeit"}]},{"@type":"WebSite","@id":"https:\/\/aktuelles.uni-frankfurt.de\/#website","url":"https:\/\/aktuelles.uni-frankfurt.de\/","name":"Aktuelles aus der Goethe-Universit\u00e4t Frankfurt","description":"Aktuelles aus der Goethe-Universit\u00e4t | Neues aus Forschung, Lehre, Studium","publisher":{"@id":"https:\/\/aktuelles.uni-frankfurt.de\/#organization"},"potentialAction":[{"@type":"SearchAction","target":{"@type":"EntryPoint","urlTemplate":"https:\/\/aktuelles.uni-frankfurt.de\/?s={search_term_string}"},"query-input":{"@type":"PropertyValueSpecification","valueRequired":true,"valueName":"search_term_string"}}],"inLanguage":"en-GB"},{"@type":"Organization","@id":"https:\/\/aktuelles.uni-frankfurt.de\/#organization","name":"Goethe University Frankfurt","url":"https:\/\/aktuelles.uni-frankfurt.de\/","logo":{"@type":"ImageObject","inLanguage":"en-GB","@id":"https:\/\/aktuelles.uni-frankfurt.de\/#\/schema\/logo\/image\/","url":"https:\/\/aktuelles.uni-frankfurt.de\/wp-content\/uploads\/2022\/03\/800px-Goethe-Logo.png","contentUrl":"https:\/\/aktuelles.uni-frankfurt.de\/wp-content\/uploads\/2022\/03\/800px-Goethe-Logo.png","width":800,"height":436,"caption":"Goethe-Universit\u00e4t"},"image":{"@id":"https:\/\/aktuelles.uni-frankfurt.de\/#\/schema\/logo\/image\/"}},{"@type":"Person","@id":"https:\/\/aktuelles.uni-frankfurt.de\/#\/schema\/person\/8e55ea338fb65d1ce87a91565d1f1739","name":"-","description":"Dieser Beitrag wurde von der Online-Redaktion ver\u00f6ffentlicht. Wenn der Beitrag von einem Gastautoren verfasst wurde, findet sich dieser Hinweis am Ende des jeweiligen Artikels.","sameAs":["http:\/\/aktuelles.uni-frankfurt.de\/autoren"],"url":"https:\/\/aktuelles.uni-frankfurt.de\/en\/author\/redaktion\/"}]}},"_links":{"self":[{"href":"https:\/\/aktuelles.uni-frankfurt.de\/en\/wp-json\/wp\/v2\/posts\/4488","targetHints":{"allow":["GET"]}}],"collection":[{"href":"https:\/\/aktuelles.uni-frankfurt.de\/en\/wp-json\/wp\/v2\/posts"}],"about":[{"href":"https:\/\/aktuelles.uni-frankfurt.de\/en\/wp-json\/wp\/v2\/types\/post"}],"author":[{"embeddable":true,"href":"https:\/\/aktuelles.uni-frankfurt.de\/en\/wp-json\/wp\/v2\/users\/8"}],"replies":[{"embeddable":true,"href":"https:\/\/aktuelles.uni-frankfurt.de\/en\/wp-json\/wp\/v2\/comments?post=4488"}],"version-history":[{"count":0,"href":"https:\/\/aktuelles.uni-frankfurt.de\/en\/wp-json\/wp\/v2\/posts\/4488\/revisions"}],"wp:featuredmedia":[{"embeddable":true,"href":"https:\/\/aktuelles.uni-frankfurt.de\/en\/wp-json\/wp\/v2\/media\/4492"}],"wp:attachment":[{"href":"https:\/\/aktuelles.uni-frankfurt.de\/en\/wp-json\/wp\/v2\/media?parent=4488"}],"wp:term":[{"taxonomy":"category","embeddable":true,"href":"https:\/\/aktuelles.uni-frankfurt.de\/en\/wp-json\/wp\/v2\/categories?post=4488"},{"taxonomy":"post_tag","embeddable":true,"href":"https:\/\/aktuelles.uni-frankfurt.de\/en\/wp-json\/wp\/v2\/tags?post=4488"},{"taxonomy":"post_folder","embeddable":true,"href":"https:\/\/aktuelles.uni-frankfurt.de\/en\/wp-json\/wp\/v2\/post_folder?post=4488"}],"curies":[{"name":"wp","href":"https:\/\/api.w.org\/{rel}","templated":true}]}}