{"id":45301,"date":"2020-07-17T13:53:30","date_gmt":"2020-07-17T11:53:30","guid":{"rendered":"https:\/\/aktuelles.uni-frankfurt.de\/?p=45301"},"modified":"2022-04-10T15:12:38","modified_gmt":"2022-04-10T13:12:38","slug":"neuer-unireport-4-20-zwischenbilanz-zur-corona-pandemie-und-weitere-spannende-themen","status":"publish","type":"post","link":"https:\/\/aktuelles.uni-frankfurt.de\/en\/gesellschaft\/neuer-unireport-4-20-zwischenbilanz-zur-corona-pandemie-und-weitere-spannende-themen\/","title":{"rendered":"Neuer UniReport (4.20): Zwischenbilanz zur Corona-Pandemie und weitere spannende Themen"},"content":{"rendered":"<div class=\"wp-block-image\"><figure class=\"alignleft size-medium\"><img fetchpriority=\"high\" decoding=\"async\" width=\"215\" height=\"300\" src=\"https:\/\/aktuelles.uni-frankfurt.de\/wp-content\/uploads\/2020\/07\/Cover_UniReport_4-20-215x300.jpeg\" alt=\"\" class=\"wp-image-45303\" srcset=\"https:\/\/aktuelles.uni-frankfurt.de\/wp-content\/uploads\/2020\/07\/Cover_UniReport_4-20-215x300.jpeg 215w, https:\/\/aktuelles.uni-frankfurt.de\/wp-content\/uploads\/2020\/07\/Cover_UniReport_4-20.jpeg 650w\" sizes=\"(max-width: 215px) 100vw, 215px\" \/><\/figure><\/div>\n\n\n\n<p>Nach knapp vier Monaten Corona-Krise stellen sich auch der Wissenschaft viele Fragen: Sind bestimmte Teile der Gesellschaft st\u00e4rker von den Folgen betroffen, klafft eine Gerechtigkeitsl\u00fccke? \u00d6ffnen sich vielleicht Wege f\u00fcr neue medizinische, wirtschaftliche und \u00f6kologische Ans\u00e4tze? Forscherinnen und Forscher der Goethe-Universit\u00e4t aus den Sozial- und Geisteswissenschaften, aber ebenso aus Medizin und Naturwissenschaft analysieren im UniReport die aktuelle Lage und stellen Prognosen an.&nbsp;<br><br>Der Pharmazeut Prof. Theo Dingermann hebt die Transparenz in der Berichterstattung \u00fcber die Pandemie positiv hervor: Dies werde zu gegebener Zeit erm\u00f6glichen, beispielsweise Versorgungskonzepte kritisch zu bewerten. Der Politische Philosoph Prof. Rainer Forst diskutiert aus demokratietheoretischer Perspektive verschiedene Deutungen des Lockdowns: Er warnt davor, dass eine \u201eabsolutistische\u201c Lesart, nach der der Staat den B\u00fcrgerinnen und B\u00fcrgern die Freiheiten weggenommen habe, bis ihnen wieder zugetraut werde, sie gescheit zu nutzen, die Demokratie gef\u00e4hrde. Die Volkswirtin Nicola Fuchs-Sch\u00fcndeln wiederum beleuchtet kritisch die Schul- und Kitaschlie\u00dfungen; diese beeintr\u00e4chtigten die Chancengleichheit zwischen Sch\u00fclern aus unterschiedlichen sozio\u00f6konomischen Verh\u00e4ltnissen; sie erwartet, dass sich die Ungleichheit der Geschlechter im Arbeitsmarkt weiter erh\u00f6hen wird. Weitere Beitr\u00e4ger sind der Wirtschaftsp\u00e4dagoge Prof. Gerhard Minnameier, der Psychologe Prof. Ulrich Stangier und die Infektiologin Prof. Maria Vehreschild.&nbsp;&nbsp;<br><br>Wer kommt gut durch die Corona-Krise, wer verliert und wer profitiert davon? In ihrem Essay \u201eIntersektionalit\u00e4t \u2013 ein zentrales Konzept feministischer Gegenwartsanalyse\u201c gehen Prof. Bettina Kleiner, Prof. Helma Lutz und Dr. Marianne Schmidbaur einleitend auf die sozialen Ungleichheitsverh\u00e4ltnisse ein, wie sie sich unter den Bedingungen der Corona-Krise besonders deutlich zeigen. Davon ausgehend erl\u00e4utern die Autorinnen, warum sie das Konzept der Intersektionalit\u00e4t nicht nur in der Corona-Pandemie f\u00fcr einen zentralen wissenschaftlichen, juristischen und politischen Zugang zur Analyse und Ver\u00e4nderung von Macht- und Ungleichheitsverh\u00e4ltnissen halten.&nbsp;&nbsp;<\/p>\n\n\n\n<div style=\"height:20px\" aria-hidden=\"true\" class=\"wp-block-spacer\"><\/div>\n\n\n\n<p>Die weiteren Themen im&nbsp;<strong>UniReport 4\/Juli 2020<\/strong>:<\/p>\n\n\n\n<ul class=\"wp-block-list\"><li>\u201eIch lade alle Mitglieder unserer Universit\u00e4t zur Zusammenarbeit ein\u201c: Prof. Enrico Schleiff tritt sein Amt als Pr\u00e4sident der Goethe-Universit\u00e4t am 1. Januar 2021 an.<\/li><li>Nord\u00f6stliche Campusseite nimmt Form an: Der Rohbau der Sprach- und Kulturwissenschaften (SKW) ist fertig, das geplante Center for Humanities k\u00f6nnte mit Kunst und Theater das Uni-Schaufenster zur Stadt werden.<\/li><li>Begehrt &#8211; die Kunstp\u00e4dagogik: Das \u201eKleine Fach\u201c sieht sich zwischen Kunstschaffenden und Vermittelnden.&nbsp;<\/li><li>\u201eDas Erbe der Lynchjustiz spukt nach wie vor in den K\u00f6pfen herum\u201c: Ein Gespr\u00e4ch mit dem Amerikanisten Prof. Simon Wendt \u00fcber Rassismus und Protestbewegung in den USA.<\/li><li>\u201eIch bin so gestresst\u201c: Lernr\u00e4ume zu, Nebenjob weg. Auslandsstudium abgesagt \u2013 wie die Corona-Krise f\u00fcr Studierende zum Problem wird.&nbsp;<\/li><li>Ein Haus f\u00fcr die B\u00fcrgergesellschaft und die universit\u00e4re Community: Dr. Birgit Sander, neue Leiterin des Museum Giersch der Goethe-Universit\u00e4t, im Gespr\u00e4ch.<\/li><li>Lehre ist f\u00fcr sie Herzensangelegenheit: Die Rechtswissenschaftlerin Prof. Katja Langenbucher im Portr\u00e4t.<\/li><li>Die Kinderstube der Honigbienen: Erstmals wurden Videos der kompletten Larvenentwicklung gemacht.<\/li><li>Weniger Formalit\u00e4ten und Besprechungen, mehr Austausch: Die chinesische Mineralogin Qiao Shu genie\u00dft ihre Arbeit als Gastwissenschaftlerin am Institut f\u00fcr Geowissenschaften.&nbsp;<\/li><li>Transnational unterwegs \u2013 in der Wissenschaft wie im Leben: Wilhelm-Bender-Dissertationspreis f\u00fcr die Politikwissenschaftlerin Eva-Maria Sch\u00e4fferle.&nbsp;<\/li><li>Transatlantische Beziehungen neu denken: Die 4. Bad Homburg Conference am Forschungskolleg Humanwissenschaften widmet sich dem belasteten Verh\u00e4ltnis zwischen USA und Europa.<\/li><li>20.000 Funde: Die Arch\u00e4ologin Stephanie D\u00f6pper hat im Rahmen eines DFG-Projektes mit Studierenden im Oman nach Objekten von der Steinzeit bis heute gesucht.<\/li><li>\u201eDer NSU-Strafprozess\u201c: Prof. J\u00f6rg Arnold \u00fcber ein gemeinsames strafrechtliches Schwerpunktseminar der Universit\u00e4ten M\u00fcnster und Frankfurt.&nbsp;<\/li><\/ul>\n\n\n\n<div style=\"height:20px\" aria-hidden=\"true\" class=\"wp-block-spacer\"><\/div>\n\n\n\n<p>Der\u00a0<strong>UniReport 4\/2020<\/strong>\u00a0steht zum kostenlosen Download bereit unter <a rel=\"noreferrer noopener\" href=\"https:\/\/www.unireport.info\/aktuelle-ausgabe\" target=\"_blank\">https:\/\/www.unireport.info\/aktuelle-ausgabe<\/a><\/p>","protected":false},"excerpt":{"rendered":"<p>Nach knapp vier Monaten Corona-Krise stellen sich auch der Wissenschaft viele Fragen: Sind bestimmte Teile der Gesellschaft st\u00e4rker von den Folgen betroffen, klafft eine Gerechtigkeitsl\u00fccke? \u00d6ffnen sich vielleicht Wege f\u00fcr [&hellip;]<\/p>\n","protected":false},"author":8,"featured_media":45302,"comment_status":"closed","ping_status":"closed","sticky":false,"template":"","format":"standard","meta":{"_eb_attr":"","_price":"","_stock":"","_tribe_ticket_header":"","_tribe_default_ticket_provider":"","_ticket_start_date":"","_ticket_end_date":"","_tribe_ticket_show_description":"","_tribe_ticket_show_not_going":false,"_tribe_ticket_use_global_stock":"","_tribe_ticket_global_stock_level":"","_global_stock_mode":"","_global_stock_cap":"","_tribe_rsvp_for_event":"","_tribe_ticket_going_count":"","_tribe_ticket_not_going_count":"","_tribe_tickets_list":"[]","_tribe_ticket_has_attendee_info_fields":false,"footnotes":""},"categories":[4,173],"tags":[10,202],"post_folder":[],"class_list":["post-45301","post","type-post","status-publish","format-standard","has-post-thumbnail","hentry","category-gesellschaft","category-unireport","tag-unireport","tag-unireport-4-20"],"yoast_head":"<!-- This site is optimized with the Yoast SEO plugin v27.5 - https:\/\/yoast.com\/product\/yoast-seo-wordpress\/ -->\n<title>Neuer UniReport (4.20): Zwischenbilanz zur Corona-Pandemie und weitere spannende Themen | Aktuelles aus der Goethe-Universit\u00e4t Frankfurt<\/title>\n<meta name=\"robots\" content=\"index, follow, max-snippet:-1, max-image-preview:large, max-video-preview:-1\" \/>\n<link rel=\"canonical\" href=\"https:\/\/aktuelles.uni-frankfurt.de\/en\/gesellschaft\/neuer-unireport-4-20-zwischenbilanz-zur-corona-pandemie-und-weitere-spannende-themen\/\" \/>\n<meta property=\"og:locale\" content=\"en_GB\" \/>\n<meta property=\"og:type\" content=\"article\" \/>\n<meta property=\"og:title\" content=\"Neuer UniReport (4.20): Zwischenbilanz zur Corona-Pandemie und weitere spannende Themen | Aktuelles aus der Goethe-Universit\u00e4t Frankfurt\" \/>\n<meta property=\"og:description\" content=\"Nach knapp vier Monaten Corona-Krise stellen sich auch der Wissenschaft viele Fragen: Sind bestimmte Teile der Gesellschaft st\u00e4rker von den Folgen betroffen, klafft eine Gerechtigkeitsl\u00fccke? \u00d6ffnen sich vielleicht Wege f\u00fcr [&hellip;]\" \/>\n<meta property=\"og:url\" content=\"https:\/\/aktuelles.uni-frankfurt.de\/en\/gesellschaft\/neuer-unireport-4-20-zwischenbilanz-zur-corona-pandemie-und-weitere-spannende-themen\/\" \/>\n<meta property=\"og:site_name\" content=\"Aktuelles aus der Goethe-Universit\u00e4t Frankfurt\" \/>\n<meta property=\"article:published_time\" content=\"2020-07-17T11:53:30+00:00\" \/>\n<meta property=\"article:modified_time\" content=\"2022-04-10T13:12:38+00:00\" \/>\n<meta property=\"og:image\" content=\"https:\/\/aktuelles.uni-frankfurt.de\/wp-content\/uploads\/2020\/07\/Beitragsbild_UniReport_4-20.001.jpeg\" \/>\n\t<meta property=\"og:image:width\" content=\"650\" \/>\n\t<meta property=\"og:image:height\" content=\"450\" \/>\n\t<meta property=\"og:image:type\" content=\"image\/jpeg\" \/>\n<meta name=\"author\" content=\"-\" \/>\n<meta name=\"twitter:card\" content=\"summary_large_image\" \/>\n<meta name=\"twitter:label1\" content=\"Written by\" \/>\n\t<meta name=\"twitter:data1\" content=\"-\" \/>\n\t<meta name=\"twitter:label2\" content=\"Estimated reading time\" \/>\n\t<meta name=\"twitter:data2\" content=\"3 minutes\" \/>\n<script type=\"application\/ld+json\" class=\"yoast-schema-graph\">{\"@context\":\"https:\\\/\\\/schema.org\",\"@graph\":[{\"@type\":\"Article\",\"@id\":\"https:\\\/\\\/aktuelles.uni-frankfurt.de\\\/gesellschaft\\\/neuer-unireport-4-20-zwischenbilanz-zur-corona-pandemie-und-weitere-spannende-themen\\\/#article\",\"isPartOf\":{\"@id\":\"https:\\\/\\\/aktuelles.uni-frankfurt.de\\\/gesellschaft\\\/neuer-unireport-4-20-zwischenbilanz-zur-corona-pandemie-und-weitere-spannende-themen\\\/\"},\"author\":{\"name\":\"-\",\"@id\":\"https:\\\/\\\/aktuelles.uni-frankfurt.de\\\/#\\\/schema\\\/person\\\/8e55ea338fb65d1ce87a91565d1f1739\"},\"headline\":\"Neuer UniReport (4.20): Zwischenbilanz zur Corona-Pandemie und weitere spannende Themen\",\"datePublished\":\"2020-07-17T11:53:30+00:00\",\"dateModified\":\"2022-04-10T13:12:38+00:00\",\"mainEntityOfPage\":{\"@id\":\"https:\\\/\\\/aktuelles.uni-frankfurt.de\\\/gesellschaft\\\/neuer-unireport-4-20-zwischenbilanz-zur-corona-pandemie-und-weitere-spannende-themen\\\/\"},\"wordCount\":605,\"publisher\":{\"@id\":\"https:\\\/\\\/aktuelles.uni-frankfurt.de\\\/#organization\"},\"image\":{\"@id\":\"https:\\\/\\\/aktuelles.uni-frankfurt.de\\\/gesellschaft\\\/neuer-unireport-4-20-zwischenbilanz-zur-corona-pandemie-und-weitere-spannende-themen\\\/#primaryimage\"},\"thumbnailUrl\":\"https:\\\/\\\/aktuelles.uni-frankfurt.de\\\/wp-content\\\/uploads\\\/2020\\\/07\\\/Beitragsbild_UniReport_4-20.001.jpeg\",\"keywords\":[\"UniReport\",\"UniReport 4.20\"],\"articleSection\":[\"Gesellschaft\",\"UniReport\"],\"inLanguage\":\"en-GB\"},{\"@type\":\"WebPage\",\"@id\":\"https:\\\/\\\/aktuelles.uni-frankfurt.de\\\/gesellschaft\\\/neuer-unireport-4-20-zwischenbilanz-zur-corona-pandemie-und-weitere-spannende-themen\\\/\",\"url\":\"https:\\\/\\\/aktuelles.uni-frankfurt.de\\\/gesellschaft\\\/neuer-unireport-4-20-zwischenbilanz-zur-corona-pandemie-und-weitere-spannende-themen\\\/\",\"name\":\"Neuer UniReport (4.20): Zwischenbilanz zur Corona-Pandemie und weitere spannende Themen | Aktuelles aus der Goethe-Universit\u00e4t Frankfurt\",\"isPartOf\":{\"@id\":\"https:\\\/\\\/aktuelles.uni-frankfurt.de\\\/#website\"},\"primaryImageOfPage\":{\"@id\":\"https:\\\/\\\/aktuelles.uni-frankfurt.de\\\/gesellschaft\\\/neuer-unireport-4-20-zwischenbilanz-zur-corona-pandemie-und-weitere-spannende-themen\\\/#primaryimage\"},\"image\":{\"@id\":\"https:\\\/\\\/aktuelles.uni-frankfurt.de\\\/gesellschaft\\\/neuer-unireport-4-20-zwischenbilanz-zur-corona-pandemie-und-weitere-spannende-themen\\\/#primaryimage\"},\"thumbnailUrl\":\"https:\\\/\\\/aktuelles.uni-frankfurt.de\\\/wp-content\\\/uploads\\\/2020\\\/07\\\/Beitragsbild_UniReport_4-20.001.jpeg\",\"datePublished\":\"2020-07-17T11:53:30+00:00\",\"dateModified\":\"2022-04-10T13:12:38+00:00\",\"breadcrumb\":{\"@id\":\"https:\\\/\\\/aktuelles.uni-frankfurt.de\\\/gesellschaft\\\/neuer-unireport-4-20-zwischenbilanz-zur-corona-pandemie-und-weitere-spannende-themen\\\/#breadcrumb\"},\"inLanguage\":\"en-GB\",\"potentialAction\":[{\"@type\":\"ReadAction\",\"target\":[\"https:\\\/\\\/aktuelles.uni-frankfurt.de\\\/gesellschaft\\\/neuer-unireport-4-20-zwischenbilanz-zur-corona-pandemie-und-weitere-spannende-themen\\\/\"]}]},{\"@type\":\"ImageObject\",\"inLanguage\":\"en-GB\",\"@id\":\"https:\\\/\\\/aktuelles.uni-frankfurt.de\\\/gesellschaft\\\/neuer-unireport-4-20-zwischenbilanz-zur-corona-pandemie-und-weitere-spannende-themen\\\/#primaryimage\",\"url\":\"https:\\\/\\\/aktuelles.uni-frankfurt.de\\\/wp-content\\\/uploads\\\/2020\\\/07\\\/Beitragsbild_UniReport_4-20.001.jpeg\",\"contentUrl\":\"https:\\\/\\\/aktuelles.uni-frankfurt.de\\\/wp-content\\\/uploads\\\/2020\\\/07\\\/Beitragsbild_UniReport_4-20.001.jpeg\",\"width\":650,\"height\":450},{\"@type\":\"BreadcrumbList\",\"@id\":\"https:\\\/\\\/aktuelles.uni-frankfurt.de\\\/gesellschaft\\\/neuer-unireport-4-20-zwischenbilanz-zur-corona-pandemie-und-weitere-spannende-themen\\\/#breadcrumb\",\"itemListElement\":[{\"@type\":\"ListItem\",\"position\":1,\"name\":\"Startseite\",\"item\":\"https:\\\/\\\/aktuelles.uni-frankfurt.de\\\/\"},{\"@type\":\"ListItem\",\"position\":2,\"name\":\"Neuer UniReport (4.20): Zwischenbilanz zur Corona-Pandemie und weitere spannende Themen\"}]},{\"@type\":\"WebSite\",\"@id\":\"https:\\\/\\\/aktuelles.uni-frankfurt.de\\\/#website\",\"url\":\"https:\\\/\\\/aktuelles.uni-frankfurt.de\\\/\",\"name\":\"Aktuelles aus der Goethe-Universit\u00e4t Frankfurt\",\"description\":\"Aktuelles aus der Goethe-Universit\u00e4t | Neues aus Forschung, Lehre, Studium\",\"publisher\":{\"@id\":\"https:\\\/\\\/aktuelles.uni-frankfurt.de\\\/#organization\"},\"potentialAction\":[{\"@type\":\"SearchAction\",\"target\":{\"@type\":\"EntryPoint\",\"urlTemplate\":\"https:\\\/\\\/aktuelles.uni-frankfurt.de\\\/?s={search_term_string}\"},\"query-input\":{\"@type\":\"PropertyValueSpecification\",\"valueRequired\":true,\"valueName\":\"search_term_string\"}}],\"inLanguage\":\"en-GB\"},{\"@type\":\"Organization\",\"@id\":\"https:\\\/\\\/aktuelles.uni-frankfurt.de\\\/#organization\",\"name\":\"Goethe-Universit\u00e4t\",\"url\":\"https:\\\/\\\/aktuelles.uni-frankfurt.de\\\/\",\"logo\":{\"@type\":\"ImageObject\",\"inLanguage\":\"en-GB\",\"@id\":\"https:\\\/\\\/aktuelles.uni-frankfurt.de\\\/#\\\/schema\\\/logo\\\/image\\\/\",\"url\":\"https:\\\/\\\/aktuelles.uni-frankfurt.de\\\/wp-content\\\/uploads\\\/2022\\\/03\\\/800px-Goethe-Logo.png\",\"contentUrl\":\"https:\\\/\\\/aktuelles.uni-frankfurt.de\\\/wp-content\\\/uploads\\\/2022\\\/03\\\/800px-Goethe-Logo.png\",\"width\":800,\"height\":436,\"caption\":\"Goethe-Universit\u00e4t\"},\"image\":{\"@id\":\"https:\\\/\\\/aktuelles.uni-frankfurt.de\\\/#\\\/schema\\\/logo\\\/image\\\/\"}},{\"@type\":\"Person\",\"@id\":\"https:\\\/\\\/aktuelles.uni-frankfurt.de\\\/#\\\/schema\\\/person\\\/8e55ea338fb65d1ce87a91565d1f1739\",\"name\":\"-\",\"description\":\"Dieser Beitrag wurde von der Online-Redaktion ver\u00f6ffentlicht. Wenn der Beitrag von einem Gastautoren verfasst wurde, findet sich dieser Hinweis am Ende des jeweiligen Artikels.\",\"sameAs\":[\"http:\\\/\\\/aktuelles.uni-frankfurt.de\\\/autoren\"],\"url\":\"https:\\\/\\\/aktuelles.uni-frankfurt.de\\\/en\\\/author\\\/redaktion\\\/\"}]}<\/script>\n<!-- \/ Yoast SEO plugin. -->","yoast_head_json":{"title":"Neuer UniReport (4.20): Zwischenbilanz zur Corona-Pandemie und weitere spannende Themen | Aktuelles aus der Goethe-Universit\u00e4t Frankfurt","robots":{"index":"index","follow":"follow","max-snippet":"max-snippet:-1","max-image-preview":"max-image-preview:large","max-video-preview":"max-video-preview:-1"},"canonical":"https:\/\/aktuelles.uni-frankfurt.de\/en\/gesellschaft\/neuer-unireport-4-20-zwischenbilanz-zur-corona-pandemie-und-weitere-spannende-themen\/","og_locale":"en_GB","og_type":"article","og_title":"Neuer UniReport (4.20): Zwischenbilanz zur Corona-Pandemie und weitere spannende Themen | Aktuelles aus der Goethe-Universit\u00e4t Frankfurt","og_description":"Nach knapp vier Monaten Corona-Krise stellen sich auch der Wissenschaft viele Fragen: Sind bestimmte Teile der Gesellschaft st\u00e4rker von den Folgen betroffen, klafft eine Gerechtigkeitsl\u00fccke? \u00d6ffnen sich vielleicht Wege f\u00fcr [&hellip;]","og_url":"https:\/\/aktuelles.uni-frankfurt.de\/en\/gesellschaft\/neuer-unireport-4-20-zwischenbilanz-zur-corona-pandemie-und-weitere-spannende-themen\/","og_site_name":"Aktuelles aus der Goethe-Universit\u00e4t Frankfurt","article_published_time":"2020-07-17T11:53:30+00:00","article_modified_time":"2022-04-10T13:12:38+00:00","og_image":[{"width":650,"height":450,"url":"https:\/\/aktuelles.uni-frankfurt.de\/wp-content\/uploads\/2020\/07\/Beitragsbild_UniReport_4-20.001.jpeg","type":"image\/jpeg"}],"author":"-","twitter_card":"summary_large_image","twitter_misc":{"Written by":"-","Estimated reading time":"3 minutes"},"schema":{"@context":"https:\/\/schema.org","@graph":[{"@type":"Article","@id":"https:\/\/aktuelles.uni-frankfurt.de\/gesellschaft\/neuer-unireport-4-20-zwischenbilanz-zur-corona-pandemie-und-weitere-spannende-themen\/#article","isPartOf":{"@id":"https:\/\/aktuelles.uni-frankfurt.de\/gesellschaft\/neuer-unireport-4-20-zwischenbilanz-zur-corona-pandemie-und-weitere-spannende-themen\/"},"author":{"name":"-","@id":"https:\/\/aktuelles.uni-frankfurt.de\/#\/schema\/person\/8e55ea338fb65d1ce87a91565d1f1739"},"headline":"Neuer UniReport (4.20): Zwischenbilanz zur Corona-Pandemie und weitere spannende Themen","datePublished":"2020-07-17T11:53:30+00:00","dateModified":"2022-04-10T13:12:38+00:00","mainEntityOfPage":{"@id":"https:\/\/aktuelles.uni-frankfurt.de\/gesellschaft\/neuer-unireport-4-20-zwischenbilanz-zur-corona-pandemie-und-weitere-spannende-themen\/"},"wordCount":605,"publisher":{"@id":"https:\/\/aktuelles.uni-frankfurt.de\/#organization"},"image":{"@id":"https:\/\/aktuelles.uni-frankfurt.de\/gesellschaft\/neuer-unireport-4-20-zwischenbilanz-zur-corona-pandemie-und-weitere-spannende-themen\/#primaryimage"},"thumbnailUrl":"https:\/\/aktuelles.uni-frankfurt.de\/wp-content\/uploads\/2020\/07\/Beitragsbild_UniReport_4-20.001.jpeg","keywords":["UniReport","UniReport 4.20"],"articleSection":["Gesellschaft","UniReport"],"inLanguage":"en-GB"},{"@type":"WebPage","@id":"https:\/\/aktuelles.uni-frankfurt.de\/gesellschaft\/neuer-unireport-4-20-zwischenbilanz-zur-corona-pandemie-und-weitere-spannende-themen\/","url":"https:\/\/aktuelles.uni-frankfurt.de\/gesellschaft\/neuer-unireport-4-20-zwischenbilanz-zur-corona-pandemie-und-weitere-spannende-themen\/","name":"Neuer UniReport (4.20): Zwischenbilanz zur Corona-Pandemie und weitere spannende Themen | Aktuelles aus der Goethe-Universit\u00e4t Frankfurt","isPartOf":{"@id":"https:\/\/aktuelles.uni-frankfurt.de\/#website"},"primaryImageOfPage":{"@id":"https:\/\/aktuelles.uni-frankfurt.de\/gesellschaft\/neuer-unireport-4-20-zwischenbilanz-zur-corona-pandemie-und-weitere-spannende-themen\/#primaryimage"},"image":{"@id":"https:\/\/aktuelles.uni-frankfurt.de\/gesellschaft\/neuer-unireport-4-20-zwischenbilanz-zur-corona-pandemie-und-weitere-spannende-themen\/#primaryimage"},"thumbnailUrl":"https:\/\/aktuelles.uni-frankfurt.de\/wp-content\/uploads\/2020\/07\/Beitragsbild_UniReport_4-20.001.jpeg","datePublished":"2020-07-17T11:53:30+00:00","dateModified":"2022-04-10T13:12:38+00:00","breadcrumb":{"@id":"https:\/\/aktuelles.uni-frankfurt.de\/gesellschaft\/neuer-unireport-4-20-zwischenbilanz-zur-corona-pandemie-und-weitere-spannende-themen\/#breadcrumb"},"inLanguage":"en-GB","potentialAction":[{"@type":"ReadAction","target":["https:\/\/aktuelles.uni-frankfurt.de\/gesellschaft\/neuer-unireport-4-20-zwischenbilanz-zur-corona-pandemie-und-weitere-spannende-themen\/"]}]},{"@type":"ImageObject","inLanguage":"en-GB","@id":"https:\/\/aktuelles.uni-frankfurt.de\/gesellschaft\/neuer-unireport-4-20-zwischenbilanz-zur-corona-pandemie-und-weitere-spannende-themen\/#primaryimage","url":"https:\/\/aktuelles.uni-frankfurt.de\/wp-content\/uploads\/2020\/07\/Beitragsbild_UniReport_4-20.001.jpeg","contentUrl":"https:\/\/aktuelles.uni-frankfurt.de\/wp-content\/uploads\/2020\/07\/Beitragsbild_UniReport_4-20.001.jpeg","width":650,"height":450},{"@type":"BreadcrumbList","@id":"https:\/\/aktuelles.uni-frankfurt.de\/gesellschaft\/neuer-unireport-4-20-zwischenbilanz-zur-corona-pandemie-und-weitere-spannende-themen\/#breadcrumb","itemListElement":[{"@type":"ListItem","position":1,"name":"Startseite","item":"https:\/\/aktuelles.uni-frankfurt.de\/"},{"@type":"ListItem","position":2,"name":"Neuer UniReport (4.20): Zwischenbilanz zur Corona-Pandemie und weitere spannende Themen"}]},{"@type":"WebSite","@id":"https:\/\/aktuelles.uni-frankfurt.de\/#website","url":"https:\/\/aktuelles.uni-frankfurt.de\/","name":"Aktuelles aus der Goethe-Universit\u00e4t Frankfurt","description":"Aktuelles aus der Goethe-Universit\u00e4t | Neues aus Forschung, Lehre, Studium","publisher":{"@id":"https:\/\/aktuelles.uni-frankfurt.de\/#organization"},"potentialAction":[{"@type":"SearchAction","target":{"@type":"EntryPoint","urlTemplate":"https:\/\/aktuelles.uni-frankfurt.de\/?s={search_term_string}"},"query-input":{"@type":"PropertyValueSpecification","valueRequired":true,"valueName":"search_term_string"}}],"inLanguage":"en-GB"},{"@type":"Organization","@id":"https:\/\/aktuelles.uni-frankfurt.de\/#organization","name":"Goethe University Frankfurt","url":"https:\/\/aktuelles.uni-frankfurt.de\/","logo":{"@type":"ImageObject","inLanguage":"en-GB","@id":"https:\/\/aktuelles.uni-frankfurt.de\/#\/schema\/logo\/image\/","url":"https:\/\/aktuelles.uni-frankfurt.de\/wp-content\/uploads\/2022\/03\/800px-Goethe-Logo.png","contentUrl":"https:\/\/aktuelles.uni-frankfurt.de\/wp-content\/uploads\/2022\/03\/800px-Goethe-Logo.png","width":800,"height":436,"caption":"Goethe-Universit\u00e4t"},"image":{"@id":"https:\/\/aktuelles.uni-frankfurt.de\/#\/schema\/logo\/image\/"}},{"@type":"Person","@id":"https:\/\/aktuelles.uni-frankfurt.de\/#\/schema\/person\/8e55ea338fb65d1ce87a91565d1f1739","name":"-","description":"Dieser Beitrag wurde von der Online-Redaktion ver\u00f6ffentlicht. Wenn der Beitrag von einem Gastautoren verfasst wurde, findet sich dieser Hinweis am Ende des jeweiligen Artikels.","sameAs":["http:\/\/aktuelles.uni-frankfurt.de\/autoren"],"url":"https:\/\/aktuelles.uni-frankfurt.de\/en\/author\/redaktion\/"}]}},"_links":{"self":[{"href":"https:\/\/aktuelles.uni-frankfurt.de\/en\/wp-json\/wp\/v2\/posts\/45301","targetHints":{"allow":["GET"]}}],"collection":[{"href":"https:\/\/aktuelles.uni-frankfurt.de\/en\/wp-json\/wp\/v2\/posts"}],"about":[{"href":"https:\/\/aktuelles.uni-frankfurt.de\/en\/wp-json\/wp\/v2\/types\/post"}],"author":[{"embeddable":true,"href":"https:\/\/aktuelles.uni-frankfurt.de\/en\/wp-json\/wp\/v2\/users\/8"}],"replies":[{"embeddable":true,"href":"https:\/\/aktuelles.uni-frankfurt.de\/en\/wp-json\/wp\/v2\/comments?post=45301"}],"version-history":[{"count":0,"href":"https:\/\/aktuelles.uni-frankfurt.de\/en\/wp-json\/wp\/v2\/posts\/45301\/revisions"}],"wp:featuredmedia":[{"embeddable":true,"href":"https:\/\/aktuelles.uni-frankfurt.de\/en\/wp-json\/wp\/v2\/media\/45302"}],"wp:attachment":[{"href":"https:\/\/aktuelles.uni-frankfurt.de\/en\/wp-json\/wp\/v2\/media?parent=45301"}],"wp:term":[{"taxonomy":"category","embeddable":true,"href":"https:\/\/aktuelles.uni-frankfurt.de\/en\/wp-json\/wp\/v2\/categories?post=45301"},{"taxonomy":"post_tag","embeddable":true,"href":"https:\/\/aktuelles.uni-frankfurt.de\/en\/wp-json\/wp\/v2\/tags?post=45301"},{"taxonomy":"post_folder","embeddable":true,"href":"https:\/\/aktuelles.uni-frankfurt.de\/en\/wp-json\/wp\/v2\/post_folder?post=45301"}],"curies":[{"name":"wp","href":"https:\/\/api.w.org\/{rel}","templated":true}]}}