{"id":45781,"date":"2020-08-17T14:17:48","date_gmt":"2020-08-17T12:17:48","guid":{"rendered":"https:\/\/aktuelles.uni-frankfurt.de\/?p=45781"},"modified":"2024-11-15T14:08:56","modified_gmt":"2024-11-15T13:08:56","slug":"prof-dr-reinhard-hujer-verstorben","status":"publish","type":"post","link":"https:\/\/aktuelles.uni-frankfurt.de\/en\/gesellschaft\/prof-dr-reinhard-hujer-verstorben\/","title":{"rendered":"Prof. Dr. Reinhard Hujer verstorben"},"content":{"rendered":"<div class=\"wp-block-image\"><figure class=\"aligncenter size-full\"><img fetchpriority=\"high\" decoding=\"async\" width=\"650\" height=\"450\" src=\"https:\/\/aktuelles.uni-frankfurt.de\/wp-content\/uploads\/2020\/08\/trauer_Stiftertag_Goethe-Universitaet_cw_10_2017_006_sw_ud.jpg\" alt=\"\" class=\"wp-image-45776\" srcset=\"https:\/\/aktuelles.uni-frankfurt.de\/wp-content\/uploads\/2020\/08\/trauer_Stiftertag_Goethe-Universitaet_cw_10_2017_006_sw_ud.jpg 650w, https:\/\/aktuelles.uni-frankfurt.de\/wp-content\/uploads\/2020\/08\/trauer_Stiftertag_Goethe-Universitaet_cw_10_2017_006_sw_ud-300x208.jpg 300w\" sizes=\"(max-width: 650px) 100vw, 650px\" \/><figcaption><em>Prof. Reinhard Hujer<\/em><\/figcaption><\/figure><\/div>\n\n\n\n<p>Im Oktober 2017 war er anl\u00e4sslich des ersten universit\u00e4tsweiten Stiftertags f\u00fcr seine Verdienste um die Goethe-Universit\u00e4t mit der universit\u00e4ren Ehrenmedaille ausgezeichnet worden. Nun ist Prof. Dr. Reinhard Hujer im Alter von 79 Jahren&nbsp;verstorben: \u201eDie Goethe-Universit\u00e4t trauert um einen verdienten Wissenschaftler, der sich auch nach seiner Emeritierung in beispielhafter Weise um seine Universit\u00e4t verdient gemacht hat. Reinhard Hujers fachkundigem und umsichtigem Engagement verdanken wir die Realisierung des ,Frankfurter Modells der W-Besoldung\u00b4\u201c, sagte Universit\u00e4tspr\u00e4sidentin Prof. Dr. Birgitta Wolff. \u201eWir sind Reinhard Hujer f\u00fcr seinen ma\u00dfgeblichen und langj\u00e4hrigen Beitrag f\u00fcr dieses \u00fcberaus anspruchsvolle Projekt zu gr\u00f6\u00dftem Dank verpflichtet und werden ihm an der Goethe-Universit\u00e4t ein ehrendes Andenken bewahren.\u201c<\/p>\n\n\n\n<p>Reinhard Hujer hatte an der Goethe-Universit\u00e4t seit 1980 bis zu seiner Emeritierung die Professur f\u00fcr Statistik und \u00d6konometrie inne.&nbsp;Seine hohe Fachkompetenz konnte er auch nach seinem aktiven Dienst in besonderem Ma\u00df einbringen, als 2009 das&nbsp;Frankfurter Modell der W-Besoldung&nbsp;an der Goethe-Universit\u00e4t eingef\u00fchrt wurde. Es sollte Professorinnen und Professoren zus\u00e4tzliche Anreize f\u00fcr die Erbringung hervorragender Leistungen in Forschung und Lehre bieten. Dazu wurden transparente Leistungsparameter definiert, die mit den globalen Zielen der Goethe-Universit\u00e4t in Einklang stehen (z.B. Publikationen, Drittmittel, Lehrevaluationen, Abschlussarbeiten). Eine Kommission aus \u201eElder Statesmen\u201c, der Prof. Dr. Hujer vorstand, \u00fcberwachte das Verfahren und gab Empfehlungen. Reinhard Hujer koordinierte und leitete die Arbeit des Ausschusses fast 10 Jahre mit viel Einsatz, Umsicht und Verl\u00e4sslichkeit. Dabei informierte der emeritierte Professor kontinuierlich das Pr\u00e4sidium und den Senat der Goethe-Universit\u00e4t. Der Senatskommission zur W-Besoldung stand er f\u00fcr R\u00fcckfragen und als Berater zur Verf\u00fcgung. Dass die \u201eElder Statesmen\u201c innerhalb der Kommission trotz der Zugeh\u00f6rigkeit zu verschiedenen Disziplinen stets zu einem einstimmigen Votum kamen, war der sachlichen Handlungsf\u00fchrung von Reinhard Hujer zu verdanken. Sein ehrenamtliches Engagement hat entscheidend dazu beigetragen, dass das Verfahren Akzeptanz fand.<\/p>","protected":false},"excerpt":{"rendered":"<p>Im Oktober 2017 war er anl\u00e4sslich des ersten universit\u00e4tsweiten Stiftertags f\u00fcr seine Verdienste um die Goethe-Universit\u00e4t mit der universit\u00e4ren Ehrenmedaille ausgezeichnet worden. Nun ist Prof. Dr. Reinhard Hujer im Alter [&hellip;]<\/p>\n","protected":false},"author":8,"featured_media":45776,"comment_status":"closed","ping_status":"closed","sticky":false,"template":"","format":"standard","meta":{"_eb_attr":"","_price":"","_stock":"","_tribe_ticket_header":"","_tribe_default_ticket_provider":"","_ticket_start_date":"","_ticket_end_date":"","_tribe_ticket_show_description":"","_tribe_ticket_show_not_going":false,"_tribe_ticket_use_global_stock":"","_tribe_ticket_global_stock_level":"","_global_stock_mode":"","_global_stock_cap":"","_tribe_rsvp_for_event":"","_tribe_ticket_going_count":"","_tribe_ticket_not_going_count":"","_tribe_tickets_list":"[]","_tribe_ticket_has_attendee_info_fields":false,"footnotes":""},"categories":[4],"tags":[390,22],"post_folder":[],"class_list":["post-45781","post","type-post","status-publish","format-standard","has-post-thumbnail","hentry","category-gesellschaft","tag-nachruf","tag-wirtschaftswissenschaften"],"yoast_head":"<!-- This site is optimized with the Yoast SEO plugin v27.5 - https:\/\/yoast.com\/product\/yoast-seo-wordpress\/ -->\n<title>Prof. Dr. Reinhard Hujer verstorben | Aktuelles aus der Goethe-Universit\u00e4t Frankfurt<\/title>\n<meta name=\"robots\" content=\"index, follow, max-snippet:-1, max-image-preview:large, max-video-preview:-1\" \/>\n<link rel=\"canonical\" href=\"https:\/\/aktuelles.uni-frankfurt.de\/en\/gesellschaft\/prof-dr-reinhard-hujer-verstorben\/\" \/>\n<meta property=\"og:locale\" content=\"en_GB\" \/>\n<meta property=\"og:type\" content=\"article\" \/>\n<meta property=\"og:title\" content=\"Prof. Dr. Reinhard Hujer verstorben | Aktuelles aus der Goethe-Universit\u00e4t Frankfurt\" \/>\n<meta property=\"og:description\" content=\"Im Oktober 2017 war er anl\u00e4sslich des ersten universit\u00e4tsweiten Stiftertags f\u00fcr seine Verdienste um die Goethe-Universit\u00e4t mit der universit\u00e4ren Ehrenmedaille ausgezeichnet worden. Nun ist Prof. Dr. Reinhard Hujer im Alter [&hellip;]\" \/>\n<meta property=\"og:url\" content=\"https:\/\/aktuelles.uni-frankfurt.de\/en\/gesellschaft\/prof-dr-reinhard-hujer-verstorben\/\" \/>\n<meta property=\"og:site_name\" content=\"Aktuelles aus der Goethe-Universit\u00e4t Frankfurt\" \/>\n<meta property=\"article:published_time\" content=\"2020-08-17T12:17:48+00:00\" \/>\n<meta property=\"article:modified_time\" content=\"2024-11-15T13:08:56+00:00\" \/>\n<meta property=\"og:image\" content=\"https:\/\/aktuelles.uni-frankfurt.de\/wp-content\/uploads\/2020\/08\/trauer_Stiftertag_Goethe-Universitaet_cw_10_2017_006_sw_ud.jpg\" \/>\n\t<meta property=\"og:image:width\" content=\"650\" \/>\n\t<meta property=\"og:image:height\" content=\"450\" \/>\n\t<meta property=\"og:image:type\" content=\"image\/jpeg\" \/>\n<meta name=\"author\" content=\"-\" \/>\n<meta name=\"twitter:card\" content=\"summary_large_image\" \/>\n<meta name=\"twitter:label1\" content=\"Written by\" \/>\n\t<meta name=\"twitter:data1\" content=\"-\" \/>\n\t<meta name=\"twitter:label2\" content=\"Estimated reading time\" \/>\n\t<meta name=\"twitter:data2\" content=\"2 minutes\" \/>\n<script type=\"application\/ld+json\" class=\"yoast-schema-graph\">{\"@context\":\"https:\\\/\\\/schema.org\",\"@graph\":[{\"@type\":\"Article\",\"@id\":\"https:\\\/\\\/aktuelles.uni-frankfurt.de\\\/gesellschaft\\\/prof-dr-reinhard-hujer-verstorben\\\/#article\",\"isPartOf\":{\"@id\":\"https:\\\/\\\/aktuelles.uni-frankfurt.de\\\/gesellschaft\\\/prof-dr-reinhard-hujer-verstorben\\\/\"},\"author\":{\"name\":\"-\",\"@id\":\"https:\\\/\\\/aktuelles.uni-frankfurt.de\\\/#\\\/schema\\\/person\\\/8e55ea338fb65d1ce87a91565d1f1739\"},\"headline\":\"Prof. Dr. Reinhard Hujer verstorben\",\"datePublished\":\"2020-08-17T12:17:48+00:00\",\"dateModified\":\"2024-11-15T13:08:56+00:00\",\"mainEntityOfPage\":{\"@id\":\"https:\\\/\\\/aktuelles.uni-frankfurt.de\\\/gesellschaft\\\/prof-dr-reinhard-hujer-verstorben\\\/\"},\"wordCount\":326,\"publisher\":{\"@id\":\"https:\\\/\\\/aktuelles.uni-frankfurt.de\\\/#organization\"},\"image\":{\"@id\":\"https:\\\/\\\/aktuelles.uni-frankfurt.de\\\/gesellschaft\\\/prof-dr-reinhard-hujer-verstorben\\\/#primaryimage\"},\"thumbnailUrl\":\"https:\\\/\\\/aktuelles.uni-frankfurt.de\\\/wp-content\\\/uploads\\\/2020\\\/08\\\/trauer_Stiftertag_Goethe-Universitaet_cw_10_2017_006_sw_ud.jpg\",\"keywords\":[\"Nachruf\",\"Wirtschaftswissenschaften\"],\"articleSection\":[\"Gesellschaft\"],\"inLanguage\":\"en-GB\"},{\"@type\":\"WebPage\",\"@id\":\"https:\\\/\\\/aktuelles.uni-frankfurt.de\\\/gesellschaft\\\/prof-dr-reinhard-hujer-verstorben\\\/\",\"url\":\"https:\\\/\\\/aktuelles.uni-frankfurt.de\\\/gesellschaft\\\/prof-dr-reinhard-hujer-verstorben\\\/\",\"name\":\"Prof. Dr. Reinhard Hujer verstorben | Aktuelles aus der Goethe-Universit\u00e4t Frankfurt\",\"isPartOf\":{\"@id\":\"https:\\\/\\\/aktuelles.uni-frankfurt.de\\\/#website\"},\"primaryImageOfPage\":{\"@id\":\"https:\\\/\\\/aktuelles.uni-frankfurt.de\\\/gesellschaft\\\/prof-dr-reinhard-hujer-verstorben\\\/#primaryimage\"},\"image\":{\"@id\":\"https:\\\/\\\/aktuelles.uni-frankfurt.de\\\/gesellschaft\\\/prof-dr-reinhard-hujer-verstorben\\\/#primaryimage\"},\"thumbnailUrl\":\"https:\\\/\\\/aktuelles.uni-frankfurt.de\\\/wp-content\\\/uploads\\\/2020\\\/08\\\/trauer_Stiftertag_Goethe-Universitaet_cw_10_2017_006_sw_ud.jpg\",\"datePublished\":\"2020-08-17T12:17:48+00:00\",\"dateModified\":\"2024-11-15T13:08:56+00:00\",\"breadcrumb\":{\"@id\":\"https:\\\/\\\/aktuelles.uni-frankfurt.de\\\/gesellschaft\\\/prof-dr-reinhard-hujer-verstorben\\\/#breadcrumb\"},\"inLanguage\":\"en-GB\",\"potentialAction\":[{\"@type\":\"ReadAction\",\"target\":[\"https:\\\/\\\/aktuelles.uni-frankfurt.de\\\/gesellschaft\\\/prof-dr-reinhard-hujer-verstorben\\\/\"]}]},{\"@type\":\"ImageObject\",\"inLanguage\":\"en-GB\",\"@id\":\"https:\\\/\\\/aktuelles.uni-frankfurt.de\\\/gesellschaft\\\/prof-dr-reinhard-hujer-verstorben\\\/#primaryimage\",\"url\":\"https:\\\/\\\/aktuelles.uni-frankfurt.de\\\/wp-content\\\/uploads\\\/2020\\\/08\\\/trauer_Stiftertag_Goethe-Universitaet_cw_10_2017_006_sw_ud.jpg\",\"contentUrl\":\"https:\\\/\\\/aktuelles.uni-frankfurt.de\\\/wp-content\\\/uploads\\\/2020\\\/08\\\/trauer_Stiftertag_Goethe-Universitaet_cw_10_2017_006_sw_ud.jpg\",\"width\":650,\"height\":450,\"caption\":\"Prof. Reinhard Hujer\"},{\"@type\":\"BreadcrumbList\",\"@id\":\"https:\\\/\\\/aktuelles.uni-frankfurt.de\\\/gesellschaft\\\/prof-dr-reinhard-hujer-verstorben\\\/#breadcrumb\",\"itemListElement\":[{\"@type\":\"ListItem\",\"position\":1,\"name\":\"Startseite\",\"item\":\"https:\\\/\\\/aktuelles.uni-frankfurt.de\\\/\"},{\"@type\":\"ListItem\",\"position\":2,\"name\":\"Prof. Dr. Reinhard Hujer verstorben\"}]},{\"@type\":\"WebSite\",\"@id\":\"https:\\\/\\\/aktuelles.uni-frankfurt.de\\\/#website\",\"url\":\"https:\\\/\\\/aktuelles.uni-frankfurt.de\\\/\",\"name\":\"Aktuelles aus der Goethe-Universit\u00e4t Frankfurt\",\"description\":\"Aktuelles aus der Goethe-Universit\u00e4t | Neues aus Forschung, Lehre, Studium\",\"publisher\":{\"@id\":\"https:\\\/\\\/aktuelles.uni-frankfurt.de\\\/#organization\"},\"potentialAction\":[{\"@type\":\"SearchAction\",\"target\":{\"@type\":\"EntryPoint\",\"urlTemplate\":\"https:\\\/\\\/aktuelles.uni-frankfurt.de\\\/?s={search_term_string}\"},\"query-input\":{\"@type\":\"PropertyValueSpecification\",\"valueRequired\":true,\"valueName\":\"search_term_string\"}}],\"inLanguage\":\"en-GB\"},{\"@type\":\"Organization\",\"@id\":\"https:\\\/\\\/aktuelles.uni-frankfurt.de\\\/#organization\",\"name\":\"Goethe-Universit\u00e4t\",\"url\":\"https:\\\/\\\/aktuelles.uni-frankfurt.de\\\/\",\"logo\":{\"@type\":\"ImageObject\",\"inLanguage\":\"en-GB\",\"@id\":\"https:\\\/\\\/aktuelles.uni-frankfurt.de\\\/#\\\/schema\\\/logo\\\/image\\\/\",\"url\":\"https:\\\/\\\/aktuelles.uni-frankfurt.de\\\/wp-content\\\/uploads\\\/2022\\\/03\\\/800px-Goethe-Logo.png\",\"contentUrl\":\"https:\\\/\\\/aktuelles.uni-frankfurt.de\\\/wp-content\\\/uploads\\\/2022\\\/03\\\/800px-Goethe-Logo.png\",\"width\":800,\"height\":436,\"caption\":\"Goethe-Universit\u00e4t\"},\"image\":{\"@id\":\"https:\\\/\\\/aktuelles.uni-frankfurt.de\\\/#\\\/schema\\\/logo\\\/image\\\/\"}},{\"@type\":\"Person\",\"@id\":\"https:\\\/\\\/aktuelles.uni-frankfurt.de\\\/#\\\/schema\\\/person\\\/8e55ea338fb65d1ce87a91565d1f1739\",\"name\":\"-\",\"description\":\"Dieser Beitrag wurde von der Online-Redaktion ver\u00f6ffentlicht. Wenn der Beitrag von einem Gastautoren verfasst wurde, findet sich dieser Hinweis am Ende des jeweiligen Artikels.\",\"sameAs\":[\"http:\\\/\\\/aktuelles.uni-frankfurt.de\\\/autoren\"],\"url\":\"https:\\\/\\\/aktuelles.uni-frankfurt.de\\\/en\\\/author\\\/redaktion\\\/\"}]}<\/script>\n<!-- \/ Yoast SEO plugin. -->","yoast_head_json":{"title":"Prof. Dr. Reinhard Hujer verstorben | Aktuelles aus der Goethe-Universit\u00e4t Frankfurt","robots":{"index":"index","follow":"follow","max-snippet":"max-snippet:-1","max-image-preview":"max-image-preview:large","max-video-preview":"max-video-preview:-1"},"canonical":"https:\/\/aktuelles.uni-frankfurt.de\/en\/gesellschaft\/prof-dr-reinhard-hujer-verstorben\/","og_locale":"en_GB","og_type":"article","og_title":"Prof. Dr. Reinhard Hujer verstorben | Aktuelles aus der Goethe-Universit\u00e4t Frankfurt","og_description":"Im Oktober 2017 war er anl\u00e4sslich des ersten universit\u00e4tsweiten Stiftertags f\u00fcr seine Verdienste um die Goethe-Universit\u00e4t mit der universit\u00e4ren Ehrenmedaille ausgezeichnet worden. Nun ist Prof. Dr. Reinhard Hujer im Alter [&hellip;]","og_url":"https:\/\/aktuelles.uni-frankfurt.de\/en\/gesellschaft\/prof-dr-reinhard-hujer-verstorben\/","og_site_name":"Aktuelles aus der Goethe-Universit\u00e4t Frankfurt","article_published_time":"2020-08-17T12:17:48+00:00","article_modified_time":"2024-11-15T13:08:56+00:00","og_image":[{"width":650,"height":450,"url":"https:\/\/aktuelles.uni-frankfurt.de\/wp-content\/uploads\/2020\/08\/trauer_Stiftertag_Goethe-Universitaet_cw_10_2017_006_sw_ud.jpg","type":"image\/jpeg"}],"author":"-","twitter_card":"summary_large_image","twitter_misc":{"Written by":"-","Estimated reading time":"2 minutes"},"schema":{"@context":"https:\/\/schema.org","@graph":[{"@type":"Article","@id":"https:\/\/aktuelles.uni-frankfurt.de\/gesellschaft\/prof-dr-reinhard-hujer-verstorben\/#article","isPartOf":{"@id":"https:\/\/aktuelles.uni-frankfurt.de\/gesellschaft\/prof-dr-reinhard-hujer-verstorben\/"},"author":{"name":"-","@id":"https:\/\/aktuelles.uni-frankfurt.de\/#\/schema\/person\/8e55ea338fb65d1ce87a91565d1f1739"},"headline":"Prof. Dr. Reinhard Hujer verstorben","datePublished":"2020-08-17T12:17:48+00:00","dateModified":"2024-11-15T13:08:56+00:00","mainEntityOfPage":{"@id":"https:\/\/aktuelles.uni-frankfurt.de\/gesellschaft\/prof-dr-reinhard-hujer-verstorben\/"},"wordCount":326,"publisher":{"@id":"https:\/\/aktuelles.uni-frankfurt.de\/#organization"},"image":{"@id":"https:\/\/aktuelles.uni-frankfurt.de\/gesellschaft\/prof-dr-reinhard-hujer-verstorben\/#primaryimage"},"thumbnailUrl":"https:\/\/aktuelles.uni-frankfurt.de\/wp-content\/uploads\/2020\/08\/trauer_Stiftertag_Goethe-Universitaet_cw_10_2017_006_sw_ud.jpg","keywords":["Nachruf","Wirtschaftswissenschaften"],"articleSection":["Gesellschaft"],"inLanguage":"en-GB"},{"@type":"WebPage","@id":"https:\/\/aktuelles.uni-frankfurt.de\/gesellschaft\/prof-dr-reinhard-hujer-verstorben\/","url":"https:\/\/aktuelles.uni-frankfurt.de\/gesellschaft\/prof-dr-reinhard-hujer-verstorben\/","name":"Prof. Dr. Reinhard Hujer verstorben | Aktuelles aus der Goethe-Universit\u00e4t Frankfurt","isPartOf":{"@id":"https:\/\/aktuelles.uni-frankfurt.de\/#website"},"primaryImageOfPage":{"@id":"https:\/\/aktuelles.uni-frankfurt.de\/gesellschaft\/prof-dr-reinhard-hujer-verstorben\/#primaryimage"},"image":{"@id":"https:\/\/aktuelles.uni-frankfurt.de\/gesellschaft\/prof-dr-reinhard-hujer-verstorben\/#primaryimage"},"thumbnailUrl":"https:\/\/aktuelles.uni-frankfurt.de\/wp-content\/uploads\/2020\/08\/trauer_Stiftertag_Goethe-Universitaet_cw_10_2017_006_sw_ud.jpg","datePublished":"2020-08-17T12:17:48+00:00","dateModified":"2024-11-15T13:08:56+00:00","breadcrumb":{"@id":"https:\/\/aktuelles.uni-frankfurt.de\/gesellschaft\/prof-dr-reinhard-hujer-verstorben\/#breadcrumb"},"inLanguage":"en-GB","potentialAction":[{"@type":"ReadAction","target":["https:\/\/aktuelles.uni-frankfurt.de\/gesellschaft\/prof-dr-reinhard-hujer-verstorben\/"]}]},{"@type":"ImageObject","inLanguage":"en-GB","@id":"https:\/\/aktuelles.uni-frankfurt.de\/gesellschaft\/prof-dr-reinhard-hujer-verstorben\/#primaryimage","url":"https:\/\/aktuelles.uni-frankfurt.de\/wp-content\/uploads\/2020\/08\/trauer_Stiftertag_Goethe-Universitaet_cw_10_2017_006_sw_ud.jpg","contentUrl":"https:\/\/aktuelles.uni-frankfurt.de\/wp-content\/uploads\/2020\/08\/trauer_Stiftertag_Goethe-Universitaet_cw_10_2017_006_sw_ud.jpg","width":650,"height":450,"caption":"Prof. Reinhard Hujer"},{"@type":"BreadcrumbList","@id":"https:\/\/aktuelles.uni-frankfurt.de\/gesellschaft\/prof-dr-reinhard-hujer-verstorben\/#breadcrumb","itemListElement":[{"@type":"ListItem","position":1,"name":"Startseite","item":"https:\/\/aktuelles.uni-frankfurt.de\/"},{"@type":"ListItem","position":2,"name":"Prof. Dr. Reinhard Hujer verstorben"}]},{"@type":"WebSite","@id":"https:\/\/aktuelles.uni-frankfurt.de\/#website","url":"https:\/\/aktuelles.uni-frankfurt.de\/","name":"Aktuelles aus der Goethe-Universit\u00e4t Frankfurt","description":"Aktuelles aus der Goethe-Universit\u00e4t | Neues aus Forschung, Lehre, Studium","publisher":{"@id":"https:\/\/aktuelles.uni-frankfurt.de\/#organization"},"potentialAction":[{"@type":"SearchAction","target":{"@type":"EntryPoint","urlTemplate":"https:\/\/aktuelles.uni-frankfurt.de\/?s={search_term_string}"},"query-input":{"@type":"PropertyValueSpecification","valueRequired":true,"valueName":"search_term_string"}}],"inLanguage":"en-GB"},{"@type":"Organization","@id":"https:\/\/aktuelles.uni-frankfurt.de\/#organization","name":"Goethe University Frankfurt","url":"https:\/\/aktuelles.uni-frankfurt.de\/","logo":{"@type":"ImageObject","inLanguage":"en-GB","@id":"https:\/\/aktuelles.uni-frankfurt.de\/#\/schema\/logo\/image\/","url":"https:\/\/aktuelles.uni-frankfurt.de\/wp-content\/uploads\/2022\/03\/800px-Goethe-Logo.png","contentUrl":"https:\/\/aktuelles.uni-frankfurt.de\/wp-content\/uploads\/2022\/03\/800px-Goethe-Logo.png","width":800,"height":436,"caption":"Goethe-Universit\u00e4t"},"image":{"@id":"https:\/\/aktuelles.uni-frankfurt.de\/#\/schema\/logo\/image\/"}},{"@type":"Person","@id":"https:\/\/aktuelles.uni-frankfurt.de\/#\/schema\/person\/8e55ea338fb65d1ce87a91565d1f1739","name":"-","description":"Dieser Beitrag wurde von der Online-Redaktion ver\u00f6ffentlicht. Wenn der Beitrag von einem Gastautoren verfasst wurde, findet sich dieser Hinweis am Ende des jeweiligen Artikels.","sameAs":["http:\/\/aktuelles.uni-frankfurt.de\/autoren"],"url":"https:\/\/aktuelles.uni-frankfurt.de\/en\/author\/redaktion\/"}]}},"_links":{"self":[{"href":"https:\/\/aktuelles.uni-frankfurt.de\/en\/wp-json\/wp\/v2\/posts\/45781","targetHints":{"allow":["GET"]}}],"collection":[{"href":"https:\/\/aktuelles.uni-frankfurt.de\/en\/wp-json\/wp\/v2\/posts"}],"about":[{"href":"https:\/\/aktuelles.uni-frankfurt.de\/en\/wp-json\/wp\/v2\/types\/post"}],"author":[{"embeddable":true,"href":"https:\/\/aktuelles.uni-frankfurt.de\/en\/wp-json\/wp\/v2\/users\/8"}],"replies":[{"embeddable":true,"href":"https:\/\/aktuelles.uni-frankfurt.de\/en\/wp-json\/wp\/v2\/comments?post=45781"}],"version-history":[{"count":0,"href":"https:\/\/aktuelles.uni-frankfurt.de\/en\/wp-json\/wp\/v2\/posts\/45781\/revisions"}],"wp:featuredmedia":[{"embeddable":true,"href":"https:\/\/aktuelles.uni-frankfurt.de\/en\/wp-json\/wp\/v2\/media\/45776"}],"wp:attachment":[{"href":"https:\/\/aktuelles.uni-frankfurt.de\/en\/wp-json\/wp\/v2\/media?parent=45781"}],"wp:term":[{"taxonomy":"category","embeddable":true,"href":"https:\/\/aktuelles.uni-frankfurt.de\/en\/wp-json\/wp\/v2\/categories?post=45781"},{"taxonomy":"post_tag","embeddable":true,"href":"https:\/\/aktuelles.uni-frankfurt.de\/en\/wp-json\/wp\/v2\/tags?post=45781"},{"taxonomy":"post_folder","embeddable":true,"href":"https:\/\/aktuelles.uni-frankfurt.de\/en\/wp-json\/wp\/v2\/post_folder?post=45781"}],"curies":[{"name":"wp","href":"https:\/\/api.w.org\/{rel}","templated":true}]}}