{"id":46990,"date":"2020-10-22T11:30:23","date_gmt":"2020-10-22T09:30:23","guid":{"rendered":"https:\/\/aktuelles.uni-frankfurt.de\/?p=46990"},"modified":"2020-10-22T15:26:04","modified_gmt":"2020-10-22T13:26:04","slug":"frankfurter-althistoriker-hartmut-leppin-uebernimmt-vorsitz-am-historischen-kolleg","status":"publish","type":"post","link":"https:\/\/aktuelles.uni-frankfurt.de\/en\/menschen\/frankfurter-althistoriker-hartmut-leppin-uebernimmt-vorsitz-am-historischen-kolleg\/","title":{"rendered":"Frankfurter Althistoriker Hartmut Leppin \u00fcbernimmt Vorsitz am Historischen Kolleg"},"content":{"rendered":"<div class=\"wp-block-image\"><figure class=\"aligncenter size-large\"><img fetchpriority=\"high\" decoding=\"async\" width=\"650\" height=\"450\" src=\"https:\/\/aktuelles.uni-frankfurt.de\/wp-content\/uploads\/2020\/10\/beitragsbild_Leppin_Hartmut_2014.jpg\" alt=\"\" class=\"wp-image-46988\" srcset=\"https:\/\/aktuelles.uni-frankfurt.de\/wp-content\/uploads\/2020\/10\/beitragsbild_Leppin_Hartmut_2014.jpg 650w, https:\/\/aktuelles.uni-frankfurt.de\/wp-content\/uploads\/2020\/10\/beitragsbild_Leppin_Hartmut_2014-300x208.jpg 300w\" sizes=\"(max-width: 650px) 100vw, 650px\" \/><\/figure><\/div>\n\n\n\n<p>Prof. Dr. Hartmut Leppin, Althistoriker an der Goethe-Universit\u00e4t, ist vom Kuratorium des Historischen Kollegs zu seinem neuen Vorsitzenden gew\u00e4hlt worden. Die Amtszeit betr\u00e4gt zwei Jahre. Leppin folgt in diesem Amt auf Prof. Dr. Martin Schulze Wessel, der satzungsgem\u00e4\u00df nach zehn Jahren aus dem Gremium ausgeschieden ist.<\/p>\n\n\n\n<p>Das Historische Kolleg wurde 1980 vom Stiftungsfonds der Deutschen Bank und vom Stifterverband f\u00fcr die Deutsche Wissenschaft gegr\u00fcndet und hat seinen Sitz in M\u00fcnchen. Tr\u00e4ger ist die Stiftung zur F\u00f6rderung der Historischen Kommission bei der Bayerischen Akademie der Wissenschaften und des Historischen Kollegs. Die Grundausstattung wird seit dem Jahr 2000 vom Freistaat Bayern finanziert, f\u00fcr die Forschungsstipendien werden private Zuwendung eingesetzt. Die Fellowships des Historischen Kollegs erlauben es Forscherinnen und Forschern, ungest\u00f6rt an gro\u00dfen Buchprojekten zu arbeiten. Das Historische Kolleg verleiht f\u00fcr herausragende Historikerinnen und Historiker den Preis des Historischen Kollegs. Zudem ist der Internationale Forschungspreis der Max Weber Stiftung am Institut angesiedelt. \u201eEs ist eine gro\u00dfe Ehre, dieses traditionsreiche Institute for Advanced Study zu leiten. Meine wichtigste Aufgabe wird sein, die Freir\u00e4ume zu bewahren, die Internationalit\u00e4t voranzutreiben und das Kolleg als einen Ort hoher wissenschaftlicher Produktivit\u00e4t und anspruchsvollen wissenschaftlichen Austauschs sichtbar zu machen\u201c, sagt Leppin.<\/p>\n\n\n\n<p>Hartmut Leppin, Jahrgang 1963, hat in Marburg, Heidelberg und Pavia Geschichte, Latein, Griechisch und Erziehungswissenschaften studiert.  1990 wurde er in Marburg promoviert, 1995 folgte die Habilitation an der Freien Universit\u00e4t Berlin. Seit 2001 lehrt Leppin als Professor an der Goethe-Universit\u00e4t Alte Geschichte. Mehrere Rufe an andere Universit\u00e4ten schlug er aus. F\u00fcr 2015 wurde ihm der Gottfried-Wilhelm-Leibniz-Preis zugesprochen, 2019 erhielt er f\u00fcr seine Forschungen zur \u201ePolyphonie des fr\u00fchen Christentums\u201c den Erwin-Stein-Preis. Sein aktueller Forschungsschwerpunkt ist die Sp\u00e4tantike und dabei besonders die Christianisierungsprozesse.<\/p>","protected":false},"excerpt":{"rendered":"<p>Prof. Dr. Hartmut Leppin, Althistoriker an der Goethe-Universit\u00e4t, ist vom Kuratorium des Historischen Kollegs zu seinem neuen Vorsitzenden gew\u00e4hlt worden. Die Amtszeit betr\u00e4gt zwei Jahre. Leppin folgt in diesem Amt [&hellip;]<\/p>\n","protected":false},"author":5,"featured_media":46988,"comment_status":"closed","ping_status":"closed","sticky":false,"template":"","format":"standard","meta":{"_eb_attr":"","_price":"","_stock":"","_tribe_ticket_header":"","_tribe_default_ticket_provider":"","_ticket_start_date":"","_ticket_end_date":"","_tribe_ticket_show_description":"","_tribe_ticket_show_not_going":false,"_tribe_ticket_use_global_stock":"","_tribe_ticket_global_stock_level":"","_global_stock_mode":"","_global_stock_cap":"","_tribe_rsvp_for_event":"","_tribe_ticket_going_count":"","_tribe_ticket_not_going_count":"","_tribe_tickets_list":"[]","_tribe_ticket_has_attendee_info_fields":false,"footnotes":""},"categories":[6,91],"tags":[152,58],"post_folder":[],"class_list":["post-46990","post","type-post","status-publish","format-standard","has-post-thumbnail","hentry","category-menschen","category-zticky","tag-geschichte","tag-philosophie-und-geschichtswissenschaften"],"yoast_head":"<!-- This site is optimized with the Yoast SEO plugin v27.5 - https:\/\/yoast.com\/product\/yoast-seo-wordpress\/ -->\n<title>Frankfurter Althistoriker Hartmut Leppin \u00fcbernimmt Vorsitz am Historischen Kolleg | Aktuelles aus der Goethe-Universit\u00e4t Frankfurt<\/title>\n<meta name=\"robots\" content=\"index, follow, max-snippet:-1, max-image-preview:large, max-video-preview:-1\" \/>\n<link rel=\"canonical\" href=\"https:\/\/aktuelles.uni-frankfurt.de\/en\/menschen\/frankfurter-althistoriker-hartmut-leppin-uebernimmt-vorsitz-am-historischen-kolleg\/\" \/>\n<meta property=\"og:locale\" content=\"en_GB\" \/>\n<meta property=\"og:type\" content=\"article\" \/>\n<meta property=\"og:title\" content=\"Frankfurter Althistoriker Hartmut Leppin \u00fcbernimmt Vorsitz am Historischen Kolleg | Aktuelles aus der Goethe-Universit\u00e4t Frankfurt\" \/>\n<meta property=\"og:description\" content=\"Prof. Dr. Hartmut Leppin, Althistoriker an der Goethe-Universit\u00e4t, ist vom Kuratorium des Historischen Kollegs zu seinem neuen Vorsitzenden gew\u00e4hlt worden. Die Amtszeit betr\u00e4gt zwei Jahre. Leppin folgt in diesem Amt [&hellip;]\" \/>\n<meta property=\"og:url\" content=\"https:\/\/aktuelles.uni-frankfurt.de\/en\/menschen\/frankfurter-althistoriker-hartmut-leppin-uebernimmt-vorsitz-am-historischen-kolleg\/\" \/>\n<meta property=\"og:site_name\" content=\"Aktuelles aus der Goethe-Universit\u00e4t Frankfurt\" \/>\n<meta property=\"article:published_time\" content=\"2020-10-22T09:30:23+00:00\" \/>\n<meta property=\"article:modified_time\" content=\"2020-10-22T13:26:04+00:00\" \/>\n<meta property=\"og:image\" content=\"https:\/\/aktuelles.uni-frankfurt.de\/wp-content\/uploads\/2020\/10\/beitragsbild_Leppin_Hartmut_2014.jpg\" \/>\n\t<meta property=\"og:image:width\" content=\"650\" \/>\n\t<meta property=\"og:image:height\" content=\"450\" \/>\n\t<meta property=\"og:image:type\" content=\"image\/jpeg\" \/>\n<meta name=\"author\" content=\"Dr. Anke Sauter\" \/>\n<meta name=\"twitter:card\" content=\"summary_large_image\" \/>\n<meta name=\"twitter:label1\" content=\"Written by\" \/>\n\t<meta name=\"twitter:data1\" content=\"Dr. Anke Sauter\" \/>\n\t<meta name=\"twitter:label2\" content=\"Estimated reading time\" \/>\n\t<meta name=\"twitter:data2\" content=\"1 minute\" \/>\n<script type=\"application\/ld+json\" class=\"yoast-schema-graph\">{\"@context\":\"https:\\\/\\\/schema.org\",\"@graph\":[{\"@type\":\"Article\",\"@id\":\"https:\\\/\\\/aktuelles.uni-frankfurt.de\\\/menschen\\\/frankfurter-althistoriker-hartmut-leppin-uebernimmt-vorsitz-am-historischen-kolleg\\\/#article\",\"isPartOf\":{\"@id\":\"https:\\\/\\\/aktuelles.uni-frankfurt.de\\\/menschen\\\/frankfurter-althistoriker-hartmut-leppin-uebernimmt-vorsitz-am-historischen-kolleg\\\/\"},\"author\":{\"name\":\"Dr. Anke Sauter\",\"@id\":\"https:\\\/\\\/aktuelles.uni-frankfurt.de\\\/#\\\/schema\\\/person\\\/1b9eb6fa6c6aed90031661dd4e37970d\"},\"headline\":\"Frankfurter Althistoriker Hartmut Leppin \u00fcbernimmt Vorsitz am Historischen Kolleg\",\"datePublished\":\"2020-10-22T09:30:23+00:00\",\"dateModified\":\"2020-10-22T13:26:04+00:00\",\"mainEntityOfPage\":{\"@id\":\"https:\\\/\\\/aktuelles.uni-frankfurt.de\\\/menschen\\\/frankfurter-althistoriker-hartmut-leppin-uebernimmt-vorsitz-am-historischen-kolleg\\\/\"},\"wordCount\":297,\"publisher\":{\"@id\":\"https:\\\/\\\/aktuelles.uni-frankfurt.de\\\/#organization\"},\"image\":{\"@id\":\"https:\\\/\\\/aktuelles.uni-frankfurt.de\\\/menschen\\\/frankfurter-althistoriker-hartmut-leppin-uebernimmt-vorsitz-am-historischen-kolleg\\\/#primaryimage\"},\"thumbnailUrl\":\"https:\\\/\\\/aktuelles.uni-frankfurt.de\\\/wp-content\\\/uploads\\\/2020\\\/10\\\/beitragsbild_Leppin_Hartmut_2014.jpg\",\"keywords\":[\"Geschichte\",\"Philosophie und Geschichtswissenschaften\"],\"articleSection\":[\"Menschen\",\"Zticky\"],\"inLanguage\":\"en-GB\"},{\"@type\":\"WebPage\",\"@id\":\"https:\\\/\\\/aktuelles.uni-frankfurt.de\\\/menschen\\\/frankfurter-althistoriker-hartmut-leppin-uebernimmt-vorsitz-am-historischen-kolleg\\\/\",\"url\":\"https:\\\/\\\/aktuelles.uni-frankfurt.de\\\/menschen\\\/frankfurter-althistoriker-hartmut-leppin-uebernimmt-vorsitz-am-historischen-kolleg\\\/\",\"name\":\"Frankfurter Althistoriker Hartmut Leppin \u00fcbernimmt Vorsitz am Historischen Kolleg | Aktuelles aus der Goethe-Universit\u00e4t Frankfurt\",\"isPartOf\":{\"@id\":\"https:\\\/\\\/aktuelles.uni-frankfurt.de\\\/#website\"},\"primaryImageOfPage\":{\"@id\":\"https:\\\/\\\/aktuelles.uni-frankfurt.de\\\/menschen\\\/frankfurter-althistoriker-hartmut-leppin-uebernimmt-vorsitz-am-historischen-kolleg\\\/#primaryimage\"},\"image\":{\"@id\":\"https:\\\/\\\/aktuelles.uni-frankfurt.de\\\/menschen\\\/frankfurter-althistoriker-hartmut-leppin-uebernimmt-vorsitz-am-historischen-kolleg\\\/#primaryimage\"},\"thumbnailUrl\":\"https:\\\/\\\/aktuelles.uni-frankfurt.de\\\/wp-content\\\/uploads\\\/2020\\\/10\\\/beitragsbild_Leppin_Hartmut_2014.jpg\",\"datePublished\":\"2020-10-22T09:30:23+00:00\",\"dateModified\":\"2020-10-22T13:26:04+00:00\",\"breadcrumb\":{\"@id\":\"https:\\\/\\\/aktuelles.uni-frankfurt.de\\\/menschen\\\/frankfurter-althistoriker-hartmut-leppin-uebernimmt-vorsitz-am-historischen-kolleg\\\/#breadcrumb\"},\"inLanguage\":\"en-GB\",\"potentialAction\":[{\"@type\":\"ReadAction\",\"target\":[\"https:\\\/\\\/aktuelles.uni-frankfurt.de\\\/menschen\\\/frankfurter-althistoriker-hartmut-leppin-uebernimmt-vorsitz-am-historischen-kolleg\\\/\"]}]},{\"@type\":\"ImageObject\",\"inLanguage\":\"en-GB\",\"@id\":\"https:\\\/\\\/aktuelles.uni-frankfurt.de\\\/menschen\\\/frankfurter-althistoriker-hartmut-leppin-uebernimmt-vorsitz-am-historischen-kolleg\\\/#primaryimage\",\"url\":\"https:\\\/\\\/aktuelles.uni-frankfurt.de\\\/wp-content\\\/uploads\\\/2020\\\/10\\\/beitragsbild_Leppin_Hartmut_2014.jpg\",\"contentUrl\":\"https:\\\/\\\/aktuelles.uni-frankfurt.de\\\/wp-content\\\/uploads\\\/2020\\\/10\\\/beitragsbild_Leppin_Hartmut_2014.jpg\",\"width\":650,\"height\":450},{\"@type\":\"BreadcrumbList\",\"@id\":\"https:\\\/\\\/aktuelles.uni-frankfurt.de\\\/menschen\\\/frankfurter-althistoriker-hartmut-leppin-uebernimmt-vorsitz-am-historischen-kolleg\\\/#breadcrumb\",\"itemListElement\":[{\"@type\":\"ListItem\",\"position\":1,\"name\":\"Startseite\",\"item\":\"https:\\\/\\\/aktuelles.uni-frankfurt.de\\\/\"},{\"@type\":\"ListItem\",\"position\":2,\"name\":\"Frankfurter Althistoriker Hartmut Leppin \u00fcbernimmt Vorsitz am Historischen Kolleg\"}]},{\"@type\":\"WebSite\",\"@id\":\"https:\\\/\\\/aktuelles.uni-frankfurt.de\\\/#website\",\"url\":\"https:\\\/\\\/aktuelles.uni-frankfurt.de\\\/\",\"name\":\"Aktuelles aus der Goethe-Universit\u00e4t Frankfurt\",\"description\":\"Aktuelles aus der Goethe-Universit\u00e4t | Neues aus Forschung, Lehre, Studium\",\"publisher\":{\"@id\":\"https:\\\/\\\/aktuelles.uni-frankfurt.de\\\/#organization\"},\"potentialAction\":[{\"@type\":\"SearchAction\",\"target\":{\"@type\":\"EntryPoint\",\"urlTemplate\":\"https:\\\/\\\/aktuelles.uni-frankfurt.de\\\/?s={search_term_string}\"},\"query-input\":{\"@type\":\"PropertyValueSpecification\",\"valueRequired\":true,\"valueName\":\"search_term_string\"}}],\"inLanguage\":\"en-GB\"},{\"@type\":\"Organization\",\"@id\":\"https:\\\/\\\/aktuelles.uni-frankfurt.de\\\/#organization\",\"name\":\"Goethe-Universit\u00e4t\",\"url\":\"https:\\\/\\\/aktuelles.uni-frankfurt.de\\\/\",\"logo\":{\"@type\":\"ImageObject\",\"inLanguage\":\"en-GB\",\"@id\":\"https:\\\/\\\/aktuelles.uni-frankfurt.de\\\/#\\\/schema\\\/logo\\\/image\\\/\",\"url\":\"https:\\\/\\\/aktuelles.uni-frankfurt.de\\\/wp-content\\\/uploads\\\/2022\\\/03\\\/800px-Goethe-Logo.png\",\"contentUrl\":\"https:\\\/\\\/aktuelles.uni-frankfurt.de\\\/wp-content\\\/uploads\\\/2022\\\/03\\\/800px-Goethe-Logo.png\",\"width\":800,\"height\":436,\"caption\":\"Goethe-Universit\u00e4t\"},\"image\":{\"@id\":\"https:\\\/\\\/aktuelles.uni-frankfurt.de\\\/#\\\/schema\\\/logo\\\/image\\\/\"}},{\"@type\":\"Person\",\"@id\":\"https:\\\/\\\/aktuelles.uni-frankfurt.de\\\/#\\\/schema\\\/person\\\/1b9eb6fa6c6aed90031661dd4e37970d\",\"name\":\"Dr. Anke Sauter\",\"description\":\"Dr. Anke Sauter hat in Bamberg Germanistik, Journalistik und Geografie studiert, mit einer Dissertation \u00fcber den Sprachlehrer und Fremdwortpuristen Eduard Engel wurde sie promoviert. Sie arbeitet als Wissenschaftsredakteurin in der Abteilung Marketing und Kommunikation der Goethe-Universit\u00e4t.\",\"sameAs\":[\"http:\\\/\\\/aktuelles.uni-frankfurt.de\\\/\"],\"url\":\"https:\\\/\\\/aktuelles.uni-frankfurt.de\\\/en\\\/author\\\/dr-ankesauter\\\/\"}]}<\/script>\n<!-- \/ Yoast SEO plugin. -->","yoast_head_json":{"title":"Frankfurter Althistoriker Hartmut Leppin \u00fcbernimmt Vorsitz am Historischen Kolleg | Aktuelles aus der Goethe-Universit\u00e4t Frankfurt","robots":{"index":"index","follow":"follow","max-snippet":"max-snippet:-1","max-image-preview":"max-image-preview:large","max-video-preview":"max-video-preview:-1"},"canonical":"https:\/\/aktuelles.uni-frankfurt.de\/en\/menschen\/frankfurter-althistoriker-hartmut-leppin-uebernimmt-vorsitz-am-historischen-kolleg\/","og_locale":"en_GB","og_type":"article","og_title":"Frankfurter Althistoriker Hartmut Leppin \u00fcbernimmt Vorsitz am Historischen Kolleg | Aktuelles aus der Goethe-Universit\u00e4t Frankfurt","og_description":"Prof. Dr. Hartmut Leppin, Althistoriker an der Goethe-Universit\u00e4t, ist vom Kuratorium des Historischen Kollegs zu seinem neuen Vorsitzenden gew\u00e4hlt worden. Die Amtszeit betr\u00e4gt zwei Jahre. Leppin folgt in diesem Amt [&hellip;]","og_url":"https:\/\/aktuelles.uni-frankfurt.de\/en\/menschen\/frankfurter-althistoriker-hartmut-leppin-uebernimmt-vorsitz-am-historischen-kolleg\/","og_site_name":"Aktuelles aus der Goethe-Universit\u00e4t Frankfurt","article_published_time":"2020-10-22T09:30:23+00:00","article_modified_time":"2020-10-22T13:26:04+00:00","og_image":[{"width":650,"height":450,"url":"https:\/\/aktuelles.uni-frankfurt.de\/wp-content\/uploads\/2020\/10\/beitragsbild_Leppin_Hartmut_2014.jpg","type":"image\/jpeg"}],"author":"Dr. Anke Sauter","twitter_card":"summary_large_image","twitter_misc":{"Written by":"Dr. Anke Sauter","Estimated reading time":"1 minute"},"schema":{"@context":"https:\/\/schema.org","@graph":[{"@type":"Article","@id":"https:\/\/aktuelles.uni-frankfurt.de\/menschen\/frankfurter-althistoriker-hartmut-leppin-uebernimmt-vorsitz-am-historischen-kolleg\/#article","isPartOf":{"@id":"https:\/\/aktuelles.uni-frankfurt.de\/menschen\/frankfurter-althistoriker-hartmut-leppin-uebernimmt-vorsitz-am-historischen-kolleg\/"},"author":{"name":"Dr. Anke Sauter","@id":"https:\/\/aktuelles.uni-frankfurt.de\/#\/schema\/person\/1b9eb6fa6c6aed90031661dd4e37970d"},"headline":"Frankfurter Althistoriker Hartmut Leppin \u00fcbernimmt Vorsitz am Historischen Kolleg","datePublished":"2020-10-22T09:30:23+00:00","dateModified":"2020-10-22T13:26:04+00:00","mainEntityOfPage":{"@id":"https:\/\/aktuelles.uni-frankfurt.de\/menschen\/frankfurter-althistoriker-hartmut-leppin-uebernimmt-vorsitz-am-historischen-kolleg\/"},"wordCount":297,"publisher":{"@id":"https:\/\/aktuelles.uni-frankfurt.de\/#organization"},"image":{"@id":"https:\/\/aktuelles.uni-frankfurt.de\/menschen\/frankfurter-althistoriker-hartmut-leppin-uebernimmt-vorsitz-am-historischen-kolleg\/#primaryimage"},"thumbnailUrl":"https:\/\/aktuelles.uni-frankfurt.de\/wp-content\/uploads\/2020\/10\/beitragsbild_Leppin_Hartmut_2014.jpg","keywords":["Geschichte","Philosophie und Geschichtswissenschaften"],"articleSection":["Menschen","Zticky"],"inLanguage":"en-GB"},{"@type":"WebPage","@id":"https:\/\/aktuelles.uni-frankfurt.de\/menschen\/frankfurter-althistoriker-hartmut-leppin-uebernimmt-vorsitz-am-historischen-kolleg\/","url":"https:\/\/aktuelles.uni-frankfurt.de\/menschen\/frankfurter-althistoriker-hartmut-leppin-uebernimmt-vorsitz-am-historischen-kolleg\/","name":"Frankfurter Althistoriker Hartmut Leppin \u00fcbernimmt Vorsitz am Historischen Kolleg | Aktuelles aus der Goethe-Universit\u00e4t Frankfurt","isPartOf":{"@id":"https:\/\/aktuelles.uni-frankfurt.de\/#website"},"primaryImageOfPage":{"@id":"https:\/\/aktuelles.uni-frankfurt.de\/menschen\/frankfurter-althistoriker-hartmut-leppin-uebernimmt-vorsitz-am-historischen-kolleg\/#primaryimage"},"image":{"@id":"https:\/\/aktuelles.uni-frankfurt.de\/menschen\/frankfurter-althistoriker-hartmut-leppin-uebernimmt-vorsitz-am-historischen-kolleg\/#primaryimage"},"thumbnailUrl":"https:\/\/aktuelles.uni-frankfurt.de\/wp-content\/uploads\/2020\/10\/beitragsbild_Leppin_Hartmut_2014.jpg","datePublished":"2020-10-22T09:30:23+00:00","dateModified":"2020-10-22T13:26:04+00:00","breadcrumb":{"@id":"https:\/\/aktuelles.uni-frankfurt.de\/menschen\/frankfurter-althistoriker-hartmut-leppin-uebernimmt-vorsitz-am-historischen-kolleg\/#breadcrumb"},"inLanguage":"en-GB","potentialAction":[{"@type":"ReadAction","target":["https:\/\/aktuelles.uni-frankfurt.de\/menschen\/frankfurter-althistoriker-hartmut-leppin-uebernimmt-vorsitz-am-historischen-kolleg\/"]}]},{"@type":"ImageObject","inLanguage":"en-GB","@id":"https:\/\/aktuelles.uni-frankfurt.de\/menschen\/frankfurter-althistoriker-hartmut-leppin-uebernimmt-vorsitz-am-historischen-kolleg\/#primaryimage","url":"https:\/\/aktuelles.uni-frankfurt.de\/wp-content\/uploads\/2020\/10\/beitragsbild_Leppin_Hartmut_2014.jpg","contentUrl":"https:\/\/aktuelles.uni-frankfurt.de\/wp-content\/uploads\/2020\/10\/beitragsbild_Leppin_Hartmut_2014.jpg","width":650,"height":450},{"@type":"BreadcrumbList","@id":"https:\/\/aktuelles.uni-frankfurt.de\/menschen\/frankfurter-althistoriker-hartmut-leppin-uebernimmt-vorsitz-am-historischen-kolleg\/#breadcrumb","itemListElement":[{"@type":"ListItem","position":1,"name":"Startseite","item":"https:\/\/aktuelles.uni-frankfurt.de\/"},{"@type":"ListItem","position":2,"name":"Frankfurter Althistoriker Hartmut Leppin \u00fcbernimmt Vorsitz am Historischen Kolleg"}]},{"@type":"WebSite","@id":"https:\/\/aktuelles.uni-frankfurt.de\/#website","url":"https:\/\/aktuelles.uni-frankfurt.de\/","name":"Aktuelles aus der Goethe-Universit\u00e4t Frankfurt","description":"Aktuelles aus der Goethe-Universit\u00e4t | Neues aus Forschung, Lehre, Studium","publisher":{"@id":"https:\/\/aktuelles.uni-frankfurt.de\/#organization"},"potentialAction":[{"@type":"SearchAction","target":{"@type":"EntryPoint","urlTemplate":"https:\/\/aktuelles.uni-frankfurt.de\/?s={search_term_string}"},"query-input":{"@type":"PropertyValueSpecification","valueRequired":true,"valueName":"search_term_string"}}],"inLanguage":"en-GB"},{"@type":"Organization","@id":"https:\/\/aktuelles.uni-frankfurt.de\/#organization","name":"Goethe University Frankfurt","url":"https:\/\/aktuelles.uni-frankfurt.de\/","logo":{"@type":"ImageObject","inLanguage":"en-GB","@id":"https:\/\/aktuelles.uni-frankfurt.de\/#\/schema\/logo\/image\/","url":"https:\/\/aktuelles.uni-frankfurt.de\/wp-content\/uploads\/2022\/03\/800px-Goethe-Logo.png","contentUrl":"https:\/\/aktuelles.uni-frankfurt.de\/wp-content\/uploads\/2022\/03\/800px-Goethe-Logo.png","width":800,"height":436,"caption":"Goethe-Universit\u00e4t"},"image":{"@id":"https:\/\/aktuelles.uni-frankfurt.de\/#\/schema\/logo\/image\/"}},{"@type":"Person","@id":"https:\/\/aktuelles.uni-frankfurt.de\/#\/schema\/person\/1b9eb6fa6c6aed90031661dd4e37970d","name":"Dr. Anke Sauter","description":"Dr. Anke Sauter hat in Bamberg Germanistik, Journalistik und Geografie studiert, mit einer Dissertation \u00fcber den Sprachlehrer und Fremdwortpuristen Eduard Engel wurde sie promoviert. Sie arbeitet als Wissenschaftsredakteurin in der Abteilung Marketing und Kommunikation der Goethe-Universit\u00e4t.","sameAs":["http:\/\/aktuelles.uni-frankfurt.de\/"],"url":"https:\/\/aktuelles.uni-frankfurt.de\/en\/author\/dr-ankesauter\/"}]}},"_links":{"self":[{"href":"https:\/\/aktuelles.uni-frankfurt.de\/en\/wp-json\/wp\/v2\/posts\/46990","targetHints":{"allow":["GET"]}}],"collection":[{"href":"https:\/\/aktuelles.uni-frankfurt.de\/en\/wp-json\/wp\/v2\/posts"}],"about":[{"href":"https:\/\/aktuelles.uni-frankfurt.de\/en\/wp-json\/wp\/v2\/types\/post"}],"author":[{"embeddable":true,"href":"https:\/\/aktuelles.uni-frankfurt.de\/en\/wp-json\/wp\/v2\/users\/5"}],"replies":[{"embeddable":true,"href":"https:\/\/aktuelles.uni-frankfurt.de\/en\/wp-json\/wp\/v2\/comments?post=46990"}],"version-history":[{"count":0,"href":"https:\/\/aktuelles.uni-frankfurt.de\/en\/wp-json\/wp\/v2\/posts\/46990\/revisions"}],"wp:featuredmedia":[{"embeddable":true,"href":"https:\/\/aktuelles.uni-frankfurt.de\/en\/wp-json\/wp\/v2\/media\/46988"}],"wp:attachment":[{"href":"https:\/\/aktuelles.uni-frankfurt.de\/en\/wp-json\/wp\/v2\/media?parent=46990"}],"wp:term":[{"taxonomy":"category","embeddable":true,"href":"https:\/\/aktuelles.uni-frankfurt.de\/en\/wp-json\/wp\/v2\/categories?post=46990"},{"taxonomy":"post_tag","embeddable":true,"href":"https:\/\/aktuelles.uni-frankfurt.de\/en\/wp-json\/wp\/v2\/tags?post=46990"},{"taxonomy":"post_folder","embeddable":true,"href":"https:\/\/aktuelles.uni-frankfurt.de\/en\/wp-json\/wp\/v2\/post_folder?post=46990"}],"curies":[{"name":"wp","href":"https:\/\/api.w.org\/{rel}","templated":true}]}}