{"id":47201,"date":"2020-11-19T11:37:14","date_gmt":"2020-11-19T10:37:14","guid":{"rendered":"https:\/\/aktuelles.uni-frankfurt.de\/?p=47201"},"modified":"2022-04-10T15:08:08","modified_gmt":"2022-04-10T13:08:08","slug":"stichworte-fuer-ein-staerkeres-europa-die-goethe-vigoni-discorsi","status":"publish","type":"post","link":"https:\/\/aktuelles.uni-frankfurt.de\/en\/gesellschaft\/stichworte-fuer-ein-staerkeres-europa-die-goethe-vigoni-discorsi\/","title":{"rendered":"Stichworte f\u00fcr ein st\u00e4rkeres Europa: die Goethe-Vigoni Discorsi"},"content":{"rendered":"<div class=\"wp-block-image\"><figure class=\"aligncenter size-large\"><img fetchpriority=\"high\" decoding=\"async\" width=\"650\" height=\"450\" src=\"https:\/\/aktuelles.uni-frankfurt.de\/wp-content\/uploads\/2020\/10\/Beitragsbild_UR-5.20_Goethe-Vigoni-Discorsi.jpg\" alt=\"\" class=\"wp-image-47203\" srcset=\"https:\/\/aktuelles.uni-frankfurt.de\/wp-content\/uploads\/2020\/10\/Beitragsbild_UR-5.20_Goethe-Vigoni-Discorsi.jpg 650w, https:\/\/aktuelles.uni-frankfurt.de\/wp-content\/uploads\/2020\/10\/Beitragsbild_UR-5.20_Goethe-Vigoni-Discorsi-300x208.jpg 300w\" sizes=\"(max-width: 650px) 100vw, 650px\" \/><\/figure><\/div>\n\n\n\n<p class=\"has-drop-cap\">Das italienische Epos der Moderne schlechthin, <em>I Promessi Sposi<\/em> <em>(Die Verlobten) <\/em>von Alessandro Manzoni, beginnt mit der Schilderung eines Blicks auf die Arme des Comer Sees. Wo sonst w\u00e4re eine Verortung dessen zu finden, was das bezaubernde deutsche Wort <em>Italiensehnsucht <\/em>auszudr\u00fccken versucht, als in diesem Blick auf eine Zwischenwelt, mit den Alpen im R\u00fccken und dem S\u00fcden am Horizont. In vollkommener Erhabenheit f\u00e4llt er von der Terrasse der einstigen Sommerresidenz des geb\u00fcrtigen Frankfurter und schlie\u00dflich Mail\u00e4nder Kaufmanns und Bankiers Heinrich Mylius (1769 \u20131854) auf den ideellen Mittelpunkt des Comer Sees, wo sich jener in die beiden unteren Arme teilt.<\/p>\n\n\n\n<p>Es war dieser Blick von der Villa Vigoni in Menaggio aus, heute das <em>Deutsch-Italienische Zentrum f\u00fcr den Europ\u00e4ischen Dialog<\/em>, der eine kleine Frankfurter Delegation am 12. Oktober f\u00fcr einen Moment vergessen lie\u00df, dass sie nicht etwa trotz, sondern wegen der Folgen der Corona-Pandemie in die Region von deren europ\u00e4ischem Ausbruch gereist war.<\/p>\n\n\n\n<p>Villa Vigoni wirkt, gemeinsam mit dem Land Hessen, dem Italienischen Generalkonsulat in Frankfurt am Main, der Frankfurter Allgemeinen Zeitung und La Repubblica als Konsortionalpartner der Goethe-Universit\u00e4t im Programm der <em>Goethe-Vigoni Discorsi<\/em>. Wir entwickelten die Idee als Antwort auf die Frage, ob wir uns mit der coronabedingten Absage des <em>Europasommers der Goethe-Universit\u00e4t 2020<\/em>, der die deutsch-italienische Partnerschaft gefeiert h\u00e4tte, zufriedengeben wollten und das Programm dieses Festivals einfach auf das Jahr 2021 verschieben k\u00f6nnen. Stattdessen haben wir Autorinnen und Autoren aus unterschiedlichsten Bereichen, aus Wissenschaft, Kultur, Politik und Wirtschaft, aus der Medizin oder den K\u00fcnsten dazu eingeladen, die Krise zu reflektieren und nach Stichworten f\u00fcr ein st\u00e4rkeres Europa zu suchen. Die Serie begann mit einem Appell des Dalai Lama (<em>Wir alle m\u00fcssen uns k\u00fcmmern<\/em>, FAZ, 4. Juli 2020); am 29.\/30. Juli manifestierten J\u00fcrgen Kaube und Maurizio Molinari in FAZ und La Repubblica die Kooperation beider Zeitungen beim Abdruck der Essays. Die Spanne reicht von Durs Gr\u00fcnbein bis Christian Sewing, von Maurizio Ferraris bis Roberto Saviano; vollst\u00e4ndig werden die Beitr\u00e4ge in einer Buchausgabe versammelt werden.<\/p>\n\n\n\n<p>Dar\u00fcber hinaus warten wir mit Ringvorlesungen in Mailand und Frankfurt auf die Wieder\u00f6ffnung der H\u00f6rs\u00e4le, planen ein Symposion im Kloster Eberbach, und konnten mit Mitteln des Landes Hessens drei Stipendien f\u00fcr wissenschaftlichen Nachwuchs vergeben. Es waren Ricardo Haupt, Maria Stalla und Leonardo Veneziani, die in der Villa Vigoni den Studientag <em>German-Italian ideas for a new start<\/em> als Hybridveranstaltung konzipierten. In den Panels \u201ePolitics, Cities and Sustainability\u201c, \u201eBusiness and Ecconomy\u201c und \u201eCulture, Young Generation and Innovation\u201c wurden Diskussionen fortgesetzt, die mit den Goethe-Vigoni Discorsi angesto\u00dfen worden waren.<\/p>\n\n\n\n<p>Einen stillen Anlass f\u00fcr unsere Pr\u00e4senz in der Villa Vigoni gab die <em>Ceremony \u201eRose Bianche\u201c<\/em>, die Einweihung eines Gedenkortes f\u00fcr die Opfer der Pandemie und die unz\u00e4hligen Helferinnen und Helfer, die diese Krise zu \u00fcberwinden versuchen. Das Memorial liegt am <em>Tempietto<\/em>, den Mylius zum Andenken an seinen fr\u00fch verstorbenen Sohn errichten lie\u00df. Eben in Sichtweite von <em>\u201eJenem Arm des Comer Sees\u2026\u201c<\/em>, wie es bei Manzoni hei\u00dft.<\/p>\n\n\n\n<p class=\"has-text-align-right\"><em>Wolfgang Schopf<\/em><\/p>\n\n\n\n<div style=\"height:20px\" aria-hidden=\"true\" class=\"wp-block-spacer\"><\/div>\n\n\n\n<hr class=\"wp-block-separator has-text-color has-background\" style=\"background-color:#00618f;color:#00618f\"\/>\n\n\n\n<div style=\"height:20px\" aria-hidden=\"true\" class=\"wp-block-spacer\"><\/div>\n\n\n\n<p class=\"has-text-align-center\">Nachzulesen sind die bislang erschienenen <strong>Goethe-Vigoni Discorsi<\/strong> <br>auf Deutsch unter <br><a rel=\"noreferrer noopener\" aria-label=\"https:\/\/www.uni-frankfurt.de\/Goethe_Vigoni_Discorsi (\u00f6ffnet in einem neuem Tab)\" href=\"https:\/\/www.uni-frankfurt.de\/89915159\/Goethe_Vigoni_Discorsi\" target=\"_blank\">https:\/\/www.uni-frankfurt.de\/Goethe_Vigoni_Discorsi<\/a>, <br>auf Italienisch unter <br><a rel=\"noreferrer noopener\" aria-label=\"https:\/\/www.villavigoni.eu\/project\/goethe-vigoni-discorsi (\u00f6ffnet in einem neuem Tab)\" href=\"https:\/\/www.villavigoni.eu\/project\/goethe-vigoni-discorsi\" target=\"_blank\">https:\/\/www.villavigoni.eu\/project\/goethe-vigoni-discorsi<\/a><\/p>\n\n\n\n<div style=\"height:20px\" aria-hidden=\"true\" class=\"wp-block-spacer\"><\/div>\n\n\n\n<hr class=\"wp-block-separator has-text-color has-background\" style=\"background-color:#00618f;color:#00618f\"\/>\n\n\n\n<div style=\"height:20px\" aria-hidden=\"true\" class=\"wp-block-spacer\"><\/div>\n\n\n\n<p> <strong><em>Dieser Beitrag ist in der&nbsp;<a rel=\"noreferrer noopener\" href=\"https:\/\/www.unireport.info\/aktuelle-ausgabe\" target=\"_blank\">Ausgabe 5.20 des UniReport<\/a>&nbsp;erschienen.<\/em> <\/strong><\/p>","protected":false},"excerpt":{"rendered":"<p>Das italienische Epos der Moderne schlechthin, I Promessi Sposi (Die Verlobten) von Alessandro Manzoni, beginnt mit der Schilderung eines Blicks auf die Arme des Comer Sees. Wo sonst w\u00e4re eine [&hellip;]<\/p>\n","protected":false},"author":8,"featured_media":47754,"comment_status":"closed","ping_status":"closed","sticky":false,"template":"","format":"standard","meta":{"_eb_attr":"","_price":"","_stock":"","_tribe_ticket_header":"","_tribe_default_ticket_provider":"","_ticket_start_date":"","_ticket_end_date":"","_tribe_ticket_show_description":"","_tribe_ticket_show_not_going":false,"_tribe_ticket_use_global_stock":"","_tribe_ticket_global_stock_level":"","_global_stock_mode":"","_global_stock_cap":"","_tribe_rsvp_for_event":"","_tribe_ticket_going_count":"","_tribe_ticket_not_going_count":"","_tribe_tickets_list":"[]","_tribe_ticket_has_attendee_info_fields":false,"footnotes":""},"categories":[4,173,91],"tags":[163,10,201],"post_folder":[],"class_list":["post-47201","post","type-post","status-publish","format-standard","has-post-thumbnail","hentry","category-gesellschaft","category-unireport","category-zticky","tag-goethe-vigoni-discorsi","tag-unireport","tag-unireport-5-20"],"yoast_head":"<!-- This site is optimized with the Yoast SEO plugin v27.5 - https:\/\/yoast.com\/product\/yoast-seo-wordpress\/ -->\n<title>Stichworte f\u00fcr ein st\u00e4rkeres Europa: die Goethe-Vigoni Discorsi | Aktuelles aus der Goethe-Universit\u00e4t Frankfurt<\/title>\n<meta name=\"robots\" content=\"index, follow, max-snippet:-1, max-image-preview:large, max-video-preview:-1\" \/>\n<link rel=\"canonical\" href=\"https:\/\/aktuelles.uni-frankfurt.de\/en\/gesellschaft\/stichworte-fuer-ein-staerkeres-europa-die-goethe-vigoni-discorsi\/\" \/>\n<meta property=\"og:locale\" content=\"en_GB\" \/>\n<meta property=\"og:type\" content=\"article\" \/>\n<meta property=\"og:title\" content=\"Stichworte f\u00fcr ein st\u00e4rkeres Europa: die Goethe-Vigoni Discorsi | Aktuelles aus der Goethe-Universit\u00e4t Frankfurt\" \/>\n<meta property=\"og:description\" content=\"Das italienische Epos der Moderne schlechthin, I Promessi Sposi (Die Verlobten) von Alessandro Manzoni, beginnt mit der Schilderung eines Blicks auf die Arme des Comer Sees. Wo sonst w\u00e4re eine [&hellip;]\" \/>\n<meta property=\"og:url\" content=\"https:\/\/aktuelles.uni-frankfurt.de\/en\/gesellschaft\/stichworte-fuer-ein-staerkeres-europa-die-goethe-vigoni-discorsi\/\" \/>\n<meta property=\"og:site_name\" content=\"Aktuelles aus der Goethe-Universit\u00e4t Frankfurt\" \/>\n<meta property=\"article:published_time\" content=\"2020-11-19T10:37:14+00:00\" \/>\n<meta property=\"article:modified_time\" content=\"2022-04-10T13:08:08+00:00\" \/>\n<meta property=\"og:image\" content=\"https:\/\/aktuelles.uni-frankfurt.de\/wp-content\/uploads\/2020\/11\/Beitragsbild_UR-5.20_Vigoni.001.jpeg\" \/>\n\t<meta property=\"og:image:width\" content=\"650\" \/>\n\t<meta property=\"og:image:height\" content=\"450\" \/>\n\t<meta property=\"og:image:type\" content=\"image\/jpeg\" \/>\n<meta name=\"author\" content=\"-\" \/>\n<meta name=\"twitter:card\" content=\"summary_large_image\" \/>\n<meta name=\"twitter:label1\" content=\"Written by\" \/>\n\t<meta name=\"twitter:data1\" content=\"-\" \/>\n\t<meta name=\"twitter:label2\" content=\"Estimated reading time\" \/>\n\t<meta name=\"twitter:data2\" content=\"3 minutes\" \/>\n<script type=\"application\/ld+json\" class=\"yoast-schema-graph\">{\"@context\":\"https:\\\/\\\/schema.org\",\"@graph\":[{\"@type\":\"Article\",\"@id\":\"https:\\\/\\\/aktuelles.uni-frankfurt.de\\\/gesellschaft\\\/stichworte-fuer-ein-staerkeres-europa-die-goethe-vigoni-discorsi\\\/#article\",\"isPartOf\":{\"@id\":\"https:\\\/\\\/aktuelles.uni-frankfurt.de\\\/gesellschaft\\\/stichworte-fuer-ein-staerkeres-europa-die-goethe-vigoni-discorsi\\\/\"},\"author\":{\"name\":\"-\",\"@id\":\"https:\\\/\\\/aktuelles.uni-frankfurt.de\\\/#\\\/schema\\\/person\\\/8e55ea338fb65d1ce87a91565d1f1739\"},\"headline\":\"Stichworte f\u00fcr ein st\u00e4rkeres Europa: die Goethe-Vigoni Discorsi\",\"datePublished\":\"2020-11-19T10:37:14+00:00\",\"dateModified\":\"2022-04-10T13:08:08+00:00\",\"mainEntityOfPage\":{\"@id\":\"https:\\\/\\\/aktuelles.uni-frankfurt.de\\\/gesellschaft\\\/stichworte-fuer-ein-staerkeres-europa-die-goethe-vigoni-discorsi\\\/\"},\"wordCount\":553,\"publisher\":{\"@id\":\"https:\\\/\\\/aktuelles.uni-frankfurt.de\\\/#organization\"},\"image\":{\"@id\":\"https:\\\/\\\/aktuelles.uni-frankfurt.de\\\/gesellschaft\\\/stichworte-fuer-ein-staerkeres-europa-die-goethe-vigoni-discorsi\\\/#primaryimage\"},\"thumbnailUrl\":\"https:\\\/\\\/aktuelles.uni-frankfurt.de\\\/wp-content\\\/uploads\\\/2020\\\/11\\\/Beitragsbild_UR-5.20_Vigoni.001.jpeg\",\"keywords\":[\"Goethe-Vigoni Discorsi\",\"UniReport\",\"UniReport 5.20\"],\"articleSection\":[\"Gesellschaft\",\"UniReport\",\"Zticky\"],\"inLanguage\":\"en-GB\"},{\"@type\":\"WebPage\",\"@id\":\"https:\\\/\\\/aktuelles.uni-frankfurt.de\\\/gesellschaft\\\/stichworte-fuer-ein-staerkeres-europa-die-goethe-vigoni-discorsi\\\/\",\"url\":\"https:\\\/\\\/aktuelles.uni-frankfurt.de\\\/gesellschaft\\\/stichworte-fuer-ein-staerkeres-europa-die-goethe-vigoni-discorsi\\\/\",\"name\":\"Stichworte f\u00fcr ein st\u00e4rkeres Europa: die Goethe-Vigoni Discorsi | Aktuelles aus der Goethe-Universit\u00e4t Frankfurt\",\"isPartOf\":{\"@id\":\"https:\\\/\\\/aktuelles.uni-frankfurt.de\\\/#website\"},\"primaryImageOfPage\":{\"@id\":\"https:\\\/\\\/aktuelles.uni-frankfurt.de\\\/gesellschaft\\\/stichworte-fuer-ein-staerkeres-europa-die-goethe-vigoni-discorsi\\\/#primaryimage\"},\"image\":{\"@id\":\"https:\\\/\\\/aktuelles.uni-frankfurt.de\\\/gesellschaft\\\/stichworte-fuer-ein-staerkeres-europa-die-goethe-vigoni-discorsi\\\/#primaryimage\"},\"thumbnailUrl\":\"https:\\\/\\\/aktuelles.uni-frankfurt.de\\\/wp-content\\\/uploads\\\/2020\\\/11\\\/Beitragsbild_UR-5.20_Vigoni.001.jpeg\",\"datePublished\":\"2020-11-19T10:37:14+00:00\",\"dateModified\":\"2022-04-10T13:08:08+00:00\",\"breadcrumb\":{\"@id\":\"https:\\\/\\\/aktuelles.uni-frankfurt.de\\\/gesellschaft\\\/stichworte-fuer-ein-staerkeres-europa-die-goethe-vigoni-discorsi\\\/#breadcrumb\"},\"inLanguage\":\"en-GB\",\"potentialAction\":[{\"@type\":\"ReadAction\",\"target\":[\"https:\\\/\\\/aktuelles.uni-frankfurt.de\\\/gesellschaft\\\/stichworte-fuer-ein-staerkeres-europa-die-goethe-vigoni-discorsi\\\/\"]}]},{\"@type\":\"ImageObject\",\"inLanguage\":\"en-GB\",\"@id\":\"https:\\\/\\\/aktuelles.uni-frankfurt.de\\\/gesellschaft\\\/stichworte-fuer-ein-staerkeres-europa-die-goethe-vigoni-discorsi\\\/#primaryimage\",\"url\":\"https:\\\/\\\/aktuelles.uni-frankfurt.de\\\/wp-content\\\/uploads\\\/2020\\\/11\\\/Beitragsbild_UR-5.20_Vigoni.001.jpeg\",\"contentUrl\":\"https:\\\/\\\/aktuelles.uni-frankfurt.de\\\/wp-content\\\/uploads\\\/2020\\\/11\\\/Beitragsbild_UR-5.20_Vigoni.001.jpeg\",\"width\":650,\"height\":450},{\"@type\":\"BreadcrumbList\",\"@id\":\"https:\\\/\\\/aktuelles.uni-frankfurt.de\\\/gesellschaft\\\/stichworte-fuer-ein-staerkeres-europa-die-goethe-vigoni-discorsi\\\/#breadcrumb\",\"itemListElement\":[{\"@type\":\"ListItem\",\"position\":1,\"name\":\"Startseite\",\"item\":\"https:\\\/\\\/aktuelles.uni-frankfurt.de\\\/\"},{\"@type\":\"ListItem\",\"position\":2,\"name\":\"Stichworte f\u00fcr ein st\u00e4rkeres Europa: die Goethe-Vigoni Discorsi\"}]},{\"@type\":\"WebSite\",\"@id\":\"https:\\\/\\\/aktuelles.uni-frankfurt.de\\\/#website\",\"url\":\"https:\\\/\\\/aktuelles.uni-frankfurt.de\\\/\",\"name\":\"Aktuelles aus der Goethe-Universit\u00e4t Frankfurt\",\"description\":\"Aktuelles aus der Goethe-Universit\u00e4t | Neues aus Forschung, Lehre, Studium\",\"publisher\":{\"@id\":\"https:\\\/\\\/aktuelles.uni-frankfurt.de\\\/#organization\"},\"potentialAction\":[{\"@type\":\"SearchAction\",\"target\":{\"@type\":\"EntryPoint\",\"urlTemplate\":\"https:\\\/\\\/aktuelles.uni-frankfurt.de\\\/?s={search_term_string}\"},\"query-input\":{\"@type\":\"PropertyValueSpecification\",\"valueRequired\":true,\"valueName\":\"search_term_string\"}}],\"inLanguage\":\"en-GB\"},{\"@type\":\"Organization\",\"@id\":\"https:\\\/\\\/aktuelles.uni-frankfurt.de\\\/#organization\",\"name\":\"Goethe-Universit\u00e4t\",\"url\":\"https:\\\/\\\/aktuelles.uni-frankfurt.de\\\/\",\"logo\":{\"@type\":\"ImageObject\",\"inLanguage\":\"en-GB\",\"@id\":\"https:\\\/\\\/aktuelles.uni-frankfurt.de\\\/#\\\/schema\\\/logo\\\/image\\\/\",\"url\":\"https:\\\/\\\/aktuelles.uni-frankfurt.de\\\/wp-content\\\/uploads\\\/2022\\\/03\\\/800px-Goethe-Logo.png\",\"contentUrl\":\"https:\\\/\\\/aktuelles.uni-frankfurt.de\\\/wp-content\\\/uploads\\\/2022\\\/03\\\/800px-Goethe-Logo.png\",\"width\":800,\"height\":436,\"caption\":\"Goethe-Universit\u00e4t\"},\"image\":{\"@id\":\"https:\\\/\\\/aktuelles.uni-frankfurt.de\\\/#\\\/schema\\\/logo\\\/image\\\/\"}},{\"@type\":\"Person\",\"@id\":\"https:\\\/\\\/aktuelles.uni-frankfurt.de\\\/#\\\/schema\\\/person\\\/8e55ea338fb65d1ce87a91565d1f1739\",\"name\":\"-\",\"description\":\"Dieser Beitrag wurde von der Online-Redaktion ver\u00f6ffentlicht. Wenn der Beitrag von einem Gastautoren verfasst wurde, findet sich dieser Hinweis am Ende des jeweiligen Artikels.\",\"sameAs\":[\"http:\\\/\\\/aktuelles.uni-frankfurt.de\\\/autoren\"],\"url\":\"https:\\\/\\\/aktuelles.uni-frankfurt.de\\\/en\\\/author\\\/redaktion\\\/\"}]}<\/script>\n<!-- \/ Yoast SEO plugin. -->","yoast_head_json":{"title":"Stichworte f\u00fcr ein st\u00e4rkeres Europa: die Goethe-Vigoni Discorsi | Aktuelles aus der Goethe-Universit\u00e4t Frankfurt","robots":{"index":"index","follow":"follow","max-snippet":"max-snippet:-1","max-image-preview":"max-image-preview:large","max-video-preview":"max-video-preview:-1"},"canonical":"https:\/\/aktuelles.uni-frankfurt.de\/en\/gesellschaft\/stichworte-fuer-ein-staerkeres-europa-die-goethe-vigoni-discorsi\/","og_locale":"en_GB","og_type":"article","og_title":"Stichworte f\u00fcr ein st\u00e4rkeres Europa: die Goethe-Vigoni Discorsi | Aktuelles aus der Goethe-Universit\u00e4t Frankfurt","og_description":"Das italienische Epos der Moderne schlechthin, I Promessi Sposi (Die Verlobten) von Alessandro Manzoni, beginnt mit der Schilderung eines Blicks auf die Arme des Comer Sees. Wo sonst w\u00e4re eine [&hellip;]","og_url":"https:\/\/aktuelles.uni-frankfurt.de\/en\/gesellschaft\/stichworte-fuer-ein-staerkeres-europa-die-goethe-vigoni-discorsi\/","og_site_name":"Aktuelles aus der Goethe-Universit\u00e4t Frankfurt","article_published_time":"2020-11-19T10:37:14+00:00","article_modified_time":"2022-04-10T13:08:08+00:00","og_image":[{"width":650,"height":450,"url":"https:\/\/aktuelles.uni-frankfurt.de\/wp-content\/uploads\/2020\/11\/Beitragsbild_UR-5.20_Vigoni.001.jpeg","type":"image\/jpeg"}],"author":"-","twitter_card":"summary_large_image","twitter_misc":{"Written by":"-","Estimated reading time":"3 minutes"},"schema":{"@context":"https:\/\/schema.org","@graph":[{"@type":"Article","@id":"https:\/\/aktuelles.uni-frankfurt.de\/gesellschaft\/stichworte-fuer-ein-staerkeres-europa-die-goethe-vigoni-discorsi\/#article","isPartOf":{"@id":"https:\/\/aktuelles.uni-frankfurt.de\/gesellschaft\/stichworte-fuer-ein-staerkeres-europa-die-goethe-vigoni-discorsi\/"},"author":{"name":"-","@id":"https:\/\/aktuelles.uni-frankfurt.de\/#\/schema\/person\/8e55ea338fb65d1ce87a91565d1f1739"},"headline":"Stichworte f\u00fcr ein st\u00e4rkeres Europa: die Goethe-Vigoni Discorsi","datePublished":"2020-11-19T10:37:14+00:00","dateModified":"2022-04-10T13:08:08+00:00","mainEntityOfPage":{"@id":"https:\/\/aktuelles.uni-frankfurt.de\/gesellschaft\/stichworte-fuer-ein-staerkeres-europa-die-goethe-vigoni-discorsi\/"},"wordCount":553,"publisher":{"@id":"https:\/\/aktuelles.uni-frankfurt.de\/#organization"},"image":{"@id":"https:\/\/aktuelles.uni-frankfurt.de\/gesellschaft\/stichworte-fuer-ein-staerkeres-europa-die-goethe-vigoni-discorsi\/#primaryimage"},"thumbnailUrl":"https:\/\/aktuelles.uni-frankfurt.de\/wp-content\/uploads\/2020\/11\/Beitragsbild_UR-5.20_Vigoni.001.jpeg","keywords":["Goethe-Vigoni Discorsi","UniReport","UniReport 5.20"],"articleSection":["Gesellschaft","UniReport","Zticky"],"inLanguage":"en-GB"},{"@type":"WebPage","@id":"https:\/\/aktuelles.uni-frankfurt.de\/gesellschaft\/stichworte-fuer-ein-staerkeres-europa-die-goethe-vigoni-discorsi\/","url":"https:\/\/aktuelles.uni-frankfurt.de\/gesellschaft\/stichworte-fuer-ein-staerkeres-europa-die-goethe-vigoni-discorsi\/","name":"Stichworte f\u00fcr ein st\u00e4rkeres Europa: die Goethe-Vigoni Discorsi | Aktuelles aus der Goethe-Universit\u00e4t Frankfurt","isPartOf":{"@id":"https:\/\/aktuelles.uni-frankfurt.de\/#website"},"primaryImageOfPage":{"@id":"https:\/\/aktuelles.uni-frankfurt.de\/gesellschaft\/stichworte-fuer-ein-staerkeres-europa-die-goethe-vigoni-discorsi\/#primaryimage"},"image":{"@id":"https:\/\/aktuelles.uni-frankfurt.de\/gesellschaft\/stichworte-fuer-ein-staerkeres-europa-die-goethe-vigoni-discorsi\/#primaryimage"},"thumbnailUrl":"https:\/\/aktuelles.uni-frankfurt.de\/wp-content\/uploads\/2020\/11\/Beitragsbild_UR-5.20_Vigoni.001.jpeg","datePublished":"2020-11-19T10:37:14+00:00","dateModified":"2022-04-10T13:08:08+00:00","breadcrumb":{"@id":"https:\/\/aktuelles.uni-frankfurt.de\/gesellschaft\/stichworte-fuer-ein-staerkeres-europa-die-goethe-vigoni-discorsi\/#breadcrumb"},"inLanguage":"en-GB","potentialAction":[{"@type":"ReadAction","target":["https:\/\/aktuelles.uni-frankfurt.de\/gesellschaft\/stichworte-fuer-ein-staerkeres-europa-die-goethe-vigoni-discorsi\/"]}]},{"@type":"ImageObject","inLanguage":"en-GB","@id":"https:\/\/aktuelles.uni-frankfurt.de\/gesellschaft\/stichworte-fuer-ein-staerkeres-europa-die-goethe-vigoni-discorsi\/#primaryimage","url":"https:\/\/aktuelles.uni-frankfurt.de\/wp-content\/uploads\/2020\/11\/Beitragsbild_UR-5.20_Vigoni.001.jpeg","contentUrl":"https:\/\/aktuelles.uni-frankfurt.de\/wp-content\/uploads\/2020\/11\/Beitragsbild_UR-5.20_Vigoni.001.jpeg","width":650,"height":450},{"@type":"BreadcrumbList","@id":"https:\/\/aktuelles.uni-frankfurt.de\/gesellschaft\/stichworte-fuer-ein-staerkeres-europa-die-goethe-vigoni-discorsi\/#breadcrumb","itemListElement":[{"@type":"ListItem","position":1,"name":"Startseite","item":"https:\/\/aktuelles.uni-frankfurt.de\/"},{"@type":"ListItem","position":2,"name":"Stichworte f\u00fcr ein st\u00e4rkeres Europa: die Goethe-Vigoni Discorsi"}]},{"@type":"WebSite","@id":"https:\/\/aktuelles.uni-frankfurt.de\/#website","url":"https:\/\/aktuelles.uni-frankfurt.de\/","name":"Aktuelles aus der Goethe-Universit\u00e4t Frankfurt","description":"Aktuelles aus der Goethe-Universit\u00e4t | Neues aus Forschung, Lehre, Studium","publisher":{"@id":"https:\/\/aktuelles.uni-frankfurt.de\/#organization"},"potentialAction":[{"@type":"SearchAction","target":{"@type":"EntryPoint","urlTemplate":"https:\/\/aktuelles.uni-frankfurt.de\/?s={search_term_string}"},"query-input":{"@type":"PropertyValueSpecification","valueRequired":true,"valueName":"search_term_string"}}],"inLanguage":"en-GB"},{"@type":"Organization","@id":"https:\/\/aktuelles.uni-frankfurt.de\/#organization","name":"Goethe University Frankfurt","url":"https:\/\/aktuelles.uni-frankfurt.de\/","logo":{"@type":"ImageObject","inLanguage":"en-GB","@id":"https:\/\/aktuelles.uni-frankfurt.de\/#\/schema\/logo\/image\/","url":"https:\/\/aktuelles.uni-frankfurt.de\/wp-content\/uploads\/2022\/03\/800px-Goethe-Logo.png","contentUrl":"https:\/\/aktuelles.uni-frankfurt.de\/wp-content\/uploads\/2022\/03\/800px-Goethe-Logo.png","width":800,"height":436,"caption":"Goethe-Universit\u00e4t"},"image":{"@id":"https:\/\/aktuelles.uni-frankfurt.de\/#\/schema\/logo\/image\/"}},{"@type":"Person","@id":"https:\/\/aktuelles.uni-frankfurt.de\/#\/schema\/person\/8e55ea338fb65d1ce87a91565d1f1739","name":"-","description":"Dieser Beitrag wurde von der Online-Redaktion ver\u00f6ffentlicht. Wenn der Beitrag von einem Gastautoren verfasst wurde, findet sich dieser Hinweis am Ende des jeweiligen Artikels.","sameAs":["http:\/\/aktuelles.uni-frankfurt.de\/autoren"],"url":"https:\/\/aktuelles.uni-frankfurt.de\/en\/author\/redaktion\/"}]}},"_links":{"self":[{"href":"https:\/\/aktuelles.uni-frankfurt.de\/en\/wp-json\/wp\/v2\/posts\/47201","targetHints":{"allow":["GET"]}}],"collection":[{"href":"https:\/\/aktuelles.uni-frankfurt.de\/en\/wp-json\/wp\/v2\/posts"}],"about":[{"href":"https:\/\/aktuelles.uni-frankfurt.de\/en\/wp-json\/wp\/v2\/types\/post"}],"author":[{"embeddable":true,"href":"https:\/\/aktuelles.uni-frankfurt.de\/en\/wp-json\/wp\/v2\/users\/8"}],"replies":[{"embeddable":true,"href":"https:\/\/aktuelles.uni-frankfurt.de\/en\/wp-json\/wp\/v2\/comments?post=47201"}],"version-history":[{"count":0,"href":"https:\/\/aktuelles.uni-frankfurt.de\/en\/wp-json\/wp\/v2\/posts\/47201\/revisions"}],"wp:featuredmedia":[{"embeddable":true,"href":"https:\/\/aktuelles.uni-frankfurt.de\/en\/wp-json\/wp\/v2\/media\/47754"}],"wp:attachment":[{"href":"https:\/\/aktuelles.uni-frankfurt.de\/en\/wp-json\/wp\/v2\/media?parent=47201"}],"wp:term":[{"taxonomy":"category","embeddable":true,"href":"https:\/\/aktuelles.uni-frankfurt.de\/en\/wp-json\/wp\/v2\/categories?post=47201"},{"taxonomy":"post_tag","embeddable":true,"href":"https:\/\/aktuelles.uni-frankfurt.de\/en\/wp-json\/wp\/v2\/tags?post=47201"},{"taxonomy":"post_folder","embeddable":true,"href":"https:\/\/aktuelles.uni-frankfurt.de\/en\/wp-json\/wp\/v2\/post_folder?post=47201"}],"curies":[{"name":"wp","href":"https:\/\/api.w.org\/{rel}","templated":true}]}}