{"id":48321,"date":"2020-12-17T17:13:56","date_gmt":"2020-12-17T16:13:56","guid":{"rendered":"https:\/\/aktuelles.uni-frankfurt.de\/?p=48321"},"modified":"2022-04-10T15:07:09","modified_gmt":"2022-04-10T13:07:09","slug":"unireport-ausgabe-6-20-ist-die-meinungsfreiheit-an-der-universitaet-in-gefahr","status":"publish","type":"post","link":"https:\/\/aktuelles.uni-frankfurt.de\/en\/gesellschaft\/unireport-ausgabe-6-20-ist-die-meinungsfreiheit-an-der-universitaet-in-gefahr\/","title":{"rendered":"UniReport Ausgabe 6.20 \/ Ist die Meinungsfreiheit an der Universit\u00e4t in Gefahr?"},"content":{"rendered":"<div class=\"wp-block-image\"><figure class=\"alignleft size-large is-resized\"><img fetchpriority=\"high\" decoding=\"async\" src=\"https:\/\/www.unireport.info\/95653023.jpg\" alt=\"\" width=\"211\" height=\"298\"\/><\/figure><\/div>\n\n\n\n<p><em><strong>Im neuen UniReport diskutieren zwei Gesellschaftswissenschaftler \u00fcber eine aktuelle Studie, nach der sich ein betr\u00e4chtlicher Anteil der Frankfurter Soziologie-Studierenden f\u00fcr die Einschr\u00e4nkung der Meinungsfreiheit ausspricht.<\/strong><\/em><\/p>\n\n\n\n<p>Eine Studie, die der Politikwissenschaftler Prof. Richard Traunm\u00fcller (Universit\u00e4t Mannheim) zusammen mit seinem Kollegen Dr. Matthias Revers (University of Leeds) k\u00fcrzlich ver\u00f6ffentlicht hat, hat bundesweit f\u00fcr Aufsehen und auch f\u00fcr zahlreiche Gegenstimmen gesorgt. Im Fokus der Studie stehen Soziologie-Studierende der Goethe-Universit\u00e4t, weshalb die Befunde zur Rede- und Meinungsfreiheit in Frankfurt besonders die Gem\u00fcter bewegt haben. Der UniReport konnte Prof. Traunm\u00fcller, der einige Jahre an der Goethe-Universit\u00e4t geforscht und gelehrt hat, und seinen fr\u00fcheren Kollegen, den Soziologen Prof. Thomas Scheffer, zu einem Streitgespr\u00e4ch zusammenbringen. W\u00e4hrend Richard Traunm\u00fcller darauf insistiert, dass es bei der Toleranzmessung an der Universit\u00e4t kontroverser Aussagen bed\u00fcrfe, entgegnet Thomas Scheffer, dass eine solche Messung von Toleranz gegen\u00fcber allen m\u00f6glichen Meinungen an der Sache vorbeigehe. Ma\u00dfgeblich sei stattdessen, wie Wissenschaftsfreiheit bef\u00f6rdert und bewahrt werden k\u00f6nne.<\/p>\n\n\n\n<p>Das neue Jahr beginnt mit einem Wechsel an der Uni-Spitze: Universit\u00e4tspr\u00e4sidentin Prof. Birgitta Wolff \u00fcbergibt nach sechs Jahren das Amt an Enrico Schleiff, der von 2012 bis 2018 bereits als Vizepr\u00e4sident f\u00fcr die Goethe-Universit\u00e4t aktiv war. Im Interview mit dem UniReport spricht Wolff unter anderem \u00fcber das besondere \u201eCorona-Jahr\u201c 2020, die aktuelle Position der Uni und ihre weiteren beruflichen Pl\u00e4ne.<\/p>\n\n\n\n<p>Einige der weiteren Beitr\u00e4ge im&nbsp;<strong>aktuellen UniReport<\/strong>&nbsp;befassen sich mit der Corona-Pandemie aus soziologischer, psychologischer, \u00f6konomischer und literaturwissenschaftlicher Sicht:<\/p>\n\n\n\n<ul class=\"wp-block-list\"><li>Einmal Echtzeit und vor Ort, bitte! Neuank\u00f6mmlinge \u00fcber den Uni-Start in Zeiten von Corona.<\/li><li>Homeoffice &amp; COVID-19: neue Erkenntnisse aus der Sozialpsychologie<\/li><li>\u201eAltersunterschiede und Generationendifferenz sind auf neue Weise bedeutsam\u201c: Die Sozialpsychologin Vera King zur Verarbeitung der Corona-Krise.<\/li><li>\u201eDurch Corona brechen B\u00fchnen weg\u201c: Der Soziologe Tilman Allert zum sozialen Verhalten in Corona-Zeiten.<\/li><li>Wirksamkeit der COVID-19-Ma\u00dfnahmen: Der Zeitpunkt der Umsetzung ist entscheidend, sagt der \u00d6konom Alexander Ludwig. &nbsp;<\/li><li>Literatur und Epidemie: Die Komparatisten Thomas Emmrich und Achim Geisenhansl\u00fcke \u00fcber literarische Verarbeitungen von Seuchen und anderen Infektionsereignissen.<\/li><li>Goethe, Deine Forscher: Maria Vehreschild, Infektiologin.<\/li><li>\u201eIch war der DJ der Konferenz\u201c: Jens Amendt hat die internationale Konferenz der Forensischen Entomologie von seinem Rechner aus in Frankfurt geleitet.<\/li><li>Die Inszenierung eines Dramas: Der Soziologe Jason Mast \u00fcber Trumps Agieren nach der Wahlniederlage und die Herausforderungen f\u00fcr seinen Nachfolger Joe Biden.<\/li><li>Latein lernen mit Tricktrack: Die Universit\u00e4tsbibliothek konnte das erste in Frankfurt am Main gedruckte Buch erwerben.<\/li><li>War Kant ein Rassist? Der Philosoph Marcus Willaschek zu einer Online-Vorlesungsreihe, die Mitte November gestartet ist.<\/li><li>Milchz\u00e4hne von Neandertalern erz\u00e4hlen Geschichte(n): Moderne Untersuchungsmethoden enth\u00fcllen Stillverhalten in der Steinzeit.<\/li><li>Von der Goethe-Uni ans h\u00f6chste deutsche Gericht: Interview mit der Frankfurter Sozialrechtlerin Astrid Wallrabenstein, die zur Bundesverfassungsrichterin ernannt wurde.<\/li><li>Kulturwandel statt Lippenbekenntnis: Aktionsplan f\u00fcr die Gleichstellung behinderter und nichtbehinderter Uni-Angeh\u00f6riger<\/li><li>Neuer Karriereweg zur Professur: R\u00fcckblick auf eine bundesweite Tagung zur Tenure-Track-Professur.<\/li><li>Rechtsstaatlichkeit \u201eunter Druck und in gro\u00dfer Gefahr\u201c: Die brasilianische Juraprofessorin Flavia Portella P\u00fcschel zur Situation in ihrem Land<\/li><li>\u00dcber den Tellerrand hinaus: Die Wissenschaftliche Gesellschaft f\u00f6rdert das interdisziplin\u00e4re Gespr\u00e4ch<\/li><li>Eine Kirche, die sich allen Interessierten \u00f6ffnet: Anke Spory ist seit diesem Jahr die neue<\/li><li>Pfarrerin der Evangelischen Studierendengemeinde.<\/li><li>Mit \u00bbJumps\u00ab zu neuen Herausforderungen: Rubina Zadourian ist eine leidenschaftliche Grenzg\u00e4ngerin zwischen Physik und Finanzwissenschaft.<\/li><\/ul>\n\n\n\n<div style=\"height:20px\" aria-hidden=\"true\" class=\"wp-block-spacer\"><\/div>\n\n\n\n<p class=\"has-background has-very-light-gray-background-color\">Der&nbsp;<strong>UniReport 6\/2020<\/strong>&nbsp;steht zum kostenlosen&nbsp;<strong>Download<\/strong>&nbsp;bereit unter&nbsp;<a href=\"https:\/\/www.unireport.info\/aktuelle-ausgabe\" target=\"_blank\" rel=\"noreferrer noopener\">https:\/\/www.unireport.info\/aktuelle-ausgabe<\/a><\/p>","protected":false},"excerpt":{"rendered":"<p>Im neuen UniReport diskutieren zwei Gesellschaftswissenschaftler \u00fcber eine aktuelle Studie, nach der sich ein betr\u00e4chtlicher Anteil der Frankfurter Soziologie-Studierenden f\u00fcr die Einschr\u00e4nkung der Meinungsfreiheit ausspricht. Eine Studie, die der Politikwissenschaftler [&hellip;]<\/p>\n","protected":false},"author":8,"featured_media":48322,"comment_status":"closed","ping_status":"closed","sticky":false,"template":"","format":"standard","meta":{"_eb_attr":"","_price":"","_stock":"","_tribe_ticket_header":"","_tribe_default_ticket_provider":"","_ticket_start_date":"","_ticket_end_date":"","_tribe_ticket_show_description":"","_tribe_ticket_show_not_going":false,"_tribe_ticket_use_global_stock":"","_tribe_ticket_global_stock_level":"","_global_stock_mode":"","_global_stock_cap":"","_tribe_rsvp_for_event":"","_tribe_ticket_going_count":"","_tribe_ticket_not_going_count":"","_tribe_tickets_list":"[]","_tribe_ticket_has_attendee_info_fields":false,"footnotes":""},"categories":[4,173,91],"tags":[200],"post_folder":[],"class_list":["post-48321","post","type-post","status-publish","format-standard","has-post-thumbnail","hentry","category-gesellschaft","category-unireport","category-zticky","tag-unireport-6-20"],"yoast_head":"<!-- This site is optimized with the Yoast SEO plugin v27.5 - https:\/\/yoast.com\/product\/yoast-seo-wordpress\/ -->\n<title>UniReport Ausgabe 6.20 \/ Ist die Meinungsfreiheit an der Universit\u00e4t in Gefahr? | Aktuelles aus der Goethe-Universit\u00e4t Frankfurt<\/title>\n<meta name=\"robots\" content=\"index, follow, max-snippet:-1, max-image-preview:large, max-video-preview:-1\" \/>\n<link rel=\"canonical\" href=\"https:\/\/aktuelles.uni-frankfurt.de\/en\/gesellschaft\/unireport-ausgabe-6-20-ist-die-meinungsfreiheit-an-der-universitaet-in-gefahr\/\" \/>\n<meta property=\"og:locale\" content=\"en_GB\" \/>\n<meta property=\"og:type\" content=\"article\" \/>\n<meta property=\"og:title\" content=\"UniReport Ausgabe 6.20 \/ Ist die Meinungsfreiheit an der Universit\u00e4t in Gefahr? | Aktuelles aus der Goethe-Universit\u00e4t Frankfurt\" \/>\n<meta property=\"og:description\" content=\"Im neuen UniReport diskutieren zwei Gesellschaftswissenschaftler \u00fcber eine aktuelle Studie, nach der sich ein betr\u00e4chtlicher Anteil der Frankfurter Soziologie-Studierenden f\u00fcr die Einschr\u00e4nkung der Meinungsfreiheit ausspricht. Eine Studie, die der Politikwissenschaftler [&hellip;]\" \/>\n<meta property=\"og:url\" content=\"https:\/\/aktuelles.uni-frankfurt.de\/en\/gesellschaft\/unireport-ausgabe-6-20-ist-die-meinungsfreiheit-an-der-universitaet-in-gefahr\/\" \/>\n<meta property=\"og:site_name\" content=\"Aktuelles aus der Goethe-Universit\u00e4t Frankfurt\" \/>\n<meta property=\"article:published_time\" content=\"2020-12-17T16:13:56+00:00\" \/>\n<meta property=\"article:modified_time\" content=\"2022-04-10T13:07:09+00:00\" \/>\n<meta property=\"og:image\" content=\"https:\/\/aktuelles.uni-frankfurt.de\/wp-content\/uploads\/2020\/12\/beitragsbild_unireport-6-20.jpg\" \/>\n\t<meta property=\"og:image:width\" content=\"650\" \/>\n\t<meta property=\"og:image:height\" content=\"450\" \/>\n\t<meta property=\"og:image:type\" content=\"image\/jpeg\" \/>\n<meta name=\"author\" content=\"-\" \/>\n<meta name=\"twitter:card\" content=\"summary_large_image\" \/>\n<meta name=\"twitter:label1\" content=\"Written by\" \/>\n\t<meta name=\"twitter:data1\" content=\"-\" \/>\n\t<meta name=\"twitter:label2\" content=\"Estimated reading time\" \/>\n\t<meta name=\"twitter:data2\" content=\"3 minutes\" \/>\n<script type=\"application\/ld+json\" class=\"yoast-schema-graph\">{\"@context\":\"https:\\\/\\\/schema.org\",\"@graph\":[{\"@type\":\"Article\",\"@id\":\"https:\\\/\\\/aktuelles.uni-frankfurt.de\\\/gesellschaft\\\/unireport-ausgabe-6-20-ist-die-meinungsfreiheit-an-der-universitaet-in-gefahr\\\/#article\",\"isPartOf\":{\"@id\":\"https:\\\/\\\/aktuelles.uni-frankfurt.de\\\/gesellschaft\\\/unireport-ausgabe-6-20-ist-die-meinungsfreiheit-an-der-universitaet-in-gefahr\\\/\"},\"author\":{\"name\":\"-\",\"@id\":\"https:\\\/\\\/aktuelles.uni-frankfurt.de\\\/#\\\/schema\\\/person\\\/8e55ea338fb65d1ce87a91565d1f1739\"},\"headline\":\"UniReport Ausgabe 6.20 \\\/ Ist die Meinungsfreiheit an der Universit\u00e4t in Gefahr?\",\"datePublished\":\"2020-12-17T16:13:56+00:00\",\"dateModified\":\"2022-04-10T13:07:09+00:00\",\"mainEntityOfPage\":{\"@id\":\"https:\\\/\\\/aktuelles.uni-frankfurt.de\\\/gesellschaft\\\/unireport-ausgabe-6-20-ist-die-meinungsfreiheit-an-der-universitaet-in-gefahr\\\/\"},\"wordCount\":593,\"publisher\":{\"@id\":\"https:\\\/\\\/aktuelles.uni-frankfurt.de\\\/#organization\"},\"image\":{\"@id\":\"https:\\\/\\\/aktuelles.uni-frankfurt.de\\\/gesellschaft\\\/unireport-ausgabe-6-20-ist-die-meinungsfreiheit-an-der-universitaet-in-gefahr\\\/#primaryimage\"},\"thumbnailUrl\":\"https:\\\/\\\/aktuelles.uni-frankfurt.de\\\/wp-content\\\/uploads\\\/2020\\\/12\\\/beitragsbild_unireport-6-20.jpg\",\"keywords\":[\"UniReport 6.20\"],\"articleSection\":[\"Gesellschaft\",\"UniReport\",\"Zticky\"],\"inLanguage\":\"en-GB\"},{\"@type\":\"WebPage\",\"@id\":\"https:\\\/\\\/aktuelles.uni-frankfurt.de\\\/gesellschaft\\\/unireport-ausgabe-6-20-ist-die-meinungsfreiheit-an-der-universitaet-in-gefahr\\\/\",\"url\":\"https:\\\/\\\/aktuelles.uni-frankfurt.de\\\/gesellschaft\\\/unireport-ausgabe-6-20-ist-die-meinungsfreiheit-an-der-universitaet-in-gefahr\\\/\",\"name\":\"UniReport Ausgabe 6.20 \\\/ Ist die Meinungsfreiheit an der Universit\u00e4t in Gefahr? | Aktuelles aus der Goethe-Universit\u00e4t Frankfurt\",\"isPartOf\":{\"@id\":\"https:\\\/\\\/aktuelles.uni-frankfurt.de\\\/#website\"},\"primaryImageOfPage\":{\"@id\":\"https:\\\/\\\/aktuelles.uni-frankfurt.de\\\/gesellschaft\\\/unireport-ausgabe-6-20-ist-die-meinungsfreiheit-an-der-universitaet-in-gefahr\\\/#primaryimage\"},\"image\":{\"@id\":\"https:\\\/\\\/aktuelles.uni-frankfurt.de\\\/gesellschaft\\\/unireport-ausgabe-6-20-ist-die-meinungsfreiheit-an-der-universitaet-in-gefahr\\\/#primaryimage\"},\"thumbnailUrl\":\"https:\\\/\\\/aktuelles.uni-frankfurt.de\\\/wp-content\\\/uploads\\\/2020\\\/12\\\/beitragsbild_unireport-6-20.jpg\",\"datePublished\":\"2020-12-17T16:13:56+00:00\",\"dateModified\":\"2022-04-10T13:07:09+00:00\",\"breadcrumb\":{\"@id\":\"https:\\\/\\\/aktuelles.uni-frankfurt.de\\\/gesellschaft\\\/unireport-ausgabe-6-20-ist-die-meinungsfreiheit-an-der-universitaet-in-gefahr\\\/#breadcrumb\"},\"inLanguage\":\"en-GB\",\"potentialAction\":[{\"@type\":\"ReadAction\",\"target\":[\"https:\\\/\\\/aktuelles.uni-frankfurt.de\\\/gesellschaft\\\/unireport-ausgabe-6-20-ist-die-meinungsfreiheit-an-der-universitaet-in-gefahr\\\/\"]}]},{\"@type\":\"ImageObject\",\"inLanguage\":\"en-GB\",\"@id\":\"https:\\\/\\\/aktuelles.uni-frankfurt.de\\\/gesellschaft\\\/unireport-ausgabe-6-20-ist-die-meinungsfreiheit-an-der-universitaet-in-gefahr\\\/#primaryimage\",\"url\":\"https:\\\/\\\/aktuelles.uni-frankfurt.de\\\/wp-content\\\/uploads\\\/2020\\\/12\\\/beitragsbild_unireport-6-20.jpg\",\"contentUrl\":\"https:\\\/\\\/aktuelles.uni-frankfurt.de\\\/wp-content\\\/uploads\\\/2020\\\/12\\\/beitragsbild_unireport-6-20.jpg\",\"width\":650,\"height\":450},{\"@type\":\"BreadcrumbList\",\"@id\":\"https:\\\/\\\/aktuelles.uni-frankfurt.de\\\/gesellschaft\\\/unireport-ausgabe-6-20-ist-die-meinungsfreiheit-an-der-universitaet-in-gefahr\\\/#breadcrumb\",\"itemListElement\":[{\"@type\":\"ListItem\",\"position\":1,\"name\":\"Startseite\",\"item\":\"https:\\\/\\\/aktuelles.uni-frankfurt.de\\\/\"},{\"@type\":\"ListItem\",\"position\":2,\"name\":\"UniReport Ausgabe 6.20 \\\/ Ist die Meinungsfreiheit an der Universit\u00e4t in Gefahr?\"}]},{\"@type\":\"WebSite\",\"@id\":\"https:\\\/\\\/aktuelles.uni-frankfurt.de\\\/#website\",\"url\":\"https:\\\/\\\/aktuelles.uni-frankfurt.de\\\/\",\"name\":\"Aktuelles aus der Goethe-Universit\u00e4t Frankfurt\",\"description\":\"Aktuelles aus der Goethe-Universit\u00e4t | Neues aus Forschung, Lehre, Studium\",\"publisher\":{\"@id\":\"https:\\\/\\\/aktuelles.uni-frankfurt.de\\\/#organization\"},\"potentialAction\":[{\"@type\":\"SearchAction\",\"target\":{\"@type\":\"EntryPoint\",\"urlTemplate\":\"https:\\\/\\\/aktuelles.uni-frankfurt.de\\\/?s={search_term_string}\"},\"query-input\":{\"@type\":\"PropertyValueSpecification\",\"valueRequired\":true,\"valueName\":\"search_term_string\"}}],\"inLanguage\":\"en-GB\"},{\"@type\":\"Organization\",\"@id\":\"https:\\\/\\\/aktuelles.uni-frankfurt.de\\\/#organization\",\"name\":\"Goethe-Universit\u00e4t\",\"url\":\"https:\\\/\\\/aktuelles.uni-frankfurt.de\\\/\",\"logo\":{\"@type\":\"ImageObject\",\"inLanguage\":\"en-GB\",\"@id\":\"https:\\\/\\\/aktuelles.uni-frankfurt.de\\\/#\\\/schema\\\/logo\\\/image\\\/\",\"url\":\"https:\\\/\\\/aktuelles.uni-frankfurt.de\\\/wp-content\\\/uploads\\\/2022\\\/03\\\/800px-Goethe-Logo.png\",\"contentUrl\":\"https:\\\/\\\/aktuelles.uni-frankfurt.de\\\/wp-content\\\/uploads\\\/2022\\\/03\\\/800px-Goethe-Logo.png\",\"width\":800,\"height\":436,\"caption\":\"Goethe-Universit\u00e4t\"},\"image\":{\"@id\":\"https:\\\/\\\/aktuelles.uni-frankfurt.de\\\/#\\\/schema\\\/logo\\\/image\\\/\"}},{\"@type\":\"Person\",\"@id\":\"https:\\\/\\\/aktuelles.uni-frankfurt.de\\\/#\\\/schema\\\/person\\\/8e55ea338fb65d1ce87a91565d1f1739\",\"name\":\"-\",\"description\":\"Dieser Beitrag wurde von der Online-Redaktion ver\u00f6ffentlicht. Wenn der Beitrag von einem Gastautoren verfasst wurde, findet sich dieser Hinweis am Ende des jeweiligen Artikels.\",\"sameAs\":[\"http:\\\/\\\/aktuelles.uni-frankfurt.de\\\/autoren\"],\"url\":\"https:\\\/\\\/aktuelles.uni-frankfurt.de\\\/en\\\/author\\\/redaktion\\\/\"}]}<\/script>\n<!-- \/ Yoast SEO plugin. -->","yoast_head_json":{"title":"UniReport Ausgabe 6.20 \/ Ist die Meinungsfreiheit an der Universit\u00e4t in Gefahr? | Aktuelles aus der Goethe-Universit\u00e4t Frankfurt","robots":{"index":"index","follow":"follow","max-snippet":"max-snippet:-1","max-image-preview":"max-image-preview:large","max-video-preview":"max-video-preview:-1"},"canonical":"https:\/\/aktuelles.uni-frankfurt.de\/en\/gesellschaft\/unireport-ausgabe-6-20-ist-die-meinungsfreiheit-an-der-universitaet-in-gefahr\/","og_locale":"en_GB","og_type":"article","og_title":"UniReport Ausgabe 6.20 \/ Ist die Meinungsfreiheit an der Universit\u00e4t in Gefahr? | Aktuelles aus der Goethe-Universit\u00e4t Frankfurt","og_description":"Im neuen UniReport diskutieren zwei Gesellschaftswissenschaftler \u00fcber eine aktuelle Studie, nach der sich ein betr\u00e4chtlicher Anteil der Frankfurter Soziologie-Studierenden f\u00fcr die Einschr\u00e4nkung der Meinungsfreiheit ausspricht. Eine Studie, die der Politikwissenschaftler [&hellip;]","og_url":"https:\/\/aktuelles.uni-frankfurt.de\/en\/gesellschaft\/unireport-ausgabe-6-20-ist-die-meinungsfreiheit-an-der-universitaet-in-gefahr\/","og_site_name":"Aktuelles aus der Goethe-Universit\u00e4t Frankfurt","article_published_time":"2020-12-17T16:13:56+00:00","article_modified_time":"2022-04-10T13:07:09+00:00","og_image":[{"width":650,"height":450,"url":"https:\/\/aktuelles.uni-frankfurt.de\/wp-content\/uploads\/2020\/12\/beitragsbild_unireport-6-20.jpg","type":"image\/jpeg"}],"author":"-","twitter_card":"summary_large_image","twitter_misc":{"Written by":"-","Estimated reading time":"3 minutes"},"schema":{"@context":"https:\/\/schema.org","@graph":[{"@type":"Article","@id":"https:\/\/aktuelles.uni-frankfurt.de\/gesellschaft\/unireport-ausgabe-6-20-ist-die-meinungsfreiheit-an-der-universitaet-in-gefahr\/#article","isPartOf":{"@id":"https:\/\/aktuelles.uni-frankfurt.de\/gesellschaft\/unireport-ausgabe-6-20-ist-die-meinungsfreiheit-an-der-universitaet-in-gefahr\/"},"author":{"name":"-","@id":"https:\/\/aktuelles.uni-frankfurt.de\/#\/schema\/person\/8e55ea338fb65d1ce87a91565d1f1739"},"headline":"UniReport Ausgabe 6.20 \/ Ist die Meinungsfreiheit an der Universit\u00e4t in Gefahr?","datePublished":"2020-12-17T16:13:56+00:00","dateModified":"2022-04-10T13:07:09+00:00","mainEntityOfPage":{"@id":"https:\/\/aktuelles.uni-frankfurt.de\/gesellschaft\/unireport-ausgabe-6-20-ist-die-meinungsfreiheit-an-der-universitaet-in-gefahr\/"},"wordCount":593,"publisher":{"@id":"https:\/\/aktuelles.uni-frankfurt.de\/#organization"},"image":{"@id":"https:\/\/aktuelles.uni-frankfurt.de\/gesellschaft\/unireport-ausgabe-6-20-ist-die-meinungsfreiheit-an-der-universitaet-in-gefahr\/#primaryimage"},"thumbnailUrl":"https:\/\/aktuelles.uni-frankfurt.de\/wp-content\/uploads\/2020\/12\/beitragsbild_unireport-6-20.jpg","keywords":["UniReport 6.20"],"articleSection":["Gesellschaft","UniReport","Zticky"],"inLanguage":"en-GB"},{"@type":"WebPage","@id":"https:\/\/aktuelles.uni-frankfurt.de\/gesellschaft\/unireport-ausgabe-6-20-ist-die-meinungsfreiheit-an-der-universitaet-in-gefahr\/","url":"https:\/\/aktuelles.uni-frankfurt.de\/gesellschaft\/unireport-ausgabe-6-20-ist-die-meinungsfreiheit-an-der-universitaet-in-gefahr\/","name":"UniReport Ausgabe 6.20 \/ Ist die Meinungsfreiheit an der Universit\u00e4t in Gefahr? | Aktuelles aus der Goethe-Universit\u00e4t Frankfurt","isPartOf":{"@id":"https:\/\/aktuelles.uni-frankfurt.de\/#website"},"primaryImageOfPage":{"@id":"https:\/\/aktuelles.uni-frankfurt.de\/gesellschaft\/unireport-ausgabe-6-20-ist-die-meinungsfreiheit-an-der-universitaet-in-gefahr\/#primaryimage"},"image":{"@id":"https:\/\/aktuelles.uni-frankfurt.de\/gesellschaft\/unireport-ausgabe-6-20-ist-die-meinungsfreiheit-an-der-universitaet-in-gefahr\/#primaryimage"},"thumbnailUrl":"https:\/\/aktuelles.uni-frankfurt.de\/wp-content\/uploads\/2020\/12\/beitragsbild_unireport-6-20.jpg","datePublished":"2020-12-17T16:13:56+00:00","dateModified":"2022-04-10T13:07:09+00:00","breadcrumb":{"@id":"https:\/\/aktuelles.uni-frankfurt.de\/gesellschaft\/unireport-ausgabe-6-20-ist-die-meinungsfreiheit-an-der-universitaet-in-gefahr\/#breadcrumb"},"inLanguage":"en-GB","potentialAction":[{"@type":"ReadAction","target":["https:\/\/aktuelles.uni-frankfurt.de\/gesellschaft\/unireport-ausgabe-6-20-ist-die-meinungsfreiheit-an-der-universitaet-in-gefahr\/"]}]},{"@type":"ImageObject","inLanguage":"en-GB","@id":"https:\/\/aktuelles.uni-frankfurt.de\/gesellschaft\/unireport-ausgabe-6-20-ist-die-meinungsfreiheit-an-der-universitaet-in-gefahr\/#primaryimage","url":"https:\/\/aktuelles.uni-frankfurt.de\/wp-content\/uploads\/2020\/12\/beitragsbild_unireport-6-20.jpg","contentUrl":"https:\/\/aktuelles.uni-frankfurt.de\/wp-content\/uploads\/2020\/12\/beitragsbild_unireport-6-20.jpg","width":650,"height":450},{"@type":"BreadcrumbList","@id":"https:\/\/aktuelles.uni-frankfurt.de\/gesellschaft\/unireport-ausgabe-6-20-ist-die-meinungsfreiheit-an-der-universitaet-in-gefahr\/#breadcrumb","itemListElement":[{"@type":"ListItem","position":1,"name":"Startseite","item":"https:\/\/aktuelles.uni-frankfurt.de\/"},{"@type":"ListItem","position":2,"name":"UniReport Ausgabe 6.20 \/ Ist die Meinungsfreiheit an der Universit\u00e4t in Gefahr?"}]},{"@type":"WebSite","@id":"https:\/\/aktuelles.uni-frankfurt.de\/#website","url":"https:\/\/aktuelles.uni-frankfurt.de\/","name":"Aktuelles aus der Goethe-Universit\u00e4t Frankfurt","description":"Aktuelles aus der Goethe-Universit\u00e4t | Neues aus Forschung, Lehre, Studium","publisher":{"@id":"https:\/\/aktuelles.uni-frankfurt.de\/#organization"},"potentialAction":[{"@type":"SearchAction","target":{"@type":"EntryPoint","urlTemplate":"https:\/\/aktuelles.uni-frankfurt.de\/?s={search_term_string}"},"query-input":{"@type":"PropertyValueSpecification","valueRequired":true,"valueName":"search_term_string"}}],"inLanguage":"en-GB"},{"@type":"Organization","@id":"https:\/\/aktuelles.uni-frankfurt.de\/#organization","name":"Goethe University Frankfurt","url":"https:\/\/aktuelles.uni-frankfurt.de\/","logo":{"@type":"ImageObject","inLanguage":"en-GB","@id":"https:\/\/aktuelles.uni-frankfurt.de\/#\/schema\/logo\/image\/","url":"https:\/\/aktuelles.uni-frankfurt.de\/wp-content\/uploads\/2022\/03\/800px-Goethe-Logo.png","contentUrl":"https:\/\/aktuelles.uni-frankfurt.de\/wp-content\/uploads\/2022\/03\/800px-Goethe-Logo.png","width":800,"height":436,"caption":"Goethe-Universit\u00e4t"},"image":{"@id":"https:\/\/aktuelles.uni-frankfurt.de\/#\/schema\/logo\/image\/"}},{"@type":"Person","@id":"https:\/\/aktuelles.uni-frankfurt.de\/#\/schema\/person\/8e55ea338fb65d1ce87a91565d1f1739","name":"-","description":"Dieser Beitrag wurde von der Online-Redaktion ver\u00f6ffentlicht. Wenn der Beitrag von einem Gastautoren verfasst wurde, findet sich dieser Hinweis am Ende des jeweiligen Artikels.","sameAs":["http:\/\/aktuelles.uni-frankfurt.de\/autoren"],"url":"https:\/\/aktuelles.uni-frankfurt.de\/en\/author\/redaktion\/"}]}},"_links":{"self":[{"href":"https:\/\/aktuelles.uni-frankfurt.de\/en\/wp-json\/wp\/v2\/posts\/48321","targetHints":{"allow":["GET"]}}],"collection":[{"href":"https:\/\/aktuelles.uni-frankfurt.de\/en\/wp-json\/wp\/v2\/posts"}],"about":[{"href":"https:\/\/aktuelles.uni-frankfurt.de\/en\/wp-json\/wp\/v2\/types\/post"}],"author":[{"embeddable":true,"href":"https:\/\/aktuelles.uni-frankfurt.de\/en\/wp-json\/wp\/v2\/users\/8"}],"replies":[{"embeddable":true,"href":"https:\/\/aktuelles.uni-frankfurt.de\/en\/wp-json\/wp\/v2\/comments?post=48321"}],"version-history":[{"count":0,"href":"https:\/\/aktuelles.uni-frankfurt.de\/en\/wp-json\/wp\/v2\/posts\/48321\/revisions"}],"wp:featuredmedia":[{"embeddable":true,"href":"https:\/\/aktuelles.uni-frankfurt.de\/en\/wp-json\/wp\/v2\/media\/48322"}],"wp:attachment":[{"href":"https:\/\/aktuelles.uni-frankfurt.de\/en\/wp-json\/wp\/v2\/media?parent=48321"}],"wp:term":[{"taxonomy":"category","embeddable":true,"href":"https:\/\/aktuelles.uni-frankfurt.de\/en\/wp-json\/wp\/v2\/categories?post=48321"},{"taxonomy":"post_tag","embeddable":true,"href":"https:\/\/aktuelles.uni-frankfurt.de\/en\/wp-json\/wp\/v2\/tags?post=48321"},{"taxonomy":"post_folder","embeddable":true,"href":"https:\/\/aktuelles.uni-frankfurt.de\/en\/wp-json\/wp\/v2\/post_folder?post=48321"}],"curies":[{"name":"wp","href":"https:\/\/api.w.org\/{rel}","templated":true}]}}