{"id":48338,"date":"2020-12-22T11:45:00","date_gmt":"2020-12-22T10:45:00","guid":{"rendered":"https:\/\/aktuelles.uni-frankfurt.de\/?p=48338"},"modified":"2022-04-10T15:07:08","modified_gmt":"2022-04-10T13:07:08","slug":"neuankoemmlinge-ueber-den-uni-start","status":"publish","type":"post","link":"https:\/\/aktuelles.uni-frankfurt.de\/en\/studium\/neuankoemmlinge-ueber-den-uni-start\/","title":{"rendered":"Neuank\u00f6mmlinge \u00fcber den Uni-Start"},"content":{"rendered":"<p><strong>Einige haben noch nie den Campus gesehen, bei einem ebbt das \u00bbechte Uni-Feeling\u00ab ab, und eine macht Bekanntschaften auf Umwegen: Neuank\u00f6mmlinge an der Goethe-Uni geben Auskunft \u00fcber den Uni-Start unter Corona-Bedingungen.<\/strong><\/p>\n\n\n\n<div style=\"height:20px\" aria-hidden=\"true\" class=\"wp-block-spacer\"><\/div>\n\n\n\n<p class=\"has-drop-cap\">Studieren in der Pandemie bedeutet: Der Erstkontakt mit der Universit\u00e4t findet online statt. Und bei online bleibt es dann auch \u2013 Veranstaltungen vor Ort besuchen nur die wenigsten. Wie geht es den rund 8100 Erstis damit? Wie orientieren sie sich in der Uni-Online-Welt? Klappt die Technik? Schon jemanden kennengelernt? Macht das Studium (trotzdem) Spa\u00df? Sechs Erstsemester \u2013 aus den Studien Rechtswissenschaft, Empirische Sprachwissenschaft, Germanistik, Biowissenschaften oder Interdisciplinary Neuroscience \u2013 haben uns telefonisch geantwortet.<\/p>\n\n\n\n<div style=\"height:20px\" aria-hidden=\"true\" class=\"wp-block-spacer\"><\/div>\n\n\n\n<hr class=\"wp-block-separator has-text-color has-background is-style-wide\" style=\"background-color:#00618f;color:#00618f\"\/>\n\n\n\n<div style=\"height:20px\" aria-hidden=\"true\" class=\"wp-block-spacer\"><\/div>\n\n\n\n<h3 class=\"wp-block-heading\"><strong>Helin Satilmis, 18, Studium der Rechtswissenschaft<\/strong><\/h3>\n\n\n\n<p>Die Studienunterlagen zu sp\u00e4t eingetroffen, die Einf\u00fchrungsveranstaltung verpasst \u2013 f\u00fcr Helin begann der Uni-Start mit Stress: \u201eIch hatte schon voll die Panik, dass alles ganz kompliziert wird und ich auch keinen kennenlernen werde.\u201c Doch dann war die OLAT-Plattform \u00fcbersichtlicher als erwartet, und eine studienerfahrene Cousine half beim Stundenplan-Erstellen. Auch die ersten Vorlesungen waren eine positive \u201e\u00dcberraschung\u201c: \u201eIch bin erstaunt, wie gut alles organisiert ist und wie gut es mit der Technik klappt.\u201c Gew\u00f6hnungsbed\u00fcrftig fand Helin allerdings, bei stundenlangen Online-Vorlesungen nicht die Konzentration zu verlieren. Und auch das richtige Mitschreiben und Nacharbeiten von Vorlesungen: Das sei ohne gutes Zeitmanagement \u2013 und fr\u00fches Aufstehen! \u2013 nicht zu schaffen. Inzwischen klappe es mit der Organisation aber schon gut, sagt Helin. Das Studium macht Spa\u00df. Wobei es hilfreich sei, dass Professorinnen und Professoren E-Mail-Kontakte anb\u00f6ten und sich die knapp 700 Erstis in ihrem Fach in WhatsApp-Gruppen organisiert h\u00e4tten. Auch wenn in ihrer Gruppe mit 256 Mitgliedern schon einmal schnell 300 Nachrichten auflaufen: Fragen werden sofort und hilfsbereit beantwortet. Geht das: private Kontakte, Kennenlernen unter diesen Bedingungen? Unm\u00f6glich, sagt Helin.<\/p>\n\n\n\n<p>\u201eIrgendwie\u201c und \u201e\u00fcberraschend\u201c wurde Helin aber in eine kleine WhatsApp-Gruppe aufgenommen. Diese \u201eM\u00e4dels-Gruppe\u201c entpuppt sich als Gl\u00fccksfall und Lerngruppe in einem: Sonntags werden nun in Zoom-Meetings Fragen ausgetauscht und gemeinsam \u00fcber L\u00f6sungen gegr\u00fcbelt. Und damit sich die Minigruppe einmal \u2013 in Echtzeit und vor Ort \u2013 treffen kann, hat sie sich bei der einzig m\u00f6glichen Pr\u00e4senzveranstaltung im Semester eingeschrieben, an der Studierende im Rotationssystem teilnehmen k\u00f6nnen. Helin freut sich schon auf die bildschirmfreie Begegnung. \u201eWenn es wieder geht, m\u00fcssen wir unbedingt essen gehen. Das haben wir schon beschlossen.\u201c<\/p>\n\n\n\n<div style=\"height:20px\" aria-hidden=\"true\" class=\"wp-block-spacer\"><\/div>\n\n\n\n<h3 class=\"wp-block-heading\"><strong>Ilhana Sacirovic, 18, Studium der Rechtswissenschaft<\/strong><\/h3>\n\n\n\n<div class=\"wp-block-image is-style-circle-mask\"><figure class=\"alignleft size-large is-resized\"><img decoding=\"async\" src=\"https:\/\/aktuelles.uni-frankfurt.de\/wp-content\/uploads\/2020\/12\/Bild_UR-6.20_Ilhana-Sacirovic.jpg\" alt=\"\" class=\"wp-image-48379\" width=\"163\" height=\"163\" srcset=\"https:\/\/aktuelles.uni-frankfurt.de\/wp-content\/uploads\/2020\/12\/Bild_UR-6.20_Ilhana-Sacirovic.jpg 650w, https:\/\/aktuelles.uni-frankfurt.de\/wp-content\/uploads\/2020\/12\/Bild_UR-6.20_Ilhana-Sacirovic-300x300.jpg 300w, https:\/\/aktuelles.uni-frankfurt.de\/wp-content\/uploads\/2020\/12\/Bild_UR-6.20_Ilhana-Sacirovic-150x150.jpg 150w\" sizes=\"(max-width: 163px) 100vw, 163px\" \/><\/figure><\/div>\n\n\n\n<p>Die Einf\u00fchrungsveranstaltung mit Tipps und Tricks inklusive virtueller Campusf\u00fchrung, die Helin verpasst hat, hat Ilhana live erlebt. Trotzdem \u2013 auch ihr fiel das Stundenplan-Basteln nicht leicht. Deshalb war Ilhana \u201e\u00fcberrascht\u201c, wie gut organisiert das Studium begonnen hat. Nach einigen technischen Anfangsschwierigkeiten \u201egeht\u2018s jetzt in der Vorlesung richtig ab.\u201c Die anf\u00e4ngliche Scheu, Fragen zu stellen, sei verflogen. Ob in der Vorlesung per Handzeichen oder per Chat mit den Mentorinnen und Mentoren, also Studierenden aus h\u00f6heren Semestern, ob per WhatsApp, Facebook, E-Mail oder Zoom-Tutorium \u2013 unter den Erstis gibt es regen Austausch. Fachlich. Dass Ilhana jetzt auch ein paar Mitstudierende privat kennt, hat sie dem Zufall zu verdanken: In Frankfurt wohnend nimmt sie jede Gelegenheit wahr, sich w\u00f6chentlich bei der einzigen Pr\u00e4senzvorlesung einzuschreiben; nur 85 Personen der knapp 700 Erstsemester sind aus Platzgr\u00fcnden zugelassen. Auf der Suche nach dem H\u00f6rsaal irrte sie in der ersten Woche im Unitreppenhaus umher \u2013 und traf auf ebenso orientierungslose Erstis wie sie. Das verband. In der noch am selben Tag gegr\u00fcndeten WhatsApp-Gruppe ist jetzt nicht nur Fachliches Thema. W\u00fcrde sie sich gern privat mit einigen treffen wollen? \u201eSofort.\u201c<\/p>\n\n\n\n<div style=\"height:20px\" aria-hidden=\"true\" class=\"wp-block-spacer\"><\/div>\n\n\n\n<h3 class=\"wp-block-heading\"><strong>Shayenne Wiens, 18, Studium der Rechtswissenschaft <\/strong><\/h3>\n\n\n\n<div class=\"wp-block-image is-style-circle-mask\"><figure class=\"alignright size-large is-resized\"><img decoding=\"async\" src=\"https:\/\/aktuelles.uni-frankfurt.de\/wp-content\/uploads\/2020\/12\/Bild_UR-6.20_Shayenne.jpg\" alt=\"\" class=\"wp-image-48374\" width=\"163\" height=\"163\" srcset=\"https:\/\/aktuelles.uni-frankfurt.de\/wp-content\/uploads\/2020\/12\/Bild_UR-6.20_Shayenne.jpg 650w, https:\/\/aktuelles.uni-frankfurt.de\/wp-content\/uploads\/2020\/12\/Bild_UR-6.20_Shayenne-300x300.jpg 300w, https:\/\/aktuelles.uni-frankfurt.de\/wp-content\/uploads\/2020\/12\/Bild_UR-6.20_Shayenne-150x150.jpg 150w\" sizes=\"(max-width: 163px) 100vw, 163px\" \/><\/figure><\/div>\n\n\n\n<p>\u201eWir haben uns alle so darauf gefreut, ein Studentenleben zu haben und neue Leute kennenzulernen\u201c, sagt Shayenne am Ende des Gespr\u00e4chs, und ihre Stimme klingt dabei ein wenig matt. Auf dem Campus war sie noch nie. Wegen des Onlinesemesters bleibt sie derzeit bei ihrer Familie in Fulda; die Idee, in ein Studentenheim zu ziehen, ist erst einmal verschoben. Sie ist froh, dass sie die \u201esehr komplizierte Immatrikulation\u201c geschafft und sich im Studium orientiert hat. \u201eDass es eine Einf\u00fchrungsveranstaltung gab, haben viele n\u00e4mlich gar nicht mitbekommen.\u201c<\/p>\n\n\n\n<p>Inzwischen gelingt es ihr besser, sich bei den stundenlangen Zoom-Veranstaltungen zu konzentrieren. Dabei halfen die WhatsApp-Gruppen sehr: Dort werden Infos geteilt, Fragen beantwortet. Kennenlernen ist bei 256 Teilnehmern pro WhatsApp-Gruppe unm\u00f6glich, selbst Gruppenarbeit findet mit 20 bis 30 Personen statt. \u201eBei 12 Personen pro Bildschirm muss ich mich durch die Seiten klicken, um alle Gruppenmitglieder zu sehen\u201c. Bei so vielen Zugriffen h\u00e4nge sich ein Zugang auch mal auf, m\u00fcsse sie einige Stunden warten, bis sie an Lernmaterial komme. Trotzdem: Ihr Fach findet sie \u201etotal interessant\u201c. Und immerhin habe sie schon eine Mitstudierende kennengelernt: Diese sei \u00fcber Instagram auf sie zugekommen \u2013 ob sie auch in Frankfurt studiere? Seitdem schreiben sich die beiden. Mit mehr Kontakten rechnet Shayenne in diesem Semester allerdings nicht.<\/p>\n\n\n\n<div style=\"height:20px\" aria-hidden=\"true\" class=\"wp-block-spacer\"><\/div>\n\n\n\n<h3 class=\"wp-block-heading\"><strong>Malin Marinus Potengowski, 18, Studium der Empirischen Sprachwissenschaft, Nebenfach Germanistik<\/strong><\/h3>\n\n\n\n<div class=\"wp-block-image is-style-circle-mask\"><figure class=\"alignleft size-large is-resized\"><img decoding=\"async\" src=\"https:\/\/aktuelles.uni-frankfurt.de\/wp-content\/uploads\/2020\/12\/Bild_UR-6.20_Malin.jpg\" alt=\"\" class=\"wp-image-48380\" width=\"163\" height=\"163\" srcset=\"https:\/\/aktuelles.uni-frankfurt.de\/wp-content\/uploads\/2020\/12\/Bild_UR-6.20_Malin.jpg 650w, https:\/\/aktuelles.uni-frankfurt.de\/wp-content\/uploads\/2020\/12\/Bild_UR-6.20_Malin-300x300.jpg 300w, https:\/\/aktuelles.uni-frankfurt.de\/wp-content\/uploads\/2020\/12\/Bild_UR-6.20_Malin-150x150.jpg 150w\" sizes=\"(max-width: 163px) 100vw, 163px\" \/><\/figure><\/div>\n\n\n\n<p>\u201eIch bin \u00fcber die wenigen, wenigen Pr\u00e4senzveranstaltungen sehr froh\u201c. Die Einschreibung hatte Malin lange vor sich hergeschoben und soeben noch geschafft, als er merkte, dass, anders als erwartet, die Einschreibung gar nicht Thema in der Einf\u00fchrungsveranstaltung sein w\u00fcrde. Fachschaft und Studienservice Center, an die Malin Fragen gerichtet hatte, schrieben erst sp\u00e4t zur\u00fcck, \u201eda waren die Mailboxen wohl total \u00fcberf\u00fcllt.\u201c Am Ende halfen Freunde, beim Campusrundgang der Fachschaft in Kleingruppen gab es dann den ersten Unikontakt. <\/p>\n\n\n\n<p>Nun pendelt Malin von Friedberg aus; die Fahrtzeit nutzt er zum Vor- und Nacharbeiten. Manchmal wird die Kombination zwischen Online und Pr\u00e4senz, zwischen Computerbildschirm zu Hause und Mit-Abstand-im-H\u00f6rsaal-Sitzen, aber auch zur Herausforderung: mittwochs folgt n\u00e4mlich auf die Hebr\u00e4isch-Stunde l\u00fcckenlos die Niederl\u00e4ndisch-Klasse. Nach Hause jetten \u2013 nicht zu schaffen. Wo sich aufhalten? Die Uni ist zu, die Bibliothek verlangt Stille, die Malin aber, da er sich am Unterricht beteiligt, nicht bieten kann. Die um Hilfe gebetenen Dozenten reagieren ratlos. \u201eIm Moment mache ich Niederl\u00e4ndisch immer auf einer Parkbank.\u201c Nicht nur jahreszeitenbedingt eine eher suboptimale L\u00f6sung. Da ist es nur zu verst\u00e4ndlich, dass Malin sich generell \u201ein einem H\u00f6rsaal wohler f\u00fchlen w\u00fcrde\u201c. Aus Datenschutzgr\u00fcnden nimmt Malin an keiner WhatsApp-Gruppe teil. Trotzdem f\u00fchlt er sich durch den Discord-Kanal und E-Mail-Kontakte mit den Dozierenden einigerma\u00dfen eingebunden. Das Studium macht ihm Spa\u00df \u2013 \u201eauch wenn das Lernpensum langsam sehr, sehr stressig wird\u201c.<\/p>\n\n\n\n<div style=\"height:20px\" aria-hidden=\"true\" class=\"wp-block-spacer\"><\/div>\n\n\n\n<h3 class=\"wp-block-heading\"><strong>Dennis Weigel, 20, Bachelor in Biowissenschaften<\/strong><\/h3>\n\n\n\n<p>Nach einem freiwilligen sozialen Jahr hat sich Dennis sehr auf etwas Neues gefreut. Deshalb hat er sich von dem \u201eau\u00dferordentlich komplizierten\u201c Einschreibeverfahren und Stundenplan-Entwickeln nicht abschrecken lassen. Als er bei der Einf\u00fchrungsveranstaltung zum ersten Mal in einem gro\u00dfen H\u00f6rsaal auf dem Campus Riedberg stand, fand er das sogar \u201esehr imposant\u201c. \u201eEchtes Unifeeling\u201c habe er da gesp\u00fcrt. Das habe sich, seitdem nur noch Online-Studieren angesagt ist, allerdings ein wenig verfl\u00fcchtigt. Nicht ganz hilfreich sei da, dass er f\u00fcr seine F\u00e4cher \u2013 Biowissenschaften, Chemie, Physik, Statistik \u2013 zwischen OLAT und anderen Plattformen hin- und herpendeln m\u00fcsse. Andererseits funktionierten die Lehrveranstaltungen technisch super, sagt Dennis. Gut findet er auch, dass er sich durch Lernvideos gut selbst organisieren k\u00f6nne. Und dass es in seinem Lieblingsfach Biowissenschaften jetzt \u201esehr, sehr detailliert\u201c wird, findet er richtig spannend. Weniger begeistert ist er von Physik \u201eDa frage ich mich manchmal schon, wozu ich das in meinem Studium eigentlich brauche.\u201c Ein Grund, warum er sich aufs Studium gefreut habe, war auch die Aussicht, neue Menschen kennenzulernen. Da ist noch nichts passiert. \u201eIch hoffe, hoffe\u201c, sagt Dennis, \u201edass so nicht mein ganzes Studium verl\u00e4uft.\u201c<\/p>\n\n\n\n<div style=\"height:20px\" aria-hidden=\"true\" class=\"wp-block-spacer\"><\/div>\n\n\n\n<h3 class=\"wp-block-heading\"><strong>Yoel Yimesghen, 30, Master Interdisciplinary Neuroscience<\/strong><\/h3>\n\n\n\n<div class=\"wp-block-image is-style-circle-mask\"><figure class=\"alignright size-large is-resized\"><img loading=\"lazy\" decoding=\"async\" src=\"https:\/\/aktuelles.uni-frankfurt.de\/wp-content\/uploads\/2020\/12\/Bild_UR-6.20_Yoel.jpg\" alt=\"\" class=\"wp-image-48375\" width=\"163\" height=\"183\" srcset=\"https:\/\/aktuelles.uni-frankfurt.de\/wp-content\/uploads\/2020\/12\/Bild_UR-6.20_Yoel.jpg 650w, https:\/\/aktuelles.uni-frankfurt.de\/wp-content\/uploads\/2020\/12\/Bild_UR-6.20_Yoel-267x300.jpg 267w\" sizes=\"(max-width: 163px) 100vw, 163px\" \/><\/figure><\/div>\n\n\n\n<p>F\u00fcr Yoel ist im Masterstudium alles neu \u2013 obwohl es bereits sein zweites Studium ist. In Eritrea hat er Pharmazie studiert und drei Jahre in seinem Beruf gearbeitet. Noch Anfang des Jahres lebte er in einem Asylbewerberheim in Ulm, inzwischen hat er eine Aufenthaltsgenehmigung, einen WG-Platz in Frankfurt und BAf\u00f6G. Daf\u00fcr, sagt er, sei er rund um die Uhr in Internet-Caf\u00e9s im Einsatz gewesen. Dass er nun mit zehn weiteren Kommilitonen studieren kann, empfindet Yoel als Gl\u00fccksfall. Sechs der insgesamt elf Kommilitonen kommen aus dem Ausland: aus Albanien, der T\u00fcrkei, S\u00fcdkorea und \u00c4gypten. Vor dem Lockdown light haben sich die Masterstudenten einmal sehen k\u00f6nnen. \u201eJetzt rufen wir uns jeden Tag an und fragen, ob es Probleme gibt. Die deutschen Kommilitonen sind wirklich sehr hilfsbereit.\u201c Im Online-Studium sind die Studienkollegen f\u00fcr ihn wie eine Familie geworden.<\/p>\n\n\n\n<p>Erleichtert nimmt Yoel\nauch zur Kenntnis, dass er sich inzwischen besser viele Stunden vor dem\nBildschirm konzentrieren kann, der Lernstoff schwierig, aber zu schaffen sei.\nUnd Yoel freut sich schon auf sein Praktikum \u2013 das, so hofft er, bald vor Ort\nim Labor stattfinden k\u00f6nne. In einem so gut ausgestatteten Institut habe er\nnoch nie gearbeitet!<\/p>\n\n\n\n<p><em>(Das Gespr\u00e4ch mit Yoel fand auf Englisch statt.)<\/em><\/p>\n\n\n\n<div style=\"height:20px\" aria-hidden=\"true\" class=\"wp-block-spacer\"><\/div>\n\n\n\n<hr class=\"wp-block-separator has-text-color has-background is-style-wide\" style=\"background-color:#00618f;color:#00618f\"\/>\n\n\n\n<div style=\"height:20px\" aria-hidden=\"true\" class=\"wp-block-spacer\"><\/div>\n\n\n\n<p>Das Studium ist erst wenige Wochen alt, zu fr\u00fch f\u00fcr eine Bilanz. Doch so viel l\u00e4sst sich sagen: Der Einstieg ist den Erstis schwergefallen. Danach konnte es nur noch besser werden \u2013 und wurde es auch. Die technische und sachliche Kompetenz der Dozierenden hat die Studienstarter ausnahmslos positiv \u00fcberrascht. Auch dass sie die Social-Media-Kan\u00e4le genutzt haben, hat ihnen den Einstieg erleichtert. Bei den sozialen Zur-selben-Zeit-am-selben-Ort-Kontakten ist allerdings noch extrem viel Luft nach oben. Neue Stadt, neue Freunde, durchfeierte N\u00e4chte? Utopisch. Daf\u00fcr k\u00f6nnte bei Pr\u00fcfungen \u2013 meist in Pr\u00e4senz \u2013 bald Freude aufkommen. Denn dann begegnen sich nicht Pixelgesichter, sondern wirkliche Menschen. Auf unsere Frage, was sie sich f\u00fcr ihr Studium w\u00fcnschen, antworten die Erstis: Pr\u00e4senz! Oder wie jemand auf Instagram auf unseren Aufruf nach Ersti-Gespr\u00e4chspartnern schnodderig postete: \u201eMerkel mach Uni auf!\u201c <\/p>\n\n\n\n<div style=\"height:20px\" aria-hidden=\"true\" class=\"wp-block-spacer\"><\/div>\n\n\n\n<p class=\"has-text-align-right\"><em>Pia Barth<\/em><\/p>\n\n\n\n<div style=\"height:20px\" aria-hidden=\"true\" class=\"wp-block-spacer\"><\/div>\n\n\n\n<p><strong> <em>Dieser Beitrag ist in der&nbsp;<a rel=\"noreferrer noopener\" href=\"https:\/\/www.unireport.info\/95653034.pdf\" target=\"_blank\">Ausgabe 6.20 (PDF)<\/a>&nbsp;des UniReport&nbsp;erschienen.<\/em> <\/strong><\/p>","protected":false},"excerpt":{"rendered":"<p>Einige haben noch nie den Campus gesehen, bei einem ebbt das \u00bbechte Uni-Feeling\u00ab ab, und eine macht Bekanntschaften auf Umwegen: Neuank\u00f6mmlinge an der Goethe-Uni geben Auskunft \u00fcber den Uni-Start unter [&hellip;]<\/p>\n","protected":false},"author":22,"featured_media":48306,"comment_status":"closed","ping_status":"closed","sticky":false,"template":"","format":"standard","meta":{"_eb_attr":"","_price":"","_stock":"","_tribe_ticket_header":"","_tribe_default_ticket_provider":"","_ticket_start_date":"","_ticket_end_date":"","_tribe_ticket_show_description":"","_tribe_ticket_show_not_going":false,"_tribe_ticket_use_global_stock":"","_tribe_ticket_global_stock_level":"","_global_stock_mode":"","_global_stock_cap":"","_tribe_rsvp_for_event":"","_tribe_ticket_going_count":"","_tribe_ticket_not_going_count":"","_tribe_tickets_list":"[]","_tribe_ticket_has_attendee_info_fields":false,"footnotes":""},"categories":[9,173],"tags":[10,200],"post_folder":[],"class_list":["post-48338","post","type-post","status-publish","format-standard","has-post-thumbnail","hentry","category-studium","category-unireport","tag-unireport","tag-unireport-6-20"],"yoast_head":"<!-- This site is optimized with the Yoast SEO plugin v27.5 - https:\/\/yoast.com\/product\/yoast-seo-wordpress\/ -->\n<title>Neuank\u00f6mmlinge \u00fcber den Uni-Start | Aktuelles aus der Goethe-Universit\u00e4t Frankfurt<\/title>\n<meta name=\"robots\" content=\"index, follow, max-snippet:-1, max-image-preview:large, max-video-preview:-1\" \/>\n<link rel=\"canonical\" href=\"https:\/\/aktuelles.uni-frankfurt.de\/en\/studium\/neuankoemmlinge-ueber-den-uni-start\/\" \/>\n<meta property=\"og:locale\" content=\"en_GB\" \/>\n<meta property=\"og:type\" content=\"article\" \/>\n<meta property=\"og:title\" content=\"Neuank\u00f6mmlinge \u00fcber den Uni-Start | Aktuelles aus der Goethe-Universit\u00e4t Frankfurt\" \/>\n<meta property=\"og:description\" content=\"Einige haben noch nie den Campus gesehen, bei einem ebbt das \u00bbechte Uni-Feeling\u00ab ab, und eine macht Bekanntschaften auf Umwegen: Neuank\u00f6mmlinge an der Goethe-Uni geben Auskunft \u00fcber den Uni-Start unter [&hellip;]\" \/>\n<meta property=\"og:url\" content=\"https:\/\/aktuelles.uni-frankfurt.de\/en\/studium\/neuankoemmlinge-ueber-den-uni-start\/\" \/>\n<meta property=\"og:site_name\" content=\"Aktuelles aus der Goethe-Universit\u00e4t Frankfurt\" \/>\n<meta property=\"article:published_time\" content=\"2020-12-22T10:45:00+00:00\" \/>\n<meta property=\"article:modified_time\" content=\"2022-04-10T13:07:08+00:00\" \/>\n<meta property=\"og:image\" content=\"https:\/\/aktuelles.uni-frankfurt.de\/wp-content\/uploads\/2020\/12\/Beitragsbild_UR-6.20_Neuanko\u0308mmlinge.jpeg\" \/>\n\t<meta property=\"og:image:width\" content=\"650\" \/>\n\t<meta property=\"og:image:height\" content=\"450\" \/>\n\t<meta property=\"og:image:type\" content=\"image\/jpeg\" \/>\n<meta name=\"author\" content=\"Pia Barth\" \/>\n<meta name=\"twitter:card\" content=\"summary_large_image\" \/>\n<meta name=\"twitter:label1\" content=\"Written by\" \/>\n\t<meta name=\"twitter:data1\" content=\"Pia Barth\" \/>\n\t<meta name=\"twitter:label2\" content=\"Estimated reading time\" \/>\n\t<meta name=\"twitter:data2\" content=\"8 minutes\" \/>\n<script type=\"application\/ld+json\" class=\"yoast-schema-graph\">{\"@context\":\"https:\\\/\\\/schema.org\",\"@graph\":[{\"@type\":\"Article\",\"@id\":\"https:\\\/\\\/aktuelles.uni-frankfurt.de\\\/studium\\\/neuankoemmlinge-ueber-den-uni-start\\\/#article\",\"isPartOf\":{\"@id\":\"https:\\\/\\\/aktuelles.uni-frankfurt.de\\\/studium\\\/neuankoemmlinge-ueber-den-uni-start\\\/\"},\"author\":{\"name\":\"Pia Barth\",\"@id\":\"https:\\\/\\\/aktuelles.uni-frankfurt.de\\\/#\\\/schema\\\/person\\\/08566bca1fdb85a2632658c0da26667f\"},\"headline\":\"Neuank\u00f6mmlinge \u00fcber den Uni-Start\",\"datePublished\":\"2020-12-22T10:45:00+00:00\",\"dateModified\":\"2022-04-10T13:07:08+00:00\",\"mainEntityOfPage\":{\"@id\":\"https:\\\/\\\/aktuelles.uni-frankfurt.de\\\/studium\\\/neuankoemmlinge-ueber-den-uni-start\\\/\"},\"wordCount\":1607,\"publisher\":{\"@id\":\"https:\\\/\\\/aktuelles.uni-frankfurt.de\\\/#organization\"},\"image\":{\"@id\":\"https:\\\/\\\/aktuelles.uni-frankfurt.de\\\/studium\\\/neuankoemmlinge-ueber-den-uni-start\\\/#primaryimage\"},\"thumbnailUrl\":\"https:\\\/\\\/aktuelles.uni-frankfurt.de\\\/wp-content\\\/uploads\\\/2020\\\/12\\\/Beitragsbild_UR-6.20_Neuanko\u0308mmlinge.jpeg\",\"keywords\":[\"UniReport\",\"UniReport 6.20\"],\"articleSection\":[\"Studium\",\"UniReport\"],\"inLanguage\":\"en-GB\"},{\"@type\":\"WebPage\",\"@id\":\"https:\\\/\\\/aktuelles.uni-frankfurt.de\\\/studium\\\/neuankoemmlinge-ueber-den-uni-start\\\/\",\"url\":\"https:\\\/\\\/aktuelles.uni-frankfurt.de\\\/studium\\\/neuankoemmlinge-ueber-den-uni-start\\\/\",\"name\":\"Neuank\u00f6mmlinge \u00fcber den Uni-Start | Aktuelles aus der Goethe-Universit\u00e4t Frankfurt\",\"isPartOf\":{\"@id\":\"https:\\\/\\\/aktuelles.uni-frankfurt.de\\\/#website\"},\"primaryImageOfPage\":{\"@id\":\"https:\\\/\\\/aktuelles.uni-frankfurt.de\\\/studium\\\/neuankoemmlinge-ueber-den-uni-start\\\/#primaryimage\"},\"image\":{\"@id\":\"https:\\\/\\\/aktuelles.uni-frankfurt.de\\\/studium\\\/neuankoemmlinge-ueber-den-uni-start\\\/#primaryimage\"},\"thumbnailUrl\":\"https:\\\/\\\/aktuelles.uni-frankfurt.de\\\/wp-content\\\/uploads\\\/2020\\\/12\\\/Beitragsbild_UR-6.20_Neuanko\u0308mmlinge.jpeg\",\"datePublished\":\"2020-12-22T10:45:00+00:00\",\"dateModified\":\"2022-04-10T13:07:08+00:00\",\"breadcrumb\":{\"@id\":\"https:\\\/\\\/aktuelles.uni-frankfurt.de\\\/studium\\\/neuankoemmlinge-ueber-den-uni-start\\\/#breadcrumb\"},\"inLanguage\":\"en-GB\",\"potentialAction\":[{\"@type\":\"ReadAction\",\"target\":[\"https:\\\/\\\/aktuelles.uni-frankfurt.de\\\/studium\\\/neuankoemmlinge-ueber-den-uni-start\\\/\"]}]},{\"@type\":\"ImageObject\",\"inLanguage\":\"en-GB\",\"@id\":\"https:\\\/\\\/aktuelles.uni-frankfurt.de\\\/studium\\\/neuankoemmlinge-ueber-den-uni-start\\\/#primaryimage\",\"url\":\"https:\\\/\\\/aktuelles.uni-frankfurt.de\\\/wp-content\\\/uploads\\\/2020\\\/12\\\/Beitragsbild_UR-6.20_Neuanko\u0308mmlinge.jpeg\",\"contentUrl\":\"https:\\\/\\\/aktuelles.uni-frankfurt.de\\\/wp-content\\\/uploads\\\/2020\\\/12\\\/Beitragsbild_UR-6.20_Neuanko\u0308mmlinge.jpeg\",\"width\":650,\"height\":450},{\"@type\":\"BreadcrumbList\",\"@id\":\"https:\\\/\\\/aktuelles.uni-frankfurt.de\\\/studium\\\/neuankoemmlinge-ueber-den-uni-start\\\/#breadcrumb\",\"itemListElement\":[{\"@type\":\"ListItem\",\"position\":1,\"name\":\"Startseite\",\"item\":\"https:\\\/\\\/aktuelles.uni-frankfurt.de\\\/\"},{\"@type\":\"ListItem\",\"position\":2,\"name\":\"Neuank\u00f6mmlinge \u00fcber den Uni-Start\"}]},{\"@type\":\"WebSite\",\"@id\":\"https:\\\/\\\/aktuelles.uni-frankfurt.de\\\/#website\",\"url\":\"https:\\\/\\\/aktuelles.uni-frankfurt.de\\\/\",\"name\":\"Aktuelles aus der Goethe-Universit\u00e4t Frankfurt\",\"description\":\"Aktuelles aus der Goethe-Universit\u00e4t | Neues aus Forschung, Lehre, Studium\",\"publisher\":{\"@id\":\"https:\\\/\\\/aktuelles.uni-frankfurt.de\\\/#organization\"},\"potentialAction\":[{\"@type\":\"SearchAction\",\"target\":{\"@type\":\"EntryPoint\",\"urlTemplate\":\"https:\\\/\\\/aktuelles.uni-frankfurt.de\\\/?s={search_term_string}\"},\"query-input\":{\"@type\":\"PropertyValueSpecification\",\"valueRequired\":true,\"valueName\":\"search_term_string\"}}],\"inLanguage\":\"en-GB\"},{\"@type\":\"Organization\",\"@id\":\"https:\\\/\\\/aktuelles.uni-frankfurt.de\\\/#organization\",\"name\":\"Goethe-Universit\u00e4t\",\"url\":\"https:\\\/\\\/aktuelles.uni-frankfurt.de\\\/\",\"logo\":{\"@type\":\"ImageObject\",\"inLanguage\":\"en-GB\",\"@id\":\"https:\\\/\\\/aktuelles.uni-frankfurt.de\\\/#\\\/schema\\\/logo\\\/image\\\/\",\"url\":\"https:\\\/\\\/aktuelles.uni-frankfurt.de\\\/wp-content\\\/uploads\\\/2022\\\/03\\\/800px-Goethe-Logo.png\",\"contentUrl\":\"https:\\\/\\\/aktuelles.uni-frankfurt.de\\\/wp-content\\\/uploads\\\/2022\\\/03\\\/800px-Goethe-Logo.png\",\"width\":800,\"height\":436,\"caption\":\"Goethe-Universit\u00e4t\"},\"image\":{\"@id\":\"https:\\\/\\\/aktuelles.uni-frankfurt.de\\\/#\\\/schema\\\/logo\\\/image\\\/\"}},{\"@type\":\"Person\",\"@id\":\"https:\\\/\\\/aktuelles.uni-frankfurt.de\\\/#\\\/schema\\\/person\\\/08566bca1fdb85a2632658c0da26667f\",\"name\":\"Pia Barth\",\"url\":\"https:\\\/\\\/aktuelles.uni-frankfurt.de\\\/en\\\/author\\\/piabarth\\\/\"}]}<\/script>\n<!-- \/ Yoast SEO plugin. -->","yoast_head_json":{"title":"Neuank\u00f6mmlinge \u00fcber den Uni-Start | Aktuelles aus der Goethe-Universit\u00e4t Frankfurt","robots":{"index":"index","follow":"follow","max-snippet":"max-snippet:-1","max-image-preview":"max-image-preview:large","max-video-preview":"max-video-preview:-1"},"canonical":"https:\/\/aktuelles.uni-frankfurt.de\/en\/studium\/neuankoemmlinge-ueber-den-uni-start\/","og_locale":"en_GB","og_type":"article","og_title":"Neuank\u00f6mmlinge \u00fcber den Uni-Start | Aktuelles aus der Goethe-Universit\u00e4t Frankfurt","og_description":"Einige haben noch nie den Campus gesehen, bei einem ebbt das \u00bbechte Uni-Feeling\u00ab ab, und eine macht Bekanntschaften auf Umwegen: Neuank\u00f6mmlinge an der Goethe-Uni geben Auskunft \u00fcber den Uni-Start unter [&hellip;]","og_url":"https:\/\/aktuelles.uni-frankfurt.de\/en\/studium\/neuankoemmlinge-ueber-den-uni-start\/","og_site_name":"Aktuelles aus der Goethe-Universit\u00e4t Frankfurt","article_published_time":"2020-12-22T10:45:00+00:00","article_modified_time":"2022-04-10T13:07:08+00:00","og_image":[{"width":650,"height":450,"url":"https:\/\/aktuelles.uni-frankfurt.de\/wp-content\/uploads\/2020\/12\/Beitragsbild_UR-6.20_Neuanko\u0308mmlinge.jpeg","type":"image\/jpeg"}],"author":"Pia Barth","twitter_card":"summary_large_image","twitter_misc":{"Written by":"Pia Barth","Estimated reading time":"8 minutes"},"schema":{"@context":"https:\/\/schema.org","@graph":[{"@type":"Article","@id":"https:\/\/aktuelles.uni-frankfurt.de\/studium\/neuankoemmlinge-ueber-den-uni-start\/#article","isPartOf":{"@id":"https:\/\/aktuelles.uni-frankfurt.de\/studium\/neuankoemmlinge-ueber-den-uni-start\/"},"author":{"name":"Pia Barth","@id":"https:\/\/aktuelles.uni-frankfurt.de\/#\/schema\/person\/08566bca1fdb85a2632658c0da26667f"},"headline":"Neuank\u00f6mmlinge \u00fcber den Uni-Start","datePublished":"2020-12-22T10:45:00+00:00","dateModified":"2022-04-10T13:07:08+00:00","mainEntityOfPage":{"@id":"https:\/\/aktuelles.uni-frankfurt.de\/studium\/neuankoemmlinge-ueber-den-uni-start\/"},"wordCount":1607,"publisher":{"@id":"https:\/\/aktuelles.uni-frankfurt.de\/#organization"},"image":{"@id":"https:\/\/aktuelles.uni-frankfurt.de\/studium\/neuankoemmlinge-ueber-den-uni-start\/#primaryimage"},"thumbnailUrl":"https:\/\/aktuelles.uni-frankfurt.de\/wp-content\/uploads\/2020\/12\/Beitragsbild_UR-6.20_Neuanko\u0308mmlinge.jpeg","keywords":["UniReport","UniReport 6.20"],"articleSection":["Studium","UniReport"],"inLanguage":"en-GB"},{"@type":"WebPage","@id":"https:\/\/aktuelles.uni-frankfurt.de\/studium\/neuankoemmlinge-ueber-den-uni-start\/","url":"https:\/\/aktuelles.uni-frankfurt.de\/studium\/neuankoemmlinge-ueber-den-uni-start\/","name":"Neuank\u00f6mmlinge \u00fcber den Uni-Start | Aktuelles aus der Goethe-Universit\u00e4t Frankfurt","isPartOf":{"@id":"https:\/\/aktuelles.uni-frankfurt.de\/#website"},"primaryImageOfPage":{"@id":"https:\/\/aktuelles.uni-frankfurt.de\/studium\/neuankoemmlinge-ueber-den-uni-start\/#primaryimage"},"image":{"@id":"https:\/\/aktuelles.uni-frankfurt.de\/studium\/neuankoemmlinge-ueber-den-uni-start\/#primaryimage"},"thumbnailUrl":"https:\/\/aktuelles.uni-frankfurt.de\/wp-content\/uploads\/2020\/12\/Beitragsbild_UR-6.20_Neuanko\u0308mmlinge.jpeg","datePublished":"2020-12-22T10:45:00+00:00","dateModified":"2022-04-10T13:07:08+00:00","breadcrumb":{"@id":"https:\/\/aktuelles.uni-frankfurt.de\/studium\/neuankoemmlinge-ueber-den-uni-start\/#breadcrumb"},"inLanguage":"en-GB","potentialAction":[{"@type":"ReadAction","target":["https:\/\/aktuelles.uni-frankfurt.de\/studium\/neuankoemmlinge-ueber-den-uni-start\/"]}]},{"@type":"ImageObject","inLanguage":"en-GB","@id":"https:\/\/aktuelles.uni-frankfurt.de\/studium\/neuankoemmlinge-ueber-den-uni-start\/#primaryimage","url":"https:\/\/aktuelles.uni-frankfurt.de\/wp-content\/uploads\/2020\/12\/Beitragsbild_UR-6.20_Neuanko\u0308mmlinge.jpeg","contentUrl":"https:\/\/aktuelles.uni-frankfurt.de\/wp-content\/uploads\/2020\/12\/Beitragsbild_UR-6.20_Neuanko\u0308mmlinge.jpeg","width":650,"height":450},{"@type":"BreadcrumbList","@id":"https:\/\/aktuelles.uni-frankfurt.de\/studium\/neuankoemmlinge-ueber-den-uni-start\/#breadcrumb","itemListElement":[{"@type":"ListItem","position":1,"name":"Startseite","item":"https:\/\/aktuelles.uni-frankfurt.de\/"},{"@type":"ListItem","position":2,"name":"Neuank\u00f6mmlinge \u00fcber den Uni-Start"}]},{"@type":"WebSite","@id":"https:\/\/aktuelles.uni-frankfurt.de\/#website","url":"https:\/\/aktuelles.uni-frankfurt.de\/","name":"Aktuelles aus der Goethe-Universit\u00e4t Frankfurt","description":"Aktuelles aus der Goethe-Universit\u00e4t | Neues aus Forschung, Lehre, Studium","publisher":{"@id":"https:\/\/aktuelles.uni-frankfurt.de\/#organization"},"potentialAction":[{"@type":"SearchAction","target":{"@type":"EntryPoint","urlTemplate":"https:\/\/aktuelles.uni-frankfurt.de\/?s={search_term_string}"},"query-input":{"@type":"PropertyValueSpecification","valueRequired":true,"valueName":"search_term_string"}}],"inLanguage":"en-GB"},{"@type":"Organization","@id":"https:\/\/aktuelles.uni-frankfurt.de\/#organization","name":"Goethe University Frankfurt","url":"https:\/\/aktuelles.uni-frankfurt.de\/","logo":{"@type":"ImageObject","inLanguage":"en-GB","@id":"https:\/\/aktuelles.uni-frankfurt.de\/#\/schema\/logo\/image\/","url":"https:\/\/aktuelles.uni-frankfurt.de\/wp-content\/uploads\/2022\/03\/800px-Goethe-Logo.png","contentUrl":"https:\/\/aktuelles.uni-frankfurt.de\/wp-content\/uploads\/2022\/03\/800px-Goethe-Logo.png","width":800,"height":436,"caption":"Goethe-Universit\u00e4t"},"image":{"@id":"https:\/\/aktuelles.uni-frankfurt.de\/#\/schema\/logo\/image\/"}},{"@type":"Person","@id":"https:\/\/aktuelles.uni-frankfurt.de\/#\/schema\/person\/08566bca1fdb85a2632658c0da26667f","name":"Pia Barth","url":"https:\/\/aktuelles.uni-frankfurt.de\/en\/author\/piabarth\/"}]}},"_links":{"self":[{"href":"https:\/\/aktuelles.uni-frankfurt.de\/en\/wp-json\/wp\/v2\/posts\/48338","targetHints":{"allow":["GET"]}}],"collection":[{"href":"https:\/\/aktuelles.uni-frankfurt.de\/en\/wp-json\/wp\/v2\/posts"}],"about":[{"href":"https:\/\/aktuelles.uni-frankfurt.de\/en\/wp-json\/wp\/v2\/types\/post"}],"author":[{"embeddable":true,"href":"https:\/\/aktuelles.uni-frankfurt.de\/en\/wp-json\/wp\/v2\/users\/22"}],"replies":[{"embeddable":true,"href":"https:\/\/aktuelles.uni-frankfurt.de\/en\/wp-json\/wp\/v2\/comments?post=48338"}],"version-history":[{"count":0,"href":"https:\/\/aktuelles.uni-frankfurt.de\/en\/wp-json\/wp\/v2\/posts\/48338\/revisions"}],"wp:featuredmedia":[{"embeddable":true,"href":"https:\/\/aktuelles.uni-frankfurt.de\/en\/wp-json\/wp\/v2\/media\/48306"}],"wp:attachment":[{"href":"https:\/\/aktuelles.uni-frankfurt.de\/en\/wp-json\/wp\/v2\/media?parent=48338"}],"wp:term":[{"taxonomy":"category","embeddable":true,"href":"https:\/\/aktuelles.uni-frankfurt.de\/en\/wp-json\/wp\/v2\/categories?post=48338"},{"taxonomy":"post_tag","embeddable":true,"href":"https:\/\/aktuelles.uni-frankfurt.de\/en\/wp-json\/wp\/v2\/tags?post=48338"},{"taxonomy":"post_folder","embeddable":true,"href":"https:\/\/aktuelles.uni-frankfurt.de\/en\/wp-json\/wp\/v2\/post_folder?post=48338"}],"curies":[{"name":"wp","href":"https:\/\/api.w.org\/{rel}","templated":true}]}}