{"id":48508,"date":"2021-01-08T16:18:33","date_gmt":"2021-01-08T15:18:33","guid":{"rendered":"https:\/\/aktuelles.uni-frankfurt.de\/?p=48508"},"modified":"2022-04-10T15:03:52","modified_gmt":"2022-04-10T13:03:52","slug":"aktionsplan-fuer-gleichstellung-behinderter-und-nichtbehinderter-uni-angehoeriger","status":"publish","type":"post","link":"https:\/\/aktuelles.uni-frankfurt.de\/en\/hochschule\/aktionsplan-fuer-gleichstellung-behinderter-und-nichtbehinderter-uni-angehoeriger\/","title":{"rendered":"Aktionsplan f\u00fcr Gleichstellung behinderter und nichtbehinderter Uni-Angeh\u00f6riger"},"content":{"rendered":"<p class=\"has-drop-cap\">Vor rund 200 Jahren hat Goethe eigentlich schon alles gesagt: \u201eEs ist nicht genug zu wissen \u2013 man muss auch anwenden. Es ist nicht genug zu wollen \u2013 man muss auch tun\u201c, hei\u00dft es in seinem Roman \u201eWilhelm Meisters Wanderjahre\u201c. Das hatte auch der \u201eArbeitskreis Inklusion\u201c festgestellt, zu dem sich vor Jahren an der Goethe-Universit\u00e4t Studierende, Mitarbeitende verschiedener Institutionen sowie Professorinnen und Professoren zusammengetan haben. Denn die 2006 verabschiedete, 2008 in Kraft getretene \u201eUN-Behindertenrechtskonvention\u201c sichert Menschen mit Behinderungen das umfassende Recht zu, am gesellschaftlichen Leben teilzunehmen \u2013 auch an der Goethe-Universit\u00e4t besteht dieses Recht allerdings vielfach nur auf dem Papier. Noch.  <\/p>\n\n\n\n<p>\u201eDem Arbeitskreis fiel vor einigen Jahren auf, dass es an unserer Hochschule zwar eine Menge Angebote und Projekte gab, um die Probleme behinderter Menschen im Uni-Alltag zu beseitigen\u201c, berichtet Christoph Tr\u00fcper, inzwischen Referent f\u00fcr Inklusion in der Personalabteilung der Goethe-Universit\u00e4t, \u201ees fehlte aber an einem systematischen, zugkr\u00e4ftigen Vorgehen, mit dem sich viel mehr erreichen l\u00e4sst.\u201c Daraufhin regte das Gleichstellungsb\u00fcro an, dass die Goethe-Universit\u00e4t dem Beispiel von rund zehn Prozent der deutschen Hochschulen folgen und sich einen \u201eAktionsplan Inklusion\u201c geben solle. In dieser To-do-Liste w\u00e4ren die konkreten Schritte aufgelistet, die auf dem Weg zur tats\u00e4chlichen Gleichstellung von behinderten und nichtbehinderten Uni-Angeh\u00f6rigen zu gehen sind. <\/p>\n\n\n\n<p>Die Goethe-Universit\u00e4t ist der Anregung des Gleichstellungsb\u00fcros gefolgt: \u00dcber drei Jahre hinweg haben sich (koordiniert von Christoph Tr\u00fcper) rund 50 Mitwirkende aus allen Statusgruppen zu verschiedenen Workshops getroffen, den \u201eAktionsplan Inklusion\u201c entwickelt und ihm das eingangs erw\u00e4hnte \u201eWilhelm-Meister\u201c-Zitat vorangestellt. Inzwischen ist der Aktionsplan Inklusion fertig, von den Gremien der Universit\u00e4t, also insbesondere von Senat, Pr\u00e4sidium und Hochschulrat, verabschiedet und ver\u00f6ffentlicht \u2013 damit ist die Universit\u00e4t eine Selbstverpflichtung eingegangen, an deren Einhaltung sie sich jetzt messen lassen muss. <\/p>\n\n\n\n<div style=\"height:20px\" aria-hidden=\"true\" class=\"wp-block-spacer\"><\/div>\n\n\n\n<h3 class=\"wp-block-heading\">Vier zentrale Felder <\/h3>\n\n\n\n<p>Vera Moser, Professorin f\u00fcr inklusive P\u00e4dagogik, lobt: \u201eDie Goethe-Universit\u00e4t beweist hier, dass sie die UN-Behindertenrechtskonvention nicht nur als ein Lippenbekenntnis betrachtet.\u201c Inklusion gelte hier nicht nur als Fall f\u00fcr die P\u00e4dagogik-Forschung, in der es darum gehe, die Konvention theoretisch in den schulischen Alltag zu \u00fcbersetzen. \u201eStattdessen fasst sich die Universit\u00e4t an die eigene Nase und \u00fcberlegt, wie sie ganz praktisch ihren Studierenden und Besch\u00e4ftigen mit Behinderungen begegnet\u201c, stellt Moser klar und z\u00e4hlt auf: \u201eDer Aktionsplan nennt dementsprechend vier ganz zentrale Felder, auf denen in Sachen Inklusion was passieren muss: Wie m\u00fcssen Studierende beraten werden, wie l\u00e4sst sich die Lehre an der Universit\u00e4t barrierefrei gestalten, wie m\u00fcssen die Besch\u00e4ftigten unterst\u00fctzt werden und wie l\u00e4sst sich bauliche Barrierefreiheit organisieren?\u201c  <\/p>\n\n\n\n<p>Auch Kirsten Brandenburg, die sich bei der zentralen Studienberatung der Goethe-Universit\u00e4t um beeintr\u00e4chtigte Studierende k\u00fcmmert, erwartet, dass diese infolge des Aktionsplans Inklusion insbesondere von einer besseren Beratungspraxis profitieren: \u201eGanz wichtig ist, dass die \u00d6ffentlichkeits- und Informationsarbeit verbessert wird. Dazu geh\u00f6rt zum einen, dass sich die verschiedenen Stellen, die Beratung f\u00fcr behinderte Studierende anbieten, untereinander vernetzen.\u201c <\/p>\n\n\n\n<p>Als Konsequenz aus dem Aktionsplan Inklusion w\u00fcrden die verschiedenen Beratungs- und Unterst\u00fctzungsangebote geb\u00fcndelt und koordiniert; damit w\u00fcrden sie sowohl f\u00fcr Studierende als auch f\u00fcr Lehrende transparenter und besser zug\u00e4nglich, sagt Brandenburg. \u201eZum anderen ist es wichtig, dass die Beratung in geeigneter Form angeboten wird\u201c, f\u00fcgt sie hinzu, \u201esei es in Online-Formaten oder in Selbsthilfegruppen, und zwar \u00fcber den gesamten Studienzyklus hinweg: von der Immatrikulation oder sogar vom Ende der Schullaufbahn bis zur Abschlusspr\u00fcfung.\u201c <\/p>\n\n\n\n<p>Brandenburg hofft, dass es durch die in dem Aktionsplan initiierten Ma\u00dfnahmen f\u00fcr beeintr\u00e4chtigte Studierende immer selbstverst\u00e4ndlicher wird, Beratung zu suchen und auch die gesetzlich vorgesehenen Hilfen in Anspruch zu nehmen. Bislang stelle sie in der Beratung immer wieder fest, dass betroffene Studierende erst sp\u00e4t im Studium Hilfe suchten, obwohl diese ihr gutes Recht sei: \u201eNiemand sollte sich sch\u00e4men, weil er oder sie Unterst\u00fctzung braucht\u201c, sagt Brandenburg, \u201ehier kommt es hoffentlich zu einem Kulturwandel, der auch den gesundheitlich eingeschr\u00e4nkten Studierenden ein selbstbestimmtes Studium erm\u00f6glicht.\u201c <\/p>\n\n\n\n<div style=\"height:20px\" aria-hidden=\"true\" class=\"wp-block-spacer\"><\/div>\n\n\n\n<h3 class=\"wp-block-heading\">Beteiligung der Studierenden <\/h3>\n\n\n\n<p>Notwendig f\u00fcr diesen Kulturwandel ist, dass die in dem Aktionsplan formulierten Schritte tats\u00e4chlich gegangen werden \u2013 darauf hoffen insbesondere die an der Entwicklung beteiligten Studierenden: \u201eIm Aktionsplan ist angedacht, dass eine bestimmte Quote von gesundheitlich beeintr\u00e4chtigten Studierenden als wissenschaftliche Mitarbeiter eingestellt wird. Das w\u00e4re f\u00fcr uns ein echter Meilenstein\u201c, sagt Rosa Nero vom Autonomen Inklusionsreferat des AStA. Ebenso wichtig sei es, dass chronisch kranke Studierende sich an einem langen Arbeitsalltag in einer angemessen Anzahl von R\u00fcckzugsr\u00e4umen mit L\u00fcftungsm\u00f6glichkeit ausruhen k\u00f6nnten: \u201eFensterlose Sanit\u00e4tsr\u00e4ume im Untergeschoss reichen da nicht aus\u201c, betont Nero und nennt zwei weitere wichtige Punkte, die bei der Erarbeitung des Aktionsplans zur Sprache gekommen seien: den barrierefreien Zugang zum IG-Farben-Geb\u00e4ude auf dem Campus Westend und professionell geleitete Gespr\u00e4chsgruppen f\u00fcr Studierende mit psychischen Beeintr\u00e4chtigungen <\/p>\n\n\n\n<p>Ein wesentlicher Bestandteil des Aktionsplans ist gleich auf dem Titelblatt zu lesen: die konkrete Frist von drei Jahren. Danach soll der Plan evaluiert und anschlie\u00dfend fortgeschrieben werden. Vera Moser, Professorin f\u00fcr inklusive P\u00e4dagogik, freut sich dar\u00fcber: \u201eMir sind schon Aktionspl\u00e4ne begegnet, die bis zu zehn Jahre lang gelten sollten \u2013 da werden also ganz unterschiedliche Zeitr\u00e4ume angesetzt.\u201c Sie selbst empfehle, solche Fristen nicht zu lang anzusetzen, damit man n\u00f6tigenfalls umsteuern k\u00f6nne. An der Goethe-Universit\u00e4t sei das mit der Drei-Jahres-Frist problemlos m\u00f6glich, \u201eAllerdings habe ich hier sehr viele motivierte und kompetente Personen getroffen, und bin deshalb \u00fcberzeugt, dass die Verwirklichung des Inklusionsgedankens bis dahin ein gutes St\u00fcck vorangekommen ist.\u201c <\/p>\n\n\n\n<div style=\"height:20px\" aria-hidden=\"true\" class=\"wp-block-spacer\"><\/div>\n\n\n\n<p class=\"has-text-align-right\"><em>Stefanie Hense<\/em><\/p>\n\n\n\n<div style=\"height:20px\" aria-hidden=\"true\" class=\"wp-block-spacer\"><\/div>\n\n\n\n<p class=\"has-text-align-left\"><strong><em>Dieser Beitrag ist in der&nbsp;<a rel=\"noreferrer noopener\" href=\"https:\/\/www.unireport.info\/95653034.pdf\" target=\"_blank\">Ausgabe 6.20 (PDF)<\/a>&nbsp;des UniReport&nbsp;erschienen.<\/em><\/strong> <\/p>","protected":false},"excerpt":{"rendered":"<p>Vor rund 200 Jahren hat Goethe eigentlich schon alles gesagt: \u201eEs ist nicht genug zu wissen \u2013 man muss auch anwenden. Es ist nicht genug zu wollen \u2013 man muss [&hellip;]<\/p>\n","protected":false},"author":8,"featured_media":28807,"comment_status":"closed","ping_status":"closed","sticky":false,"template":"","format":"standard","meta":{"_eb_attr":"","_price":"","_stock":"","_tribe_ticket_header":"","_tribe_default_ticket_provider":"","_ticket_start_date":"","_ticket_end_date":"","_tribe_ticket_show_description":"","_tribe_ticket_show_not_going":false,"_tribe_ticket_use_global_stock":"","_tribe_ticket_global_stock_level":"","_global_stock_mode":"","_global_stock_cap":"","_tribe_rsvp_for_event":"","_tribe_ticket_going_count":"","_tribe_ticket_not_going_count":"","_tribe_tickets_list":"[]","_tribe_ticket_has_attendee_info_fields":false,"footnotes":""},"categories":[8,173],"tags":[141,10,200],"post_folder":[],"class_list":["post-48508","post","type-post","status-publish","format-standard","has-post-thumbnail","hentry","category-hochschule","category-unireport","tag-inklusion","tag-unireport","tag-unireport-6-20"],"yoast_head":"<!-- This site is optimized with the Yoast SEO plugin v27.5 - https:\/\/yoast.com\/product\/yoast-seo-wordpress\/ -->\n<title>Aktionsplan f\u00fcr Gleichstellung behinderter und nichtbehinderter Uni-Angeh\u00f6riger | Aktuelles aus der Goethe-Universit\u00e4t Frankfurt<\/title>\n<meta name=\"robots\" content=\"index, follow, max-snippet:-1, max-image-preview:large, max-video-preview:-1\" \/>\n<link rel=\"canonical\" href=\"https:\/\/aktuelles.uni-frankfurt.de\/en\/hochschule\/aktionsplan-fuer-gleichstellung-behinderter-und-nichtbehinderter-uni-angehoeriger\/\" \/>\n<meta property=\"og:locale\" content=\"en_GB\" \/>\n<meta property=\"og:type\" content=\"article\" \/>\n<meta property=\"og:title\" content=\"Aktionsplan f\u00fcr Gleichstellung behinderter und nichtbehinderter Uni-Angeh\u00f6riger | Aktuelles aus der Goethe-Universit\u00e4t Frankfurt\" \/>\n<meta property=\"og:description\" content=\"Vor rund 200 Jahren hat Goethe eigentlich schon alles gesagt: \u201eEs ist nicht genug zu wissen \u2013 man muss auch anwenden. Es ist nicht genug zu wollen \u2013 man muss [&hellip;]\" \/>\n<meta property=\"og:url\" content=\"https:\/\/aktuelles.uni-frankfurt.de\/en\/hochschule\/aktionsplan-fuer-gleichstellung-behinderter-und-nichtbehinderter-uni-angehoeriger\/\" \/>\n<meta property=\"og:site_name\" content=\"Aktuelles aus der Goethe-Universit\u00e4t Frankfurt\" \/>\n<meta property=\"article:published_time\" content=\"2021-01-08T15:18:33+00:00\" \/>\n<meta property=\"article:modified_time\" content=\"2022-04-10T13:03:52+00:00\" \/>\n<meta property=\"og:image\" content=\"https:\/\/aktuelles.uni-frankfurt.de\/wp-content\/uploads\/2018\/05\/beitragsbild_cw_-HSZ_Treppen_2015_003_ud.jpg\" \/>\n\t<meta property=\"og:image:width\" content=\"650\" \/>\n\t<meta property=\"og:image:height\" content=\"450\" \/>\n\t<meta property=\"og:image:type\" content=\"image\/jpeg\" \/>\n<meta name=\"author\" content=\"-\" \/>\n<meta name=\"twitter:card\" content=\"summary_large_image\" \/>\n<meta name=\"twitter:label1\" content=\"Written by\" \/>\n\t<meta name=\"twitter:data1\" content=\"-\" \/>\n\t<meta name=\"twitter:label2\" content=\"Estimated reading time\" \/>\n\t<meta name=\"twitter:data2\" content=\"5 minutes\" \/>\n<script type=\"application\/ld+json\" class=\"yoast-schema-graph\">{\"@context\":\"https:\\\/\\\/schema.org\",\"@graph\":[{\"@type\":\"Article\",\"@id\":\"https:\\\/\\\/aktuelles.uni-frankfurt.de\\\/hochschule\\\/aktionsplan-fuer-gleichstellung-behinderter-und-nichtbehinderter-uni-angehoeriger\\\/#article\",\"isPartOf\":{\"@id\":\"https:\\\/\\\/aktuelles.uni-frankfurt.de\\\/hochschule\\\/aktionsplan-fuer-gleichstellung-behinderter-und-nichtbehinderter-uni-angehoeriger\\\/\"},\"author\":{\"name\":\"-\",\"@id\":\"https:\\\/\\\/aktuelles.uni-frankfurt.de\\\/#\\\/schema\\\/person\\\/8e55ea338fb65d1ce87a91565d1f1739\"},\"headline\":\"Aktionsplan f\u00fcr Gleichstellung behinderter und nichtbehinderter Uni-Angeh\u00f6riger\",\"datePublished\":\"2021-01-08T15:18:33+00:00\",\"dateModified\":\"2022-04-10T13:03:52+00:00\",\"mainEntityOfPage\":{\"@id\":\"https:\\\/\\\/aktuelles.uni-frankfurt.de\\\/hochschule\\\/aktionsplan-fuer-gleichstellung-behinderter-und-nichtbehinderter-uni-angehoeriger\\\/\"},\"wordCount\":948,\"publisher\":{\"@id\":\"https:\\\/\\\/aktuelles.uni-frankfurt.de\\\/#organization\"},\"image\":{\"@id\":\"https:\\\/\\\/aktuelles.uni-frankfurt.de\\\/hochschule\\\/aktionsplan-fuer-gleichstellung-behinderter-und-nichtbehinderter-uni-angehoeriger\\\/#primaryimage\"},\"thumbnailUrl\":\"https:\\\/\\\/aktuelles.uni-frankfurt.de\\\/wp-content\\\/uploads\\\/2018\\\/05\\\/beitragsbild_cw_-HSZ_Treppen_2015_003_ud.jpg\",\"keywords\":[\"Inklusion\",\"UniReport\",\"UniReport 6.20\"],\"articleSection\":[\"Hochschule\",\"UniReport\"],\"inLanguage\":\"en-GB\"},{\"@type\":\"WebPage\",\"@id\":\"https:\\\/\\\/aktuelles.uni-frankfurt.de\\\/hochschule\\\/aktionsplan-fuer-gleichstellung-behinderter-und-nichtbehinderter-uni-angehoeriger\\\/\",\"url\":\"https:\\\/\\\/aktuelles.uni-frankfurt.de\\\/hochschule\\\/aktionsplan-fuer-gleichstellung-behinderter-und-nichtbehinderter-uni-angehoeriger\\\/\",\"name\":\"Aktionsplan f\u00fcr Gleichstellung behinderter und nichtbehinderter Uni-Angeh\u00f6riger | Aktuelles aus der Goethe-Universit\u00e4t Frankfurt\",\"isPartOf\":{\"@id\":\"https:\\\/\\\/aktuelles.uni-frankfurt.de\\\/#website\"},\"primaryImageOfPage\":{\"@id\":\"https:\\\/\\\/aktuelles.uni-frankfurt.de\\\/hochschule\\\/aktionsplan-fuer-gleichstellung-behinderter-und-nichtbehinderter-uni-angehoeriger\\\/#primaryimage\"},\"image\":{\"@id\":\"https:\\\/\\\/aktuelles.uni-frankfurt.de\\\/hochschule\\\/aktionsplan-fuer-gleichstellung-behinderter-und-nichtbehinderter-uni-angehoeriger\\\/#primaryimage\"},\"thumbnailUrl\":\"https:\\\/\\\/aktuelles.uni-frankfurt.de\\\/wp-content\\\/uploads\\\/2018\\\/05\\\/beitragsbild_cw_-HSZ_Treppen_2015_003_ud.jpg\",\"datePublished\":\"2021-01-08T15:18:33+00:00\",\"dateModified\":\"2022-04-10T13:03:52+00:00\",\"breadcrumb\":{\"@id\":\"https:\\\/\\\/aktuelles.uni-frankfurt.de\\\/hochschule\\\/aktionsplan-fuer-gleichstellung-behinderter-und-nichtbehinderter-uni-angehoeriger\\\/#breadcrumb\"},\"inLanguage\":\"en-GB\",\"potentialAction\":[{\"@type\":\"ReadAction\",\"target\":[\"https:\\\/\\\/aktuelles.uni-frankfurt.de\\\/hochschule\\\/aktionsplan-fuer-gleichstellung-behinderter-und-nichtbehinderter-uni-angehoeriger\\\/\"]}]},{\"@type\":\"ImageObject\",\"inLanguage\":\"en-GB\",\"@id\":\"https:\\\/\\\/aktuelles.uni-frankfurt.de\\\/hochschule\\\/aktionsplan-fuer-gleichstellung-behinderter-und-nichtbehinderter-uni-angehoeriger\\\/#primaryimage\",\"url\":\"https:\\\/\\\/aktuelles.uni-frankfurt.de\\\/wp-content\\\/uploads\\\/2018\\\/05\\\/beitragsbild_cw_-HSZ_Treppen_2015_003_ud.jpg\",\"contentUrl\":\"https:\\\/\\\/aktuelles.uni-frankfurt.de\\\/wp-content\\\/uploads\\\/2018\\\/05\\\/beitragsbild_cw_-HSZ_Treppen_2015_003_ud.jpg\",\"width\":650,\"height\":450},{\"@type\":\"BreadcrumbList\",\"@id\":\"https:\\\/\\\/aktuelles.uni-frankfurt.de\\\/hochschule\\\/aktionsplan-fuer-gleichstellung-behinderter-und-nichtbehinderter-uni-angehoeriger\\\/#breadcrumb\",\"itemListElement\":[{\"@type\":\"ListItem\",\"position\":1,\"name\":\"Startseite\",\"item\":\"https:\\\/\\\/aktuelles.uni-frankfurt.de\\\/\"},{\"@type\":\"ListItem\",\"position\":2,\"name\":\"Aktionsplan f\u00fcr Gleichstellung behinderter und nichtbehinderter Uni-Angeh\u00f6riger\"}]},{\"@type\":\"WebSite\",\"@id\":\"https:\\\/\\\/aktuelles.uni-frankfurt.de\\\/#website\",\"url\":\"https:\\\/\\\/aktuelles.uni-frankfurt.de\\\/\",\"name\":\"Aktuelles aus der Goethe-Universit\u00e4t Frankfurt\",\"description\":\"Aktuelles aus der Goethe-Universit\u00e4t | Neues aus Forschung, Lehre, Studium\",\"publisher\":{\"@id\":\"https:\\\/\\\/aktuelles.uni-frankfurt.de\\\/#organization\"},\"potentialAction\":[{\"@type\":\"SearchAction\",\"target\":{\"@type\":\"EntryPoint\",\"urlTemplate\":\"https:\\\/\\\/aktuelles.uni-frankfurt.de\\\/?s={search_term_string}\"},\"query-input\":{\"@type\":\"PropertyValueSpecification\",\"valueRequired\":true,\"valueName\":\"search_term_string\"}}],\"inLanguage\":\"en-GB\"},{\"@type\":\"Organization\",\"@id\":\"https:\\\/\\\/aktuelles.uni-frankfurt.de\\\/#organization\",\"name\":\"Goethe-Universit\u00e4t\",\"url\":\"https:\\\/\\\/aktuelles.uni-frankfurt.de\\\/\",\"logo\":{\"@type\":\"ImageObject\",\"inLanguage\":\"en-GB\",\"@id\":\"https:\\\/\\\/aktuelles.uni-frankfurt.de\\\/#\\\/schema\\\/logo\\\/image\\\/\",\"url\":\"https:\\\/\\\/aktuelles.uni-frankfurt.de\\\/wp-content\\\/uploads\\\/2022\\\/03\\\/800px-Goethe-Logo.png\",\"contentUrl\":\"https:\\\/\\\/aktuelles.uni-frankfurt.de\\\/wp-content\\\/uploads\\\/2022\\\/03\\\/800px-Goethe-Logo.png\",\"width\":800,\"height\":436,\"caption\":\"Goethe-Universit\u00e4t\"},\"image\":{\"@id\":\"https:\\\/\\\/aktuelles.uni-frankfurt.de\\\/#\\\/schema\\\/logo\\\/image\\\/\"}},{\"@type\":\"Person\",\"@id\":\"https:\\\/\\\/aktuelles.uni-frankfurt.de\\\/#\\\/schema\\\/person\\\/8e55ea338fb65d1ce87a91565d1f1739\",\"name\":\"-\",\"description\":\"Dieser Beitrag wurde von der Online-Redaktion ver\u00f6ffentlicht. Wenn der Beitrag von einem Gastautoren verfasst wurde, findet sich dieser Hinweis am Ende des jeweiligen Artikels.\",\"sameAs\":[\"http:\\\/\\\/aktuelles.uni-frankfurt.de\\\/autoren\"],\"url\":\"https:\\\/\\\/aktuelles.uni-frankfurt.de\\\/en\\\/author\\\/redaktion\\\/\"}]}<\/script>\n<!-- \/ Yoast SEO plugin. -->","yoast_head_json":{"title":"Aktionsplan f\u00fcr Gleichstellung behinderter und nichtbehinderter Uni-Angeh\u00f6riger | Aktuelles aus der Goethe-Universit\u00e4t Frankfurt","robots":{"index":"index","follow":"follow","max-snippet":"max-snippet:-1","max-image-preview":"max-image-preview:large","max-video-preview":"max-video-preview:-1"},"canonical":"https:\/\/aktuelles.uni-frankfurt.de\/en\/hochschule\/aktionsplan-fuer-gleichstellung-behinderter-und-nichtbehinderter-uni-angehoeriger\/","og_locale":"en_GB","og_type":"article","og_title":"Aktionsplan f\u00fcr Gleichstellung behinderter und nichtbehinderter Uni-Angeh\u00f6riger | Aktuelles aus der Goethe-Universit\u00e4t Frankfurt","og_description":"Vor rund 200 Jahren hat Goethe eigentlich schon alles gesagt: \u201eEs ist nicht genug zu wissen \u2013 man muss auch anwenden. Es ist nicht genug zu wollen \u2013 man muss [&hellip;]","og_url":"https:\/\/aktuelles.uni-frankfurt.de\/en\/hochschule\/aktionsplan-fuer-gleichstellung-behinderter-und-nichtbehinderter-uni-angehoeriger\/","og_site_name":"Aktuelles aus der Goethe-Universit\u00e4t Frankfurt","article_published_time":"2021-01-08T15:18:33+00:00","article_modified_time":"2022-04-10T13:03:52+00:00","og_image":[{"width":650,"height":450,"url":"https:\/\/aktuelles.uni-frankfurt.de\/wp-content\/uploads\/2018\/05\/beitragsbild_cw_-HSZ_Treppen_2015_003_ud.jpg","type":"image\/jpeg"}],"author":"-","twitter_card":"summary_large_image","twitter_misc":{"Written by":"-","Estimated reading time":"5 minutes"},"schema":{"@context":"https:\/\/schema.org","@graph":[{"@type":"Article","@id":"https:\/\/aktuelles.uni-frankfurt.de\/hochschule\/aktionsplan-fuer-gleichstellung-behinderter-und-nichtbehinderter-uni-angehoeriger\/#article","isPartOf":{"@id":"https:\/\/aktuelles.uni-frankfurt.de\/hochschule\/aktionsplan-fuer-gleichstellung-behinderter-und-nichtbehinderter-uni-angehoeriger\/"},"author":{"name":"-","@id":"https:\/\/aktuelles.uni-frankfurt.de\/#\/schema\/person\/8e55ea338fb65d1ce87a91565d1f1739"},"headline":"Aktionsplan f\u00fcr Gleichstellung behinderter und nichtbehinderter Uni-Angeh\u00f6riger","datePublished":"2021-01-08T15:18:33+00:00","dateModified":"2022-04-10T13:03:52+00:00","mainEntityOfPage":{"@id":"https:\/\/aktuelles.uni-frankfurt.de\/hochschule\/aktionsplan-fuer-gleichstellung-behinderter-und-nichtbehinderter-uni-angehoeriger\/"},"wordCount":948,"publisher":{"@id":"https:\/\/aktuelles.uni-frankfurt.de\/#organization"},"image":{"@id":"https:\/\/aktuelles.uni-frankfurt.de\/hochschule\/aktionsplan-fuer-gleichstellung-behinderter-und-nichtbehinderter-uni-angehoeriger\/#primaryimage"},"thumbnailUrl":"https:\/\/aktuelles.uni-frankfurt.de\/wp-content\/uploads\/2018\/05\/beitragsbild_cw_-HSZ_Treppen_2015_003_ud.jpg","keywords":["Inklusion","UniReport","UniReport 6.20"],"articleSection":["Hochschule","UniReport"],"inLanguage":"en-GB"},{"@type":"WebPage","@id":"https:\/\/aktuelles.uni-frankfurt.de\/hochschule\/aktionsplan-fuer-gleichstellung-behinderter-und-nichtbehinderter-uni-angehoeriger\/","url":"https:\/\/aktuelles.uni-frankfurt.de\/hochschule\/aktionsplan-fuer-gleichstellung-behinderter-und-nichtbehinderter-uni-angehoeriger\/","name":"Aktionsplan f\u00fcr Gleichstellung behinderter und nichtbehinderter Uni-Angeh\u00f6riger | Aktuelles aus der Goethe-Universit\u00e4t Frankfurt","isPartOf":{"@id":"https:\/\/aktuelles.uni-frankfurt.de\/#website"},"primaryImageOfPage":{"@id":"https:\/\/aktuelles.uni-frankfurt.de\/hochschule\/aktionsplan-fuer-gleichstellung-behinderter-und-nichtbehinderter-uni-angehoeriger\/#primaryimage"},"image":{"@id":"https:\/\/aktuelles.uni-frankfurt.de\/hochschule\/aktionsplan-fuer-gleichstellung-behinderter-und-nichtbehinderter-uni-angehoeriger\/#primaryimage"},"thumbnailUrl":"https:\/\/aktuelles.uni-frankfurt.de\/wp-content\/uploads\/2018\/05\/beitragsbild_cw_-HSZ_Treppen_2015_003_ud.jpg","datePublished":"2021-01-08T15:18:33+00:00","dateModified":"2022-04-10T13:03:52+00:00","breadcrumb":{"@id":"https:\/\/aktuelles.uni-frankfurt.de\/hochschule\/aktionsplan-fuer-gleichstellung-behinderter-und-nichtbehinderter-uni-angehoeriger\/#breadcrumb"},"inLanguage":"en-GB","potentialAction":[{"@type":"ReadAction","target":["https:\/\/aktuelles.uni-frankfurt.de\/hochschule\/aktionsplan-fuer-gleichstellung-behinderter-und-nichtbehinderter-uni-angehoeriger\/"]}]},{"@type":"ImageObject","inLanguage":"en-GB","@id":"https:\/\/aktuelles.uni-frankfurt.de\/hochschule\/aktionsplan-fuer-gleichstellung-behinderter-und-nichtbehinderter-uni-angehoeriger\/#primaryimage","url":"https:\/\/aktuelles.uni-frankfurt.de\/wp-content\/uploads\/2018\/05\/beitragsbild_cw_-HSZ_Treppen_2015_003_ud.jpg","contentUrl":"https:\/\/aktuelles.uni-frankfurt.de\/wp-content\/uploads\/2018\/05\/beitragsbild_cw_-HSZ_Treppen_2015_003_ud.jpg","width":650,"height":450},{"@type":"BreadcrumbList","@id":"https:\/\/aktuelles.uni-frankfurt.de\/hochschule\/aktionsplan-fuer-gleichstellung-behinderter-und-nichtbehinderter-uni-angehoeriger\/#breadcrumb","itemListElement":[{"@type":"ListItem","position":1,"name":"Startseite","item":"https:\/\/aktuelles.uni-frankfurt.de\/"},{"@type":"ListItem","position":2,"name":"Aktionsplan f\u00fcr Gleichstellung behinderter und nichtbehinderter Uni-Angeh\u00f6riger"}]},{"@type":"WebSite","@id":"https:\/\/aktuelles.uni-frankfurt.de\/#website","url":"https:\/\/aktuelles.uni-frankfurt.de\/","name":"Aktuelles aus der Goethe-Universit\u00e4t Frankfurt","description":"Aktuelles aus der Goethe-Universit\u00e4t | Neues aus Forschung, Lehre, Studium","publisher":{"@id":"https:\/\/aktuelles.uni-frankfurt.de\/#organization"},"potentialAction":[{"@type":"SearchAction","target":{"@type":"EntryPoint","urlTemplate":"https:\/\/aktuelles.uni-frankfurt.de\/?s={search_term_string}"},"query-input":{"@type":"PropertyValueSpecification","valueRequired":true,"valueName":"search_term_string"}}],"inLanguage":"en-GB"},{"@type":"Organization","@id":"https:\/\/aktuelles.uni-frankfurt.de\/#organization","name":"Goethe University Frankfurt","url":"https:\/\/aktuelles.uni-frankfurt.de\/","logo":{"@type":"ImageObject","inLanguage":"en-GB","@id":"https:\/\/aktuelles.uni-frankfurt.de\/#\/schema\/logo\/image\/","url":"https:\/\/aktuelles.uni-frankfurt.de\/wp-content\/uploads\/2022\/03\/800px-Goethe-Logo.png","contentUrl":"https:\/\/aktuelles.uni-frankfurt.de\/wp-content\/uploads\/2022\/03\/800px-Goethe-Logo.png","width":800,"height":436,"caption":"Goethe-Universit\u00e4t"},"image":{"@id":"https:\/\/aktuelles.uni-frankfurt.de\/#\/schema\/logo\/image\/"}},{"@type":"Person","@id":"https:\/\/aktuelles.uni-frankfurt.de\/#\/schema\/person\/8e55ea338fb65d1ce87a91565d1f1739","name":"-","description":"Dieser Beitrag wurde von der Online-Redaktion ver\u00f6ffentlicht. Wenn der Beitrag von einem Gastautoren verfasst wurde, findet sich dieser Hinweis am Ende des jeweiligen Artikels.","sameAs":["http:\/\/aktuelles.uni-frankfurt.de\/autoren"],"url":"https:\/\/aktuelles.uni-frankfurt.de\/en\/author\/redaktion\/"}]}},"_links":{"self":[{"href":"https:\/\/aktuelles.uni-frankfurt.de\/en\/wp-json\/wp\/v2\/posts\/48508","targetHints":{"allow":["GET"]}}],"collection":[{"href":"https:\/\/aktuelles.uni-frankfurt.de\/en\/wp-json\/wp\/v2\/posts"}],"about":[{"href":"https:\/\/aktuelles.uni-frankfurt.de\/en\/wp-json\/wp\/v2\/types\/post"}],"author":[{"embeddable":true,"href":"https:\/\/aktuelles.uni-frankfurt.de\/en\/wp-json\/wp\/v2\/users\/8"}],"replies":[{"embeddable":true,"href":"https:\/\/aktuelles.uni-frankfurt.de\/en\/wp-json\/wp\/v2\/comments?post=48508"}],"version-history":[{"count":0,"href":"https:\/\/aktuelles.uni-frankfurt.de\/en\/wp-json\/wp\/v2\/posts\/48508\/revisions"}],"wp:featuredmedia":[{"embeddable":true,"href":"https:\/\/aktuelles.uni-frankfurt.de\/en\/wp-json\/wp\/v2\/media\/28807"}],"wp:attachment":[{"href":"https:\/\/aktuelles.uni-frankfurt.de\/en\/wp-json\/wp\/v2\/media?parent=48508"}],"wp:term":[{"taxonomy":"category","embeddable":true,"href":"https:\/\/aktuelles.uni-frankfurt.de\/en\/wp-json\/wp\/v2\/categories?post=48508"},{"taxonomy":"post_tag","embeddable":true,"href":"https:\/\/aktuelles.uni-frankfurt.de\/en\/wp-json\/wp\/v2\/tags?post=48508"},{"taxonomy":"post_folder","embeddable":true,"href":"https:\/\/aktuelles.uni-frankfurt.de\/en\/wp-json\/wp\/v2\/post_folder?post=48508"}],"curies":[{"name":"wp","href":"https:\/\/api.w.org\/{rel}","templated":true}]}}