{"id":52064,"date":"2021-07-22T10:30:55","date_gmt":"2021-07-22T08:30:55","guid":{"rendered":"https:\/\/aktuelles.uni-frankfurt.de\/?p=52064"},"modified":"2021-07-22T10:31:25","modified_gmt":"2021-07-22T08:31:25","slug":"goldener-nagel-eingeschlagen-steinbruch-bei-salzgitter-wird-weltweiter-geologischer-referenzpunkt","status":"publish","type":"post","link":"https:\/\/aktuelles.uni-frankfurt.de\/en\/forschung\/goldener-nagel-eingeschlagen-steinbruch-bei-salzgitter-wird-weltweiter-geologischer-referenzpunkt\/","title":{"rendered":"\u201eGoldener Nagel\u201c eingeschlagen: Steinbruch bei Salzgitter wird weltweiter geologischer Referenzpunkt"},"content":{"rendered":"<div class=\"wp-block-image\"><figure class=\"aligncenter size-large is-resized\"><a href=\"https:\/\/aktuelles.uni-frankfurt.de\/wp-content\/uploads\/2021\/07\/beitragsbild_SalzgitterSalder_Panorama_SilkeVoigt_kl.jpg\"><img fetchpriority=\"high\" decoding=\"async\" src=\"https:\/\/aktuelles.uni-frankfurt.de\/wp-content\/uploads\/2021\/07\/beitragsbild_SalzgitterSalder_Panorama_SilkeVoigt_kl.jpg\" alt=\"\" class=\"wp-image-52065\" width=\"650\" height=\"450\" srcset=\"https:\/\/aktuelles.uni-frankfurt.de\/wp-content\/uploads\/2021\/07\/beitragsbild_SalzgitterSalder_Panorama_SilkeVoigt_kl.jpg 650w, https:\/\/aktuelles.uni-frankfurt.de\/wp-content\/uploads\/2021\/07\/beitragsbild_SalzgitterSalder_Panorama_SilkeVoigt_kl-300x208.jpg 300w\" sizes=\"(max-width: 650px) 100vw, 650px\" \/><\/a><figcaption>Salzgitter-Salder: Eine perfekte Gesteinsschichtenabfolge \u00fcber 40 Meter. (Foto: Silke Voigt, Goethe-Universit\u00e4t Frankfurt)<\/figcaption><\/figure><\/div>\n\n\n\n<p><strong>Ein Wissenschaftsteam der Goethe-Universit\u00e4t Frankfurt, der Universit\u00e4t Warschau, des Landesamtes f\u00fcr Bergbau, Energie und Geologie (LBEG) in Hannover, und weiterer Institutionen hat in Salzgitter-Salder das gefunden, wonach Forscher mehr als 20 Jahre lang weltweit gesucht haben: Eine geologische Formation, die perfekt den \u00dcbergang der Kreidezeitalter Turon und Coniac abbildet. Das Team hat den ehemaligen Kalksteinbruch so genau charakterisiert, dass er nun als weltweiter Referenzpunkt f\u00fcr die Zeitenwende vor 89,4 Millionen Jahren gilt. Dies wurde von der International Union of Geological Sciences bekannt gegeben, die dem Schichtenprofil den Titel \u201eGlobal Stratotype Section and Point\u201c (GSSP) verlieh.<\/strong><\/p>\n\n\n\n<p>Das internationale Team von Geowissenschaftlerinnen und Geowissenschaftlern um Prof. Silke Voigt von der Goethe-Universit\u00e4t Frankfurt, Prof. Ireneusz Walaszczyk von der Universit\u00e4t Warschau und Dr. Andr\u00e9 Bornemann vom Landesamt f\u00fcr Bergbau, Energie und Geologie (LBEG) haben 40 Meter der geologischen Schichtenfolge im ehemaligen Kalksteinbruch am Hasselberg eingehend untersucht. Dabei stellten die Forscherinnen und Forscher fest, dass nur hier der \u00dcbergang zwischen Turon und Coniac l\u00fcckenlos ist und daher eine perfekte Gesteinsabfolge darstellt, um Geowissenschaftlerinnen und Geowissenschaftlern aus aller Welt als Referenz f\u00fcr deren Forschung zu dienen \u2013 als \u201eGlobal Stratotype Section and Point\u201c oder, im Jargon der Geowissenschaften, als \u201egoldener Nagel\u201c.<\/p>\n\n\n\n<p>Mit dem Coniac treten bestimmte Muschelarten auf, so genannte Inoceramen, die in Salder zahlreich zu finden sind. In Schicht 46 des Steinbruchs, so stellte das deutsch-polnische Wissenschaftsteam fest, findet sich erstmals die Inoceramen-Art <em>Cremnoceramus deformis erectus<\/em> und markiert damit die Zeitengrenze, ebenso wie weitere Mikrofossilien und eine charakteristische \u00c4nderung im Verh\u00e4ltnis der Kohlenstoffisotope <sup>12<\/sup>C und <sup>13<\/sup>C, eine so genannte negative Anomalie im Kohlenstoffkreislauf.<\/p>\n\n\n\n<p>\u201eDamit k\u00f6nnen nun geologische Schichtenprofile wie zum Beispiel marine Schelfsedimente in Mexiko oder der Tiefsee im tropischen Atlantik miteinander verglichen und zeitlich eingeordnet werden\u201c, erl\u00e4utert Prof. Silke Voigt. \u201eDies ist wichtig, um auch bei unvollst\u00e4ndigen Schichtenprofilen eine genaue zeitliche Einordnung vornehmen zu k\u00f6nnen und letztlich zu sehen, wie zum Beispiel das Klima zu einem bestimmten Zeitpunkt der Vergangenheit an verschiedenen Orten der Welt beschaffen war.\u201c<\/p>\n\n\n\n<p>Prof. Ireneusz Walaszczyk sagt: \u201eDie Schichtenfolge in Salzgitter-Salder konnte sich gegen\u00fcber anderen Kandidaten zum Beispiel in den USA, in Indien, Madagaskar, Neuseeland und Polen durchsetzen, weil wir hier \u00fcber 40 Meter eine perfekte Gesteinsschichtenabfolge haben, die ein gut definiertes Abbild der Ereignisse darstellt, die in diesem geologischen Zeitintervall stattgefunden haben.\u201c<\/p>\n\n\n\n<p>\u201eDas Zechsteinmeer hat vor mehr als 250 Millionen Jahren m\u00e4chtige Salzschichten im norddeutschen Becken hinterlassen\u201c, erkl\u00e4rt Andr\u00e9 Bornemann. \u201eDie sp\u00e4ter abgelagerten Gesteinsschichten \u00fcbten Druck auf diese Salzschichten aus, die sich zum Teil zu gro\u00dfen Salzst\u00f6cken aufw\u00f6lbten und damit j\u00fcngere Schichten deformierten. In der N\u00e4he eines solchen Salzstocks liegt Salder, sodass hier die fossilreichen Gesteinsschichten der Kreidezeit steil aufgerichtet sind und ein wunderbares, f\u00fcr wissenschaftliche Untersuchungen sehr gut zug\u00e4ngliches Profil ergeben. Daher haben wir vom LBEG diesen Ort als Geotop ausgewiesen, und dieser ist einer der bedeutendsten Geopunkte des UNESCO Geoparks Harz-Braunschweiger Land-Ostfalen.\u201c<\/p>\n\n\n\n<h3 class=\"wp-block-heading\"><strong>Hintergrund<\/strong><\/h3>\n\n\n\n<p>Im Kalksteinbruch am Hasselberg bei Salder im Nordosten des Salzgitterschen H\u00f6henzuges wurden fr\u00fcher Kalksteine und Mergel f\u00fcr die Zementindustrie und zum Schluss f\u00fcr die Erzaufbereitung abgebaut. Heute befindet sich dort ein bekanntes Biotop und Geotop als Eigentum der Stiftung Naturlandschaft, die vom BUND-Landesverband Niedersachsen eingerichtet wurde. W\u00e4hrend die Betreuung des Steinbruchgel\u00e4ndes der Kreisgruppe Salzgitter des BUND \u00fcbertragen wurde, k\u00fcmmert sich der UNESCO Geopark Harz-Braunschweiger Land-Ostfalen um den geowissenschaftlichen Part des Steinbruchs. Der Steinbruch ist aus Naturschutzgr\u00fcnden nicht frei zug\u00e4nglich, aber es werden gelegentlich gef\u00fchrte Wanderungen angeboten.<\/p>\n\n\n\n<p>Vor 90 Millionen Jahren, in der zweiten H\u00e4lfte der Kreide, war es tropisch warm auf der Erde: Die eisfreien Pole sorgten f\u00fcr einen hohen Meeresspiegel, Mitteleuropa bestand aus einer Schar von Inseln. Im Meer entwickelten Ammoniten eine ungeheure Formenvielfalt, an Land herrschten die Dinosaurier. Die ersten Bl\u00fctenpflanzen begannen, Schachtelhalmen und Farnen Konkurrenz zu machen. Vor 89,39 Millionen Jahren fing das Klima an, sich leicht abzuk\u00fchlen und der Meeresspiegel von seinem H\u00f6chststand etwas zu sinken: Ein neuer erdgeschichtlicher Abschnitt, das Zeitalter Coniac, l\u00f6ste das Zeitalter Turon ab.<\/p>\n\n\n\n<p class=\"has-background\" style=\"background-color:#eeeeee\"><strong>Publikation: <\/strong>Voigt S, P\u00fcttmann T, Mutterlose J, Bornemann A, Jarvis I, Pearce M, Walaszczyk, I (2021) <strong>Reassessment of the Salzgitter-Salder section as a potential stratotype for the Turonian\u2013Coniacian Boundary: stable carbon isotopes and cyclostratigraphy constrained by nannofossils and palynology.<\/strong> Newsl Stratigr, 54\/2, 209\u2013228, <a href=\"https:\/\/doi.org\/10.1127\/nos\/2020\/0615\" target=\"_blank\" rel=\"noreferrer noopener\">https:\/\/doi.org\/10.1127\/nos\/2020\/0615<\/a><br><br>Walaszczyk, I.,\u010cech, S., Crampton, J.S., Dubicka, Z., Ifrim, C.,Jarvis, I., Kennedy, W.J.,Lees, J.A., Lodowski, D., Pearce, M. Peryt, D.,Sageman, B., Schi\u00f8ler, P.,Todes, J.,Uli\u010dn\u00fd, D.,Voigt, S., Wiese, F., With contributions by, Linnert, C., P\u00fcttmann, T., and Toshimitsu, S. (2021) <strong>The Global Boundary Stratotype Section and Point (GSSP) for the base of the Coniacian Stage (Salzgitter-Salder, Germany) and its auxiliary sections (S\u0142upia Nadbrze\u017cna, central Poland; St\u0159ele\u010d, Czech Republic; and El Rosario, NE Mexico)<\/strong>. Episodes 2021; 44(2): 129-150l. <a href=\"https:\/\/doi.org\/10.18814\/epiiugs\/2020\/020072\" target=\"_blank\" rel=\"noreferrer noopener\">https:\/\/doi.org\/10.18814\/epiiugs\/2020\/020072<\/a><\/p>","protected":false},"excerpt":{"rendered":"<p>Ein Wissenschaftsteam der Goethe-Universit\u00e4t Frankfurt, der Universit\u00e4t Warschau, des Landesamtes f\u00fcr Bergbau, Energie und Geologie (LBEG) in Hannover, und weiterer Institutionen hat in Salzgitter-Salder das gefunden, wonach Forscher mehr als [&hellip;]<\/p>\n","protected":false},"author":8,"featured_media":52065,"comment_status":"closed","ping_status":"closed","sticky":false,"template":"","format":"standard","meta":{"_eb_attr":"","_price":"","_stock":"","_tribe_ticket_header":"","_tribe_default_ticket_provider":"","_ticket_start_date":"","_ticket_end_date":"","_tribe_ticket_show_description":"","_tribe_ticket_show_not_going":false,"_tribe_ticket_use_global_stock":"","_tribe_ticket_global_stock_level":"","_global_stock_mode":"","_global_stock_cap":"","_tribe_rsvp_for_event":"","_tribe_ticket_going_count":"","_tribe_ticket_not_going_count":"","_tribe_tickets_list":"[]","_tribe_ticket_has_attendee_info_fields":false,"footnotes":""},"categories":[3,91],"tags":[57],"post_folder":[],"class_list":["post-52064","post","type-post","status-publish","format-standard","has-post-thumbnail","hentry","category-forschung","category-zticky","tag-geowissenschaften"],"yoast_head":"<!-- This site is optimized with the Yoast SEO plugin v27.5 - https:\/\/yoast.com\/product\/yoast-seo-wordpress\/ -->\n<title>\u201eGoldener Nagel\u201c eingeschlagen: Steinbruch bei Salzgitter wird weltweiter geologischer Referenzpunkt | Aktuelles aus der Goethe-Universit\u00e4t Frankfurt<\/title>\n<meta name=\"robots\" content=\"index, follow, max-snippet:-1, max-image-preview:large, max-video-preview:-1\" \/>\n<link rel=\"canonical\" href=\"https:\/\/aktuelles.uni-frankfurt.de\/en\/forschung\/goldener-nagel-eingeschlagen-steinbruch-bei-salzgitter-wird-weltweiter-geologischer-referenzpunkt\/\" \/>\n<meta property=\"og:locale\" content=\"en_GB\" \/>\n<meta property=\"og:type\" content=\"article\" \/>\n<meta property=\"og:title\" content=\"\u201eGoldener Nagel\u201c eingeschlagen: Steinbruch bei Salzgitter wird weltweiter geologischer Referenzpunkt | Aktuelles aus der Goethe-Universit\u00e4t Frankfurt\" \/>\n<meta property=\"og:description\" content=\"Ein Wissenschaftsteam der Goethe-Universit\u00e4t Frankfurt, der Universit\u00e4t Warschau, des Landesamtes f\u00fcr Bergbau, Energie und Geologie (LBEG) in Hannover, und weiterer Institutionen hat in Salzgitter-Salder das gefunden, wonach Forscher mehr als [&hellip;]\" \/>\n<meta property=\"og:url\" content=\"https:\/\/aktuelles.uni-frankfurt.de\/en\/forschung\/goldener-nagel-eingeschlagen-steinbruch-bei-salzgitter-wird-weltweiter-geologischer-referenzpunkt\/\" \/>\n<meta property=\"og:site_name\" content=\"Aktuelles aus der Goethe-Universit\u00e4t Frankfurt\" \/>\n<meta property=\"article:published_time\" content=\"2021-07-22T08:30:55+00:00\" \/>\n<meta property=\"article:modified_time\" content=\"2021-07-22T08:31:25+00:00\" \/>\n<meta property=\"og:image\" content=\"https:\/\/aktuelles.uni-frankfurt.de\/wp-content\/uploads\/2021\/07\/beitragsbild_SalzgitterSalder_Panorama_SilkeVoigt_kl.jpg\" \/>\n\t<meta property=\"og:image:width\" content=\"650\" \/>\n\t<meta property=\"og:image:height\" content=\"450\" \/>\n\t<meta property=\"og:image:type\" content=\"image\/jpeg\" \/>\n<meta name=\"author\" content=\"-\" \/>\n<meta name=\"twitter:card\" content=\"summary_large_image\" \/>\n<meta name=\"twitter:label1\" content=\"Written by\" \/>\n\t<meta name=\"twitter:data1\" content=\"-\" \/>\n\t<meta name=\"twitter:label2\" content=\"Estimated reading time\" \/>\n\t<meta name=\"twitter:data2\" content=\"4 minutes\" \/>\n<script type=\"application\/ld+json\" class=\"yoast-schema-graph\">{\"@context\":\"https:\\\/\\\/schema.org\",\"@graph\":[{\"@type\":\"Article\",\"@id\":\"https:\\\/\\\/aktuelles.uni-frankfurt.de\\\/forschung\\\/goldener-nagel-eingeschlagen-steinbruch-bei-salzgitter-wird-weltweiter-geologischer-referenzpunkt\\\/#article\",\"isPartOf\":{\"@id\":\"https:\\\/\\\/aktuelles.uni-frankfurt.de\\\/forschung\\\/goldener-nagel-eingeschlagen-steinbruch-bei-salzgitter-wird-weltweiter-geologischer-referenzpunkt\\\/\"},\"author\":{\"name\":\"-\",\"@id\":\"https:\\\/\\\/aktuelles.uni-frankfurt.de\\\/#\\\/schema\\\/person\\\/8e55ea338fb65d1ce87a91565d1f1739\"},\"headline\":\"\u201eGoldener Nagel\u201c eingeschlagen: Steinbruch bei Salzgitter wird weltweiter geologischer Referenzpunkt\",\"datePublished\":\"2021-07-22T08:30:55+00:00\",\"dateModified\":\"2021-07-22T08:31:25+00:00\",\"mainEntityOfPage\":{\"@id\":\"https:\\\/\\\/aktuelles.uni-frankfurt.de\\\/forschung\\\/goldener-nagel-eingeschlagen-steinbruch-bei-salzgitter-wird-weltweiter-geologischer-referenzpunkt\\\/\"},\"wordCount\":831,\"publisher\":{\"@id\":\"https:\\\/\\\/aktuelles.uni-frankfurt.de\\\/#organization\"},\"image\":{\"@id\":\"https:\\\/\\\/aktuelles.uni-frankfurt.de\\\/forschung\\\/goldener-nagel-eingeschlagen-steinbruch-bei-salzgitter-wird-weltweiter-geologischer-referenzpunkt\\\/#primaryimage\"},\"thumbnailUrl\":\"https:\\\/\\\/aktuelles.uni-frankfurt.de\\\/wp-content\\\/uploads\\\/2021\\\/07\\\/beitragsbild_SalzgitterSalder_Panorama_SilkeVoigt_kl.jpg\",\"keywords\":[\"Geowissenschaften\"],\"articleSection\":[\"Forschung\",\"Zticky\"],\"inLanguage\":\"en-GB\"},{\"@type\":\"WebPage\",\"@id\":\"https:\\\/\\\/aktuelles.uni-frankfurt.de\\\/forschung\\\/goldener-nagel-eingeschlagen-steinbruch-bei-salzgitter-wird-weltweiter-geologischer-referenzpunkt\\\/\",\"url\":\"https:\\\/\\\/aktuelles.uni-frankfurt.de\\\/forschung\\\/goldener-nagel-eingeschlagen-steinbruch-bei-salzgitter-wird-weltweiter-geologischer-referenzpunkt\\\/\",\"name\":\"\u201eGoldener Nagel\u201c eingeschlagen: Steinbruch bei Salzgitter wird weltweiter geologischer Referenzpunkt | Aktuelles aus der Goethe-Universit\u00e4t Frankfurt\",\"isPartOf\":{\"@id\":\"https:\\\/\\\/aktuelles.uni-frankfurt.de\\\/#website\"},\"primaryImageOfPage\":{\"@id\":\"https:\\\/\\\/aktuelles.uni-frankfurt.de\\\/forschung\\\/goldener-nagel-eingeschlagen-steinbruch-bei-salzgitter-wird-weltweiter-geologischer-referenzpunkt\\\/#primaryimage\"},\"image\":{\"@id\":\"https:\\\/\\\/aktuelles.uni-frankfurt.de\\\/forschung\\\/goldener-nagel-eingeschlagen-steinbruch-bei-salzgitter-wird-weltweiter-geologischer-referenzpunkt\\\/#primaryimage\"},\"thumbnailUrl\":\"https:\\\/\\\/aktuelles.uni-frankfurt.de\\\/wp-content\\\/uploads\\\/2021\\\/07\\\/beitragsbild_SalzgitterSalder_Panorama_SilkeVoigt_kl.jpg\",\"datePublished\":\"2021-07-22T08:30:55+00:00\",\"dateModified\":\"2021-07-22T08:31:25+00:00\",\"breadcrumb\":{\"@id\":\"https:\\\/\\\/aktuelles.uni-frankfurt.de\\\/forschung\\\/goldener-nagel-eingeschlagen-steinbruch-bei-salzgitter-wird-weltweiter-geologischer-referenzpunkt\\\/#breadcrumb\"},\"inLanguage\":\"en-GB\",\"potentialAction\":[{\"@type\":\"ReadAction\",\"target\":[\"https:\\\/\\\/aktuelles.uni-frankfurt.de\\\/forschung\\\/goldener-nagel-eingeschlagen-steinbruch-bei-salzgitter-wird-weltweiter-geologischer-referenzpunkt\\\/\"]}]},{\"@type\":\"ImageObject\",\"inLanguage\":\"en-GB\",\"@id\":\"https:\\\/\\\/aktuelles.uni-frankfurt.de\\\/forschung\\\/goldener-nagel-eingeschlagen-steinbruch-bei-salzgitter-wird-weltweiter-geologischer-referenzpunkt\\\/#primaryimage\",\"url\":\"https:\\\/\\\/aktuelles.uni-frankfurt.de\\\/wp-content\\\/uploads\\\/2021\\\/07\\\/beitragsbild_SalzgitterSalder_Panorama_SilkeVoigt_kl.jpg\",\"contentUrl\":\"https:\\\/\\\/aktuelles.uni-frankfurt.de\\\/wp-content\\\/uploads\\\/2021\\\/07\\\/beitragsbild_SalzgitterSalder_Panorama_SilkeVoigt_kl.jpg\",\"width\":650,\"height\":450,\"caption\":\"Salzgitter-Salder: Eine perfekte Gesteinsschichtenabfolge \u00fcber 40 Meter. (Foto: Silke Voigt, Goethe-Universit\u00e4t Frankfurt)\"},{\"@type\":\"BreadcrumbList\",\"@id\":\"https:\\\/\\\/aktuelles.uni-frankfurt.de\\\/forschung\\\/goldener-nagel-eingeschlagen-steinbruch-bei-salzgitter-wird-weltweiter-geologischer-referenzpunkt\\\/#breadcrumb\",\"itemListElement\":[{\"@type\":\"ListItem\",\"position\":1,\"name\":\"Startseite\",\"item\":\"https:\\\/\\\/aktuelles.uni-frankfurt.de\\\/\"},{\"@type\":\"ListItem\",\"position\":2,\"name\":\"\u201eGoldener Nagel\u201c eingeschlagen: Steinbruch bei Salzgitter wird weltweiter geologischer Referenzpunkt\"}]},{\"@type\":\"WebSite\",\"@id\":\"https:\\\/\\\/aktuelles.uni-frankfurt.de\\\/#website\",\"url\":\"https:\\\/\\\/aktuelles.uni-frankfurt.de\\\/\",\"name\":\"Aktuelles aus der Goethe-Universit\u00e4t Frankfurt\",\"description\":\"Aktuelles aus der Goethe-Universit\u00e4t | Neues aus Forschung, Lehre, Studium\",\"publisher\":{\"@id\":\"https:\\\/\\\/aktuelles.uni-frankfurt.de\\\/#organization\"},\"potentialAction\":[{\"@type\":\"SearchAction\",\"target\":{\"@type\":\"EntryPoint\",\"urlTemplate\":\"https:\\\/\\\/aktuelles.uni-frankfurt.de\\\/?s={search_term_string}\"},\"query-input\":{\"@type\":\"PropertyValueSpecification\",\"valueRequired\":true,\"valueName\":\"search_term_string\"}}],\"inLanguage\":\"en-GB\"},{\"@type\":\"Organization\",\"@id\":\"https:\\\/\\\/aktuelles.uni-frankfurt.de\\\/#organization\",\"name\":\"Goethe-Universit\u00e4t\",\"url\":\"https:\\\/\\\/aktuelles.uni-frankfurt.de\\\/\",\"logo\":{\"@type\":\"ImageObject\",\"inLanguage\":\"en-GB\",\"@id\":\"https:\\\/\\\/aktuelles.uni-frankfurt.de\\\/#\\\/schema\\\/logo\\\/image\\\/\",\"url\":\"https:\\\/\\\/aktuelles.uni-frankfurt.de\\\/wp-content\\\/uploads\\\/2022\\\/03\\\/800px-Goethe-Logo.png\",\"contentUrl\":\"https:\\\/\\\/aktuelles.uni-frankfurt.de\\\/wp-content\\\/uploads\\\/2022\\\/03\\\/800px-Goethe-Logo.png\",\"width\":800,\"height\":436,\"caption\":\"Goethe-Universit\u00e4t\"},\"image\":{\"@id\":\"https:\\\/\\\/aktuelles.uni-frankfurt.de\\\/#\\\/schema\\\/logo\\\/image\\\/\"}},{\"@type\":\"Person\",\"@id\":\"https:\\\/\\\/aktuelles.uni-frankfurt.de\\\/#\\\/schema\\\/person\\\/8e55ea338fb65d1ce87a91565d1f1739\",\"name\":\"-\",\"description\":\"Dieser Beitrag wurde von der Online-Redaktion ver\u00f6ffentlicht. Wenn der Beitrag von einem Gastautoren verfasst wurde, findet sich dieser Hinweis am Ende des jeweiligen Artikels.\",\"sameAs\":[\"http:\\\/\\\/aktuelles.uni-frankfurt.de\\\/autoren\"],\"url\":\"https:\\\/\\\/aktuelles.uni-frankfurt.de\\\/en\\\/author\\\/redaktion\\\/\"}]}<\/script>\n<!-- \/ Yoast SEO plugin. -->","yoast_head_json":{"title":"\u201eGoldener Nagel\u201c eingeschlagen: Steinbruch bei Salzgitter wird weltweiter geologischer Referenzpunkt | Aktuelles aus der Goethe-Universit\u00e4t Frankfurt","robots":{"index":"index","follow":"follow","max-snippet":"max-snippet:-1","max-image-preview":"max-image-preview:large","max-video-preview":"max-video-preview:-1"},"canonical":"https:\/\/aktuelles.uni-frankfurt.de\/en\/forschung\/goldener-nagel-eingeschlagen-steinbruch-bei-salzgitter-wird-weltweiter-geologischer-referenzpunkt\/","og_locale":"en_GB","og_type":"article","og_title":"\u201eGoldener Nagel\u201c eingeschlagen: Steinbruch bei Salzgitter wird weltweiter geologischer Referenzpunkt | Aktuelles aus der Goethe-Universit\u00e4t Frankfurt","og_description":"Ein Wissenschaftsteam der Goethe-Universit\u00e4t Frankfurt, der Universit\u00e4t Warschau, des Landesamtes f\u00fcr Bergbau, Energie und Geologie (LBEG) in Hannover, und weiterer Institutionen hat in Salzgitter-Salder das gefunden, wonach Forscher mehr als [&hellip;]","og_url":"https:\/\/aktuelles.uni-frankfurt.de\/en\/forschung\/goldener-nagel-eingeschlagen-steinbruch-bei-salzgitter-wird-weltweiter-geologischer-referenzpunkt\/","og_site_name":"Aktuelles aus der Goethe-Universit\u00e4t Frankfurt","article_published_time":"2021-07-22T08:30:55+00:00","article_modified_time":"2021-07-22T08:31:25+00:00","og_image":[{"width":650,"height":450,"url":"https:\/\/aktuelles.uni-frankfurt.de\/wp-content\/uploads\/2021\/07\/beitragsbild_SalzgitterSalder_Panorama_SilkeVoigt_kl.jpg","type":"image\/jpeg"}],"author":"-","twitter_card":"summary_large_image","twitter_misc":{"Written by":"-","Estimated reading time":"4 minutes"},"schema":{"@context":"https:\/\/schema.org","@graph":[{"@type":"Article","@id":"https:\/\/aktuelles.uni-frankfurt.de\/forschung\/goldener-nagel-eingeschlagen-steinbruch-bei-salzgitter-wird-weltweiter-geologischer-referenzpunkt\/#article","isPartOf":{"@id":"https:\/\/aktuelles.uni-frankfurt.de\/forschung\/goldener-nagel-eingeschlagen-steinbruch-bei-salzgitter-wird-weltweiter-geologischer-referenzpunkt\/"},"author":{"name":"-","@id":"https:\/\/aktuelles.uni-frankfurt.de\/#\/schema\/person\/8e55ea338fb65d1ce87a91565d1f1739"},"headline":"\u201eGoldener Nagel\u201c eingeschlagen: Steinbruch bei Salzgitter wird weltweiter geologischer Referenzpunkt","datePublished":"2021-07-22T08:30:55+00:00","dateModified":"2021-07-22T08:31:25+00:00","mainEntityOfPage":{"@id":"https:\/\/aktuelles.uni-frankfurt.de\/forschung\/goldener-nagel-eingeschlagen-steinbruch-bei-salzgitter-wird-weltweiter-geologischer-referenzpunkt\/"},"wordCount":831,"publisher":{"@id":"https:\/\/aktuelles.uni-frankfurt.de\/#organization"},"image":{"@id":"https:\/\/aktuelles.uni-frankfurt.de\/forschung\/goldener-nagel-eingeschlagen-steinbruch-bei-salzgitter-wird-weltweiter-geologischer-referenzpunkt\/#primaryimage"},"thumbnailUrl":"https:\/\/aktuelles.uni-frankfurt.de\/wp-content\/uploads\/2021\/07\/beitragsbild_SalzgitterSalder_Panorama_SilkeVoigt_kl.jpg","keywords":["Geowissenschaften"],"articleSection":["Forschung","Zticky"],"inLanguage":"en-GB"},{"@type":"WebPage","@id":"https:\/\/aktuelles.uni-frankfurt.de\/forschung\/goldener-nagel-eingeschlagen-steinbruch-bei-salzgitter-wird-weltweiter-geologischer-referenzpunkt\/","url":"https:\/\/aktuelles.uni-frankfurt.de\/forschung\/goldener-nagel-eingeschlagen-steinbruch-bei-salzgitter-wird-weltweiter-geologischer-referenzpunkt\/","name":"\u201eGoldener Nagel\u201c eingeschlagen: Steinbruch bei Salzgitter wird weltweiter geologischer Referenzpunkt | Aktuelles aus der Goethe-Universit\u00e4t Frankfurt","isPartOf":{"@id":"https:\/\/aktuelles.uni-frankfurt.de\/#website"},"primaryImageOfPage":{"@id":"https:\/\/aktuelles.uni-frankfurt.de\/forschung\/goldener-nagel-eingeschlagen-steinbruch-bei-salzgitter-wird-weltweiter-geologischer-referenzpunkt\/#primaryimage"},"image":{"@id":"https:\/\/aktuelles.uni-frankfurt.de\/forschung\/goldener-nagel-eingeschlagen-steinbruch-bei-salzgitter-wird-weltweiter-geologischer-referenzpunkt\/#primaryimage"},"thumbnailUrl":"https:\/\/aktuelles.uni-frankfurt.de\/wp-content\/uploads\/2021\/07\/beitragsbild_SalzgitterSalder_Panorama_SilkeVoigt_kl.jpg","datePublished":"2021-07-22T08:30:55+00:00","dateModified":"2021-07-22T08:31:25+00:00","breadcrumb":{"@id":"https:\/\/aktuelles.uni-frankfurt.de\/forschung\/goldener-nagel-eingeschlagen-steinbruch-bei-salzgitter-wird-weltweiter-geologischer-referenzpunkt\/#breadcrumb"},"inLanguage":"en-GB","potentialAction":[{"@type":"ReadAction","target":["https:\/\/aktuelles.uni-frankfurt.de\/forschung\/goldener-nagel-eingeschlagen-steinbruch-bei-salzgitter-wird-weltweiter-geologischer-referenzpunkt\/"]}]},{"@type":"ImageObject","inLanguage":"en-GB","@id":"https:\/\/aktuelles.uni-frankfurt.de\/forschung\/goldener-nagel-eingeschlagen-steinbruch-bei-salzgitter-wird-weltweiter-geologischer-referenzpunkt\/#primaryimage","url":"https:\/\/aktuelles.uni-frankfurt.de\/wp-content\/uploads\/2021\/07\/beitragsbild_SalzgitterSalder_Panorama_SilkeVoigt_kl.jpg","contentUrl":"https:\/\/aktuelles.uni-frankfurt.de\/wp-content\/uploads\/2021\/07\/beitragsbild_SalzgitterSalder_Panorama_SilkeVoigt_kl.jpg","width":650,"height":450,"caption":"Salzgitter-Salder: Eine perfekte Gesteinsschichtenabfolge \u00fcber 40 Meter. (Foto: Silke Voigt, Goethe-Universit\u00e4t Frankfurt)"},{"@type":"BreadcrumbList","@id":"https:\/\/aktuelles.uni-frankfurt.de\/forschung\/goldener-nagel-eingeschlagen-steinbruch-bei-salzgitter-wird-weltweiter-geologischer-referenzpunkt\/#breadcrumb","itemListElement":[{"@type":"ListItem","position":1,"name":"Startseite","item":"https:\/\/aktuelles.uni-frankfurt.de\/"},{"@type":"ListItem","position":2,"name":"\u201eGoldener Nagel\u201c eingeschlagen: Steinbruch bei Salzgitter wird weltweiter geologischer Referenzpunkt"}]},{"@type":"WebSite","@id":"https:\/\/aktuelles.uni-frankfurt.de\/#website","url":"https:\/\/aktuelles.uni-frankfurt.de\/","name":"Aktuelles aus der Goethe-Universit\u00e4t Frankfurt","description":"Aktuelles aus der Goethe-Universit\u00e4t | Neues aus Forschung, Lehre, Studium","publisher":{"@id":"https:\/\/aktuelles.uni-frankfurt.de\/#organization"},"potentialAction":[{"@type":"SearchAction","target":{"@type":"EntryPoint","urlTemplate":"https:\/\/aktuelles.uni-frankfurt.de\/?s={search_term_string}"},"query-input":{"@type":"PropertyValueSpecification","valueRequired":true,"valueName":"search_term_string"}}],"inLanguage":"en-GB"},{"@type":"Organization","@id":"https:\/\/aktuelles.uni-frankfurt.de\/#organization","name":"Goethe University Frankfurt","url":"https:\/\/aktuelles.uni-frankfurt.de\/","logo":{"@type":"ImageObject","inLanguage":"en-GB","@id":"https:\/\/aktuelles.uni-frankfurt.de\/#\/schema\/logo\/image\/","url":"https:\/\/aktuelles.uni-frankfurt.de\/wp-content\/uploads\/2022\/03\/800px-Goethe-Logo.png","contentUrl":"https:\/\/aktuelles.uni-frankfurt.de\/wp-content\/uploads\/2022\/03\/800px-Goethe-Logo.png","width":800,"height":436,"caption":"Goethe-Universit\u00e4t"},"image":{"@id":"https:\/\/aktuelles.uni-frankfurt.de\/#\/schema\/logo\/image\/"}},{"@type":"Person","@id":"https:\/\/aktuelles.uni-frankfurt.de\/#\/schema\/person\/8e55ea338fb65d1ce87a91565d1f1739","name":"-","description":"Dieser Beitrag wurde von der Online-Redaktion ver\u00f6ffentlicht. Wenn der Beitrag von einem Gastautoren verfasst wurde, findet sich dieser Hinweis am Ende des jeweiligen Artikels.","sameAs":["http:\/\/aktuelles.uni-frankfurt.de\/autoren"],"url":"https:\/\/aktuelles.uni-frankfurt.de\/en\/author\/redaktion\/"}]}},"_links":{"self":[{"href":"https:\/\/aktuelles.uni-frankfurt.de\/en\/wp-json\/wp\/v2\/posts\/52064","targetHints":{"allow":["GET"]}}],"collection":[{"href":"https:\/\/aktuelles.uni-frankfurt.de\/en\/wp-json\/wp\/v2\/posts"}],"about":[{"href":"https:\/\/aktuelles.uni-frankfurt.de\/en\/wp-json\/wp\/v2\/types\/post"}],"author":[{"embeddable":true,"href":"https:\/\/aktuelles.uni-frankfurt.de\/en\/wp-json\/wp\/v2\/users\/8"}],"replies":[{"embeddable":true,"href":"https:\/\/aktuelles.uni-frankfurt.de\/en\/wp-json\/wp\/v2\/comments?post=52064"}],"version-history":[{"count":0,"href":"https:\/\/aktuelles.uni-frankfurt.de\/en\/wp-json\/wp\/v2\/posts\/52064\/revisions"}],"wp:featuredmedia":[{"embeddable":true,"href":"https:\/\/aktuelles.uni-frankfurt.de\/en\/wp-json\/wp\/v2\/media\/52065"}],"wp:attachment":[{"href":"https:\/\/aktuelles.uni-frankfurt.de\/en\/wp-json\/wp\/v2\/media?parent=52064"}],"wp:term":[{"taxonomy":"category","embeddable":true,"href":"https:\/\/aktuelles.uni-frankfurt.de\/en\/wp-json\/wp\/v2\/categories?post=52064"},{"taxonomy":"post_tag","embeddable":true,"href":"https:\/\/aktuelles.uni-frankfurt.de\/en\/wp-json\/wp\/v2\/tags?post=52064"},{"taxonomy":"post_folder","embeddable":true,"href":"https:\/\/aktuelles.uni-frankfurt.de\/en\/wp-json\/wp\/v2\/post_folder?post=52064"}],"curies":[{"name":"wp","href":"https:\/\/api.w.org\/{rel}","templated":true}]}}