{"id":52167,"date":"2021-08-02T13:40:06","date_gmt":"2021-08-02T11:40:06","guid":{"rendered":"https:\/\/aktuelles.uni-frankfurt.de\/?p=52167"},"modified":"2021-08-02T13:40:06","modified_gmt":"2021-08-02T11:40:06","slug":"andere-narrative-erforderlich-podiumsdiskussion-zum-anti-muslimischen-rassismus","status":"publish","type":"post","link":"https:\/\/aktuelles.uni-frankfurt.de\/en\/veranstaltungen\/andere-narrative-erforderlich-podiumsdiskussion-zum-anti-muslimischen-rassismus\/","title":{"rendered":"Andere Narrative erforderlich: Podiumsdiskussion zum anti-muslimischen Rassismus"},"content":{"rendered":"<p><strong>Im Rahmen der Vorlesungsreihe des Cornelia Goethe Colloquiums \u201eWhose Gender? Whose Sex? Zur Polyvalenz der Geschlechterverh\u00e4ltnisse im Islam\u201c fand am 7. Juli eine abschlie\u00dfende Podiumsdiskussion statt, in der ein \u201ekritischer Blick auf Narrative des anti-muslimischen Rassismus\u201c geworfen werden sollte. &nbsp;<\/strong><\/p>\n\n\n\n<div class=\"wp-block-image\"><figure class=\"alignright size-large is-resized\"><a href=\"https:\/\/aktuelles.uni-frankfurt.de\/wp-content\/uploads\/2021\/08\/Plakat_CGC_SoSe21.jpg\"><img fetchpriority=\"high\" decoding=\"async\" src=\"https:\/\/aktuelles.uni-frankfurt.de\/wp-content\/uploads\/2021\/08\/Plakat_CGC_SoSe21.jpg\" alt=\"\" class=\"wp-image-52176\" width=\"325\" height=\"461\" srcset=\"https:\/\/aktuelles.uni-frankfurt.de\/wp-content\/uploads\/2021\/08\/Plakat_CGC_SoSe21.jpg 650w, https:\/\/aktuelles.uni-frankfurt.de\/wp-content\/uploads\/2021\/08\/Plakat_CGC_SoSe21-211x300.jpg 211w\" sizes=\"(max-width: 325px) 100vw, 325px\" \/><\/a><\/figure><\/div>\n\n\n\n<p>Prof. Helma Lutz, die gemeinsam mit Dr. Marianne Schmidbaur und Dr. Meltem Kula\u00e7atan die Vorlesungsreihe konzipiert hatte, wies in ihrer Einleitung unter anderem auf die Anschl\u00e4ge in Hanau hin, die auch bei Studierenden der Goethe-Universit\u00e4t, die in der Stadt leben, eine gro\u00dfe Betroffenheit ausgel\u00f6st haben. Dies h\u00e4tte unter anderem auch den Ausschlag gegeben, den letzten Abend der Vorlesungsreihe, die sich im Schnittfeld von religionswissenschaftlichen und sozialwissenschaftlichen Perspektiven bewegt und dabei auch soziale Praktiken und Bewegungen zu erfassen versucht habe, auf das Thema anti-muslimischen Rassismus auszurichten. <\/p>\n\n\n\n<p>Moderatorin Anne Chebu (hr-Fernsehen\/ZDF), fragte einleitend in die Runde, ob der anti-muslimische Rassismus in der Mehrheitsgesellschaft wahrgenommen werde. Schirin Amir Moazami, Professorin f\u00fcr Islam in Europa am Institut f\u00fcr Islamwissenschaft der Freien Universit\u00e4t Berlin, zeigte sich zum einen erfreut dar\u00fcber, dass seit einiger Zeit auch in Deutschland \u00fcber verschiedene Formen von Rassismus intensiver diskutiert werde; allerdings werde die Debatte noch verk\u00fcrzt gef\u00fchrt. Manchmal bei\u00dfe man sich in akademischen Debatten zu sehr an Fragen wie der fest, ob es \u201eanti-muslimisch\u201c oder \u201eislamophob\u201c hei\u00dfen solle. Tatsache sei, dass der Rassismus nicht nur am rechten Rand, sondern in der Mitte der Gesellschaft vorhanden sei. Saba Nur Cheema, p\u00e4dagogische Leiterin der Bildungsst\u00e4tte Anne Frank und Dozentin an der Frankfurt University of Applied Sciences, erinnerte daran, dass es bereits vor den Anschl\u00e4gen in Hanau anti-muslimischen Rassismus gegeben habe; 9\/11 sei eine Z\u00e4sur gewesen, die Buchver\u00f6ffentlichung von Thilo Sarrazin im Jahre 2011 habe den Diskurs befeuert. Im Unterschied zu anti-Schwarzem Rassismus gehe es beim anti-muslimischen Rassismus immer auch um Religion, um Kritik an Geschlechterrollen, Stichwort Kopftuch, um Antisemitismus oder um Gewaltbereitschaft.<\/p>\n\n\n\n<p>Michael Tun\u00e7, Professor f\u00fcr Soziale Arbeit in der Migrationsgesellschaft an der HAW Hamburg, sprach \u00fcber die Folgen anti-muslimischen Rassismus f\u00fcr m\u00e4nnliche Jugendliche; das Bild des \u201egef\u00e4hrlichen Islam-Machos\u201c werde immer auch im Kontext islamistischen Terrors gedacht. Muslimische M\u00e4nner w\u00fcrden meist nur als potentielle T\u00e4ter, nicht hingegen als Opfer gesehen. Dabei sei die Vielfalt in muslimischen Milieus gro\u00df, es gebe Formen moderner M\u00e4nnlichkeiten. Im Unterschied dazu habe die feministische Bewegung es bislang weitaus mehr vermocht, das Empowerment von jungen muslimischen Frauen voranzutreiben.<br>Schirin Amir Moazami sieht ein Problem darin, dass das Bild der unterw\u00fcrfigem Muslima, das sich aus einem kolonialen Kontext speise, in der Kopftuchdebatte gewisserma\u00dfen reproduziert werde; der Fragerahmen der Mehrheitsgesellschaft sei falsch gew\u00e4hlt, weder Forscher*innen noch religi\u00f6s gekleidete Frauen versp\u00fcrten noch eine Bereitschaft, auf die Frage von unterdr\u00fcckt oder emanzipiert zu antworten. Hier sei es notwendig, eine neue Blickrichtung zu w\u00e4hlen: Warum werde zum Beispiel nicht danach gefragt, was muslimische Frauen zur islamischen Ethik zu sagen haben. Auch Michael Tun\u00e7 pl\u00e4diert f\u00fcr neue Narrative; jedoch sei es f\u00fcr muslimische M\u00e4nner noch schwieriger, gegen stereotype Bilder bestimmte Widerstandspositionen zu etablieren. Einigkeit auf dem Podium bestand in der Einsch\u00e4tzung, dass es in der Mehrheitsgesellschaft den Drang zu einer \u201e\u00dcberthematisierung\u201c des Islams gebe; auch Medienmacher und politische Autorit\u00e4ten reflektierten noch zu wenig dar\u00fcber, dass alles, was suspekt sei, gleich dem islamischen Extremismus zugeordnet werde. Demgegen\u00fcber werde eine \u201edeviante M\u00e4nnlichkeit\u201c in der katholischen Kirche oder in der MeToo-Debatte weder dem Christentum zugeordnet noch kulturell begr\u00fcndet. F\u00fcr die Bildungsarbeit sei w\u00fcnschenswert, dass Kinder nicht nur mit dem allgegenw\u00e4rtigen Negativbild des Islam sozialisiert werden; positive Bilder, beispielsweise von emanzipierten Muslima, seien noch zu selten.<\/p>\n\n\n\n<p class=\"has-background\" style=\"background-color:#eeeeee\">Ein <strong>Mitschnitt<\/strong> der Podiumsdiskussion steht auf <a href=\"https:\/\/youtu.be\/u15QCbeAUCE\" target=\"_blank\" rel=\"noreferrer noopener\">YouTube<\/a> zur Verf\u00fcgung.<\/p>","protected":false},"excerpt":{"rendered":"<p>Im Rahmen der Vorlesungsreihe des Cornelia Goethe Colloquiums \u201eWhose Gender? Whose Sex? Zur Polyvalenz der Geschlechterverh\u00e4ltnisse im Islam\u201c fand am 7. Juli eine abschlie\u00dfende Podiumsdiskussion statt, in der ein \u201ekritischer [&hellip;]<\/p>\n","protected":false},"author":4,"featured_media":52168,"comment_status":"closed","ping_status":"closed","sticky":false,"template":"","format":"standard","meta":{"_eb_attr":"","_price":"","_stock":"","_tribe_ticket_header":"","_tribe_default_ticket_provider":"","_ticket_start_date":"","_ticket_end_date":"","_tribe_ticket_show_description":"","_tribe_ticket_show_not_going":false,"_tribe_ticket_use_global_stock":"","_tribe_ticket_global_stock_level":"","_global_stock_mode":"","_global_stock_cap":"","_tribe_rsvp_for_event":"","_tribe_ticket_going_count":"","_tribe_ticket_not_going_count":"","_tribe_tickets_list":"[]","_tribe_ticket_has_attendee_info_fields":false,"footnotes":""},"categories":[12],"tags":[48,61],"post_folder":[],"class_list":["post-52167","post","type-post","status-publish","format-standard","has-post-thumbnail","hentry","category-veranstaltungen","tag-gesellschaftswissenschaften","tag-islam"],"yoast_head":"<!-- This site is optimized with the Yoast SEO plugin v27.5 - https:\/\/yoast.com\/product\/yoast-seo-wordpress\/ -->\n<title>Andere Narrative erforderlich: Podiumsdiskussion zum anti-muslimischen Rassismus | Aktuelles aus der Goethe-Universit\u00e4t Frankfurt<\/title>\n<meta name=\"robots\" content=\"index, follow, max-snippet:-1, max-image-preview:large, max-video-preview:-1\" \/>\n<link rel=\"canonical\" href=\"https:\/\/aktuelles.uni-frankfurt.de\/en\/veranstaltungen\/andere-narrative-erforderlich-podiumsdiskussion-zum-anti-muslimischen-rassismus\/\" \/>\n<meta property=\"og:locale\" content=\"en_GB\" \/>\n<meta property=\"og:type\" content=\"article\" \/>\n<meta property=\"og:title\" content=\"Andere Narrative erforderlich: Podiumsdiskussion zum anti-muslimischen Rassismus | Aktuelles aus der Goethe-Universit\u00e4t Frankfurt\" \/>\n<meta property=\"og:description\" content=\"Im Rahmen der Vorlesungsreihe des Cornelia Goethe Colloquiums \u201eWhose Gender? Whose Sex? Zur Polyvalenz der Geschlechterverh\u00e4ltnisse im Islam\u201c fand am 7. Juli eine abschlie\u00dfende Podiumsdiskussion statt, in der ein \u201ekritischer [&hellip;]\" \/>\n<meta property=\"og:url\" content=\"https:\/\/aktuelles.uni-frankfurt.de\/en\/veranstaltungen\/andere-narrative-erforderlich-podiumsdiskussion-zum-anti-muslimischen-rassismus\/\" \/>\n<meta property=\"og:site_name\" content=\"Aktuelles aus der Goethe-Universit\u00e4t Frankfurt\" \/>\n<meta property=\"article:published_time\" content=\"2021-08-02T11:40:06+00:00\" \/>\n<meta property=\"og:image\" content=\"https:\/\/aktuelles.uni-frankfurt.de\/wp-content\/uploads\/2021\/08\/Beitragsbild_CGC_SoSe21.jpg\" \/>\n\t<meta property=\"og:image:width\" content=\"650\" \/>\n\t<meta property=\"og:image:height\" content=\"450\" \/>\n\t<meta property=\"og:image:type\" content=\"image\/jpeg\" \/>\n<meta name=\"author\" content=\"Dr. Dirk Frank\" \/>\n<meta name=\"twitter:card\" content=\"summary_large_image\" \/>\n<meta name=\"twitter:label1\" content=\"Written by\" \/>\n\t<meta name=\"twitter:data1\" content=\"Dr. Dirk Frank\" \/>\n\t<meta name=\"twitter:label2\" content=\"Estimated reading time\" \/>\n\t<meta name=\"twitter:data2\" content=\"3 minutes\" \/>\n<script type=\"application\/ld+json\" class=\"yoast-schema-graph\">{\"@context\":\"https:\\\/\\\/schema.org\",\"@graph\":[{\"@type\":\"Article\",\"@id\":\"https:\\\/\\\/aktuelles.uni-frankfurt.de\\\/veranstaltungen\\\/andere-narrative-erforderlich-podiumsdiskussion-zum-anti-muslimischen-rassismus\\\/#article\",\"isPartOf\":{\"@id\":\"https:\\\/\\\/aktuelles.uni-frankfurt.de\\\/veranstaltungen\\\/andere-narrative-erforderlich-podiumsdiskussion-zum-anti-muslimischen-rassismus\\\/\"},\"author\":{\"name\":\"Dr. Dirk Frank\",\"@id\":\"https:\\\/\\\/aktuelles.uni-frankfurt.de\\\/#\\\/schema\\\/person\\\/370c4588b49f66f89d917e8bd01f72b0\"},\"headline\":\"Andere Narrative erforderlich: Podiumsdiskussion zum anti-muslimischen Rassismus\",\"datePublished\":\"2021-08-02T11:40:06+00:00\",\"mainEntityOfPage\":{\"@id\":\"https:\\\/\\\/aktuelles.uni-frankfurt.de\\\/veranstaltungen\\\/andere-narrative-erforderlich-podiumsdiskussion-zum-anti-muslimischen-rassismus\\\/\"},\"wordCount\":633,\"publisher\":{\"@id\":\"https:\\\/\\\/aktuelles.uni-frankfurt.de\\\/#organization\"},\"image\":{\"@id\":\"https:\\\/\\\/aktuelles.uni-frankfurt.de\\\/veranstaltungen\\\/andere-narrative-erforderlich-podiumsdiskussion-zum-anti-muslimischen-rassismus\\\/#primaryimage\"},\"thumbnailUrl\":\"https:\\\/\\\/aktuelles.uni-frankfurt.de\\\/wp-content\\\/uploads\\\/2021\\\/08\\\/Beitragsbild_CGC_SoSe21.jpg\",\"keywords\":[\"Gesellschaftswissenschaften\",\"Islam\"],\"articleSection\":[\"Veranstaltungen\"],\"inLanguage\":\"en-GB\"},{\"@type\":\"WebPage\",\"@id\":\"https:\\\/\\\/aktuelles.uni-frankfurt.de\\\/veranstaltungen\\\/andere-narrative-erforderlich-podiumsdiskussion-zum-anti-muslimischen-rassismus\\\/\",\"url\":\"https:\\\/\\\/aktuelles.uni-frankfurt.de\\\/veranstaltungen\\\/andere-narrative-erforderlich-podiumsdiskussion-zum-anti-muslimischen-rassismus\\\/\",\"name\":\"Andere Narrative erforderlich: Podiumsdiskussion zum anti-muslimischen Rassismus | Aktuelles aus der Goethe-Universit\u00e4t Frankfurt\",\"isPartOf\":{\"@id\":\"https:\\\/\\\/aktuelles.uni-frankfurt.de\\\/#website\"},\"primaryImageOfPage\":{\"@id\":\"https:\\\/\\\/aktuelles.uni-frankfurt.de\\\/veranstaltungen\\\/andere-narrative-erforderlich-podiumsdiskussion-zum-anti-muslimischen-rassismus\\\/#primaryimage\"},\"image\":{\"@id\":\"https:\\\/\\\/aktuelles.uni-frankfurt.de\\\/veranstaltungen\\\/andere-narrative-erforderlich-podiumsdiskussion-zum-anti-muslimischen-rassismus\\\/#primaryimage\"},\"thumbnailUrl\":\"https:\\\/\\\/aktuelles.uni-frankfurt.de\\\/wp-content\\\/uploads\\\/2021\\\/08\\\/Beitragsbild_CGC_SoSe21.jpg\",\"datePublished\":\"2021-08-02T11:40:06+00:00\",\"breadcrumb\":{\"@id\":\"https:\\\/\\\/aktuelles.uni-frankfurt.de\\\/veranstaltungen\\\/andere-narrative-erforderlich-podiumsdiskussion-zum-anti-muslimischen-rassismus\\\/#breadcrumb\"},\"inLanguage\":\"en-GB\",\"potentialAction\":[{\"@type\":\"ReadAction\",\"target\":[\"https:\\\/\\\/aktuelles.uni-frankfurt.de\\\/veranstaltungen\\\/andere-narrative-erforderlich-podiumsdiskussion-zum-anti-muslimischen-rassismus\\\/\"]}]},{\"@type\":\"ImageObject\",\"inLanguage\":\"en-GB\",\"@id\":\"https:\\\/\\\/aktuelles.uni-frankfurt.de\\\/veranstaltungen\\\/andere-narrative-erforderlich-podiumsdiskussion-zum-anti-muslimischen-rassismus\\\/#primaryimage\",\"url\":\"https:\\\/\\\/aktuelles.uni-frankfurt.de\\\/wp-content\\\/uploads\\\/2021\\\/08\\\/Beitragsbild_CGC_SoSe21.jpg\",\"contentUrl\":\"https:\\\/\\\/aktuelles.uni-frankfurt.de\\\/wp-content\\\/uploads\\\/2021\\\/08\\\/Beitragsbild_CGC_SoSe21.jpg\",\"width\":650,\"height\":450},{\"@type\":\"BreadcrumbList\",\"@id\":\"https:\\\/\\\/aktuelles.uni-frankfurt.de\\\/veranstaltungen\\\/andere-narrative-erforderlich-podiumsdiskussion-zum-anti-muslimischen-rassismus\\\/#breadcrumb\",\"itemListElement\":[{\"@type\":\"ListItem\",\"position\":1,\"name\":\"Startseite\",\"item\":\"https:\\\/\\\/aktuelles.uni-frankfurt.de\\\/\"},{\"@type\":\"ListItem\",\"position\":2,\"name\":\"Andere Narrative erforderlich: Podiumsdiskussion zum anti-muslimischen Rassismus\"}]},{\"@type\":\"WebSite\",\"@id\":\"https:\\\/\\\/aktuelles.uni-frankfurt.de\\\/#website\",\"url\":\"https:\\\/\\\/aktuelles.uni-frankfurt.de\\\/\",\"name\":\"Aktuelles aus der Goethe-Universit\u00e4t Frankfurt\",\"description\":\"Aktuelles aus der Goethe-Universit\u00e4t | Neues aus Forschung, Lehre, Studium\",\"publisher\":{\"@id\":\"https:\\\/\\\/aktuelles.uni-frankfurt.de\\\/#organization\"},\"potentialAction\":[{\"@type\":\"SearchAction\",\"target\":{\"@type\":\"EntryPoint\",\"urlTemplate\":\"https:\\\/\\\/aktuelles.uni-frankfurt.de\\\/?s={search_term_string}\"},\"query-input\":{\"@type\":\"PropertyValueSpecification\",\"valueRequired\":true,\"valueName\":\"search_term_string\"}}],\"inLanguage\":\"en-GB\"},{\"@type\":\"Organization\",\"@id\":\"https:\\\/\\\/aktuelles.uni-frankfurt.de\\\/#organization\",\"name\":\"Goethe-Universit\u00e4t\",\"url\":\"https:\\\/\\\/aktuelles.uni-frankfurt.de\\\/\",\"logo\":{\"@type\":\"ImageObject\",\"inLanguage\":\"en-GB\",\"@id\":\"https:\\\/\\\/aktuelles.uni-frankfurt.de\\\/#\\\/schema\\\/logo\\\/image\\\/\",\"url\":\"https:\\\/\\\/aktuelles.uni-frankfurt.de\\\/wp-content\\\/uploads\\\/2022\\\/03\\\/800px-Goethe-Logo.png\",\"contentUrl\":\"https:\\\/\\\/aktuelles.uni-frankfurt.de\\\/wp-content\\\/uploads\\\/2022\\\/03\\\/800px-Goethe-Logo.png\",\"width\":800,\"height\":436,\"caption\":\"Goethe-Universit\u00e4t\"},\"image\":{\"@id\":\"https:\\\/\\\/aktuelles.uni-frankfurt.de\\\/#\\\/schema\\\/logo\\\/image\\\/\"}},{\"@type\":\"Person\",\"@id\":\"https:\\\/\\\/aktuelles.uni-frankfurt.de\\\/#\\\/schema\\\/person\\\/370c4588b49f66f89d917e8bd01f72b0\",\"name\":\"Dr. Dirk Frank\",\"description\":\"Dr. Dirk Frank, 49, ist seit 2012 Pressereferent an der Goethe-Universit\u00e4t. Der promovierte Literaturwissenschaftler ist stellvertretender Leiter der Abteilung Marketing und Kommunikation und f\u00fcr die Redaktion des UniReport zust\u00e4ndig.\",\"sameAs\":[\"http:\\\/\\\/aktuelles.uni-frankfurt.de\\\/\"],\"url\":\"https:\\\/\\\/aktuelles.uni-frankfurt.de\\\/en\\\/author\\\/dr-dirkfrank\\\/\"}]}<\/script>\n<!-- \/ Yoast SEO plugin. -->","yoast_head_json":{"title":"Andere Narrative erforderlich: Podiumsdiskussion zum anti-muslimischen Rassismus | Aktuelles aus der Goethe-Universit\u00e4t Frankfurt","robots":{"index":"index","follow":"follow","max-snippet":"max-snippet:-1","max-image-preview":"max-image-preview:large","max-video-preview":"max-video-preview:-1"},"canonical":"https:\/\/aktuelles.uni-frankfurt.de\/en\/veranstaltungen\/andere-narrative-erforderlich-podiumsdiskussion-zum-anti-muslimischen-rassismus\/","og_locale":"en_GB","og_type":"article","og_title":"Andere Narrative erforderlich: Podiumsdiskussion zum anti-muslimischen Rassismus | Aktuelles aus der Goethe-Universit\u00e4t Frankfurt","og_description":"Im Rahmen der Vorlesungsreihe des Cornelia Goethe Colloquiums \u201eWhose Gender? Whose Sex? Zur Polyvalenz der Geschlechterverh\u00e4ltnisse im Islam\u201c fand am 7. Juli eine abschlie\u00dfende Podiumsdiskussion statt, in der ein \u201ekritischer [&hellip;]","og_url":"https:\/\/aktuelles.uni-frankfurt.de\/en\/veranstaltungen\/andere-narrative-erforderlich-podiumsdiskussion-zum-anti-muslimischen-rassismus\/","og_site_name":"Aktuelles aus der Goethe-Universit\u00e4t Frankfurt","article_published_time":"2021-08-02T11:40:06+00:00","og_image":[{"width":650,"height":450,"url":"https:\/\/aktuelles.uni-frankfurt.de\/wp-content\/uploads\/2021\/08\/Beitragsbild_CGC_SoSe21.jpg","type":"image\/jpeg"}],"author":"Dr. Dirk Frank","twitter_card":"summary_large_image","twitter_misc":{"Written by":"Dr. Dirk Frank","Estimated reading time":"3 minutes"},"schema":{"@context":"https:\/\/schema.org","@graph":[{"@type":"Article","@id":"https:\/\/aktuelles.uni-frankfurt.de\/veranstaltungen\/andere-narrative-erforderlich-podiumsdiskussion-zum-anti-muslimischen-rassismus\/#article","isPartOf":{"@id":"https:\/\/aktuelles.uni-frankfurt.de\/veranstaltungen\/andere-narrative-erforderlich-podiumsdiskussion-zum-anti-muslimischen-rassismus\/"},"author":{"name":"Dr. Dirk Frank","@id":"https:\/\/aktuelles.uni-frankfurt.de\/#\/schema\/person\/370c4588b49f66f89d917e8bd01f72b0"},"headline":"Andere Narrative erforderlich: Podiumsdiskussion zum anti-muslimischen Rassismus","datePublished":"2021-08-02T11:40:06+00:00","mainEntityOfPage":{"@id":"https:\/\/aktuelles.uni-frankfurt.de\/veranstaltungen\/andere-narrative-erforderlich-podiumsdiskussion-zum-anti-muslimischen-rassismus\/"},"wordCount":633,"publisher":{"@id":"https:\/\/aktuelles.uni-frankfurt.de\/#organization"},"image":{"@id":"https:\/\/aktuelles.uni-frankfurt.de\/veranstaltungen\/andere-narrative-erforderlich-podiumsdiskussion-zum-anti-muslimischen-rassismus\/#primaryimage"},"thumbnailUrl":"https:\/\/aktuelles.uni-frankfurt.de\/wp-content\/uploads\/2021\/08\/Beitragsbild_CGC_SoSe21.jpg","keywords":["Gesellschaftswissenschaften","Islam"],"articleSection":["Veranstaltungen"],"inLanguage":"en-GB"},{"@type":"WebPage","@id":"https:\/\/aktuelles.uni-frankfurt.de\/veranstaltungen\/andere-narrative-erforderlich-podiumsdiskussion-zum-anti-muslimischen-rassismus\/","url":"https:\/\/aktuelles.uni-frankfurt.de\/veranstaltungen\/andere-narrative-erforderlich-podiumsdiskussion-zum-anti-muslimischen-rassismus\/","name":"Andere Narrative erforderlich: Podiumsdiskussion zum anti-muslimischen Rassismus | Aktuelles aus der Goethe-Universit\u00e4t Frankfurt","isPartOf":{"@id":"https:\/\/aktuelles.uni-frankfurt.de\/#website"},"primaryImageOfPage":{"@id":"https:\/\/aktuelles.uni-frankfurt.de\/veranstaltungen\/andere-narrative-erforderlich-podiumsdiskussion-zum-anti-muslimischen-rassismus\/#primaryimage"},"image":{"@id":"https:\/\/aktuelles.uni-frankfurt.de\/veranstaltungen\/andere-narrative-erforderlich-podiumsdiskussion-zum-anti-muslimischen-rassismus\/#primaryimage"},"thumbnailUrl":"https:\/\/aktuelles.uni-frankfurt.de\/wp-content\/uploads\/2021\/08\/Beitragsbild_CGC_SoSe21.jpg","datePublished":"2021-08-02T11:40:06+00:00","breadcrumb":{"@id":"https:\/\/aktuelles.uni-frankfurt.de\/veranstaltungen\/andere-narrative-erforderlich-podiumsdiskussion-zum-anti-muslimischen-rassismus\/#breadcrumb"},"inLanguage":"en-GB","potentialAction":[{"@type":"ReadAction","target":["https:\/\/aktuelles.uni-frankfurt.de\/veranstaltungen\/andere-narrative-erforderlich-podiumsdiskussion-zum-anti-muslimischen-rassismus\/"]}]},{"@type":"ImageObject","inLanguage":"en-GB","@id":"https:\/\/aktuelles.uni-frankfurt.de\/veranstaltungen\/andere-narrative-erforderlich-podiumsdiskussion-zum-anti-muslimischen-rassismus\/#primaryimage","url":"https:\/\/aktuelles.uni-frankfurt.de\/wp-content\/uploads\/2021\/08\/Beitragsbild_CGC_SoSe21.jpg","contentUrl":"https:\/\/aktuelles.uni-frankfurt.de\/wp-content\/uploads\/2021\/08\/Beitragsbild_CGC_SoSe21.jpg","width":650,"height":450},{"@type":"BreadcrumbList","@id":"https:\/\/aktuelles.uni-frankfurt.de\/veranstaltungen\/andere-narrative-erforderlich-podiumsdiskussion-zum-anti-muslimischen-rassismus\/#breadcrumb","itemListElement":[{"@type":"ListItem","position":1,"name":"Startseite","item":"https:\/\/aktuelles.uni-frankfurt.de\/"},{"@type":"ListItem","position":2,"name":"Andere Narrative erforderlich: Podiumsdiskussion zum anti-muslimischen Rassismus"}]},{"@type":"WebSite","@id":"https:\/\/aktuelles.uni-frankfurt.de\/#website","url":"https:\/\/aktuelles.uni-frankfurt.de\/","name":"Aktuelles aus der Goethe-Universit\u00e4t Frankfurt","description":"Aktuelles aus der Goethe-Universit\u00e4t | Neues aus Forschung, Lehre, Studium","publisher":{"@id":"https:\/\/aktuelles.uni-frankfurt.de\/#organization"},"potentialAction":[{"@type":"SearchAction","target":{"@type":"EntryPoint","urlTemplate":"https:\/\/aktuelles.uni-frankfurt.de\/?s={search_term_string}"},"query-input":{"@type":"PropertyValueSpecification","valueRequired":true,"valueName":"search_term_string"}}],"inLanguage":"en-GB"},{"@type":"Organization","@id":"https:\/\/aktuelles.uni-frankfurt.de\/#organization","name":"Goethe University Frankfurt","url":"https:\/\/aktuelles.uni-frankfurt.de\/","logo":{"@type":"ImageObject","inLanguage":"en-GB","@id":"https:\/\/aktuelles.uni-frankfurt.de\/#\/schema\/logo\/image\/","url":"https:\/\/aktuelles.uni-frankfurt.de\/wp-content\/uploads\/2022\/03\/800px-Goethe-Logo.png","contentUrl":"https:\/\/aktuelles.uni-frankfurt.de\/wp-content\/uploads\/2022\/03\/800px-Goethe-Logo.png","width":800,"height":436,"caption":"Goethe-Universit\u00e4t"},"image":{"@id":"https:\/\/aktuelles.uni-frankfurt.de\/#\/schema\/logo\/image\/"}},{"@type":"Person","@id":"https:\/\/aktuelles.uni-frankfurt.de\/#\/schema\/person\/370c4588b49f66f89d917e8bd01f72b0","name":"Dr. Dirk Frank","description":"Dr. Dirk Frank, 49, ist seit 2012 Pressereferent an der Goethe-Universit\u00e4t. Der promovierte Literaturwissenschaftler ist stellvertretender Leiter der Abteilung Marketing und Kommunikation und f\u00fcr die Redaktion des UniReport zust\u00e4ndig.","sameAs":["http:\/\/aktuelles.uni-frankfurt.de\/"],"url":"https:\/\/aktuelles.uni-frankfurt.de\/en\/author\/dr-dirkfrank\/"}]}},"_links":{"self":[{"href":"https:\/\/aktuelles.uni-frankfurt.de\/en\/wp-json\/wp\/v2\/posts\/52167","targetHints":{"allow":["GET"]}}],"collection":[{"href":"https:\/\/aktuelles.uni-frankfurt.de\/en\/wp-json\/wp\/v2\/posts"}],"about":[{"href":"https:\/\/aktuelles.uni-frankfurt.de\/en\/wp-json\/wp\/v2\/types\/post"}],"author":[{"embeddable":true,"href":"https:\/\/aktuelles.uni-frankfurt.de\/en\/wp-json\/wp\/v2\/users\/4"}],"replies":[{"embeddable":true,"href":"https:\/\/aktuelles.uni-frankfurt.de\/en\/wp-json\/wp\/v2\/comments?post=52167"}],"version-history":[{"count":0,"href":"https:\/\/aktuelles.uni-frankfurt.de\/en\/wp-json\/wp\/v2\/posts\/52167\/revisions"}],"wp:featuredmedia":[{"embeddable":true,"href":"https:\/\/aktuelles.uni-frankfurt.de\/en\/wp-json\/wp\/v2\/media\/52168"}],"wp:attachment":[{"href":"https:\/\/aktuelles.uni-frankfurt.de\/en\/wp-json\/wp\/v2\/media?parent=52167"}],"wp:term":[{"taxonomy":"category","embeddable":true,"href":"https:\/\/aktuelles.uni-frankfurt.de\/en\/wp-json\/wp\/v2\/categories?post=52167"},{"taxonomy":"post_tag","embeddable":true,"href":"https:\/\/aktuelles.uni-frankfurt.de\/en\/wp-json\/wp\/v2\/tags?post=52167"},{"taxonomy":"post_folder","embeddable":true,"href":"https:\/\/aktuelles.uni-frankfurt.de\/en\/wp-json\/wp\/v2\/post_folder?post=52167"}],"curies":[{"name":"wp","href":"https:\/\/api.w.org\/{rel}","templated":true}]}}