{"id":52354,"date":"2021-08-25T15:32:17","date_gmt":"2021-08-25T13:32:17","guid":{"rendered":"https:\/\/aktuelles.uni-frankfurt.de\/?p=52354"},"modified":"2021-08-25T15:32:17","modified_gmt":"2021-08-25T13:32:17","slug":"deutscher-studienpreis-fuer-frankfurter-sozialwissenschaftlerin","status":"publish","type":"post","link":"https:\/\/aktuelles.uni-frankfurt.de\/en\/forschung\/deutscher-studienpreis-fuer-frankfurter-sozialwissenschaftlerin\/","title":{"rendered":"Deutscher Studienpreis f\u00fcr Frankfurter Sozialwissenschaftlerin"},"content":{"rendered":"<div class=\"wp-block-image\"><figure class=\"aligncenter size-large\"><a href=\"https:\/\/aktuelles.uni-frankfurt.de\/wp-content\/uploads\/2021\/08\/Beitragsbild_Rossow_Koerber-Stiftung.jpg\"><img fetchpriority=\"high\" decoding=\"async\" width=\"650\" height=\"450\" src=\"https:\/\/aktuelles.uni-frankfurt.de\/wp-content\/uploads\/2021\/08\/Beitragsbild_Rossow_Koerber-Stiftung.jpg\" alt=\"\" class=\"wp-image-52355\" srcset=\"https:\/\/aktuelles.uni-frankfurt.de\/wp-content\/uploads\/2021\/08\/Beitragsbild_Rossow_Koerber-Stiftung.jpg 650w, https:\/\/aktuelles.uni-frankfurt.de\/wp-content\/uploads\/2021\/08\/Beitragsbild_Rossow_Koerber-Stiftung-300x208.jpg 300w\" sizes=\"(max-width: 650px) 100vw, 650px\" \/><\/a><\/figure><\/div>\n\n\n\n<p>Die Sozialwissenschaftlerin Dr. Verena Rossow vom Institut f\u00fcr Arbeit, Wirtschaft und Kultur (IWAK) der Goethe-Universit\u00e4t erh\u00e4lt den Deutschen Studienpreis 2021 der K\u00f6rber-Stiftung f\u00fcr ihre Doktorarbeit \u00fcber die Arbeitsverh\u00e4ltnisse in der 24-Stunden-Pflege. Der renommierte Preis ist mit 25.000 Euro dotiert.<\/p>\n\n\n\n<p>In mehr als 160.000 Haushalten in Deutschland werden Menschen rund um die Uhr gepflegt &#8211; Tendenz steigend. Oft sind damit so genannte \u201eLive-ins\u201c betraut, die mit den Familien im Haus oder in der Wohnung leben und rund um die Uhr zur Verf\u00fcgung stehen. Diese Pflegekr\u00e4fte kommen in den meisten F\u00e4llen aus Osteuropa. Dr. Verena Rossow hat die Situation und die Sichtweisen der Angeh\u00f6rigen in ihrer an der Universit\u00e4t Duisburg-Essen entstandenen Dissertation untersucht. In Interviews hat sie zu ergr\u00fcnden versucht, was dieses sehr pers\u00f6nliche Arbeitsverh\u00e4ltnis f\u00fcr sie bedeutet. Und sie macht deutlich, was sich in unserem Gesundheitssystem \u00e4ndern muss.<\/p>\n\n\n\n<p>Der Deutsche Studienpreis ist eine der h\u00f6chstdotierten Auszeichnungen f\u00fcr Nachwuchsforschende in Deutschland. F\u00fcr exzellente Dissertationen von besonderer gesellschaftlicher Bedeutung vergibt die K\u00f6rber-Stiftung Preise in den Sektionen Sozialwissenschaften, Natur- und Technikwissenschaften sowie Geistes- und Kulturwissenschaften.<\/p>\n\n\n\n<p>Weitere Informationen finden Sie auf der <a rel=\"noreferrer noopener\" href=\"https:\/\/www.koerber-stiftung.de\/24-stunden-pflege-hiv-antikoerper-und-pandemien-koerber-stiftung-zeichnet-exzellente-doktorarbeiten-aus-2415\" target=\"_blank\">Website der K\u00f6rber-Stifung<\/a>.<\/p>","protected":false},"excerpt":{"rendered":"<p>Die Sozialwissenschaftlerin Dr. Verena Rossow vom Institut f\u00fcr Arbeit, Wirtschaft und Kultur (IWAK) der Goethe-Universit\u00e4t erh\u00e4lt den Deutschen Studienpreis 2021 der K\u00f6rber-Stiftung f\u00fcr ihre Doktorarbeit \u00fcber die Arbeitsverh\u00e4ltnisse in der [&hellip;]<\/p>\n","protected":false},"author":8,"featured_media":52355,"comment_status":"closed","ping_status":"closed","sticky":false,"template":"","format":"standard","meta":{"_eb_attr":"","_price":"","_stock":"","_tribe_ticket_header":"","_tribe_default_ticket_provider":"","_ticket_start_date":"","_ticket_end_date":"","_tribe_ticket_show_description":"","_tribe_ticket_show_not_going":false,"_tribe_ticket_use_global_stock":"","_tribe_ticket_global_stock_level":"","_global_stock_mode":"","_global_stock_cap":"","_tribe_rsvp_for_event":"","_tribe_ticket_going_count":"","_tribe_ticket_not_going_count":"","_tribe_tickets_list":"[]","_tribe_ticket_has_attendee_info_fields":false,"footnotes":""},"categories":[3],"tags":[76,103],"post_folder":[],"class_list":["post-52354","post","type-post","status-publish","format-standard","has-post-thumbnail","hentry","category-forschung","tag-preise","tag-sozialwissenschaften"],"yoast_head":"<!-- This site is optimized with the Yoast SEO plugin v27.5 - https:\/\/yoast.com\/product\/yoast-seo-wordpress\/ -->\n<title>Deutscher Studienpreis f\u00fcr Frankfurter Sozialwissenschaftlerin | Aktuelles aus der Goethe-Universit\u00e4t Frankfurt<\/title>\n<meta name=\"robots\" content=\"index, follow, max-snippet:-1, max-image-preview:large, max-video-preview:-1\" \/>\n<link rel=\"canonical\" href=\"https:\/\/aktuelles.uni-frankfurt.de\/en\/forschung\/deutscher-studienpreis-fuer-frankfurter-sozialwissenschaftlerin\/\" \/>\n<meta property=\"og:locale\" content=\"en_GB\" \/>\n<meta property=\"og:type\" content=\"article\" \/>\n<meta property=\"og:title\" content=\"Deutscher Studienpreis f\u00fcr Frankfurter Sozialwissenschaftlerin | Aktuelles aus der Goethe-Universit\u00e4t Frankfurt\" \/>\n<meta property=\"og:description\" content=\"Die Sozialwissenschaftlerin Dr. Verena Rossow vom Institut f\u00fcr Arbeit, Wirtschaft und Kultur (IWAK) der Goethe-Universit\u00e4t erh\u00e4lt den Deutschen Studienpreis 2021 der K\u00f6rber-Stiftung f\u00fcr ihre Doktorarbeit \u00fcber die Arbeitsverh\u00e4ltnisse in der [&hellip;]\" \/>\n<meta property=\"og:url\" content=\"https:\/\/aktuelles.uni-frankfurt.de\/en\/forschung\/deutscher-studienpreis-fuer-frankfurter-sozialwissenschaftlerin\/\" \/>\n<meta property=\"og:site_name\" content=\"Aktuelles aus der Goethe-Universit\u00e4t Frankfurt\" \/>\n<meta property=\"article:published_time\" content=\"2021-08-25T13:32:17+00:00\" \/>\n<meta property=\"og:image\" content=\"https:\/\/aktuelles.uni-frankfurt.de\/wp-content\/uploads\/2021\/08\/Beitragsbild_Rossow_Koerber-Stiftung.jpg\" \/>\n\t<meta property=\"og:image:width\" content=\"650\" \/>\n\t<meta property=\"og:image:height\" content=\"450\" \/>\n\t<meta property=\"og:image:type\" content=\"image\/jpeg\" \/>\n<meta name=\"author\" content=\"-\" \/>\n<meta name=\"twitter:card\" content=\"summary_large_image\" \/>\n<meta name=\"twitter:label1\" content=\"Written by\" \/>\n\t<meta name=\"twitter:data1\" content=\"-\" \/>\n\t<meta name=\"twitter:label2\" content=\"Estimated reading time\" \/>\n\t<meta name=\"twitter:data2\" content=\"1 minute\" \/>\n<script type=\"application\/ld+json\" class=\"yoast-schema-graph\">{\"@context\":\"https:\\\/\\\/schema.org\",\"@graph\":[{\"@type\":\"Article\",\"@id\":\"https:\\\/\\\/aktuelles.uni-frankfurt.de\\\/forschung\\\/deutscher-studienpreis-fuer-frankfurter-sozialwissenschaftlerin\\\/#article\",\"isPartOf\":{\"@id\":\"https:\\\/\\\/aktuelles.uni-frankfurt.de\\\/forschung\\\/deutscher-studienpreis-fuer-frankfurter-sozialwissenschaftlerin\\\/\"},\"author\":{\"name\":\"-\",\"@id\":\"https:\\\/\\\/aktuelles.uni-frankfurt.de\\\/#\\\/schema\\\/person\\\/8e55ea338fb65d1ce87a91565d1f1739\"},\"headline\":\"Deutscher Studienpreis f\u00fcr Frankfurter Sozialwissenschaftlerin\",\"datePublished\":\"2021-08-25T13:32:17+00:00\",\"mainEntityOfPage\":{\"@id\":\"https:\\\/\\\/aktuelles.uni-frankfurt.de\\\/forschung\\\/deutscher-studienpreis-fuer-frankfurter-sozialwissenschaftlerin\\\/\"},\"wordCount\":203,\"publisher\":{\"@id\":\"https:\\\/\\\/aktuelles.uni-frankfurt.de\\\/#organization\"},\"image\":{\"@id\":\"https:\\\/\\\/aktuelles.uni-frankfurt.de\\\/forschung\\\/deutscher-studienpreis-fuer-frankfurter-sozialwissenschaftlerin\\\/#primaryimage\"},\"thumbnailUrl\":\"https:\\\/\\\/aktuelles.uni-frankfurt.de\\\/wp-content\\\/uploads\\\/2021\\\/08\\\/Beitragsbild_Rossow_Koerber-Stiftung.jpg\",\"keywords\":[\"Preise\",\"Sozialwissenschaften\"],\"articleSection\":[\"Forschung\"],\"inLanguage\":\"en-GB\"},{\"@type\":\"WebPage\",\"@id\":\"https:\\\/\\\/aktuelles.uni-frankfurt.de\\\/forschung\\\/deutscher-studienpreis-fuer-frankfurter-sozialwissenschaftlerin\\\/\",\"url\":\"https:\\\/\\\/aktuelles.uni-frankfurt.de\\\/forschung\\\/deutscher-studienpreis-fuer-frankfurter-sozialwissenschaftlerin\\\/\",\"name\":\"Deutscher Studienpreis f\u00fcr Frankfurter Sozialwissenschaftlerin | Aktuelles aus der Goethe-Universit\u00e4t Frankfurt\",\"isPartOf\":{\"@id\":\"https:\\\/\\\/aktuelles.uni-frankfurt.de\\\/#website\"},\"primaryImageOfPage\":{\"@id\":\"https:\\\/\\\/aktuelles.uni-frankfurt.de\\\/forschung\\\/deutscher-studienpreis-fuer-frankfurter-sozialwissenschaftlerin\\\/#primaryimage\"},\"image\":{\"@id\":\"https:\\\/\\\/aktuelles.uni-frankfurt.de\\\/forschung\\\/deutscher-studienpreis-fuer-frankfurter-sozialwissenschaftlerin\\\/#primaryimage\"},\"thumbnailUrl\":\"https:\\\/\\\/aktuelles.uni-frankfurt.de\\\/wp-content\\\/uploads\\\/2021\\\/08\\\/Beitragsbild_Rossow_Koerber-Stiftung.jpg\",\"datePublished\":\"2021-08-25T13:32:17+00:00\",\"breadcrumb\":{\"@id\":\"https:\\\/\\\/aktuelles.uni-frankfurt.de\\\/forschung\\\/deutscher-studienpreis-fuer-frankfurter-sozialwissenschaftlerin\\\/#breadcrumb\"},\"inLanguage\":\"en-GB\",\"potentialAction\":[{\"@type\":\"ReadAction\",\"target\":[\"https:\\\/\\\/aktuelles.uni-frankfurt.de\\\/forschung\\\/deutscher-studienpreis-fuer-frankfurter-sozialwissenschaftlerin\\\/\"]}]},{\"@type\":\"ImageObject\",\"inLanguage\":\"en-GB\",\"@id\":\"https:\\\/\\\/aktuelles.uni-frankfurt.de\\\/forschung\\\/deutscher-studienpreis-fuer-frankfurter-sozialwissenschaftlerin\\\/#primaryimage\",\"url\":\"https:\\\/\\\/aktuelles.uni-frankfurt.de\\\/wp-content\\\/uploads\\\/2021\\\/08\\\/Beitragsbild_Rossow_Koerber-Stiftung.jpg\",\"contentUrl\":\"https:\\\/\\\/aktuelles.uni-frankfurt.de\\\/wp-content\\\/uploads\\\/2021\\\/08\\\/Beitragsbild_Rossow_Koerber-Stiftung.jpg\",\"width\":650,\"height\":450},{\"@type\":\"BreadcrumbList\",\"@id\":\"https:\\\/\\\/aktuelles.uni-frankfurt.de\\\/forschung\\\/deutscher-studienpreis-fuer-frankfurter-sozialwissenschaftlerin\\\/#breadcrumb\",\"itemListElement\":[{\"@type\":\"ListItem\",\"position\":1,\"name\":\"Startseite\",\"item\":\"https:\\\/\\\/aktuelles.uni-frankfurt.de\\\/\"},{\"@type\":\"ListItem\",\"position\":2,\"name\":\"Deutscher Studienpreis f\u00fcr Frankfurter Sozialwissenschaftlerin\"}]},{\"@type\":\"WebSite\",\"@id\":\"https:\\\/\\\/aktuelles.uni-frankfurt.de\\\/#website\",\"url\":\"https:\\\/\\\/aktuelles.uni-frankfurt.de\\\/\",\"name\":\"Aktuelles aus der Goethe-Universit\u00e4t Frankfurt\",\"description\":\"Aktuelles aus der Goethe-Universit\u00e4t | Neues aus Forschung, Lehre, Studium\",\"publisher\":{\"@id\":\"https:\\\/\\\/aktuelles.uni-frankfurt.de\\\/#organization\"},\"potentialAction\":[{\"@type\":\"SearchAction\",\"target\":{\"@type\":\"EntryPoint\",\"urlTemplate\":\"https:\\\/\\\/aktuelles.uni-frankfurt.de\\\/?s={search_term_string}\"},\"query-input\":{\"@type\":\"PropertyValueSpecification\",\"valueRequired\":true,\"valueName\":\"search_term_string\"}}],\"inLanguage\":\"en-GB\"},{\"@type\":\"Organization\",\"@id\":\"https:\\\/\\\/aktuelles.uni-frankfurt.de\\\/#organization\",\"name\":\"Goethe-Universit\u00e4t\",\"url\":\"https:\\\/\\\/aktuelles.uni-frankfurt.de\\\/\",\"logo\":{\"@type\":\"ImageObject\",\"inLanguage\":\"en-GB\",\"@id\":\"https:\\\/\\\/aktuelles.uni-frankfurt.de\\\/#\\\/schema\\\/logo\\\/image\\\/\",\"url\":\"https:\\\/\\\/aktuelles.uni-frankfurt.de\\\/wp-content\\\/uploads\\\/2022\\\/03\\\/800px-Goethe-Logo.png\",\"contentUrl\":\"https:\\\/\\\/aktuelles.uni-frankfurt.de\\\/wp-content\\\/uploads\\\/2022\\\/03\\\/800px-Goethe-Logo.png\",\"width\":800,\"height\":436,\"caption\":\"Goethe-Universit\u00e4t\"},\"image\":{\"@id\":\"https:\\\/\\\/aktuelles.uni-frankfurt.de\\\/#\\\/schema\\\/logo\\\/image\\\/\"}},{\"@type\":\"Person\",\"@id\":\"https:\\\/\\\/aktuelles.uni-frankfurt.de\\\/#\\\/schema\\\/person\\\/8e55ea338fb65d1ce87a91565d1f1739\",\"name\":\"-\",\"description\":\"Dieser Beitrag wurde von der Online-Redaktion ver\u00f6ffentlicht. Wenn der Beitrag von einem Gastautoren verfasst wurde, findet sich dieser Hinweis am Ende des jeweiligen Artikels.\",\"sameAs\":[\"http:\\\/\\\/aktuelles.uni-frankfurt.de\\\/autoren\"],\"url\":\"https:\\\/\\\/aktuelles.uni-frankfurt.de\\\/en\\\/author\\\/redaktion\\\/\"}]}<\/script>\n<!-- \/ Yoast SEO plugin. -->","yoast_head_json":{"title":"Deutscher Studienpreis f\u00fcr Frankfurter Sozialwissenschaftlerin | Aktuelles aus der Goethe-Universit\u00e4t Frankfurt","robots":{"index":"index","follow":"follow","max-snippet":"max-snippet:-1","max-image-preview":"max-image-preview:large","max-video-preview":"max-video-preview:-1"},"canonical":"https:\/\/aktuelles.uni-frankfurt.de\/en\/forschung\/deutscher-studienpreis-fuer-frankfurter-sozialwissenschaftlerin\/","og_locale":"en_GB","og_type":"article","og_title":"Deutscher Studienpreis f\u00fcr Frankfurter Sozialwissenschaftlerin | Aktuelles aus der Goethe-Universit\u00e4t Frankfurt","og_description":"Die Sozialwissenschaftlerin Dr. Verena Rossow vom Institut f\u00fcr Arbeit, Wirtschaft und Kultur (IWAK) der Goethe-Universit\u00e4t erh\u00e4lt den Deutschen Studienpreis 2021 der K\u00f6rber-Stiftung f\u00fcr ihre Doktorarbeit \u00fcber die Arbeitsverh\u00e4ltnisse in der [&hellip;]","og_url":"https:\/\/aktuelles.uni-frankfurt.de\/en\/forschung\/deutscher-studienpreis-fuer-frankfurter-sozialwissenschaftlerin\/","og_site_name":"Aktuelles aus der Goethe-Universit\u00e4t Frankfurt","article_published_time":"2021-08-25T13:32:17+00:00","og_image":[{"width":650,"height":450,"url":"https:\/\/aktuelles.uni-frankfurt.de\/wp-content\/uploads\/2021\/08\/Beitragsbild_Rossow_Koerber-Stiftung.jpg","type":"image\/jpeg"}],"author":"-","twitter_card":"summary_large_image","twitter_misc":{"Written by":"-","Estimated reading time":"1 minute"},"schema":{"@context":"https:\/\/schema.org","@graph":[{"@type":"Article","@id":"https:\/\/aktuelles.uni-frankfurt.de\/forschung\/deutscher-studienpreis-fuer-frankfurter-sozialwissenschaftlerin\/#article","isPartOf":{"@id":"https:\/\/aktuelles.uni-frankfurt.de\/forschung\/deutscher-studienpreis-fuer-frankfurter-sozialwissenschaftlerin\/"},"author":{"name":"-","@id":"https:\/\/aktuelles.uni-frankfurt.de\/#\/schema\/person\/8e55ea338fb65d1ce87a91565d1f1739"},"headline":"Deutscher Studienpreis f\u00fcr Frankfurter Sozialwissenschaftlerin","datePublished":"2021-08-25T13:32:17+00:00","mainEntityOfPage":{"@id":"https:\/\/aktuelles.uni-frankfurt.de\/forschung\/deutscher-studienpreis-fuer-frankfurter-sozialwissenschaftlerin\/"},"wordCount":203,"publisher":{"@id":"https:\/\/aktuelles.uni-frankfurt.de\/#organization"},"image":{"@id":"https:\/\/aktuelles.uni-frankfurt.de\/forschung\/deutscher-studienpreis-fuer-frankfurter-sozialwissenschaftlerin\/#primaryimage"},"thumbnailUrl":"https:\/\/aktuelles.uni-frankfurt.de\/wp-content\/uploads\/2021\/08\/Beitragsbild_Rossow_Koerber-Stiftung.jpg","keywords":["Preise","Sozialwissenschaften"],"articleSection":["Forschung"],"inLanguage":"en-GB"},{"@type":"WebPage","@id":"https:\/\/aktuelles.uni-frankfurt.de\/forschung\/deutscher-studienpreis-fuer-frankfurter-sozialwissenschaftlerin\/","url":"https:\/\/aktuelles.uni-frankfurt.de\/forschung\/deutscher-studienpreis-fuer-frankfurter-sozialwissenschaftlerin\/","name":"Deutscher Studienpreis f\u00fcr Frankfurter Sozialwissenschaftlerin | Aktuelles aus der Goethe-Universit\u00e4t Frankfurt","isPartOf":{"@id":"https:\/\/aktuelles.uni-frankfurt.de\/#website"},"primaryImageOfPage":{"@id":"https:\/\/aktuelles.uni-frankfurt.de\/forschung\/deutscher-studienpreis-fuer-frankfurter-sozialwissenschaftlerin\/#primaryimage"},"image":{"@id":"https:\/\/aktuelles.uni-frankfurt.de\/forschung\/deutscher-studienpreis-fuer-frankfurter-sozialwissenschaftlerin\/#primaryimage"},"thumbnailUrl":"https:\/\/aktuelles.uni-frankfurt.de\/wp-content\/uploads\/2021\/08\/Beitragsbild_Rossow_Koerber-Stiftung.jpg","datePublished":"2021-08-25T13:32:17+00:00","breadcrumb":{"@id":"https:\/\/aktuelles.uni-frankfurt.de\/forschung\/deutscher-studienpreis-fuer-frankfurter-sozialwissenschaftlerin\/#breadcrumb"},"inLanguage":"en-GB","potentialAction":[{"@type":"ReadAction","target":["https:\/\/aktuelles.uni-frankfurt.de\/forschung\/deutscher-studienpreis-fuer-frankfurter-sozialwissenschaftlerin\/"]}]},{"@type":"ImageObject","inLanguage":"en-GB","@id":"https:\/\/aktuelles.uni-frankfurt.de\/forschung\/deutscher-studienpreis-fuer-frankfurter-sozialwissenschaftlerin\/#primaryimage","url":"https:\/\/aktuelles.uni-frankfurt.de\/wp-content\/uploads\/2021\/08\/Beitragsbild_Rossow_Koerber-Stiftung.jpg","contentUrl":"https:\/\/aktuelles.uni-frankfurt.de\/wp-content\/uploads\/2021\/08\/Beitragsbild_Rossow_Koerber-Stiftung.jpg","width":650,"height":450},{"@type":"BreadcrumbList","@id":"https:\/\/aktuelles.uni-frankfurt.de\/forschung\/deutscher-studienpreis-fuer-frankfurter-sozialwissenschaftlerin\/#breadcrumb","itemListElement":[{"@type":"ListItem","position":1,"name":"Startseite","item":"https:\/\/aktuelles.uni-frankfurt.de\/"},{"@type":"ListItem","position":2,"name":"Deutscher Studienpreis f\u00fcr Frankfurter Sozialwissenschaftlerin"}]},{"@type":"WebSite","@id":"https:\/\/aktuelles.uni-frankfurt.de\/#website","url":"https:\/\/aktuelles.uni-frankfurt.de\/","name":"Aktuelles aus der Goethe-Universit\u00e4t Frankfurt","description":"Aktuelles aus der Goethe-Universit\u00e4t | Neues aus Forschung, Lehre, Studium","publisher":{"@id":"https:\/\/aktuelles.uni-frankfurt.de\/#organization"},"potentialAction":[{"@type":"SearchAction","target":{"@type":"EntryPoint","urlTemplate":"https:\/\/aktuelles.uni-frankfurt.de\/?s={search_term_string}"},"query-input":{"@type":"PropertyValueSpecification","valueRequired":true,"valueName":"search_term_string"}}],"inLanguage":"en-GB"},{"@type":"Organization","@id":"https:\/\/aktuelles.uni-frankfurt.de\/#organization","name":"Goethe University Frankfurt","url":"https:\/\/aktuelles.uni-frankfurt.de\/","logo":{"@type":"ImageObject","inLanguage":"en-GB","@id":"https:\/\/aktuelles.uni-frankfurt.de\/#\/schema\/logo\/image\/","url":"https:\/\/aktuelles.uni-frankfurt.de\/wp-content\/uploads\/2022\/03\/800px-Goethe-Logo.png","contentUrl":"https:\/\/aktuelles.uni-frankfurt.de\/wp-content\/uploads\/2022\/03\/800px-Goethe-Logo.png","width":800,"height":436,"caption":"Goethe-Universit\u00e4t"},"image":{"@id":"https:\/\/aktuelles.uni-frankfurt.de\/#\/schema\/logo\/image\/"}},{"@type":"Person","@id":"https:\/\/aktuelles.uni-frankfurt.de\/#\/schema\/person\/8e55ea338fb65d1ce87a91565d1f1739","name":"-","description":"Dieser Beitrag wurde von der Online-Redaktion ver\u00f6ffentlicht. Wenn der Beitrag von einem Gastautoren verfasst wurde, findet sich dieser Hinweis am Ende des jeweiligen Artikels.","sameAs":["http:\/\/aktuelles.uni-frankfurt.de\/autoren"],"url":"https:\/\/aktuelles.uni-frankfurt.de\/en\/author\/redaktion\/"}]}},"_links":{"self":[{"href":"https:\/\/aktuelles.uni-frankfurt.de\/en\/wp-json\/wp\/v2\/posts\/52354","targetHints":{"allow":["GET"]}}],"collection":[{"href":"https:\/\/aktuelles.uni-frankfurt.de\/en\/wp-json\/wp\/v2\/posts"}],"about":[{"href":"https:\/\/aktuelles.uni-frankfurt.de\/en\/wp-json\/wp\/v2\/types\/post"}],"author":[{"embeddable":true,"href":"https:\/\/aktuelles.uni-frankfurt.de\/en\/wp-json\/wp\/v2\/users\/8"}],"replies":[{"embeddable":true,"href":"https:\/\/aktuelles.uni-frankfurt.de\/en\/wp-json\/wp\/v2\/comments?post=52354"}],"version-history":[{"count":0,"href":"https:\/\/aktuelles.uni-frankfurt.de\/en\/wp-json\/wp\/v2\/posts\/52354\/revisions"}],"wp:featuredmedia":[{"embeddable":true,"href":"https:\/\/aktuelles.uni-frankfurt.de\/en\/wp-json\/wp\/v2\/media\/52355"}],"wp:attachment":[{"href":"https:\/\/aktuelles.uni-frankfurt.de\/en\/wp-json\/wp\/v2\/media?parent=52354"}],"wp:term":[{"taxonomy":"category","embeddable":true,"href":"https:\/\/aktuelles.uni-frankfurt.de\/en\/wp-json\/wp\/v2\/categories?post=52354"},{"taxonomy":"post_tag","embeddable":true,"href":"https:\/\/aktuelles.uni-frankfurt.de\/en\/wp-json\/wp\/v2\/tags?post=52354"},{"taxonomy":"post_folder","embeddable":true,"href":"https:\/\/aktuelles.uni-frankfurt.de\/en\/wp-json\/wp\/v2\/post_folder?post=52354"}],"curies":[{"name":"wp","href":"https:\/\/api.w.org\/{rel}","templated":true}]}}