{"id":5376,"date":"2015-12-31T11:53:41","date_gmt":"2015-12-31T10:53:41","guid":{"rendered":"http:\/\/aktuelles.uni-frankfurt.de\/?p=5376"},"modified":"2016-04-26T10:17:43","modified_gmt":"2016-04-26T08:17:43","slug":"fragen-an-jan-peter-eichhorn","status":"publish","type":"post","link":"https:\/\/aktuelles.uni-frankfurt.de\/en\/menschen\/fragen-an-jan-peter-eichhorn\/","title":{"rendered":"Fragen an Jan-Peter Eichhorn"},"content":{"rendered":"<figure id=\"attachment_6443\" aria-describedby=\"caption-attachment-6443\" style=\"width: 225px\" class=\"wp-caption alignleft\"><img decoding=\"async\" class=\"wp-image-6443\" src=\"https:\/\/aktuelles.uni-frankfurt.de\/wp-content\/uploads\/2015\/12\/blog_alumni-portraet-jan-peter-eichhorn-300x208.jpg\" alt=\"Dr. Jan-Peter Eichhorn; Foto: IHK\" width=\"225\" height=\"156\" srcset=\"https:\/\/aktuelles.uni-frankfurt.de\/wp-content\/uploads\/2015\/12\/blog_alumni-portraet-jan-peter-eichhorn-300x208.jpg 300w, https:\/\/aktuelles.uni-frankfurt.de\/wp-content\/uploads\/2015\/12\/blog_alumni-portraet-jan-peter-eichhorn.jpg 650w\" sizes=\"(max-width: 225px) 100vw, 225px\" \/><figcaption id=\"caption-attachment-6443\" class=\"wp-caption-text\">Dr. Jan-Peter Eichhorn; Foto: IHK<\/figcaption><\/figure>\n<p><em><strong>Welches Ereignis Ihrer Studienzeit ist Ihnen in besonderer Erinnerung geblieben?<\/strong> <\/em><\/p>\n<p>Ich sage nur Mathe I \u2013 Prof. Ohse, der Gnadenlose. Glatte 5 im ersten Versuch, 4- im zweiten. Ich sollte vielleicht noch dazu erkl\u00e4ren, dass ich dem zweiten Abi-Jahrgang nach der Oberstufenreform entstamme. Wir konnten Mathe bereits in der 11. f\u00fcr immer abw\u00e4hlen. F\u00fcr einen k\u00fcnftigen Betriebswirt keine gute Idee, es r\u00e4chte sich prompt.<\/p>\n<p><em><strong>Sie kochen gerne. M\u00f6chten Sie einen Kommentar zu Ihren Mensaerfahrungen abgeben?<\/strong> <\/em><\/p>\n<p>Lassen Sie es mich vorsichtig formulieren: Zwischen meiner Freude daran, selbst zu kochen, und der Qualit\u00e4t des Essens in der damaligen Mensa besteht ein direkter Zusammenhang \u2013 auch in dieser Beziehung hat mir die Uni also f\u00fcr den sp\u00e4teren Beruf geholfen. Die Kr\u00f6nung war f\u00fcr mich damals die S\u00e4ttigungsbeilage aus Dosenerbsen mit Dosenkarotten. Ein beliebtes Spiel war damals, zu versuchen am Geschmack zu erkennen, ob man gerade eher M\u00f6hren oder Erbsen auf der Gabel hatte, aber das hatte nichts mit Geschmack zu tun \u2013 das war ein reines Gl\u00fccksspiel.<\/p>\n<p><em><strong>Wo trafen Sie sich mit Ihren KommilitonInnen au\u00dferhalb der Universit\u00e4tsveranstaltungen?<\/strong><\/em><\/p>\n<p>Caf\u00e9 Bauer, Batschkapp, Music Hall, Dorian Gray \u2013 aber leider nicht allzu oft. Ich hatte ja neben der Uni noch eine kleine Nebenbesch\u00e4ftigung \u2013 die eigene Firma.<\/p>\n<p><em><strong>Was war Ihr wichtigster akademischer oder beruflicher Erfolg?<\/strong> <\/em><\/p>\n<p>Das klingt jetzt nicht wirklich originell, aber der gr\u00f6\u00dfte Erfolg f\u00fcr jeden Unternehmer ist aus meiner Sicht, ein Unternehmen \u00fcber Jahre und Jahrzehnte erfolgreich zu entwickeln, den Kunden gute Leistung und den Mitarbeitern sichere Arbeitspl\u00e4tze zu bieten und alle Rechnungen zu bezahlen. Akademisch freut es mich, dass ich dank Google Scholar auch nach 20 Jahren immer mal wieder Meldungen bekomme, wenn andere mit meiner Dissertation arbeiten und daraus zitieren.<\/p>\n<p><em><strong>Sieht man als Herausgeber des gr\u00f6\u00dften Stadtmagazins Frankfurt die Goethe-Universit\u00e4t durch andere Augen?<\/strong> <\/em><\/p>\n<p>Ich hoffe nicht. Nat\u00fcrlich findet man sich, wenn man in den Medien arbeitet, oft in einer beobachtenden oder wertenden Rolle wieder. Dieser Rolle kann man aber meiner Meinung nach nur gerecht werden, wenn man die Dinge mit denselben Augen betrachtet wie diejenigen, f\u00fcr die man schreibt. Aus der Leseranalyse wissen wir, dass wir unter unseren Lesern f\u00fcnfmal mehr Hochschulabg\u00e4nger haben als es dem Bundesdurchschnitt entspricht. Ohne die Goethe-Uni h\u00e4tten wir also ein echtes Problem. Wir m\u00fcssten das Niveau senken.<\/p>\n<p><em><strong>Wenn Sie einen anderen Beruf gew\u00e4hlt h\u00e4tten \u2013 wof\u00fcr h\u00e4tten Sie sich entschieden?<\/strong> <\/em><\/p>\n<p>Schwer zu sagen \u2013 ich habe mir dazu keine gro\u00dfen Gedanken gemacht und war und bin bestimmt nicht der Einzige, der BWL oder Jura studiert hat, weil man damit viele M\u00f6glichkeiten hat und die endg\u00fcltige Berufswahl noch ein paar Jahre verschieben kann. Am Ende hat mein Beruf eher mich gew\u00e4hlt als umgekehrt und ich kann mir nichts Besseres vorstellen.<\/p>\n<p><em><strong>Sie haben die Nacht der Museen in Frankfurt ins Leben gerufen \u2013 waren Sie denn auch schon einmal bei der Night of Science auf dem Campus Riedberg?<\/strong> <\/em><\/p>\n<p>War ich nicht, obwohl es mich sehr interessiert. Es war mir allerdings gar nicht bewusst, dass es diese Veranstaltung gibt. Da m\u00fcssen Sie mehr Werbung f\u00fcr machen. Ich w\u00fcsste auch, wo \u2026<\/p>\n<p><em><strong>Wie hat sich in Ihren Augen das Verh\u00e4ltnis zwischen Stadt und Universit\u00e4t von Ihrer Studienzeit an bis heute ver\u00e4ndert?<\/strong> <\/em><\/p>\n<p>Frankfurt ist zu gro\u00df, um sich wie eine typische Universit\u00e4tsstadt \u00fcber die eigene Hochschule zu definieren. Stadt und Universit\u00e4t haben sich beide in den letzten 20 Jahren sehr dynamisch entwickelt. Dass der Campus Westend sowohl f\u00fcr Lehrende als auch f\u00fcr die Lernenden so viel attraktiver wird, bringt die Uni weit nach vorne. Die Uni hat damit im Vergleich zur Stadt einen noch viel gr\u00f6\u00dferen Sprung nach vorne gemacht. Beide passen gut zusammen.<\/p>\n<p><em><strong>Sie haben zwei T\u00f6chter. W\u00fcrden Sie ihnen empfehlen \/ Empfahlen Sie Ihnen an der Goethe-Universit\u00e4t zu studieren? Zu welchem Studium w\u00fcrden Sie raten\/rieten Sie?<\/strong> <\/em><\/p>\n<p>Beide vergn\u00fcgen sich gerade in der Unterstufe ihres Gymnasiums; da ersch\u00f6pfen sich die Weichenstellungen f\u00fcr die Zukunft noch in der Auswahl der zweiten Fremdsprache. Ich habe mir als Student die Goethe-Uni selbst ausgesucht. Diese Freiheit zu haben war wichtig, auch wenn mir das damals nicht so bewusst war. Wenn eine oder beide sich sp\u00e4ter f\u00fcr ein Studium und die Goethe- Uni entscheiden sollten, w\u00fcrde mich das nat\u00fcrlich sehr freuen.<\/p>\n<p><em><strong>Wie lautet heute Ihr Wahlspruch oder Arbeitsmotto?<\/strong> <\/em><\/p>\n<p>Bevor ich mir jetzt schnell etwas Geistreiches aus dem reichhaltigen Angebot aussuche, bekenne ich lieber, dass es bislang auch ganz gut ohne ging. Ich bin ein extrem neugieriger Mensch und diese Neugier treibt mich an. Aber sie ist kein bewusst gew\u00e4hltes Arbeitsmotto. Ich kann gar nicht anders.<\/p>\n<p style=\"text-align: right;\"><em>Die Fragen stellte\u00a0Anna Kubasiak und Michelle\u00a0Schmitz<\/em><\/p>\n<p>[dt_call_to_action content_size=&#8220;small&#8220; background=&#8220;fancy&#8220; line=&#8220;true&#8220; style=&#8220;1&#8243; animation=&#8220;fadeIn&#8220;]<\/p>\n<h4>Alumni im Portr\u00e4t Dr. Jan-Peter Eichhorn<\/h4>\n<p><img decoding=\"async\" class=\"alignleft wp-image-5380\" src=\"https:\/\/aktuelles.uni-frankfurt.de\/wp-content\/uploads\/2016\/03\/blog_alumni_eichhorn1987.jpg\" alt=\"blog_alumni_eichhorn1987\" width=\"150\" height=\"200\" srcset=\"https:\/\/aktuelles.uni-frankfurt.de\/wp-content\/uploads\/2016\/03\/blog_alumni_eichhorn1987.jpg 300w, https:\/\/aktuelles.uni-frankfurt.de\/wp-content\/uploads\/2016\/03\/blog_alumni_eichhorn1987-225x300.jpg 225w\" sizes=\"(max-width: 150px) 100vw, 150px\" \/>Dr. Jan-Peter Eichhorn ist einer der Gr\u00fcnder der heutigen Presse Verlagsgesellschaft mbH und einer der Herausgeber des \u00bbJournal Frankfurt\u00ab. Nach einer kaufm\u00e4nnischen Ausbildung in der Metallgesellschaft AG entschloss er sich 1982 zu einem Studium der Betriebswirtschaftslehre an der Goethe-Universit\u00e4t.<\/p>\n<p>Auf das Diplom folgte 1995 seine betriebswirtschaftliche Dissertation \u00bbChancen und Risiken im Innovationsprozess\u00ab bei Prof. Dr. Dr. G\u00fcmbel. Schon w\u00e4hrend seines Studiums brachte Eichhorn das Jugendmagazin \u00bbLIVE\u00ab und das Stadtmagazin \u00bbAuftritt\u00ab sowie den Restaurantf\u00fchrer \u00bbFrankfurt geht aus\u00ab heraus.<\/p>\n<p>1990 gr\u00fcndete er nach der Fusion mit dem \u00bbPflasterstrand\u00ab das \u00bbJournal Frankfurt\u00ab. Er war Gesch\u00e4ftsf\u00fchrer beim Kinder- und Jugendbuchverlag Baumhaus.<\/p>\n<p>2008 machte Eichhorn sein gr\u00f6\u00dftes Hobby, das Kochen und gutes Essen, mit der Gr\u00fcndung der \u00bbGenussakademie\u00ab zum Beruf.<\/p>\n<p>Seit 2009 ist er Mitglied der Vollversammlung der IHK Frankfurt.<\/p>\n<p>2013 \u00fcbernahm er den Vorsitz des Kuratoriums von Common Purpose Frankfurt e. V.<\/p>\n<p>[\/dt_call_to_action]<\/p>\n","protected":false},"excerpt":{"rendered":"<p>Welches Ereignis Ihrer Studienzeit ist Ihnen in besonderer Erinnerung geblieben? Ich sage nur Mathe I \u2013 Prof. Ohse, der Gnadenlose. Glatte 5 im ersten Versuch, 4- im zweiten. Ich sollte [&hellip;]<\/p>\n","protected":false},"author":8,"featured_media":6443,"comment_status":"closed","ping_status":"closed","sticky":false,"template":"","format":"standard","meta":{"_eb_attr":"","_price":"","_stock":"","_tribe_ticket_header":"","_tribe_default_ticket_provider":"","_ticket_start_date":"","_ticket_end_date":"","_tribe_ticket_show_description":"","_tribe_ticket_show_not_going":false,"_tribe_ticket_use_global_stock":"","_tribe_ticket_global_stock_level":"","_global_stock_mode":"","_global_stock_cap":"","_tribe_rsvp_for_event":"","_tribe_ticket_going_count":"","_tribe_ticket_not_going_count":"","_tribe_tickets_list":"[]","_tribe_ticket_has_attendee_info_fields":false,"footnotes":""},"categories":[6],"tags":[80,25],"post_folder":[],"class_list":["post-5376","post","type-post","status-publish","format-standard","has-post-thumbnail","hentry","category-menschen","tag-alumni","tag-interview"],"yoast_head":"<!-- This site is optimized with the Yoast SEO plugin v27.5 - https:\/\/yoast.com\/product\/yoast-seo-wordpress\/ -->\n<title>Fragen an Jan-Peter Eichhorn | Aktuelles aus der Goethe-Universit\u00e4t Frankfurt<\/title>\n<meta name=\"robots\" content=\"index, follow, max-snippet:-1, max-image-preview:large, max-video-preview:-1\" \/>\n<link rel=\"canonical\" href=\"https:\/\/aktuelles.uni-frankfurt.de\/en\/menschen\/fragen-an-jan-peter-eichhorn\/\" \/>\n<meta property=\"og:locale\" content=\"en_GB\" \/>\n<meta property=\"og:type\" content=\"article\" \/>\n<meta property=\"og:title\" content=\"Fragen an Jan-Peter Eichhorn | Aktuelles aus der Goethe-Universit\u00e4t Frankfurt\" \/>\n<meta property=\"og:description\" content=\"Welches Ereignis Ihrer Studienzeit ist Ihnen in besonderer Erinnerung geblieben? Ich sage nur Mathe I \u2013 Prof. Ohse, der Gnadenlose. Glatte 5 im ersten Versuch, 4- im zweiten. Ich sollte [&hellip;]\" \/>\n<meta property=\"og:url\" content=\"https:\/\/aktuelles.uni-frankfurt.de\/en\/menschen\/fragen-an-jan-peter-eichhorn\/\" \/>\n<meta property=\"og:site_name\" content=\"Aktuelles aus der Goethe-Universit\u00e4t Frankfurt\" \/>\n<meta property=\"article:published_time\" content=\"2015-12-31T10:53:41+00:00\" \/>\n<meta property=\"article:modified_time\" content=\"2016-04-26T08:17:43+00:00\" \/>\n<meta property=\"og:image\" content=\"https:\/\/aktuelles.uni-frankfurt.de\/wp-content\/uploads\/2015\/12\/blog_alumni-portraet-jan-peter-eichhorn.jpg\" \/>\n\t<meta property=\"og:image:width\" content=\"650\" \/>\n\t<meta property=\"og:image:height\" content=\"450\" \/>\n\t<meta property=\"og:image:type\" content=\"image\/jpeg\" \/>\n<meta name=\"author\" content=\"-\" \/>\n<meta name=\"twitter:card\" content=\"summary_large_image\" \/>\n<meta name=\"twitter:label1\" content=\"Written by\" \/>\n\t<meta name=\"twitter:data1\" content=\"-\" \/>\n\t<meta name=\"twitter:label2\" content=\"Estimated reading time\" \/>\n\t<meta name=\"twitter:data2\" content=\"5 minutes\" \/>\n<script type=\"application\/ld+json\" class=\"yoast-schema-graph\">{\"@context\":\"https:\\\/\\\/schema.org\",\"@graph\":[{\"@type\":\"Article\",\"@id\":\"https:\\\/\\\/aktuelles.uni-frankfurt.de\\\/menschen\\\/fragen-an-jan-peter-eichhorn\\\/#article\",\"isPartOf\":{\"@id\":\"https:\\\/\\\/aktuelles.uni-frankfurt.de\\\/menschen\\\/fragen-an-jan-peter-eichhorn\\\/\"},\"author\":{\"name\":\"-\",\"@id\":\"https:\\\/\\\/aktuelles.uni-frankfurt.de\\\/#\\\/schema\\\/person\\\/8e55ea338fb65d1ce87a91565d1f1739\"},\"headline\":\"Fragen an Jan-Peter Eichhorn\",\"datePublished\":\"2015-12-31T10:53:41+00:00\",\"dateModified\":\"2016-04-26T08:17:43+00:00\",\"mainEntityOfPage\":{\"@id\":\"https:\\\/\\\/aktuelles.uni-frankfurt.de\\\/menschen\\\/fragen-an-jan-peter-eichhorn\\\/\"},\"wordCount\":978,\"publisher\":{\"@id\":\"https:\\\/\\\/aktuelles.uni-frankfurt.de\\\/#organization\"},\"image\":{\"@id\":\"https:\\\/\\\/aktuelles.uni-frankfurt.de\\\/menschen\\\/fragen-an-jan-peter-eichhorn\\\/#primaryimage\"},\"thumbnailUrl\":\"https:\\\/\\\/aktuelles.uni-frankfurt.de\\\/wp-content\\\/uploads\\\/2015\\\/12\\\/blog_alumni-portraet-jan-peter-eichhorn.jpg\",\"keywords\":[\"Alumni\",\"Interview\"],\"articleSection\":[\"Menschen\"],\"inLanguage\":\"en-GB\"},{\"@type\":\"WebPage\",\"@id\":\"https:\\\/\\\/aktuelles.uni-frankfurt.de\\\/menschen\\\/fragen-an-jan-peter-eichhorn\\\/\",\"url\":\"https:\\\/\\\/aktuelles.uni-frankfurt.de\\\/menschen\\\/fragen-an-jan-peter-eichhorn\\\/\",\"name\":\"Fragen an Jan-Peter Eichhorn | Aktuelles aus der Goethe-Universit\u00e4t Frankfurt\",\"isPartOf\":{\"@id\":\"https:\\\/\\\/aktuelles.uni-frankfurt.de\\\/#website\"},\"primaryImageOfPage\":{\"@id\":\"https:\\\/\\\/aktuelles.uni-frankfurt.de\\\/menschen\\\/fragen-an-jan-peter-eichhorn\\\/#primaryimage\"},\"image\":{\"@id\":\"https:\\\/\\\/aktuelles.uni-frankfurt.de\\\/menschen\\\/fragen-an-jan-peter-eichhorn\\\/#primaryimage\"},\"thumbnailUrl\":\"https:\\\/\\\/aktuelles.uni-frankfurt.de\\\/wp-content\\\/uploads\\\/2015\\\/12\\\/blog_alumni-portraet-jan-peter-eichhorn.jpg\",\"datePublished\":\"2015-12-31T10:53:41+00:00\",\"dateModified\":\"2016-04-26T08:17:43+00:00\",\"breadcrumb\":{\"@id\":\"https:\\\/\\\/aktuelles.uni-frankfurt.de\\\/menschen\\\/fragen-an-jan-peter-eichhorn\\\/#breadcrumb\"},\"inLanguage\":\"en-GB\",\"potentialAction\":[{\"@type\":\"ReadAction\",\"target\":[\"https:\\\/\\\/aktuelles.uni-frankfurt.de\\\/menschen\\\/fragen-an-jan-peter-eichhorn\\\/\"]}]},{\"@type\":\"ImageObject\",\"inLanguage\":\"en-GB\",\"@id\":\"https:\\\/\\\/aktuelles.uni-frankfurt.de\\\/menschen\\\/fragen-an-jan-peter-eichhorn\\\/#primaryimage\",\"url\":\"https:\\\/\\\/aktuelles.uni-frankfurt.de\\\/wp-content\\\/uploads\\\/2015\\\/12\\\/blog_alumni-portraet-jan-peter-eichhorn.jpg\",\"contentUrl\":\"https:\\\/\\\/aktuelles.uni-frankfurt.de\\\/wp-content\\\/uploads\\\/2015\\\/12\\\/blog_alumni-portraet-jan-peter-eichhorn.jpg\",\"width\":650,\"height\":450,\"caption\":\"Dr. Jan-Peter Eichhorn; Foto: IHK\"},{\"@type\":\"BreadcrumbList\",\"@id\":\"https:\\\/\\\/aktuelles.uni-frankfurt.de\\\/menschen\\\/fragen-an-jan-peter-eichhorn\\\/#breadcrumb\",\"itemListElement\":[{\"@type\":\"ListItem\",\"position\":1,\"name\":\"Startseite\",\"item\":\"https:\\\/\\\/aktuelles.uni-frankfurt.de\\\/\"},{\"@type\":\"ListItem\",\"position\":2,\"name\":\"Fragen an Jan-Peter Eichhorn\"}]},{\"@type\":\"WebSite\",\"@id\":\"https:\\\/\\\/aktuelles.uni-frankfurt.de\\\/#website\",\"url\":\"https:\\\/\\\/aktuelles.uni-frankfurt.de\\\/\",\"name\":\"Aktuelles aus der Goethe-Universit\u00e4t Frankfurt\",\"description\":\"Aktuelles aus der Goethe-Universit\u00e4t | Neues aus Forschung, Lehre, Studium\",\"publisher\":{\"@id\":\"https:\\\/\\\/aktuelles.uni-frankfurt.de\\\/#organization\"},\"potentialAction\":[{\"@type\":\"SearchAction\",\"target\":{\"@type\":\"EntryPoint\",\"urlTemplate\":\"https:\\\/\\\/aktuelles.uni-frankfurt.de\\\/?s={search_term_string}\"},\"query-input\":{\"@type\":\"PropertyValueSpecification\",\"valueRequired\":true,\"valueName\":\"search_term_string\"}}],\"inLanguage\":\"en-GB\"},{\"@type\":\"Organization\",\"@id\":\"https:\\\/\\\/aktuelles.uni-frankfurt.de\\\/#organization\",\"name\":\"Goethe-Universit\u00e4t\",\"url\":\"https:\\\/\\\/aktuelles.uni-frankfurt.de\\\/\",\"logo\":{\"@type\":\"ImageObject\",\"inLanguage\":\"en-GB\",\"@id\":\"https:\\\/\\\/aktuelles.uni-frankfurt.de\\\/#\\\/schema\\\/logo\\\/image\\\/\",\"url\":\"https:\\\/\\\/aktuelles.uni-frankfurt.de\\\/wp-content\\\/uploads\\\/2022\\\/03\\\/800px-Goethe-Logo.png\",\"contentUrl\":\"https:\\\/\\\/aktuelles.uni-frankfurt.de\\\/wp-content\\\/uploads\\\/2022\\\/03\\\/800px-Goethe-Logo.png\",\"width\":800,\"height\":436,\"caption\":\"Goethe-Universit\u00e4t\"},\"image\":{\"@id\":\"https:\\\/\\\/aktuelles.uni-frankfurt.de\\\/#\\\/schema\\\/logo\\\/image\\\/\"}},{\"@type\":\"Person\",\"@id\":\"https:\\\/\\\/aktuelles.uni-frankfurt.de\\\/#\\\/schema\\\/person\\\/8e55ea338fb65d1ce87a91565d1f1739\",\"name\":\"-\",\"description\":\"Dieser Beitrag wurde von der Online-Redaktion ver\u00f6ffentlicht. Wenn der Beitrag von einem Gastautoren verfasst wurde, findet sich dieser Hinweis am Ende des jeweiligen Artikels.\",\"sameAs\":[\"http:\\\/\\\/aktuelles.uni-frankfurt.de\\\/autoren\"],\"url\":\"https:\\\/\\\/aktuelles.uni-frankfurt.de\\\/en\\\/author\\\/redaktion\\\/\"}]}<\/script>\n<!-- \/ Yoast SEO plugin. -->","yoast_head_json":{"title":"Fragen an Jan-Peter Eichhorn | Aktuelles aus der Goethe-Universit\u00e4t Frankfurt","robots":{"index":"index","follow":"follow","max-snippet":"max-snippet:-1","max-image-preview":"max-image-preview:large","max-video-preview":"max-video-preview:-1"},"canonical":"https:\/\/aktuelles.uni-frankfurt.de\/en\/menschen\/fragen-an-jan-peter-eichhorn\/","og_locale":"en_GB","og_type":"article","og_title":"Fragen an Jan-Peter Eichhorn | Aktuelles aus der Goethe-Universit\u00e4t Frankfurt","og_description":"Welches Ereignis Ihrer Studienzeit ist Ihnen in besonderer Erinnerung geblieben? Ich sage nur Mathe I \u2013 Prof. Ohse, der Gnadenlose. Glatte 5 im ersten Versuch, 4- im zweiten. Ich sollte [&hellip;]","og_url":"https:\/\/aktuelles.uni-frankfurt.de\/en\/menschen\/fragen-an-jan-peter-eichhorn\/","og_site_name":"Aktuelles aus der Goethe-Universit\u00e4t Frankfurt","article_published_time":"2015-12-31T10:53:41+00:00","article_modified_time":"2016-04-26T08:17:43+00:00","og_image":[{"width":650,"height":450,"url":"https:\/\/aktuelles.uni-frankfurt.de\/wp-content\/uploads\/2015\/12\/blog_alumni-portraet-jan-peter-eichhorn.jpg","type":"image\/jpeg"}],"author":"-","twitter_card":"summary_large_image","twitter_misc":{"Written by":"-","Estimated reading time":"5 minutes"},"schema":{"@context":"https:\/\/schema.org","@graph":[{"@type":"Article","@id":"https:\/\/aktuelles.uni-frankfurt.de\/menschen\/fragen-an-jan-peter-eichhorn\/#article","isPartOf":{"@id":"https:\/\/aktuelles.uni-frankfurt.de\/menschen\/fragen-an-jan-peter-eichhorn\/"},"author":{"name":"-","@id":"https:\/\/aktuelles.uni-frankfurt.de\/#\/schema\/person\/8e55ea338fb65d1ce87a91565d1f1739"},"headline":"Fragen an Jan-Peter Eichhorn","datePublished":"2015-12-31T10:53:41+00:00","dateModified":"2016-04-26T08:17:43+00:00","mainEntityOfPage":{"@id":"https:\/\/aktuelles.uni-frankfurt.de\/menschen\/fragen-an-jan-peter-eichhorn\/"},"wordCount":978,"publisher":{"@id":"https:\/\/aktuelles.uni-frankfurt.de\/#organization"},"image":{"@id":"https:\/\/aktuelles.uni-frankfurt.de\/menschen\/fragen-an-jan-peter-eichhorn\/#primaryimage"},"thumbnailUrl":"https:\/\/aktuelles.uni-frankfurt.de\/wp-content\/uploads\/2015\/12\/blog_alumni-portraet-jan-peter-eichhorn.jpg","keywords":["Alumni","Interview"],"articleSection":["Menschen"],"inLanguage":"en-GB"},{"@type":"WebPage","@id":"https:\/\/aktuelles.uni-frankfurt.de\/menschen\/fragen-an-jan-peter-eichhorn\/","url":"https:\/\/aktuelles.uni-frankfurt.de\/menschen\/fragen-an-jan-peter-eichhorn\/","name":"Fragen an Jan-Peter Eichhorn | Aktuelles aus der Goethe-Universit\u00e4t Frankfurt","isPartOf":{"@id":"https:\/\/aktuelles.uni-frankfurt.de\/#website"},"primaryImageOfPage":{"@id":"https:\/\/aktuelles.uni-frankfurt.de\/menschen\/fragen-an-jan-peter-eichhorn\/#primaryimage"},"image":{"@id":"https:\/\/aktuelles.uni-frankfurt.de\/menschen\/fragen-an-jan-peter-eichhorn\/#primaryimage"},"thumbnailUrl":"https:\/\/aktuelles.uni-frankfurt.de\/wp-content\/uploads\/2015\/12\/blog_alumni-portraet-jan-peter-eichhorn.jpg","datePublished":"2015-12-31T10:53:41+00:00","dateModified":"2016-04-26T08:17:43+00:00","breadcrumb":{"@id":"https:\/\/aktuelles.uni-frankfurt.de\/menschen\/fragen-an-jan-peter-eichhorn\/#breadcrumb"},"inLanguage":"en-GB","potentialAction":[{"@type":"ReadAction","target":["https:\/\/aktuelles.uni-frankfurt.de\/menschen\/fragen-an-jan-peter-eichhorn\/"]}]},{"@type":"ImageObject","inLanguage":"en-GB","@id":"https:\/\/aktuelles.uni-frankfurt.de\/menschen\/fragen-an-jan-peter-eichhorn\/#primaryimage","url":"https:\/\/aktuelles.uni-frankfurt.de\/wp-content\/uploads\/2015\/12\/blog_alumni-portraet-jan-peter-eichhorn.jpg","contentUrl":"https:\/\/aktuelles.uni-frankfurt.de\/wp-content\/uploads\/2015\/12\/blog_alumni-portraet-jan-peter-eichhorn.jpg","width":650,"height":450,"caption":"Dr. Jan-Peter Eichhorn; Foto: IHK"},{"@type":"BreadcrumbList","@id":"https:\/\/aktuelles.uni-frankfurt.de\/menschen\/fragen-an-jan-peter-eichhorn\/#breadcrumb","itemListElement":[{"@type":"ListItem","position":1,"name":"Startseite","item":"https:\/\/aktuelles.uni-frankfurt.de\/"},{"@type":"ListItem","position":2,"name":"Fragen an Jan-Peter Eichhorn"}]},{"@type":"WebSite","@id":"https:\/\/aktuelles.uni-frankfurt.de\/#website","url":"https:\/\/aktuelles.uni-frankfurt.de\/","name":"Aktuelles aus der Goethe-Universit\u00e4t Frankfurt","description":"Aktuelles aus der Goethe-Universit\u00e4t | Neues aus Forschung, Lehre, Studium","publisher":{"@id":"https:\/\/aktuelles.uni-frankfurt.de\/#organization"},"potentialAction":[{"@type":"SearchAction","target":{"@type":"EntryPoint","urlTemplate":"https:\/\/aktuelles.uni-frankfurt.de\/?s={search_term_string}"},"query-input":{"@type":"PropertyValueSpecification","valueRequired":true,"valueName":"search_term_string"}}],"inLanguage":"en-GB"},{"@type":"Organization","@id":"https:\/\/aktuelles.uni-frankfurt.de\/#organization","name":"Goethe University Frankfurt","url":"https:\/\/aktuelles.uni-frankfurt.de\/","logo":{"@type":"ImageObject","inLanguage":"en-GB","@id":"https:\/\/aktuelles.uni-frankfurt.de\/#\/schema\/logo\/image\/","url":"https:\/\/aktuelles.uni-frankfurt.de\/wp-content\/uploads\/2022\/03\/800px-Goethe-Logo.png","contentUrl":"https:\/\/aktuelles.uni-frankfurt.de\/wp-content\/uploads\/2022\/03\/800px-Goethe-Logo.png","width":800,"height":436,"caption":"Goethe-Universit\u00e4t"},"image":{"@id":"https:\/\/aktuelles.uni-frankfurt.de\/#\/schema\/logo\/image\/"}},{"@type":"Person","@id":"https:\/\/aktuelles.uni-frankfurt.de\/#\/schema\/person\/8e55ea338fb65d1ce87a91565d1f1739","name":"-","description":"Dieser Beitrag wurde von der Online-Redaktion ver\u00f6ffentlicht. Wenn der Beitrag von einem Gastautoren verfasst wurde, findet sich dieser Hinweis am Ende des jeweiligen Artikels.","sameAs":["http:\/\/aktuelles.uni-frankfurt.de\/autoren"],"url":"https:\/\/aktuelles.uni-frankfurt.de\/en\/author\/redaktion\/"}]}},"_links":{"self":[{"href":"https:\/\/aktuelles.uni-frankfurt.de\/en\/wp-json\/wp\/v2\/posts\/5376","targetHints":{"allow":["GET"]}}],"collection":[{"href":"https:\/\/aktuelles.uni-frankfurt.de\/en\/wp-json\/wp\/v2\/posts"}],"about":[{"href":"https:\/\/aktuelles.uni-frankfurt.de\/en\/wp-json\/wp\/v2\/types\/post"}],"author":[{"embeddable":true,"href":"https:\/\/aktuelles.uni-frankfurt.de\/en\/wp-json\/wp\/v2\/users\/8"}],"replies":[{"embeddable":true,"href":"https:\/\/aktuelles.uni-frankfurt.de\/en\/wp-json\/wp\/v2\/comments?post=5376"}],"version-history":[{"count":0,"href":"https:\/\/aktuelles.uni-frankfurt.de\/en\/wp-json\/wp\/v2\/posts\/5376\/revisions"}],"wp:featuredmedia":[{"embeddable":true,"href":"https:\/\/aktuelles.uni-frankfurt.de\/en\/wp-json\/wp\/v2\/media\/6443"}],"wp:attachment":[{"href":"https:\/\/aktuelles.uni-frankfurt.de\/en\/wp-json\/wp\/v2\/media?parent=5376"}],"wp:term":[{"taxonomy":"category","embeddable":true,"href":"https:\/\/aktuelles.uni-frankfurt.de\/en\/wp-json\/wp\/v2\/categories?post=5376"},{"taxonomy":"post_tag","embeddable":true,"href":"https:\/\/aktuelles.uni-frankfurt.de\/en\/wp-json\/wp\/v2\/tags?post=5376"},{"taxonomy":"post_folder","embeddable":true,"href":"https:\/\/aktuelles.uni-frankfurt.de\/en\/wp-json\/wp\/v2\/post_folder?post=5376"}],"curies":[{"name":"wp","href":"https:\/\/api.w.org\/{rel}","templated":true}]}}