{"id":59226,"date":"2022-05-31T11:51:13","date_gmt":"2022-05-31T09:51:13","guid":{"rendered":"https:\/\/aktuelles.uni-frankfurt.de\/?p=59226"},"modified":"2022-06-09T08:24:26","modified_gmt":"2022-06-09T06:24:26","slug":"auftakt-am-8-juni-mit-oder-ohne-gott-religionen-in-der-pluralen-gesellschaft","status":"publish","type":"post","link":"https:\/\/aktuelles.uni-frankfurt.de\/en\/veranstaltungen\/auftakt-am-8-juni-mit-oder-ohne-gott-religionen-in-der-pluralen-gesellschaft\/","title":{"rendered":"Auftakt am 8. Juni: &#8222;Mit oder ohne Gott? Religionen in der pluralen Gesellschaft&#8220;"},"content":{"rendered":"<figure class=\"wp-block-image alignleft size-large is-resized\"><img fetchpriority=\"high\" decoding=\"async\" src=\"https:\/\/www.uni-frankfurt.de\/120170622\" alt=\"\" width=\"366\" height=\"517\"\/><\/figure>\n\n\n\n<p>Wenn Wissenschaft nicht das letzte Wort \u00fcber unser Leben haben kann \u2013 wer oder was aber dann? Diese Frage greift die Diskussionsreihe <strong>\u201eMit oder ohne Gott \u2013 Religionen in der pluralen Gesellschaft\u201c <\/strong>der B\u00fcrger-Universit\u00e4t auf. In zwei Talkrunden \u2013 erstmals wieder in Pr\u00e4senz \u2013 diskutieren Expertinnen und Experten \u00fcberwiegend von der Goethe-Universit\u00e4t aus Religionsphilosophie und Islamwissenschaft, aus Soziologie, Theologie, Geschichte des Judentums und j\u00fcdischer Religionsphilosophie. Die Diskussionsreihe wird veranstaltet mit Beteiligung des Forschungsverbunds \u201eDynamiken des Religi\u00f6sen\u201c an der Goethe-Universit\u00e4t in Kooperation mit dem J\u00fcdischen Museum und der Stadtb\u00fccherei Frankfurt.<\/p>\n\n\n\n<p>Die Auftaktveranstaltung <strong>\u201eWas glauben wir eigentlich, wenn wir glauben?\u201c<\/strong> findet statt <strong>am 8. Juni, 19:00 Uhr<\/strong> <strong>im J\u00fcdischen Museum Frankfurt<\/strong>, <strong>Bertha-Pappenheim-Platz 1, 60311 Frankfurt.&nbsp;<\/strong><\/p>\n\n\n\n<p>Es diskutieren die Religionsphilosophen Heiko Schulz und Thomas Schmidt, beide Professoren an der Goethe-Universit\u00e4t, sowie Kristina Stoeckl, Professorin f\u00fcr Soziologie an der Universit\u00e4t Innsbruck; moderiert wird die Veranstaltung von Martin Saar, Professor f\u00fcr Sozialphilosophie an der Goethe-Universit\u00e4t. Dabei geht es unter anderem um das Irrationale in einer vom s\u00e4kularen Rationalismus, demokratisch und wissenschaftlich gepr\u00e4gten Welt, um die neue Rolle der christlichen Kirchen als einer Minderheit unter vielen und religi\u00f6se Narrative des Fundamentalismus.<\/p>\n\n\n\n<p>Um Anmeldung wird gebeten unter:&nbsp;<a href=\"mailto:julia.arndt@stadt-frankfurt.de\">julia.arndt@stadt-frankfurt.de<\/a><\/p>\n\n\n\n<p>Die Diskussionsreihe wird fortsetzt unter dem Titel \u201e<strong>Mit anderen Wahrheiten leben: Was k\u00f6nnen Religionen und deren wissenschaftliche Erforschung zum Dialog in der s\u00e4kularen Gesellschaft beitragen?\u201c<\/strong> <strong>am 28. Juni, 19:30 Uhr<\/strong>, <strong>Stadtb\u00fccherei Frankfurt, Zentralbibliothek<\/strong>, <strong>Hasengasse 4, 60311 Frankfurt.<\/strong><\/p>\n\n\n\n<p>Wie positionieren sich Christentum, Islam und Judentum zu einander und in einer s\u00e4kularen Gesellschaft? Sind religi\u00f6se Gemeinschaften in der Lage, Pluralit\u00e4t auszuhalten und Konflikte auszutragen?&nbsp;Oder l\u00f6sen sie Konflikte gar aus? \u00dcber diese Fragen diskutieren&nbsp;Armina Omerika, Professorin f\u00fcr Ideengeschichte des Islam, Anja Middelbeck-Varwick, Professorin f\u00fcr Religionstheologie und Religionswissenschaft, Rebekka Vo\u00df, Professorin f\u00fcr Geschichte des deutschen und europ\u00e4ischen Judentums, und Christian Wiese, Martin-Buber-Professor f\u00fcr j\u00fcdische Religionsphilosophie. Die Moderation \u00fcbernimmt Joachim Valentin, Professor f\u00fcr Religions- und Kulturtheorie.<\/p>\n\n\n\n<p>Um Anmeldung wird gebeten unter: <a href=\"mailto:veranstaltungen.zentralbibliothek@stadtbuecherei.frankfurt.de\">veranstaltungen.zentralbibliothek@stadtbuecherei.frankfurt.de<\/a><\/p>\n\n\n\n<p>Im <strong>Forschungsverbund \u201eDynamiken des Religi\u00f6sen\u201c<\/strong> untersuchen Wissenschaftler*innen ausneun geisteswissenschaftlichen Disziplinen&nbsp;Prozesse von Verstehen, Missverstehen und Verst\u00e4ndigung in religi\u00f6sen Kontexten. Besonders im Zentrum stehen Judentum, Christentum und Islam. \u201eDynamiken des Religi\u00f6sen\u201c ist Teil der Exzellenzinitiative der Goethe-Universit\u00e4t.<\/p>\n\n\n\n<p>Das Programm der B\u00fcrger-Universit\u00e4t ist auf der Webseite der Goethe-Universit\u00e4t einsehbar unter:&nbsp;<a href=\"http:\/\/www.buerger.uni-frankfurt.de\/\" target=\"_blank\" rel=\"noreferrer noopener\">www.buerger.uni-frankfurt.de\/<\/a><\/p>","protected":false},"excerpt":{"rendered":"<p>Wenn Wissenschaft nicht das letzte Wort \u00fcber unser Leben haben kann \u2013 wer oder was aber dann? Diese Frage greift die Diskussionsreihe \u201eMit oder ohne Gott \u2013 Religionen in der [&hellip;]<\/p>\n","protected":false},"author":8,"featured_media":59270,"comment_status":"closed","ping_status":"closed","sticky":false,"template":"","format":"standard","meta":{"_eb_attr":"","_price":"","_stock":"","_tribe_ticket_header":"","_tribe_default_ticket_provider":"","_ticket_start_date":"","_ticket_end_date":"","_tribe_ticket_show_description":"","_tribe_ticket_show_not_going":false,"_tribe_ticket_use_global_stock":"","_tribe_ticket_global_stock_level":"","_global_stock_mode":"","_global_stock_cap":"","_tribe_rsvp_for_event":"","_tribe_ticket_going_count":"","_tribe_ticket_not_going_count":"","_tribe_tickets_list":"[]","_tribe_ticket_has_attendee_info_fields":false,"footnotes":""},"categories":[12],"tags":[58],"post_folder":[],"class_list":["post-59226","post","type-post","status-publish","format-standard","has-post-thumbnail","hentry","category-veranstaltungen","tag-philosophie-und-geschichtswissenschaften"],"yoast_head":"<!-- This site is optimized with the Yoast SEO plugin v27.5 - https:\/\/yoast.com\/product\/yoast-seo-wordpress\/ -->\n<title>Auftakt am 8. Juni: &quot;Mit oder ohne Gott? Religionen in der pluralen Gesellschaft&quot; | Aktuelles aus der Goethe-Universit\u00e4t Frankfurt<\/title>\n<meta name=\"robots\" content=\"index, follow, max-snippet:-1, max-image-preview:large, max-video-preview:-1\" \/>\n<link rel=\"canonical\" href=\"https:\/\/aktuelles.uni-frankfurt.de\/en\/veranstaltungen\/auftakt-am-8-juni-mit-oder-ohne-gott-religionen-in-der-pluralen-gesellschaft\/\" \/>\n<meta property=\"og:locale\" content=\"en_GB\" \/>\n<meta property=\"og:type\" content=\"article\" \/>\n<meta property=\"og:title\" content=\"Auftakt am 8. Juni: &quot;Mit oder ohne Gott? Religionen in der pluralen Gesellschaft&quot; | Aktuelles aus der Goethe-Universit\u00e4t Frankfurt\" \/>\n<meta property=\"og:description\" content=\"Wenn Wissenschaft nicht das letzte Wort \u00fcber unser Leben haben kann \u2013 wer oder was aber dann? Diese Frage greift die Diskussionsreihe \u201eMit oder ohne Gott \u2013 Religionen in der [&hellip;]\" \/>\n<meta property=\"og:url\" content=\"https:\/\/aktuelles.uni-frankfurt.de\/en\/veranstaltungen\/auftakt-am-8-juni-mit-oder-ohne-gott-religionen-in-der-pluralen-gesellschaft\/\" \/>\n<meta property=\"og:site_name\" content=\"Aktuelles aus der Goethe-Universit\u00e4t Frankfurt\" \/>\n<meta property=\"article:published_time\" content=\"2022-05-31T09:51:13+00:00\" \/>\n<meta property=\"article:modified_time\" content=\"2022-06-09T06:24:26+00:00\" \/>\n<meta property=\"og:image\" content=\"https:\/\/aktuelles.uni-frankfurt.de\/wp-content\/uploads\/2022\/05\/beitragsbild_Buergeruni_Religionen.png\" \/>\n\t<meta property=\"og:image:width\" content=\"650\" \/>\n\t<meta property=\"og:image:height\" content=\"450\" \/>\n\t<meta property=\"og:image:type\" content=\"image\/png\" \/>\n<meta name=\"author\" content=\"-\" \/>\n<meta name=\"twitter:card\" content=\"summary_large_image\" \/>\n<meta name=\"twitter:label1\" content=\"Written by\" \/>\n\t<meta name=\"twitter:data1\" content=\"-\" \/>\n\t<meta name=\"twitter:label2\" content=\"Estimated reading time\" \/>\n\t<meta name=\"twitter:data2\" content=\"3 minutes\" \/>\n<script type=\"application\/ld+json\" class=\"yoast-schema-graph\">{\"@context\":\"https:\\\/\\\/schema.org\",\"@graph\":[{\"@type\":\"Article\",\"@id\":\"https:\\\/\\\/aktuelles.uni-frankfurt.de\\\/veranstaltungen\\\/auftakt-am-8-juni-mit-oder-ohne-gott-religionen-in-der-pluralen-gesellschaft\\\/#article\",\"isPartOf\":{\"@id\":\"https:\\\/\\\/aktuelles.uni-frankfurt.de\\\/veranstaltungen\\\/auftakt-am-8-juni-mit-oder-ohne-gott-religionen-in-der-pluralen-gesellschaft\\\/\"},\"author\":{\"name\":\"-\",\"@id\":\"https:\\\/\\\/aktuelles.uni-frankfurt.de\\\/#\\\/schema\\\/person\\\/8e55ea338fb65d1ce87a91565d1f1739\"},\"headline\":\"Auftakt am 8. Juni: &#8222;Mit oder ohne Gott? Religionen in der pluralen Gesellschaft&#8220;\",\"datePublished\":\"2022-05-31T09:51:13+00:00\",\"dateModified\":\"2022-06-09T06:24:26+00:00\",\"mainEntityOfPage\":{\"@id\":\"https:\\\/\\\/aktuelles.uni-frankfurt.de\\\/veranstaltungen\\\/auftakt-am-8-juni-mit-oder-ohne-gott-religionen-in-der-pluralen-gesellschaft\\\/\"},\"wordCount\":416,\"publisher\":{\"@id\":\"https:\\\/\\\/aktuelles.uni-frankfurt.de\\\/#organization\"},\"image\":{\"@id\":\"https:\\\/\\\/aktuelles.uni-frankfurt.de\\\/veranstaltungen\\\/auftakt-am-8-juni-mit-oder-ohne-gott-religionen-in-der-pluralen-gesellschaft\\\/#primaryimage\"},\"thumbnailUrl\":\"https:\\\/\\\/aktuelles.uni-frankfurt.de\\\/wp-content\\\/uploads\\\/2022\\\/05\\\/beitragsbild_Buergeruni_Religionen.png\",\"keywords\":[\"Philosophie und Geschichtswissenschaften\"],\"articleSection\":[\"Veranstaltungen\"],\"inLanguage\":\"en-GB\"},{\"@type\":\"WebPage\",\"@id\":\"https:\\\/\\\/aktuelles.uni-frankfurt.de\\\/veranstaltungen\\\/auftakt-am-8-juni-mit-oder-ohne-gott-religionen-in-der-pluralen-gesellschaft\\\/\",\"url\":\"https:\\\/\\\/aktuelles.uni-frankfurt.de\\\/veranstaltungen\\\/auftakt-am-8-juni-mit-oder-ohne-gott-religionen-in-der-pluralen-gesellschaft\\\/\",\"name\":\"Auftakt am 8. Juni: \\\"Mit oder ohne Gott? Religionen in der pluralen Gesellschaft\\\" | Aktuelles aus der Goethe-Universit\u00e4t Frankfurt\",\"isPartOf\":{\"@id\":\"https:\\\/\\\/aktuelles.uni-frankfurt.de\\\/#website\"},\"primaryImageOfPage\":{\"@id\":\"https:\\\/\\\/aktuelles.uni-frankfurt.de\\\/veranstaltungen\\\/auftakt-am-8-juni-mit-oder-ohne-gott-religionen-in-der-pluralen-gesellschaft\\\/#primaryimage\"},\"image\":{\"@id\":\"https:\\\/\\\/aktuelles.uni-frankfurt.de\\\/veranstaltungen\\\/auftakt-am-8-juni-mit-oder-ohne-gott-religionen-in-der-pluralen-gesellschaft\\\/#primaryimage\"},\"thumbnailUrl\":\"https:\\\/\\\/aktuelles.uni-frankfurt.de\\\/wp-content\\\/uploads\\\/2022\\\/05\\\/beitragsbild_Buergeruni_Religionen.png\",\"datePublished\":\"2022-05-31T09:51:13+00:00\",\"dateModified\":\"2022-06-09T06:24:26+00:00\",\"breadcrumb\":{\"@id\":\"https:\\\/\\\/aktuelles.uni-frankfurt.de\\\/veranstaltungen\\\/auftakt-am-8-juni-mit-oder-ohne-gott-religionen-in-der-pluralen-gesellschaft\\\/#breadcrumb\"},\"inLanguage\":\"en-GB\",\"potentialAction\":[{\"@type\":\"ReadAction\",\"target\":[\"https:\\\/\\\/aktuelles.uni-frankfurt.de\\\/veranstaltungen\\\/auftakt-am-8-juni-mit-oder-ohne-gott-religionen-in-der-pluralen-gesellschaft\\\/\"]}]},{\"@type\":\"ImageObject\",\"inLanguage\":\"en-GB\",\"@id\":\"https:\\\/\\\/aktuelles.uni-frankfurt.de\\\/veranstaltungen\\\/auftakt-am-8-juni-mit-oder-ohne-gott-religionen-in-der-pluralen-gesellschaft\\\/#primaryimage\",\"url\":\"https:\\\/\\\/aktuelles.uni-frankfurt.de\\\/wp-content\\\/uploads\\\/2022\\\/05\\\/beitragsbild_Buergeruni_Religionen.png\",\"contentUrl\":\"https:\\\/\\\/aktuelles.uni-frankfurt.de\\\/wp-content\\\/uploads\\\/2022\\\/05\\\/beitragsbild_Buergeruni_Religionen.png\",\"width\":650,\"height\":450},{\"@type\":\"BreadcrumbList\",\"@id\":\"https:\\\/\\\/aktuelles.uni-frankfurt.de\\\/veranstaltungen\\\/auftakt-am-8-juni-mit-oder-ohne-gott-religionen-in-der-pluralen-gesellschaft\\\/#breadcrumb\",\"itemListElement\":[{\"@type\":\"ListItem\",\"position\":1,\"name\":\"Startseite\",\"item\":\"https:\\\/\\\/aktuelles.uni-frankfurt.de\\\/\"},{\"@type\":\"ListItem\",\"position\":2,\"name\":\"Auftakt am 8. Juni: &#8220;Mit oder ohne Gott? Religionen in der pluralen Gesellschaft&#8221;\"}]},{\"@type\":\"WebSite\",\"@id\":\"https:\\\/\\\/aktuelles.uni-frankfurt.de\\\/#website\",\"url\":\"https:\\\/\\\/aktuelles.uni-frankfurt.de\\\/\",\"name\":\"Aktuelles aus der Goethe-Universit\u00e4t Frankfurt\",\"description\":\"Aktuelles aus der Goethe-Universit\u00e4t | Neues aus Forschung, Lehre, Studium\",\"publisher\":{\"@id\":\"https:\\\/\\\/aktuelles.uni-frankfurt.de\\\/#organization\"},\"potentialAction\":[{\"@type\":\"SearchAction\",\"target\":{\"@type\":\"EntryPoint\",\"urlTemplate\":\"https:\\\/\\\/aktuelles.uni-frankfurt.de\\\/?s={search_term_string}\"},\"query-input\":{\"@type\":\"PropertyValueSpecification\",\"valueRequired\":true,\"valueName\":\"search_term_string\"}}],\"inLanguage\":\"en-GB\"},{\"@type\":\"Organization\",\"@id\":\"https:\\\/\\\/aktuelles.uni-frankfurt.de\\\/#organization\",\"name\":\"Goethe-Universit\u00e4t\",\"url\":\"https:\\\/\\\/aktuelles.uni-frankfurt.de\\\/\",\"logo\":{\"@type\":\"ImageObject\",\"inLanguage\":\"en-GB\",\"@id\":\"https:\\\/\\\/aktuelles.uni-frankfurt.de\\\/#\\\/schema\\\/logo\\\/image\\\/\",\"url\":\"https:\\\/\\\/aktuelles.uni-frankfurt.de\\\/wp-content\\\/uploads\\\/2022\\\/03\\\/800px-Goethe-Logo.png\",\"contentUrl\":\"https:\\\/\\\/aktuelles.uni-frankfurt.de\\\/wp-content\\\/uploads\\\/2022\\\/03\\\/800px-Goethe-Logo.png\",\"width\":800,\"height\":436,\"caption\":\"Goethe-Universit\u00e4t\"},\"image\":{\"@id\":\"https:\\\/\\\/aktuelles.uni-frankfurt.de\\\/#\\\/schema\\\/logo\\\/image\\\/\"}},{\"@type\":\"Person\",\"@id\":\"https:\\\/\\\/aktuelles.uni-frankfurt.de\\\/#\\\/schema\\\/person\\\/8e55ea338fb65d1ce87a91565d1f1739\",\"name\":\"-\",\"description\":\"Dieser Beitrag wurde von der Online-Redaktion ver\u00f6ffentlicht. Wenn der Beitrag von einem Gastautoren verfasst wurde, findet sich dieser Hinweis am Ende des jeweiligen Artikels.\",\"sameAs\":[\"http:\\\/\\\/aktuelles.uni-frankfurt.de\\\/autoren\"],\"url\":\"https:\\\/\\\/aktuelles.uni-frankfurt.de\\\/en\\\/author\\\/redaktion\\\/\"}]}<\/script>\n<!-- \/ Yoast SEO plugin. -->","yoast_head_json":{"title":"Auftakt am 8. Juni: \"Mit oder ohne Gott? Religionen in der pluralen Gesellschaft\" | Aktuelles aus der Goethe-Universit\u00e4t Frankfurt","robots":{"index":"index","follow":"follow","max-snippet":"max-snippet:-1","max-image-preview":"max-image-preview:large","max-video-preview":"max-video-preview:-1"},"canonical":"https:\/\/aktuelles.uni-frankfurt.de\/en\/veranstaltungen\/auftakt-am-8-juni-mit-oder-ohne-gott-religionen-in-der-pluralen-gesellschaft\/","og_locale":"en_GB","og_type":"article","og_title":"Auftakt am 8. Juni: \"Mit oder ohne Gott? Religionen in der pluralen Gesellschaft\" | Aktuelles aus der Goethe-Universit\u00e4t Frankfurt","og_description":"Wenn Wissenschaft nicht das letzte Wort \u00fcber unser Leben haben kann \u2013 wer oder was aber dann? Diese Frage greift die Diskussionsreihe \u201eMit oder ohne Gott \u2013 Religionen in der [&hellip;]","og_url":"https:\/\/aktuelles.uni-frankfurt.de\/en\/veranstaltungen\/auftakt-am-8-juni-mit-oder-ohne-gott-religionen-in-der-pluralen-gesellschaft\/","og_site_name":"Aktuelles aus der Goethe-Universit\u00e4t Frankfurt","article_published_time":"2022-05-31T09:51:13+00:00","article_modified_time":"2022-06-09T06:24:26+00:00","og_image":[{"width":650,"height":450,"url":"https:\/\/aktuelles.uni-frankfurt.de\/wp-content\/uploads\/2022\/05\/beitragsbild_Buergeruni_Religionen.png","type":"image\/png"}],"author":"-","twitter_card":"summary_large_image","twitter_misc":{"Written by":"-","Estimated reading time":"3 minutes"},"schema":{"@context":"https:\/\/schema.org","@graph":[{"@type":"Article","@id":"https:\/\/aktuelles.uni-frankfurt.de\/veranstaltungen\/auftakt-am-8-juni-mit-oder-ohne-gott-religionen-in-der-pluralen-gesellschaft\/#article","isPartOf":{"@id":"https:\/\/aktuelles.uni-frankfurt.de\/veranstaltungen\/auftakt-am-8-juni-mit-oder-ohne-gott-religionen-in-der-pluralen-gesellschaft\/"},"author":{"name":"-","@id":"https:\/\/aktuelles.uni-frankfurt.de\/#\/schema\/person\/8e55ea338fb65d1ce87a91565d1f1739"},"headline":"Auftakt am 8. Juni: &#8222;Mit oder ohne Gott? Religionen in der pluralen Gesellschaft&#8220;","datePublished":"2022-05-31T09:51:13+00:00","dateModified":"2022-06-09T06:24:26+00:00","mainEntityOfPage":{"@id":"https:\/\/aktuelles.uni-frankfurt.de\/veranstaltungen\/auftakt-am-8-juni-mit-oder-ohne-gott-religionen-in-der-pluralen-gesellschaft\/"},"wordCount":416,"publisher":{"@id":"https:\/\/aktuelles.uni-frankfurt.de\/#organization"},"image":{"@id":"https:\/\/aktuelles.uni-frankfurt.de\/veranstaltungen\/auftakt-am-8-juni-mit-oder-ohne-gott-religionen-in-der-pluralen-gesellschaft\/#primaryimage"},"thumbnailUrl":"https:\/\/aktuelles.uni-frankfurt.de\/wp-content\/uploads\/2022\/05\/beitragsbild_Buergeruni_Religionen.png","keywords":["Philosophie und Geschichtswissenschaften"],"articleSection":["Veranstaltungen"],"inLanguage":"en-GB"},{"@type":"WebPage","@id":"https:\/\/aktuelles.uni-frankfurt.de\/veranstaltungen\/auftakt-am-8-juni-mit-oder-ohne-gott-religionen-in-der-pluralen-gesellschaft\/","url":"https:\/\/aktuelles.uni-frankfurt.de\/veranstaltungen\/auftakt-am-8-juni-mit-oder-ohne-gott-religionen-in-der-pluralen-gesellschaft\/","name":"Auftakt am 8. Juni: \"Mit oder ohne Gott? Religionen in der pluralen Gesellschaft\" | Aktuelles aus der Goethe-Universit\u00e4t Frankfurt","isPartOf":{"@id":"https:\/\/aktuelles.uni-frankfurt.de\/#website"},"primaryImageOfPage":{"@id":"https:\/\/aktuelles.uni-frankfurt.de\/veranstaltungen\/auftakt-am-8-juni-mit-oder-ohne-gott-religionen-in-der-pluralen-gesellschaft\/#primaryimage"},"image":{"@id":"https:\/\/aktuelles.uni-frankfurt.de\/veranstaltungen\/auftakt-am-8-juni-mit-oder-ohne-gott-religionen-in-der-pluralen-gesellschaft\/#primaryimage"},"thumbnailUrl":"https:\/\/aktuelles.uni-frankfurt.de\/wp-content\/uploads\/2022\/05\/beitragsbild_Buergeruni_Religionen.png","datePublished":"2022-05-31T09:51:13+00:00","dateModified":"2022-06-09T06:24:26+00:00","breadcrumb":{"@id":"https:\/\/aktuelles.uni-frankfurt.de\/veranstaltungen\/auftakt-am-8-juni-mit-oder-ohne-gott-religionen-in-der-pluralen-gesellschaft\/#breadcrumb"},"inLanguage":"en-GB","potentialAction":[{"@type":"ReadAction","target":["https:\/\/aktuelles.uni-frankfurt.de\/veranstaltungen\/auftakt-am-8-juni-mit-oder-ohne-gott-religionen-in-der-pluralen-gesellschaft\/"]}]},{"@type":"ImageObject","inLanguage":"en-GB","@id":"https:\/\/aktuelles.uni-frankfurt.de\/veranstaltungen\/auftakt-am-8-juni-mit-oder-ohne-gott-religionen-in-der-pluralen-gesellschaft\/#primaryimage","url":"https:\/\/aktuelles.uni-frankfurt.de\/wp-content\/uploads\/2022\/05\/beitragsbild_Buergeruni_Religionen.png","contentUrl":"https:\/\/aktuelles.uni-frankfurt.de\/wp-content\/uploads\/2022\/05\/beitragsbild_Buergeruni_Religionen.png","width":650,"height":450},{"@type":"BreadcrumbList","@id":"https:\/\/aktuelles.uni-frankfurt.de\/veranstaltungen\/auftakt-am-8-juni-mit-oder-ohne-gott-religionen-in-der-pluralen-gesellschaft\/#breadcrumb","itemListElement":[{"@type":"ListItem","position":1,"name":"Startseite","item":"https:\/\/aktuelles.uni-frankfurt.de\/"},{"@type":"ListItem","position":2,"name":"Auftakt am 8. Juni: &#8220;Mit oder ohne Gott? Religionen in der pluralen Gesellschaft&#8221;"}]},{"@type":"WebSite","@id":"https:\/\/aktuelles.uni-frankfurt.de\/#website","url":"https:\/\/aktuelles.uni-frankfurt.de\/","name":"Aktuelles aus der Goethe-Universit\u00e4t Frankfurt","description":"Aktuelles aus der Goethe-Universit\u00e4t | Neues aus Forschung, Lehre, Studium","publisher":{"@id":"https:\/\/aktuelles.uni-frankfurt.de\/#organization"},"potentialAction":[{"@type":"SearchAction","target":{"@type":"EntryPoint","urlTemplate":"https:\/\/aktuelles.uni-frankfurt.de\/?s={search_term_string}"},"query-input":{"@type":"PropertyValueSpecification","valueRequired":true,"valueName":"search_term_string"}}],"inLanguage":"en-GB"},{"@type":"Organization","@id":"https:\/\/aktuelles.uni-frankfurt.de\/#organization","name":"Goethe University Frankfurt","url":"https:\/\/aktuelles.uni-frankfurt.de\/","logo":{"@type":"ImageObject","inLanguage":"en-GB","@id":"https:\/\/aktuelles.uni-frankfurt.de\/#\/schema\/logo\/image\/","url":"https:\/\/aktuelles.uni-frankfurt.de\/wp-content\/uploads\/2022\/03\/800px-Goethe-Logo.png","contentUrl":"https:\/\/aktuelles.uni-frankfurt.de\/wp-content\/uploads\/2022\/03\/800px-Goethe-Logo.png","width":800,"height":436,"caption":"Goethe-Universit\u00e4t"},"image":{"@id":"https:\/\/aktuelles.uni-frankfurt.de\/#\/schema\/logo\/image\/"}},{"@type":"Person","@id":"https:\/\/aktuelles.uni-frankfurt.de\/#\/schema\/person\/8e55ea338fb65d1ce87a91565d1f1739","name":"-","description":"Dieser Beitrag wurde von der Online-Redaktion ver\u00f6ffentlicht. Wenn der Beitrag von einem Gastautoren verfasst wurde, findet sich dieser Hinweis am Ende des jeweiligen Artikels.","sameAs":["http:\/\/aktuelles.uni-frankfurt.de\/autoren"],"url":"https:\/\/aktuelles.uni-frankfurt.de\/en\/author\/redaktion\/"}]}},"_links":{"self":[{"href":"https:\/\/aktuelles.uni-frankfurt.de\/en\/wp-json\/wp\/v2\/posts\/59226","targetHints":{"allow":["GET"]}}],"collection":[{"href":"https:\/\/aktuelles.uni-frankfurt.de\/en\/wp-json\/wp\/v2\/posts"}],"about":[{"href":"https:\/\/aktuelles.uni-frankfurt.de\/en\/wp-json\/wp\/v2\/types\/post"}],"author":[{"embeddable":true,"href":"https:\/\/aktuelles.uni-frankfurt.de\/en\/wp-json\/wp\/v2\/users\/8"}],"replies":[{"embeddable":true,"href":"https:\/\/aktuelles.uni-frankfurt.de\/en\/wp-json\/wp\/v2\/comments?post=59226"}],"version-history":[{"count":0,"href":"https:\/\/aktuelles.uni-frankfurt.de\/en\/wp-json\/wp\/v2\/posts\/59226\/revisions"}],"wp:featuredmedia":[{"embeddable":true,"href":"https:\/\/aktuelles.uni-frankfurt.de\/en\/wp-json\/wp\/v2\/media\/59270"}],"wp:attachment":[{"href":"https:\/\/aktuelles.uni-frankfurt.de\/en\/wp-json\/wp\/v2\/media?parent=59226"}],"wp:term":[{"taxonomy":"category","embeddable":true,"href":"https:\/\/aktuelles.uni-frankfurt.de\/en\/wp-json\/wp\/v2\/categories?post=59226"},{"taxonomy":"post_tag","embeddable":true,"href":"https:\/\/aktuelles.uni-frankfurt.de\/en\/wp-json\/wp\/v2\/tags?post=59226"},{"taxonomy":"post_folder","embeddable":true,"href":"https:\/\/aktuelles.uni-frankfurt.de\/en\/wp-json\/wp\/v2\/post_folder?post=59226"}],"curies":[{"name":"wp","href":"https:\/\/api.w.org\/{rel}","templated":true}]}}