{"id":60373,"date":"2022-07-14T16:38:32","date_gmt":"2022-07-14T14:38:32","guid":{"rendered":"https:\/\/aktuelles.uni-frankfurt.de\/?p=60373"},"modified":"2022-07-14T16:38:33","modified_gmt":"2022-07-14T14:38:33","slug":"physik-an-der-goethe-universitaet-auszeichnung-fuer-herausragende-forschung-lehre-und-studienabschluesse","status":"publish","type":"post","link":"https:\/\/aktuelles.uni-frankfurt.de\/en\/studium\/physik-an-der-goethe-universitaet-auszeichnung-fuer-herausragende-forschung-lehre-und-studienabschluesse\/","title":{"rendered":"Physik an der Goethe-Universit\u00e4t: Auszeichnung f\u00fcr herausragende Forschung, Lehre und Studienabschl\u00fcsse"},"content":{"rendered":"<figure class=\"wp-block-image aligncenter size-full\"><a href=\"https:\/\/aktuelles.uni-frankfurt.de\/wp-content\/uploads\/2022\/07\/beitragsbild_akademische-feier-physik.jpg\"><img fetchpriority=\"high\" decoding=\"async\" width=\"650\" height=\"450\" src=\"https:\/\/aktuelles.uni-frankfurt.de\/wp-content\/uploads\/2022\/07\/beitragsbild_akademische-feier-physik.jpg\" alt=\"\" class=\"wp-image-60374\" srcset=\"https:\/\/aktuelles.uni-frankfurt.de\/wp-content\/uploads\/2022\/07\/beitragsbild_akademische-feier-physik.jpg 650w, https:\/\/aktuelles.uni-frankfurt.de\/wp-content\/uploads\/2022\/07\/beitragsbild_akademische-feier-physik-300x208.jpg 300w\" sizes=\"(max-width: 650px) 100vw, 650px\" \/><\/a><figcaption>Gruppenfoto mit Preistr\u00e4gern: Die akademische Feier der Physik. Foto: Fabian Feldmann<\/figcaption><\/figure>\n\n\n\n<p><em><strong>Akademische Feier des Fachbereichs Physik der Goethe-Universit\u00e4t zusammen mit Walter Greiner Gesellschaft und FIAS<\/strong><\/em><\/p>\n\n\n\n<p>Mehrere Physikerinnen und Physiker der Goethe-Universit\u00e4t sind auf der akademischen Feier des Fachbereichs Physik am 08. Juli 2022 f\u00fcr ihre exzellente Forschung, ihre packende Lehre und ihre herausragenden Studienabschl\u00fcsse mit Preisen in H\u00f6he von insgesamt mehr als 150.000 Euro geehrt worden. Die akademische Feier veranstaltete der Fachbereich gemeinsam mit der 1998 von Fachbereichsmitgliedern und Frankfurter B\u00fcrgern gegr\u00fcndete Walter Greiner Gesellschaft zur F\u00f6rderung physikalischer Grundlagenforschung sowie dem Frankfurter Thinktank FIAS (Frankfurt Institute of Advanced Studies), einer Stiftung der Goethe-Universit\u00e4t, die von privaten Stifterinnen und Stiftern unterst\u00fctzt wird. Unter anderem wurde auch das Programm der Rolf und Edith Sandvoss-Stipendien f\u00fcr Bachelor- und Master-Abschlussarbeiten vorgestellt, das schon seit 2017 Studierenden mit finanziellen Notlagen hilft. Nach den Reden und Ehrungen feierten die Physikerinnen und Physiker bis Mitternacht im Campus-Restaurant \u201epi x Gaumen\u201c.<\/p>\n\n\n\n<div style=\"height:10px\" aria-hidden=\"true\" class=\"wp-block-spacer\"><\/div>\n\n\n\n<h4 class=\"wp-block-heading\">Laureatus-Professuren<\/h4>\n\n\n\n<p>F\u00fcr ihre herausragenden Leistungen auf dem Gebiet der theoretischen Physik wurde Prof. Dr. <strong>Roser Valent\u00ed<\/strong> die Stefan-Lyson-Laureatus-Professur verliehen. Prof. Dr. <strong>Luciano Rezzolla<\/strong> erhielt die Carl-Wilhelm-Fueck-Laureatus-Professur f\u00fcr seine herausragenden Arbeiten auf dem Gebiet der Astrophysik. (<a href=\"https:\/\/aktuelles.uni-frankfurt.de\/forschung\/frankfurter-physik-feiert-laureatus-professuren-an-der-goethe-universitaet\/\">siehe auch<\/a>)<\/p>\n\n\n\n<div style=\"height:10px\" aria-hidden=\"true\" class=\"wp-block-spacer\"><\/div>\n\n\n\n<h4 class=\"wp-block-heading\">Niko-Claus-Preis f\u00fcr gute Lehre<\/h4>\n\n\n\n<p>Studierende schlagen j\u00e4hrlich die Kandidatinnen und Kandidaten des Preises f\u00fcr gute Lehre vor, der seit 2016 vom Fachbereich Physik verliehen wird. Seit 2019 ist der Preis nach den beiden Stiftern Dr. Dr. h.c. Nikolaus \u201eNiko\u201c Hensel und Claus Wisser benannt. Der Preistr\u00e4ger der Auszeichnung f\u00fcr 2022 war Dr. Dr.<strong> Matthias Hanauske<\/strong>, dessen besonderes Engagement in der Lehre w\u00e4hrend der durch die Pandemie bedingten Einschr\u00e4nkungen gew\u00fcrdigt wurde. Nachgeholt wurde auf der Feier die Ehrung der Preistr\u00e4gerin von 2021, <strong>Julia Sammet<\/strong>. Sie hat ein Lernzentrum f\u00fcr Studierende gegr\u00fcndet, deren Fach Physikkenntnisse erfordert.<\/p>\n\n\n\n<div style=\"height:10px\" aria-hidden=\"true\" class=\"wp-block-spacer\"><\/div>\n\n\n\n<h4 class=\"wp-block-heading\">Wissenschaftspreis der Frankfurter Physik<\/h4>\n\n\n\n<p>Mit exzellenten wissenschaftlichen Arbeiten machten 2022 zwei Wissenschaftler des Fachbereichs Physik auf sich aufmerksam und erhielten den Wissenschaftspreis der Frankfurter Physik. Das Preisgeld stammte von der Carl-Wilhelm-Fueck-Stiftung und der Walter Greiner Gesellschaft zur F\u00f6rderung physikalischer Grundlagenforschung.<\/p>\n\n\n\n<p>Dr.<strong> Alejandro Cruz-Osorio<\/strong> erstellte ein theoretisches Modell zur Entstehung eines gigantischen Teilchenstrahls (Jet), der von der Riesengalaxie M87 ausgesto\u00dfen wird.<\/p>\n\n\n\n<p>Dr.<strong> Kang Lin<\/strong> untersuchte experimentell die Rolle der Retardierung des elektromagnetischen Feldes in Ionisationsprozessen in starken Laserfeldern.<\/p>\n\n\n\n<p>Als Preistr\u00e4ger von 2021 wurde Prof. Dr. <strong>Thomas Wilhelm<\/strong> f\u00fcr seine herausragenden Arbeiten zur Entwicklung und Evaluation von Unterrichtskonzepten f\u00fcr den Physikunterricht ausgezeichnet. Unter anderem wurde unter seiner Verantwortung 2013 ein Sch\u00fclerlaborbetrieb eingerichtet. Prof. Dr. Thomas Wilhelm erfreute die Zuh\u00f6rer au\u00dferdem mit einem anregenden Vortrag \u00fcber neuere didaktische Konzepte im Physik &#8211; Unterricht.<\/p>\n\n\n\n<div style=\"height:10px\" aria-hidden=\"true\" class=\"wp-block-spacer\"><\/div>\n\n\n\n<h4 class=\"wp-block-heading\">Physik-Dissertation<\/h4>\n\n\n\n<p>Der Walter-Greiner-Preis ging an Wissenschaftler f\u00fcr die besten Physik-Dissertationen des Jahres. Das Preisgeld stifteten die Carl-Wilhelm-Fueck-Stiftung und die Walter Greiner Gesellschaft zur F\u00f6rderung physikalischer Grundlagenforschung. Die Preise von 2022 erhielten:<\/p>\n\n\n\n<p><strong>Dr. Julian Schmidt-Engler<\/strong> f\u00fcr seine experimentelle Dissertation \u201eLocal Dynamics and Structural Heterogeneity in Proteins on the Femtosecond to Picosecond Timescale &#8211; 2D-IR Spectroscopy of Vibrational Labels\u201c. Er wurde betreut von Prof. Dr. Jens Bredenbeck.<\/p>\n\n\n\n<p><strong>Dr. Karim Zantout<\/strong> f\u00fcr seine theoretische Dissertation \u201eThe Two-Particle Self-Consistent approach and its application to real materials\u201c. Seine Betreuerin war Prof. Dr. Roser Valent\u00ed.<\/p>\n\n\n\n<p>Da die Preisverleihung 2021 pandemiebedingt abgesagt werden musste, wurden im Rahmen der Feierstunde auch die Preistr\u00e4ger von 2021 geehrt:<\/p>\n\n\n\n<p><strong>Dr. Kilian Fehre<\/strong> f\u00fcr seine experimentelle Dissertation \u201eMultikoinzidenzstudien zur Ionisation chiraler Molek\u00fcle in kurzen Laserpulsen. Er wurde betreut von Prof. Dr. Reinhard D\u00f6rner.<\/p>\n\n\n\n<p><strong>Dr. Bernhard Irsigler <\/strong>f\u00fcr seine theoretische Dissertation \u201eHofstadter-Hubbard Physics.\u201c Sein Betreuer war Prof. Dr. Walter Hofstetter.<\/p>\n\n\n\n<div style=\"height:10px\" aria-hidden=\"true\" class=\"wp-block-spacer\"><\/div>\n\n\n\n<h4 class=\"wp-block-heading\">Beste Studienabschl\u00fcsse<\/h4>\n\n\n\n<p>\u00dcber Auszeichnungen f\u00fcr die besten Studienabschl\u00fcsse f\u00fcr 2022 konnten sich f\u00fcnf Studierende des Fachbereichs Physik freuen:<strong> Jan Lennart B\u00f6nsel, Anton Goertz, Tim Neidig, Benedict Heybeck<\/strong> und <strong>Carolin Roskothen. <\/strong>Die Preistr\u00e4ger von 2021 waren<strong> Laurin Pannullo, Marcel J\u00fcngling, Christian Schwarz, Miguel Salg<\/strong> und<strong> David Wagner<\/strong>. Das Preisgeld wurde gestiftet vom Ehepaar S\u00e4ttele und derWalter Greiner Gesellschaft zur F\u00f6rderung physikalischer Grundlagenforschung.<\/p>\n\n\n\n<div style=\"height:10px\" aria-hidden=\"true\" class=\"wp-block-spacer\"><\/div>\n\n\n\n<h4 class=\"wp-block-heading\">Gender- und Diversity-Engagement<\/h4>\n\n\n\n<p>Zwei Arbeitsgruppen zeichnete der Gleichstellungsrat des Fachbereichs Physik mit dem Preis f\u00fcr besonderes Engagement in Gender- und Diversity-Aspekten aus: die Arbeitsgruppe von Prof. Dr. <strong>Alberica Toia<\/strong> und die Arbeitsgruppe von Prof. Dr. <strong>Marcus Bleicher<\/strong>. <strong><\/strong><\/p>","protected":false},"excerpt":{"rendered":"<p>Akademische Feier des Fachbereichs Physik der Goethe-Universit\u00e4t zusammen mit Walter Greiner Gesellschaft und FIAS Mehrere Physikerinnen und Physiker der Goethe-Universit\u00e4t sind auf der akademischen Feier des Fachbereichs Physik am 08. [&hellip;]<\/p>\n","protected":false},"author":8,"featured_media":60374,"comment_status":"closed","ping_status":"closed","sticky":false,"template":"","format":"standard","meta":{"_eb_attr":"","_price":"","_stock":"","_tribe_ticket_header":"","_tribe_default_ticket_provider":"","_ticket_start_date":"","_ticket_end_date":"","_tribe_ticket_show_description":"","_tribe_ticket_show_not_going":false,"_tribe_ticket_use_global_stock":"","_tribe_ticket_global_stock_level":"","_global_stock_mode":"","_global_stock_cap":"","_tribe_rsvp_for_event":"","_tribe_ticket_going_count":"","_tribe_ticket_not_going_count":"","_tribe_tickets_list":"[]","_tribe_ticket_has_attendee_info_fields":false,"footnotes":""},"categories":[3,9,91],"tags":[55,23],"post_folder":[],"class_list":["post-60373","post","type-post","status-publish","format-standard","has-post-thumbnail","hentry","category-forschung","category-studium","category-zticky","tag-lehre","tag-physik"],"yoast_head":"<!-- This site is optimized with the Yoast SEO plugin v27.5 - https:\/\/yoast.com\/product\/yoast-seo-wordpress\/ -->\n<title>Physik an der Goethe-Universit\u00e4t: Auszeichnung f\u00fcr herausragende Forschung, Lehre und Studienabschl\u00fcsse | Aktuelles aus der Goethe-Universit\u00e4t Frankfurt<\/title>\n<meta name=\"robots\" content=\"index, follow, max-snippet:-1, max-image-preview:large, max-video-preview:-1\" \/>\n<link rel=\"canonical\" href=\"https:\/\/aktuelles.uni-frankfurt.de\/en\/studium\/physik-an-der-goethe-universitaet-auszeichnung-fuer-herausragende-forschung-lehre-und-studienabschluesse\/\" \/>\n<meta property=\"og:locale\" content=\"en_GB\" \/>\n<meta property=\"og:type\" content=\"article\" \/>\n<meta property=\"og:title\" content=\"Physik an der Goethe-Universit\u00e4t: Auszeichnung f\u00fcr herausragende Forschung, Lehre und Studienabschl\u00fcsse | Aktuelles aus der Goethe-Universit\u00e4t Frankfurt\" \/>\n<meta property=\"og:description\" content=\"Akademische Feier des Fachbereichs Physik der Goethe-Universit\u00e4t zusammen mit Walter Greiner Gesellschaft und FIAS Mehrere Physikerinnen und Physiker der Goethe-Universit\u00e4t sind auf der akademischen Feier des Fachbereichs Physik am 08. [&hellip;]\" \/>\n<meta property=\"og:url\" content=\"https:\/\/aktuelles.uni-frankfurt.de\/en\/studium\/physik-an-der-goethe-universitaet-auszeichnung-fuer-herausragende-forschung-lehre-und-studienabschluesse\/\" \/>\n<meta property=\"og:site_name\" content=\"Aktuelles aus der Goethe-Universit\u00e4t Frankfurt\" \/>\n<meta property=\"article:published_time\" content=\"2022-07-14T14:38:32+00:00\" \/>\n<meta property=\"article:modified_time\" content=\"2022-07-14T14:38:33+00:00\" \/>\n<meta property=\"og:image\" content=\"https:\/\/aktuelles.uni-frankfurt.de\/wp-content\/uploads\/2022\/07\/beitragsbild_akademische-feier-physik.jpg\" \/>\n\t<meta property=\"og:image:width\" content=\"650\" \/>\n\t<meta property=\"og:image:height\" content=\"450\" \/>\n\t<meta property=\"og:image:type\" content=\"image\/jpeg\" \/>\n<meta name=\"author\" content=\"-\" \/>\n<meta name=\"twitter:card\" content=\"summary_large_image\" \/>\n<meta name=\"twitter:label1\" content=\"Written by\" \/>\n\t<meta name=\"twitter:data1\" content=\"-\" \/>\n\t<meta name=\"twitter:label2\" content=\"Estimated reading time\" \/>\n\t<meta name=\"twitter:data2\" content=\"4 minutes\" \/>\n<script type=\"application\/ld+json\" class=\"yoast-schema-graph\">{\"@context\":\"https:\\\/\\\/schema.org\",\"@graph\":[{\"@type\":\"Article\",\"@id\":\"https:\\\/\\\/aktuelles.uni-frankfurt.de\\\/studium\\\/physik-an-der-goethe-universitaet-auszeichnung-fuer-herausragende-forschung-lehre-und-studienabschluesse\\\/#article\",\"isPartOf\":{\"@id\":\"https:\\\/\\\/aktuelles.uni-frankfurt.de\\\/studium\\\/physik-an-der-goethe-universitaet-auszeichnung-fuer-herausragende-forschung-lehre-und-studienabschluesse\\\/\"},\"author\":{\"name\":\"-\",\"@id\":\"https:\\\/\\\/aktuelles.uni-frankfurt.de\\\/#\\\/schema\\\/person\\\/8e55ea338fb65d1ce87a91565d1f1739\"},\"headline\":\"Physik an der Goethe-Universit\u00e4t: Auszeichnung f\u00fcr herausragende Forschung, Lehre und Studienabschl\u00fcsse\",\"datePublished\":\"2022-07-14T14:38:32+00:00\",\"dateModified\":\"2022-07-14T14:38:33+00:00\",\"mainEntityOfPage\":{\"@id\":\"https:\\\/\\\/aktuelles.uni-frankfurt.de\\\/studium\\\/physik-an-der-goethe-universitaet-auszeichnung-fuer-herausragende-forschung-lehre-und-studienabschluesse\\\/\"},\"wordCount\":710,\"publisher\":{\"@id\":\"https:\\\/\\\/aktuelles.uni-frankfurt.de\\\/#organization\"},\"image\":{\"@id\":\"https:\\\/\\\/aktuelles.uni-frankfurt.de\\\/studium\\\/physik-an-der-goethe-universitaet-auszeichnung-fuer-herausragende-forschung-lehre-und-studienabschluesse\\\/#primaryimage\"},\"thumbnailUrl\":\"https:\\\/\\\/aktuelles.uni-frankfurt.de\\\/wp-content\\\/uploads\\\/2022\\\/07\\\/beitragsbild_akademische-feier-physik.jpg\",\"keywords\":[\"Lehre\",\"Physik\"],\"articleSection\":[\"Forschung\",\"Studium\",\"Zticky\"],\"inLanguage\":\"en-GB\"},{\"@type\":\"WebPage\",\"@id\":\"https:\\\/\\\/aktuelles.uni-frankfurt.de\\\/studium\\\/physik-an-der-goethe-universitaet-auszeichnung-fuer-herausragende-forschung-lehre-und-studienabschluesse\\\/\",\"url\":\"https:\\\/\\\/aktuelles.uni-frankfurt.de\\\/studium\\\/physik-an-der-goethe-universitaet-auszeichnung-fuer-herausragende-forschung-lehre-und-studienabschluesse\\\/\",\"name\":\"Physik an der Goethe-Universit\u00e4t: Auszeichnung f\u00fcr herausragende Forschung, Lehre und Studienabschl\u00fcsse | Aktuelles aus der Goethe-Universit\u00e4t Frankfurt\",\"isPartOf\":{\"@id\":\"https:\\\/\\\/aktuelles.uni-frankfurt.de\\\/#website\"},\"primaryImageOfPage\":{\"@id\":\"https:\\\/\\\/aktuelles.uni-frankfurt.de\\\/studium\\\/physik-an-der-goethe-universitaet-auszeichnung-fuer-herausragende-forschung-lehre-und-studienabschluesse\\\/#primaryimage\"},\"image\":{\"@id\":\"https:\\\/\\\/aktuelles.uni-frankfurt.de\\\/studium\\\/physik-an-der-goethe-universitaet-auszeichnung-fuer-herausragende-forschung-lehre-und-studienabschluesse\\\/#primaryimage\"},\"thumbnailUrl\":\"https:\\\/\\\/aktuelles.uni-frankfurt.de\\\/wp-content\\\/uploads\\\/2022\\\/07\\\/beitragsbild_akademische-feier-physik.jpg\",\"datePublished\":\"2022-07-14T14:38:32+00:00\",\"dateModified\":\"2022-07-14T14:38:33+00:00\",\"breadcrumb\":{\"@id\":\"https:\\\/\\\/aktuelles.uni-frankfurt.de\\\/studium\\\/physik-an-der-goethe-universitaet-auszeichnung-fuer-herausragende-forschung-lehre-und-studienabschluesse\\\/#breadcrumb\"},\"inLanguage\":\"en-GB\",\"potentialAction\":[{\"@type\":\"ReadAction\",\"target\":[\"https:\\\/\\\/aktuelles.uni-frankfurt.de\\\/studium\\\/physik-an-der-goethe-universitaet-auszeichnung-fuer-herausragende-forschung-lehre-und-studienabschluesse\\\/\"]}]},{\"@type\":\"ImageObject\",\"inLanguage\":\"en-GB\",\"@id\":\"https:\\\/\\\/aktuelles.uni-frankfurt.de\\\/studium\\\/physik-an-der-goethe-universitaet-auszeichnung-fuer-herausragende-forschung-lehre-und-studienabschluesse\\\/#primaryimage\",\"url\":\"https:\\\/\\\/aktuelles.uni-frankfurt.de\\\/wp-content\\\/uploads\\\/2022\\\/07\\\/beitragsbild_akademische-feier-physik.jpg\",\"contentUrl\":\"https:\\\/\\\/aktuelles.uni-frankfurt.de\\\/wp-content\\\/uploads\\\/2022\\\/07\\\/beitragsbild_akademische-feier-physik.jpg\",\"width\":650,\"height\":450,\"caption\":\"Gruppenfoto mit Preistr\u00e4gern: Die akademische Feier der Physik. Foto: Fabian Feldmann\"},{\"@type\":\"BreadcrumbList\",\"@id\":\"https:\\\/\\\/aktuelles.uni-frankfurt.de\\\/studium\\\/physik-an-der-goethe-universitaet-auszeichnung-fuer-herausragende-forschung-lehre-und-studienabschluesse\\\/#breadcrumb\",\"itemListElement\":[{\"@type\":\"ListItem\",\"position\":1,\"name\":\"Startseite\",\"item\":\"https:\\\/\\\/aktuelles.uni-frankfurt.de\\\/\"},{\"@type\":\"ListItem\",\"position\":2,\"name\":\"Physik an der Goethe-Universit\u00e4t: Auszeichnung f\u00fcr herausragende Forschung, Lehre und Studienabschl\u00fcsse\"}]},{\"@type\":\"WebSite\",\"@id\":\"https:\\\/\\\/aktuelles.uni-frankfurt.de\\\/#website\",\"url\":\"https:\\\/\\\/aktuelles.uni-frankfurt.de\\\/\",\"name\":\"Aktuelles aus der Goethe-Universit\u00e4t Frankfurt\",\"description\":\"Aktuelles aus der Goethe-Universit\u00e4t | Neues aus Forschung, Lehre, Studium\",\"publisher\":{\"@id\":\"https:\\\/\\\/aktuelles.uni-frankfurt.de\\\/#organization\"},\"potentialAction\":[{\"@type\":\"SearchAction\",\"target\":{\"@type\":\"EntryPoint\",\"urlTemplate\":\"https:\\\/\\\/aktuelles.uni-frankfurt.de\\\/?s={search_term_string}\"},\"query-input\":{\"@type\":\"PropertyValueSpecification\",\"valueRequired\":true,\"valueName\":\"search_term_string\"}}],\"inLanguage\":\"en-GB\"},{\"@type\":\"Organization\",\"@id\":\"https:\\\/\\\/aktuelles.uni-frankfurt.de\\\/#organization\",\"name\":\"Goethe-Universit\u00e4t\",\"url\":\"https:\\\/\\\/aktuelles.uni-frankfurt.de\\\/\",\"logo\":{\"@type\":\"ImageObject\",\"inLanguage\":\"en-GB\",\"@id\":\"https:\\\/\\\/aktuelles.uni-frankfurt.de\\\/#\\\/schema\\\/logo\\\/image\\\/\",\"url\":\"https:\\\/\\\/aktuelles.uni-frankfurt.de\\\/wp-content\\\/uploads\\\/2022\\\/03\\\/800px-Goethe-Logo.png\",\"contentUrl\":\"https:\\\/\\\/aktuelles.uni-frankfurt.de\\\/wp-content\\\/uploads\\\/2022\\\/03\\\/800px-Goethe-Logo.png\",\"width\":800,\"height\":436,\"caption\":\"Goethe-Universit\u00e4t\"},\"image\":{\"@id\":\"https:\\\/\\\/aktuelles.uni-frankfurt.de\\\/#\\\/schema\\\/logo\\\/image\\\/\"}},{\"@type\":\"Person\",\"@id\":\"https:\\\/\\\/aktuelles.uni-frankfurt.de\\\/#\\\/schema\\\/person\\\/8e55ea338fb65d1ce87a91565d1f1739\",\"name\":\"-\",\"description\":\"Dieser Beitrag wurde von der Online-Redaktion ver\u00f6ffentlicht. Wenn der Beitrag von einem Gastautoren verfasst wurde, findet sich dieser Hinweis am Ende des jeweiligen Artikels.\",\"sameAs\":[\"http:\\\/\\\/aktuelles.uni-frankfurt.de\\\/autoren\"],\"url\":\"https:\\\/\\\/aktuelles.uni-frankfurt.de\\\/en\\\/author\\\/redaktion\\\/\"}]}<\/script>\n<!-- \/ Yoast SEO plugin. -->","yoast_head_json":{"title":"Physik an der Goethe-Universit\u00e4t: Auszeichnung f\u00fcr herausragende Forschung, Lehre und Studienabschl\u00fcsse | Aktuelles aus der Goethe-Universit\u00e4t Frankfurt","robots":{"index":"index","follow":"follow","max-snippet":"max-snippet:-1","max-image-preview":"max-image-preview:large","max-video-preview":"max-video-preview:-1"},"canonical":"https:\/\/aktuelles.uni-frankfurt.de\/en\/studium\/physik-an-der-goethe-universitaet-auszeichnung-fuer-herausragende-forschung-lehre-und-studienabschluesse\/","og_locale":"en_GB","og_type":"article","og_title":"Physik an der Goethe-Universit\u00e4t: Auszeichnung f\u00fcr herausragende Forschung, Lehre und Studienabschl\u00fcsse | Aktuelles aus der Goethe-Universit\u00e4t Frankfurt","og_description":"Akademische Feier des Fachbereichs Physik der Goethe-Universit\u00e4t zusammen mit Walter Greiner Gesellschaft und FIAS Mehrere Physikerinnen und Physiker der Goethe-Universit\u00e4t sind auf der akademischen Feier des Fachbereichs Physik am 08. [&hellip;]","og_url":"https:\/\/aktuelles.uni-frankfurt.de\/en\/studium\/physik-an-der-goethe-universitaet-auszeichnung-fuer-herausragende-forschung-lehre-und-studienabschluesse\/","og_site_name":"Aktuelles aus der Goethe-Universit\u00e4t Frankfurt","article_published_time":"2022-07-14T14:38:32+00:00","article_modified_time":"2022-07-14T14:38:33+00:00","og_image":[{"width":650,"height":450,"url":"https:\/\/aktuelles.uni-frankfurt.de\/wp-content\/uploads\/2022\/07\/beitragsbild_akademische-feier-physik.jpg","type":"image\/jpeg"}],"author":"-","twitter_card":"summary_large_image","twitter_misc":{"Written by":"-","Estimated reading time":"4 minutes"},"schema":{"@context":"https:\/\/schema.org","@graph":[{"@type":"Article","@id":"https:\/\/aktuelles.uni-frankfurt.de\/studium\/physik-an-der-goethe-universitaet-auszeichnung-fuer-herausragende-forschung-lehre-und-studienabschluesse\/#article","isPartOf":{"@id":"https:\/\/aktuelles.uni-frankfurt.de\/studium\/physik-an-der-goethe-universitaet-auszeichnung-fuer-herausragende-forschung-lehre-und-studienabschluesse\/"},"author":{"name":"-","@id":"https:\/\/aktuelles.uni-frankfurt.de\/#\/schema\/person\/8e55ea338fb65d1ce87a91565d1f1739"},"headline":"Physik an der Goethe-Universit\u00e4t: Auszeichnung f\u00fcr herausragende Forschung, Lehre und Studienabschl\u00fcsse","datePublished":"2022-07-14T14:38:32+00:00","dateModified":"2022-07-14T14:38:33+00:00","mainEntityOfPage":{"@id":"https:\/\/aktuelles.uni-frankfurt.de\/studium\/physik-an-der-goethe-universitaet-auszeichnung-fuer-herausragende-forschung-lehre-und-studienabschluesse\/"},"wordCount":710,"publisher":{"@id":"https:\/\/aktuelles.uni-frankfurt.de\/#organization"},"image":{"@id":"https:\/\/aktuelles.uni-frankfurt.de\/studium\/physik-an-der-goethe-universitaet-auszeichnung-fuer-herausragende-forschung-lehre-und-studienabschluesse\/#primaryimage"},"thumbnailUrl":"https:\/\/aktuelles.uni-frankfurt.de\/wp-content\/uploads\/2022\/07\/beitragsbild_akademische-feier-physik.jpg","keywords":["Lehre","Physik"],"articleSection":["Forschung","Studium","Zticky"],"inLanguage":"en-GB"},{"@type":"WebPage","@id":"https:\/\/aktuelles.uni-frankfurt.de\/studium\/physik-an-der-goethe-universitaet-auszeichnung-fuer-herausragende-forschung-lehre-und-studienabschluesse\/","url":"https:\/\/aktuelles.uni-frankfurt.de\/studium\/physik-an-der-goethe-universitaet-auszeichnung-fuer-herausragende-forschung-lehre-und-studienabschluesse\/","name":"Physik an der Goethe-Universit\u00e4t: Auszeichnung f\u00fcr herausragende Forschung, Lehre und Studienabschl\u00fcsse | Aktuelles aus der Goethe-Universit\u00e4t Frankfurt","isPartOf":{"@id":"https:\/\/aktuelles.uni-frankfurt.de\/#website"},"primaryImageOfPage":{"@id":"https:\/\/aktuelles.uni-frankfurt.de\/studium\/physik-an-der-goethe-universitaet-auszeichnung-fuer-herausragende-forschung-lehre-und-studienabschluesse\/#primaryimage"},"image":{"@id":"https:\/\/aktuelles.uni-frankfurt.de\/studium\/physik-an-der-goethe-universitaet-auszeichnung-fuer-herausragende-forschung-lehre-und-studienabschluesse\/#primaryimage"},"thumbnailUrl":"https:\/\/aktuelles.uni-frankfurt.de\/wp-content\/uploads\/2022\/07\/beitragsbild_akademische-feier-physik.jpg","datePublished":"2022-07-14T14:38:32+00:00","dateModified":"2022-07-14T14:38:33+00:00","breadcrumb":{"@id":"https:\/\/aktuelles.uni-frankfurt.de\/studium\/physik-an-der-goethe-universitaet-auszeichnung-fuer-herausragende-forschung-lehre-und-studienabschluesse\/#breadcrumb"},"inLanguage":"en-GB","potentialAction":[{"@type":"ReadAction","target":["https:\/\/aktuelles.uni-frankfurt.de\/studium\/physik-an-der-goethe-universitaet-auszeichnung-fuer-herausragende-forschung-lehre-und-studienabschluesse\/"]}]},{"@type":"ImageObject","inLanguage":"en-GB","@id":"https:\/\/aktuelles.uni-frankfurt.de\/studium\/physik-an-der-goethe-universitaet-auszeichnung-fuer-herausragende-forschung-lehre-und-studienabschluesse\/#primaryimage","url":"https:\/\/aktuelles.uni-frankfurt.de\/wp-content\/uploads\/2022\/07\/beitragsbild_akademische-feier-physik.jpg","contentUrl":"https:\/\/aktuelles.uni-frankfurt.de\/wp-content\/uploads\/2022\/07\/beitragsbild_akademische-feier-physik.jpg","width":650,"height":450,"caption":"Gruppenfoto mit Preistr\u00e4gern: Die akademische Feier der Physik. Foto: Fabian Feldmann"},{"@type":"BreadcrumbList","@id":"https:\/\/aktuelles.uni-frankfurt.de\/studium\/physik-an-der-goethe-universitaet-auszeichnung-fuer-herausragende-forschung-lehre-und-studienabschluesse\/#breadcrumb","itemListElement":[{"@type":"ListItem","position":1,"name":"Startseite","item":"https:\/\/aktuelles.uni-frankfurt.de\/"},{"@type":"ListItem","position":2,"name":"Physik an der Goethe-Universit\u00e4t: Auszeichnung f\u00fcr herausragende Forschung, Lehre und Studienabschl\u00fcsse"}]},{"@type":"WebSite","@id":"https:\/\/aktuelles.uni-frankfurt.de\/#website","url":"https:\/\/aktuelles.uni-frankfurt.de\/","name":"Aktuelles aus der Goethe-Universit\u00e4t Frankfurt","description":"Aktuelles aus der Goethe-Universit\u00e4t | Neues aus Forschung, Lehre, Studium","publisher":{"@id":"https:\/\/aktuelles.uni-frankfurt.de\/#organization"},"potentialAction":[{"@type":"SearchAction","target":{"@type":"EntryPoint","urlTemplate":"https:\/\/aktuelles.uni-frankfurt.de\/?s={search_term_string}"},"query-input":{"@type":"PropertyValueSpecification","valueRequired":true,"valueName":"search_term_string"}}],"inLanguage":"en-GB"},{"@type":"Organization","@id":"https:\/\/aktuelles.uni-frankfurt.de\/#organization","name":"Goethe University Frankfurt","url":"https:\/\/aktuelles.uni-frankfurt.de\/","logo":{"@type":"ImageObject","inLanguage":"en-GB","@id":"https:\/\/aktuelles.uni-frankfurt.de\/#\/schema\/logo\/image\/","url":"https:\/\/aktuelles.uni-frankfurt.de\/wp-content\/uploads\/2022\/03\/800px-Goethe-Logo.png","contentUrl":"https:\/\/aktuelles.uni-frankfurt.de\/wp-content\/uploads\/2022\/03\/800px-Goethe-Logo.png","width":800,"height":436,"caption":"Goethe-Universit\u00e4t"},"image":{"@id":"https:\/\/aktuelles.uni-frankfurt.de\/#\/schema\/logo\/image\/"}},{"@type":"Person","@id":"https:\/\/aktuelles.uni-frankfurt.de\/#\/schema\/person\/8e55ea338fb65d1ce87a91565d1f1739","name":"-","description":"Dieser Beitrag wurde von der Online-Redaktion ver\u00f6ffentlicht. Wenn der Beitrag von einem Gastautoren verfasst wurde, findet sich dieser Hinweis am Ende des jeweiligen Artikels.","sameAs":["http:\/\/aktuelles.uni-frankfurt.de\/autoren"],"url":"https:\/\/aktuelles.uni-frankfurt.de\/en\/author\/redaktion\/"}]}},"_links":{"self":[{"href":"https:\/\/aktuelles.uni-frankfurt.de\/en\/wp-json\/wp\/v2\/posts\/60373","targetHints":{"allow":["GET"]}}],"collection":[{"href":"https:\/\/aktuelles.uni-frankfurt.de\/en\/wp-json\/wp\/v2\/posts"}],"about":[{"href":"https:\/\/aktuelles.uni-frankfurt.de\/en\/wp-json\/wp\/v2\/types\/post"}],"author":[{"embeddable":true,"href":"https:\/\/aktuelles.uni-frankfurt.de\/en\/wp-json\/wp\/v2\/users\/8"}],"replies":[{"embeddable":true,"href":"https:\/\/aktuelles.uni-frankfurt.de\/en\/wp-json\/wp\/v2\/comments?post=60373"}],"version-history":[{"count":0,"href":"https:\/\/aktuelles.uni-frankfurt.de\/en\/wp-json\/wp\/v2\/posts\/60373\/revisions"}],"wp:featuredmedia":[{"embeddable":true,"href":"https:\/\/aktuelles.uni-frankfurt.de\/en\/wp-json\/wp\/v2\/media\/60374"}],"wp:attachment":[{"href":"https:\/\/aktuelles.uni-frankfurt.de\/en\/wp-json\/wp\/v2\/media?parent=60373"}],"wp:term":[{"taxonomy":"category","embeddable":true,"href":"https:\/\/aktuelles.uni-frankfurt.de\/en\/wp-json\/wp\/v2\/categories?post=60373"},{"taxonomy":"post_tag","embeddable":true,"href":"https:\/\/aktuelles.uni-frankfurt.de\/en\/wp-json\/wp\/v2\/tags?post=60373"},{"taxonomy":"post_folder","embeddable":true,"href":"https:\/\/aktuelles.uni-frankfurt.de\/en\/wp-json\/wp\/v2\/post_folder?post=60373"}],"curies":[{"name":"wp","href":"https:\/\/api.w.org\/{rel}","templated":true}]}}