{"id":60870,"date":"2022-08-04T10:48:58","date_gmt":"2022-08-04T08:48:58","guid":{"rendered":"https:\/\/aktuelles.uni-frankfurt.de\/?p=60870"},"modified":"2022-08-04T10:48:58","modified_gmt":"2022-08-04T08:48:58","slug":"museumsdirektorin-dr-birgit-sander-verlaesst-das-museum-giersch-der-goethe-universitaet","status":"publish","type":"post","link":"https:\/\/aktuelles.uni-frankfurt.de\/en\/menschen\/museumsdirektorin-dr-birgit-sander-verlaesst-das-museum-giersch-der-goethe-universitaet\/","title":{"rendered":"Museumsdirektorin Dr. Birgit Sander verl\u00e4sst das Museum Giersch der Goethe-Universit\u00e4t"},"content":{"rendered":"<figure class=\"wp-block-image aligncenter size-full\"><a href=\"https:\/\/aktuelles.uni-frankfurt.de\/wp-content\/uploads\/2022\/08\/Beitragsbild_Sander.jpg\"><img fetchpriority=\"high\" decoding=\"async\" width=\"650\" height=\"450\" src=\"https:\/\/aktuelles.uni-frankfurt.de\/wp-content\/uploads\/2022\/08\/Beitragsbild_Sander.jpg\" alt=\"\" class=\"wp-image-60871\" srcset=\"https:\/\/aktuelles.uni-frankfurt.de\/wp-content\/uploads\/2022\/08\/Beitragsbild_Sander.jpg 650w, https:\/\/aktuelles.uni-frankfurt.de\/wp-content\/uploads\/2022\/08\/Beitragsbild_Sander-300x208.jpg 300w\" sizes=\"(max-width: 650px) 100vw, 650px\" \/><\/a><\/figure>\n\n\n\n<p>Dr. Birgit Sander verl\u00e4sst zum 31. Oktober 2022 das MGGU, Museum Giersch der Goethe-Universit\u00e4t. Seit der Gr\u00fcndung des Museums durch die Stiftung Giersch im Jahr 2000 arbeitete die Kunsthistorikerin in diesem Ausstellungshaus am Frankfurter Schaumainkai, zun\u00e4chst als wissenschaftliche Mitarbeiterin, dann ab 2005 als stellvertretende Leiterin und ab Mai 2020 als dessen Direktorin.<\/p>\n\n\n\n<p>Birgit Sander war am Aufbau des Museums ma\u00dfgeblich mitbeteiligt und pr\u00e4gte das Profil des auf kunst- und kulturgeschichtliche Themen mit Bezug zum Rhein-Main-Gebiet ausgerichteten Museums wesentlich mit. In ihrer mehr 20-j\u00e4hrigen T\u00e4tigkeit am Haus konzipierte und kuratierte sie zahlreiche Ausstellungen \u2013 darunter \u201eMarie-Louise von Moteszicky 1906\u20131966\u201c (2006), \u201eAnton Radl 1774\u20131852. Maler und Kupferstecher\u201c (2008) oder, \u201eHorcher in die Zeit. Ludwig Meidner im Exil\u201c (2016). Bei vielen Projekten war sie kuratorisch mitverantwortlich \u2013 erw\u00e4hnt seien die Ausstellungen \u201eExpressionismus im Rhein-Main-Gebiet. K\u00fcnstler, H\u00e4ndler, Sammler\u201c (2011), \u201eErsehnte Freiheit. Abstraktion in den 1950er Jahren\u201c (2017) oder \u201eFrobenius. Die Kunst des Forschens\u201c (2019). Sie ver\u00f6ffentliche zahlreiche wissenschaftliche Beitr\u00e4ge in den Katalogen des Museums und engagierte sich sehr f\u00fcr den Bereich Bildung und Vermittlung.<\/p>\n\n\n\n<p>Nachdem das Museum Giersch von der Stiftung Giersch anl\u00e4sslich des 100-j\u00e4hrigen Bestehens der Goethe-Universit\u00e4t an die Hochschule \u00fcbertragen worden war, forcierte sie gemeinsam mit dem Gr\u00fcndungsdirektor Dr. Manfred Gro\u00dfkinsky die Anbindung an die Universit\u00e4t und kooperierte mit universit\u00e4ren Partnern. Als Manfred Gro\u00dfkinsky Ende 2019 in Ruhestand ging, leitete sie das Haus zun\u00e4chst kommissarisch, bevor sie zum 1. Mai 2020 die Direktion \u00fcbernahm.<\/p>\n\n\n\n<p>In ihrer Zeit als Direktorin wurden die notwendigen umf\u00e4nglichen Sanierungsma\u00dfnahmen in der neoklassizistischen Museumsvilla (Klima, Sicherheit, Brandschutz, Umstellung auf LED-Technik, neues Kassensystem) in Angriff genommen und abgeschlossen. Zudem trieb Birgit Sander die Digitalisierung des Museums voran. Das gesamte Corporate Design des Hauses wurde erneuert. Die Website und deren Inhalte wurden neu gestaltet und \u2013 nicht zuletzt auch unter dem Eindruck der Corona-Pandemie \u2013 wurden neue digitale Vermittlungsformate etabliert. Auch trieb sie die weitere Vernetzung mit der Universit\u00e4t voran.<\/p>\n\n\n\n<p>Im Fr\u00fchjahr 2022 er\u00f6ffnete Birgit Sander das Museum wieder mit einer gro\u00dfen und erfolgreichen Retrospektive der beiden Frankfurter Fotografinnen Nini und Carry Hess. Als eine der Kuratorinnen zeichnet sie aktuell f\u00fcr die Ausstellung \u201eORTSWECHSEL. Die Kunstsammlung der Deutschen Bundesbank zu Gast im Museum Giersch der Goethe-Universit\u00e4t\u201c (noch bis 8.1.2023) mitverantwortlich, bei der die deutsche Zentralbank erstmalig ihre bedeutende Kunstsammlung moderner und zeitgen\u00f6ssischer Kunst \u00f6ffentlich in einem Museum pr\u00e4sentiert.<\/p>\n\n\n\n<p>\u201eIch freue mich, dass ich daran mitwirken konnte, das Museum Giersch der Goethe-Universit\u00e4t durch viel beachtete Ausstellungen zu einem renommierten, weit \u00fcber Frankfurt hinaus bekannten Ausstellungshaus zu machen und es als Direktorin gut f\u00fcr die Zukunft aufzustellen\u201c, so die scheidende Museumsleiterin und weiter: \u201eDer Stiftung Giersch und der Goethe-Universit\u00e4t Frankfurt danke ich f\u00fcr die Zusammenarbeit und das Vertrauen.\u201c<\/p>\n\n\n\n<p>\u201eDie Goethe-Universit\u00e4t verf\u00fcgt seit ihrem 100. Geburtstag mit dem Museum Giersch der Goethe-Universit\u00e4t \u00fcber ein \u201aSchaufenster\u2018 zur Stadt, in dem das in der Universit\u00e4t erarbeitete Wissen der Gesellschaft gezeigt und forschend pr\u00e4sentiert werden kann: Jede Ausstellung hat auf vielf\u00e4ltige Weise und bei vielerlei Adressaten zur Wissensvermehrung beigetragen. Dem steten und enthusiasmierten Einsatz von Frau Sander verdankt das MGGU, zu einem Schmuckst\u00fcck des Museumsufers und Aush\u00e4ngeschild der Goethe-Universit\u00e4t geworden zu sein\u201c, sagt Prof. Dr. Enrico Schleiff, Pr\u00e4sident der Goethe-Universit\u00e4t Frankfurt am Main.<\/p>\n\n\n\n<p>\u201eWir danken Dr. Birgit Sander f\u00fcr ihre langj\u00e4hrige T\u00e4tigkeit f\u00fcr das Museum. Mit ihrer Fachkompetenz und ihrem gro\u00dfen Engagement hat sie wesentlich zum Erfolg beigetragen. Wir w\u00fcnschen ihr f\u00fcr die Zukunft alles Gute\u201c, so Dipl. Kaufmann Stephan Rapp, Vorstand der Stiftung Giersch.&nbsp;<\/p>\n\n\n\n<p>Dr. Birgit Sander wird zum 1.11.2022 Vorstand der Rudolf-August Oetker-Stiftung und Gesch\u00e4ftsf\u00fchrerin der Kunstsammlung Rudolf August Oetker GmbH \u2013 beide Institutionen sollen zuk\u00fcnftig ihren Sitz in Frankfurt haben. &nbsp;<\/p>","protected":false},"excerpt":{"rendered":"<p>Dr. Birgit Sander verl\u00e4sst zum 31. Oktober 2022 das MGGU, Museum Giersch der Goethe-Universit\u00e4t. Seit der Gr\u00fcndung des Museums durch die Stiftung Giersch im Jahr 2000 arbeitete die Kunsthistorikerin in [&hellip;]<\/p>\n","protected":false},"author":8,"featured_media":60871,"comment_status":"closed","ping_status":"closed","sticky":false,"template":"","format":"standard","meta":{"_eb_attr":"","_price":"","_stock":"","_tribe_ticket_header":"","_tribe_default_ticket_provider":"","_ticket_start_date":"","_ticket_end_date":"","_tribe_ticket_show_description":"","_tribe_ticket_show_not_going":false,"_tribe_ticket_use_global_stock":"","_tribe_ticket_global_stock_level":"","_global_stock_mode":"","_global_stock_cap":"","_tribe_rsvp_for_event":"","_tribe_ticket_going_count":"","_tribe_ticket_not_going_count":"","_tribe_tickets_list":"[]","_tribe_ticket_has_attendee_info_fields":false,"footnotes":""},"categories":[6],"tags":[60],"post_folder":[],"class_list":["post-60870","post","type-post","status-publish","format-standard","has-post-thumbnail","hentry","category-menschen","tag-museum-giersch"],"yoast_head":"<!-- This site is optimized with the Yoast SEO plugin v27.5 - https:\/\/yoast.com\/product\/yoast-seo-wordpress\/ -->\n<title>Museumsdirektorin Dr. Birgit Sander verl\u00e4sst das Museum Giersch der Goethe-Universit\u00e4t | Aktuelles aus der Goethe-Universit\u00e4t Frankfurt<\/title>\n<meta name=\"robots\" content=\"index, follow, max-snippet:-1, max-image-preview:large, max-video-preview:-1\" \/>\n<link rel=\"canonical\" href=\"https:\/\/aktuelles.uni-frankfurt.de\/en\/menschen\/museumsdirektorin-dr-birgit-sander-verlaesst-das-museum-giersch-der-goethe-universitaet\/\" \/>\n<meta property=\"og:locale\" content=\"en_GB\" \/>\n<meta property=\"og:type\" content=\"article\" \/>\n<meta property=\"og:title\" content=\"Museumsdirektorin Dr. Birgit Sander verl\u00e4sst das Museum Giersch der Goethe-Universit\u00e4t | Aktuelles aus der Goethe-Universit\u00e4t Frankfurt\" \/>\n<meta property=\"og:description\" content=\"Dr. Birgit Sander verl\u00e4sst zum 31. Oktober 2022 das MGGU, Museum Giersch der Goethe-Universit\u00e4t. Seit der Gr\u00fcndung des Museums durch die Stiftung Giersch im Jahr 2000 arbeitete die Kunsthistorikerin in [&hellip;]\" \/>\n<meta property=\"og:url\" content=\"https:\/\/aktuelles.uni-frankfurt.de\/en\/menschen\/museumsdirektorin-dr-birgit-sander-verlaesst-das-museum-giersch-der-goethe-universitaet\/\" \/>\n<meta property=\"og:site_name\" content=\"Aktuelles aus der Goethe-Universit\u00e4t Frankfurt\" \/>\n<meta property=\"article:published_time\" content=\"2022-08-04T08:48:58+00:00\" \/>\n<meta property=\"og:image\" content=\"https:\/\/aktuelles.uni-frankfurt.de\/wp-content\/uploads\/2022\/08\/Beitragsbild_Sander.jpg\" \/>\n\t<meta property=\"og:image:width\" content=\"650\" \/>\n\t<meta property=\"og:image:height\" content=\"450\" \/>\n\t<meta property=\"og:image:type\" content=\"image\/jpeg\" \/>\n<meta name=\"author\" content=\"-\" \/>\n<meta name=\"twitter:card\" content=\"summary_large_image\" \/>\n<meta name=\"twitter:label1\" content=\"Written by\" \/>\n\t<meta name=\"twitter:data1\" content=\"-\" \/>\n\t<meta name=\"twitter:label2\" content=\"Estimated reading time\" \/>\n\t<meta name=\"twitter:data2\" content=\"3 minutes\" \/>\n<script type=\"application\/ld+json\" class=\"yoast-schema-graph\">{\"@context\":\"https:\\\/\\\/schema.org\",\"@graph\":[{\"@type\":\"Article\",\"@id\":\"https:\\\/\\\/aktuelles.uni-frankfurt.de\\\/menschen\\\/museumsdirektorin-dr-birgit-sander-verlaesst-das-museum-giersch-der-goethe-universitaet\\\/#article\",\"isPartOf\":{\"@id\":\"https:\\\/\\\/aktuelles.uni-frankfurt.de\\\/menschen\\\/museumsdirektorin-dr-birgit-sander-verlaesst-das-museum-giersch-der-goethe-universitaet\\\/\"},\"author\":{\"name\":\"-\",\"@id\":\"https:\\\/\\\/aktuelles.uni-frankfurt.de\\\/#\\\/schema\\\/person\\\/8e55ea338fb65d1ce87a91565d1f1739\"},\"headline\":\"Museumsdirektorin Dr. Birgit Sander verl\u00e4sst das Museum Giersch der Goethe-Universit\u00e4t\",\"datePublished\":\"2022-08-04T08:48:58+00:00\",\"mainEntityOfPage\":{\"@id\":\"https:\\\/\\\/aktuelles.uni-frankfurt.de\\\/menschen\\\/museumsdirektorin-dr-birgit-sander-verlaesst-das-museum-giersch-der-goethe-universitaet\\\/\"},\"wordCount\":634,\"publisher\":{\"@id\":\"https:\\\/\\\/aktuelles.uni-frankfurt.de\\\/#organization\"},\"image\":{\"@id\":\"https:\\\/\\\/aktuelles.uni-frankfurt.de\\\/menschen\\\/museumsdirektorin-dr-birgit-sander-verlaesst-das-museum-giersch-der-goethe-universitaet\\\/#primaryimage\"},\"thumbnailUrl\":\"https:\\\/\\\/aktuelles.uni-frankfurt.de\\\/wp-content\\\/uploads\\\/2022\\\/08\\\/Beitragsbild_Sander.jpg\",\"keywords\":[\"Museum Giersch\"],\"articleSection\":[\"Menschen\"],\"inLanguage\":\"en-GB\"},{\"@type\":\"WebPage\",\"@id\":\"https:\\\/\\\/aktuelles.uni-frankfurt.de\\\/menschen\\\/museumsdirektorin-dr-birgit-sander-verlaesst-das-museum-giersch-der-goethe-universitaet\\\/\",\"url\":\"https:\\\/\\\/aktuelles.uni-frankfurt.de\\\/menschen\\\/museumsdirektorin-dr-birgit-sander-verlaesst-das-museum-giersch-der-goethe-universitaet\\\/\",\"name\":\"Museumsdirektorin Dr. Birgit Sander verl\u00e4sst das Museum Giersch der Goethe-Universit\u00e4t | Aktuelles aus der Goethe-Universit\u00e4t Frankfurt\",\"isPartOf\":{\"@id\":\"https:\\\/\\\/aktuelles.uni-frankfurt.de\\\/#website\"},\"primaryImageOfPage\":{\"@id\":\"https:\\\/\\\/aktuelles.uni-frankfurt.de\\\/menschen\\\/museumsdirektorin-dr-birgit-sander-verlaesst-das-museum-giersch-der-goethe-universitaet\\\/#primaryimage\"},\"image\":{\"@id\":\"https:\\\/\\\/aktuelles.uni-frankfurt.de\\\/menschen\\\/museumsdirektorin-dr-birgit-sander-verlaesst-das-museum-giersch-der-goethe-universitaet\\\/#primaryimage\"},\"thumbnailUrl\":\"https:\\\/\\\/aktuelles.uni-frankfurt.de\\\/wp-content\\\/uploads\\\/2022\\\/08\\\/Beitragsbild_Sander.jpg\",\"datePublished\":\"2022-08-04T08:48:58+00:00\",\"breadcrumb\":{\"@id\":\"https:\\\/\\\/aktuelles.uni-frankfurt.de\\\/menschen\\\/museumsdirektorin-dr-birgit-sander-verlaesst-das-museum-giersch-der-goethe-universitaet\\\/#breadcrumb\"},\"inLanguage\":\"en-GB\",\"potentialAction\":[{\"@type\":\"ReadAction\",\"target\":[\"https:\\\/\\\/aktuelles.uni-frankfurt.de\\\/menschen\\\/museumsdirektorin-dr-birgit-sander-verlaesst-das-museum-giersch-der-goethe-universitaet\\\/\"]}]},{\"@type\":\"ImageObject\",\"inLanguage\":\"en-GB\",\"@id\":\"https:\\\/\\\/aktuelles.uni-frankfurt.de\\\/menschen\\\/museumsdirektorin-dr-birgit-sander-verlaesst-das-museum-giersch-der-goethe-universitaet\\\/#primaryimage\",\"url\":\"https:\\\/\\\/aktuelles.uni-frankfurt.de\\\/wp-content\\\/uploads\\\/2022\\\/08\\\/Beitragsbild_Sander.jpg\",\"contentUrl\":\"https:\\\/\\\/aktuelles.uni-frankfurt.de\\\/wp-content\\\/uploads\\\/2022\\\/08\\\/Beitragsbild_Sander.jpg\",\"width\":650,\"height\":450},{\"@type\":\"BreadcrumbList\",\"@id\":\"https:\\\/\\\/aktuelles.uni-frankfurt.de\\\/menschen\\\/museumsdirektorin-dr-birgit-sander-verlaesst-das-museum-giersch-der-goethe-universitaet\\\/#breadcrumb\",\"itemListElement\":[{\"@type\":\"ListItem\",\"position\":1,\"name\":\"Startseite\",\"item\":\"https:\\\/\\\/aktuelles.uni-frankfurt.de\\\/\"},{\"@type\":\"ListItem\",\"position\":2,\"name\":\"Museumsdirektorin Dr. Birgit Sander verl\u00e4sst das Museum Giersch der Goethe-Universit\u00e4t\"}]},{\"@type\":\"WebSite\",\"@id\":\"https:\\\/\\\/aktuelles.uni-frankfurt.de\\\/#website\",\"url\":\"https:\\\/\\\/aktuelles.uni-frankfurt.de\\\/\",\"name\":\"Aktuelles aus der Goethe-Universit\u00e4t Frankfurt\",\"description\":\"Aktuelles aus der Goethe-Universit\u00e4t | Neues aus Forschung, Lehre, Studium\",\"publisher\":{\"@id\":\"https:\\\/\\\/aktuelles.uni-frankfurt.de\\\/#organization\"},\"potentialAction\":[{\"@type\":\"SearchAction\",\"target\":{\"@type\":\"EntryPoint\",\"urlTemplate\":\"https:\\\/\\\/aktuelles.uni-frankfurt.de\\\/?s={search_term_string}\"},\"query-input\":{\"@type\":\"PropertyValueSpecification\",\"valueRequired\":true,\"valueName\":\"search_term_string\"}}],\"inLanguage\":\"en-GB\"},{\"@type\":\"Organization\",\"@id\":\"https:\\\/\\\/aktuelles.uni-frankfurt.de\\\/#organization\",\"name\":\"Goethe-Universit\u00e4t\",\"url\":\"https:\\\/\\\/aktuelles.uni-frankfurt.de\\\/\",\"logo\":{\"@type\":\"ImageObject\",\"inLanguage\":\"en-GB\",\"@id\":\"https:\\\/\\\/aktuelles.uni-frankfurt.de\\\/#\\\/schema\\\/logo\\\/image\\\/\",\"url\":\"https:\\\/\\\/aktuelles.uni-frankfurt.de\\\/wp-content\\\/uploads\\\/2022\\\/03\\\/800px-Goethe-Logo.png\",\"contentUrl\":\"https:\\\/\\\/aktuelles.uni-frankfurt.de\\\/wp-content\\\/uploads\\\/2022\\\/03\\\/800px-Goethe-Logo.png\",\"width\":800,\"height\":436,\"caption\":\"Goethe-Universit\u00e4t\"},\"image\":{\"@id\":\"https:\\\/\\\/aktuelles.uni-frankfurt.de\\\/#\\\/schema\\\/logo\\\/image\\\/\"}},{\"@type\":\"Person\",\"@id\":\"https:\\\/\\\/aktuelles.uni-frankfurt.de\\\/#\\\/schema\\\/person\\\/8e55ea338fb65d1ce87a91565d1f1739\",\"name\":\"-\",\"description\":\"Dieser Beitrag wurde von der Online-Redaktion ver\u00f6ffentlicht. Wenn der Beitrag von einem Gastautoren verfasst wurde, findet sich dieser Hinweis am Ende des jeweiligen Artikels.\",\"sameAs\":[\"http:\\\/\\\/aktuelles.uni-frankfurt.de\\\/autoren\"],\"url\":\"https:\\\/\\\/aktuelles.uni-frankfurt.de\\\/en\\\/author\\\/redaktion\\\/\"}]}<\/script>\n<!-- \/ Yoast SEO plugin. -->","yoast_head_json":{"title":"Museumsdirektorin Dr. Birgit Sander verl\u00e4sst das Museum Giersch der Goethe-Universit\u00e4t | Aktuelles aus der Goethe-Universit\u00e4t Frankfurt","robots":{"index":"index","follow":"follow","max-snippet":"max-snippet:-1","max-image-preview":"max-image-preview:large","max-video-preview":"max-video-preview:-1"},"canonical":"https:\/\/aktuelles.uni-frankfurt.de\/en\/menschen\/museumsdirektorin-dr-birgit-sander-verlaesst-das-museum-giersch-der-goethe-universitaet\/","og_locale":"en_GB","og_type":"article","og_title":"Museumsdirektorin Dr. Birgit Sander verl\u00e4sst das Museum Giersch der Goethe-Universit\u00e4t | Aktuelles aus der Goethe-Universit\u00e4t Frankfurt","og_description":"Dr. Birgit Sander verl\u00e4sst zum 31. Oktober 2022 das MGGU, Museum Giersch der Goethe-Universit\u00e4t. Seit der Gr\u00fcndung des Museums durch die Stiftung Giersch im Jahr 2000 arbeitete die Kunsthistorikerin in [&hellip;]","og_url":"https:\/\/aktuelles.uni-frankfurt.de\/en\/menschen\/museumsdirektorin-dr-birgit-sander-verlaesst-das-museum-giersch-der-goethe-universitaet\/","og_site_name":"Aktuelles aus der Goethe-Universit\u00e4t Frankfurt","article_published_time":"2022-08-04T08:48:58+00:00","og_image":[{"width":650,"height":450,"url":"https:\/\/aktuelles.uni-frankfurt.de\/wp-content\/uploads\/2022\/08\/Beitragsbild_Sander.jpg","type":"image\/jpeg"}],"author":"-","twitter_card":"summary_large_image","twitter_misc":{"Written by":"-","Estimated reading time":"3 minutes"},"schema":{"@context":"https:\/\/schema.org","@graph":[{"@type":"Article","@id":"https:\/\/aktuelles.uni-frankfurt.de\/menschen\/museumsdirektorin-dr-birgit-sander-verlaesst-das-museum-giersch-der-goethe-universitaet\/#article","isPartOf":{"@id":"https:\/\/aktuelles.uni-frankfurt.de\/menschen\/museumsdirektorin-dr-birgit-sander-verlaesst-das-museum-giersch-der-goethe-universitaet\/"},"author":{"name":"-","@id":"https:\/\/aktuelles.uni-frankfurt.de\/#\/schema\/person\/8e55ea338fb65d1ce87a91565d1f1739"},"headline":"Museumsdirektorin Dr. Birgit Sander verl\u00e4sst das Museum Giersch der Goethe-Universit\u00e4t","datePublished":"2022-08-04T08:48:58+00:00","mainEntityOfPage":{"@id":"https:\/\/aktuelles.uni-frankfurt.de\/menschen\/museumsdirektorin-dr-birgit-sander-verlaesst-das-museum-giersch-der-goethe-universitaet\/"},"wordCount":634,"publisher":{"@id":"https:\/\/aktuelles.uni-frankfurt.de\/#organization"},"image":{"@id":"https:\/\/aktuelles.uni-frankfurt.de\/menschen\/museumsdirektorin-dr-birgit-sander-verlaesst-das-museum-giersch-der-goethe-universitaet\/#primaryimage"},"thumbnailUrl":"https:\/\/aktuelles.uni-frankfurt.de\/wp-content\/uploads\/2022\/08\/Beitragsbild_Sander.jpg","keywords":["Museum Giersch"],"articleSection":["Menschen"],"inLanguage":"en-GB"},{"@type":"WebPage","@id":"https:\/\/aktuelles.uni-frankfurt.de\/menschen\/museumsdirektorin-dr-birgit-sander-verlaesst-das-museum-giersch-der-goethe-universitaet\/","url":"https:\/\/aktuelles.uni-frankfurt.de\/menschen\/museumsdirektorin-dr-birgit-sander-verlaesst-das-museum-giersch-der-goethe-universitaet\/","name":"Museumsdirektorin Dr. Birgit Sander verl\u00e4sst das Museum Giersch der Goethe-Universit\u00e4t | Aktuelles aus der Goethe-Universit\u00e4t Frankfurt","isPartOf":{"@id":"https:\/\/aktuelles.uni-frankfurt.de\/#website"},"primaryImageOfPage":{"@id":"https:\/\/aktuelles.uni-frankfurt.de\/menschen\/museumsdirektorin-dr-birgit-sander-verlaesst-das-museum-giersch-der-goethe-universitaet\/#primaryimage"},"image":{"@id":"https:\/\/aktuelles.uni-frankfurt.de\/menschen\/museumsdirektorin-dr-birgit-sander-verlaesst-das-museum-giersch-der-goethe-universitaet\/#primaryimage"},"thumbnailUrl":"https:\/\/aktuelles.uni-frankfurt.de\/wp-content\/uploads\/2022\/08\/Beitragsbild_Sander.jpg","datePublished":"2022-08-04T08:48:58+00:00","breadcrumb":{"@id":"https:\/\/aktuelles.uni-frankfurt.de\/menschen\/museumsdirektorin-dr-birgit-sander-verlaesst-das-museum-giersch-der-goethe-universitaet\/#breadcrumb"},"inLanguage":"en-GB","potentialAction":[{"@type":"ReadAction","target":["https:\/\/aktuelles.uni-frankfurt.de\/menschen\/museumsdirektorin-dr-birgit-sander-verlaesst-das-museum-giersch-der-goethe-universitaet\/"]}]},{"@type":"ImageObject","inLanguage":"en-GB","@id":"https:\/\/aktuelles.uni-frankfurt.de\/menschen\/museumsdirektorin-dr-birgit-sander-verlaesst-das-museum-giersch-der-goethe-universitaet\/#primaryimage","url":"https:\/\/aktuelles.uni-frankfurt.de\/wp-content\/uploads\/2022\/08\/Beitragsbild_Sander.jpg","contentUrl":"https:\/\/aktuelles.uni-frankfurt.de\/wp-content\/uploads\/2022\/08\/Beitragsbild_Sander.jpg","width":650,"height":450},{"@type":"BreadcrumbList","@id":"https:\/\/aktuelles.uni-frankfurt.de\/menschen\/museumsdirektorin-dr-birgit-sander-verlaesst-das-museum-giersch-der-goethe-universitaet\/#breadcrumb","itemListElement":[{"@type":"ListItem","position":1,"name":"Startseite","item":"https:\/\/aktuelles.uni-frankfurt.de\/"},{"@type":"ListItem","position":2,"name":"Museumsdirektorin Dr. Birgit Sander verl\u00e4sst das Museum Giersch der Goethe-Universit\u00e4t"}]},{"@type":"WebSite","@id":"https:\/\/aktuelles.uni-frankfurt.de\/#website","url":"https:\/\/aktuelles.uni-frankfurt.de\/","name":"Aktuelles aus der Goethe-Universit\u00e4t Frankfurt","description":"Aktuelles aus der Goethe-Universit\u00e4t | Neues aus Forschung, Lehre, Studium","publisher":{"@id":"https:\/\/aktuelles.uni-frankfurt.de\/#organization"},"potentialAction":[{"@type":"SearchAction","target":{"@type":"EntryPoint","urlTemplate":"https:\/\/aktuelles.uni-frankfurt.de\/?s={search_term_string}"},"query-input":{"@type":"PropertyValueSpecification","valueRequired":true,"valueName":"search_term_string"}}],"inLanguage":"en-GB"},{"@type":"Organization","@id":"https:\/\/aktuelles.uni-frankfurt.de\/#organization","name":"Goethe University Frankfurt","url":"https:\/\/aktuelles.uni-frankfurt.de\/","logo":{"@type":"ImageObject","inLanguage":"en-GB","@id":"https:\/\/aktuelles.uni-frankfurt.de\/#\/schema\/logo\/image\/","url":"https:\/\/aktuelles.uni-frankfurt.de\/wp-content\/uploads\/2022\/03\/800px-Goethe-Logo.png","contentUrl":"https:\/\/aktuelles.uni-frankfurt.de\/wp-content\/uploads\/2022\/03\/800px-Goethe-Logo.png","width":800,"height":436,"caption":"Goethe-Universit\u00e4t"},"image":{"@id":"https:\/\/aktuelles.uni-frankfurt.de\/#\/schema\/logo\/image\/"}},{"@type":"Person","@id":"https:\/\/aktuelles.uni-frankfurt.de\/#\/schema\/person\/8e55ea338fb65d1ce87a91565d1f1739","name":"-","description":"Dieser Beitrag wurde von der Online-Redaktion ver\u00f6ffentlicht. Wenn der Beitrag von einem Gastautoren verfasst wurde, findet sich dieser Hinweis am Ende des jeweiligen Artikels.","sameAs":["http:\/\/aktuelles.uni-frankfurt.de\/autoren"],"url":"https:\/\/aktuelles.uni-frankfurt.de\/en\/author\/redaktion\/"}]}},"_links":{"self":[{"href":"https:\/\/aktuelles.uni-frankfurt.de\/en\/wp-json\/wp\/v2\/posts\/60870","targetHints":{"allow":["GET"]}}],"collection":[{"href":"https:\/\/aktuelles.uni-frankfurt.de\/en\/wp-json\/wp\/v2\/posts"}],"about":[{"href":"https:\/\/aktuelles.uni-frankfurt.de\/en\/wp-json\/wp\/v2\/types\/post"}],"author":[{"embeddable":true,"href":"https:\/\/aktuelles.uni-frankfurt.de\/en\/wp-json\/wp\/v2\/users\/8"}],"replies":[{"embeddable":true,"href":"https:\/\/aktuelles.uni-frankfurt.de\/en\/wp-json\/wp\/v2\/comments?post=60870"}],"version-history":[{"count":0,"href":"https:\/\/aktuelles.uni-frankfurt.de\/en\/wp-json\/wp\/v2\/posts\/60870\/revisions"}],"wp:featuredmedia":[{"embeddable":true,"href":"https:\/\/aktuelles.uni-frankfurt.de\/en\/wp-json\/wp\/v2\/media\/60871"}],"wp:attachment":[{"href":"https:\/\/aktuelles.uni-frankfurt.de\/en\/wp-json\/wp\/v2\/media?parent=60870"}],"wp:term":[{"taxonomy":"category","embeddable":true,"href":"https:\/\/aktuelles.uni-frankfurt.de\/en\/wp-json\/wp\/v2\/categories?post=60870"},{"taxonomy":"post_tag","embeddable":true,"href":"https:\/\/aktuelles.uni-frankfurt.de\/en\/wp-json\/wp\/v2\/tags?post=60870"},{"taxonomy":"post_folder","embeddable":true,"href":"https:\/\/aktuelles.uni-frankfurt.de\/en\/wp-json\/wp\/v2\/post_folder?post=60870"}],"curies":[{"name":"wp","href":"https:\/\/api.w.org\/{rel}","templated":true}]}}