{"id":60969,"date":"2022-08-15T09:41:49","date_gmt":"2022-08-15T07:41:49","guid":{"rendered":"https:\/\/aktuelles.uni-frankfurt.de\/?p=60969"},"modified":"2022-08-15T09:41:50","modified_gmt":"2022-08-15T07:41:50","slug":"bad-homburg-conference-16-17-09-lernen-ueber-gewalt-an-kindern-sprechen-zu-koennen","status":"publish","type":"post","link":"https:\/\/aktuelles.uni-frankfurt.de\/en\/aktuelles\/bad-homburg-conference-16-17-09-lernen-ueber-gewalt-an-kindern-sprechen-zu-koennen\/","title":{"rendered":"Bad Homburg Conference 16. &#038; 17.09.: Lernen, \u00fcber Gewalt an Kindern sprechen zu k\u00f6nnen"},"content":{"rendered":"<figure class=\"wp-block-image alignright size-full is-resized\"><a href=\"https:\/\/aktuelles.uni-frankfurt.de\/wp-content\/uploads\/2022\/08\/Beitragsbild_Plakat_BadHomburgConferences-22.png\"><img fetchpriority=\"high\" decoding=\"async\" src=\"https:\/\/aktuelles.uni-frankfurt.de\/wp-content\/uploads\/2022\/08\/Beitragsbild_Plakat_BadHomburgConferences-22.png\" alt=\"\" class=\"wp-image-60962\" width=\"325\" height=\"460\" srcset=\"https:\/\/aktuelles.uni-frankfurt.de\/wp-content\/uploads\/2022\/08\/Beitragsbild_Plakat_BadHomburgConferences-22.png 650w, https:\/\/aktuelles.uni-frankfurt.de\/wp-content\/uploads\/2022\/08\/Beitragsbild_Plakat_BadHomburgConferences-22-212x300.png 212w\" sizes=\"(max-width: 325px) 100vw, 325px\" \/><\/a><\/figure>\n\n\n\n<p>Vertreter*innen der Rechts- und Erziehungswissenschaften, Psychologie, Soziologie sowie Philosophie werden sich im September im Rahmen der Bad Homburg Conference (BHC) mit einem Thema befassen, das eine intellektuelle Distanz und N\u00fcchternheit eher erschwert: \u201eKeine Form der Gewalt l\u00e4sst einen wohl kalt\u201c, betont auch Prof. Sabine Andresen, Erziehungswissenschaftlerin der Goethe-Universit\u00e4t, die in der Vorbereitungsgruppe federf\u00fchrend mitwirkt. Es sei nat\u00fcrlich Aufgabe der Wissenschaft, sachlich und wissensbasiert in die Diskussion zu gehen. Allerdings gebe es auch im wissenschaftlichen Kontext eine Art Reflex, sich vor allem sexuelle Gewalt gegen Kinder nicht vorstellen zu k\u00f6nnen oder zu wollen. \u201eDiesen Reflex gilt es nun, auch durch eine Tagung zu \u00fcberwinden. Denn alles, was man sich nicht vorstellen will, ist auch schwer aufzuarbeiten. Das macht es auch f\u00fcr Betroffene schwerer, das, was sie erlebt haben, zum Thema zu machen\u201c, betont Andresen. Wissenschaftlerinnen h\u00e4tten die Aufgabe, einen Beitrag<br>dazu zu leisten, dass das, was man wisse, auch zur Sprache gebracht werde. Das sei auch ein Beitrag, die Gesellschaft auf diesem Feld \u201esprechf\u00e4hig\u201c zu machen.<\/p>\n\n\n\n<p>Die BHC soll, so Andresen, eine wissenschaftliche Tagung sein, die sich zugleich \u00f6ffnet f\u00fcr eine breitere \u00d6ffentlichkeit. \u201eIch verstehe sie als ein Forum, das auf der Basis wissenschaftlicher Erkenntnisse, aber auch \u00fcbergreifend Themen diskutiert, die uns alle angehen. In der Vorbereitungsgruppe haben wir es uns zu eigen gemacht, dass in den letzten Jahren sensibler und aufmerksamer auf Gewalt gegen Kinder allgemein und insbesondere auf sexualisierte Gewalt geschaut wird. Das haben wir aber vor allem auch betroffenen Menschen zu verdanken, die angefangen haben, laut zu sprechen, auch wenn ihnen nicht immer zugeh\u00f6rt wurde.\u201c Dem m\u00f6chte man vonseiten der BHC Rechnung tragen, indem die Konferenz mit einer \u201eZeugenschaft\u201c beginnt: Sabine Andresen wird einleitend ein Gespr\u00e4ch mit Betroffenen sexueller Gewalt moderieren. In der Vorbereitungsgruppe, erkl\u00e4rt die Erziehungswissenschaftlerin, habe man sich schon das Ziel gesetzt, \u201eGewalt\u201c in der ganzen Breite zu erfassen. Allerdings habe man in den Diskussionen gemerkt, dass man der sexuellen Gewalt einen gr\u00f6\u00dfere Raum geben wolle. \u201eDenn diese Gewalt gegen Kinder und Jugendliche hat in besonderem Ma\u00dfe mit Vertuschen und Verschweigen zu tun. Wir sehen aber gleichzeitig auch, dass die Trennung der verschiedenen Gewaltformen ohnehin nicht aufrechtzuerhalten ist.\u201c Sexuelle Gewalt gehe sehr oft einher mit emotionaler Gewalt, auch mit k\u00f6rperlicher Gewalt. Die gesellschaftliche Ignoranz gegen\u00fcber Gewalt sei auf diesem Feld besonders deutlich. Sabine Andresen freut sich, dass eine beeindruckende Vielfalt an Disziplinen \u00fcber das Thema diskutieren wird, nat\u00fcrlich auch mit dem Publikum: beteiligt sind unter anderem die Rechtswissenschaftlerin Beatrice Brunh\u00f6ber, die Direktorin der Klinik f\u00fcr Psychiatrie, Psychosomatik und Psychotherapie des Kindes- und Jugendalters, Christine M. Freitag, der Soziologe Ferdinand Sutterl\u00fcty, der Katholische Theologe Christof Mandry sowie der Direktor des Forschungskollegs Humanwissenschaften und Philosoph, Matthias Lutz-Bachmann.<\/p>\n\n\n\n<p class=\"has-background\" style=\"background-color:#eeeeee\"><strong>Informationen &amp; Anmeldung: <\/strong><a href=\"http:\/\/www.forschungskolleg-humanwissenschaften.de\" target=\"_blank\" rel=\"noreferrer noopener\">www.forschungskolleg-humanwissenschaften.de<\/a><\/p>","protected":false},"excerpt":{"rendered":"<p>Vertreter*innen der Rechts- und Erziehungswissenschaften, Psychologie, Soziologie sowie Philosophie werden sich im September im Rahmen der Bad Homburg Conference (BHC) mit einem Thema befassen, das eine intellektuelle Distanz und N\u00fcchternheit [&hellip;]<\/p>\n","protected":false},"author":8,"featured_media":60974,"comment_status":"closed","ping_status":"closed","sticky":false,"template":"","format":"standard","meta":{"_eb_attr":"","_price":"","_stock":"","_tribe_ticket_header":"","_tribe_default_ticket_provider":"","_ticket_start_date":"","_ticket_end_date":"","_tribe_ticket_show_description":"","_tribe_ticket_show_not_going":false,"_tribe_ticket_use_global_stock":"","_tribe_ticket_global_stock_level":"","_global_stock_mode":"","_global_stock_cap":"","_tribe_rsvp_for_event":"","_tribe_ticket_going_count":"","_tribe_ticket_not_going_count":"","_tribe_tickets_list":"[]","_tribe_ticket_has_attendee_info_fields":false,"footnotes":""},"categories":[39,173],"tags":[211],"post_folder":[],"class_list":["post-60969","post","type-post","status-publish","format-standard","has-post-thumbnail","hentry","category-aktuelles","category-unireport","tag-unireport-4-22"],"yoast_head":"<!-- This site is optimized with the Yoast SEO plugin v27.5 - https:\/\/yoast.com\/product\/yoast-seo-wordpress\/ -->\n<title>Bad Homburg Conference 16. &amp; 17.09.: Lernen, \u00fcber Gewalt an Kindern sprechen zu k\u00f6nnen | Aktuelles aus der Goethe-Universit\u00e4t Frankfurt<\/title>\n<meta name=\"robots\" content=\"index, follow, max-snippet:-1, max-image-preview:large, max-video-preview:-1\" \/>\n<link rel=\"canonical\" href=\"https:\/\/aktuelles.uni-frankfurt.de\/en\/aktuelles\/bad-homburg-conference-16-17-09-lernen-ueber-gewalt-an-kindern-sprechen-zu-koennen\/\" \/>\n<meta property=\"og:locale\" content=\"en_GB\" \/>\n<meta property=\"og:type\" content=\"article\" \/>\n<meta property=\"og:title\" content=\"Bad Homburg Conference 16. &amp; 17.09.: Lernen, \u00fcber Gewalt an Kindern sprechen zu k\u00f6nnen | Aktuelles aus der Goethe-Universit\u00e4t Frankfurt\" \/>\n<meta property=\"og:description\" content=\"Vertreter*innen der Rechts- und Erziehungswissenschaften, Psychologie, Soziologie sowie Philosophie werden sich im September im Rahmen der Bad Homburg Conference (BHC) mit einem Thema befassen, das eine intellektuelle Distanz und N\u00fcchternheit [&hellip;]\" \/>\n<meta property=\"og:url\" content=\"https:\/\/aktuelles.uni-frankfurt.de\/en\/aktuelles\/bad-homburg-conference-16-17-09-lernen-ueber-gewalt-an-kindern-sprechen-zu-koennen\/\" \/>\n<meta property=\"og:site_name\" content=\"Aktuelles aus der Goethe-Universit\u00e4t Frankfurt\" \/>\n<meta property=\"article:published_time\" content=\"2022-08-15T07:41:49+00:00\" \/>\n<meta property=\"article:modified_time\" content=\"2022-08-15T07:41:50+00:00\" \/>\n<meta property=\"og:image\" content=\"https:\/\/aktuelles.uni-frankfurt.de\/wp-content\/uploads\/2022\/08\/Beitragsbild_BadHomburgConferences-22.png\" \/>\n\t<meta property=\"og:image:width\" content=\"650\" \/>\n\t<meta property=\"og:image:height\" content=\"450\" \/>\n\t<meta property=\"og:image:type\" content=\"image\/png\" \/>\n<meta name=\"author\" content=\"-\" \/>\n<meta name=\"twitter:card\" content=\"summary_large_image\" \/>\n<meta name=\"twitter:label1\" content=\"Written by\" \/>\n\t<meta name=\"twitter:data1\" content=\"-\" \/>\n\t<meta name=\"twitter:label2\" content=\"Estimated reading time\" \/>\n\t<meta name=\"twitter:data2\" content=\"2 minutes\" \/>\n<script type=\"application\/ld+json\" class=\"yoast-schema-graph\">{\"@context\":\"https:\\\/\\\/schema.org\",\"@graph\":[{\"@type\":\"Article\",\"@id\":\"https:\\\/\\\/aktuelles.uni-frankfurt.de\\\/aktuelles\\\/bad-homburg-conference-16-17-09-lernen-ueber-gewalt-an-kindern-sprechen-zu-koennen\\\/#article\",\"isPartOf\":{\"@id\":\"https:\\\/\\\/aktuelles.uni-frankfurt.de\\\/aktuelles\\\/bad-homburg-conference-16-17-09-lernen-ueber-gewalt-an-kindern-sprechen-zu-koennen\\\/\"},\"author\":{\"name\":\"-\",\"@id\":\"https:\\\/\\\/aktuelles.uni-frankfurt.de\\\/#\\\/schema\\\/person\\\/8e55ea338fb65d1ce87a91565d1f1739\"},\"headline\":\"Bad Homburg Conference 16. &#038; 17.09.: Lernen, \u00fcber Gewalt an Kindern sprechen zu k\u00f6nnen\",\"datePublished\":\"2022-08-15T07:41:49+00:00\",\"dateModified\":\"2022-08-15T07:41:50+00:00\",\"mainEntityOfPage\":{\"@id\":\"https:\\\/\\\/aktuelles.uni-frankfurt.de\\\/aktuelles\\\/bad-homburg-conference-16-17-09-lernen-ueber-gewalt-an-kindern-sprechen-zu-koennen\\\/\"},\"wordCount\":479,\"publisher\":{\"@id\":\"https:\\\/\\\/aktuelles.uni-frankfurt.de\\\/#organization\"},\"image\":{\"@id\":\"https:\\\/\\\/aktuelles.uni-frankfurt.de\\\/aktuelles\\\/bad-homburg-conference-16-17-09-lernen-ueber-gewalt-an-kindern-sprechen-zu-koennen\\\/#primaryimage\"},\"thumbnailUrl\":\"https:\\\/\\\/aktuelles.uni-frankfurt.de\\\/wp-content\\\/uploads\\\/2022\\\/08\\\/Beitragsbild_BadHomburgConferences-22.png\",\"keywords\":[\"UniReport 4.22\"],\"articleSection\":[\"Kurz gemeldet\",\"UniReport\"],\"inLanguage\":\"en-GB\"},{\"@type\":\"WebPage\",\"@id\":\"https:\\\/\\\/aktuelles.uni-frankfurt.de\\\/aktuelles\\\/bad-homburg-conference-16-17-09-lernen-ueber-gewalt-an-kindern-sprechen-zu-koennen\\\/\",\"url\":\"https:\\\/\\\/aktuelles.uni-frankfurt.de\\\/aktuelles\\\/bad-homburg-conference-16-17-09-lernen-ueber-gewalt-an-kindern-sprechen-zu-koennen\\\/\",\"name\":\"Bad Homburg Conference 16. & 17.09.: Lernen, \u00fcber Gewalt an Kindern sprechen zu k\u00f6nnen | Aktuelles aus der Goethe-Universit\u00e4t Frankfurt\",\"isPartOf\":{\"@id\":\"https:\\\/\\\/aktuelles.uni-frankfurt.de\\\/#website\"},\"primaryImageOfPage\":{\"@id\":\"https:\\\/\\\/aktuelles.uni-frankfurt.de\\\/aktuelles\\\/bad-homburg-conference-16-17-09-lernen-ueber-gewalt-an-kindern-sprechen-zu-koennen\\\/#primaryimage\"},\"image\":{\"@id\":\"https:\\\/\\\/aktuelles.uni-frankfurt.de\\\/aktuelles\\\/bad-homburg-conference-16-17-09-lernen-ueber-gewalt-an-kindern-sprechen-zu-koennen\\\/#primaryimage\"},\"thumbnailUrl\":\"https:\\\/\\\/aktuelles.uni-frankfurt.de\\\/wp-content\\\/uploads\\\/2022\\\/08\\\/Beitragsbild_BadHomburgConferences-22.png\",\"datePublished\":\"2022-08-15T07:41:49+00:00\",\"dateModified\":\"2022-08-15T07:41:50+00:00\",\"breadcrumb\":{\"@id\":\"https:\\\/\\\/aktuelles.uni-frankfurt.de\\\/aktuelles\\\/bad-homburg-conference-16-17-09-lernen-ueber-gewalt-an-kindern-sprechen-zu-koennen\\\/#breadcrumb\"},\"inLanguage\":\"en-GB\",\"potentialAction\":[{\"@type\":\"ReadAction\",\"target\":[\"https:\\\/\\\/aktuelles.uni-frankfurt.de\\\/aktuelles\\\/bad-homburg-conference-16-17-09-lernen-ueber-gewalt-an-kindern-sprechen-zu-koennen\\\/\"]}]},{\"@type\":\"ImageObject\",\"inLanguage\":\"en-GB\",\"@id\":\"https:\\\/\\\/aktuelles.uni-frankfurt.de\\\/aktuelles\\\/bad-homburg-conference-16-17-09-lernen-ueber-gewalt-an-kindern-sprechen-zu-koennen\\\/#primaryimage\",\"url\":\"https:\\\/\\\/aktuelles.uni-frankfurt.de\\\/wp-content\\\/uploads\\\/2022\\\/08\\\/Beitragsbild_BadHomburgConferences-22.png\",\"contentUrl\":\"https:\\\/\\\/aktuelles.uni-frankfurt.de\\\/wp-content\\\/uploads\\\/2022\\\/08\\\/Beitragsbild_BadHomburgConferences-22.png\",\"width\":650,\"height\":450},{\"@type\":\"BreadcrumbList\",\"@id\":\"https:\\\/\\\/aktuelles.uni-frankfurt.de\\\/aktuelles\\\/bad-homburg-conference-16-17-09-lernen-ueber-gewalt-an-kindern-sprechen-zu-koennen\\\/#breadcrumb\",\"itemListElement\":[{\"@type\":\"ListItem\",\"position\":1,\"name\":\"Startseite\",\"item\":\"https:\\\/\\\/aktuelles.uni-frankfurt.de\\\/\"},{\"@type\":\"ListItem\",\"position\":2,\"name\":\"Bad Homburg Conference 16. &#038; 17.09.: Lernen, \u00fcber Gewalt an Kindern sprechen zu k\u00f6nnen\"}]},{\"@type\":\"WebSite\",\"@id\":\"https:\\\/\\\/aktuelles.uni-frankfurt.de\\\/#website\",\"url\":\"https:\\\/\\\/aktuelles.uni-frankfurt.de\\\/\",\"name\":\"Aktuelles aus der Goethe-Universit\u00e4t Frankfurt\",\"description\":\"Aktuelles aus der Goethe-Universit\u00e4t | Neues aus Forschung, Lehre, Studium\",\"publisher\":{\"@id\":\"https:\\\/\\\/aktuelles.uni-frankfurt.de\\\/#organization\"},\"potentialAction\":[{\"@type\":\"SearchAction\",\"target\":{\"@type\":\"EntryPoint\",\"urlTemplate\":\"https:\\\/\\\/aktuelles.uni-frankfurt.de\\\/?s={search_term_string}\"},\"query-input\":{\"@type\":\"PropertyValueSpecification\",\"valueRequired\":true,\"valueName\":\"search_term_string\"}}],\"inLanguage\":\"en-GB\"},{\"@type\":\"Organization\",\"@id\":\"https:\\\/\\\/aktuelles.uni-frankfurt.de\\\/#organization\",\"name\":\"Goethe-Universit\u00e4t\",\"url\":\"https:\\\/\\\/aktuelles.uni-frankfurt.de\\\/\",\"logo\":{\"@type\":\"ImageObject\",\"inLanguage\":\"en-GB\",\"@id\":\"https:\\\/\\\/aktuelles.uni-frankfurt.de\\\/#\\\/schema\\\/logo\\\/image\\\/\",\"url\":\"https:\\\/\\\/aktuelles.uni-frankfurt.de\\\/wp-content\\\/uploads\\\/2022\\\/03\\\/800px-Goethe-Logo.png\",\"contentUrl\":\"https:\\\/\\\/aktuelles.uni-frankfurt.de\\\/wp-content\\\/uploads\\\/2022\\\/03\\\/800px-Goethe-Logo.png\",\"width\":800,\"height\":436,\"caption\":\"Goethe-Universit\u00e4t\"},\"image\":{\"@id\":\"https:\\\/\\\/aktuelles.uni-frankfurt.de\\\/#\\\/schema\\\/logo\\\/image\\\/\"}},{\"@type\":\"Person\",\"@id\":\"https:\\\/\\\/aktuelles.uni-frankfurt.de\\\/#\\\/schema\\\/person\\\/8e55ea338fb65d1ce87a91565d1f1739\",\"name\":\"-\",\"description\":\"Dieser Beitrag wurde von der Online-Redaktion ver\u00f6ffentlicht. Wenn der Beitrag von einem Gastautoren verfasst wurde, findet sich dieser Hinweis am Ende des jeweiligen Artikels.\",\"sameAs\":[\"http:\\\/\\\/aktuelles.uni-frankfurt.de\\\/autoren\"],\"url\":\"https:\\\/\\\/aktuelles.uni-frankfurt.de\\\/en\\\/author\\\/redaktion\\\/\"}]}<\/script>\n<!-- \/ Yoast SEO plugin. -->","yoast_head_json":{"title":"Bad Homburg Conference 16. & 17.09.: Lernen, \u00fcber Gewalt an Kindern sprechen zu k\u00f6nnen | Aktuelles aus der Goethe-Universit\u00e4t Frankfurt","robots":{"index":"index","follow":"follow","max-snippet":"max-snippet:-1","max-image-preview":"max-image-preview:large","max-video-preview":"max-video-preview:-1"},"canonical":"https:\/\/aktuelles.uni-frankfurt.de\/en\/aktuelles\/bad-homburg-conference-16-17-09-lernen-ueber-gewalt-an-kindern-sprechen-zu-koennen\/","og_locale":"en_GB","og_type":"article","og_title":"Bad Homburg Conference 16. & 17.09.: Lernen, \u00fcber Gewalt an Kindern sprechen zu k\u00f6nnen | Aktuelles aus der Goethe-Universit\u00e4t Frankfurt","og_description":"Vertreter*innen der Rechts- und Erziehungswissenschaften, Psychologie, Soziologie sowie Philosophie werden sich im September im Rahmen der Bad Homburg Conference (BHC) mit einem Thema befassen, das eine intellektuelle Distanz und N\u00fcchternheit [&hellip;]","og_url":"https:\/\/aktuelles.uni-frankfurt.de\/en\/aktuelles\/bad-homburg-conference-16-17-09-lernen-ueber-gewalt-an-kindern-sprechen-zu-koennen\/","og_site_name":"Aktuelles aus der Goethe-Universit\u00e4t Frankfurt","article_published_time":"2022-08-15T07:41:49+00:00","article_modified_time":"2022-08-15T07:41:50+00:00","og_image":[{"width":650,"height":450,"url":"https:\/\/aktuelles.uni-frankfurt.de\/wp-content\/uploads\/2022\/08\/Beitragsbild_BadHomburgConferences-22.png","type":"image\/png"}],"author":"-","twitter_card":"summary_large_image","twitter_misc":{"Written by":"-","Estimated reading time":"2 minutes"},"schema":{"@context":"https:\/\/schema.org","@graph":[{"@type":"Article","@id":"https:\/\/aktuelles.uni-frankfurt.de\/aktuelles\/bad-homburg-conference-16-17-09-lernen-ueber-gewalt-an-kindern-sprechen-zu-koennen\/#article","isPartOf":{"@id":"https:\/\/aktuelles.uni-frankfurt.de\/aktuelles\/bad-homburg-conference-16-17-09-lernen-ueber-gewalt-an-kindern-sprechen-zu-koennen\/"},"author":{"name":"-","@id":"https:\/\/aktuelles.uni-frankfurt.de\/#\/schema\/person\/8e55ea338fb65d1ce87a91565d1f1739"},"headline":"Bad Homburg Conference 16. &#038; 17.09.: Lernen, \u00fcber Gewalt an Kindern sprechen zu k\u00f6nnen","datePublished":"2022-08-15T07:41:49+00:00","dateModified":"2022-08-15T07:41:50+00:00","mainEntityOfPage":{"@id":"https:\/\/aktuelles.uni-frankfurt.de\/aktuelles\/bad-homburg-conference-16-17-09-lernen-ueber-gewalt-an-kindern-sprechen-zu-koennen\/"},"wordCount":479,"publisher":{"@id":"https:\/\/aktuelles.uni-frankfurt.de\/#organization"},"image":{"@id":"https:\/\/aktuelles.uni-frankfurt.de\/aktuelles\/bad-homburg-conference-16-17-09-lernen-ueber-gewalt-an-kindern-sprechen-zu-koennen\/#primaryimage"},"thumbnailUrl":"https:\/\/aktuelles.uni-frankfurt.de\/wp-content\/uploads\/2022\/08\/Beitragsbild_BadHomburgConferences-22.png","keywords":["UniReport 4.22"],"articleSection":["Kurz gemeldet","UniReport"],"inLanguage":"en-GB"},{"@type":"WebPage","@id":"https:\/\/aktuelles.uni-frankfurt.de\/aktuelles\/bad-homburg-conference-16-17-09-lernen-ueber-gewalt-an-kindern-sprechen-zu-koennen\/","url":"https:\/\/aktuelles.uni-frankfurt.de\/aktuelles\/bad-homburg-conference-16-17-09-lernen-ueber-gewalt-an-kindern-sprechen-zu-koennen\/","name":"Bad Homburg Conference 16. & 17.09.: Lernen, \u00fcber Gewalt an Kindern sprechen zu k\u00f6nnen | Aktuelles aus der Goethe-Universit\u00e4t Frankfurt","isPartOf":{"@id":"https:\/\/aktuelles.uni-frankfurt.de\/#website"},"primaryImageOfPage":{"@id":"https:\/\/aktuelles.uni-frankfurt.de\/aktuelles\/bad-homburg-conference-16-17-09-lernen-ueber-gewalt-an-kindern-sprechen-zu-koennen\/#primaryimage"},"image":{"@id":"https:\/\/aktuelles.uni-frankfurt.de\/aktuelles\/bad-homburg-conference-16-17-09-lernen-ueber-gewalt-an-kindern-sprechen-zu-koennen\/#primaryimage"},"thumbnailUrl":"https:\/\/aktuelles.uni-frankfurt.de\/wp-content\/uploads\/2022\/08\/Beitragsbild_BadHomburgConferences-22.png","datePublished":"2022-08-15T07:41:49+00:00","dateModified":"2022-08-15T07:41:50+00:00","breadcrumb":{"@id":"https:\/\/aktuelles.uni-frankfurt.de\/aktuelles\/bad-homburg-conference-16-17-09-lernen-ueber-gewalt-an-kindern-sprechen-zu-koennen\/#breadcrumb"},"inLanguage":"en-GB","potentialAction":[{"@type":"ReadAction","target":["https:\/\/aktuelles.uni-frankfurt.de\/aktuelles\/bad-homburg-conference-16-17-09-lernen-ueber-gewalt-an-kindern-sprechen-zu-koennen\/"]}]},{"@type":"ImageObject","inLanguage":"en-GB","@id":"https:\/\/aktuelles.uni-frankfurt.de\/aktuelles\/bad-homburg-conference-16-17-09-lernen-ueber-gewalt-an-kindern-sprechen-zu-koennen\/#primaryimage","url":"https:\/\/aktuelles.uni-frankfurt.de\/wp-content\/uploads\/2022\/08\/Beitragsbild_BadHomburgConferences-22.png","contentUrl":"https:\/\/aktuelles.uni-frankfurt.de\/wp-content\/uploads\/2022\/08\/Beitragsbild_BadHomburgConferences-22.png","width":650,"height":450},{"@type":"BreadcrumbList","@id":"https:\/\/aktuelles.uni-frankfurt.de\/aktuelles\/bad-homburg-conference-16-17-09-lernen-ueber-gewalt-an-kindern-sprechen-zu-koennen\/#breadcrumb","itemListElement":[{"@type":"ListItem","position":1,"name":"Startseite","item":"https:\/\/aktuelles.uni-frankfurt.de\/"},{"@type":"ListItem","position":2,"name":"Bad Homburg Conference 16. &#038; 17.09.: Lernen, \u00fcber Gewalt an Kindern sprechen zu k\u00f6nnen"}]},{"@type":"WebSite","@id":"https:\/\/aktuelles.uni-frankfurt.de\/#website","url":"https:\/\/aktuelles.uni-frankfurt.de\/","name":"Aktuelles aus der Goethe-Universit\u00e4t Frankfurt","description":"Aktuelles aus der Goethe-Universit\u00e4t | Neues aus Forschung, Lehre, Studium","publisher":{"@id":"https:\/\/aktuelles.uni-frankfurt.de\/#organization"},"potentialAction":[{"@type":"SearchAction","target":{"@type":"EntryPoint","urlTemplate":"https:\/\/aktuelles.uni-frankfurt.de\/?s={search_term_string}"},"query-input":{"@type":"PropertyValueSpecification","valueRequired":true,"valueName":"search_term_string"}}],"inLanguage":"en-GB"},{"@type":"Organization","@id":"https:\/\/aktuelles.uni-frankfurt.de\/#organization","name":"Goethe University Frankfurt","url":"https:\/\/aktuelles.uni-frankfurt.de\/","logo":{"@type":"ImageObject","inLanguage":"en-GB","@id":"https:\/\/aktuelles.uni-frankfurt.de\/#\/schema\/logo\/image\/","url":"https:\/\/aktuelles.uni-frankfurt.de\/wp-content\/uploads\/2022\/03\/800px-Goethe-Logo.png","contentUrl":"https:\/\/aktuelles.uni-frankfurt.de\/wp-content\/uploads\/2022\/03\/800px-Goethe-Logo.png","width":800,"height":436,"caption":"Goethe-Universit\u00e4t"},"image":{"@id":"https:\/\/aktuelles.uni-frankfurt.de\/#\/schema\/logo\/image\/"}},{"@type":"Person","@id":"https:\/\/aktuelles.uni-frankfurt.de\/#\/schema\/person\/8e55ea338fb65d1ce87a91565d1f1739","name":"-","description":"Dieser Beitrag wurde von der Online-Redaktion ver\u00f6ffentlicht. Wenn der Beitrag von einem Gastautoren verfasst wurde, findet sich dieser Hinweis am Ende des jeweiligen Artikels.","sameAs":["http:\/\/aktuelles.uni-frankfurt.de\/autoren"],"url":"https:\/\/aktuelles.uni-frankfurt.de\/en\/author\/redaktion\/"}]}},"_links":{"self":[{"href":"https:\/\/aktuelles.uni-frankfurt.de\/en\/wp-json\/wp\/v2\/posts\/60969","targetHints":{"allow":["GET"]}}],"collection":[{"href":"https:\/\/aktuelles.uni-frankfurt.de\/en\/wp-json\/wp\/v2\/posts"}],"about":[{"href":"https:\/\/aktuelles.uni-frankfurt.de\/en\/wp-json\/wp\/v2\/types\/post"}],"author":[{"embeddable":true,"href":"https:\/\/aktuelles.uni-frankfurt.de\/en\/wp-json\/wp\/v2\/users\/8"}],"replies":[{"embeddable":true,"href":"https:\/\/aktuelles.uni-frankfurt.de\/en\/wp-json\/wp\/v2\/comments?post=60969"}],"version-history":[{"count":0,"href":"https:\/\/aktuelles.uni-frankfurt.de\/en\/wp-json\/wp\/v2\/posts\/60969\/revisions"}],"wp:featuredmedia":[{"embeddable":true,"href":"https:\/\/aktuelles.uni-frankfurt.de\/en\/wp-json\/wp\/v2\/media\/60974"}],"wp:attachment":[{"href":"https:\/\/aktuelles.uni-frankfurt.de\/en\/wp-json\/wp\/v2\/media?parent=60969"}],"wp:term":[{"taxonomy":"category","embeddable":true,"href":"https:\/\/aktuelles.uni-frankfurt.de\/en\/wp-json\/wp\/v2\/categories?post=60969"},{"taxonomy":"post_tag","embeddable":true,"href":"https:\/\/aktuelles.uni-frankfurt.de\/en\/wp-json\/wp\/v2\/tags?post=60969"},{"taxonomy":"post_folder","embeddable":true,"href":"https:\/\/aktuelles.uni-frankfurt.de\/en\/wp-json\/wp\/v2\/post_folder?post=60969"}],"curies":[{"name":"wp","href":"https:\/\/api.w.org\/{rel}","templated":true}]}}