{"id":6102,"date":"2016-04-15T12:37:55","date_gmt":"2016-04-15T10:37:55","guid":{"rendered":"http:\/\/aktuelles.uni-frankfurt.de\/?p=6102"},"modified":"2016-04-22T10:23:07","modified_gmt":"2016-04-22T08:23:07","slug":"architektur-ist-nicht-nur-selbstzweck","status":"publish","type":"post","link":"https:\/\/aktuelles.uni-frankfurt.de\/en\/veranstaltungen\/architektur-ist-nicht-nur-selbstzweck\/","title":{"rendered":"&#8222;Architektur ist nicht nur Selbstzweck&#8220;"},"content":{"rendered":"<figure id=\"attachment_6111\" aria-describedby=\"caption-attachment-6111\" style=\"width: 750px\" class=\"wp-caption aligncenter\"><img fetchpriority=\"high\" decoding=\"async\" class=\"size-full wp-image-6111\" src=\"https:\/\/aktuelles.uni-frankfurt.de\/wp-content\/uploads\/2016\/04\/blog_Pl\u00e4tzeinDeutschland-Veranstaltungen01.jpg\" alt=\"Er\u00f6ffnung der Ausstellung Pl\u00e4tze in Deutschland 1950 und heute im IG-Farben-Haus; Foto: Detlef Podehl\" width=\"750\" height=\"350\" srcset=\"https:\/\/aktuelles.uni-frankfurt.de\/wp-content\/uploads\/2016\/04\/blog_Pl\u00e4tzeinDeutschland-Veranstaltungen01.jpg 750w, https:\/\/aktuelles.uni-frankfurt.de\/wp-content\/uploads\/2016\/04\/blog_Pl\u00e4tzeinDeutschland-Veranstaltungen01-300x140.jpg 300w\" sizes=\"(max-width: 750px) 100vw, 750px\" \/><figcaption id=\"caption-attachment-6111\" class=\"wp-caption-text\">Er\u00f6ffnung der Ausstellung &#8222;Pl\u00e4tze in Deutschland 1950 und heute&#8220; im IG-Farben-Haus; Foto: Detlef Podehl<\/figcaption><\/figure>\n<p><em><strong>Am vergangenen\u00a0Dienstag wurde die Wanderausstellung &#8222;Pl\u00e4tze in Deutschland 1950 und heute&#8220;\u00a0er\u00f6ffnet. Neben Fotografien markanter deutscher Pl\u00e4tze wurde den vielen Besuchern\u00a0anschlie\u00dfend eine\u00a0interessante Podiumsdiskussion geboten.<\/strong><\/em><!--more--><\/p>\n<p>Die Hauptwache, einer der bekanntesten Verkehrsknotenpunkte innerhalb Frankfurts \u2013 das war er auch damals in den 50er Jahren schon. Alle wichtigen Stra\u00dfenbahnlinien verkehrten um den Platz in der Innenstadt. Heute fahren dort die S- und U-Bahnen unterirdisch. Das \u201eLoch\u201c im Platz, von Frankfurtern so bezeichnet, f\u00fchrt zu dem Bahnhof unter Tage. Diese Ver\u00e4nderungen des Ortes von 1955 bis 2013 veranschaulichen jeweils zwei gegen\u00fcbergestellte Fotografien in der Wanderausstellung \u201ePl\u00e4tze in Deutschland 1950 und heute\u201c, die derzeit im IG-Farben-Haus der Goethe-Universit\u00e4t halt macht.<\/p>\n<p>Gleich zwei Frankfurter Mobilit\u00e4tspunkte geh\u00f6ren zu den 27 gezeigten Bilderpaaren markanter deutscher Pl\u00e4tze: Die Frankfurter Hauptwache (1955 und 2013) und der Bahnhofsplatz (1952 und 2015). \u201eArchitektur ist nicht nur Selbstzweck, sie dient dem Wohle der Menschen, die gerne im urbanen Umfeld wohnen\u201c \u2013 mit diesen Worten er\u00f6ffnete der Vizepr\u00e4sident der Goethe-Universit\u00e4t, Manfred Schubert-Zsilavecz, die Ausstellung am vergangenen Dienstag. Noch bis zum 16. Mai 2016 ist die Gegen\u00fcberstellung auf dem Campus Westend zu sehen.<\/p>\n<p>In das Bild des Frankfurter Bahnhofsplatzes von 2015 treten, anders als 1952, auf der rechten Seite die hohen Bankent\u00fcrme, die die Stadt heute pr\u00e4gen. An dem nach dem Zweiten Weltkrieg zunehmend verkehrsgerecht gestalteten Platz f\u00fchren bis heute mehrere Fahrspuren f\u00fcr Autos und Stra\u00dfenbahnen entlang. Das Auto sei nach dem Zweiten Weltkrieg der Inbegriff von Freiheit gewesen, so dass viele St\u00e4dte in den 50er Jahren autogerecht geplant worden seien, sagte der Stadtplaner Professor Harald Bodenschatz vom Center for Metropolitan Studies an der TU Berlin bei einer Podiumsdiskussion am Er\u00f6ffnungstag.<\/p>\n<figure id=\"attachment_6113\" aria-describedby=\"caption-attachment-6113\" style=\"width: 750px\" class=\"wp-caption aligncenter\"><img decoding=\"async\" class=\"size-full wp-image-6113\" src=\"https:\/\/aktuelles.uni-frankfurt.de\/wp-content\/uploads\/2016\/04\/blog_PlaetzeinDeutschland-Veranstaltungen02.jpg\" alt=\"Prof. Christoph M\u00e4ckler erkl\u00e4rt die ausgestellten Fotografien; Foto: Detlef Podehl\" width=\"750\" height=\"350\" srcset=\"https:\/\/aktuelles.uni-frankfurt.de\/wp-content\/uploads\/2016\/04\/blog_PlaetzeinDeutschland-Veranstaltungen02.jpg 750w, https:\/\/aktuelles.uni-frankfurt.de\/wp-content\/uploads\/2016\/04\/blog_PlaetzeinDeutschland-Veranstaltungen02-300x140.jpg 300w\" sizes=\"(max-width: 750px) 100vw, 750px\" \/><figcaption id=\"caption-attachment-6113\" class=\"wp-caption-text\">Prof. Christoph M\u00e4ckler erkl\u00e4rt die ausgestellten Fotografien; Foto: Detlef Podehl<\/figcaption><\/figure>\n<p>Ein weiterer Aspekt, der zu einer Verunstaltung des \u00f6ffentlichen Raums insbesondere in Frankfurt gef\u00fchrt habe, sei die schnelle Bebauung der Stadt nach dem Krieg gewesen, da Frankfurt Hauptstadt werden wollte, f\u00fcgte der Frankfurter Architekt Professor Christoph M\u00e4ckler hinzu. Das Deutsche Institut f\u00fcr St\u00e4dtebaukunst an der TU Dortmund, an dem M\u00e4ckler lehrt, hat die Wanderausstellung konzipiert, die seit 2013 an verschiedenen Orten in Deutschland gezeigt wird. Die ersten Fotos seien nach dem Zweiten Weltkrieg aufgenommen worden und zeigten keine Kriegszerst\u00f6rungen, sagte der Architekt. Die Pl\u00e4tze, wie sie heute aussehen, seien demnach von Architekten und Stadtplanern besch\u00e4digt worden. \u201eEinen sch\u00f6nen Platz der Moderne gibt es nicht\u201c, sagte M\u00e4ckler.<\/p>\n<p>\u201eMan musste sich legitimieren, wenn man etwas stehen lassen, nicht, wenn man etwas neu bauen wollte\u201c, sagte Bodenschatz. Johnny Klinke, Gr\u00fcnder und Direktor des Tigerpalasts, bemerkte, Hausbesetzer h\u00e4tten ganze Stadtviertel vor einer st\u00e4dtebaulichen Zerst\u00f6rung gerettet, wie etwa das Westend. Doch alt muss nicht immer gleich als sch\u00f6n empfunden werden: Der Altstadt-Wiederaufbau ist f\u00fcr Klinke ein nicht nachvollziehbarer Eingriff.<\/p>\n<p>Der B\u00fcrgermeister und Planungsdezernent der Stadt Frankfurt, Olaf Cunitz, h\u00e4lt dagegen. Es sei die Sehnsucht nach Historischem, die f\u00fcr den Wiederaufbau spreche. Pl\u00e4tze pr\u00e4gen eine Stadt, sie seien Felder der Begegnung, Orte der Integration, was f\u00fcr eine derart internationale Stadt wie Frankfurt, von wichtiger Bedeutung sei, sagte Cunitz. Als gr\u00f6\u00dfte und positivste Entwicklung der Stadt sieht Klinke das Museumsufer, das ein Wohnen am Main erm\u00f6glicht habe. Pl\u00e4tze seien zudem oft mit Emotionen verbunden, wie etwa der Frankfurter R\u00f6mer, an dem viele Jahre lang die Fu\u00dfballnationalmannschaft nach gro\u00dfen Turnieren empfangen wurde.<\/p>\n<p>[vc_row][vc_column css=&#8220;.vc_custom_1460621519620{margin-top: 20px !important;}&#8220;][dt_before_after image_1=&#8220;6121&#8243; image_2=&#8220;6122&#8243; offset=&#8220;60&#8243;][vc_column_text css=&#8220;.vc_custom_1460622783699{margin-top: 10px !important;}&#8220;]<strong><em>Hinweis: Auf den Pfeil klicken, gedr\u00fcckt halten und in die gew\u00fcnschte Richtung ziehen.<\/em><\/strong>[\/vc_column_text][\/vc_column][\/vc_row][vc_row][vc_column][vc_column_text][dt_gap height=&#8220;10&#8243; \/]<\/p>\n<p>Ein weiterer Diskussionspunkt des Abends stie\u00df bei M\u00e4ckler und Bodenschatz nicht auf Einigkeit: Die proaktive Gestaltung des \u00f6ffentlichen Raumes. M\u00e4cklers Meinung nach sei die aktive Gestaltung wichtig f\u00fcr Lebendigkeit einer Stadt: \u201eWir brauchen eine gemischte Stadt, nicht nur reine Wohnviertel.\u201c Erst wenn Wohnen und Gewerbe gemischt w\u00fcrden, entst\u00fcnde Leben. Anders als M\u00e4ckler sieht Bodenschatz das Problem einer \u00dcbergestaltung und pl\u00e4diert daher f\u00fcr eine m\u00f6glichst geringe Einflussnahme in die Inszenierung des \u00f6ffentlichen Raums. Auch der Klimawandel trage seinen Teil zum Thema bei, erg\u00e4nzte Christoph Siegl vom Open Urban Institute, die Menschen w\u00fcrden immer mehr Zeit drau\u00dfen verbringen wollen.<\/p>\n<p>In den n\u00e4chsten Jahren plant die Stadt Frankfurt, sowohl den Bahnhofsvorplatz als auch die Hauptwache neu zu gestalten. M\u00f6glicherweise gibt es zuk\u00fcnftig in Frankfurt doch einen sch\u00f6nen Platz der Moderne.<\/p>\n<p>[dt_call_to_action content_size=&#8220;small&#8220; background=&#8220;fancy&#8220; line=&#8220;true&#8220; style=&#8220;1&#8243; animation=&#8220;fadeIn&#8220;]<\/p>\n<p><strong>Informationen zur Ausstellung:<\/strong><\/p>\n<p>Wann: 13. April bis 16. Mai 2016 | Wo: Foyer IG-Farben-Haus; Besichtigung w\u00e4hrend der \u00d6ffnungszeiten<\/p>\n<p><strong>Zum Weiterlesen:<\/strong><\/p>\n<ul>\n<li><a href=\"https:\/\/aktuelles.uni-frankfurt.de\/veranstaltungen\/ausstellung-plaetze-in-deutschland-kommt-an-die-goethe-universitaet\/\">Ausstellung &#8222;Pl\u00e4tze in Deutschland&#8220; kommt an die Goethe-Universit\u00e4t<\/a><\/li>\n<li>Das Kunstmagazin &#8222;art&#8220; hat unter der \u00dcberschrift &#8222;Achtung! Stadtplaner am Werk&#8220; \u00fcber die Ausstellung berichtet [<a href=\"http:\/\/www.art-magazin.de\/architektur\/9526-rtkl-plaetze-deutschland-stadtplanung-achtung-stadtplaner-am-werk\" target=\"_blank\">Artikel lesen<\/a>]<\/li>\n<\/ul>\n<p>[\/dt_call_to_action][\/vc_column_text][\/vc_column][\/vc_row]<\/p>\n","protected":false},"excerpt":{"rendered":"<p>Am vergangenen\u00a0Dienstag wurde die Wanderausstellung &#8222;Pl\u00e4tze in Deutschland 1950 und heute&#8220;\u00a0er\u00f6ffnet. Neben Fotografien markanter deutscher Pl\u00e4tze wurde den vielen Besuchern\u00a0anschlie\u00dfend eine\u00a0interessante Podiumsdiskussion geboten.<\/p>","protected":false},"author":8,"featured_media":6117,"comment_status":"closed","ping_status":"closed","sticky":false,"template":"","format":"standard","meta":{"_eb_attr":"","_price":"","_stock":"","_tribe_ticket_header":"","_tribe_default_ticket_provider":"","_ticket_start_date":"","_ticket_end_date":"","_tribe_ticket_show_description":"","_tribe_ticket_show_not_going":false,"_tribe_ticket_use_global_stock":"","_tribe_ticket_global_stock_level":"","_global_stock_mode":"","_global_stock_cap":"","_tribe_rsvp_for_event":"","_tribe_ticket_going_count":"","_tribe_ticket_not_going_count":"","_tribe_tickets_list":"[]","_tribe_ticket_has_attendee_info_fields":false,"footnotes":""},"categories":[12],"tags":[17],"post_folder":[],"class_list":["post-6102","post","type-post","status-publish","format-standard","has-post-thumbnail","hentry","category-veranstaltungen","tag-campus-westend"],"yoast_head":"<!-- This site is optimized with the Yoast SEO plugin v27.5 - https:\/\/yoast.com\/product\/yoast-seo-wordpress\/ -->\n<title>&quot;Architektur ist nicht nur Selbstzweck&quot; | Aktuelles aus der Goethe-Universit\u00e4t Frankfurt<\/title>\n<meta name=\"robots\" content=\"index, follow, max-snippet:-1, max-image-preview:large, max-video-preview:-1\" \/>\n<link rel=\"canonical\" href=\"https:\/\/aktuelles.uni-frankfurt.de\/en\/veranstaltungen\/architektur-ist-nicht-nur-selbstzweck\/\" \/>\n<meta property=\"og:locale\" content=\"en_GB\" \/>\n<meta property=\"og:type\" content=\"article\" \/>\n<meta property=\"og:title\" content=\"&quot;Architektur ist nicht nur Selbstzweck&quot; | Aktuelles aus der Goethe-Universit\u00e4t Frankfurt\" \/>\n<meta property=\"og:description\" content=\"Am vergangenen\u00a0Dienstag wurde die Wanderausstellung &#8222;Pl\u00e4tze in Deutschland 1950 und heute&#8220;\u00a0er\u00f6ffnet. Neben Fotografien markanter deutscher Pl\u00e4tze wurde den vielen Besuchern\u00a0anschlie\u00dfend eine\u00a0interessante Podiumsdiskussion geboten.\" \/>\n<meta property=\"og:url\" content=\"https:\/\/aktuelles.uni-frankfurt.de\/en\/veranstaltungen\/architektur-ist-nicht-nur-selbstzweck\/\" \/>\n<meta property=\"og:site_name\" content=\"Aktuelles aus der Goethe-Universit\u00e4t Frankfurt\" \/>\n<meta property=\"article:published_time\" content=\"2016-04-15T10:37:55+00:00\" \/>\n<meta property=\"article:modified_time\" content=\"2016-04-22T08:23:07+00:00\" \/>\n<meta property=\"og:image\" content=\"https:\/\/aktuelles.uni-frankfurt.de\/wp-content\/uploads\/2016\/04\/blog_Vorschau_PlaetzeinDeutschland-Veranstaltungen.jpg\" \/>\n\t<meta property=\"og:image:width\" content=\"400\" \/>\n\t<meta property=\"og:image:height\" content=\"300\" \/>\n\t<meta property=\"og:image:type\" content=\"image\/jpeg\" \/>\n<meta name=\"author\" content=\"-\" \/>\n<meta name=\"twitter:card\" content=\"summary_large_image\" \/>\n<meta name=\"twitter:label1\" content=\"Written by\" \/>\n\t<meta name=\"twitter:data1\" content=\"-\" \/>\n\t<meta name=\"twitter:label2\" content=\"Estimated reading time\" \/>\n\t<meta name=\"twitter:data2\" content=\"4 minutes\" \/>\n<script type=\"application\/ld+json\" class=\"yoast-schema-graph\">{\"@context\":\"https:\\\/\\\/schema.org\",\"@graph\":[{\"@type\":\"Article\",\"@id\":\"https:\\\/\\\/aktuelles.uni-frankfurt.de\\\/veranstaltungen\\\/architektur-ist-nicht-nur-selbstzweck\\\/#article\",\"isPartOf\":{\"@id\":\"https:\\\/\\\/aktuelles.uni-frankfurt.de\\\/veranstaltungen\\\/architektur-ist-nicht-nur-selbstzweck\\\/\"},\"author\":{\"name\":\"-\",\"@id\":\"https:\\\/\\\/aktuelles.uni-frankfurt.de\\\/#\\\/schema\\\/person\\\/8e55ea338fb65d1ce87a91565d1f1739\"},\"headline\":\"&#8222;Architektur ist nicht nur Selbstzweck&#8220;\",\"datePublished\":\"2016-04-15T10:37:55+00:00\",\"dateModified\":\"2016-04-22T08:23:07+00:00\",\"mainEntityOfPage\":{\"@id\":\"https:\\\/\\\/aktuelles.uni-frankfurt.de\\\/veranstaltungen\\\/architektur-ist-nicht-nur-selbstzweck\\\/\"},\"wordCount\":875,\"publisher\":{\"@id\":\"https:\\\/\\\/aktuelles.uni-frankfurt.de\\\/#organization\"},\"image\":{\"@id\":\"https:\\\/\\\/aktuelles.uni-frankfurt.de\\\/veranstaltungen\\\/architektur-ist-nicht-nur-selbstzweck\\\/#primaryimage\"},\"thumbnailUrl\":\"https:\\\/\\\/aktuelles.uni-frankfurt.de\\\/wp-content\\\/uploads\\\/2016\\\/04\\\/blog_Vorschau_PlaetzeinDeutschland-Veranstaltungen.jpg\",\"keywords\":[\"Campus Westend\"],\"articleSection\":[\"Veranstaltungen\"],\"inLanguage\":\"en-GB\"},{\"@type\":\"WebPage\",\"@id\":\"https:\\\/\\\/aktuelles.uni-frankfurt.de\\\/veranstaltungen\\\/architektur-ist-nicht-nur-selbstzweck\\\/\",\"url\":\"https:\\\/\\\/aktuelles.uni-frankfurt.de\\\/veranstaltungen\\\/architektur-ist-nicht-nur-selbstzweck\\\/\",\"name\":\"\\\"Architektur ist nicht nur Selbstzweck\\\" | Aktuelles aus der Goethe-Universit\u00e4t Frankfurt\",\"isPartOf\":{\"@id\":\"https:\\\/\\\/aktuelles.uni-frankfurt.de\\\/#website\"},\"primaryImageOfPage\":{\"@id\":\"https:\\\/\\\/aktuelles.uni-frankfurt.de\\\/veranstaltungen\\\/architektur-ist-nicht-nur-selbstzweck\\\/#primaryimage\"},\"image\":{\"@id\":\"https:\\\/\\\/aktuelles.uni-frankfurt.de\\\/veranstaltungen\\\/architektur-ist-nicht-nur-selbstzweck\\\/#primaryimage\"},\"thumbnailUrl\":\"https:\\\/\\\/aktuelles.uni-frankfurt.de\\\/wp-content\\\/uploads\\\/2016\\\/04\\\/blog_Vorschau_PlaetzeinDeutschland-Veranstaltungen.jpg\",\"datePublished\":\"2016-04-15T10:37:55+00:00\",\"dateModified\":\"2016-04-22T08:23:07+00:00\",\"breadcrumb\":{\"@id\":\"https:\\\/\\\/aktuelles.uni-frankfurt.de\\\/veranstaltungen\\\/architektur-ist-nicht-nur-selbstzweck\\\/#breadcrumb\"},\"inLanguage\":\"en-GB\",\"potentialAction\":[{\"@type\":\"ReadAction\",\"target\":[\"https:\\\/\\\/aktuelles.uni-frankfurt.de\\\/veranstaltungen\\\/architektur-ist-nicht-nur-selbstzweck\\\/\"]}]},{\"@type\":\"ImageObject\",\"inLanguage\":\"en-GB\",\"@id\":\"https:\\\/\\\/aktuelles.uni-frankfurt.de\\\/veranstaltungen\\\/architektur-ist-nicht-nur-selbstzweck\\\/#primaryimage\",\"url\":\"https:\\\/\\\/aktuelles.uni-frankfurt.de\\\/wp-content\\\/uploads\\\/2016\\\/04\\\/blog_Vorschau_PlaetzeinDeutschland-Veranstaltungen.jpg\",\"contentUrl\":\"https:\\\/\\\/aktuelles.uni-frankfurt.de\\\/wp-content\\\/uploads\\\/2016\\\/04\\\/blog_Vorschau_PlaetzeinDeutschland-Veranstaltungen.jpg\",\"width\":400,\"height\":300,\"caption\":\"Vorbereitungen zur Ausstellung Pl\u00e4tze in Deutschland; Foto: Annabelle Hornung\"},{\"@type\":\"BreadcrumbList\",\"@id\":\"https:\\\/\\\/aktuelles.uni-frankfurt.de\\\/veranstaltungen\\\/architektur-ist-nicht-nur-selbstzweck\\\/#breadcrumb\",\"itemListElement\":[{\"@type\":\"ListItem\",\"position\":1,\"name\":\"Startseite\",\"item\":\"https:\\\/\\\/aktuelles.uni-frankfurt.de\\\/\"},{\"@type\":\"ListItem\",\"position\":2,\"name\":\"&#8220;Architektur ist nicht nur Selbstzweck&#8221;\"}]},{\"@type\":\"WebSite\",\"@id\":\"https:\\\/\\\/aktuelles.uni-frankfurt.de\\\/#website\",\"url\":\"https:\\\/\\\/aktuelles.uni-frankfurt.de\\\/\",\"name\":\"Aktuelles aus der Goethe-Universit\u00e4t Frankfurt\",\"description\":\"Aktuelles aus der Goethe-Universit\u00e4t | Neues aus Forschung, Lehre, Studium\",\"publisher\":{\"@id\":\"https:\\\/\\\/aktuelles.uni-frankfurt.de\\\/#organization\"},\"potentialAction\":[{\"@type\":\"SearchAction\",\"target\":{\"@type\":\"EntryPoint\",\"urlTemplate\":\"https:\\\/\\\/aktuelles.uni-frankfurt.de\\\/?s={search_term_string}\"},\"query-input\":{\"@type\":\"PropertyValueSpecification\",\"valueRequired\":true,\"valueName\":\"search_term_string\"}}],\"inLanguage\":\"en-GB\"},{\"@type\":\"Organization\",\"@id\":\"https:\\\/\\\/aktuelles.uni-frankfurt.de\\\/#organization\",\"name\":\"Goethe-Universit\u00e4t\",\"url\":\"https:\\\/\\\/aktuelles.uni-frankfurt.de\\\/\",\"logo\":{\"@type\":\"ImageObject\",\"inLanguage\":\"en-GB\",\"@id\":\"https:\\\/\\\/aktuelles.uni-frankfurt.de\\\/#\\\/schema\\\/logo\\\/image\\\/\",\"url\":\"https:\\\/\\\/aktuelles.uni-frankfurt.de\\\/wp-content\\\/uploads\\\/2022\\\/03\\\/800px-Goethe-Logo.png\",\"contentUrl\":\"https:\\\/\\\/aktuelles.uni-frankfurt.de\\\/wp-content\\\/uploads\\\/2022\\\/03\\\/800px-Goethe-Logo.png\",\"width\":800,\"height\":436,\"caption\":\"Goethe-Universit\u00e4t\"},\"image\":{\"@id\":\"https:\\\/\\\/aktuelles.uni-frankfurt.de\\\/#\\\/schema\\\/logo\\\/image\\\/\"}},{\"@type\":\"Person\",\"@id\":\"https:\\\/\\\/aktuelles.uni-frankfurt.de\\\/#\\\/schema\\\/person\\\/8e55ea338fb65d1ce87a91565d1f1739\",\"name\":\"-\",\"description\":\"Dieser Beitrag wurde von der Online-Redaktion ver\u00f6ffentlicht. Wenn der Beitrag von einem Gastautoren verfasst wurde, findet sich dieser Hinweis am Ende des jeweiligen Artikels.\",\"sameAs\":[\"http:\\\/\\\/aktuelles.uni-frankfurt.de\\\/autoren\"],\"url\":\"https:\\\/\\\/aktuelles.uni-frankfurt.de\\\/en\\\/author\\\/redaktion\\\/\"}]}<\/script>\n<!-- \/ Yoast SEO plugin. -->","yoast_head_json":{"title":"\"Architektur ist nicht nur Selbstzweck\" | Aktuelles aus der Goethe-Universit\u00e4t Frankfurt","robots":{"index":"index","follow":"follow","max-snippet":"max-snippet:-1","max-image-preview":"max-image-preview:large","max-video-preview":"max-video-preview:-1"},"canonical":"https:\/\/aktuelles.uni-frankfurt.de\/en\/veranstaltungen\/architektur-ist-nicht-nur-selbstzweck\/","og_locale":"en_GB","og_type":"article","og_title":"\"Architektur ist nicht nur Selbstzweck\" | Aktuelles aus der Goethe-Universit\u00e4t Frankfurt","og_description":"Am vergangenen\u00a0Dienstag wurde die Wanderausstellung &#8222;Pl\u00e4tze in Deutschland 1950 und heute&#8220;\u00a0er\u00f6ffnet. Neben Fotografien markanter deutscher Pl\u00e4tze wurde den vielen Besuchern\u00a0anschlie\u00dfend eine\u00a0interessante Podiumsdiskussion geboten.","og_url":"https:\/\/aktuelles.uni-frankfurt.de\/en\/veranstaltungen\/architektur-ist-nicht-nur-selbstzweck\/","og_site_name":"Aktuelles aus der Goethe-Universit\u00e4t Frankfurt","article_published_time":"2016-04-15T10:37:55+00:00","article_modified_time":"2016-04-22T08:23:07+00:00","og_image":[{"width":400,"height":300,"url":"https:\/\/aktuelles.uni-frankfurt.de\/wp-content\/uploads\/2016\/04\/blog_Vorschau_PlaetzeinDeutschland-Veranstaltungen.jpg","type":"image\/jpeg"}],"author":"-","twitter_card":"summary_large_image","twitter_misc":{"Written by":"-","Estimated reading time":"4 minutes"},"schema":{"@context":"https:\/\/schema.org","@graph":[{"@type":"Article","@id":"https:\/\/aktuelles.uni-frankfurt.de\/veranstaltungen\/architektur-ist-nicht-nur-selbstzweck\/#article","isPartOf":{"@id":"https:\/\/aktuelles.uni-frankfurt.de\/veranstaltungen\/architektur-ist-nicht-nur-selbstzweck\/"},"author":{"name":"-","@id":"https:\/\/aktuelles.uni-frankfurt.de\/#\/schema\/person\/8e55ea338fb65d1ce87a91565d1f1739"},"headline":"&#8222;Architektur ist nicht nur Selbstzweck&#8220;","datePublished":"2016-04-15T10:37:55+00:00","dateModified":"2016-04-22T08:23:07+00:00","mainEntityOfPage":{"@id":"https:\/\/aktuelles.uni-frankfurt.de\/veranstaltungen\/architektur-ist-nicht-nur-selbstzweck\/"},"wordCount":875,"publisher":{"@id":"https:\/\/aktuelles.uni-frankfurt.de\/#organization"},"image":{"@id":"https:\/\/aktuelles.uni-frankfurt.de\/veranstaltungen\/architektur-ist-nicht-nur-selbstzweck\/#primaryimage"},"thumbnailUrl":"https:\/\/aktuelles.uni-frankfurt.de\/wp-content\/uploads\/2016\/04\/blog_Vorschau_PlaetzeinDeutschland-Veranstaltungen.jpg","keywords":["Campus Westend"],"articleSection":["Veranstaltungen"],"inLanguage":"en-GB"},{"@type":"WebPage","@id":"https:\/\/aktuelles.uni-frankfurt.de\/veranstaltungen\/architektur-ist-nicht-nur-selbstzweck\/","url":"https:\/\/aktuelles.uni-frankfurt.de\/veranstaltungen\/architektur-ist-nicht-nur-selbstzweck\/","name":"\"Architektur ist nicht nur Selbstzweck\" | Aktuelles aus der Goethe-Universit\u00e4t Frankfurt","isPartOf":{"@id":"https:\/\/aktuelles.uni-frankfurt.de\/#website"},"primaryImageOfPage":{"@id":"https:\/\/aktuelles.uni-frankfurt.de\/veranstaltungen\/architektur-ist-nicht-nur-selbstzweck\/#primaryimage"},"image":{"@id":"https:\/\/aktuelles.uni-frankfurt.de\/veranstaltungen\/architektur-ist-nicht-nur-selbstzweck\/#primaryimage"},"thumbnailUrl":"https:\/\/aktuelles.uni-frankfurt.de\/wp-content\/uploads\/2016\/04\/blog_Vorschau_PlaetzeinDeutschland-Veranstaltungen.jpg","datePublished":"2016-04-15T10:37:55+00:00","dateModified":"2016-04-22T08:23:07+00:00","breadcrumb":{"@id":"https:\/\/aktuelles.uni-frankfurt.de\/veranstaltungen\/architektur-ist-nicht-nur-selbstzweck\/#breadcrumb"},"inLanguage":"en-GB","potentialAction":[{"@type":"ReadAction","target":["https:\/\/aktuelles.uni-frankfurt.de\/veranstaltungen\/architektur-ist-nicht-nur-selbstzweck\/"]}]},{"@type":"ImageObject","inLanguage":"en-GB","@id":"https:\/\/aktuelles.uni-frankfurt.de\/veranstaltungen\/architektur-ist-nicht-nur-selbstzweck\/#primaryimage","url":"https:\/\/aktuelles.uni-frankfurt.de\/wp-content\/uploads\/2016\/04\/blog_Vorschau_PlaetzeinDeutschland-Veranstaltungen.jpg","contentUrl":"https:\/\/aktuelles.uni-frankfurt.de\/wp-content\/uploads\/2016\/04\/blog_Vorschau_PlaetzeinDeutschland-Veranstaltungen.jpg","width":400,"height":300,"caption":"Vorbereitungen zur Ausstellung Pl\u00e4tze in Deutschland; Foto: Annabelle Hornung"},{"@type":"BreadcrumbList","@id":"https:\/\/aktuelles.uni-frankfurt.de\/veranstaltungen\/architektur-ist-nicht-nur-selbstzweck\/#breadcrumb","itemListElement":[{"@type":"ListItem","position":1,"name":"Startseite","item":"https:\/\/aktuelles.uni-frankfurt.de\/"},{"@type":"ListItem","position":2,"name":"&#8220;Architektur ist nicht nur Selbstzweck&#8221;"}]},{"@type":"WebSite","@id":"https:\/\/aktuelles.uni-frankfurt.de\/#website","url":"https:\/\/aktuelles.uni-frankfurt.de\/","name":"Aktuelles aus der Goethe-Universit\u00e4t Frankfurt","description":"Aktuelles aus der Goethe-Universit\u00e4t | Neues aus Forschung, Lehre, Studium","publisher":{"@id":"https:\/\/aktuelles.uni-frankfurt.de\/#organization"},"potentialAction":[{"@type":"SearchAction","target":{"@type":"EntryPoint","urlTemplate":"https:\/\/aktuelles.uni-frankfurt.de\/?s={search_term_string}"},"query-input":{"@type":"PropertyValueSpecification","valueRequired":true,"valueName":"search_term_string"}}],"inLanguage":"en-GB"},{"@type":"Organization","@id":"https:\/\/aktuelles.uni-frankfurt.de\/#organization","name":"Goethe University Frankfurt","url":"https:\/\/aktuelles.uni-frankfurt.de\/","logo":{"@type":"ImageObject","inLanguage":"en-GB","@id":"https:\/\/aktuelles.uni-frankfurt.de\/#\/schema\/logo\/image\/","url":"https:\/\/aktuelles.uni-frankfurt.de\/wp-content\/uploads\/2022\/03\/800px-Goethe-Logo.png","contentUrl":"https:\/\/aktuelles.uni-frankfurt.de\/wp-content\/uploads\/2022\/03\/800px-Goethe-Logo.png","width":800,"height":436,"caption":"Goethe-Universit\u00e4t"},"image":{"@id":"https:\/\/aktuelles.uni-frankfurt.de\/#\/schema\/logo\/image\/"}},{"@type":"Person","@id":"https:\/\/aktuelles.uni-frankfurt.de\/#\/schema\/person\/8e55ea338fb65d1ce87a91565d1f1739","name":"-","description":"Dieser Beitrag wurde von der Online-Redaktion ver\u00f6ffentlicht. Wenn der Beitrag von einem Gastautoren verfasst wurde, findet sich dieser Hinweis am Ende des jeweiligen Artikels.","sameAs":["http:\/\/aktuelles.uni-frankfurt.de\/autoren"],"url":"https:\/\/aktuelles.uni-frankfurt.de\/en\/author\/redaktion\/"}]}},"_links":{"self":[{"href":"https:\/\/aktuelles.uni-frankfurt.de\/en\/wp-json\/wp\/v2\/posts\/6102","targetHints":{"allow":["GET"]}}],"collection":[{"href":"https:\/\/aktuelles.uni-frankfurt.de\/en\/wp-json\/wp\/v2\/posts"}],"about":[{"href":"https:\/\/aktuelles.uni-frankfurt.de\/en\/wp-json\/wp\/v2\/types\/post"}],"author":[{"embeddable":true,"href":"https:\/\/aktuelles.uni-frankfurt.de\/en\/wp-json\/wp\/v2\/users\/8"}],"replies":[{"embeddable":true,"href":"https:\/\/aktuelles.uni-frankfurt.de\/en\/wp-json\/wp\/v2\/comments?post=6102"}],"version-history":[{"count":0,"href":"https:\/\/aktuelles.uni-frankfurt.de\/en\/wp-json\/wp\/v2\/posts\/6102\/revisions"}],"wp:featuredmedia":[{"embeddable":true,"href":"https:\/\/aktuelles.uni-frankfurt.de\/en\/wp-json\/wp\/v2\/media\/6117"}],"wp:attachment":[{"href":"https:\/\/aktuelles.uni-frankfurt.de\/en\/wp-json\/wp\/v2\/media?parent=6102"}],"wp:term":[{"taxonomy":"category","embeddable":true,"href":"https:\/\/aktuelles.uni-frankfurt.de\/en\/wp-json\/wp\/v2\/categories?post=6102"},{"taxonomy":"post_tag","embeddable":true,"href":"https:\/\/aktuelles.uni-frankfurt.de\/en\/wp-json\/wp\/v2\/tags?post=6102"},{"taxonomy":"post_folder","embeddable":true,"href":"https:\/\/aktuelles.uni-frankfurt.de\/en\/wp-json\/wp\/v2\/post_folder?post=6102"}],"curies":[{"name":"wp","href":"https:\/\/api.w.org\/{rel}","templated":true}]}}