{"id":63296,"date":"2022-09-26T13:50:29","date_gmt":"2022-09-26T11:50:29","guid":{"rendered":"https:\/\/aktuelles.uni-frankfurt.de\/?p=63296"},"modified":"2022-09-26T13:50:30","modified_gmt":"2022-09-26T11:50:30","slug":"frankfurter-preis-fuer-umwelt-und-nachhaltigkeit-2022","status":"publish","type":"post","link":"https:\/\/aktuelles.uni-frankfurt.de\/en\/gesellschaft\/frankfurter-preis-fuer-umwelt-und-nachhaltigkeit-2022\/","title":{"rendered":"Frankfurter Preis f\u00fcr Umwelt und Nachhaltigkeit 2022"},"content":{"rendered":"<p><em>Ausgezeichnet werden Qualifikationsarbeiten im Feld der Umwelt- und sozial-\u00f6kologischen Nachhaltigkeitsforschung an der Goethe-Universit\u00e4t.<\/em><\/p>\n\n\n\n<p>Die Preistr\u00e4ger*innen stehen fest: Der \u201eFrankfurter Preis f\u00fcr Umwelt und Nachhaltigkeit 2022\u201c geht in diesem Jahr an insgesamt f\u00fcnf Nachwuchswissenschaftler*innen der Goethe-Universit\u00e4t. Lukas Sattlegger (Fachbereich Gesellschaftswissenschaften) und Lisa Zimmermann (Fachbereich Biowissenschaften) erhalten f\u00fcr ihre Dissertationen jeweils die Hauptpreise, Natalie Reininger (Fachbereich Biowissenschaften), Katrin Wagner (Fachbereich Geowissenschaften\/Geographie) und Alexandra Werwitzke (Fachbereich Geowissenschaften\/Geographie) f\u00fcr ihre Masterarbeiten bzw. Wissenschaftlichen Hausarbeiten jeweils die F\u00f6rderpreise. Ausgew\u00e4hlt wurden die Preistr\u00e4ger*innen vom Kuratorium Frankfurter Preis f\u00fcr Umwelt und Nachhaltigkeit unter Vorsitz von Professorin Birgit Bl\u00e4ttel-Mink. Der \u201eFrankfurter Preis f\u00fcr Umwelt und Nachhaltigkeit 2022\u201c (Haupt- und F\u00f6rderpreis) wird vergeben f\u00fcr Qualifikationsarbeiten im Feld der Umwelt- und sozial-\u00f6kologischen Nachhaltigkeitsforschung.In diesem Jahr kooperiert das Kuratorium bei der Ausstattung und der Preisverleihung mit dem GRADE Center Sustain der Goethe-Universit\u00e4t.<\/p>\n\n\n\n<p>Verleihung Frankfurter Preis f\u00fcr Umwelt und Nachhaltigkeit 2022, Montag, 21. November 2022, ab 14 Uhr, Renate von Metzler Saal (Casino, Campus Westend). Mit Vortr\u00e4gen der beiden Haupt-Preistr\u00e4ger*innen., Laudator*innen: Dr. Carolin V\u00f6lker (ISOE\/FB 15 &#8211; Biowissenschaften) und Prof. Dr. Martin Schmidt (FB 14 &#8211; Biochemie, Chemie und Pharmazie).<\/p>\n\n\n\n<h3 class=\"wp-block-heading\"><strong>Die beiden Preistr\u00e4ger*innen im Bereich Hauptpreise<\/strong><\/h3>\n\n\n\n<p><strong>Lukas Sattlegger<\/strong> hat sich in seiner Dissertation im Fach Soziologie mit \u201eSchwierigkeiten und Potentiale der Verpackungsvermeidung \u2013 Eine Arbeitsethnographie im Lebensmittelhandel\u201c besch\u00e4ftigt.\u00a0 In seiner Arbeit, die im Rahmen der transdisziplin\u00e4r angelegten BMBF-Nachwuchsforschungsgruppe \u201ePlastX \u2013 Kunststoffe als systemisches Risiko f\u00fcr sozial-\u00f6kologische Versorgungssysteme\u201c erstellt wurde, befasst Sattlegger sich aus praxistheoretischer Perspektive mit folgender Frage: \u201eWie wird im Lebensmittelhandel mit und an Verpackungen gearbeitet?\u201c Ethnographisch an mehreren Orten des Lebensmittelhandels arbeitend, identifiziert er eine Vielzahl von spezifischen Funktionen von Verpackungen insbesondere im Supermarkt, die bei einer Transformation hin zu einer nachhaltigeren Verpackung ber\u00fccksichtigt werden m\u00fcssen, so die Gutachter*innen Prof\u2018in Dr. Birgit Bl\u00e4ttel-Mink und Prof. Dr. Thomas Scheffer, beide Fachbereich 03 \u2013 Gesellschaftswissenschaften. So untersuchte er den Transformationsprozess hin zur Vermeidung von Plastikverpackungen in einem Bio-Gro\u00dfhandel (Problematisierung und Substitution von Plastikfolie in der Palettensicherung unter Aushandlung der Beziehung von menschlichen und nicht-menschlichen Akteuren) und schlie\u00dft aus einer Analyse der Beziehungen zwischen den Arbeiter*innen und dem Plastik, dass nicht einfach auf Plastik verzichtet werden kann, sondern erst neue Praktiken f\u00fcr den Umgang mit dem Plastikersatz entwickelt werden m\u00fcssen.<\/p>\n\n\n\n<p>\u201eToxicity of Plastic Consumer Products: A Biological, Chemical and Social-Ecological Analysis\u201c war das Thema der zweiten Preistr\u00e4gerin des Hauptpreises, <strong>Lisa Zimmermann<\/strong>, deren Dissertation im Fach Aquatische \u00d6kotoxikologie angesiedelt ist. Sie nehme in ihrer Dissertation (ebenfalls: BMBF-Nachwuchsforschungsgruppe \u201ePlastX \u2013 Kunststoffe als systemisches Risiko f\u00fcr sozial-\u00f6kologische Versorgungssysteme\u201c am ISOE) eine umfassende toxikologische und chemische Charakterisierung der chemischen Gemische vor, welche in einem Gro\u00dfteil von Alltagskunststoffen enthalten sind und vielfach aus diesen austreten, so die Gutachter*innen des Fachbereichs 15 \u2013 Biowissenschaften, Dr. Carolin V\u00f6lker (ISOE\/FB15) und Prof. Dr. J\u00f6rg Oehlmann (FB15). Ihre Auswahl umfasst Alltagsprodukte sowie Produkte bestehend aus biobasierten und bioabbaubaren Materialien, welche als nachhaltigere Alternativen zu konventionellen Kunststoffen beworben werden. In ihren In-vitro- und In-vivo-Toxizit\u00e4tsuntersuchungen konnte Lisa Zimmermann mehr als 1400 Chemikalien nachweisen, welche mehrheitlich mit chemischer Analytik nicht identifizierbar waren und somit in Risikobewertungen nicht ber\u00fccksichtigt werden.<\/p>\n\n\n\n<h3 class=\"wp-block-heading\"><strong>Im Bereich F\u00f6rderpreise gibt es drei Preistr\u00e4gerinnen<\/strong><\/h3>\n\n\n\n<p><strong>Natalie Reininger<\/strong> hat sich in ihrer Masterarbeit im Fach Umweltwissenschaften mit dem Thema \u201eComparative Study of Bisphenol A and of Selected Analogues in in Vitro and in Vivo Tests\u201c besch\u00e4ftigt. F\u00fcr Bisphenol A (BPA), eine in gro\u00dfen Mengen als Weichmacher in der Plastikproduktion verwendeten Substanz, die sich nun auch in relevanten Mengen in der Umwelt findet und diverse unerw\u00fcnschte bzw. sch\u00e4dliche Auswirkungen auf Organismen und \u00d6kosysteme hat (z.B. \u00f6strogene Wirkung), wurden Ersatzstoffe entwickelt (Bisphenolanaloga). Natalie Reininger habe die \u00f6kotoxikologischen Wirkungen von sechs dieser Ersatzstoffe untersucht, schreiben die beiden Gutachter des Fachbereichs 15 \u2013 Biowissenschaften, Prof. Dr. J\u00f6rg Oehlmann und Prof. Dr. Henner Hollert.<\/p>\n\n\n\n<p>Daf\u00fcr hat sie umfangreiche In-vitro und In-vivo-Untersuchungen zur biologischen Wirkung der Substanzen durchgef\u00fchrt. So wurden Mutagenit\u00e4t, Basistoxizit\u00e4t und endokrine Aktivit\u00e4t mit In-vitro-Assays untersucht sowie Reproduktionstests mit einer Wasserschnecke durchgef\u00fchrt. Die Untersuchungen zeigen, dass die verwendeten Ersatzstoffe ebenfalls problematisch, d.h. toxisch sind, und z.T. st\u00e4rkere unerw\u00fcnschte Wirkungen haben als Bisphenol A.<\/p>\n\n\n\n<p>\u201eHydroclimate Reconstruction from Annually Laminated Lake Sediments from Kapp Linn\u00e9, Svalbard, Norwegian High Arctic\u201c \u2013 so lautete das Thema von <strong>Katrin Wagner<\/strong>s Masterarbeit im Fach Physische Geographie. Die Arktis sei ein besonders empfindliches \u00d6kosystem, und im gegenw\u00e4rtigen globalen Klimawandel ein Ort massiver Ver\u00e4nderungen durch rapide Erw\u00e4rmung, so die Gutachter des Fachbereichs 11 &#8211; Geowissenschaften\/Geographie, Prof. Dr. J\u00fcrgen Wunderlich (FB 11) und Prof. Michael J. Retelle (Bates College, Lewiston, USA). In der Arktis stieg die Jahresmitteltemperatur in den letzten f\u00fcnf Dekaden etwa dreimal so schnell wie im globalen Mittel. Diese besonders drastische Erw\u00e4rmung habe nicht nur starke Konsequenzen f\u00fcr das polare \u00d6kosystem, sondern auch einen Einfluss auf das globale Klima durch die Ver\u00e4nderung von globalen Zirkulationsmustern in Atmosph\u00e4re und Ozeanen. Katrin Wagner befasste sich in ihrer Arbeit mit der Analyse eines Sedimentbohrkernes in einem proglazialen See (Linn\u00e9vatnet am Kapp Linn\u00e9) im westlichen Spitzbergen. Durch die Auswertung des Bohrkerns sollten die Klima\u00e4nderung im westlichen Spitzbergen in einen historischen Kontext eingeordnet und insbesondere die Frage sich \u00e4ndernder Niederschlagsmuster untersucht werden.<\/p>\n\n\n\n<p>\u201eAuswirkungen des \u201aGreat Garuda Sea Wall\u2018-Projekts auf Fischerei und Fisch im K\u00fcstengebiet Jakartas\u201c: Damit besch\u00e4ftigte sich <strong>Alexandra Werwitzke<\/strong> in ihrer Wissenschaftlichen Hausarbeit im Lehramt. Das Verh\u00e4ltnis von \u00f6konomischen und \u00f6kologischen Zielen m\u00fcsse in gesellschaftlichen und politischen Diskussionen stets m\u00fchsam verhandelt werden und unterliegt dabei nicht zuletzt verschiedenen Vorstellungen von Natur und Nachhaltigkeit, schreiben die beiden Gutachter*innen Prof\u2019in Dr. Antje Schlottmann und Dr. Eva N\u00f6then, Fachbereich 11 \u2013 Geowissenschaften\/Geographie. Die Abschlussarbeit von Alexandra Werwitzke widmet sich diesem Spannungsfeld. Am Beispiel des von der Regierung Indonesiens in Zusammenarbeit mit den Niederlanden geplanten Projekts Great Garuda Sea Wall (GGSW) wurde mittels einer Diskursanalyse die interessengruppenspezifische Darstellung der Auswirkungen des Projekts auf Fischerei und Fischfauna analysiert. Im Ergebnis w\u00fcrden die prek\u00e4re Situation Jakartas und die sich zuspitzende \u00f6kologische Handlungsdringlichkeit zwar sowohl von Seiten der Regierung als auch von lokalen Oppositionellen wahrgenommen, allerdings in unterschiedlichen Argumentationsstr\u00e4ngen.<\/p>\n\n\n\n<p><strong>Kontakt:<\/strong><\/p>\n\n\n\n<p>Prof\u2019in Dr. Birgit Bl\u00e4ttel-Mink, Vorsitzende des Kuratoriums, Fachbereich 03\/ Gesellschaftswissenschaften, Goethe-Universit\u00e4t. Tel. (069) 798 36661, E-Mail: <a href=\"mailto:b.blaettel-mink@soz.uni-frankfurt.de\">b.blaettel-mink@soz.uni-frankfurt.de<\/a> &nbsp;<\/p>","protected":false},"excerpt":{"rendered":"<p>Ausgezeichnet werden Qualifikationsarbeiten im Feld der Umwelt- und sozial-\u00f6kologischen Nachhaltigkeitsforschung an der Goethe-Universit\u00e4t. Die Preistr\u00e4ger*innen stehen fest: Der \u201eFrankfurter Preis f\u00fcr Umwelt und Nachhaltigkeit 2022\u201c geht in diesem Jahr an [&hellip;]<\/p>\n","protected":false},"author":8,"featured_media":53025,"comment_status":"closed","ping_status":"closed","sticky":false,"template":"","format":"standard","meta":{"_eb_attr":"","_price":"","_stock":"","_tribe_ticket_header":"","_tribe_default_ticket_provider":"","_ticket_start_date":"","_ticket_end_date":"","_tribe_ticket_show_description":"","_tribe_ticket_show_not_going":false,"_tribe_ticket_use_global_stock":"","_tribe_ticket_global_stock_level":"","_global_stock_mode":"","_global_stock_cap":"","_tribe_rsvp_for_event":"","_tribe_ticket_going_count":"","_tribe_ticket_not_going_count":"","_tribe_tickets_list":"[]","_tribe_ticket_has_attendee_info_fields":false,"footnotes":""},"categories":[4],"tags":[47,35,53,63,64,40],"post_folder":[],"class_list":["post-63296","post","type-post","status-publish","format-standard","has-post-thumbnail","hentry","category-gesellschaft","tag-biochemie","tag-biowissenschaften","tag-chemie","tag-pharmazie","tag-preis","tag-preistraeger"],"yoast_head":"<!-- This site is optimized with the Yoast SEO plugin v27.5 - https:\/\/yoast.com\/product\/yoast-seo-wordpress\/ -->\n<title>Frankfurter Preis f\u00fcr Umwelt und Nachhaltigkeit 2022 | Aktuelles aus der Goethe-Universit\u00e4t Frankfurt<\/title>\n<meta name=\"robots\" content=\"index, follow, max-snippet:-1, max-image-preview:large, max-video-preview:-1\" \/>\n<link rel=\"canonical\" href=\"https:\/\/aktuelles.uni-frankfurt.de\/en\/gesellschaft\/frankfurter-preis-fuer-umwelt-und-nachhaltigkeit-2022\/\" \/>\n<meta property=\"og:locale\" content=\"en_GB\" \/>\n<meta property=\"og:type\" content=\"article\" \/>\n<meta property=\"og:title\" content=\"Frankfurter Preis f\u00fcr Umwelt und Nachhaltigkeit 2022 | Aktuelles aus der Goethe-Universit\u00e4t Frankfurt\" \/>\n<meta property=\"og:description\" content=\"Ausgezeichnet werden Qualifikationsarbeiten im Feld der Umwelt- und sozial-\u00f6kologischen Nachhaltigkeitsforschung an der Goethe-Universit\u00e4t. Die Preistr\u00e4ger*innen stehen fest: Der \u201eFrankfurter Preis f\u00fcr Umwelt und Nachhaltigkeit 2022\u201c geht in diesem Jahr an [&hellip;]\" \/>\n<meta property=\"og:url\" content=\"https:\/\/aktuelles.uni-frankfurt.de\/en\/gesellschaft\/frankfurter-preis-fuer-umwelt-und-nachhaltigkeit-2022\/\" \/>\n<meta property=\"og:site_name\" content=\"Aktuelles aus der Goethe-Universit\u00e4t Frankfurt\" \/>\n<meta property=\"article:published_time\" content=\"2022-09-26T11:50:29+00:00\" \/>\n<meta property=\"article:modified_time\" content=\"2022-09-26T11:50:30+00:00\" \/>\n<meta property=\"og:image\" content=\"https:\/\/aktuelles.uni-frankfurt.de\/wp-content\/uploads\/2021\/10\/beitragsbild_allgemein-goethe-uni-webmagazin.jpg\" \/>\n\t<meta property=\"og:image:width\" content=\"650\" \/>\n\t<meta property=\"og:image:height\" content=\"450\" \/>\n\t<meta property=\"og:image:type\" content=\"image\/jpeg\" \/>\n<meta name=\"author\" content=\"-\" \/>\n<meta name=\"twitter:card\" content=\"summary_large_image\" \/>\n<meta name=\"twitter:label1\" content=\"Written by\" \/>\n\t<meta name=\"twitter:data1\" content=\"-\" \/>\n\t<meta name=\"twitter:label2\" content=\"Estimated reading time\" \/>\n\t<meta name=\"twitter:data2\" content=\"5 minutes\" \/>\n<script type=\"application\/ld+json\" class=\"yoast-schema-graph\">{\"@context\":\"https:\\\/\\\/schema.org\",\"@graph\":[{\"@type\":\"Article\",\"@id\":\"https:\\\/\\\/aktuelles.uni-frankfurt.de\\\/gesellschaft\\\/frankfurter-preis-fuer-umwelt-und-nachhaltigkeit-2022\\\/#article\",\"isPartOf\":{\"@id\":\"https:\\\/\\\/aktuelles.uni-frankfurt.de\\\/gesellschaft\\\/frankfurter-preis-fuer-umwelt-und-nachhaltigkeit-2022\\\/\"},\"author\":{\"name\":\"-\",\"@id\":\"https:\\\/\\\/aktuelles.uni-frankfurt.de\\\/#\\\/schema\\\/person\\\/8e55ea338fb65d1ce87a91565d1f1739\"},\"headline\":\"Frankfurter Preis f\u00fcr Umwelt und Nachhaltigkeit 2022\",\"datePublished\":\"2022-09-26T11:50:29+00:00\",\"dateModified\":\"2022-09-26T11:50:30+00:00\",\"mainEntityOfPage\":{\"@id\":\"https:\\\/\\\/aktuelles.uni-frankfurt.de\\\/gesellschaft\\\/frankfurter-preis-fuer-umwelt-und-nachhaltigkeit-2022\\\/\"},\"wordCount\":1069,\"publisher\":{\"@id\":\"https:\\\/\\\/aktuelles.uni-frankfurt.de\\\/#organization\"},\"image\":{\"@id\":\"https:\\\/\\\/aktuelles.uni-frankfurt.de\\\/gesellschaft\\\/frankfurter-preis-fuer-umwelt-und-nachhaltigkeit-2022\\\/#primaryimage\"},\"thumbnailUrl\":\"https:\\\/\\\/aktuelles.uni-frankfurt.de\\\/wp-content\\\/uploads\\\/2021\\\/10\\\/beitragsbild_allgemein-goethe-uni-webmagazin.jpg\",\"keywords\":[\"Biochemie\",\"Biowissenschaften\",\"Chemie\",\"Pharmazie\",\"Preis\",\"Preistr\u00e4ger\"],\"articleSection\":[\"Gesellschaft\"],\"inLanguage\":\"en-GB\"},{\"@type\":\"WebPage\",\"@id\":\"https:\\\/\\\/aktuelles.uni-frankfurt.de\\\/gesellschaft\\\/frankfurter-preis-fuer-umwelt-und-nachhaltigkeit-2022\\\/\",\"url\":\"https:\\\/\\\/aktuelles.uni-frankfurt.de\\\/gesellschaft\\\/frankfurter-preis-fuer-umwelt-und-nachhaltigkeit-2022\\\/\",\"name\":\"Frankfurter Preis f\u00fcr Umwelt und Nachhaltigkeit 2022 | Aktuelles aus der Goethe-Universit\u00e4t Frankfurt\",\"isPartOf\":{\"@id\":\"https:\\\/\\\/aktuelles.uni-frankfurt.de\\\/#website\"},\"primaryImageOfPage\":{\"@id\":\"https:\\\/\\\/aktuelles.uni-frankfurt.de\\\/gesellschaft\\\/frankfurter-preis-fuer-umwelt-und-nachhaltigkeit-2022\\\/#primaryimage\"},\"image\":{\"@id\":\"https:\\\/\\\/aktuelles.uni-frankfurt.de\\\/gesellschaft\\\/frankfurter-preis-fuer-umwelt-und-nachhaltigkeit-2022\\\/#primaryimage\"},\"thumbnailUrl\":\"https:\\\/\\\/aktuelles.uni-frankfurt.de\\\/wp-content\\\/uploads\\\/2021\\\/10\\\/beitragsbild_allgemein-goethe-uni-webmagazin.jpg\",\"datePublished\":\"2022-09-26T11:50:29+00:00\",\"dateModified\":\"2022-09-26T11:50:30+00:00\",\"breadcrumb\":{\"@id\":\"https:\\\/\\\/aktuelles.uni-frankfurt.de\\\/gesellschaft\\\/frankfurter-preis-fuer-umwelt-und-nachhaltigkeit-2022\\\/#breadcrumb\"},\"inLanguage\":\"en-GB\",\"potentialAction\":[{\"@type\":\"ReadAction\",\"target\":[\"https:\\\/\\\/aktuelles.uni-frankfurt.de\\\/gesellschaft\\\/frankfurter-preis-fuer-umwelt-und-nachhaltigkeit-2022\\\/\"]}]},{\"@type\":\"ImageObject\",\"inLanguage\":\"en-GB\",\"@id\":\"https:\\\/\\\/aktuelles.uni-frankfurt.de\\\/gesellschaft\\\/frankfurter-preis-fuer-umwelt-und-nachhaltigkeit-2022\\\/#primaryimage\",\"url\":\"https:\\\/\\\/aktuelles.uni-frankfurt.de\\\/wp-content\\\/uploads\\\/2021\\\/10\\\/beitragsbild_allgemein-goethe-uni-webmagazin.jpg\",\"contentUrl\":\"https:\\\/\\\/aktuelles.uni-frankfurt.de\\\/wp-content\\\/uploads\\\/2021\\\/10\\\/beitragsbild_allgemein-goethe-uni-webmagazin.jpg\",\"width\":650,\"height\":450},{\"@type\":\"BreadcrumbList\",\"@id\":\"https:\\\/\\\/aktuelles.uni-frankfurt.de\\\/gesellschaft\\\/frankfurter-preis-fuer-umwelt-und-nachhaltigkeit-2022\\\/#breadcrumb\",\"itemListElement\":[{\"@type\":\"ListItem\",\"position\":1,\"name\":\"Startseite\",\"item\":\"https:\\\/\\\/aktuelles.uni-frankfurt.de\\\/\"},{\"@type\":\"ListItem\",\"position\":2,\"name\":\"Frankfurter Preis f\u00fcr Umwelt und Nachhaltigkeit 2022\"}]},{\"@type\":\"WebSite\",\"@id\":\"https:\\\/\\\/aktuelles.uni-frankfurt.de\\\/#website\",\"url\":\"https:\\\/\\\/aktuelles.uni-frankfurt.de\\\/\",\"name\":\"Aktuelles aus der Goethe-Universit\u00e4t Frankfurt\",\"description\":\"Aktuelles aus der Goethe-Universit\u00e4t | Neues aus Forschung, Lehre, Studium\",\"publisher\":{\"@id\":\"https:\\\/\\\/aktuelles.uni-frankfurt.de\\\/#organization\"},\"potentialAction\":[{\"@type\":\"SearchAction\",\"target\":{\"@type\":\"EntryPoint\",\"urlTemplate\":\"https:\\\/\\\/aktuelles.uni-frankfurt.de\\\/?s={search_term_string}\"},\"query-input\":{\"@type\":\"PropertyValueSpecification\",\"valueRequired\":true,\"valueName\":\"search_term_string\"}}],\"inLanguage\":\"en-GB\"},{\"@type\":\"Organization\",\"@id\":\"https:\\\/\\\/aktuelles.uni-frankfurt.de\\\/#organization\",\"name\":\"Goethe-Universit\u00e4t\",\"url\":\"https:\\\/\\\/aktuelles.uni-frankfurt.de\\\/\",\"logo\":{\"@type\":\"ImageObject\",\"inLanguage\":\"en-GB\",\"@id\":\"https:\\\/\\\/aktuelles.uni-frankfurt.de\\\/#\\\/schema\\\/logo\\\/image\\\/\",\"url\":\"https:\\\/\\\/aktuelles.uni-frankfurt.de\\\/wp-content\\\/uploads\\\/2022\\\/03\\\/800px-Goethe-Logo.png\",\"contentUrl\":\"https:\\\/\\\/aktuelles.uni-frankfurt.de\\\/wp-content\\\/uploads\\\/2022\\\/03\\\/800px-Goethe-Logo.png\",\"width\":800,\"height\":436,\"caption\":\"Goethe-Universit\u00e4t\"},\"image\":{\"@id\":\"https:\\\/\\\/aktuelles.uni-frankfurt.de\\\/#\\\/schema\\\/logo\\\/image\\\/\"}},{\"@type\":\"Person\",\"@id\":\"https:\\\/\\\/aktuelles.uni-frankfurt.de\\\/#\\\/schema\\\/person\\\/8e55ea338fb65d1ce87a91565d1f1739\",\"name\":\"-\",\"description\":\"Dieser Beitrag wurde von der Online-Redaktion ver\u00f6ffentlicht. Wenn der Beitrag von einem Gastautoren verfasst wurde, findet sich dieser Hinweis am Ende des jeweiligen Artikels.\",\"sameAs\":[\"http:\\\/\\\/aktuelles.uni-frankfurt.de\\\/autoren\"],\"url\":\"https:\\\/\\\/aktuelles.uni-frankfurt.de\\\/en\\\/author\\\/redaktion\\\/\"}]}<\/script>\n<!-- \/ Yoast SEO plugin. -->","yoast_head_json":{"title":"Frankfurter Preis f\u00fcr Umwelt und Nachhaltigkeit 2022 | Aktuelles aus der Goethe-Universit\u00e4t Frankfurt","robots":{"index":"index","follow":"follow","max-snippet":"max-snippet:-1","max-image-preview":"max-image-preview:large","max-video-preview":"max-video-preview:-1"},"canonical":"https:\/\/aktuelles.uni-frankfurt.de\/en\/gesellschaft\/frankfurter-preis-fuer-umwelt-und-nachhaltigkeit-2022\/","og_locale":"en_GB","og_type":"article","og_title":"Frankfurter Preis f\u00fcr Umwelt und Nachhaltigkeit 2022 | Aktuelles aus der Goethe-Universit\u00e4t Frankfurt","og_description":"Ausgezeichnet werden Qualifikationsarbeiten im Feld der Umwelt- und sozial-\u00f6kologischen Nachhaltigkeitsforschung an der Goethe-Universit\u00e4t. Die Preistr\u00e4ger*innen stehen fest: Der \u201eFrankfurter Preis f\u00fcr Umwelt und Nachhaltigkeit 2022\u201c geht in diesem Jahr an [&hellip;]","og_url":"https:\/\/aktuelles.uni-frankfurt.de\/en\/gesellschaft\/frankfurter-preis-fuer-umwelt-und-nachhaltigkeit-2022\/","og_site_name":"Aktuelles aus der Goethe-Universit\u00e4t Frankfurt","article_published_time":"2022-09-26T11:50:29+00:00","article_modified_time":"2022-09-26T11:50:30+00:00","og_image":[{"width":650,"height":450,"url":"https:\/\/aktuelles.uni-frankfurt.de\/wp-content\/uploads\/2021\/10\/beitragsbild_allgemein-goethe-uni-webmagazin.jpg","type":"image\/jpeg"}],"author":"-","twitter_card":"summary_large_image","twitter_misc":{"Written by":"-","Estimated reading time":"5 minutes"},"schema":{"@context":"https:\/\/schema.org","@graph":[{"@type":"Article","@id":"https:\/\/aktuelles.uni-frankfurt.de\/gesellschaft\/frankfurter-preis-fuer-umwelt-und-nachhaltigkeit-2022\/#article","isPartOf":{"@id":"https:\/\/aktuelles.uni-frankfurt.de\/gesellschaft\/frankfurter-preis-fuer-umwelt-und-nachhaltigkeit-2022\/"},"author":{"name":"-","@id":"https:\/\/aktuelles.uni-frankfurt.de\/#\/schema\/person\/8e55ea338fb65d1ce87a91565d1f1739"},"headline":"Frankfurter Preis f\u00fcr Umwelt und Nachhaltigkeit 2022","datePublished":"2022-09-26T11:50:29+00:00","dateModified":"2022-09-26T11:50:30+00:00","mainEntityOfPage":{"@id":"https:\/\/aktuelles.uni-frankfurt.de\/gesellschaft\/frankfurter-preis-fuer-umwelt-und-nachhaltigkeit-2022\/"},"wordCount":1069,"publisher":{"@id":"https:\/\/aktuelles.uni-frankfurt.de\/#organization"},"image":{"@id":"https:\/\/aktuelles.uni-frankfurt.de\/gesellschaft\/frankfurter-preis-fuer-umwelt-und-nachhaltigkeit-2022\/#primaryimage"},"thumbnailUrl":"https:\/\/aktuelles.uni-frankfurt.de\/wp-content\/uploads\/2021\/10\/beitragsbild_allgemein-goethe-uni-webmagazin.jpg","keywords":["Biochemie","Biowissenschaften","Chemie","Pharmazie","Preis","Preistr\u00e4ger"],"articleSection":["Gesellschaft"],"inLanguage":"en-GB"},{"@type":"WebPage","@id":"https:\/\/aktuelles.uni-frankfurt.de\/gesellschaft\/frankfurter-preis-fuer-umwelt-und-nachhaltigkeit-2022\/","url":"https:\/\/aktuelles.uni-frankfurt.de\/gesellschaft\/frankfurter-preis-fuer-umwelt-und-nachhaltigkeit-2022\/","name":"Frankfurter Preis f\u00fcr Umwelt und Nachhaltigkeit 2022 | Aktuelles aus der Goethe-Universit\u00e4t Frankfurt","isPartOf":{"@id":"https:\/\/aktuelles.uni-frankfurt.de\/#website"},"primaryImageOfPage":{"@id":"https:\/\/aktuelles.uni-frankfurt.de\/gesellschaft\/frankfurter-preis-fuer-umwelt-und-nachhaltigkeit-2022\/#primaryimage"},"image":{"@id":"https:\/\/aktuelles.uni-frankfurt.de\/gesellschaft\/frankfurter-preis-fuer-umwelt-und-nachhaltigkeit-2022\/#primaryimage"},"thumbnailUrl":"https:\/\/aktuelles.uni-frankfurt.de\/wp-content\/uploads\/2021\/10\/beitragsbild_allgemein-goethe-uni-webmagazin.jpg","datePublished":"2022-09-26T11:50:29+00:00","dateModified":"2022-09-26T11:50:30+00:00","breadcrumb":{"@id":"https:\/\/aktuelles.uni-frankfurt.de\/gesellschaft\/frankfurter-preis-fuer-umwelt-und-nachhaltigkeit-2022\/#breadcrumb"},"inLanguage":"en-GB","potentialAction":[{"@type":"ReadAction","target":["https:\/\/aktuelles.uni-frankfurt.de\/gesellschaft\/frankfurter-preis-fuer-umwelt-und-nachhaltigkeit-2022\/"]}]},{"@type":"ImageObject","inLanguage":"en-GB","@id":"https:\/\/aktuelles.uni-frankfurt.de\/gesellschaft\/frankfurter-preis-fuer-umwelt-und-nachhaltigkeit-2022\/#primaryimage","url":"https:\/\/aktuelles.uni-frankfurt.de\/wp-content\/uploads\/2021\/10\/beitragsbild_allgemein-goethe-uni-webmagazin.jpg","contentUrl":"https:\/\/aktuelles.uni-frankfurt.de\/wp-content\/uploads\/2021\/10\/beitragsbild_allgemein-goethe-uni-webmagazin.jpg","width":650,"height":450},{"@type":"BreadcrumbList","@id":"https:\/\/aktuelles.uni-frankfurt.de\/gesellschaft\/frankfurter-preis-fuer-umwelt-und-nachhaltigkeit-2022\/#breadcrumb","itemListElement":[{"@type":"ListItem","position":1,"name":"Startseite","item":"https:\/\/aktuelles.uni-frankfurt.de\/"},{"@type":"ListItem","position":2,"name":"Frankfurter Preis f\u00fcr Umwelt und Nachhaltigkeit 2022"}]},{"@type":"WebSite","@id":"https:\/\/aktuelles.uni-frankfurt.de\/#website","url":"https:\/\/aktuelles.uni-frankfurt.de\/","name":"Aktuelles aus der Goethe-Universit\u00e4t Frankfurt","description":"Aktuelles aus der Goethe-Universit\u00e4t | Neues aus Forschung, Lehre, Studium","publisher":{"@id":"https:\/\/aktuelles.uni-frankfurt.de\/#organization"},"potentialAction":[{"@type":"SearchAction","target":{"@type":"EntryPoint","urlTemplate":"https:\/\/aktuelles.uni-frankfurt.de\/?s={search_term_string}"},"query-input":{"@type":"PropertyValueSpecification","valueRequired":true,"valueName":"search_term_string"}}],"inLanguage":"en-GB"},{"@type":"Organization","@id":"https:\/\/aktuelles.uni-frankfurt.de\/#organization","name":"Goethe University Frankfurt","url":"https:\/\/aktuelles.uni-frankfurt.de\/","logo":{"@type":"ImageObject","inLanguage":"en-GB","@id":"https:\/\/aktuelles.uni-frankfurt.de\/#\/schema\/logo\/image\/","url":"https:\/\/aktuelles.uni-frankfurt.de\/wp-content\/uploads\/2022\/03\/800px-Goethe-Logo.png","contentUrl":"https:\/\/aktuelles.uni-frankfurt.de\/wp-content\/uploads\/2022\/03\/800px-Goethe-Logo.png","width":800,"height":436,"caption":"Goethe-Universit\u00e4t"},"image":{"@id":"https:\/\/aktuelles.uni-frankfurt.de\/#\/schema\/logo\/image\/"}},{"@type":"Person","@id":"https:\/\/aktuelles.uni-frankfurt.de\/#\/schema\/person\/8e55ea338fb65d1ce87a91565d1f1739","name":"-","description":"Dieser Beitrag wurde von der Online-Redaktion ver\u00f6ffentlicht. Wenn der Beitrag von einem Gastautoren verfasst wurde, findet sich dieser Hinweis am Ende des jeweiligen Artikels.","sameAs":["http:\/\/aktuelles.uni-frankfurt.de\/autoren"],"url":"https:\/\/aktuelles.uni-frankfurt.de\/en\/author\/redaktion\/"}]}},"_links":{"self":[{"href":"https:\/\/aktuelles.uni-frankfurt.de\/en\/wp-json\/wp\/v2\/posts\/63296","targetHints":{"allow":["GET"]}}],"collection":[{"href":"https:\/\/aktuelles.uni-frankfurt.de\/en\/wp-json\/wp\/v2\/posts"}],"about":[{"href":"https:\/\/aktuelles.uni-frankfurt.de\/en\/wp-json\/wp\/v2\/types\/post"}],"author":[{"embeddable":true,"href":"https:\/\/aktuelles.uni-frankfurt.de\/en\/wp-json\/wp\/v2\/users\/8"}],"replies":[{"embeddable":true,"href":"https:\/\/aktuelles.uni-frankfurt.de\/en\/wp-json\/wp\/v2\/comments?post=63296"}],"version-history":[{"count":0,"href":"https:\/\/aktuelles.uni-frankfurt.de\/en\/wp-json\/wp\/v2\/posts\/63296\/revisions"}],"wp:featuredmedia":[{"embeddable":true,"href":"https:\/\/aktuelles.uni-frankfurt.de\/en\/wp-json\/wp\/v2\/media\/53025"}],"wp:attachment":[{"href":"https:\/\/aktuelles.uni-frankfurt.de\/en\/wp-json\/wp\/v2\/media?parent=63296"}],"wp:term":[{"taxonomy":"category","embeddable":true,"href":"https:\/\/aktuelles.uni-frankfurt.de\/en\/wp-json\/wp\/v2\/categories?post=63296"},{"taxonomy":"post_tag","embeddable":true,"href":"https:\/\/aktuelles.uni-frankfurt.de\/en\/wp-json\/wp\/v2\/tags?post=63296"},{"taxonomy":"post_folder","embeddable":true,"href":"https:\/\/aktuelles.uni-frankfurt.de\/en\/wp-json\/wp\/v2\/post_folder?post=63296"}],"curies":[{"name":"wp","href":"https:\/\/api.w.org\/{rel}","templated":true}]}}