{"id":63427,"date":"2022-09-28T13:02:40","date_gmt":"2022-09-28T11:02:40","guid":{"rendered":"https:\/\/aktuelles.uni-frankfurt.de\/?p=63427"},"modified":"2024-12-11T10:54:43","modified_gmt":"2024-12-11T09:54:43","slug":"19-frankfurter-kinder-uni-von-krieg-und-frieden-und-dem-stromhunger-elektronischer-geraete","status":"publish","type":"post","link":"https:\/\/aktuelles.uni-frankfurt.de\/en\/gesellschaft\/19-frankfurter-kinder-uni-von-krieg-und-frieden-und-dem-stromhunger-elektronischer-geraete\/","title":{"rendered":"19. Frankfurter Kinder-Uni: Von Krieg und Frieden und dem Stromhunger elektronischer Ger\u00e4te"},"content":{"rendered":"<p class=\"has-background\" style=\"background-color:#eeeeee\"><strong>An allen vier Tagen werden die Vorlesungen um 9 und um 11:30 Uhr live \u00fcbertragen.<\/strong> <a href=\"https:\/\/start.video-stream-hosting.de\/player.html?serverip=stream.video-stream-hosting.de&amp;serverapp=studiumdigitale-live&amp;streamname=livestream.smil\" target=\"_blank\" rel=\"noreferrer noopener\">Zum Livestream<\/a> <\/p>\n\n\n\n<figure class=\"wp-block-image alignleft size-large is-resized\"><img fetchpriority=\"high\" decoding=\"async\" src=\"https:\/\/www.kinderuni.uni-frankfurt.de\/121681087.jpg\" alt=\"\" width=\"289\" height=\"409\"\/><\/figure>\n\n\n\n<p>Von 4. bis 7. Oktober l\u00e4dt die Goethe-Universit\u00e4t Kinder im Alter von 8 bis 12 Jahren auf den Campus Westend ein. Nachdem die Veranstaltung 2020 pandemiebedingt abgesagt werden musste und 2021 in einem reduzierten Onlineformat stattfand, werden die Kinder und ihre erwachsenen Begleitpersonen endlich wieder den gro\u00dfen H\u00f6rsaal auf dem Campus Westend f\u00fcllen, um den Vortr\u00e4gen der Wissenschaftlerinnen und Wissenschaftler zu lauschen. Die Goethe-Universit\u00e4t will damit Kinder aller Schularten auf Wissenschaft neugierig machen und ihnen einen ersten Eindruck vom Uni-Leben vermitteln.<\/p>\n\n\n\n<h3 class=\"wp-block-heading\"><strong>Das Programm<\/strong><\/h3>\n\n\n\n<p>Zum Auftakt der Kinder-Uni am Dienstag (4. Oktober) widmet sich die Politologin Prof. Nicole Deitelhoff einem sehr aktuellen Thema. <strong>\u201eWie schlie\u00dft man Frieden. Von der Schwierigkeit, einander die H\u00e4nde zu reichen\u201c<\/strong>, lautet der Titel ihres Vortrags. Sie erkl\u00e4rt den Kindern, was genau man unter einem Krieg versteht und was der Unterschied zwischen einem positiven und einem negativen Frieden ist. Vor allem aber geht es darum, wie Frieden herzustellen ist und wie man erreicht, dass er auch h\u00e4lt.<\/p>\n\n\n\n<p>Ins gar nicht so finstere Mittelalter nimmt Prof. Bernhard Jussen die Kinder-Uni-Studis dann am Mittwoch (5. Oktober) mit. In seiner Vorlesung <strong>\u201eIns Kloster! Vom Schreiben, Spielen und Bierbrauen in St. Gallen\u201c<\/strong> macht der Geschichtswissenschaftler sein junges Publikum mit dem Leben im Kloster vertraut, \u00fcber das der ber\u00fchmte Sankt Galler Klosterplan detailliert Auskunft gibt. So ein Kloster war wie eine kleine Stadt f\u00fcr sich \u2013 mit sehr unterschiedlichen Bewohnern und Funktionen.<\/p>\n\n\n\n<p>Am Donnerstag (6. Oktober) dreht sich dann alles um Energie und um die Frage: <strong>\u201eWof\u00fcr braucht ein Computer Strom? \u00dcber energiesparende Riesenrechner\u201c<\/strong>. Der Computerwissenschaftler Prof. Volker Lindenstruth erkl\u00e4rt, wof\u00fcr Smartphones, Laptops, Tablets und Co. eigentlich den ganzen Strom brauchen und wie \u2013 nicht zuletzt im Dienste der Umwelt \u2013 Strom gespart werden kann. Er selbst hat eine Methode entwickelt, wie sogar riesige Supercomputer weniger Energie verbrauchen.<\/p>\n\n\n\n<p>Den Abschluss der diesj\u00e4hrigen Frankfurter Kinder-Uni macht am Freitag (7. Oktober) die Vorlesung <strong>\u201eWas passiert beim Impfen. So sch\u00fctzt uns ein \u201aPiks\u2018 vor Krankheiten\u201c<\/strong>. Die Virologin Prof. Sandra Ciesek erkl\u00e4rt gemeinsam mit den Kinder\u00e4rzten Dr. Sebastian Hoehl und Dr. Christoph K\u00f6nigs, wie eigentlich Impfen funktioniert und was nach dem kleinen Piks im K\u00f6rper abl\u00e4uft, so dass wir gegen Viren gesch\u00fctzt sind.<\/p>\n\n\n\n<p>Die Vorlesungen finden jeweils am Vormittag um 9 und 11:30 Uhr vor angemeldeten Schulklassen statt, am Nachmittag um 16 Uhr ist der Besuch der Kinder-Uni ohne vorherige Anmeldung m\u00f6glich. Gr\u00f6\u00dfere Gruppen werden dennoch gebeten, sich vorab beim Kinder-Uni-Team zu melden.<\/p>\n\n\n\n<p>In diesem Jahr ist auch das <strong>Museum Experiminta<\/strong> wieder mit im Boot: Im Foyer des H\u00f6rsaalgeb\u00e4udes warten spannende Versuche auf neugierige Kinder. Dar\u00fcber hinaus informieren an den Nachmittagen Teams aus Psychologie und P\u00e4dagogik \u00fcber ihre aktuellen Studien.<\/p>\n\n\n\n<p>Das Organisationsteam rechnet mit mehr als 11.000 Kinder-Uni-Studis. Alle acht Vormittagsvorlesungen, die f\u00fcr angemeldete Schulklassen reserviert sind, sind ausgebucht \u2013 bei einer Kapazit\u00e4t von bis zu 1200 Personen pro Vorlesung im Audimax. Leider mussten auch wieder zahlreiche Absagen verschickt werden. Ein Trost: Nachmittags um 16 Uhr sind alle Kinder von 8 bis 12 Jahren in Begleitung Erwachsener ohne Anmeldung willkommen. F\u00fcr Kinder, die keine M\u00f6glichkeit haben, die Kinder-Uni zu besuchen, gibt es bei den beiden Vormittagsvorlesungen jeweils einen Live-Stream. Die Aufzeichnungen stehen nach einer kurzen Bearbeitungszeit auch im Nachhinein im Internet zur Verf\u00fcgung. Dort finden sich auch <a href=\"http:\/\/www.rz.uni-frankfurt.de\/68128012\/Kinderuni\" target=\"_blank\" rel=\"noreferrer noopener\">Mitschnitte aller Kinder-Uni-Vorlesungen seit 2004<\/a>.<\/p>\n\n\n\n<p>Nach beiden Vormittagsvorlesungen k\u00f6nnen die Sch\u00fclerinnen und Sch\u00fcler sich in der Mensa, den Cafeterien des Studentenwerks oder im Caf\u00e9-Bistro \u201eSturm und Drang\u201c im Erdgeschoss des H\u00f6rsaalgeb\u00e4udes st\u00e4rken \u2013 so wie \u201eechte\u201c Studentinnen und Studenten. In der Mensa Casino-Anbau des Studentenwerks erhalten sie gegen Vorlage ihres \u201eStudi-Ausweises\u201c f\u00fcr 3 Euro ein Kinder-Men\u00fc.<\/p>\n\n\n\n<p>Auch in diesem Jahr gibt es zu jeder Vorlesung ein Quiz. Wer die richtigen Antworten angekreuzt hat, kann tolle Buchpreise und andere Preise gewinnen. Auf der Homepage der Kinder-Uni (<a href=\"http:\/\/www.kinderuni.uni-frankfurt.de\" target=\"_blank\" rel=\"noreferrer noopener\">www.kinderuni.uni-frankfurt.de<\/a>) sind die Quizfragen und sp\u00e4ter die richtigen Antworten einsehbar. Besonders eifrige Besucher, die an mindestens drei Vorlesungen teilgenommen haben, k\u00f6nnen zudem einen Vielh\u00f6rerpreis gewinnen, neben B\u00fcchern auch Freikarten f\u00fcr Museen und Theater sowie Kinder-Uni-T-Shirts und -Tassen.<\/p>\n\n\n\n<p>\u201eIch bin sehr froh, dass die Kinder-Uni jetzt wieder in Pr\u00e4senz stattfinden kann, und ich freue mich schon sehr auf das bunte Leben auf dem Campus. Die Pandemie war f\u00fcr Sch\u00fclerinnen und Sch\u00fcler ein gro\u00dfer Einschnitt und eine sehr erlebnisarme Zeit. Mit Friedensforschung, Mittelaltergeschichte, Informatik und Virologie haben wir wieder ein besonders vielf\u00e4ltiges und spannendes Programm zusammengestellt, das die Kinder sicher ansprechen wird\u201c, sagt Universit\u00e4tspr\u00e4sident Prof. Enrico Schleiff.<\/p>\n\n\n\n<h3 class=\"wp-block-heading\"><strong>Dr. Marschner Stiftung f\u00f6rdert weitere drei Jahre<\/strong><\/h3>\n\n\n\n<p>Seit 2015 unterst\u00fctzt die Dr. Marschner Stiftung die Frankfurter Kinder-Uni erfolgreich. Nun hat sie bekanntgegeben, dass sie diese F\u00f6rderung um weitere drei Jahre bis 2025 verl\u00e4ngern wird.&nbsp; \u201eDie Dr. Marschner Stiftung freut sich, dieses wichtige Veranstaltungsformat auch weiterhin mit umsetzen zu k\u00f6nnen\u201c, erkl\u00e4rt Peter Gatzemeier, Vorstand der Stiftung. \u201eEs ist ein wunderbares Konzept, Kinder in diesem fr\u00fchen Alter mit dem Universit\u00e4tsleben in Kontakt zu bringen \u2013 unabh\u00e4ngig von Herkunft, Schulart und Elternhaus. Der Ausflug auf den sch\u00f6nen Campus Westend und die engagierten Vorlesungen von Professoren und Professorinnen werden vielen bestimmt lange in Erinnerung bleiben\u201c, so Peter Gatzemeier weiter.<\/p>\n\n\n\n<p>Medienpartner der Frankfurter Kinder-Uni ist auch in diesem Jahr die Frankfurter Rundschau, die t\u00e4glich \u00fcber die Veranstaltungen berichten und ebenfalls ein Gewinnspiel anbieten wird.<\/p>","protected":false},"excerpt":{"rendered":"<p>An allen vier Tagen werden die Vorlesungen um 9 und um 11:30 Uhr live \u00fcbertragen. Zum Livestream Von 4. bis 7. Oktober l\u00e4dt die Goethe-Universit\u00e4t Kinder im Alter von 8 [&hellip;]<\/p>\n","protected":false},"author":8,"featured_media":63428,"comment_status":"closed","ping_status":"closed","sticky":false,"template":"","format":"standard","meta":{"_eb_attr":"","_price":"","_stock":"","_tribe_ticket_header":"","_tribe_default_ticket_provider":"","_ticket_start_date":"","_ticket_end_date":"","_tribe_ticket_show_description":"","_tribe_ticket_show_not_going":false,"_tribe_ticket_use_global_stock":"","_tribe_ticket_global_stock_level":"","_global_stock_mode":"","_global_stock_cap":"","_tribe_rsvp_for_event":"","_tribe_ticket_going_count":"","_tribe_ticket_not_going_count":"","_tribe_tickets_list":"[]","_tribe_ticket_has_attendee_info_fields":false,"footnotes":""},"categories":[4],"tags":[394,68],"post_folder":[],"class_list":["post-63427","post","type-post","status-publish","format-standard","has-post-thumbnail","hentry","category-gesellschaft","tag-digitalisierung","tag-kinder-uni"],"yoast_head":"<!-- This site is optimized with the Yoast SEO plugin v27.5 - https:\/\/yoast.com\/product\/yoast-seo-wordpress\/ -->\n<title>19. Frankfurter Kinder-Uni: Von Krieg und Frieden und dem Stromhunger elektronischer Ger\u00e4te | Aktuelles aus der Goethe-Universit\u00e4t Frankfurt<\/title>\n<meta name=\"robots\" content=\"index, follow, max-snippet:-1, max-image-preview:large, max-video-preview:-1\" \/>\n<link rel=\"canonical\" href=\"https:\/\/aktuelles.uni-frankfurt.de\/en\/gesellschaft\/19-frankfurter-kinder-uni-von-krieg-und-frieden-und-dem-stromhunger-elektronischer-geraete\/\" \/>\n<meta property=\"og:locale\" content=\"en_GB\" \/>\n<meta property=\"og:type\" content=\"article\" \/>\n<meta property=\"og:title\" content=\"19. Frankfurter Kinder-Uni: Von Krieg und Frieden und dem Stromhunger elektronischer Ger\u00e4te | Aktuelles aus der Goethe-Universit\u00e4t Frankfurt\" \/>\n<meta property=\"og:description\" content=\"An allen vier Tagen werden die Vorlesungen um 9 und um 11:30 Uhr live \u00fcbertragen. Zum Livestream Von 4. bis 7. Oktober l\u00e4dt die Goethe-Universit\u00e4t Kinder im Alter von 8 [&hellip;]\" \/>\n<meta property=\"og:url\" content=\"https:\/\/aktuelles.uni-frankfurt.de\/en\/gesellschaft\/19-frankfurter-kinder-uni-von-krieg-und-frieden-und-dem-stromhunger-elektronischer-geraete\/\" \/>\n<meta property=\"og:site_name\" content=\"Aktuelles aus der Goethe-Universit\u00e4t Frankfurt\" \/>\n<meta property=\"article:published_time\" content=\"2022-09-28T11:02:40+00:00\" \/>\n<meta property=\"article:modified_time\" content=\"2024-12-11T09:54:43+00:00\" \/>\n<meta property=\"og:image\" content=\"https:\/\/aktuelles.uni-frankfurt.de\/wp-content\/uploads\/2022\/09\/beitragsbild_kinder-uni-2019.jpg\" \/>\n\t<meta property=\"og:image:width\" content=\"650\" \/>\n\t<meta property=\"og:image:height\" content=\"450\" \/>\n\t<meta property=\"og:image:type\" content=\"image\/jpeg\" \/>\n<meta name=\"author\" content=\"-\" \/>\n<meta name=\"twitter:card\" content=\"summary_large_image\" \/>\n<meta name=\"twitter:label1\" content=\"Written by\" \/>\n\t<meta name=\"twitter:data1\" content=\"-\" \/>\n\t<meta name=\"twitter:label2\" content=\"Estimated reading time\" \/>\n\t<meta name=\"twitter:data2\" content=\"5 minutes\" \/>\n<script type=\"application\/ld+json\" class=\"yoast-schema-graph\">{\"@context\":\"https:\\\/\\\/schema.org\",\"@graph\":[{\"@type\":\"Article\",\"@id\":\"https:\\\/\\\/aktuelles.uni-frankfurt.de\\\/gesellschaft\\\/19-frankfurter-kinder-uni-von-krieg-und-frieden-und-dem-stromhunger-elektronischer-geraete\\\/#article\",\"isPartOf\":{\"@id\":\"https:\\\/\\\/aktuelles.uni-frankfurt.de\\\/gesellschaft\\\/19-frankfurter-kinder-uni-von-krieg-und-frieden-und-dem-stromhunger-elektronischer-geraete\\\/\"},\"author\":{\"name\":\"-\",\"@id\":\"https:\\\/\\\/aktuelles.uni-frankfurt.de\\\/#\\\/schema\\\/person\\\/8e55ea338fb65d1ce87a91565d1f1739\"},\"headline\":\"19. Frankfurter Kinder-Uni: Von Krieg und Frieden und dem Stromhunger elektronischer Ger\u00e4te\",\"datePublished\":\"2022-09-28T11:02:40+00:00\",\"dateModified\":\"2024-12-11T09:54:43+00:00\",\"mainEntityOfPage\":{\"@id\":\"https:\\\/\\\/aktuelles.uni-frankfurt.de\\\/gesellschaft\\\/19-frankfurter-kinder-uni-von-krieg-und-frieden-und-dem-stromhunger-elektronischer-geraete\\\/\"},\"wordCount\":920,\"publisher\":{\"@id\":\"https:\\\/\\\/aktuelles.uni-frankfurt.de\\\/#organization\"},\"image\":{\"@id\":\"https:\\\/\\\/aktuelles.uni-frankfurt.de\\\/gesellschaft\\\/19-frankfurter-kinder-uni-von-krieg-und-frieden-und-dem-stromhunger-elektronischer-geraete\\\/#primaryimage\"},\"thumbnailUrl\":\"https:\\\/\\\/aktuelles.uni-frankfurt.de\\\/wp-content\\\/uploads\\\/2022\\\/09\\\/beitragsbild_kinder-uni-2019.jpg\",\"keywords\":[\"Digitalisierung\",\"Kinder-Uni\"],\"articleSection\":[\"Gesellschaft\"],\"inLanguage\":\"en-GB\"},{\"@type\":\"WebPage\",\"@id\":\"https:\\\/\\\/aktuelles.uni-frankfurt.de\\\/gesellschaft\\\/19-frankfurter-kinder-uni-von-krieg-und-frieden-und-dem-stromhunger-elektronischer-geraete\\\/\",\"url\":\"https:\\\/\\\/aktuelles.uni-frankfurt.de\\\/gesellschaft\\\/19-frankfurter-kinder-uni-von-krieg-und-frieden-und-dem-stromhunger-elektronischer-geraete\\\/\",\"name\":\"19. Frankfurter Kinder-Uni: Von Krieg und Frieden und dem Stromhunger elektronischer Ger\u00e4te | Aktuelles aus der Goethe-Universit\u00e4t Frankfurt\",\"isPartOf\":{\"@id\":\"https:\\\/\\\/aktuelles.uni-frankfurt.de\\\/#website\"},\"primaryImageOfPage\":{\"@id\":\"https:\\\/\\\/aktuelles.uni-frankfurt.de\\\/gesellschaft\\\/19-frankfurter-kinder-uni-von-krieg-und-frieden-und-dem-stromhunger-elektronischer-geraete\\\/#primaryimage\"},\"image\":{\"@id\":\"https:\\\/\\\/aktuelles.uni-frankfurt.de\\\/gesellschaft\\\/19-frankfurter-kinder-uni-von-krieg-und-frieden-und-dem-stromhunger-elektronischer-geraete\\\/#primaryimage\"},\"thumbnailUrl\":\"https:\\\/\\\/aktuelles.uni-frankfurt.de\\\/wp-content\\\/uploads\\\/2022\\\/09\\\/beitragsbild_kinder-uni-2019.jpg\",\"datePublished\":\"2022-09-28T11:02:40+00:00\",\"dateModified\":\"2024-12-11T09:54:43+00:00\",\"breadcrumb\":{\"@id\":\"https:\\\/\\\/aktuelles.uni-frankfurt.de\\\/gesellschaft\\\/19-frankfurter-kinder-uni-von-krieg-und-frieden-und-dem-stromhunger-elektronischer-geraete\\\/#breadcrumb\"},\"inLanguage\":\"en-GB\",\"potentialAction\":[{\"@type\":\"ReadAction\",\"target\":[\"https:\\\/\\\/aktuelles.uni-frankfurt.de\\\/gesellschaft\\\/19-frankfurter-kinder-uni-von-krieg-und-frieden-und-dem-stromhunger-elektronischer-geraete\\\/\"]}]},{\"@type\":\"ImageObject\",\"inLanguage\":\"en-GB\",\"@id\":\"https:\\\/\\\/aktuelles.uni-frankfurt.de\\\/gesellschaft\\\/19-frankfurter-kinder-uni-von-krieg-und-frieden-und-dem-stromhunger-elektronischer-geraete\\\/#primaryimage\",\"url\":\"https:\\\/\\\/aktuelles.uni-frankfurt.de\\\/wp-content\\\/uploads\\\/2022\\\/09\\\/beitragsbild_kinder-uni-2019.jpg\",\"contentUrl\":\"https:\\\/\\\/aktuelles.uni-frankfurt.de\\\/wp-content\\\/uploads\\\/2022\\\/09\\\/beitragsbild_kinder-uni-2019.jpg\",\"width\":650,\"height\":450},{\"@type\":\"BreadcrumbList\",\"@id\":\"https:\\\/\\\/aktuelles.uni-frankfurt.de\\\/gesellschaft\\\/19-frankfurter-kinder-uni-von-krieg-und-frieden-und-dem-stromhunger-elektronischer-geraete\\\/#breadcrumb\",\"itemListElement\":[{\"@type\":\"ListItem\",\"position\":1,\"name\":\"Startseite\",\"item\":\"https:\\\/\\\/aktuelles.uni-frankfurt.de\\\/\"},{\"@type\":\"ListItem\",\"position\":2,\"name\":\"19. Frankfurter Kinder-Uni: Von Krieg und Frieden und dem Stromhunger elektronischer Ger\u00e4te\"}]},{\"@type\":\"WebSite\",\"@id\":\"https:\\\/\\\/aktuelles.uni-frankfurt.de\\\/#website\",\"url\":\"https:\\\/\\\/aktuelles.uni-frankfurt.de\\\/\",\"name\":\"Aktuelles aus der Goethe-Universit\u00e4t Frankfurt\",\"description\":\"Aktuelles aus der Goethe-Universit\u00e4t | Neues aus Forschung, Lehre, Studium\",\"publisher\":{\"@id\":\"https:\\\/\\\/aktuelles.uni-frankfurt.de\\\/#organization\"},\"potentialAction\":[{\"@type\":\"SearchAction\",\"target\":{\"@type\":\"EntryPoint\",\"urlTemplate\":\"https:\\\/\\\/aktuelles.uni-frankfurt.de\\\/?s={search_term_string}\"},\"query-input\":{\"@type\":\"PropertyValueSpecification\",\"valueRequired\":true,\"valueName\":\"search_term_string\"}}],\"inLanguage\":\"en-GB\"},{\"@type\":\"Organization\",\"@id\":\"https:\\\/\\\/aktuelles.uni-frankfurt.de\\\/#organization\",\"name\":\"Goethe-Universit\u00e4t\",\"url\":\"https:\\\/\\\/aktuelles.uni-frankfurt.de\\\/\",\"logo\":{\"@type\":\"ImageObject\",\"inLanguage\":\"en-GB\",\"@id\":\"https:\\\/\\\/aktuelles.uni-frankfurt.de\\\/#\\\/schema\\\/logo\\\/image\\\/\",\"url\":\"https:\\\/\\\/aktuelles.uni-frankfurt.de\\\/wp-content\\\/uploads\\\/2022\\\/03\\\/800px-Goethe-Logo.png\",\"contentUrl\":\"https:\\\/\\\/aktuelles.uni-frankfurt.de\\\/wp-content\\\/uploads\\\/2022\\\/03\\\/800px-Goethe-Logo.png\",\"width\":800,\"height\":436,\"caption\":\"Goethe-Universit\u00e4t\"},\"image\":{\"@id\":\"https:\\\/\\\/aktuelles.uni-frankfurt.de\\\/#\\\/schema\\\/logo\\\/image\\\/\"}},{\"@type\":\"Person\",\"@id\":\"https:\\\/\\\/aktuelles.uni-frankfurt.de\\\/#\\\/schema\\\/person\\\/8e55ea338fb65d1ce87a91565d1f1739\",\"name\":\"-\",\"description\":\"Dieser Beitrag wurde von der Online-Redaktion ver\u00f6ffentlicht. Wenn der Beitrag von einem Gastautoren verfasst wurde, findet sich dieser Hinweis am Ende des jeweiligen Artikels.\",\"sameAs\":[\"http:\\\/\\\/aktuelles.uni-frankfurt.de\\\/autoren\"],\"url\":\"https:\\\/\\\/aktuelles.uni-frankfurt.de\\\/en\\\/author\\\/redaktion\\\/\"}]}<\/script>\n<!-- \/ Yoast SEO plugin. -->","yoast_head_json":{"title":"19. Frankfurter Kinder-Uni: Von Krieg und Frieden und dem Stromhunger elektronischer Ger\u00e4te | Aktuelles aus der Goethe-Universit\u00e4t Frankfurt","robots":{"index":"index","follow":"follow","max-snippet":"max-snippet:-1","max-image-preview":"max-image-preview:large","max-video-preview":"max-video-preview:-1"},"canonical":"https:\/\/aktuelles.uni-frankfurt.de\/en\/gesellschaft\/19-frankfurter-kinder-uni-von-krieg-und-frieden-und-dem-stromhunger-elektronischer-geraete\/","og_locale":"en_GB","og_type":"article","og_title":"19. Frankfurter Kinder-Uni: Von Krieg und Frieden und dem Stromhunger elektronischer Ger\u00e4te | Aktuelles aus der Goethe-Universit\u00e4t Frankfurt","og_description":"An allen vier Tagen werden die Vorlesungen um 9 und um 11:30 Uhr live \u00fcbertragen. Zum Livestream Von 4. bis 7. Oktober l\u00e4dt die Goethe-Universit\u00e4t Kinder im Alter von 8 [&hellip;]","og_url":"https:\/\/aktuelles.uni-frankfurt.de\/en\/gesellschaft\/19-frankfurter-kinder-uni-von-krieg-und-frieden-und-dem-stromhunger-elektronischer-geraete\/","og_site_name":"Aktuelles aus der Goethe-Universit\u00e4t Frankfurt","article_published_time":"2022-09-28T11:02:40+00:00","article_modified_time":"2024-12-11T09:54:43+00:00","og_image":[{"width":650,"height":450,"url":"https:\/\/aktuelles.uni-frankfurt.de\/wp-content\/uploads\/2022\/09\/beitragsbild_kinder-uni-2019.jpg","type":"image\/jpeg"}],"author":"-","twitter_card":"summary_large_image","twitter_misc":{"Written by":"-","Estimated reading time":"5 minutes"},"schema":{"@context":"https:\/\/schema.org","@graph":[{"@type":"Article","@id":"https:\/\/aktuelles.uni-frankfurt.de\/gesellschaft\/19-frankfurter-kinder-uni-von-krieg-und-frieden-und-dem-stromhunger-elektronischer-geraete\/#article","isPartOf":{"@id":"https:\/\/aktuelles.uni-frankfurt.de\/gesellschaft\/19-frankfurter-kinder-uni-von-krieg-und-frieden-und-dem-stromhunger-elektronischer-geraete\/"},"author":{"name":"-","@id":"https:\/\/aktuelles.uni-frankfurt.de\/#\/schema\/person\/8e55ea338fb65d1ce87a91565d1f1739"},"headline":"19. Frankfurter Kinder-Uni: Von Krieg und Frieden und dem Stromhunger elektronischer Ger\u00e4te","datePublished":"2022-09-28T11:02:40+00:00","dateModified":"2024-12-11T09:54:43+00:00","mainEntityOfPage":{"@id":"https:\/\/aktuelles.uni-frankfurt.de\/gesellschaft\/19-frankfurter-kinder-uni-von-krieg-und-frieden-und-dem-stromhunger-elektronischer-geraete\/"},"wordCount":920,"publisher":{"@id":"https:\/\/aktuelles.uni-frankfurt.de\/#organization"},"image":{"@id":"https:\/\/aktuelles.uni-frankfurt.de\/gesellschaft\/19-frankfurter-kinder-uni-von-krieg-und-frieden-und-dem-stromhunger-elektronischer-geraete\/#primaryimage"},"thumbnailUrl":"https:\/\/aktuelles.uni-frankfurt.de\/wp-content\/uploads\/2022\/09\/beitragsbild_kinder-uni-2019.jpg","keywords":["Digitalisierung","Kinder-Uni"],"articleSection":["Gesellschaft"],"inLanguage":"en-GB"},{"@type":"WebPage","@id":"https:\/\/aktuelles.uni-frankfurt.de\/gesellschaft\/19-frankfurter-kinder-uni-von-krieg-und-frieden-und-dem-stromhunger-elektronischer-geraete\/","url":"https:\/\/aktuelles.uni-frankfurt.de\/gesellschaft\/19-frankfurter-kinder-uni-von-krieg-und-frieden-und-dem-stromhunger-elektronischer-geraete\/","name":"19. Frankfurter Kinder-Uni: Von Krieg und Frieden und dem Stromhunger elektronischer Ger\u00e4te | Aktuelles aus der Goethe-Universit\u00e4t Frankfurt","isPartOf":{"@id":"https:\/\/aktuelles.uni-frankfurt.de\/#website"},"primaryImageOfPage":{"@id":"https:\/\/aktuelles.uni-frankfurt.de\/gesellschaft\/19-frankfurter-kinder-uni-von-krieg-und-frieden-und-dem-stromhunger-elektronischer-geraete\/#primaryimage"},"image":{"@id":"https:\/\/aktuelles.uni-frankfurt.de\/gesellschaft\/19-frankfurter-kinder-uni-von-krieg-und-frieden-und-dem-stromhunger-elektronischer-geraete\/#primaryimage"},"thumbnailUrl":"https:\/\/aktuelles.uni-frankfurt.de\/wp-content\/uploads\/2022\/09\/beitragsbild_kinder-uni-2019.jpg","datePublished":"2022-09-28T11:02:40+00:00","dateModified":"2024-12-11T09:54:43+00:00","breadcrumb":{"@id":"https:\/\/aktuelles.uni-frankfurt.de\/gesellschaft\/19-frankfurter-kinder-uni-von-krieg-und-frieden-und-dem-stromhunger-elektronischer-geraete\/#breadcrumb"},"inLanguage":"en-GB","potentialAction":[{"@type":"ReadAction","target":["https:\/\/aktuelles.uni-frankfurt.de\/gesellschaft\/19-frankfurter-kinder-uni-von-krieg-und-frieden-und-dem-stromhunger-elektronischer-geraete\/"]}]},{"@type":"ImageObject","inLanguage":"en-GB","@id":"https:\/\/aktuelles.uni-frankfurt.de\/gesellschaft\/19-frankfurter-kinder-uni-von-krieg-und-frieden-und-dem-stromhunger-elektronischer-geraete\/#primaryimage","url":"https:\/\/aktuelles.uni-frankfurt.de\/wp-content\/uploads\/2022\/09\/beitragsbild_kinder-uni-2019.jpg","contentUrl":"https:\/\/aktuelles.uni-frankfurt.de\/wp-content\/uploads\/2022\/09\/beitragsbild_kinder-uni-2019.jpg","width":650,"height":450},{"@type":"BreadcrumbList","@id":"https:\/\/aktuelles.uni-frankfurt.de\/gesellschaft\/19-frankfurter-kinder-uni-von-krieg-und-frieden-und-dem-stromhunger-elektronischer-geraete\/#breadcrumb","itemListElement":[{"@type":"ListItem","position":1,"name":"Startseite","item":"https:\/\/aktuelles.uni-frankfurt.de\/"},{"@type":"ListItem","position":2,"name":"19. Frankfurter Kinder-Uni: Von Krieg und Frieden und dem Stromhunger elektronischer Ger\u00e4te"}]},{"@type":"WebSite","@id":"https:\/\/aktuelles.uni-frankfurt.de\/#website","url":"https:\/\/aktuelles.uni-frankfurt.de\/","name":"Aktuelles aus der Goethe-Universit\u00e4t Frankfurt","description":"Aktuelles aus der Goethe-Universit\u00e4t | Neues aus Forschung, Lehre, Studium","publisher":{"@id":"https:\/\/aktuelles.uni-frankfurt.de\/#organization"},"potentialAction":[{"@type":"SearchAction","target":{"@type":"EntryPoint","urlTemplate":"https:\/\/aktuelles.uni-frankfurt.de\/?s={search_term_string}"},"query-input":{"@type":"PropertyValueSpecification","valueRequired":true,"valueName":"search_term_string"}}],"inLanguage":"en-GB"},{"@type":"Organization","@id":"https:\/\/aktuelles.uni-frankfurt.de\/#organization","name":"Goethe University Frankfurt","url":"https:\/\/aktuelles.uni-frankfurt.de\/","logo":{"@type":"ImageObject","inLanguage":"en-GB","@id":"https:\/\/aktuelles.uni-frankfurt.de\/#\/schema\/logo\/image\/","url":"https:\/\/aktuelles.uni-frankfurt.de\/wp-content\/uploads\/2022\/03\/800px-Goethe-Logo.png","contentUrl":"https:\/\/aktuelles.uni-frankfurt.de\/wp-content\/uploads\/2022\/03\/800px-Goethe-Logo.png","width":800,"height":436,"caption":"Goethe-Universit\u00e4t"},"image":{"@id":"https:\/\/aktuelles.uni-frankfurt.de\/#\/schema\/logo\/image\/"}},{"@type":"Person","@id":"https:\/\/aktuelles.uni-frankfurt.de\/#\/schema\/person\/8e55ea338fb65d1ce87a91565d1f1739","name":"-","description":"Dieser Beitrag wurde von der Online-Redaktion ver\u00f6ffentlicht. Wenn der Beitrag von einem Gastautoren verfasst wurde, findet sich dieser Hinweis am Ende des jeweiligen Artikels.","sameAs":["http:\/\/aktuelles.uni-frankfurt.de\/autoren"],"url":"https:\/\/aktuelles.uni-frankfurt.de\/en\/author\/redaktion\/"}]}},"_links":{"self":[{"href":"https:\/\/aktuelles.uni-frankfurt.de\/en\/wp-json\/wp\/v2\/posts\/63427","targetHints":{"allow":["GET"]}}],"collection":[{"href":"https:\/\/aktuelles.uni-frankfurt.de\/en\/wp-json\/wp\/v2\/posts"}],"about":[{"href":"https:\/\/aktuelles.uni-frankfurt.de\/en\/wp-json\/wp\/v2\/types\/post"}],"author":[{"embeddable":true,"href":"https:\/\/aktuelles.uni-frankfurt.de\/en\/wp-json\/wp\/v2\/users\/8"}],"replies":[{"embeddable":true,"href":"https:\/\/aktuelles.uni-frankfurt.de\/en\/wp-json\/wp\/v2\/comments?post=63427"}],"version-history":[{"count":0,"href":"https:\/\/aktuelles.uni-frankfurt.de\/en\/wp-json\/wp\/v2\/posts\/63427\/revisions"}],"wp:featuredmedia":[{"embeddable":true,"href":"https:\/\/aktuelles.uni-frankfurt.de\/en\/wp-json\/wp\/v2\/media\/63428"}],"wp:attachment":[{"href":"https:\/\/aktuelles.uni-frankfurt.de\/en\/wp-json\/wp\/v2\/media?parent=63427"}],"wp:term":[{"taxonomy":"category","embeddable":true,"href":"https:\/\/aktuelles.uni-frankfurt.de\/en\/wp-json\/wp\/v2\/categories?post=63427"},{"taxonomy":"post_tag","embeddable":true,"href":"https:\/\/aktuelles.uni-frankfurt.de\/en\/wp-json\/wp\/v2\/tags?post=63427"},{"taxonomy":"post_folder","embeddable":true,"href":"https:\/\/aktuelles.uni-frankfurt.de\/en\/wp-json\/wp\/v2\/post_folder?post=63427"}],"curies":[{"name":"wp","href":"https:\/\/api.w.org\/{rel}","templated":true}]}}