{"id":6459,"date":"2016-04-26T15:11:25","date_gmt":"2016-04-26T13:11:25","guid":{"rendered":"http:\/\/aktuelles.uni-frankfurt.de\/?p=6459"},"modified":"2016-04-29T13:35:15","modified_gmt":"2016-04-29T11:35:15","slug":"neuer-wochenmarkt-am-campus-westend","status":"publish","type":"post","link":"https:\/\/aktuelles.uni-frankfurt.de\/en\/campus\/neuer-wochenmarkt-am-campus-westend\/","title":{"rendered":"Neuer Wochenmarkt am Campus Westend"},"content":{"rendered":"<p>Am kommenden Donnerstag (28. April, 13 Uhr) wird der neue Wochenmarkt auf dem Gis\u00e8le-Freund-Platz am Campus Westend er\u00f6ffnet. Der Markt mit insgesamt 12 St\u00e4nden soll zun\u00e4chst jeweils donnerstags nicht nur das Angebot an frischen Lebensmitteln im Stadtteil Westend, sondern auch die Palette an Einkaufs- und Verpflegungsm\u00f6glichkeiten f\u00fcr die rund 35.000 Studierende und Mitarbeitenden des Campus Westend erweitern. Neben den \u201eKlassikern\u201c Obst, Gem\u00fcse, K\u00e4se, Wurst und Backwaren gibt es daher z.B. auch ein Burger-Angebot und veganen Mittagstisch.<\/p>\n<p><a href=\"https:\/\/aktuelles.uni-frankfurt.de\/autor\/imke-folkerts\/\" target=\"_blank\">Imke Folkerts<\/a> sprach im Vorfeld mit Dr. Olaf Kaltenborn, Abteilungsleiter PR &amp; Kommunikation und Leiter des Arbeitskreises Lebendiger Campus, dar\u00fcber, wie der Wochenmarkt seinen Weg zum Campus nahm.<\/p>\n<p><em><strong>Herr Dr. Kaltenborn, welche H\u00fcrden mussten genommen werden, um die Idee vom Wochenmarkt Wirklichkeit werden zu lassen?<\/strong><\/em><\/p>\n<p>Die Idee eines Wochenmarkts wurde schon im letzten Fr\u00fchjahr geboren. Ich hatte dann im Auftrag unseres Arbeitskreises Lebendiger Campus mit Herrn Lorenz von der st\u00e4dtischen Marktgesellschaft Kontakt aufgenommen, um ihm das Projekt vorzustellen. Er war erst etwas skeptisch, sah keine ausreichende Nachfrage. Wir haben ihn dann aber im pers\u00f6nlichen Gespr\u00e4ch und bei mehreren Begehungen vor Ort mit dem Immobilienmanagement von dem Vorhaben \u00fcberzeugen k\u00f6nnen. Potenzial gibt es aus unserer Sicht genug: Bei voller Auslastung sind 35.000 Menschen auf dem Campus Westend, im Umfeld leben dann noch einmal 15.000 Personen; wir reden also von 50.000 potenziellen Marktbesuchern und erreichen damit die Gr\u00f6\u00dfe einer Kleinstadt.<\/p>\n<p>Nach der grunds\u00e4tzlichen Zustimmung der Stadt konnten wir in die Planung einsteigen. Das Immobilienmanagement hat in Abstimmung mit der Stadt untersucht, welche Infrastrukturinvestitionen notwendig w\u00e4ren, also Stromversorgung, Zufahrtsm\u00f6glichkeiten und Standfestigkeit der Pflasterung. Bis es richtig konkret losgehen konnte, mussten noch andere Beh\u00f6rden wie Liegenschaftsamt und Feuerwehr ihr Einverst\u00e4ndnis geben. Anfang dieses Jahr gab es dann aber gr\u00fcnes Licht von der Stadt, und wir konnten starten: Unser Immobilienmanagement hat sich darum gek\u00fcmmert, dass der Platz markttauglich wird, und die Stadt hat die Rekrutierung der Marktverk\u00e4ufer in die Hand genommen.<\/p>\n<p><em><strong>Was wird die Marktbesucher erwarten?<\/strong><\/em><\/p>\n<p>F\u00fcr uns im AK Lebendiger Campus war klar, dass wir mehr wollten als einen klassischen Wochenmarkt. Klar, ein gutes Obst-, Gem\u00fcse- und Backwarenangebot ist ein Muss, aber uns ging es auch um einen attraktiven, schmackhaften Mittagstisch als Erweiterung des Angebots auf und um den Campus. Von daher standen f\u00fcr uns Foodtrucks mit Burgern und veganem Angebot ganz oben auf der Wunschliste \u2013 die werden jetzt auch kommen. Die Stadt hatte nat\u00fcrlich auch eigene Vorstellungen \u2013 es ist ja schlie\u00dflich offiziell ein neuer st\u00e4dtischer Wochenmarkt \u2013, hat aber einige unserer Ideen aufgegriffen. Das Angebot wird vielleicht nicht ganz an das des Bockenheimer Marktes heranreichen, aber daf\u00fcr wird es im Westend auch einiges geben, was die Bockenheimer Marktst\u00e4nde nicht im Programm haben.<\/p>\n<p><em><strong>W\u00e4re es eigentlich auch eine Option gewesen, den Markt direkt auf dem Campusplatz auszurichten?<\/strong><\/em><\/p>\n<p>Wir hatten das erst \u00fcberlegt und auch pr\u00fcfen lassen, aber dann fallen lassen. Es hat viele Vorteile, dass die Stadt diesen Markt organisiert. Das w\u00e4re auf dem Campusplatz so nicht m\u00f6glich gewesen. Au\u00dferdem haben wir ja einen weitgehend autofreien Campus.<\/p>\n<p><em><strong>Der AK Lebendiger Campus arbeitet ja auch sonst daran, noch mehr Leben auf den Campus Westend zu bringen. Was kommt als N\u00e4chstes?<\/strong> <\/em><\/p>\n<p>Die Tore zur F\u00fcrstenberger Stra\u00dfe sind nun schon seit l\u00e4ngerer Zeit alle ge\u00f6ffnet, die Beleuchtungssituation in dunklen Ecken des Campus hat sich verbessert. K\u00fcnftig gibt es mehr Sitzgelegenheiten, einige mobile Grillstationen, einen Bereich f\u00fcr Freiluftseminare und Beachvolleyballfelder. Das Adorno-Denkmal ist von Bockenheim gerade auf den Campus umgezogen; die Arbeiten dort sind jetzt in den letzten Z\u00fcgen und mit dem \u201eHippocampus\u201c zwischen Casino und IG-Farben-Haus wird es bald auch ein neues Kunstwerk geben. Damit entsteht noch mehr Aufenthaltsqualit\u00e4t auf dem Campus Westend.<\/p>\n<p>[dt_call_to_action content_size=&#8220;small&#8220; background=&#8220;plain&#8220; line=&#8220;true&#8220; style=&#8220;1&#8243; animation=&#8220;fadeIn&#8220;]<\/p>\n<p><strong>Wochenmarkt am Campus Westend<\/strong><\/p>\n<p>Ab sofort immer donnerstag von 9 bis 17 Uhr, am 28. April Markter\u00f6ffnung ab 13 Uhr mit Live-Musik<\/p>\n<p><iframe style=\"border: 0px currentColor;\" src=\"https:\/\/www.google.com\/maps\/embed?pb=!1m14!1m8!1m3!1d2023.4261527019482!2d8.668790584773432!3d50.127967553220984!3m2!1i1024!2i768!4f13.1!3m3!1m2!1s0x47bd094a961cb81f%3A0xfaa993996972ae5!2sGis%C3%A8le-Freund-Platz%2C+60323+Frankfurt+am+Main!5e0!3m2!1sde!2sde!4v1461675519565\" width=\"750\" height=\"325\" frameborder=\"0\" allowfullscreen=\"allowfullscreen\"><\/iframe><\/p>\n<p>Weitere Informationen zum neuen Wochenmarkt gibt es hier: <a href=\"http:\/\/www.hfm-frankfurt.de\/aktuelles\/391-2016-04-25-08-42-30.html\" target=\"_blank\">www.hfm-frankfurt.de<\/a>.<\/p>\n<p>[\/dt_call_to_action]<\/p>\n","protected":false},"excerpt":{"rendered":"<p>Am kommenden Donnerstag (28. April, 13 Uhr) wird der neue Wochenmarkt auf dem Gis\u00e8le-Freund-Platz am Campus Westend er\u00f6ffnet. Der Markt mit insgesamt 12 St\u00e4nden soll zun\u00e4chst jeweils donnerstags nicht nur [&hellip;]<\/p>\n","protected":false},"author":8,"featured_media":0,"comment_status":"closed","ping_status":"closed","sticky":false,"template":"","format":"standard","meta":{"_eb_attr":"","_price":"","_stock":"","_tribe_ticket_header":"","_tribe_default_ticket_provider":"","_ticket_start_date":"","_ticket_end_date":"","_tribe_ticket_show_description":"","_tribe_ticket_show_not_going":false,"_tribe_ticket_use_global_stock":"","_tribe_ticket_global_stock_level":"","_global_stock_mode":"","_global_stock_cap":"","_tribe_rsvp_for_event":"","_tribe_ticket_going_count":"","_tribe_ticket_not_going_count":"","_tribe_tickets_list":"[]","_tribe_ticket_has_attendee_info_fields":false,"footnotes":""},"categories":[5],"tags":[17],"post_folder":[],"class_list":["post-6459","post","type-post","status-publish","format-standard","hentry","category-campus","tag-campus-westend"],"yoast_head":"<!-- This site is optimized with the Yoast SEO plugin v27.5 - https:\/\/yoast.com\/product\/yoast-seo-wordpress\/ -->\n<title>Neuer Wochenmarkt am Campus Westend | Aktuelles aus der Goethe-Universit\u00e4t Frankfurt<\/title>\n<meta name=\"robots\" content=\"index, follow, max-snippet:-1, max-image-preview:large, max-video-preview:-1\" \/>\n<link rel=\"canonical\" href=\"https:\/\/aktuelles.uni-frankfurt.de\/en\/campus\/neuer-wochenmarkt-am-campus-westend\/\" \/>\n<meta property=\"og:locale\" content=\"en_GB\" \/>\n<meta property=\"og:type\" content=\"article\" \/>\n<meta property=\"og:title\" content=\"Neuer Wochenmarkt am Campus Westend | Aktuelles aus der Goethe-Universit\u00e4t Frankfurt\" \/>\n<meta property=\"og:description\" content=\"Am kommenden Donnerstag (28. April, 13 Uhr) wird der neue Wochenmarkt auf dem Gis\u00e8le-Freund-Platz am Campus Westend er\u00f6ffnet. Der Markt mit insgesamt 12 St\u00e4nden soll zun\u00e4chst jeweils donnerstags nicht nur [&hellip;]\" \/>\n<meta property=\"og:url\" content=\"https:\/\/aktuelles.uni-frankfurt.de\/en\/campus\/neuer-wochenmarkt-am-campus-westend\/\" \/>\n<meta property=\"og:site_name\" content=\"Aktuelles aus der Goethe-Universit\u00e4t Frankfurt\" \/>\n<meta property=\"article:published_time\" content=\"2016-04-26T13:11:25+00:00\" \/>\n<meta property=\"article:modified_time\" content=\"2016-04-29T11:35:15+00:00\" \/>\n<meta name=\"author\" content=\"-\" \/>\n<meta name=\"twitter:card\" content=\"summary_large_image\" \/>\n<meta name=\"twitter:label1\" content=\"Written by\" \/>\n\t<meta name=\"twitter:data1\" content=\"-\" \/>\n\t<meta name=\"twitter:label2\" content=\"Estimated reading time\" \/>\n\t<meta name=\"twitter:data2\" content=\"3 minutes\" \/>\n<script type=\"application\/ld+json\" class=\"yoast-schema-graph\">{\"@context\":\"https:\\\/\\\/schema.org\",\"@graph\":[{\"@type\":\"Article\",\"@id\":\"https:\\\/\\\/aktuelles.uni-frankfurt.de\\\/campus\\\/neuer-wochenmarkt-am-campus-westend\\\/#article\",\"isPartOf\":{\"@id\":\"https:\\\/\\\/aktuelles.uni-frankfurt.de\\\/campus\\\/neuer-wochenmarkt-am-campus-westend\\\/\"},\"author\":{\"name\":\"-\",\"@id\":\"https:\\\/\\\/aktuelles.uni-frankfurt.de\\\/#\\\/schema\\\/person\\\/8e55ea338fb65d1ce87a91565d1f1739\"},\"headline\":\"Neuer Wochenmarkt am Campus Westend\",\"datePublished\":\"2016-04-26T13:11:25+00:00\",\"dateModified\":\"2016-04-29T11:35:15+00:00\",\"mainEntityOfPage\":{\"@id\":\"https:\\\/\\\/aktuelles.uni-frankfurt.de\\\/campus\\\/neuer-wochenmarkt-am-campus-westend\\\/\"},\"wordCount\":684,\"publisher\":{\"@id\":\"https:\\\/\\\/aktuelles.uni-frankfurt.de\\\/#organization\"},\"keywords\":[\"Campus Westend\"],\"articleSection\":[\"Campus\"],\"inLanguage\":\"en-GB\"},{\"@type\":\"WebPage\",\"@id\":\"https:\\\/\\\/aktuelles.uni-frankfurt.de\\\/campus\\\/neuer-wochenmarkt-am-campus-westend\\\/\",\"url\":\"https:\\\/\\\/aktuelles.uni-frankfurt.de\\\/campus\\\/neuer-wochenmarkt-am-campus-westend\\\/\",\"name\":\"Neuer Wochenmarkt am Campus Westend | Aktuelles aus der Goethe-Universit\u00e4t Frankfurt\",\"isPartOf\":{\"@id\":\"https:\\\/\\\/aktuelles.uni-frankfurt.de\\\/#website\"},\"datePublished\":\"2016-04-26T13:11:25+00:00\",\"dateModified\":\"2016-04-29T11:35:15+00:00\",\"breadcrumb\":{\"@id\":\"https:\\\/\\\/aktuelles.uni-frankfurt.de\\\/campus\\\/neuer-wochenmarkt-am-campus-westend\\\/#breadcrumb\"},\"inLanguage\":\"en-GB\",\"potentialAction\":[{\"@type\":\"ReadAction\",\"target\":[\"https:\\\/\\\/aktuelles.uni-frankfurt.de\\\/campus\\\/neuer-wochenmarkt-am-campus-westend\\\/\"]}]},{\"@type\":\"BreadcrumbList\",\"@id\":\"https:\\\/\\\/aktuelles.uni-frankfurt.de\\\/campus\\\/neuer-wochenmarkt-am-campus-westend\\\/#breadcrumb\",\"itemListElement\":[{\"@type\":\"ListItem\",\"position\":1,\"name\":\"Startseite\",\"item\":\"https:\\\/\\\/aktuelles.uni-frankfurt.de\\\/\"},{\"@type\":\"ListItem\",\"position\":2,\"name\":\"Neuer Wochenmarkt am Campus Westend\"}]},{\"@type\":\"WebSite\",\"@id\":\"https:\\\/\\\/aktuelles.uni-frankfurt.de\\\/#website\",\"url\":\"https:\\\/\\\/aktuelles.uni-frankfurt.de\\\/\",\"name\":\"Aktuelles aus der Goethe-Universit\u00e4t Frankfurt\",\"description\":\"Aktuelles aus der Goethe-Universit\u00e4t | Neues aus Forschung, Lehre, Studium\",\"publisher\":{\"@id\":\"https:\\\/\\\/aktuelles.uni-frankfurt.de\\\/#organization\"},\"potentialAction\":[{\"@type\":\"SearchAction\",\"target\":{\"@type\":\"EntryPoint\",\"urlTemplate\":\"https:\\\/\\\/aktuelles.uni-frankfurt.de\\\/?s={search_term_string}\"},\"query-input\":{\"@type\":\"PropertyValueSpecification\",\"valueRequired\":true,\"valueName\":\"search_term_string\"}}],\"inLanguage\":\"en-GB\"},{\"@type\":\"Organization\",\"@id\":\"https:\\\/\\\/aktuelles.uni-frankfurt.de\\\/#organization\",\"name\":\"Goethe-Universit\u00e4t\",\"url\":\"https:\\\/\\\/aktuelles.uni-frankfurt.de\\\/\",\"logo\":{\"@type\":\"ImageObject\",\"inLanguage\":\"en-GB\",\"@id\":\"https:\\\/\\\/aktuelles.uni-frankfurt.de\\\/#\\\/schema\\\/logo\\\/image\\\/\",\"url\":\"https:\\\/\\\/aktuelles.uni-frankfurt.de\\\/wp-content\\\/uploads\\\/2022\\\/03\\\/800px-Goethe-Logo.png\",\"contentUrl\":\"https:\\\/\\\/aktuelles.uni-frankfurt.de\\\/wp-content\\\/uploads\\\/2022\\\/03\\\/800px-Goethe-Logo.png\",\"width\":800,\"height\":436,\"caption\":\"Goethe-Universit\u00e4t\"},\"image\":{\"@id\":\"https:\\\/\\\/aktuelles.uni-frankfurt.de\\\/#\\\/schema\\\/logo\\\/image\\\/\"}},{\"@type\":\"Person\",\"@id\":\"https:\\\/\\\/aktuelles.uni-frankfurt.de\\\/#\\\/schema\\\/person\\\/8e55ea338fb65d1ce87a91565d1f1739\",\"name\":\"-\",\"description\":\"Dieser Beitrag wurde von der Online-Redaktion ver\u00f6ffentlicht. Wenn der Beitrag von einem Gastautoren verfasst wurde, findet sich dieser Hinweis am Ende des jeweiligen Artikels.\",\"sameAs\":[\"http:\\\/\\\/aktuelles.uni-frankfurt.de\\\/autoren\"],\"url\":\"https:\\\/\\\/aktuelles.uni-frankfurt.de\\\/en\\\/author\\\/redaktion\\\/\"}]}<\/script>\n<!-- \/ Yoast SEO plugin. -->","yoast_head_json":{"title":"Neuer Wochenmarkt am Campus Westend | Aktuelles aus der Goethe-Universit\u00e4t Frankfurt","robots":{"index":"index","follow":"follow","max-snippet":"max-snippet:-1","max-image-preview":"max-image-preview:large","max-video-preview":"max-video-preview:-1"},"canonical":"https:\/\/aktuelles.uni-frankfurt.de\/en\/campus\/neuer-wochenmarkt-am-campus-westend\/","og_locale":"en_GB","og_type":"article","og_title":"Neuer Wochenmarkt am Campus Westend | Aktuelles aus der Goethe-Universit\u00e4t Frankfurt","og_description":"Am kommenden Donnerstag (28. April, 13 Uhr) wird der neue Wochenmarkt auf dem Gis\u00e8le-Freund-Platz am Campus Westend er\u00f6ffnet. Der Markt mit insgesamt 12 St\u00e4nden soll zun\u00e4chst jeweils donnerstags nicht nur [&hellip;]","og_url":"https:\/\/aktuelles.uni-frankfurt.de\/en\/campus\/neuer-wochenmarkt-am-campus-westend\/","og_site_name":"Aktuelles aus der Goethe-Universit\u00e4t Frankfurt","article_published_time":"2016-04-26T13:11:25+00:00","article_modified_time":"2016-04-29T11:35:15+00:00","author":"-","twitter_card":"summary_large_image","twitter_misc":{"Written by":"-","Estimated reading time":"3 minutes"},"schema":{"@context":"https:\/\/schema.org","@graph":[{"@type":"Article","@id":"https:\/\/aktuelles.uni-frankfurt.de\/campus\/neuer-wochenmarkt-am-campus-westend\/#article","isPartOf":{"@id":"https:\/\/aktuelles.uni-frankfurt.de\/campus\/neuer-wochenmarkt-am-campus-westend\/"},"author":{"name":"-","@id":"https:\/\/aktuelles.uni-frankfurt.de\/#\/schema\/person\/8e55ea338fb65d1ce87a91565d1f1739"},"headline":"Neuer Wochenmarkt am Campus Westend","datePublished":"2016-04-26T13:11:25+00:00","dateModified":"2016-04-29T11:35:15+00:00","mainEntityOfPage":{"@id":"https:\/\/aktuelles.uni-frankfurt.de\/campus\/neuer-wochenmarkt-am-campus-westend\/"},"wordCount":684,"publisher":{"@id":"https:\/\/aktuelles.uni-frankfurt.de\/#organization"},"keywords":["Campus Westend"],"articleSection":["Campus"],"inLanguage":"en-GB"},{"@type":"WebPage","@id":"https:\/\/aktuelles.uni-frankfurt.de\/campus\/neuer-wochenmarkt-am-campus-westend\/","url":"https:\/\/aktuelles.uni-frankfurt.de\/campus\/neuer-wochenmarkt-am-campus-westend\/","name":"Neuer Wochenmarkt am Campus Westend | Aktuelles aus der Goethe-Universit\u00e4t Frankfurt","isPartOf":{"@id":"https:\/\/aktuelles.uni-frankfurt.de\/#website"},"datePublished":"2016-04-26T13:11:25+00:00","dateModified":"2016-04-29T11:35:15+00:00","breadcrumb":{"@id":"https:\/\/aktuelles.uni-frankfurt.de\/campus\/neuer-wochenmarkt-am-campus-westend\/#breadcrumb"},"inLanguage":"en-GB","potentialAction":[{"@type":"ReadAction","target":["https:\/\/aktuelles.uni-frankfurt.de\/campus\/neuer-wochenmarkt-am-campus-westend\/"]}]},{"@type":"BreadcrumbList","@id":"https:\/\/aktuelles.uni-frankfurt.de\/campus\/neuer-wochenmarkt-am-campus-westend\/#breadcrumb","itemListElement":[{"@type":"ListItem","position":1,"name":"Startseite","item":"https:\/\/aktuelles.uni-frankfurt.de\/"},{"@type":"ListItem","position":2,"name":"Neuer Wochenmarkt am Campus Westend"}]},{"@type":"WebSite","@id":"https:\/\/aktuelles.uni-frankfurt.de\/#website","url":"https:\/\/aktuelles.uni-frankfurt.de\/","name":"Aktuelles aus der Goethe-Universit\u00e4t Frankfurt","description":"Aktuelles aus der Goethe-Universit\u00e4t | Neues aus Forschung, Lehre, Studium","publisher":{"@id":"https:\/\/aktuelles.uni-frankfurt.de\/#organization"},"potentialAction":[{"@type":"SearchAction","target":{"@type":"EntryPoint","urlTemplate":"https:\/\/aktuelles.uni-frankfurt.de\/?s={search_term_string}"},"query-input":{"@type":"PropertyValueSpecification","valueRequired":true,"valueName":"search_term_string"}}],"inLanguage":"en-GB"},{"@type":"Organization","@id":"https:\/\/aktuelles.uni-frankfurt.de\/#organization","name":"Goethe University Frankfurt","url":"https:\/\/aktuelles.uni-frankfurt.de\/","logo":{"@type":"ImageObject","inLanguage":"en-GB","@id":"https:\/\/aktuelles.uni-frankfurt.de\/#\/schema\/logo\/image\/","url":"https:\/\/aktuelles.uni-frankfurt.de\/wp-content\/uploads\/2022\/03\/800px-Goethe-Logo.png","contentUrl":"https:\/\/aktuelles.uni-frankfurt.de\/wp-content\/uploads\/2022\/03\/800px-Goethe-Logo.png","width":800,"height":436,"caption":"Goethe-Universit\u00e4t"},"image":{"@id":"https:\/\/aktuelles.uni-frankfurt.de\/#\/schema\/logo\/image\/"}},{"@type":"Person","@id":"https:\/\/aktuelles.uni-frankfurt.de\/#\/schema\/person\/8e55ea338fb65d1ce87a91565d1f1739","name":"-","description":"Dieser Beitrag wurde von der Online-Redaktion ver\u00f6ffentlicht. Wenn der Beitrag von einem Gastautoren verfasst wurde, findet sich dieser Hinweis am Ende des jeweiligen Artikels.","sameAs":["http:\/\/aktuelles.uni-frankfurt.de\/autoren"],"url":"https:\/\/aktuelles.uni-frankfurt.de\/en\/author\/redaktion\/"}]}},"_links":{"self":[{"href":"https:\/\/aktuelles.uni-frankfurt.de\/en\/wp-json\/wp\/v2\/posts\/6459","targetHints":{"allow":["GET"]}}],"collection":[{"href":"https:\/\/aktuelles.uni-frankfurt.de\/en\/wp-json\/wp\/v2\/posts"}],"about":[{"href":"https:\/\/aktuelles.uni-frankfurt.de\/en\/wp-json\/wp\/v2\/types\/post"}],"author":[{"embeddable":true,"href":"https:\/\/aktuelles.uni-frankfurt.de\/en\/wp-json\/wp\/v2\/users\/8"}],"replies":[{"embeddable":true,"href":"https:\/\/aktuelles.uni-frankfurt.de\/en\/wp-json\/wp\/v2\/comments?post=6459"}],"version-history":[{"count":0,"href":"https:\/\/aktuelles.uni-frankfurt.de\/en\/wp-json\/wp\/v2\/posts\/6459\/revisions"}],"wp:attachment":[{"href":"https:\/\/aktuelles.uni-frankfurt.de\/en\/wp-json\/wp\/v2\/media?parent=6459"}],"wp:term":[{"taxonomy":"category","embeddable":true,"href":"https:\/\/aktuelles.uni-frankfurt.de\/en\/wp-json\/wp\/v2\/categories?post=6459"},{"taxonomy":"post_tag","embeddable":true,"href":"https:\/\/aktuelles.uni-frankfurt.de\/en\/wp-json\/wp\/v2\/tags?post=6459"},{"taxonomy":"post_folder","embeddable":true,"href":"https:\/\/aktuelles.uni-frankfurt.de\/en\/wp-json\/wp\/v2\/post_folder?post=6459"}],"curies":[{"name":"wp","href":"https:\/\/api.w.org\/{rel}","templated":true}]}}