{"id":65408,"date":"2022-10-28T12:01:34","date_gmt":"2022-10-28T10:01:34","guid":{"rendered":"https:\/\/aktuelles.uni-frankfurt.de\/?p=65408"},"modified":"2022-10-28T12:08:30","modified_gmt":"2022-10-28T10:08:30","slug":"wieder-fit-und-sportlich-aktiv-nach-covid-19-podiumsgespraech-am-31-10","status":"publish","type":"post","link":"https:\/\/aktuelles.uni-frankfurt.de\/en\/veranstaltungen\/wieder-fit-und-sportlich-aktiv-nach-covid-19-podiumsgespraech-am-31-10\/","title":{"rendered":"&#8222;Wieder fit und sportlich aktiv nach COVID-19&#8220;: Podiumsgespr\u00e4ch am 31.10."},"content":{"rendered":"<p><strong>Experten beantworten Fragen f\u00fcr Interessierte im Rahmen eines wissenschaftlichen Post-COVID-Symposiums am 31. Oktober im Frankfurter Waldstadion (Deutsche Bank Park)<\/strong><\/p>\n\n\n\n<p>Die Verunsicherung ist gro\u00df: ist COVID-19 ein harmloser Infekt oder eine schwere Erkrankung? Wie viel Zeit braucht es, sich davon zu erholen? Muss ich l\u00e4nger warten, als nach einer Erk\u00e4ltung, bis ich mich wieder voll belasten kann. Bin ich nur m\u00fcde oder ist das schon Long-COVID?<\/p>\n\n\n\n<p>Antworten auf solche Fragen geben Experten auf einem Podiumsgespr\u00e4ch, das im Rahmen eines wissenschaftlichen Symposiums zum Thema Post-COVID-Syndrom im Deutsche Bank Park (Waldstadion) in Frankfurt stattfindet. Organisiert hat die Veranstaltung Prof. Andreas Zeiher vom Universit\u00e4tsklinikum Frankfurt.<\/p>\n\n\n\n<p>Auch an Leistungssportlern geht eine COVID-Erkrankung manchmal nicht spurlos vorbei. Fragen dazu beantwortet Prof. Winfried Banzer, wissenschaftlicher Leiter der medizinischen Abteilung der Eintracht Frankfurt und Mitglied der Gesundheitskommission des Deutschen Olympischen Sportbundes (DOSB) sowie Gesundheitsbeauftragter des Landessportbundes Hessen. Nach einer mittleren bis schweren Infektion empfiehlt er Leistungssportlern, das Training nur unter \u00e4rztlicher Begleitung wieder aufzunehmen.<\/p>\n\n\n\n<p>Mit dabei ist auch Sportkardiologe Prof. Martin Halle aus M\u00fcnchen. Er r\u00e4t Freizeitsportlern bei ganz leichtem Verlauf zu mindestens drei Tagen Pause nach Abklingen der Symptome. Nach seiner Erfahrung k\u00f6nnen sich Geimpfte im durchschnittlich eine Woche fr\u00fcher wieder belasten als Ungeimpfte.<\/p>\n\n\n\n<div class=\"wp-block-columns has-background is-layout-flex wp-container-core-columns-is-layout-28f84493 wp-block-columns-is-layout-flex\" style=\"background-color:#eeeeee\">\n<div class=\"wp-block-column is-layout-flow wp-block-column-is-layout-flow\">\n<figure class=\"wp-block-image size-large\"><a href=\"https:\/\/aktuelles.uni-frankfurt.de\/wp-content\/uploads\/2022\/10\/Wieder-fit-und-sportlich-aktiv-nach-COVID-19.jpg\"><img fetchpriority=\"high\" decoding=\"async\" width=\"1024\" height=\"576\" src=\"https:\/\/aktuelles.uni-frankfurt.de\/wp-content\/uploads\/2022\/10\/Wieder-fit-und-sportlich-aktiv-nach-COVID-19-1024x576.jpg\" alt=\"\" class=\"wp-image-65409\" srcset=\"https:\/\/aktuelles.uni-frankfurt.de\/wp-content\/uploads\/2022\/10\/Wieder-fit-und-sportlich-aktiv-nach-COVID-19-1024x576.jpg 1024w, https:\/\/aktuelles.uni-frankfurt.de\/wp-content\/uploads\/2022\/10\/Wieder-fit-und-sportlich-aktiv-nach-COVID-19-300x169.jpg 300w, https:\/\/aktuelles.uni-frankfurt.de\/wp-content\/uploads\/2022\/10\/Wieder-fit-und-sportlich-aktiv-nach-COVID-19-768x432.jpg 768w, https:\/\/aktuelles.uni-frankfurt.de\/wp-content\/uploads\/2022\/10\/Wieder-fit-und-sportlich-aktiv-nach-COVID-19-1536x864.jpg 1536w, https:\/\/aktuelles.uni-frankfurt.de\/wp-content\/uploads\/2022\/10\/Wieder-fit-und-sportlich-aktiv-nach-COVID-19-18x10.jpg 18w, https:\/\/aktuelles.uni-frankfurt.de\/wp-content\/uploads\/2022\/10\/Wieder-fit-und-sportlich-aktiv-nach-COVID-19.jpg 1920w\" sizes=\"(max-width: 1024px) 100vw, 1024px\" \/><\/a><\/figure>\n\n\n\n<p><strong>Wieder fit und sportlich aktiv nach COVID-19<br><\/strong><em>Podiumsgespr\u00e4ch mit Experten aus Medizin und Sportwissenschaft<br><\/em>31. Oktober 2022, Einlass 17:30 Uhr, Beginn 18 Uhr<\/p>\n\n\n\n<p>Experten:<\/p>\n\n\n\n<ul class=\"wp-block-list\"><li>Prof. Dr. Winfried Banzer, Wissenschaftlicher Leiter der medizinischen Abteilung der Eintracht Frankfurt und Mannschaftsarzt<\/li><li>Prof. Dr. Martin Halle, \u00c4rztlicher Direktor der Pr\u00e4ventiven Sportmedizin und Sportkardiologie der Technischen Universit\u00e4t M\u00fcnchen<\/li><li>Prof. Dr. Andreas Zeiher, Kardiologe am Universit\u00e4tsklinikum Frankfurt<\/li><\/ul>\n\n\n\n<p>Moderation: Sascha Zoske, Frankfurter Allgemeine Zeitung<\/p>\n\n\n\n<p><em>Die Veranstaltung ist kostenlos. Wer sich rechtzeitig anmeldet, erh\u00e4lt kostenlosen Zugang zum Parkhaus der Deutsche Bank Arena.<\/em> <\/p>\n\n\n\n<p><a href=\"https:\/\/deutschezentren.de\/veranstaltungen\/post-covid-buergerdialog\/\" target=\"_blank\" rel=\"noreferrer noopener\">Infos zur Anmeldung<\/a><\/p>\n<\/div>\n<\/div>\n\n\n\n<p><em>Quelle: Deutsche Zentren der Gesundheitsforschung (DZG)<\/em><\/p>","protected":false},"excerpt":{"rendered":"<p>Experten beantworten Fragen f\u00fcr Interessierte im Rahmen eines wissenschaftlichen Post-COVID-Symposiums am 31. Oktober im Frankfurter Waldstadion (Deutsche Bank Park) Die Verunsicherung ist gro\u00df: ist COVID-19 ein harmloser Infekt oder eine [&hellip;]<\/p>\n","protected":false},"author":8,"featured_media":65411,"comment_status":"closed","ping_status":"closed","sticky":false,"template":"","format":"standard","meta":{"_eb_attr":"","_price":"","_stock":"","_tribe_ticket_header":"","_tribe_default_ticket_provider":"","_ticket_start_date":"","_ticket_end_date":"","_tribe_ticket_show_description":"","_tribe_ticket_show_not_going":false,"_tribe_ticket_use_global_stock":"","_tribe_ticket_global_stock_level":"","_global_stock_mode":"","_global_stock_cap":"","_tribe_rsvp_for_event":"","_tribe_ticket_going_count":"","_tribe_ticket_not_going_count":"","_tribe_tickets_list":"[]","_tribe_ticket_has_attendee_info_fields":false,"footnotes":""},"categories":[12],"tags":[160,49],"post_folder":[],"class_list":["post-65408","post","type-post","status-publish","format-standard","has-post-thumbnail","hentry","category-veranstaltungen","tag-corona","tag-medizin"],"yoast_head":"<!-- This site is optimized with the Yoast SEO plugin v27.5 - https:\/\/yoast.com\/product\/yoast-seo-wordpress\/ -->\n<title>&quot;Wieder fit und sportlich aktiv nach COVID-19&quot;: Podiumsgespr\u00e4ch am 31.10. | Aktuelles aus der Goethe-Universit\u00e4t Frankfurt<\/title>\n<meta name=\"robots\" content=\"index, follow, max-snippet:-1, max-image-preview:large, max-video-preview:-1\" \/>\n<link rel=\"canonical\" href=\"https:\/\/aktuelles.uni-frankfurt.de\/en\/veranstaltungen\/wieder-fit-und-sportlich-aktiv-nach-covid-19-podiumsgespraech-am-31-10\/\" \/>\n<meta property=\"og:locale\" content=\"en_GB\" \/>\n<meta property=\"og:type\" content=\"article\" \/>\n<meta property=\"og:title\" content=\"&quot;Wieder fit und sportlich aktiv nach COVID-19&quot;: Podiumsgespr\u00e4ch am 31.10. | Aktuelles aus der Goethe-Universit\u00e4t Frankfurt\" \/>\n<meta property=\"og:description\" content=\"Experten beantworten Fragen f\u00fcr Interessierte im Rahmen eines wissenschaftlichen Post-COVID-Symposiums am 31. Oktober im Frankfurter Waldstadion (Deutsche Bank Park) Die Verunsicherung ist gro\u00df: ist COVID-19 ein harmloser Infekt oder eine [&hellip;]\" \/>\n<meta property=\"og:url\" content=\"https:\/\/aktuelles.uni-frankfurt.de\/en\/veranstaltungen\/wieder-fit-und-sportlich-aktiv-nach-covid-19-podiumsgespraech-am-31-10\/\" \/>\n<meta property=\"og:site_name\" content=\"Aktuelles aus der Goethe-Universit\u00e4t Frankfurt\" \/>\n<meta property=\"article:published_time\" content=\"2022-10-28T10:01:34+00:00\" \/>\n<meta property=\"article:modified_time\" content=\"2022-10-28T10:08:30+00:00\" \/>\n<meta property=\"og:image\" content=\"https:\/\/aktuelles.uni-frankfurt.de\/wp-content\/uploads\/2022\/10\/beitragsbild_covid-19-podiumsgespraech-DZG.jpg\" \/>\n\t<meta property=\"og:image:width\" content=\"650\" \/>\n\t<meta property=\"og:image:height\" content=\"450\" \/>\n\t<meta property=\"og:image:type\" content=\"image\/jpeg\" \/>\n<meta name=\"author\" content=\"-\" \/>\n<meta name=\"twitter:card\" content=\"summary_large_image\" \/>\n<meta name=\"twitter:label1\" content=\"Written by\" \/>\n\t<meta name=\"twitter:data1\" content=\"-\" \/>\n\t<meta name=\"twitter:label2\" content=\"Estimated reading time\" \/>\n\t<meta name=\"twitter:data2\" content=\"1 minute\" \/>\n<script type=\"application\/ld+json\" class=\"yoast-schema-graph\">{\"@context\":\"https:\\\/\\\/schema.org\",\"@graph\":[{\"@type\":\"Article\",\"@id\":\"https:\\\/\\\/aktuelles.uni-frankfurt.de\\\/veranstaltungen\\\/wieder-fit-und-sportlich-aktiv-nach-covid-19-podiumsgespraech-am-31-10\\\/#article\",\"isPartOf\":{\"@id\":\"https:\\\/\\\/aktuelles.uni-frankfurt.de\\\/veranstaltungen\\\/wieder-fit-und-sportlich-aktiv-nach-covid-19-podiumsgespraech-am-31-10\\\/\"},\"author\":{\"name\":\"-\",\"@id\":\"https:\\\/\\\/aktuelles.uni-frankfurt.de\\\/#\\\/schema\\\/person\\\/8e55ea338fb65d1ce87a91565d1f1739\"},\"headline\":\"&#8222;Wieder fit und sportlich aktiv nach COVID-19&#8220;: Podiumsgespr\u00e4ch am 31.10.\",\"datePublished\":\"2022-10-28T10:01:34+00:00\",\"dateModified\":\"2022-10-28T10:08:30+00:00\",\"mainEntityOfPage\":{\"@id\":\"https:\\\/\\\/aktuelles.uni-frankfurt.de\\\/veranstaltungen\\\/wieder-fit-und-sportlich-aktiv-nach-covid-19-podiumsgespraech-am-31-10\\\/\"},\"wordCount\":311,\"publisher\":{\"@id\":\"https:\\\/\\\/aktuelles.uni-frankfurt.de\\\/#organization\"},\"image\":{\"@id\":\"https:\\\/\\\/aktuelles.uni-frankfurt.de\\\/veranstaltungen\\\/wieder-fit-und-sportlich-aktiv-nach-covid-19-podiumsgespraech-am-31-10\\\/#primaryimage\"},\"thumbnailUrl\":\"https:\\\/\\\/aktuelles.uni-frankfurt.de\\\/wp-content\\\/uploads\\\/2022\\\/10\\\/beitragsbild_covid-19-podiumsgespraech-DZG.jpg\",\"keywords\":[\"Corona\",\"Medizin\"],\"articleSection\":[\"Veranstaltungen\"],\"inLanguage\":\"en-GB\"},{\"@type\":\"WebPage\",\"@id\":\"https:\\\/\\\/aktuelles.uni-frankfurt.de\\\/veranstaltungen\\\/wieder-fit-und-sportlich-aktiv-nach-covid-19-podiumsgespraech-am-31-10\\\/\",\"url\":\"https:\\\/\\\/aktuelles.uni-frankfurt.de\\\/veranstaltungen\\\/wieder-fit-und-sportlich-aktiv-nach-covid-19-podiumsgespraech-am-31-10\\\/\",\"name\":\"\\\"Wieder fit und sportlich aktiv nach COVID-19\\\": Podiumsgespr\u00e4ch am 31.10. | Aktuelles aus der Goethe-Universit\u00e4t Frankfurt\",\"isPartOf\":{\"@id\":\"https:\\\/\\\/aktuelles.uni-frankfurt.de\\\/#website\"},\"primaryImageOfPage\":{\"@id\":\"https:\\\/\\\/aktuelles.uni-frankfurt.de\\\/veranstaltungen\\\/wieder-fit-und-sportlich-aktiv-nach-covid-19-podiumsgespraech-am-31-10\\\/#primaryimage\"},\"image\":{\"@id\":\"https:\\\/\\\/aktuelles.uni-frankfurt.de\\\/veranstaltungen\\\/wieder-fit-und-sportlich-aktiv-nach-covid-19-podiumsgespraech-am-31-10\\\/#primaryimage\"},\"thumbnailUrl\":\"https:\\\/\\\/aktuelles.uni-frankfurt.de\\\/wp-content\\\/uploads\\\/2022\\\/10\\\/beitragsbild_covid-19-podiumsgespraech-DZG.jpg\",\"datePublished\":\"2022-10-28T10:01:34+00:00\",\"dateModified\":\"2022-10-28T10:08:30+00:00\",\"breadcrumb\":{\"@id\":\"https:\\\/\\\/aktuelles.uni-frankfurt.de\\\/veranstaltungen\\\/wieder-fit-und-sportlich-aktiv-nach-covid-19-podiumsgespraech-am-31-10\\\/#breadcrumb\"},\"inLanguage\":\"en-GB\",\"potentialAction\":[{\"@type\":\"ReadAction\",\"target\":[\"https:\\\/\\\/aktuelles.uni-frankfurt.de\\\/veranstaltungen\\\/wieder-fit-und-sportlich-aktiv-nach-covid-19-podiumsgespraech-am-31-10\\\/\"]}]},{\"@type\":\"ImageObject\",\"inLanguage\":\"en-GB\",\"@id\":\"https:\\\/\\\/aktuelles.uni-frankfurt.de\\\/veranstaltungen\\\/wieder-fit-und-sportlich-aktiv-nach-covid-19-podiumsgespraech-am-31-10\\\/#primaryimage\",\"url\":\"https:\\\/\\\/aktuelles.uni-frankfurt.de\\\/wp-content\\\/uploads\\\/2022\\\/10\\\/beitragsbild_covid-19-podiumsgespraech-DZG.jpg\",\"contentUrl\":\"https:\\\/\\\/aktuelles.uni-frankfurt.de\\\/wp-content\\\/uploads\\\/2022\\\/10\\\/beitragsbild_covid-19-podiumsgespraech-DZG.jpg\",\"width\":650,\"height\":450},{\"@type\":\"BreadcrumbList\",\"@id\":\"https:\\\/\\\/aktuelles.uni-frankfurt.de\\\/veranstaltungen\\\/wieder-fit-und-sportlich-aktiv-nach-covid-19-podiumsgespraech-am-31-10\\\/#breadcrumb\",\"itemListElement\":[{\"@type\":\"ListItem\",\"position\":1,\"name\":\"Startseite\",\"item\":\"https:\\\/\\\/aktuelles.uni-frankfurt.de\\\/\"},{\"@type\":\"ListItem\",\"position\":2,\"name\":\"&#8220;Wieder fit und sportlich aktiv nach COVID-19&#8221;: Podiumsgespr\u00e4ch am 31.10.\"}]},{\"@type\":\"WebSite\",\"@id\":\"https:\\\/\\\/aktuelles.uni-frankfurt.de\\\/#website\",\"url\":\"https:\\\/\\\/aktuelles.uni-frankfurt.de\\\/\",\"name\":\"Aktuelles aus der Goethe-Universit\u00e4t Frankfurt\",\"description\":\"Aktuelles aus der Goethe-Universit\u00e4t | Neues aus Forschung, Lehre, Studium\",\"publisher\":{\"@id\":\"https:\\\/\\\/aktuelles.uni-frankfurt.de\\\/#organization\"},\"potentialAction\":[{\"@type\":\"SearchAction\",\"target\":{\"@type\":\"EntryPoint\",\"urlTemplate\":\"https:\\\/\\\/aktuelles.uni-frankfurt.de\\\/?s={search_term_string}\"},\"query-input\":{\"@type\":\"PropertyValueSpecification\",\"valueRequired\":true,\"valueName\":\"search_term_string\"}}],\"inLanguage\":\"en-GB\"},{\"@type\":\"Organization\",\"@id\":\"https:\\\/\\\/aktuelles.uni-frankfurt.de\\\/#organization\",\"name\":\"Goethe-Universit\u00e4t\",\"url\":\"https:\\\/\\\/aktuelles.uni-frankfurt.de\\\/\",\"logo\":{\"@type\":\"ImageObject\",\"inLanguage\":\"en-GB\",\"@id\":\"https:\\\/\\\/aktuelles.uni-frankfurt.de\\\/#\\\/schema\\\/logo\\\/image\\\/\",\"url\":\"https:\\\/\\\/aktuelles.uni-frankfurt.de\\\/wp-content\\\/uploads\\\/2022\\\/03\\\/800px-Goethe-Logo.png\",\"contentUrl\":\"https:\\\/\\\/aktuelles.uni-frankfurt.de\\\/wp-content\\\/uploads\\\/2022\\\/03\\\/800px-Goethe-Logo.png\",\"width\":800,\"height\":436,\"caption\":\"Goethe-Universit\u00e4t\"},\"image\":{\"@id\":\"https:\\\/\\\/aktuelles.uni-frankfurt.de\\\/#\\\/schema\\\/logo\\\/image\\\/\"}},{\"@type\":\"Person\",\"@id\":\"https:\\\/\\\/aktuelles.uni-frankfurt.de\\\/#\\\/schema\\\/person\\\/8e55ea338fb65d1ce87a91565d1f1739\",\"name\":\"-\",\"description\":\"Dieser Beitrag wurde von der Online-Redaktion ver\u00f6ffentlicht. Wenn der Beitrag von einem Gastautoren verfasst wurde, findet sich dieser Hinweis am Ende des jeweiligen Artikels.\",\"sameAs\":[\"http:\\\/\\\/aktuelles.uni-frankfurt.de\\\/autoren\"],\"url\":\"https:\\\/\\\/aktuelles.uni-frankfurt.de\\\/en\\\/author\\\/redaktion\\\/\"}]}<\/script>\n<!-- \/ Yoast SEO plugin. -->","yoast_head_json":{"title":"\"Wieder fit und sportlich aktiv nach COVID-19\": Podiumsgespr\u00e4ch am 31.10. | Aktuelles aus der Goethe-Universit\u00e4t Frankfurt","robots":{"index":"index","follow":"follow","max-snippet":"max-snippet:-1","max-image-preview":"max-image-preview:large","max-video-preview":"max-video-preview:-1"},"canonical":"https:\/\/aktuelles.uni-frankfurt.de\/en\/veranstaltungen\/wieder-fit-und-sportlich-aktiv-nach-covid-19-podiumsgespraech-am-31-10\/","og_locale":"en_GB","og_type":"article","og_title":"\"Wieder fit und sportlich aktiv nach COVID-19\": Podiumsgespr\u00e4ch am 31.10. | Aktuelles aus der Goethe-Universit\u00e4t Frankfurt","og_description":"Experten beantworten Fragen f\u00fcr Interessierte im Rahmen eines wissenschaftlichen Post-COVID-Symposiums am 31. Oktober im Frankfurter Waldstadion (Deutsche Bank Park) Die Verunsicherung ist gro\u00df: ist COVID-19 ein harmloser Infekt oder eine [&hellip;]","og_url":"https:\/\/aktuelles.uni-frankfurt.de\/en\/veranstaltungen\/wieder-fit-und-sportlich-aktiv-nach-covid-19-podiumsgespraech-am-31-10\/","og_site_name":"Aktuelles aus der Goethe-Universit\u00e4t Frankfurt","article_published_time":"2022-10-28T10:01:34+00:00","article_modified_time":"2022-10-28T10:08:30+00:00","og_image":[{"width":650,"height":450,"url":"https:\/\/aktuelles.uni-frankfurt.de\/wp-content\/uploads\/2022\/10\/beitragsbild_covid-19-podiumsgespraech-DZG.jpg","type":"image\/jpeg"}],"author":"-","twitter_card":"summary_large_image","twitter_misc":{"Written by":"-","Estimated reading time":"1 minute"},"schema":{"@context":"https:\/\/schema.org","@graph":[{"@type":"Article","@id":"https:\/\/aktuelles.uni-frankfurt.de\/veranstaltungen\/wieder-fit-und-sportlich-aktiv-nach-covid-19-podiumsgespraech-am-31-10\/#article","isPartOf":{"@id":"https:\/\/aktuelles.uni-frankfurt.de\/veranstaltungen\/wieder-fit-und-sportlich-aktiv-nach-covid-19-podiumsgespraech-am-31-10\/"},"author":{"name":"-","@id":"https:\/\/aktuelles.uni-frankfurt.de\/#\/schema\/person\/8e55ea338fb65d1ce87a91565d1f1739"},"headline":"&#8222;Wieder fit und sportlich aktiv nach COVID-19&#8220;: Podiumsgespr\u00e4ch am 31.10.","datePublished":"2022-10-28T10:01:34+00:00","dateModified":"2022-10-28T10:08:30+00:00","mainEntityOfPage":{"@id":"https:\/\/aktuelles.uni-frankfurt.de\/veranstaltungen\/wieder-fit-und-sportlich-aktiv-nach-covid-19-podiumsgespraech-am-31-10\/"},"wordCount":311,"publisher":{"@id":"https:\/\/aktuelles.uni-frankfurt.de\/#organization"},"image":{"@id":"https:\/\/aktuelles.uni-frankfurt.de\/veranstaltungen\/wieder-fit-und-sportlich-aktiv-nach-covid-19-podiumsgespraech-am-31-10\/#primaryimage"},"thumbnailUrl":"https:\/\/aktuelles.uni-frankfurt.de\/wp-content\/uploads\/2022\/10\/beitragsbild_covid-19-podiumsgespraech-DZG.jpg","keywords":["Corona","Medizin"],"articleSection":["Veranstaltungen"],"inLanguage":"en-GB"},{"@type":"WebPage","@id":"https:\/\/aktuelles.uni-frankfurt.de\/veranstaltungen\/wieder-fit-und-sportlich-aktiv-nach-covid-19-podiumsgespraech-am-31-10\/","url":"https:\/\/aktuelles.uni-frankfurt.de\/veranstaltungen\/wieder-fit-und-sportlich-aktiv-nach-covid-19-podiumsgespraech-am-31-10\/","name":"\"Wieder fit und sportlich aktiv nach COVID-19\": Podiumsgespr\u00e4ch am 31.10. | Aktuelles aus der Goethe-Universit\u00e4t Frankfurt","isPartOf":{"@id":"https:\/\/aktuelles.uni-frankfurt.de\/#website"},"primaryImageOfPage":{"@id":"https:\/\/aktuelles.uni-frankfurt.de\/veranstaltungen\/wieder-fit-und-sportlich-aktiv-nach-covid-19-podiumsgespraech-am-31-10\/#primaryimage"},"image":{"@id":"https:\/\/aktuelles.uni-frankfurt.de\/veranstaltungen\/wieder-fit-und-sportlich-aktiv-nach-covid-19-podiumsgespraech-am-31-10\/#primaryimage"},"thumbnailUrl":"https:\/\/aktuelles.uni-frankfurt.de\/wp-content\/uploads\/2022\/10\/beitragsbild_covid-19-podiumsgespraech-DZG.jpg","datePublished":"2022-10-28T10:01:34+00:00","dateModified":"2022-10-28T10:08:30+00:00","breadcrumb":{"@id":"https:\/\/aktuelles.uni-frankfurt.de\/veranstaltungen\/wieder-fit-und-sportlich-aktiv-nach-covid-19-podiumsgespraech-am-31-10\/#breadcrumb"},"inLanguage":"en-GB","potentialAction":[{"@type":"ReadAction","target":["https:\/\/aktuelles.uni-frankfurt.de\/veranstaltungen\/wieder-fit-und-sportlich-aktiv-nach-covid-19-podiumsgespraech-am-31-10\/"]}]},{"@type":"ImageObject","inLanguage":"en-GB","@id":"https:\/\/aktuelles.uni-frankfurt.de\/veranstaltungen\/wieder-fit-und-sportlich-aktiv-nach-covid-19-podiumsgespraech-am-31-10\/#primaryimage","url":"https:\/\/aktuelles.uni-frankfurt.de\/wp-content\/uploads\/2022\/10\/beitragsbild_covid-19-podiumsgespraech-DZG.jpg","contentUrl":"https:\/\/aktuelles.uni-frankfurt.de\/wp-content\/uploads\/2022\/10\/beitragsbild_covid-19-podiumsgespraech-DZG.jpg","width":650,"height":450},{"@type":"BreadcrumbList","@id":"https:\/\/aktuelles.uni-frankfurt.de\/veranstaltungen\/wieder-fit-und-sportlich-aktiv-nach-covid-19-podiumsgespraech-am-31-10\/#breadcrumb","itemListElement":[{"@type":"ListItem","position":1,"name":"Startseite","item":"https:\/\/aktuelles.uni-frankfurt.de\/"},{"@type":"ListItem","position":2,"name":"&#8220;Wieder fit und sportlich aktiv nach COVID-19&#8221;: Podiumsgespr\u00e4ch am 31.10."}]},{"@type":"WebSite","@id":"https:\/\/aktuelles.uni-frankfurt.de\/#website","url":"https:\/\/aktuelles.uni-frankfurt.de\/","name":"Aktuelles aus der Goethe-Universit\u00e4t Frankfurt","description":"Aktuelles aus der Goethe-Universit\u00e4t | Neues aus Forschung, Lehre, Studium","publisher":{"@id":"https:\/\/aktuelles.uni-frankfurt.de\/#organization"},"potentialAction":[{"@type":"SearchAction","target":{"@type":"EntryPoint","urlTemplate":"https:\/\/aktuelles.uni-frankfurt.de\/?s={search_term_string}"},"query-input":{"@type":"PropertyValueSpecification","valueRequired":true,"valueName":"search_term_string"}}],"inLanguage":"en-GB"},{"@type":"Organization","@id":"https:\/\/aktuelles.uni-frankfurt.de\/#organization","name":"Goethe University Frankfurt","url":"https:\/\/aktuelles.uni-frankfurt.de\/","logo":{"@type":"ImageObject","inLanguage":"en-GB","@id":"https:\/\/aktuelles.uni-frankfurt.de\/#\/schema\/logo\/image\/","url":"https:\/\/aktuelles.uni-frankfurt.de\/wp-content\/uploads\/2022\/03\/800px-Goethe-Logo.png","contentUrl":"https:\/\/aktuelles.uni-frankfurt.de\/wp-content\/uploads\/2022\/03\/800px-Goethe-Logo.png","width":800,"height":436,"caption":"Goethe-Universit\u00e4t"},"image":{"@id":"https:\/\/aktuelles.uni-frankfurt.de\/#\/schema\/logo\/image\/"}},{"@type":"Person","@id":"https:\/\/aktuelles.uni-frankfurt.de\/#\/schema\/person\/8e55ea338fb65d1ce87a91565d1f1739","name":"-","description":"Dieser Beitrag wurde von der Online-Redaktion ver\u00f6ffentlicht. Wenn der Beitrag von einem Gastautoren verfasst wurde, findet sich dieser Hinweis am Ende des jeweiligen Artikels.","sameAs":["http:\/\/aktuelles.uni-frankfurt.de\/autoren"],"url":"https:\/\/aktuelles.uni-frankfurt.de\/en\/author\/redaktion\/"}]}},"_links":{"self":[{"href":"https:\/\/aktuelles.uni-frankfurt.de\/en\/wp-json\/wp\/v2\/posts\/65408","targetHints":{"allow":["GET"]}}],"collection":[{"href":"https:\/\/aktuelles.uni-frankfurt.de\/en\/wp-json\/wp\/v2\/posts"}],"about":[{"href":"https:\/\/aktuelles.uni-frankfurt.de\/en\/wp-json\/wp\/v2\/types\/post"}],"author":[{"embeddable":true,"href":"https:\/\/aktuelles.uni-frankfurt.de\/en\/wp-json\/wp\/v2\/users\/8"}],"replies":[{"embeddable":true,"href":"https:\/\/aktuelles.uni-frankfurt.de\/en\/wp-json\/wp\/v2\/comments?post=65408"}],"version-history":[{"count":0,"href":"https:\/\/aktuelles.uni-frankfurt.de\/en\/wp-json\/wp\/v2\/posts\/65408\/revisions"}],"wp:featuredmedia":[{"embeddable":true,"href":"https:\/\/aktuelles.uni-frankfurt.de\/en\/wp-json\/wp\/v2\/media\/65411"}],"wp:attachment":[{"href":"https:\/\/aktuelles.uni-frankfurt.de\/en\/wp-json\/wp\/v2\/media?parent=65408"}],"wp:term":[{"taxonomy":"category","embeddable":true,"href":"https:\/\/aktuelles.uni-frankfurt.de\/en\/wp-json\/wp\/v2\/categories?post=65408"},{"taxonomy":"post_tag","embeddable":true,"href":"https:\/\/aktuelles.uni-frankfurt.de\/en\/wp-json\/wp\/v2\/tags?post=65408"},{"taxonomy":"post_folder","embeddable":true,"href":"https:\/\/aktuelles.uni-frankfurt.de\/en\/wp-json\/wp\/v2\/post_folder?post=65408"}],"curies":[{"name":"wp","href":"https:\/\/api.w.org\/{rel}","templated":true}]}}