{"id":6597,"date":"2016-04-29T14:19:39","date_gmt":"2016-04-29T12:19:39","guid":{"rendered":"http:\/\/aktuelles.uni-frankfurt.de\/?p=6597"},"modified":"2016-04-29T14:19:39","modified_gmt":"2016-04-29T12:19:39","slug":"einladung-zum-auftaktworkshop-studentische-partizipation","status":"publish","type":"post","link":"https:\/\/aktuelles.uni-frankfurt.de\/en\/hochschule\/einladung-zum-auftaktworkshop-studentische-partizipation\/","title":{"rendered":"Einladung zum Auftaktworkshop \u201eStudentische Partizipation\u201c"},"content":{"rendered":"<figure id=\"attachment_107\" aria-describedby=\"caption-attachment-107\" style=\"width: 250px\" class=\"wp-caption alignleft\"><img fetchpriority=\"high\" decoding=\"async\" class=\"wp-image-107\" src=\"https:\/\/aktuelles.uni-frankfurt.de\/wp-content\/uploads\/2015\/10\/bm_vize-tanja-bruehl_2015.jpg\" alt=\"Prof. Tanja Br\u00fchl, Vizepr\u00e4sidentin\" width=\"250\" height=\"200\" \/><figcaption id=\"caption-attachment-107\" class=\"wp-caption-text\">Prof. Tanja Br\u00fchl, Vizepr\u00e4sidentin<\/figcaption><\/figure>\n<p>Sehr geehrte Kolleginnen und Kollegen, liebe Studierende,<\/p>\n<p>wir laden Sie herzlich zum<\/p>\n<p><strong>Workshop \u201eStudentische Partizipation an der Goethe-Universit\u00e4t<\/strong><strong>\u201c am 4. Mai 2016 von 10:00 bis 13:00 Uhr im Senatssaal (PA-Geb\u00e4ude, Campus Westend)<\/strong><\/p>\n<p>ein. Er wird in Zusammenarbeit mit dem AStA von der Abteilung Lehre und Qualit\u00e4tssicherung veranstaltet.<\/p>\n<p>Ziel ist es, \u00fcber Voraussetzung und Rahmenbedingen studentischer Mitwirkungen zu diskutieren, den Grad der Informiertheit unter den Studierenden \u00fcber Aufbau und Funktionsweise der Universit\u00e4t zu steigern und den eher kleinen Kreis an Engagierten in den akademischen Gremien zu vergr\u00f6\u00dfern. Hierdurch sollen mehr Studierende beteiligt und die Belastung der bislang Aktiven verringert werden.<\/p>\n<p>Es sollen Ideen zur Verbesserung der Information der Studierenden und zu M\u00f6glichkeiten ihrer Partizipation gesammelt sowie Ma\u00dfnahmen zur Verbesserung der Wirkung, Kommunikation und Anerkennung von studentischer Partizipation identifiziert werden. Die kurzfristig realisierbaren Ma\u00dfnahmen zur Steigerung studentischer Partizipation sollen bereits in den n\u00e4chsten Monaten umgesetzt werden. Noch im Sommersemester m\u00f6chten wir ein Follow-Up-Treffen erfolgen lassen, um den Stand der Umsetzung der Ma\u00dfnahmen zu er\u00f6rtern.<\/p>\n<p>Wir freuen uns sehr auf Ihre rege Teilnahme!<\/p>\n<p>Bitte melden Sie sich bis zum 2. Mai 2016 bei Sofia Ganter (<a href=\"mailto:s.ganter@vdv.uni-frankfurt.de\">s.ganter@vdv.uni-frankfurt.de<\/a>) zur\u00fcck, ob Sie teilnehmen werden.<\/p>\n<p>Mit freundlichen Gr\u00fc\u00dfen<\/p>\n<p>Prof. Dr. Tanja Br\u00fchl<br \/>\nVizepr\u00e4sidentin<\/p>","protected":false},"excerpt":{"rendered":"<p>Sehr geehrte Kolleginnen und Kollegen, liebe Studierende, wir laden Sie herzlich zum Workshop \u201eStudentische Partizipation an der Goethe-Universit\u00e4t\u201c am 4. Mai 2016 von 10:00 bis 13:00 Uhr im Senatssaal (PA-Geb\u00e4ude, [&hellip;]<\/p>\n","protected":false},"author":8,"featured_media":6601,"comment_status":"closed","ping_status":"closed","sticky":false,"template":"","format":"standard","meta":{"_eb_attr":"","_price":"","_stock":"","_tribe_ticket_header":"","_tribe_default_ticket_provider":"","_ticket_start_date":"","_ticket_end_date":"","_tribe_ticket_show_description":"","_tribe_ticket_show_not_going":false,"_tribe_ticket_use_global_stock":"","_tribe_ticket_global_stock_level":"","_global_stock_mode":"","_global_stock_cap":"","_tribe_rsvp_for_event":"","_tribe_ticket_going_count":"","_tribe_ticket_not_going_count":"","_tribe_tickets_list":"[]","_tribe_ticket_has_attendee_info_fields":false,"footnotes":""},"categories":[8],"tags":[17],"post_folder":[],"class_list":["post-6597","post","type-post","status-publish","format-standard","has-post-thumbnail","hentry","category-hochschule","tag-campus-westend"],"yoast_head":"<!-- This site is optimized with the Yoast SEO plugin v27.5 - https:\/\/yoast.com\/product\/yoast-seo-wordpress\/ -->\n<title>Einladung zum Auftaktworkshop \u201eStudentische Partizipation\u201c | Aktuelles aus der Goethe-Universit\u00e4t Frankfurt<\/title>\n<meta name=\"robots\" content=\"index, follow, max-snippet:-1, max-image-preview:large, max-video-preview:-1\" \/>\n<link rel=\"canonical\" href=\"https:\/\/aktuelles.uni-frankfurt.de\/en\/hochschule\/einladung-zum-auftaktworkshop-studentische-partizipation\/\" \/>\n<meta property=\"og:locale\" content=\"en_GB\" \/>\n<meta property=\"og:type\" content=\"article\" \/>\n<meta property=\"og:title\" content=\"Einladung zum Auftaktworkshop \u201eStudentische Partizipation\u201c | Aktuelles aus der Goethe-Universit\u00e4t Frankfurt\" \/>\n<meta property=\"og:description\" content=\"Sehr geehrte Kolleginnen und Kollegen, liebe Studierende, wir laden Sie herzlich zum Workshop \u201eStudentische Partizipation an der Goethe-Universit\u00e4t\u201c am 4. Mai 2016 von 10:00 bis 13:00 Uhr im Senatssaal (PA-Geb\u00e4ude, [&hellip;]\" \/>\n<meta property=\"og:url\" content=\"https:\/\/aktuelles.uni-frankfurt.de\/en\/hochschule\/einladung-zum-auftaktworkshop-studentische-partizipation\/\" \/>\n<meta property=\"og:site_name\" content=\"Aktuelles aus der Goethe-Universit\u00e4t Frankfurt\" \/>\n<meta property=\"article:published_time\" content=\"2016-04-29T12:19:39+00:00\" \/>\n<meta property=\"og:image\" content=\"https:\/\/aktuelles.uni-frankfurt.de\/wp-content\/uploads\/2016\/04\/blog_beitragsbild_pa-gebaeude_01.jpg\" \/>\n\t<meta property=\"og:image:width\" content=\"650\" \/>\n\t<meta property=\"og:image:height\" content=\"450\" \/>\n\t<meta property=\"og:image:type\" content=\"image\/jpeg\" \/>\n<meta name=\"author\" content=\"-\" \/>\n<meta name=\"twitter:card\" content=\"summary_large_image\" \/>\n<meta name=\"twitter:label1\" content=\"Written by\" \/>\n\t<meta name=\"twitter:data1\" content=\"-\" \/>\n\t<meta name=\"twitter:label2\" content=\"Estimated reading time\" \/>\n\t<meta name=\"twitter:data2\" content=\"1 minute\" \/>\n<script type=\"application\/ld+json\" class=\"yoast-schema-graph\">{\"@context\":\"https:\\\/\\\/schema.org\",\"@graph\":[{\"@type\":\"Article\",\"@id\":\"https:\\\/\\\/aktuelles.uni-frankfurt.de\\\/hochschule\\\/einladung-zum-auftaktworkshop-studentische-partizipation\\\/#article\",\"isPartOf\":{\"@id\":\"https:\\\/\\\/aktuelles.uni-frankfurt.de\\\/hochschule\\\/einladung-zum-auftaktworkshop-studentische-partizipation\\\/\"},\"author\":{\"name\":\"-\",\"@id\":\"https:\\\/\\\/aktuelles.uni-frankfurt.de\\\/#\\\/schema\\\/person\\\/8e55ea338fb65d1ce87a91565d1f1739\"},\"headline\":\"Einladung zum Auftaktworkshop \u201eStudentische Partizipation\u201c\",\"datePublished\":\"2016-04-29T12:19:39+00:00\",\"mainEntityOfPage\":{\"@id\":\"https:\\\/\\\/aktuelles.uni-frankfurt.de\\\/hochschule\\\/einladung-zum-auftaktworkshop-studentische-partizipation\\\/\"},\"wordCount\":228,\"publisher\":{\"@id\":\"https:\\\/\\\/aktuelles.uni-frankfurt.de\\\/#organization\"},\"image\":{\"@id\":\"https:\\\/\\\/aktuelles.uni-frankfurt.de\\\/hochschule\\\/einladung-zum-auftaktworkshop-studentische-partizipation\\\/#primaryimage\"},\"thumbnailUrl\":\"https:\\\/\\\/aktuelles.uni-frankfurt.de\\\/wp-content\\\/uploads\\\/2016\\\/04\\\/blog_beitragsbild_pa-gebaeude_01.jpg\",\"keywords\":[\"Campus Westend\"],\"articleSection\":[\"Hochschule\"],\"inLanguage\":\"en-GB\"},{\"@type\":\"WebPage\",\"@id\":\"https:\\\/\\\/aktuelles.uni-frankfurt.de\\\/hochschule\\\/einladung-zum-auftaktworkshop-studentische-partizipation\\\/\",\"url\":\"https:\\\/\\\/aktuelles.uni-frankfurt.de\\\/hochschule\\\/einladung-zum-auftaktworkshop-studentische-partizipation\\\/\",\"name\":\"Einladung zum Auftaktworkshop \u201eStudentische Partizipation\u201c | Aktuelles aus der Goethe-Universit\u00e4t Frankfurt\",\"isPartOf\":{\"@id\":\"https:\\\/\\\/aktuelles.uni-frankfurt.de\\\/#website\"},\"primaryImageOfPage\":{\"@id\":\"https:\\\/\\\/aktuelles.uni-frankfurt.de\\\/hochschule\\\/einladung-zum-auftaktworkshop-studentische-partizipation\\\/#primaryimage\"},\"image\":{\"@id\":\"https:\\\/\\\/aktuelles.uni-frankfurt.de\\\/hochschule\\\/einladung-zum-auftaktworkshop-studentische-partizipation\\\/#primaryimage\"},\"thumbnailUrl\":\"https:\\\/\\\/aktuelles.uni-frankfurt.de\\\/wp-content\\\/uploads\\\/2016\\\/04\\\/blog_beitragsbild_pa-gebaeude_01.jpg\",\"datePublished\":\"2016-04-29T12:19:39+00:00\",\"breadcrumb\":{\"@id\":\"https:\\\/\\\/aktuelles.uni-frankfurt.de\\\/hochschule\\\/einladung-zum-auftaktworkshop-studentische-partizipation\\\/#breadcrumb\"},\"inLanguage\":\"en-GB\",\"potentialAction\":[{\"@type\":\"ReadAction\",\"target\":[\"https:\\\/\\\/aktuelles.uni-frankfurt.de\\\/hochschule\\\/einladung-zum-auftaktworkshop-studentische-partizipation\\\/\"]}]},{\"@type\":\"ImageObject\",\"inLanguage\":\"en-GB\",\"@id\":\"https:\\\/\\\/aktuelles.uni-frankfurt.de\\\/hochschule\\\/einladung-zum-auftaktworkshop-studentische-partizipation\\\/#primaryimage\",\"url\":\"https:\\\/\\\/aktuelles.uni-frankfurt.de\\\/wp-content\\\/uploads\\\/2016\\\/04\\\/blog_beitragsbild_pa-gebaeude_01.jpg\",\"contentUrl\":\"https:\\\/\\\/aktuelles.uni-frankfurt.de\\\/wp-content\\\/uploads\\\/2016\\\/04\\\/blog_beitragsbild_pa-gebaeude_01.jpg\",\"width\":650,\"height\":450},{\"@type\":\"BreadcrumbList\",\"@id\":\"https:\\\/\\\/aktuelles.uni-frankfurt.de\\\/hochschule\\\/einladung-zum-auftaktworkshop-studentische-partizipation\\\/#breadcrumb\",\"itemListElement\":[{\"@type\":\"ListItem\",\"position\":1,\"name\":\"Startseite\",\"item\":\"https:\\\/\\\/aktuelles.uni-frankfurt.de\\\/\"},{\"@type\":\"ListItem\",\"position\":2,\"name\":\"Einladung zum Auftaktworkshop \u201eStudentische Partizipation\u201c\"}]},{\"@type\":\"WebSite\",\"@id\":\"https:\\\/\\\/aktuelles.uni-frankfurt.de\\\/#website\",\"url\":\"https:\\\/\\\/aktuelles.uni-frankfurt.de\\\/\",\"name\":\"Aktuelles aus der Goethe-Universit\u00e4t Frankfurt\",\"description\":\"Aktuelles aus der Goethe-Universit\u00e4t | Neues aus Forschung, Lehre, Studium\",\"publisher\":{\"@id\":\"https:\\\/\\\/aktuelles.uni-frankfurt.de\\\/#organization\"},\"potentialAction\":[{\"@type\":\"SearchAction\",\"target\":{\"@type\":\"EntryPoint\",\"urlTemplate\":\"https:\\\/\\\/aktuelles.uni-frankfurt.de\\\/?s={search_term_string}\"},\"query-input\":{\"@type\":\"PropertyValueSpecification\",\"valueRequired\":true,\"valueName\":\"search_term_string\"}}],\"inLanguage\":\"en-GB\"},{\"@type\":\"Organization\",\"@id\":\"https:\\\/\\\/aktuelles.uni-frankfurt.de\\\/#organization\",\"name\":\"Goethe-Universit\u00e4t\",\"url\":\"https:\\\/\\\/aktuelles.uni-frankfurt.de\\\/\",\"logo\":{\"@type\":\"ImageObject\",\"inLanguage\":\"en-GB\",\"@id\":\"https:\\\/\\\/aktuelles.uni-frankfurt.de\\\/#\\\/schema\\\/logo\\\/image\\\/\",\"url\":\"https:\\\/\\\/aktuelles.uni-frankfurt.de\\\/wp-content\\\/uploads\\\/2022\\\/03\\\/800px-Goethe-Logo.png\",\"contentUrl\":\"https:\\\/\\\/aktuelles.uni-frankfurt.de\\\/wp-content\\\/uploads\\\/2022\\\/03\\\/800px-Goethe-Logo.png\",\"width\":800,\"height\":436,\"caption\":\"Goethe-Universit\u00e4t\"},\"image\":{\"@id\":\"https:\\\/\\\/aktuelles.uni-frankfurt.de\\\/#\\\/schema\\\/logo\\\/image\\\/\"}},{\"@type\":\"Person\",\"@id\":\"https:\\\/\\\/aktuelles.uni-frankfurt.de\\\/#\\\/schema\\\/person\\\/8e55ea338fb65d1ce87a91565d1f1739\",\"name\":\"-\",\"description\":\"Dieser Beitrag wurde von der Online-Redaktion ver\u00f6ffentlicht. Wenn der Beitrag von einem Gastautoren verfasst wurde, findet sich dieser Hinweis am Ende des jeweiligen Artikels.\",\"sameAs\":[\"http:\\\/\\\/aktuelles.uni-frankfurt.de\\\/autoren\"],\"url\":\"https:\\\/\\\/aktuelles.uni-frankfurt.de\\\/en\\\/author\\\/redaktion\\\/\"}]}<\/script>\n<!-- \/ Yoast SEO plugin. -->","yoast_head_json":{"title":"Einladung zum Auftaktworkshop \u201eStudentische Partizipation\u201c | Aktuelles aus der Goethe-Universit\u00e4t Frankfurt","robots":{"index":"index","follow":"follow","max-snippet":"max-snippet:-1","max-image-preview":"max-image-preview:large","max-video-preview":"max-video-preview:-1"},"canonical":"https:\/\/aktuelles.uni-frankfurt.de\/en\/hochschule\/einladung-zum-auftaktworkshop-studentische-partizipation\/","og_locale":"en_GB","og_type":"article","og_title":"Einladung zum Auftaktworkshop \u201eStudentische Partizipation\u201c | Aktuelles aus der Goethe-Universit\u00e4t Frankfurt","og_description":"Sehr geehrte Kolleginnen und Kollegen, liebe Studierende, wir laden Sie herzlich zum Workshop \u201eStudentische Partizipation an der Goethe-Universit\u00e4t\u201c am 4. Mai 2016 von 10:00 bis 13:00 Uhr im Senatssaal (PA-Geb\u00e4ude, [&hellip;]","og_url":"https:\/\/aktuelles.uni-frankfurt.de\/en\/hochschule\/einladung-zum-auftaktworkshop-studentische-partizipation\/","og_site_name":"Aktuelles aus der Goethe-Universit\u00e4t Frankfurt","article_published_time":"2016-04-29T12:19:39+00:00","og_image":[{"width":650,"height":450,"url":"https:\/\/aktuelles.uni-frankfurt.de\/wp-content\/uploads\/2016\/04\/blog_beitragsbild_pa-gebaeude_01.jpg","type":"image\/jpeg"}],"author":"-","twitter_card":"summary_large_image","twitter_misc":{"Written by":"-","Estimated reading time":"1 minute"},"schema":{"@context":"https:\/\/schema.org","@graph":[{"@type":"Article","@id":"https:\/\/aktuelles.uni-frankfurt.de\/hochschule\/einladung-zum-auftaktworkshop-studentische-partizipation\/#article","isPartOf":{"@id":"https:\/\/aktuelles.uni-frankfurt.de\/hochschule\/einladung-zum-auftaktworkshop-studentische-partizipation\/"},"author":{"name":"-","@id":"https:\/\/aktuelles.uni-frankfurt.de\/#\/schema\/person\/8e55ea338fb65d1ce87a91565d1f1739"},"headline":"Einladung zum Auftaktworkshop \u201eStudentische Partizipation\u201c","datePublished":"2016-04-29T12:19:39+00:00","mainEntityOfPage":{"@id":"https:\/\/aktuelles.uni-frankfurt.de\/hochschule\/einladung-zum-auftaktworkshop-studentische-partizipation\/"},"wordCount":228,"publisher":{"@id":"https:\/\/aktuelles.uni-frankfurt.de\/#organization"},"image":{"@id":"https:\/\/aktuelles.uni-frankfurt.de\/hochschule\/einladung-zum-auftaktworkshop-studentische-partizipation\/#primaryimage"},"thumbnailUrl":"https:\/\/aktuelles.uni-frankfurt.de\/wp-content\/uploads\/2016\/04\/blog_beitragsbild_pa-gebaeude_01.jpg","keywords":["Campus Westend"],"articleSection":["Hochschule"],"inLanguage":"en-GB"},{"@type":"WebPage","@id":"https:\/\/aktuelles.uni-frankfurt.de\/hochschule\/einladung-zum-auftaktworkshop-studentische-partizipation\/","url":"https:\/\/aktuelles.uni-frankfurt.de\/hochschule\/einladung-zum-auftaktworkshop-studentische-partizipation\/","name":"Einladung zum Auftaktworkshop \u201eStudentische Partizipation\u201c | Aktuelles aus der Goethe-Universit\u00e4t Frankfurt","isPartOf":{"@id":"https:\/\/aktuelles.uni-frankfurt.de\/#website"},"primaryImageOfPage":{"@id":"https:\/\/aktuelles.uni-frankfurt.de\/hochschule\/einladung-zum-auftaktworkshop-studentische-partizipation\/#primaryimage"},"image":{"@id":"https:\/\/aktuelles.uni-frankfurt.de\/hochschule\/einladung-zum-auftaktworkshop-studentische-partizipation\/#primaryimage"},"thumbnailUrl":"https:\/\/aktuelles.uni-frankfurt.de\/wp-content\/uploads\/2016\/04\/blog_beitragsbild_pa-gebaeude_01.jpg","datePublished":"2016-04-29T12:19:39+00:00","breadcrumb":{"@id":"https:\/\/aktuelles.uni-frankfurt.de\/hochschule\/einladung-zum-auftaktworkshop-studentische-partizipation\/#breadcrumb"},"inLanguage":"en-GB","potentialAction":[{"@type":"ReadAction","target":["https:\/\/aktuelles.uni-frankfurt.de\/hochschule\/einladung-zum-auftaktworkshop-studentische-partizipation\/"]}]},{"@type":"ImageObject","inLanguage":"en-GB","@id":"https:\/\/aktuelles.uni-frankfurt.de\/hochschule\/einladung-zum-auftaktworkshop-studentische-partizipation\/#primaryimage","url":"https:\/\/aktuelles.uni-frankfurt.de\/wp-content\/uploads\/2016\/04\/blog_beitragsbild_pa-gebaeude_01.jpg","contentUrl":"https:\/\/aktuelles.uni-frankfurt.de\/wp-content\/uploads\/2016\/04\/blog_beitragsbild_pa-gebaeude_01.jpg","width":650,"height":450},{"@type":"BreadcrumbList","@id":"https:\/\/aktuelles.uni-frankfurt.de\/hochschule\/einladung-zum-auftaktworkshop-studentische-partizipation\/#breadcrumb","itemListElement":[{"@type":"ListItem","position":1,"name":"Startseite","item":"https:\/\/aktuelles.uni-frankfurt.de\/"},{"@type":"ListItem","position":2,"name":"Einladung zum Auftaktworkshop \u201eStudentische Partizipation\u201c"}]},{"@type":"WebSite","@id":"https:\/\/aktuelles.uni-frankfurt.de\/#website","url":"https:\/\/aktuelles.uni-frankfurt.de\/","name":"Aktuelles aus der Goethe-Universit\u00e4t Frankfurt","description":"Aktuelles aus der Goethe-Universit\u00e4t | Neues aus Forschung, Lehre, Studium","publisher":{"@id":"https:\/\/aktuelles.uni-frankfurt.de\/#organization"},"potentialAction":[{"@type":"SearchAction","target":{"@type":"EntryPoint","urlTemplate":"https:\/\/aktuelles.uni-frankfurt.de\/?s={search_term_string}"},"query-input":{"@type":"PropertyValueSpecification","valueRequired":true,"valueName":"search_term_string"}}],"inLanguage":"en-GB"},{"@type":"Organization","@id":"https:\/\/aktuelles.uni-frankfurt.de\/#organization","name":"Goethe University Frankfurt","url":"https:\/\/aktuelles.uni-frankfurt.de\/","logo":{"@type":"ImageObject","inLanguage":"en-GB","@id":"https:\/\/aktuelles.uni-frankfurt.de\/#\/schema\/logo\/image\/","url":"https:\/\/aktuelles.uni-frankfurt.de\/wp-content\/uploads\/2022\/03\/800px-Goethe-Logo.png","contentUrl":"https:\/\/aktuelles.uni-frankfurt.de\/wp-content\/uploads\/2022\/03\/800px-Goethe-Logo.png","width":800,"height":436,"caption":"Goethe-Universit\u00e4t"},"image":{"@id":"https:\/\/aktuelles.uni-frankfurt.de\/#\/schema\/logo\/image\/"}},{"@type":"Person","@id":"https:\/\/aktuelles.uni-frankfurt.de\/#\/schema\/person\/8e55ea338fb65d1ce87a91565d1f1739","name":"-","description":"Dieser Beitrag wurde von der Online-Redaktion ver\u00f6ffentlicht. Wenn der Beitrag von einem Gastautoren verfasst wurde, findet sich dieser Hinweis am Ende des jeweiligen Artikels.","sameAs":["http:\/\/aktuelles.uni-frankfurt.de\/autoren"],"url":"https:\/\/aktuelles.uni-frankfurt.de\/en\/author\/redaktion\/"}]}},"_links":{"self":[{"href":"https:\/\/aktuelles.uni-frankfurt.de\/en\/wp-json\/wp\/v2\/posts\/6597","targetHints":{"allow":["GET"]}}],"collection":[{"href":"https:\/\/aktuelles.uni-frankfurt.de\/en\/wp-json\/wp\/v2\/posts"}],"about":[{"href":"https:\/\/aktuelles.uni-frankfurt.de\/en\/wp-json\/wp\/v2\/types\/post"}],"author":[{"embeddable":true,"href":"https:\/\/aktuelles.uni-frankfurt.de\/en\/wp-json\/wp\/v2\/users\/8"}],"replies":[{"embeddable":true,"href":"https:\/\/aktuelles.uni-frankfurt.de\/en\/wp-json\/wp\/v2\/comments?post=6597"}],"version-history":[{"count":0,"href":"https:\/\/aktuelles.uni-frankfurt.de\/en\/wp-json\/wp\/v2\/posts\/6597\/revisions"}],"wp:featuredmedia":[{"embeddable":true,"href":"https:\/\/aktuelles.uni-frankfurt.de\/en\/wp-json\/wp\/v2\/media\/6601"}],"wp:attachment":[{"href":"https:\/\/aktuelles.uni-frankfurt.de\/en\/wp-json\/wp\/v2\/media?parent=6597"}],"wp:term":[{"taxonomy":"category","embeddable":true,"href":"https:\/\/aktuelles.uni-frankfurt.de\/en\/wp-json\/wp\/v2\/categories?post=6597"},{"taxonomy":"post_tag","embeddable":true,"href":"https:\/\/aktuelles.uni-frankfurt.de\/en\/wp-json\/wp\/v2\/tags?post=6597"},{"taxonomy":"post_folder","embeddable":true,"href":"https:\/\/aktuelles.uni-frankfurt.de\/en\/wp-json\/wp\/v2\/post_folder?post=6597"}],"curies":[{"name":"wp","href":"https:\/\/api.w.org\/{rel}","templated":true}]}}