{"id":668,"date":"2015-05-29T14:02:48","date_gmt":"2015-05-29T12:02:48","guid":{"rendered":"http:\/\/aktuelles.uni-frankfurt.de\/?p=668"},"modified":"2016-01-10T22:09:09","modified_gmt":"2016-01-10T21:09:09","slug":"das-neue-praesidium","status":"publish","type":"post","link":"https:\/\/aktuelles.uni-frankfurt.de\/en\/hochschule\/das-neue-praesidium\/","title":{"rendered":"Das neue Pr\u00e4sidium"},"content":{"rendered":"<figure id=\"attachment_1428\" aria-describedby=\"caption-attachment-1428\" style=\"width: 700px\" class=\"wp-caption aligncenter\"><a class=\"dt-single-image\" href=\"https:\/\/aktuelles.uni-frankfurt.de\/wp-content\/uploads\/2015\/05\/blog_unireport_praesidium.jpg\" data-dt-img-description=\"Das neue Pr\u00e4sidium; Foto: Dettmar\"><img fetchpriority=\"high\" decoding=\"async\" class=\"wp-image-1428 size-full\" src=\"https:\/\/aktuelles.uni-frankfurt.de\/wp-content\/uploads\/2015\/05\/blog_unireport_praesidium.jpg\" alt=\"Das neue Pr\u00e4sidium; Foto: Dettmar\" width=\"700\" height=\"467\" srcset=\"https:\/\/aktuelles.uni-frankfurt.de\/wp-content\/uploads\/2015\/05\/blog_unireport_praesidium.jpg 700w, https:\/\/aktuelles.uni-frankfurt.de\/wp-content\/uploads\/2015\/05\/blog_unireport_praesidium-300x200.jpg 300w\" sizes=\"(max-width: 700px) 100vw, 700px\" \/><\/a><figcaption id=\"caption-attachment-1428\" class=\"wp-caption-text\">Das neue Pr\u00e4sidium; Foto: Dettmar<\/figcaption><\/figure>\n<p>Ende April votierte der Erweiterte Senat mehrheitlich f\u00fcr die Wahlvorschl\u00e4ge der neuen Pr\u00e4sidentin, Prof. Birgitta Wolff (3. v. l.). Die neuen Mitglieder sind bekannte wie neue Gesichter: Manfred Schubert-Zsilavecz (3. v. r.) und Enrico Schleiff (2. v. l.) waren bereits im fr\u00fcheren Pr\u00e4sidium t\u00e4tig, Brigitte Haar (2. v. r.) kommt neu hinzu. Die Gew\u00e4hlten gelten als Fachleute in Fragen der Internationalisierung (Haar), Nachwuchsf\u00f6rderung und Infrastruktur (Schleiff) sowie privater Hochschulf\u00f6rderung (Schubert-Zsilavecz). Ihre Amtszeit betr\u00e4gt drei Jahre. Zuvor hatte bereits der Hochschulrat die Kandidaten einstimmig best\u00e4tigt. Die drei neuen Vizepr\u00e4sidenten erg\u00e4nzen das Pr\u00e4sidium, das bereits aus der Pr\u00e4sidentin, der Vizepr\u00e4sidentin Prof. Tanja Br\u00fchl (l.) und dem Universit\u00e4tskanzler Holger Gottschalk (r.) bestand. Damit umfasst das Leitungs-Team jetzt sechs Personen.<\/p>\n<p>Die Juristin Prof. Brigitte Haar LL.M. (Univ. Chicago) hat seit 2004 eine Professur f\u00fcr B\u00fcrgerliches Recht, deutsches, europ\u00e4isches und internationales Wirtschaftsrecht sowie Law and Finance und Rechtsvergleichung im House of Finance inne. Ihre Forschungsschwerpunkte sind Gesellschafts-, Kapitalmarkt- und Vertragsrecht in rechtsvergleichender und \u00f6konomischer Perspektive. In ihren Publikationen widmet sie sich vor allem dem Kapitalmarktrecht, der Finanzmarktregulierung sowie der Corporate Governance. Haar ist Sprecherin des von der Stiftung Geld und W\u00e4hrung gef\u00f6rderten Graduiertenkollegs Law and Economics of Money and Finance, Mitglied des Pr\u00e4sidiums des House of Finance und Principal Investigator am Forschungszentrum Sustainable Architecture for Finance in Europe (SAFE).<\/p>\n<p>Prof. Enrico Schleiff ist seit 2007 Professor f\u00fcr Molekulare Zellbiologie der Pflanzen an der Goethe-Universit\u00e4t und war von 2009 bis 2012 als gesch\u00e4ftsf\u00fchrender Direktor des Center of Membrane Proteomics t\u00e4tig. Seit April 2012 war er Vizepr\u00e4sident der Goethe-Universit\u00e4t; dabei setzte er wichtige Impulse zur F\u00f6rderung des wissenschaftlichen Nachwuchses. So erarbeitete er ein Konzept f\u00fcr ein neues Tenure Track, um exzellenten jungen Leuten dauerhaft in Frankfurt Perspektiven zu geben. Au\u00dferdem setzte er sich f\u00fcr die Fortentwicklung der Graduiertenschule GRADE ein und trieb das Modell Kooperativer Promotionen mit Fachhochschulen voran. Seit 2014 ist er Direktor des Buchmann Instituts f\u00fcr Molekulare Lebenswissenschaften. Beteiligt ist er zudem am Sonderforschungsbereich Molekulare Mechanismen der RNA-basierten Regulation.<\/p>\n<p>Prof. Manfred Schubert-Zsilavecz ist seit 1997 Professor f\u00fcr Pharmazeutische Chemie an der Goethe-Universit\u00e4t und war seit 2009 als Vizepr\u00e4sident t\u00e4tig. In dieser Funktion trat er f\u00fcr die Verbesserung von Lehre und Studium ein, u. a. indem er die \u201eBologna-Werkst\u00e4tten\u201c zur Reform von Studieng\u00e4ngen initiierte und die Goethe-Universit\u00e4t beim \u201eQualit\u00e4tspakt Lehre\u201c zum Erfolg f\u00fchrte. Seit 2009 ist er Vorsitzender des Verwaltungsrates des Frankfurter Studentenwerkes und des Aufsichtsrates der Firma Innovectis sowie seit 2014 Vorsitzender des House of Pharma and Healthcare. Anfang 2015 wurde Schubert-Zsilavecz zum stellvertretenden Vorsitzenden der Auswahlkommission f\u00fcr den Qualit\u00e4tspakt Lehre im Bundesministerium f\u00fcr Bildung und Forschung (BMBF) ernannt. Nicht zuletzt trug er entscheidend dazu bei, dass im Jahr des Universit\u00e4tsjubil\u00e4ums, 2014, ca. 70 Mio. Euro aus privaten Quellen eingeworben werden konnten.<\/p>","protected":false},"excerpt":{"rendered":"<p>Ende April votierte der Erweiterte Senat mehrheitlich f\u00fcr die Wahlvorschl\u00e4ge der neuen Pr\u00e4sidentin, Prof. Birgitta Wolff (3. v. l.). Die neuen Mitglieder sind bekannte wie neue Gesichter: Manfred Schubert-Zsilavecz (3. [&hellip;]<\/p>\n","protected":false},"author":8,"featured_media":1428,"comment_status":"closed","ping_status":"closed","sticky":false,"template":"","format":"standard","meta":{"_eb_attr":"","_price":"","_stock":"","_tribe_ticket_header":"","_tribe_default_ticket_provider":"","_ticket_start_date":"","_ticket_end_date":"","_tribe_ticket_show_description":"","_tribe_ticket_show_not_going":false,"_tribe_ticket_use_global_stock":"","_tribe_ticket_global_stock_level":"","_global_stock_mode":"","_global_stock_cap":"","_tribe_rsvp_for_event":"","_tribe_ticket_going_count":"","_tribe_ticket_not_going_count":"","_tribe_tickets_list":"[]","_tribe_ticket_has_attendee_info_fields":false,"footnotes":""},"categories":[8],"tags":[10],"post_folder":[],"class_list":["post-668","post","type-post","status-publish","format-standard","has-post-thumbnail","hentry","category-hochschule","tag-unireport"],"yoast_head":"<!-- This site is optimized with the Yoast SEO plugin v27.5 - https:\/\/yoast.com\/product\/yoast-seo-wordpress\/ -->\n<title>Das neue Pr\u00e4sidium | Aktuelles aus der Goethe-Universit\u00e4t Frankfurt<\/title>\n<meta name=\"robots\" content=\"index, follow, max-snippet:-1, max-image-preview:large, max-video-preview:-1\" \/>\n<link rel=\"canonical\" href=\"https:\/\/aktuelles.uni-frankfurt.de\/en\/hochschule\/das-neue-praesidium\/\" \/>\n<meta property=\"og:locale\" content=\"en_GB\" \/>\n<meta property=\"og:type\" content=\"article\" \/>\n<meta property=\"og:title\" content=\"Das neue Pr\u00e4sidium | Aktuelles aus der Goethe-Universit\u00e4t Frankfurt\" \/>\n<meta property=\"og:description\" content=\"Ende April votierte der Erweiterte Senat mehrheitlich f\u00fcr die Wahlvorschl\u00e4ge der neuen Pr\u00e4sidentin, Prof. Birgitta Wolff (3. v. l.). Die neuen Mitglieder sind bekannte wie neue Gesichter: Manfred Schubert-Zsilavecz (3. [&hellip;]\" \/>\n<meta property=\"og:url\" content=\"https:\/\/aktuelles.uni-frankfurt.de\/en\/hochschule\/das-neue-praesidium\/\" \/>\n<meta property=\"og:site_name\" content=\"Aktuelles aus der Goethe-Universit\u00e4t Frankfurt\" \/>\n<meta property=\"article:published_time\" content=\"2015-05-29T12:02:48+00:00\" \/>\n<meta property=\"article:modified_time\" content=\"2016-01-10T21:09:09+00:00\" \/>\n<meta property=\"og:image\" content=\"https:\/\/aktuelles.uni-frankfurt.de\/wp-content\/uploads\/2015\/05\/blog_unireport_praesidium.jpg\" \/>\n\t<meta property=\"og:image:width\" content=\"700\" \/>\n\t<meta property=\"og:image:height\" content=\"467\" \/>\n\t<meta property=\"og:image:type\" content=\"image\/jpeg\" \/>\n<meta name=\"author\" content=\"-\" \/>\n<meta name=\"twitter:card\" content=\"summary_large_image\" \/>\n<meta name=\"twitter:label1\" content=\"Written by\" \/>\n\t<meta name=\"twitter:data1\" content=\"-\" \/>\n\t<meta name=\"twitter:label2\" content=\"Estimated reading time\" \/>\n\t<meta name=\"twitter:data2\" content=\"2 minutes\" \/>\n<script type=\"application\/ld+json\" class=\"yoast-schema-graph\">{\"@context\":\"https:\\\/\\\/schema.org\",\"@graph\":[{\"@type\":\"Article\",\"@id\":\"https:\\\/\\\/aktuelles.uni-frankfurt.de\\\/hochschule\\\/das-neue-praesidium\\\/#article\",\"isPartOf\":{\"@id\":\"https:\\\/\\\/aktuelles.uni-frankfurt.de\\\/hochschule\\\/das-neue-praesidium\\\/\"},\"author\":{\"name\":\"-\",\"@id\":\"https:\\\/\\\/aktuelles.uni-frankfurt.de\\\/#\\\/schema\\\/person\\\/8e55ea338fb65d1ce87a91565d1f1739\"},\"headline\":\"Das neue Pr\u00e4sidium\",\"datePublished\":\"2015-05-29T12:02:48+00:00\",\"dateModified\":\"2016-01-10T21:09:09+00:00\",\"mainEntityOfPage\":{\"@id\":\"https:\\\/\\\/aktuelles.uni-frankfurt.de\\\/hochschule\\\/das-neue-praesidium\\\/\"},\"wordCount\":499,\"publisher\":{\"@id\":\"https:\\\/\\\/aktuelles.uni-frankfurt.de\\\/#organization\"},\"image\":{\"@id\":\"https:\\\/\\\/aktuelles.uni-frankfurt.de\\\/hochschule\\\/das-neue-praesidium\\\/#primaryimage\"},\"thumbnailUrl\":\"https:\\\/\\\/aktuelles.uni-frankfurt.de\\\/wp-content\\\/uploads\\\/2015\\\/05\\\/blog_unireport_praesidium.jpg\",\"keywords\":[\"UniReport\"],\"articleSection\":[\"Hochschule\"],\"inLanguage\":\"en-GB\"},{\"@type\":\"WebPage\",\"@id\":\"https:\\\/\\\/aktuelles.uni-frankfurt.de\\\/hochschule\\\/das-neue-praesidium\\\/\",\"url\":\"https:\\\/\\\/aktuelles.uni-frankfurt.de\\\/hochschule\\\/das-neue-praesidium\\\/\",\"name\":\"Das neue Pr\u00e4sidium | Aktuelles aus der Goethe-Universit\u00e4t Frankfurt\",\"isPartOf\":{\"@id\":\"https:\\\/\\\/aktuelles.uni-frankfurt.de\\\/#website\"},\"primaryImageOfPage\":{\"@id\":\"https:\\\/\\\/aktuelles.uni-frankfurt.de\\\/hochschule\\\/das-neue-praesidium\\\/#primaryimage\"},\"image\":{\"@id\":\"https:\\\/\\\/aktuelles.uni-frankfurt.de\\\/hochschule\\\/das-neue-praesidium\\\/#primaryimage\"},\"thumbnailUrl\":\"https:\\\/\\\/aktuelles.uni-frankfurt.de\\\/wp-content\\\/uploads\\\/2015\\\/05\\\/blog_unireport_praesidium.jpg\",\"datePublished\":\"2015-05-29T12:02:48+00:00\",\"dateModified\":\"2016-01-10T21:09:09+00:00\",\"breadcrumb\":{\"@id\":\"https:\\\/\\\/aktuelles.uni-frankfurt.de\\\/hochschule\\\/das-neue-praesidium\\\/#breadcrumb\"},\"inLanguage\":\"en-GB\",\"potentialAction\":[{\"@type\":\"ReadAction\",\"target\":[\"https:\\\/\\\/aktuelles.uni-frankfurt.de\\\/hochschule\\\/das-neue-praesidium\\\/\"]}]},{\"@type\":\"ImageObject\",\"inLanguage\":\"en-GB\",\"@id\":\"https:\\\/\\\/aktuelles.uni-frankfurt.de\\\/hochschule\\\/das-neue-praesidium\\\/#primaryimage\",\"url\":\"https:\\\/\\\/aktuelles.uni-frankfurt.de\\\/wp-content\\\/uploads\\\/2015\\\/05\\\/blog_unireport_praesidium.jpg\",\"contentUrl\":\"https:\\\/\\\/aktuelles.uni-frankfurt.de\\\/wp-content\\\/uploads\\\/2015\\\/05\\\/blog_unireport_praesidium.jpg\",\"width\":700,\"height\":467,\"caption\":\"Das neue Pr\u00e4sidium; Foto: Dettmar\"},{\"@type\":\"BreadcrumbList\",\"@id\":\"https:\\\/\\\/aktuelles.uni-frankfurt.de\\\/hochschule\\\/das-neue-praesidium\\\/#breadcrumb\",\"itemListElement\":[{\"@type\":\"ListItem\",\"position\":1,\"name\":\"Startseite\",\"item\":\"https:\\\/\\\/aktuelles.uni-frankfurt.de\\\/\"},{\"@type\":\"ListItem\",\"position\":2,\"name\":\"Das neue Pr\u00e4sidium\"}]},{\"@type\":\"WebSite\",\"@id\":\"https:\\\/\\\/aktuelles.uni-frankfurt.de\\\/#website\",\"url\":\"https:\\\/\\\/aktuelles.uni-frankfurt.de\\\/\",\"name\":\"Aktuelles aus der Goethe-Universit\u00e4t Frankfurt\",\"description\":\"Aktuelles aus der Goethe-Universit\u00e4t | Neues aus Forschung, Lehre, Studium\",\"publisher\":{\"@id\":\"https:\\\/\\\/aktuelles.uni-frankfurt.de\\\/#organization\"},\"potentialAction\":[{\"@type\":\"SearchAction\",\"target\":{\"@type\":\"EntryPoint\",\"urlTemplate\":\"https:\\\/\\\/aktuelles.uni-frankfurt.de\\\/?s={search_term_string}\"},\"query-input\":{\"@type\":\"PropertyValueSpecification\",\"valueRequired\":true,\"valueName\":\"search_term_string\"}}],\"inLanguage\":\"en-GB\"},{\"@type\":\"Organization\",\"@id\":\"https:\\\/\\\/aktuelles.uni-frankfurt.de\\\/#organization\",\"name\":\"Goethe-Universit\u00e4t\",\"url\":\"https:\\\/\\\/aktuelles.uni-frankfurt.de\\\/\",\"logo\":{\"@type\":\"ImageObject\",\"inLanguage\":\"en-GB\",\"@id\":\"https:\\\/\\\/aktuelles.uni-frankfurt.de\\\/#\\\/schema\\\/logo\\\/image\\\/\",\"url\":\"https:\\\/\\\/aktuelles.uni-frankfurt.de\\\/wp-content\\\/uploads\\\/2022\\\/03\\\/800px-Goethe-Logo.png\",\"contentUrl\":\"https:\\\/\\\/aktuelles.uni-frankfurt.de\\\/wp-content\\\/uploads\\\/2022\\\/03\\\/800px-Goethe-Logo.png\",\"width\":800,\"height\":436,\"caption\":\"Goethe-Universit\u00e4t\"},\"image\":{\"@id\":\"https:\\\/\\\/aktuelles.uni-frankfurt.de\\\/#\\\/schema\\\/logo\\\/image\\\/\"}},{\"@type\":\"Person\",\"@id\":\"https:\\\/\\\/aktuelles.uni-frankfurt.de\\\/#\\\/schema\\\/person\\\/8e55ea338fb65d1ce87a91565d1f1739\",\"name\":\"-\",\"description\":\"Dieser Beitrag wurde von der Online-Redaktion ver\u00f6ffentlicht. Wenn der Beitrag von einem Gastautoren verfasst wurde, findet sich dieser Hinweis am Ende des jeweiligen Artikels.\",\"sameAs\":[\"http:\\\/\\\/aktuelles.uni-frankfurt.de\\\/autoren\"],\"url\":\"https:\\\/\\\/aktuelles.uni-frankfurt.de\\\/en\\\/author\\\/redaktion\\\/\"}]}<\/script>\n<!-- \/ Yoast SEO plugin. -->","yoast_head_json":{"title":"Das neue Pr\u00e4sidium | Aktuelles aus der Goethe-Universit\u00e4t Frankfurt","robots":{"index":"index","follow":"follow","max-snippet":"max-snippet:-1","max-image-preview":"max-image-preview:large","max-video-preview":"max-video-preview:-1"},"canonical":"https:\/\/aktuelles.uni-frankfurt.de\/en\/hochschule\/das-neue-praesidium\/","og_locale":"en_GB","og_type":"article","og_title":"Das neue Pr\u00e4sidium | Aktuelles aus der Goethe-Universit\u00e4t Frankfurt","og_description":"Ende April votierte der Erweiterte Senat mehrheitlich f\u00fcr die Wahlvorschl\u00e4ge der neuen Pr\u00e4sidentin, Prof. Birgitta Wolff (3. v. l.). Die neuen Mitglieder sind bekannte wie neue Gesichter: Manfred Schubert-Zsilavecz (3. [&hellip;]","og_url":"https:\/\/aktuelles.uni-frankfurt.de\/en\/hochschule\/das-neue-praesidium\/","og_site_name":"Aktuelles aus der Goethe-Universit\u00e4t Frankfurt","article_published_time":"2015-05-29T12:02:48+00:00","article_modified_time":"2016-01-10T21:09:09+00:00","og_image":[{"width":700,"height":467,"url":"https:\/\/aktuelles.uni-frankfurt.de\/wp-content\/uploads\/2015\/05\/blog_unireport_praesidium.jpg","type":"image\/jpeg"}],"author":"-","twitter_card":"summary_large_image","twitter_misc":{"Written by":"-","Estimated reading time":"2 minutes"},"schema":{"@context":"https:\/\/schema.org","@graph":[{"@type":"Article","@id":"https:\/\/aktuelles.uni-frankfurt.de\/hochschule\/das-neue-praesidium\/#article","isPartOf":{"@id":"https:\/\/aktuelles.uni-frankfurt.de\/hochschule\/das-neue-praesidium\/"},"author":{"name":"-","@id":"https:\/\/aktuelles.uni-frankfurt.de\/#\/schema\/person\/8e55ea338fb65d1ce87a91565d1f1739"},"headline":"Das neue Pr\u00e4sidium","datePublished":"2015-05-29T12:02:48+00:00","dateModified":"2016-01-10T21:09:09+00:00","mainEntityOfPage":{"@id":"https:\/\/aktuelles.uni-frankfurt.de\/hochschule\/das-neue-praesidium\/"},"wordCount":499,"publisher":{"@id":"https:\/\/aktuelles.uni-frankfurt.de\/#organization"},"image":{"@id":"https:\/\/aktuelles.uni-frankfurt.de\/hochschule\/das-neue-praesidium\/#primaryimage"},"thumbnailUrl":"https:\/\/aktuelles.uni-frankfurt.de\/wp-content\/uploads\/2015\/05\/blog_unireport_praesidium.jpg","keywords":["UniReport"],"articleSection":["Hochschule"],"inLanguage":"en-GB"},{"@type":"WebPage","@id":"https:\/\/aktuelles.uni-frankfurt.de\/hochschule\/das-neue-praesidium\/","url":"https:\/\/aktuelles.uni-frankfurt.de\/hochschule\/das-neue-praesidium\/","name":"Das neue Pr\u00e4sidium | Aktuelles aus der Goethe-Universit\u00e4t Frankfurt","isPartOf":{"@id":"https:\/\/aktuelles.uni-frankfurt.de\/#website"},"primaryImageOfPage":{"@id":"https:\/\/aktuelles.uni-frankfurt.de\/hochschule\/das-neue-praesidium\/#primaryimage"},"image":{"@id":"https:\/\/aktuelles.uni-frankfurt.de\/hochschule\/das-neue-praesidium\/#primaryimage"},"thumbnailUrl":"https:\/\/aktuelles.uni-frankfurt.de\/wp-content\/uploads\/2015\/05\/blog_unireport_praesidium.jpg","datePublished":"2015-05-29T12:02:48+00:00","dateModified":"2016-01-10T21:09:09+00:00","breadcrumb":{"@id":"https:\/\/aktuelles.uni-frankfurt.de\/hochschule\/das-neue-praesidium\/#breadcrumb"},"inLanguage":"en-GB","potentialAction":[{"@type":"ReadAction","target":["https:\/\/aktuelles.uni-frankfurt.de\/hochschule\/das-neue-praesidium\/"]}]},{"@type":"ImageObject","inLanguage":"en-GB","@id":"https:\/\/aktuelles.uni-frankfurt.de\/hochschule\/das-neue-praesidium\/#primaryimage","url":"https:\/\/aktuelles.uni-frankfurt.de\/wp-content\/uploads\/2015\/05\/blog_unireport_praesidium.jpg","contentUrl":"https:\/\/aktuelles.uni-frankfurt.de\/wp-content\/uploads\/2015\/05\/blog_unireport_praesidium.jpg","width":700,"height":467,"caption":"Das neue Pr\u00e4sidium; Foto: Dettmar"},{"@type":"BreadcrumbList","@id":"https:\/\/aktuelles.uni-frankfurt.de\/hochschule\/das-neue-praesidium\/#breadcrumb","itemListElement":[{"@type":"ListItem","position":1,"name":"Startseite","item":"https:\/\/aktuelles.uni-frankfurt.de\/"},{"@type":"ListItem","position":2,"name":"Das neue Pr\u00e4sidium"}]},{"@type":"WebSite","@id":"https:\/\/aktuelles.uni-frankfurt.de\/#website","url":"https:\/\/aktuelles.uni-frankfurt.de\/","name":"Aktuelles aus der Goethe-Universit\u00e4t Frankfurt","description":"Aktuelles aus der Goethe-Universit\u00e4t | Neues aus Forschung, Lehre, Studium","publisher":{"@id":"https:\/\/aktuelles.uni-frankfurt.de\/#organization"},"potentialAction":[{"@type":"SearchAction","target":{"@type":"EntryPoint","urlTemplate":"https:\/\/aktuelles.uni-frankfurt.de\/?s={search_term_string}"},"query-input":{"@type":"PropertyValueSpecification","valueRequired":true,"valueName":"search_term_string"}}],"inLanguage":"en-GB"},{"@type":"Organization","@id":"https:\/\/aktuelles.uni-frankfurt.de\/#organization","name":"Goethe University Frankfurt","url":"https:\/\/aktuelles.uni-frankfurt.de\/","logo":{"@type":"ImageObject","inLanguage":"en-GB","@id":"https:\/\/aktuelles.uni-frankfurt.de\/#\/schema\/logo\/image\/","url":"https:\/\/aktuelles.uni-frankfurt.de\/wp-content\/uploads\/2022\/03\/800px-Goethe-Logo.png","contentUrl":"https:\/\/aktuelles.uni-frankfurt.de\/wp-content\/uploads\/2022\/03\/800px-Goethe-Logo.png","width":800,"height":436,"caption":"Goethe-Universit\u00e4t"},"image":{"@id":"https:\/\/aktuelles.uni-frankfurt.de\/#\/schema\/logo\/image\/"}},{"@type":"Person","@id":"https:\/\/aktuelles.uni-frankfurt.de\/#\/schema\/person\/8e55ea338fb65d1ce87a91565d1f1739","name":"-","description":"Dieser Beitrag wurde von der Online-Redaktion ver\u00f6ffentlicht. Wenn der Beitrag von einem Gastautoren verfasst wurde, findet sich dieser Hinweis am Ende des jeweiligen Artikels.","sameAs":["http:\/\/aktuelles.uni-frankfurt.de\/autoren"],"url":"https:\/\/aktuelles.uni-frankfurt.de\/en\/author\/redaktion\/"}]}},"_links":{"self":[{"href":"https:\/\/aktuelles.uni-frankfurt.de\/en\/wp-json\/wp\/v2\/posts\/668","targetHints":{"allow":["GET"]}}],"collection":[{"href":"https:\/\/aktuelles.uni-frankfurt.de\/en\/wp-json\/wp\/v2\/posts"}],"about":[{"href":"https:\/\/aktuelles.uni-frankfurt.de\/en\/wp-json\/wp\/v2\/types\/post"}],"author":[{"embeddable":true,"href":"https:\/\/aktuelles.uni-frankfurt.de\/en\/wp-json\/wp\/v2\/users\/8"}],"replies":[{"embeddable":true,"href":"https:\/\/aktuelles.uni-frankfurt.de\/en\/wp-json\/wp\/v2\/comments?post=668"}],"version-history":[{"count":0,"href":"https:\/\/aktuelles.uni-frankfurt.de\/en\/wp-json\/wp\/v2\/posts\/668\/revisions"}],"wp:featuredmedia":[{"embeddable":true,"href":"https:\/\/aktuelles.uni-frankfurt.de\/en\/wp-json\/wp\/v2\/media\/1428"}],"wp:attachment":[{"href":"https:\/\/aktuelles.uni-frankfurt.de\/en\/wp-json\/wp\/v2\/media?parent=668"}],"wp:term":[{"taxonomy":"category","embeddable":true,"href":"https:\/\/aktuelles.uni-frankfurt.de\/en\/wp-json\/wp\/v2\/categories?post=668"},{"taxonomy":"post_tag","embeddable":true,"href":"https:\/\/aktuelles.uni-frankfurt.de\/en\/wp-json\/wp\/v2\/tags?post=668"},{"taxonomy":"post_folder","embeddable":true,"href":"https:\/\/aktuelles.uni-frankfurt.de\/en\/wp-json\/wp\/v2\/post_folder?post=668"}],"curies":[{"name":"wp","href":"https:\/\/api.w.org\/{rel}","templated":true}]}}