{"id":67434,"date":"2023-02-03T09:05:07","date_gmt":"2023-02-03T08:05:07","guid":{"rendered":"https:\/\/aktuelles.uni-frankfurt.de\/?p=67434"},"modified":"2023-02-09T10:55:33","modified_gmt":"2023-02-09T09:55:33","slug":"institut-franco-allemand-de-sciences-historiques-et-sociales-wird-kuenftig-von-deutsch-franzoesischer-doppelspitze-geleitet","status":"publish","type":"post","link":"https:\/\/aktuelles.uni-frankfurt.de\/en\/hochschule\/institut-franco-allemand-de-sciences-historiques-et-sociales-wird-kuenftig-von-deutsch-franzoesischer-doppelspitze-geleitet\/","title":{"rendered":"Institut franco-allemand de sciences historiques et sociales wird k\u00fcnftig von deutsch-franz\u00f6sischer Doppelspitze geleitet"},"content":{"rendered":"<p><strong>Das Institut franco-allemand de sciences historiques et sociales (Deutsch-franz\u00f6sisches Institut f\u00fcr Geschichts- und Sozialwissenschaften) hat eine neue Leitung: Nach elf Jahren hat Prof. Pierre Monnet den Stab in die H\u00e4nde der Historikerin Prof. Xenia von Tippelskirch und des Historikers Dr. habil. Falk Bretschneider \u00fcbergeben. &nbsp;<\/strong><\/p>\n\n\n\n<figure class=\"wp-block-image alignright size-full is-resized\"><a href=\"https:\/\/aktuelles.uni-frankfurt.de\/wp-content\/uploads\/2023\/02\/Bild_Institut-franco-allemand-3.jpg\"><img fetchpriority=\"high\" decoding=\"async\" src=\"https:\/\/aktuelles.uni-frankfurt.de\/wp-content\/uploads\/2023\/02\/Bild_Institut-franco-allemand-3.jpg\" alt=\"\" class=\"wp-image-67436\" width=\"488\" height=\"325\" srcset=\"https:\/\/aktuelles.uni-frankfurt.de\/wp-content\/uploads\/2023\/02\/Bild_Institut-franco-allemand-3.jpg 650w, https:\/\/aktuelles.uni-frankfurt.de\/wp-content\/uploads\/2023\/02\/Bild_Institut-franco-allemand-3-300x200.jpg 300w, https:\/\/aktuelles.uni-frankfurt.de\/wp-content\/uploads\/2023\/02\/Bild_Institut-franco-allemand-3-18x12.jpg 18w\" sizes=\"(max-width: 488px) 100vw, 488px\" \/><\/a><figcaption class=\"wp-element-caption\">Die neue Doppelspitze mit ihrem Amtsvorg\u00e4nger: Falk Bretschneider und Xenia von Tippelskirch mit Pierre Monnet (Mitte). (Foto: J\u00fcrgen Lecher)<\/figcaption><\/figure>\n\n\n\n<p>\u201eFrankreich ist Ihnen zu gro\u00dfem Dank verpflichtet\u201c: Um das zu sagen, war der franz\u00f6sische Botschafter S.E. Fran\u00e7ois Delattre eigens aus Berlin angereist. Seine Worte galten Prof. Pierre Monnet, dem scheidenden Leiter des Institut franco-allemand de sciences historiques et sociales (IFRA-SHS \/ Institut fran\u00e7ais Frankfurt). Bei einer Feier im Trude Simonsohn und Irmgard Heydorn-Saal auf dem Campus Westend wurde Monnet verabschiedet, die neue Doppelspitze vorgestellt. K\u00fcnftig werden Prof. Xenia von Tippelskirch und Dr. habil Falk Bretschneider, beide Geschichtswissenschaftler, die Geschicke des Instituts lenken.<\/p>\n\n\n\n<p>Der Mittelalter-Historiker <strong>Pierre Monnet<\/strong> war von 2011 bis 2022 Direktor des Instituts, das zun\u00e4chst Institut fran\u00e7ais d\u2019histoire en Allemagne hie\u00df, 2015 dann zum Institut franco-allemand de science historiques et sociales wurde. 2013 erhielt Monnet eine Kooperationsprofessur an der Goethe-Universit\u00e4t. Seit 2005 bereits hatte er eine Professur an der \u00c9cole des hautes \u00e9tudes en sciences sociales (EHESS) inne. Unter Monnets Leitung wurden sowohl die wissenschaftlichen Projekte und Netzwerke des Instituts weiterentwickelt als auch die Wirkung in die Frankfurter Stadtgesellschaft verst\u00e4rkt mit Formaten wie dem \u201eCaf\u00e9 Europa\u201c in der Romanfabrik und den EuropaDialogen im Rahmen des Forschungskollegs Humanwissenschaften. Die Vertiefung und Verdichtung der deutsch-franz\u00f6sischen Zusammenarbeit habe sich wie ein roter Faden durch Monnets Amtszeit gezogen, fasste Prof. Christophe Duhamelle, Direktor des Centre interdisciplinaire d&#8217;\u00e9tudes et de recherches sur l&#8217;Allemagne Paris, das Wirken Monnets in seiner Laudatio zusammen.<\/p>\n\n\n\n<figure class=\"wp-block-image aligncenter size-full\"><a href=\"https:\/\/aktuelles.uni-frankfurt.de\/wp-content\/uploads\/2023\/02\/Bild_Institut-franco-allemand-2.jpg\"><img decoding=\"async\" width=\"650\" height=\"433\" src=\"https:\/\/aktuelles.uni-frankfurt.de\/wp-content\/uploads\/2023\/02\/Bild_Institut-franco-allemand-2.jpg\" alt=\"\" class=\"wp-image-67438\" srcset=\"https:\/\/aktuelles.uni-frankfurt.de\/wp-content\/uploads\/2023\/02\/Bild_Institut-franco-allemand-2.jpg 650w, https:\/\/aktuelles.uni-frankfurt.de\/wp-content\/uploads\/2023\/02\/Bild_Institut-franco-allemand-2-300x200.jpg 300w, https:\/\/aktuelles.uni-frankfurt.de\/wp-content\/uploads\/2023\/02\/Bild_Institut-franco-allemand-2-18x12.jpg 18w\" sizes=\"(max-width: 650px) 100vw, 650px\" \/><\/a><figcaption class=\"wp-element-caption\">Matthieu Osmont, Direktor des Institut fran\u00e7ais Bonn und Attach\u00e9 der frz. Botschaft, Dr. Leopoldo Iribarren. Vizepr\u00e4sident Internationales der \u00c9cole des hauts \u00e9tudes en sciences sociales Paris, S.E. Fran\u00e7ois Delattre, franz\u00f6sischer Botschafter in Deutschland, Prof. Xenia von Tippelskirch, Prof. Pierre Monnet, Unipr\u00e4sident Prof. Enrico Schleiff, Ilde Gorguet, frz. Generalkonsulin Frankfurt, Dr. habil. Falk Bretschneider, Prof. Rainer Maria Kiesow, Vizepr\u00e4sident Forschung der \u00c9cole des hautes \u00e9tudes en sciences sociales. (Foto: J\u00fcrgen Lecher)<\/figcaption><\/figure>\n\n\n\n<div style=\"height:20px\" aria-hidden=\"true\" class=\"wp-block-spacer\"><\/div>\n\n\n\n<p>\u201eDie Goethe-Universit\u00e4t dankt Herrn Monnet f\u00fcr sein langj\u00e4hriges Engagement beim Aufbau des IFRA und w\u00fcnscht der neuen deutsch-franz\u00f6sischen Doppelspitze, die das Institut in die Zukunft f\u00fchren wird, viel Ehrgeiz, Energie und Erfolg bei der Umsetzung ihrer Vorhaben. Das IFRA ist unser klares Bekenntnis zur deutsch-franz\u00f6sischen Wissenschaftskooperation und zur strategischen Partnerschaft mit der EHESS. Durch die Forschungsschwerpunkte des IFRA ergeben sich Synergien mit universit\u00e4tsweit verfolgten Themen der Goethe-Universit\u00e4t und im Rahmen der Rhein-Main-Universit\u00e4tsallianz und in Frankreich\u201c, sagte Universit\u00e4tspr\u00e4sident Prof. Dr. Enrico Schleiff und erg\u00e4nzte: \u201eUnser Tun hat starke Signalwirkung und wird positive Entwicklungen im Europ\u00e4ischen Forschungsraum f\u00f6rdern.\u201c<\/p>\n\n\n\n<p>Das IFRA-SHS \/ Institut fran\u00e7ais Frankfurt ist eine deutsch-franz\u00f6sische Einrichtung, die vom franz\u00f6sischen Au\u00dfen- und Europaministerium (MEAE), der Goethe-Universit\u00e4t und der \u00c9cole des hautes \u00e9tudes en sciences sociales (EHESS) Paris getragen wird. Es erf\u00fcllt einerseits Forschungsaufgaben und f\u00f6rdert den wissenschaftlichen Austausch zwischen Deutschland und Frankreich im Bereich der Geistes-und Sozialwissenschaften, ist andererseits aber auch als Institut fran\u00e7ais Frankfurt ein franz\u00f6sisches Kulturinstitut, das sich mit einem reichhaltigen Kulturprogramm ganzj\u00e4hrig an ein breites Publikum wendet. Mit seiner deutsch-franz\u00f6sischen Direktion, seinem internationalen Team und seinem dichten Netz an Kooperationspartnern ist es ein wichtiger Bestandteil des deutsch-franz\u00f6sischen sowie europ\u00e4ischen Wissenschaftsaustauschs und der interkulturellen Zusammenarbeit.<\/p>\n\n\n\n<p>Nachdem der bisherige Direktor Pierre Monnet von der franz\u00f6sischen EHESS aus abgeordnet worden war, teilen sich k\u00fcnftig Falk Bretschneider von der EHESS und Xenia von Tippelskirch von der Goethe-Universit\u00e4t die Verantwortung f\u00fcr das Institut.<\/p>\n\n\n\n<figure class=\"wp-block-image alignright size-full is-resized\"><a href=\"https:\/\/aktuelles.uni-frankfurt.de\/wp-content\/uploads\/2023\/02\/Bild_Institut-franco-allemand-1.jpg\"><img decoding=\"async\" src=\"https:\/\/aktuelles.uni-frankfurt.de\/wp-content\/uploads\/2023\/02\/Bild_Institut-franco-allemand-1.jpg\" alt=\"\" class=\"wp-image-67437\" width=\"488\" height=\"325\" srcset=\"https:\/\/aktuelles.uni-frankfurt.de\/wp-content\/uploads\/2023\/02\/Bild_Institut-franco-allemand-1.jpg 650w, https:\/\/aktuelles.uni-frankfurt.de\/wp-content\/uploads\/2023\/02\/Bild_Institut-franco-allemand-1-300x200.jpg 300w, https:\/\/aktuelles.uni-frankfurt.de\/wp-content\/uploads\/2023\/02\/Bild_Institut-franco-allemand-1-18x12.jpg 18w\" sizes=\"(max-width: 488px) 100vw, 488px\" \/><\/a><figcaption class=\"wp-element-caption\">Die neue Doppelspitze des Institut franco-allemand: Falk Bretschneider und Xenia von Tippelskirch. (Foto: J\u00fcrgen Lecher)<\/figcaption><\/figure>\n\n\n\n<p><strong>Xenia von Tippelskirch<\/strong>, Jahrgang 1971, arbeitet seit Ende 2022 als Professorin f\u00fcr Geschichtswissenschaften an der Goethe-Universit\u00e4t. Ihr Schwerpunkt ist die Kultur- und Religionsgeschichte der Fr\u00fchen Neuzeit, insbesondere hat sie zu Fr\u00f6mmigkeitspraktiken und Wissenstransfer zwischen Frankreich und dem Alten Reich gearbeitet. <strong>Falk Bretschneider<\/strong>, Jahrgang 1974, lebt und arbeitet seit vielen Jahren in Frankreich und befasst sich in seiner Forschung vor allem mit der Geschichte des Alten Reichs sowie mit der Geschichte der fr\u00fchneuzeitlichen Strafjustiz. Sowohl Tippelskirch als auch Bretschneider sind seit langem in der deutsch-franz\u00f6sischen Wissenschaftskooperation engagiert, u.a. bei der Leitung des Deutsch-Franz\u00f6sischen Doktorandenkollegs \u201eUnterschiede denken\u201c, dessen Partner zuk\u00fcnftig auch die Goethe-Universit\u00e4t werden soll. Unter ihrer Leitung werden zwei zentrale Forschungsachsen die Arbeit des IFRA-SHS in den kommenden Jahren bestimmen: Das Verbundprojekt \u201eDynamiken des Religi\u00f6sen\u201c und das Projekt \u201eImperiale R\u00e4ume\u201c. Daneben gibt es zahlreiche weitere Projekte am Institut, viele davon werden mit Partnereinrichtungen in Deutschland oder Frankreich durchgef\u00fchrt.<\/p>\n\n\n\n<p>Bei der Feier im Casinogeb\u00e4ude waren rund 90 G\u00e4ste anwesend, darunter zahlreiche Forscherinnen und Forscher aus der Universit\u00e4t, aber auch etliche Frankfurter Kulturschaffende.<\/p>\n\n\n\n<div style=\"height:20px\" aria-hidden=\"true\" class=\"wp-block-spacer\"><\/div>\n\n\n\n<p class=\"has-text-align-center\"><em>View this article in: <a href=\"https:\/\/aktuelles.uni-frankfurt.de\/hochschulstrategie\/institut-franco-allemand-de-sciences-historiques-et-sociales-wird-kuenftig-von-deutsch-franzoesischer-doppelspitze-geleitet\/\">Deutsch<\/a> | <a href=\"https:\/\/aktuelles.uni-frankfurt.de\/english\/franco-german-research-as-an-expression-of-franco-german-friendship\/\">English<\/a><\/em><\/p>","protected":false},"excerpt":{"rendered":"<p>Das Institut franco-allemand de sciences historiques et sociales (Deutsch-franz\u00f6sisches Institut f\u00fcr Geschichts- und Sozialwissenschaften) hat eine neue Leitung: Nach elf Jahren hat Prof. Pierre Monnet den Stab in die H\u00e4nde [&hellip;]<\/p>\n","protected":false},"author":8,"featured_media":67435,"comment_status":"closed","ping_status":"closed","sticky":false,"template":"","format":"standard","meta":{"_eb_attr":"","_price":"","_stock":"","_tribe_ticket_header":"","_tribe_default_ticket_provider":"","_ticket_start_date":"","_ticket_end_date":"","_tribe_ticket_show_description":"","_tribe_ticket_show_not_going":false,"_tribe_ticket_use_global_stock":"","_tribe_ticket_global_stock_level":"","_global_stock_mode":"","_global_stock_cap":"","_tribe_rsvp_for_event":"","_tribe_ticket_going_count":"","_tribe_ticket_not_going_count":"","_tribe_tickets_list":"[]","_tribe_ticket_has_attendee_info_fields":false,"footnotes":""},"categories":[8],"tags":[27],"post_folder":[],"class_list":["post-67434","post","type-post","status-publish","format-standard","has-post-thumbnail","hentry","category-hochschule","tag-internationales"],"yoast_head":"<!-- This site is optimized with the Yoast SEO plugin v27.5 - https:\/\/yoast.com\/product\/yoast-seo-wordpress\/ -->\n<title>Institut franco-allemand de sciences historiques et sociales wird k\u00fcnftig von deutsch-franz\u00f6sischer Doppelspitze geleitet | Aktuelles aus der Goethe-Universit\u00e4t Frankfurt<\/title>\n<meta name=\"robots\" content=\"index, follow, max-snippet:-1, max-image-preview:large, max-video-preview:-1\" \/>\n<link rel=\"canonical\" href=\"https:\/\/aktuelles.uni-frankfurt.de\/en\/hochschule\/institut-franco-allemand-de-sciences-historiques-et-sociales-wird-kuenftig-von-deutsch-franzoesischer-doppelspitze-geleitet\/\" \/>\n<meta property=\"og:locale\" content=\"en_GB\" \/>\n<meta property=\"og:type\" content=\"article\" \/>\n<meta property=\"og:title\" content=\"Institut franco-allemand de sciences historiques et sociales wird k\u00fcnftig von deutsch-franz\u00f6sischer Doppelspitze geleitet | Aktuelles aus der Goethe-Universit\u00e4t Frankfurt\" \/>\n<meta property=\"og:description\" content=\"Das Institut franco-allemand de sciences historiques et sociales (Deutsch-franz\u00f6sisches Institut f\u00fcr Geschichts- und Sozialwissenschaften) hat eine neue Leitung: Nach elf Jahren hat Prof. Pierre Monnet den Stab in die H\u00e4nde [&hellip;]\" \/>\n<meta property=\"og:url\" content=\"https:\/\/aktuelles.uni-frankfurt.de\/en\/hochschule\/institut-franco-allemand-de-sciences-historiques-et-sociales-wird-kuenftig-von-deutsch-franzoesischer-doppelspitze-geleitet\/\" \/>\n<meta property=\"og:site_name\" content=\"Aktuelles aus der Goethe-Universit\u00e4t Frankfurt\" \/>\n<meta property=\"article:published_time\" content=\"2023-02-03T08:05:07+00:00\" \/>\n<meta property=\"article:modified_time\" content=\"2023-02-09T09:55:33+00:00\" \/>\n<meta property=\"og:image\" content=\"https:\/\/aktuelles.uni-frankfurt.de\/wp-content\/uploads\/2023\/02\/Beitragsbild_Institut-franco-allemand.jpg\" \/>\n\t<meta property=\"og:image:width\" content=\"650\" \/>\n\t<meta property=\"og:image:height\" content=\"450\" \/>\n\t<meta property=\"og:image:type\" content=\"image\/jpeg\" \/>\n<meta name=\"author\" content=\"-\" \/>\n<meta name=\"twitter:card\" content=\"summary_large_image\" \/>\n<meta name=\"twitter:label1\" content=\"Written by\" \/>\n\t<meta name=\"twitter:data1\" content=\"-\" \/>\n\t<meta name=\"twitter:label2\" content=\"Estimated reading time\" \/>\n\t<meta name=\"twitter:data2\" content=\"4 minutes\" \/>\n<script type=\"application\/ld+json\" class=\"yoast-schema-graph\">{\"@context\":\"https:\\\/\\\/schema.org\",\"@graph\":[{\"@type\":\"Article\",\"@id\":\"https:\\\/\\\/aktuelles.uni-frankfurt.de\\\/hochschule\\\/institut-franco-allemand-de-sciences-historiques-et-sociales-wird-kuenftig-von-deutsch-franzoesischer-doppelspitze-geleitet\\\/#article\",\"isPartOf\":{\"@id\":\"https:\\\/\\\/aktuelles.uni-frankfurt.de\\\/hochschule\\\/institut-franco-allemand-de-sciences-historiques-et-sociales-wird-kuenftig-von-deutsch-franzoesischer-doppelspitze-geleitet\\\/\"},\"author\":{\"name\":\"-\",\"@id\":\"https:\\\/\\\/aktuelles.uni-frankfurt.de\\\/#\\\/schema\\\/person\\\/8e55ea338fb65d1ce87a91565d1f1739\"},\"headline\":\"Institut franco-allemand de sciences historiques et sociales wird k\u00fcnftig von deutsch-franz\u00f6sischer Doppelspitze geleitet\",\"datePublished\":\"2023-02-03T08:05:07+00:00\",\"dateModified\":\"2023-02-09T09:55:33+00:00\",\"mainEntityOfPage\":{\"@id\":\"https:\\\/\\\/aktuelles.uni-frankfurt.de\\\/hochschule\\\/institut-franco-allemand-de-sciences-historiques-et-sociales-wird-kuenftig-von-deutsch-franzoesischer-doppelspitze-geleitet\\\/\"},\"wordCount\":852,\"publisher\":{\"@id\":\"https:\\\/\\\/aktuelles.uni-frankfurt.de\\\/#organization\"},\"image\":{\"@id\":\"https:\\\/\\\/aktuelles.uni-frankfurt.de\\\/hochschule\\\/institut-franco-allemand-de-sciences-historiques-et-sociales-wird-kuenftig-von-deutsch-franzoesischer-doppelspitze-geleitet\\\/#primaryimage\"},\"thumbnailUrl\":\"https:\\\/\\\/aktuelles.uni-frankfurt.de\\\/wp-content\\\/uploads\\\/2023\\\/02\\\/Beitragsbild_Institut-franco-allemand.jpg\",\"keywords\":[\"Internationales\"],\"articleSection\":[\"Hochschule\"],\"inLanguage\":\"en-GB\"},{\"@type\":\"WebPage\",\"@id\":\"https:\\\/\\\/aktuelles.uni-frankfurt.de\\\/hochschule\\\/institut-franco-allemand-de-sciences-historiques-et-sociales-wird-kuenftig-von-deutsch-franzoesischer-doppelspitze-geleitet\\\/\",\"url\":\"https:\\\/\\\/aktuelles.uni-frankfurt.de\\\/hochschule\\\/institut-franco-allemand-de-sciences-historiques-et-sociales-wird-kuenftig-von-deutsch-franzoesischer-doppelspitze-geleitet\\\/\",\"name\":\"Institut franco-allemand de sciences historiques et sociales wird k\u00fcnftig von deutsch-franz\u00f6sischer Doppelspitze geleitet | Aktuelles aus der Goethe-Universit\u00e4t Frankfurt\",\"isPartOf\":{\"@id\":\"https:\\\/\\\/aktuelles.uni-frankfurt.de\\\/#website\"},\"primaryImageOfPage\":{\"@id\":\"https:\\\/\\\/aktuelles.uni-frankfurt.de\\\/hochschule\\\/institut-franco-allemand-de-sciences-historiques-et-sociales-wird-kuenftig-von-deutsch-franzoesischer-doppelspitze-geleitet\\\/#primaryimage\"},\"image\":{\"@id\":\"https:\\\/\\\/aktuelles.uni-frankfurt.de\\\/hochschule\\\/institut-franco-allemand-de-sciences-historiques-et-sociales-wird-kuenftig-von-deutsch-franzoesischer-doppelspitze-geleitet\\\/#primaryimage\"},\"thumbnailUrl\":\"https:\\\/\\\/aktuelles.uni-frankfurt.de\\\/wp-content\\\/uploads\\\/2023\\\/02\\\/Beitragsbild_Institut-franco-allemand.jpg\",\"datePublished\":\"2023-02-03T08:05:07+00:00\",\"dateModified\":\"2023-02-09T09:55:33+00:00\",\"breadcrumb\":{\"@id\":\"https:\\\/\\\/aktuelles.uni-frankfurt.de\\\/hochschule\\\/institut-franco-allemand-de-sciences-historiques-et-sociales-wird-kuenftig-von-deutsch-franzoesischer-doppelspitze-geleitet\\\/#breadcrumb\"},\"inLanguage\":\"en-GB\",\"potentialAction\":[{\"@type\":\"ReadAction\",\"target\":[\"https:\\\/\\\/aktuelles.uni-frankfurt.de\\\/hochschule\\\/institut-franco-allemand-de-sciences-historiques-et-sociales-wird-kuenftig-von-deutsch-franzoesischer-doppelspitze-geleitet\\\/\"]}]},{\"@type\":\"ImageObject\",\"inLanguage\":\"en-GB\",\"@id\":\"https:\\\/\\\/aktuelles.uni-frankfurt.de\\\/hochschule\\\/institut-franco-allemand-de-sciences-historiques-et-sociales-wird-kuenftig-von-deutsch-franzoesischer-doppelspitze-geleitet\\\/#primaryimage\",\"url\":\"https:\\\/\\\/aktuelles.uni-frankfurt.de\\\/wp-content\\\/uploads\\\/2023\\\/02\\\/Beitragsbild_Institut-franco-allemand.jpg\",\"contentUrl\":\"https:\\\/\\\/aktuelles.uni-frankfurt.de\\\/wp-content\\\/uploads\\\/2023\\\/02\\\/Beitragsbild_Institut-franco-allemand.jpg\",\"width\":650,\"height\":450},{\"@type\":\"BreadcrumbList\",\"@id\":\"https:\\\/\\\/aktuelles.uni-frankfurt.de\\\/hochschule\\\/institut-franco-allemand-de-sciences-historiques-et-sociales-wird-kuenftig-von-deutsch-franzoesischer-doppelspitze-geleitet\\\/#breadcrumb\",\"itemListElement\":[{\"@type\":\"ListItem\",\"position\":1,\"name\":\"Startseite\",\"item\":\"https:\\\/\\\/aktuelles.uni-frankfurt.de\\\/\"},{\"@type\":\"ListItem\",\"position\":2,\"name\":\"Institut franco-allemand de sciences historiques et sociales wird k\u00fcnftig von deutsch-franz\u00f6sischer Doppelspitze geleitet\"}]},{\"@type\":\"WebSite\",\"@id\":\"https:\\\/\\\/aktuelles.uni-frankfurt.de\\\/#website\",\"url\":\"https:\\\/\\\/aktuelles.uni-frankfurt.de\\\/\",\"name\":\"Aktuelles aus der Goethe-Universit\u00e4t Frankfurt\",\"description\":\"Aktuelles aus der Goethe-Universit\u00e4t | Neues aus Forschung, Lehre, Studium\",\"publisher\":{\"@id\":\"https:\\\/\\\/aktuelles.uni-frankfurt.de\\\/#organization\"},\"potentialAction\":[{\"@type\":\"SearchAction\",\"target\":{\"@type\":\"EntryPoint\",\"urlTemplate\":\"https:\\\/\\\/aktuelles.uni-frankfurt.de\\\/?s={search_term_string}\"},\"query-input\":{\"@type\":\"PropertyValueSpecification\",\"valueRequired\":true,\"valueName\":\"search_term_string\"}}],\"inLanguage\":\"en-GB\"},{\"@type\":\"Organization\",\"@id\":\"https:\\\/\\\/aktuelles.uni-frankfurt.de\\\/#organization\",\"name\":\"Goethe-Universit\u00e4t\",\"url\":\"https:\\\/\\\/aktuelles.uni-frankfurt.de\\\/\",\"logo\":{\"@type\":\"ImageObject\",\"inLanguage\":\"en-GB\",\"@id\":\"https:\\\/\\\/aktuelles.uni-frankfurt.de\\\/#\\\/schema\\\/logo\\\/image\\\/\",\"url\":\"https:\\\/\\\/aktuelles.uni-frankfurt.de\\\/wp-content\\\/uploads\\\/2022\\\/03\\\/800px-Goethe-Logo.png\",\"contentUrl\":\"https:\\\/\\\/aktuelles.uni-frankfurt.de\\\/wp-content\\\/uploads\\\/2022\\\/03\\\/800px-Goethe-Logo.png\",\"width\":800,\"height\":436,\"caption\":\"Goethe-Universit\u00e4t\"},\"image\":{\"@id\":\"https:\\\/\\\/aktuelles.uni-frankfurt.de\\\/#\\\/schema\\\/logo\\\/image\\\/\"}},{\"@type\":\"Person\",\"@id\":\"https:\\\/\\\/aktuelles.uni-frankfurt.de\\\/#\\\/schema\\\/person\\\/8e55ea338fb65d1ce87a91565d1f1739\",\"name\":\"-\",\"description\":\"Dieser Beitrag wurde von der Online-Redaktion ver\u00f6ffentlicht. Wenn der Beitrag von einem Gastautoren verfasst wurde, findet sich dieser Hinweis am Ende des jeweiligen Artikels.\",\"sameAs\":[\"http:\\\/\\\/aktuelles.uni-frankfurt.de\\\/autoren\"],\"url\":\"https:\\\/\\\/aktuelles.uni-frankfurt.de\\\/en\\\/author\\\/redaktion\\\/\"}]}<\/script>\n<!-- \/ Yoast SEO plugin. -->","yoast_head_json":{"title":"Institut franco-allemand de sciences historiques et sociales wird k\u00fcnftig von deutsch-franz\u00f6sischer Doppelspitze geleitet | Aktuelles aus der Goethe-Universit\u00e4t Frankfurt","robots":{"index":"index","follow":"follow","max-snippet":"max-snippet:-1","max-image-preview":"max-image-preview:large","max-video-preview":"max-video-preview:-1"},"canonical":"https:\/\/aktuelles.uni-frankfurt.de\/en\/hochschule\/institut-franco-allemand-de-sciences-historiques-et-sociales-wird-kuenftig-von-deutsch-franzoesischer-doppelspitze-geleitet\/","og_locale":"en_GB","og_type":"article","og_title":"Institut franco-allemand de sciences historiques et sociales wird k\u00fcnftig von deutsch-franz\u00f6sischer Doppelspitze geleitet | Aktuelles aus der Goethe-Universit\u00e4t Frankfurt","og_description":"Das Institut franco-allemand de sciences historiques et sociales (Deutsch-franz\u00f6sisches Institut f\u00fcr Geschichts- und Sozialwissenschaften) hat eine neue Leitung: Nach elf Jahren hat Prof. Pierre Monnet den Stab in die H\u00e4nde [&hellip;]","og_url":"https:\/\/aktuelles.uni-frankfurt.de\/en\/hochschule\/institut-franco-allemand-de-sciences-historiques-et-sociales-wird-kuenftig-von-deutsch-franzoesischer-doppelspitze-geleitet\/","og_site_name":"Aktuelles aus der Goethe-Universit\u00e4t Frankfurt","article_published_time":"2023-02-03T08:05:07+00:00","article_modified_time":"2023-02-09T09:55:33+00:00","og_image":[{"width":650,"height":450,"url":"https:\/\/aktuelles.uni-frankfurt.de\/wp-content\/uploads\/2023\/02\/Beitragsbild_Institut-franco-allemand.jpg","type":"image\/jpeg"}],"author":"-","twitter_card":"summary_large_image","twitter_misc":{"Written by":"-","Estimated reading time":"4 minutes"},"schema":{"@context":"https:\/\/schema.org","@graph":[{"@type":"Article","@id":"https:\/\/aktuelles.uni-frankfurt.de\/hochschule\/institut-franco-allemand-de-sciences-historiques-et-sociales-wird-kuenftig-von-deutsch-franzoesischer-doppelspitze-geleitet\/#article","isPartOf":{"@id":"https:\/\/aktuelles.uni-frankfurt.de\/hochschule\/institut-franco-allemand-de-sciences-historiques-et-sociales-wird-kuenftig-von-deutsch-franzoesischer-doppelspitze-geleitet\/"},"author":{"name":"-","@id":"https:\/\/aktuelles.uni-frankfurt.de\/#\/schema\/person\/8e55ea338fb65d1ce87a91565d1f1739"},"headline":"Institut franco-allemand de sciences historiques et sociales wird k\u00fcnftig von deutsch-franz\u00f6sischer Doppelspitze geleitet","datePublished":"2023-02-03T08:05:07+00:00","dateModified":"2023-02-09T09:55:33+00:00","mainEntityOfPage":{"@id":"https:\/\/aktuelles.uni-frankfurt.de\/hochschule\/institut-franco-allemand-de-sciences-historiques-et-sociales-wird-kuenftig-von-deutsch-franzoesischer-doppelspitze-geleitet\/"},"wordCount":852,"publisher":{"@id":"https:\/\/aktuelles.uni-frankfurt.de\/#organization"},"image":{"@id":"https:\/\/aktuelles.uni-frankfurt.de\/hochschule\/institut-franco-allemand-de-sciences-historiques-et-sociales-wird-kuenftig-von-deutsch-franzoesischer-doppelspitze-geleitet\/#primaryimage"},"thumbnailUrl":"https:\/\/aktuelles.uni-frankfurt.de\/wp-content\/uploads\/2023\/02\/Beitragsbild_Institut-franco-allemand.jpg","keywords":["Internationales"],"articleSection":["Hochschule"],"inLanguage":"en-GB"},{"@type":"WebPage","@id":"https:\/\/aktuelles.uni-frankfurt.de\/hochschule\/institut-franco-allemand-de-sciences-historiques-et-sociales-wird-kuenftig-von-deutsch-franzoesischer-doppelspitze-geleitet\/","url":"https:\/\/aktuelles.uni-frankfurt.de\/hochschule\/institut-franco-allemand-de-sciences-historiques-et-sociales-wird-kuenftig-von-deutsch-franzoesischer-doppelspitze-geleitet\/","name":"Institut franco-allemand de sciences historiques et sociales wird k\u00fcnftig von deutsch-franz\u00f6sischer Doppelspitze geleitet | Aktuelles aus der Goethe-Universit\u00e4t Frankfurt","isPartOf":{"@id":"https:\/\/aktuelles.uni-frankfurt.de\/#website"},"primaryImageOfPage":{"@id":"https:\/\/aktuelles.uni-frankfurt.de\/hochschule\/institut-franco-allemand-de-sciences-historiques-et-sociales-wird-kuenftig-von-deutsch-franzoesischer-doppelspitze-geleitet\/#primaryimage"},"image":{"@id":"https:\/\/aktuelles.uni-frankfurt.de\/hochschule\/institut-franco-allemand-de-sciences-historiques-et-sociales-wird-kuenftig-von-deutsch-franzoesischer-doppelspitze-geleitet\/#primaryimage"},"thumbnailUrl":"https:\/\/aktuelles.uni-frankfurt.de\/wp-content\/uploads\/2023\/02\/Beitragsbild_Institut-franco-allemand.jpg","datePublished":"2023-02-03T08:05:07+00:00","dateModified":"2023-02-09T09:55:33+00:00","breadcrumb":{"@id":"https:\/\/aktuelles.uni-frankfurt.de\/hochschule\/institut-franco-allemand-de-sciences-historiques-et-sociales-wird-kuenftig-von-deutsch-franzoesischer-doppelspitze-geleitet\/#breadcrumb"},"inLanguage":"en-GB","potentialAction":[{"@type":"ReadAction","target":["https:\/\/aktuelles.uni-frankfurt.de\/hochschule\/institut-franco-allemand-de-sciences-historiques-et-sociales-wird-kuenftig-von-deutsch-franzoesischer-doppelspitze-geleitet\/"]}]},{"@type":"ImageObject","inLanguage":"en-GB","@id":"https:\/\/aktuelles.uni-frankfurt.de\/hochschule\/institut-franco-allemand-de-sciences-historiques-et-sociales-wird-kuenftig-von-deutsch-franzoesischer-doppelspitze-geleitet\/#primaryimage","url":"https:\/\/aktuelles.uni-frankfurt.de\/wp-content\/uploads\/2023\/02\/Beitragsbild_Institut-franco-allemand.jpg","contentUrl":"https:\/\/aktuelles.uni-frankfurt.de\/wp-content\/uploads\/2023\/02\/Beitragsbild_Institut-franco-allemand.jpg","width":650,"height":450},{"@type":"BreadcrumbList","@id":"https:\/\/aktuelles.uni-frankfurt.de\/hochschule\/institut-franco-allemand-de-sciences-historiques-et-sociales-wird-kuenftig-von-deutsch-franzoesischer-doppelspitze-geleitet\/#breadcrumb","itemListElement":[{"@type":"ListItem","position":1,"name":"Startseite","item":"https:\/\/aktuelles.uni-frankfurt.de\/"},{"@type":"ListItem","position":2,"name":"Institut franco-allemand de sciences historiques et sociales wird k\u00fcnftig von deutsch-franz\u00f6sischer Doppelspitze geleitet"}]},{"@type":"WebSite","@id":"https:\/\/aktuelles.uni-frankfurt.de\/#website","url":"https:\/\/aktuelles.uni-frankfurt.de\/","name":"Aktuelles aus der Goethe-Universit\u00e4t Frankfurt","description":"Aktuelles aus der Goethe-Universit\u00e4t | Neues aus Forschung, Lehre, Studium","publisher":{"@id":"https:\/\/aktuelles.uni-frankfurt.de\/#organization"},"potentialAction":[{"@type":"SearchAction","target":{"@type":"EntryPoint","urlTemplate":"https:\/\/aktuelles.uni-frankfurt.de\/?s={search_term_string}"},"query-input":{"@type":"PropertyValueSpecification","valueRequired":true,"valueName":"search_term_string"}}],"inLanguage":"en-GB"},{"@type":"Organization","@id":"https:\/\/aktuelles.uni-frankfurt.de\/#organization","name":"Goethe University Frankfurt","url":"https:\/\/aktuelles.uni-frankfurt.de\/","logo":{"@type":"ImageObject","inLanguage":"en-GB","@id":"https:\/\/aktuelles.uni-frankfurt.de\/#\/schema\/logo\/image\/","url":"https:\/\/aktuelles.uni-frankfurt.de\/wp-content\/uploads\/2022\/03\/800px-Goethe-Logo.png","contentUrl":"https:\/\/aktuelles.uni-frankfurt.de\/wp-content\/uploads\/2022\/03\/800px-Goethe-Logo.png","width":800,"height":436,"caption":"Goethe-Universit\u00e4t"},"image":{"@id":"https:\/\/aktuelles.uni-frankfurt.de\/#\/schema\/logo\/image\/"}},{"@type":"Person","@id":"https:\/\/aktuelles.uni-frankfurt.de\/#\/schema\/person\/8e55ea338fb65d1ce87a91565d1f1739","name":"-","description":"Dieser Beitrag wurde von der Online-Redaktion ver\u00f6ffentlicht. Wenn der Beitrag von einem Gastautoren verfasst wurde, findet sich dieser Hinweis am Ende des jeweiligen Artikels.","sameAs":["http:\/\/aktuelles.uni-frankfurt.de\/autoren"],"url":"https:\/\/aktuelles.uni-frankfurt.de\/en\/author\/redaktion\/"}]}},"_links":{"self":[{"href":"https:\/\/aktuelles.uni-frankfurt.de\/en\/wp-json\/wp\/v2\/posts\/67434","targetHints":{"allow":["GET"]}}],"collection":[{"href":"https:\/\/aktuelles.uni-frankfurt.de\/en\/wp-json\/wp\/v2\/posts"}],"about":[{"href":"https:\/\/aktuelles.uni-frankfurt.de\/en\/wp-json\/wp\/v2\/types\/post"}],"author":[{"embeddable":true,"href":"https:\/\/aktuelles.uni-frankfurt.de\/en\/wp-json\/wp\/v2\/users\/8"}],"replies":[{"embeddable":true,"href":"https:\/\/aktuelles.uni-frankfurt.de\/en\/wp-json\/wp\/v2\/comments?post=67434"}],"version-history":[{"count":0,"href":"https:\/\/aktuelles.uni-frankfurt.de\/en\/wp-json\/wp\/v2\/posts\/67434\/revisions"}],"wp:featuredmedia":[{"embeddable":true,"href":"https:\/\/aktuelles.uni-frankfurt.de\/en\/wp-json\/wp\/v2\/media\/67435"}],"wp:attachment":[{"href":"https:\/\/aktuelles.uni-frankfurt.de\/en\/wp-json\/wp\/v2\/media?parent=67434"}],"wp:term":[{"taxonomy":"category","embeddable":true,"href":"https:\/\/aktuelles.uni-frankfurt.de\/en\/wp-json\/wp\/v2\/categories?post=67434"},{"taxonomy":"post_tag","embeddable":true,"href":"https:\/\/aktuelles.uni-frankfurt.de\/en\/wp-json\/wp\/v2\/tags?post=67434"},{"taxonomy":"post_folder","embeddable":true,"href":"https:\/\/aktuelles.uni-frankfurt.de\/en\/wp-json\/wp\/v2\/post_folder?post=67434"}],"curies":[{"name":"wp","href":"https:\/\/api.w.org\/{rel}","templated":true}]}}