{"id":6748,"date":"2016-05-10T13:35:56","date_gmt":"2016-05-10T11:35:56","guid":{"rendered":"http:\/\/aktuelles.uni-frankfurt.de\/?p=6748"},"modified":"2016-05-10T14:15:51","modified_gmt":"2016-05-10T12:15:51","slug":"exponent-der-skeptischen-generation","status":"publish","type":"post","link":"https:\/\/aktuelles.uni-frankfurt.de\/en\/veranstaltungen\/exponent-der-skeptischen-generation\/","title":{"rendered":"Exponent der \u201eskeptischen Generation\u201c"},"content":{"rendered":"<figure id=\"attachment_6751\" aria-describedby=\"caption-attachment-6751\" style=\"width: 750px\" class=\"wp-caption aligncenter\"><img fetchpriority=\"high\" decoding=\"async\" class=\"size-full wp-image-6751\" src=\"https:\/\/aktuelles.uni-frankfurt.de\/wp-content\/uploads\/2016\/05\/blog_buerger-uni_kaube_header.jpg\" alt=\"J\u00fcrgen Kaube (r.) im Gespr\u00e4ch mit Tilman Allert, Kurator der Biografienreihe\" width=\"750\" height=\"350\" srcset=\"https:\/\/aktuelles.uni-frankfurt.de\/wp-content\/uploads\/2016\/05\/blog_buerger-uni_kaube_header.jpg 750w, https:\/\/aktuelles.uni-frankfurt.de\/wp-content\/uploads\/2016\/05\/blog_buerger-uni_kaube_header-300x140.jpg 300w\" sizes=\"(max-width: 750px) 100vw, 750px\" \/><figcaption id=\"caption-attachment-6751\" class=\"wp-caption-text\">J\u00fcrgen Kaube (r.) im Gespr\u00e4ch mit Tilman Allert, Kurator der Biografienreihe<\/figcaption><\/figure>\n<p>Soziologe, Gesellschaftstheoretiker und Querdenker: Niklas Luhmann gilt als schwierig und unzug\u00e4nglich. Dass die Besch\u00e4ftigung mit ihm aber \u00fcberaus lohnenswert und sogar unterhaltsam sein kann, zeigte J\u00fcrgen Kaube mit seinem Vortrag im Rahmen der <a href=\"http:\/\/www.buerger.uni-frankfurt.de\/49831329\/aktuelle_hauptreihe?legacy_request=1\" target=\"_blank\">Biografienreihe der B\u00fcrger-Uni<\/a>. Kaube, Journalist und Mitherausgeber der FAZ, brachte den \u00fcber 100 Zuh\u00f6rerinnen und Zuh\u00f6rern in der Frankfurter Zentralbibliothek den Bielefelder Soziologen erfreulich unakademisch, aber kompetent und gewitzt n\u00e4her.<\/p>\n<p>Der 1927 geborene Luhmann studierte Jura und war zuerst in der \u00f6ffentlichen Verwaltung t\u00e4tig, bevor er sich der Soziologie zuwendete. Erst mit 31 Jahren begann er zu publizieren, doch bis zu seinem Tode im Jahre 1998 brachte er es auf sage und schreibe 50 B\u00fccher. \u201eEin solch hoher Output verweist entweder auf Dilettantismus oder auf Genialit\u00e4t\u201c, bemerkte Kaube trocken.<\/p>\n<figure id=\"attachment_6753\" aria-describedby=\"caption-attachment-6753\" style=\"width: 300px\" class=\"wp-caption alignright\"><a href=\"https:\/\/aktuelles.uni-frankfurt.de\/wp-content\/uploads\/2016\/05\/blog_buerger-uni_kaube3.jpg\"><img decoding=\"async\" class=\"wp-image-6753 size-medium\" src=\"https:\/\/aktuelles.uni-frankfurt.de\/wp-content\/uploads\/2016\/05\/blog_buerger-uni_kaube3-300x208.jpg\" alt=\"J\u00fcrgen Kaube w\u00fcrzte seinen Vortrag \u00fcber Niklas Luhmann mit zahlreichen Anekdoten und Zitaten\" width=\"300\" height=\"208\" srcset=\"https:\/\/aktuelles.uni-frankfurt.de\/wp-content\/uploads\/2016\/05\/blog_buerger-uni_kaube3-300x208.jpg 300w, https:\/\/aktuelles.uni-frankfurt.de\/wp-content\/uploads\/2016\/05\/blog_buerger-uni_kaube3.jpg 650w\" sizes=\"(max-width: 300px) 100vw, 300px\" \/><\/a><figcaption id=\"caption-attachment-6753\" class=\"wp-caption-text\">J\u00fcrgen Kaube w\u00fcrzte seinen Vortrag \u00fcber Niklas Luhmann mit zahlreichen Anekdoten und Zitaten<\/figcaption><\/figure>\n<p>Keine Frage, dass Kaube, der als studierter Volkswirt erst recht sp\u00e4t mit dem Werk Luhmanns in Ber\u00fchrung kam, den Bielefelder f\u00fcr eine Ausnahmeerscheinung unter den deutschen Soziologen h\u00e4lt. Und das nicht nur hinsichtlich seiner Produktivit\u00e4t: Luhmann habe quasi \u201e\u00fcber alles\u201c publiziert, was er f\u00fcr konstitutiv f\u00fcr Gesellschaft gehalten habe: \u00fcber Politik, Wirtschaft, Religion, Kunst und viele andere Felder.<\/p>\n<p>Mit seinem legend\u00e4ren Zettelkasten habe er Begriffe und Gedanken bewusst unsystematisch, aber mit Anmerkungen und Querverweisen gesammelt. Dieser analoge Vorl\u00e4ufer heutiger digitaler Hypertexte sei f\u00fcr Luhmann das passende Instrument gewesen, um eine moderne Welt, die komplex und vielschichtig sei, zu erfassen. Die Soziologie als recht junges Fach unter den Geistes- und Sozialwissenschaften habe er neu gedacht und mit einem begrifflichen und theoretischen Instrumentarium ausgestattet, das neue Einblicke und Erkenntnisse erm\u00f6glichte.<\/p>\n<h3>Denker einer kontingenten Welt<\/h3>\n<p>\u00dcber Luhmanns Kindheit und Jugend sei relativ wenig bekannt. Um seinen Werdegang als Wissenschaftler biografisch herzuleiten, bem\u00fchte Kaube den Begriff der \u201eskeptischen Generation\u201c, den der Soziologe Helmut Schelsky f\u00fcr die zwischen \u00a01920 und 1940 Jahren Geborenen gepr\u00e4gt hat. Diese Generation habe in jungen Jahren die Ersch\u00fctterungen des Krieges erlebt und sei daher skeptisch gegen\u00fcber Ideologien und politischen Experimenten gewesen.<\/p>\n<figure id=\"attachment_6752\" aria-describedby=\"caption-attachment-6752\" style=\"width: 300px\" class=\"wp-caption alignleft\"><a href=\"https:\/\/aktuelles.uni-frankfurt.de\/wp-content\/uploads\/2016\/05\/blog_buerger-uni_kaube2.jpg\"><img decoding=\"async\" class=\"wp-image-6752 size-medium\" src=\"https:\/\/aktuelles.uni-frankfurt.de\/wp-content\/uploads\/2016\/05\/blog_buerger-uni_kaube2-300x208.jpg\" alt=\"Gro\u00dfes Interesse an Kaubes Vortrag: Der Saal in der Stadtbibliothek war bis auf den letzten Platz belegt\" width=\"300\" height=\"208\" srcset=\"https:\/\/aktuelles.uni-frankfurt.de\/wp-content\/uploads\/2016\/05\/blog_buerger-uni_kaube2-300x208.jpg 300w, https:\/\/aktuelles.uni-frankfurt.de\/wp-content\/uploads\/2016\/05\/blog_buerger-uni_kaube2.jpg 650w\" sizes=\"(max-width: 300px) 100vw, 300px\" \/><\/a><figcaption id=\"caption-attachment-6752\" class=\"wp-caption-text\">Gro\u00dfes Interesse an Kaubes Vortrag: Der Saal in der Stadtbibliothek war bis auf den letzten Platz belegt<\/figcaption><\/figure>\n<p>Wie Kaube ausf\u00fchrte, h\u00e4tten Krieg und Zivilisationsbruch bei Luhmann dar\u00fcber hinaus das Bewusstsein f\u00fcr die Kontingenz, f\u00fcr die Zuf\u00e4lligkeit biografischer Erlebnisse, gest\u00e4rkt. Dies sei in nicht unerheblichem Ma\u00dfe in seine soziologische Theorie eingeflossen, in der es keine zentrale Perspektive auf Gesellschaft mehr gebe. Gesellschaft werde bei Luhmann nicht als <em>Einheit<\/em>, sondern von der <em>Differenz<\/em> her gedacht.<\/p>\n<p>&nbsp;<\/p>\n<p>Sein kritisch-distanzierter Blick auf moralisch-ethisch argumentierende Denker und emanzipatorische Gesellschaftskonzepte habe ihm den Vorwurf eingebracht, ein Technokrat zu sein; vom Frankfurter J\u00fcrgen Habermas wurde er sogar mal als \u201eneo-liberal\u201c kritisiert. In der \u00d6ffentlichkeit sei Luhmann nicht als klassischer Intellektueller aufgetreten, den pers\u00f6nlichen Schlagabtausch mit anderen Denkern habe er nicht gesucht.<\/p>\n<p>Dem Individuum gegen\u00fcber habe Luhmann ohnehin ein gewisses Desinteresse gezeigt, erl\u00e4uterte Kaube, was mitunter zu bizarren Situationen im Wissenschaftsalltag gef\u00fchrt habe: Als der ber\u00fchmte amerikanische Soziologe Erving Goffman einmal als Gast an der Bielefelder Universit\u00e4t weilte, habe Luhmann offensichtlich kein Interesse an einem Treffen mit dem einflussreichen Kollegen gezeigt. Dazu befragt, habe Luhmann nur lakonisch geantwortet: \u201eProminenz entt\u00e4uscht in der Interaktion.\u201c<\/p>\n<p>[dt_call_to_action content_size=&#8220;small&#8220; background=&#8220;fancy&#8220; line=&#8220;true&#8220; animation=&#8220;fadeIn&#8220;]<\/p>\n<p>Die Veranstaltungsreihe \u201eWie wir wurden, wer wir sind\u201c wird von <a href=\"http:\/\/www.fb03.uni-frankfurt.de\/47532930\/tallert\">Prof. Tilman Allert, Soziologe an der Goethe-Universit\u00e4t<\/a>, kuratiert. Die Hauptreihe der Frankfurter B\u00fcrger-Universit\u00e4t im Sommersemester stellt an insgesamt sechs Abenden Lebensl\u00e4ufe ber\u00fchmter Protagonisten deutscher Sozial- und Kulturgeschichte vor.<\/p>\n<p>[\/dt_call_to_action]<\/p>\n","protected":false},"excerpt":{"rendered":"<p>Soziologe, Gesellschaftstheoretiker und Querdenker: Niklas Luhmann gilt als schwierig und unzug\u00e4nglich. Dass die Besch\u00e4ftigung mit ihm aber \u00fcberaus lohnenswert und sogar unterhaltsam sein kann, zeigte J\u00fcrgen Kaube mit seinem Vortrag [&hellip;]<\/p>\n","protected":false},"author":4,"featured_media":6750,"comment_status":"closed","ping_status":"closed","sticky":false,"template":"","format":"standard","meta":{"_eb_attr":"","_price":"","_stock":"","_tribe_ticket_header":"","_tribe_default_ticket_provider":"","_ticket_start_date":"","_ticket_end_date":"","_tribe_ticket_show_description":"","_tribe_ticket_show_not_going":false,"_tribe_ticket_use_global_stock":"","_tribe_ticket_global_stock_level":"","_global_stock_mode":"","_global_stock_cap":"","_tribe_rsvp_for_event":"","_tribe_ticket_going_count":"","_tribe_ticket_not_going_count":"","_tribe_tickets_list":"[]","_tribe_ticket_has_attendee_info_fields":false,"footnotes":""},"categories":[12],"tags":[59],"post_folder":[],"class_list":["post-6748","post","type-post","status-publish","format-standard","has-post-thumbnail","hentry","category-veranstaltungen","tag-buerger-universitaet"],"yoast_head":"<!-- This site is optimized with the Yoast SEO plugin v27.5 - https:\/\/yoast.com\/product\/yoast-seo-wordpress\/ -->\n<title>Exponent der \u201eskeptischen Generation\u201c | Aktuelles aus der Goethe-Universit\u00e4t Frankfurt<\/title>\n<meta name=\"robots\" content=\"index, follow, max-snippet:-1, max-image-preview:large, max-video-preview:-1\" \/>\n<link rel=\"canonical\" href=\"https:\/\/aktuelles.uni-frankfurt.de\/en\/veranstaltungen\/exponent-der-skeptischen-generation\/\" \/>\n<meta property=\"og:locale\" content=\"en_GB\" \/>\n<meta property=\"og:type\" content=\"article\" \/>\n<meta property=\"og:title\" content=\"Exponent der \u201eskeptischen Generation\u201c | Aktuelles aus der Goethe-Universit\u00e4t Frankfurt\" \/>\n<meta property=\"og:description\" content=\"Soziologe, Gesellschaftstheoretiker und Querdenker: Niklas Luhmann gilt als schwierig und unzug\u00e4nglich. Dass die Besch\u00e4ftigung mit ihm aber \u00fcberaus lohnenswert und sogar unterhaltsam sein kann, zeigte J\u00fcrgen Kaube mit seinem Vortrag [&hellip;]\" \/>\n<meta property=\"og:url\" content=\"https:\/\/aktuelles.uni-frankfurt.de\/en\/veranstaltungen\/exponent-der-skeptischen-generation\/\" \/>\n<meta property=\"og:site_name\" content=\"Aktuelles aus der Goethe-Universit\u00e4t Frankfurt\" \/>\n<meta property=\"article:published_time\" content=\"2016-05-10T11:35:56+00:00\" \/>\n<meta property=\"article:modified_time\" content=\"2016-05-10T12:15:51+00:00\" \/>\n<meta property=\"og:image\" content=\"https:\/\/aktuelles.uni-frankfurt.de\/wp-content\/uploads\/2016\/05\/blog_buerger-uni_kaube.jpg\" \/>\n\t<meta property=\"og:image:width\" content=\"650\" \/>\n\t<meta property=\"og:image:height\" content=\"450\" \/>\n\t<meta property=\"og:image:type\" content=\"image\/jpeg\" \/>\n<meta name=\"author\" content=\"Dr. Dirk Frank\" \/>\n<meta name=\"twitter:card\" content=\"summary_large_image\" \/>\n<meta name=\"twitter:label1\" content=\"Written by\" \/>\n\t<meta name=\"twitter:data1\" content=\"Dr. Dirk Frank\" \/>\n\t<meta name=\"twitter:label2\" content=\"Estimated reading time\" \/>\n\t<meta name=\"twitter:data2\" content=\"3 minutes\" \/>\n<script type=\"application\/ld+json\" class=\"yoast-schema-graph\">{\"@context\":\"https:\\\/\\\/schema.org\",\"@graph\":[{\"@type\":\"Article\",\"@id\":\"https:\\\/\\\/aktuelles.uni-frankfurt.de\\\/veranstaltungen\\\/exponent-der-skeptischen-generation\\\/#article\",\"isPartOf\":{\"@id\":\"https:\\\/\\\/aktuelles.uni-frankfurt.de\\\/veranstaltungen\\\/exponent-der-skeptischen-generation\\\/\"},\"author\":{\"name\":\"Dr. Dirk Frank\",\"@id\":\"https:\\\/\\\/aktuelles.uni-frankfurt.de\\\/#\\\/schema\\\/person\\\/370c4588b49f66f89d917e8bd01f72b0\"},\"headline\":\"Exponent der \u201eskeptischen Generation\u201c\",\"datePublished\":\"2016-05-10T11:35:56+00:00\",\"dateModified\":\"2016-05-10T12:15:51+00:00\",\"mainEntityOfPage\":{\"@id\":\"https:\\\/\\\/aktuelles.uni-frankfurt.de\\\/veranstaltungen\\\/exponent-der-skeptischen-generation\\\/\"},\"wordCount\":647,\"publisher\":{\"@id\":\"https:\\\/\\\/aktuelles.uni-frankfurt.de\\\/#organization\"},\"image\":{\"@id\":\"https:\\\/\\\/aktuelles.uni-frankfurt.de\\\/veranstaltungen\\\/exponent-der-skeptischen-generation\\\/#primaryimage\"},\"thumbnailUrl\":\"https:\\\/\\\/aktuelles.uni-frankfurt.de\\\/wp-content\\\/uploads\\\/2016\\\/05\\\/blog_buerger-uni_kaube.jpg\",\"keywords\":[\"B\u00fcrger-Universit\u00e4t\"],\"articleSection\":[\"Veranstaltungen\"],\"inLanguage\":\"en-GB\"},{\"@type\":\"WebPage\",\"@id\":\"https:\\\/\\\/aktuelles.uni-frankfurt.de\\\/veranstaltungen\\\/exponent-der-skeptischen-generation\\\/\",\"url\":\"https:\\\/\\\/aktuelles.uni-frankfurt.de\\\/veranstaltungen\\\/exponent-der-skeptischen-generation\\\/\",\"name\":\"Exponent der \u201eskeptischen Generation\u201c | Aktuelles aus der Goethe-Universit\u00e4t Frankfurt\",\"isPartOf\":{\"@id\":\"https:\\\/\\\/aktuelles.uni-frankfurt.de\\\/#website\"},\"primaryImageOfPage\":{\"@id\":\"https:\\\/\\\/aktuelles.uni-frankfurt.de\\\/veranstaltungen\\\/exponent-der-skeptischen-generation\\\/#primaryimage\"},\"image\":{\"@id\":\"https:\\\/\\\/aktuelles.uni-frankfurt.de\\\/veranstaltungen\\\/exponent-der-skeptischen-generation\\\/#primaryimage\"},\"thumbnailUrl\":\"https:\\\/\\\/aktuelles.uni-frankfurt.de\\\/wp-content\\\/uploads\\\/2016\\\/05\\\/blog_buerger-uni_kaube.jpg\",\"datePublished\":\"2016-05-10T11:35:56+00:00\",\"dateModified\":\"2016-05-10T12:15:51+00:00\",\"breadcrumb\":{\"@id\":\"https:\\\/\\\/aktuelles.uni-frankfurt.de\\\/veranstaltungen\\\/exponent-der-skeptischen-generation\\\/#breadcrumb\"},\"inLanguage\":\"en-GB\",\"potentialAction\":[{\"@type\":\"ReadAction\",\"target\":[\"https:\\\/\\\/aktuelles.uni-frankfurt.de\\\/veranstaltungen\\\/exponent-der-skeptischen-generation\\\/\"]}]},{\"@type\":\"ImageObject\",\"inLanguage\":\"en-GB\",\"@id\":\"https:\\\/\\\/aktuelles.uni-frankfurt.de\\\/veranstaltungen\\\/exponent-der-skeptischen-generation\\\/#primaryimage\",\"url\":\"https:\\\/\\\/aktuelles.uni-frankfurt.de\\\/wp-content\\\/uploads\\\/2016\\\/05\\\/blog_buerger-uni_kaube.jpg\",\"contentUrl\":\"https:\\\/\\\/aktuelles.uni-frankfurt.de\\\/wp-content\\\/uploads\\\/2016\\\/05\\\/blog_buerger-uni_kaube.jpg\",\"width\":650,\"height\":450,\"caption\":\"J\u00fcrgen Kaube (r.) im Gespr\u00e4ch mit Tilman Allert, Kurator der Biografienreihe\"},{\"@type\":\"BreadcrumbList\",\"@id\":\"https:\\\/\\\/aktuelles.uni-frankfurt.de\\\/veranstaltungen\\\/exponent-der-skeptischen-generation\\\/#breadcrumb\",\"itemListElement\":[{\"@type\":\"ListItem\",\"position\":1,\"name\":\"Startseite\",\"item\":\"https:\\\/\\\/aktuelles.uni-frankfurt.de\\\/\"},{\"@type\":\"ListItem\",\"position\":2,\"name\":\"Exponent der \u201eskeptischen Generation\u201c\"}]},{\"@type\":\"WebSite\",\"@id\":\"https:\\\/\\\/aktuelles.uni-frankfurt.de\\\/#website\",\"url\":\"https:\\\/\\\/aktuelles.uni-frankfurt.de\\\/\",\"name\":\"Aktuelles aus der Goethe-Universit\u00e4t Frankfurt\",\"description\":\"Aktuelles aus der Goethe-Universit\u00e4t | Neues aus Forschung, Lehre, Studium\",\"publisher\":{\"@id\":\"https:\\\/\\\/aktuelles.uni-frankfurt.de\\\/#organization\"},\"potentialAction\":[{\"@type\":\"SearchAction\",\"target\":{\"@type\":\"EntryPoint\",\"urlTemplate\":\"https:\\\/\\\/aktuelles.uni-frankfurt.de\\\/?s={search_term_string}\"},\"query-input\":{\"@type\":\"PropertyValueSpecification\",\"valueRequired\":true,\"valueName\":\"search_term_string\"}}],\"inLanguage\":\"en-GB\"},{\"@type\":\"Organization\",\"@id\":\"https:\\\/\\\/aktuelles.uni-frankfurt.de\\\/#organization\",\"name\":\"Goethe-Universit\u00e4t\",\"url\":\"https:\\\/\\\/aktuelles.uni-frankfurt.de\\\/\",\"logo\":{\"@type\":\"ImageObject\",\"inLanguage\":\"en-GB\",\"@id\":\"https:\\\/\\\/aktuelles.uni-frankfurt.de\\\/#\\\/schema\\\/logo\\\/image\\\/\",\"url\":\"https:\\\/\\\/aktuelles.uni-frankfurt.de\\\/wp-content\\\/uploads\\\/2022\\\/03\\\/800px-Goethe-Logo.png\",\"contentUrl\":\"https:\\\/\\\/aktuelles.uni-frankfurt.de\\\/wp-content\\\/uploads\\\/2022\\\/03\\\/800px-Goethe-Logo.png\",\"width\":800,\"height\":436,\"caption\":\"Goethe-Universit\u00e4t\"},\"image\":{\"@id\":\"https:\\\/\\\/aktuelles.uni-frankfurt.de\\\/#\\\/schema\\\/logo\\\/image\\\/\"}},{\"@type\":\"Person\",\"@id\":\"https:\\\/\\\/aktuelles.uni-frankfurt.de\\\/#\\\/schema\\\/person\\\/370c4588b49f66f89d917e8bd01f72b0\",\"name\":\"Dr. Dirk Frank\",\"description\":\"Dr. Dirk Frank, 49, ist seit 2012 Pressereferent an der Goethe-Universit\u00e4t. Der promovierte Literaturwissenschaftler ist stellvertretender Leiter der Abteilung Marketing und Kommunikation und f\u00fcr die Redaktion des UniReport zust\u00e4ndig.\",\"sameAs\":[\"http:\\\/\\\/aktuelles.uni-frankfurt.de\\\/\"],\"url\":\"https:\\\/\\\/aktuelles.uni-frankfurt.de\\\/en\\\/author\\\/dr-dirkfrank\\\/\"}]}<\/script>\n<!-- \/ Yoast SEO plugin. -->","yoast_head_json":{"title":"Exponent der \u201eskeptischen Generation\u201c | Aktuelles aus der Goethe-Universit\u00e4t Frankfurt","robots":{"index":"index","follow":"follow","max-snippet":"max-snippet:-1","max-image-preview":"max-image-preview:large","max-video-preview":"max-video-preview:-1"},"canonical":"https:\/\/aktuelles.uni-frankfurt.de\/en\/veranstaltungen\/exponent-der-skeptischen-generation\/","og_locale":"en_GB","og_type":"article","og_title":"Exponent der \u201eskeptischen Generation\u201c | Aktuelles aus der Goethe-Universit\u00e4t Frankfurt","og_description":"Soziologe, Gesellschaftstheoretiker und Querdenker: Niklas Luhmann gilt als schwierig und unzug\u00e4nglich. Dass die Besch\u00e4ftigung mit ihm aber \u00fcberaus lohnenswert und sogar unterhaltsam sein kann, zeigte J\u00fcrgen Kaube mit seinem Vortrag [&hellip;]","og_url":"https:\/\/aktuelles.uni-frankfurt.de\/en\/veranstaltungen\/exponent-der-skeptischen-generation\/","og_site_name":"Aktuelles aus der Goethe-Universit\u00e4t Frankfurt","article_published_time":"2016-05-10T11:35:56+00:00","article_modified_time":"2016-05-10T12:15:51+00:00","og_image":[{"width":650,"height":450,"url":"https:\/\/aktuelles.uni-frankfurt.de\/wp-content\/uploads\/2016\/05\/blog_buerger-uni_kaube.jpg","type":"image\/jpeg"}],"author":"Dr. Dirk Frank","twitter_card":"summary_large_image","twitter_misc":{"Written by":"Dr. Dirk Frank","Estimated reading time":"3 minutes"},"schema":{"@context":"https:\/\/schema.org","@graph":[{"@type":"Article","@id":"https:\/\/aktuelles.uni-frankfurt.de\/veranstaltungen\/exponent-der-skeptischen-generation\/#article","isPartOf":{"@id":"https:\/\/aktuelles.uni-frankfurt.de\/veranstaltungen\/exponent-der-skeptischen-generation\/"},"author":{"name":"Dr. Dirk Frank","@id":"https:\/\/aktuelles.uni-frankfurt.de\/#\/schema\/person\/370c4588b49f66f89d917e8bd01f72b0"},"headline":"Exponent der \u201eskeptischen Generation\u201c","datePublished":"2016-05-10T11:35:56+00:00","dateModified":"2016-05-10T12:15:51+00:00","mainEntityOfPage":{"@id":"https:\/\/aktuelles.uni-frankfurt.de\/veranstaltungen\/exponent-der-skeptischen-generation\/"},"wordCount":647,"publisher":{"@id":"https:\/\/aktuelles.uni-frankfurt.de\/#organization"},"image":{"@id":"https:\/\/aktuelles.uni-frankfurt.de\/veranstaltungen\/exponent-der-skeptischen-generation\/#primaryimage"},"thumbnailUrl":"https:\/\/aktuelles.uni-frankfurt.de\/wp-content\/uploads\/2016\/05\/blog_buerger-uni_kaube.jpg","keywords":["B\u00fcrger-Universit\u00e4t"],"articleSection":["Veranstaltungen"],"inLanguage":"en-GB"},{"@type":"WebPage","@id":"https:\/\/aktuelles.uni-frankfurt.de\/veranstaltungen\/exponent-der-skeptischen-generation\/","url":"https:\/\/aktuelles.uni-frankfurt.de\/veranstaltungen\/exponent-der-skeptischen-generation\/","name":"Exponent der \u201eskeptischen Generation\u201c | Aktuelles aus der Goethe-Universit\u00e4t Frankfurt","isPartOf":{"@id":"https:\/\/aktuelles.uni-frankfurt.de\/#website"},"primaryImageOfPage":{"@id":"https:\/\/aktuelles.uni-frankfurt.de\/veranstaltungen\/exponent-der-skeptischen-generation\/#primaryimage"},"image":{"@id":"https:\/\/aktuelles.uni-frankfurt.de\/veranstaltungen\/exponent-der-skeptischen-generation\/#primaryimage"},"thumbnailUrl":"https:\/\/aktuelles.uni-frankfurt.de\/wp-content\/uploads\/2016\/05\/blog_buerger-uni_kaube.jpg","datePublished":"2016-05-10T11:35:56+00:00","dateModified":"2016-05-10T12:15:51+00:00","breadcrumb":{"@id":"https:\/\/aktuelles.uni-frankfurt.de\/veranstaltungen\/exponent-der-skeptischen-generation\/#breadcrumb"},"inLanguage":"en-GB","potentialAction":[{"@type":"ReadAction","target":["https:\/\/aktuelles.uni-frankfurt.de\/veranstaltungen\/exponent-der-skeptischen-generation\/"]}]},{"@type":"ImageObject","inLanguage":"en-GB","@id":"https:\/\/aktuelles.uni-frankfurt.de\/veranstaltungen\/exponent-der-skeptischen-generation\/#primaryimage","url":"https:\/\/aktuelles.uni-frankfurt.de\/wp-content\/uploads\/2016\/05\/blog_buerger-uni_kaube.jpg","contentUrl":"https:\/\/aktuelles.uni-frankfurt.de\/wp-content\/uploads\/2016\/05\/blog_buerger-uni_kaube.jpg","width":650,"height":450,"caption":"J\u00fcrgen Kaube (r.) im Gespr\u00e4ch mit Tilman Allert, Kurator der Biografienreihe"},{"@type":"BreadcrumbList","@id":"https:\/\/aktuelles.uni-frankfurt.de\/veranstaltungen\/exponent-der-skeptischen-generation\/#breadcrumb","itemListElement":[{"@type":"ListItem","position":1,"name":"Startseite","item":"https:\/\/aktuelles.uni-frankfurt.de\/"},{"@type":"ListItem","position":2,"name":"Exponent der \u201eskeptischen Generation\u201c"}]},{"@type":"WebSite","@id":"https:\/\/aktuelles.uni-frankfurt.de\/#website","url":"https:\/\/aktuelles.uni-frankfurt.de\/","name":"Aktuelles aus der Goethe-Universit\u00e4t Frankfurt","description":"Aktuelles aus der Goethe-Universit\u00e4t | Neues aus Forschung, Lehre, Studium","publisher":{"@id":"https:\/\/aktuelles.uni-frankfurt.de\/#organization"},"potentialAction":[{"@type":"SearchAction","target":{"@type":"EntryPoint","urlTemplate":"https:\/\/aktuelles.uni-frankfurt.de\/?s={search_term_string}"},"query-input":{"@type":"PropertyValueSpecification","valueRequired":true,"valueName":"search_term_string"}}],"inLanguage":"en-GB"},{"@type":"Organization","@id":"https:\/\/aktuelles.uni-frankfurt.de\/#organization","name":"Goethe University Frankfurt","url":"https:\/\/aktuelles.uni-frankfurt.de\/","logo":{"@type":"ImageObject","inLanguage":"en-GB","@id":"https:\/\/aktuelles.uni-frankfurt.de\/#\/schema\/logo\/image\/","url":"https:\/\/aktuelles.uni-frankfurt.de\/wp-content\/uploads\/2022\/03\/800px-Goethe-Logo.png","contentUrl":"https:\/\/aktuelles.uni-frankfurt.de\/wp-content\/uploads\/2022\/03\/800px-Goethe-Logo.png","width":800,"height":436,"caption":"Goethe-Universit\u00e4t"},"image":{"@id":"https:\/\/aktuelles.uni-frankfurt.de\/#\/schema\/logo\/image\/"}},{"@type":"Person","@id":"https:\/\/aktuelles.uni-frankfurt.de\/#\/schema\/person\/370c4588b49f66f89d917e8bd01f72b0","name":"Dr. Dirk Frank","description":"Dr. Dirk Frank, 49, ist seit 2012 Pressereferent an der Goethe-Universit\u00e4t. Der promovierte Literaturwissenschaftler ist stellvertretender Leiter der Abteilung Marketing und Kommunikation und f\u00fcr die Redaktion des UniReport zust\u00e4ndig.","sameAs":["http:\/\/aktuelles.uni-frankfurt.de\/"],"url":"https:\/\/aktuelles.uni-frankfurt.de\/en\/author\/dr-dirkfrank\/"}]}},"_links":{"self":[{"href":"https:\/\/aktuelles.uni-frankfurt.de\/en\/wp-json\/wp\/v2\/posts\/6748","targetHints":{"allow":["GET"]}}],"collection":[{"href":"https:\/\/aktuelles.uni-frankfurt.de\/en\/wp-json\/wp\/v2\/posts"}],"about":[{"href":"https:\/\/aktuelles.uni-frankfurt.de\/en\/wp-json\/wp\/v2\/types\/post"}],"author":[{"embeddable":true,"href":"https:\/\/aktuelles.uni-frankfurt.de\/en\/wp-json\/wp\/v2\/users\/4"}],"replies":[{"embeddable":true,"href":"https:\/\/aktuelles.uni-frankfurt.de\/en\/wp-json\/wp\/v2\/comments?post=6748"}],"version-history":[{"count":0,"href":"https:\/\/aktuelles.uni-frankfurt.de\/en\/wp-json\/wp\/v2\/posts\/6748\/revisions"}],"wp:featuredmedia":[{"embeddable":true,"href":"https:\/\/aktuelles.uni-frankfurt.de\/en\/wp-json\/wp\/v2\/media\/6750"}],"wp:attachment":[{"href":"https:\/\/aktuelles.uni-frankfurt.de\/en\/wp-json\/wp\/v2\/media?parent=6748"}],"wp:term":[{"taxonomy":"category","embeddable":true,"href":"https:\/\/aktuelles.uni-frankfurt.de\/en\/wp-json\/wp\/v2\/categories?post=6748"},{"taxonomy":"post_tag","embeddable":true,"href":"https:\/\/aktuelles.uni-frankfurt.de\/en\/wp-json\/wp\/v2\/tags?post=6748"},{"taxonomy":"post_folder","embeddable":true,"href":"https:\/\/aktuelles.uni-frankfurt.de\/en\/wp-json\/wp\/v2\/post_folder?post=6748"}],"curies":[{"name":"wp","href":"https:\/\/api.w.org\/{rel}","templated":true}]}}