{"id":67770,"date":"2023-03-07T16:42:32","date_gmt":"2023-03-07T15:42:32","guid":{"rendered":"https:\/\/aktuelles.uni-frankfurt.de\/?p=67770"},"modified":"2023-03-13T13:10:57","modified_gmt":"2023-03-13T12:10:57","slug":"der-geschmack-italiens-ringvorlesung-des-rmu-italienforums-ab-24-april-2023","status":"publish","type":"post","link":"https:\/\/aktuelles.uni-frankfurt.de\/en\/unireport\/der-geschmack-italiens-ringvorlesung-des-rmu-italienforums-ab-24-april-2023\/","title":{"rendered":"Der Geschmack Italiens: Ringvorlesung des RMU-Italienforums ab 24. April 2023"},"content":{"rendered":"<p><strong>Die Strategische Allianz der Rhein-Main-Universit\u00e4ten (RMU) hat Ende letzten Jahres das neu gegr\u00fcndete RMU-Italienforum er\u00f6ffnet. Eine Ringvorlesung im Sommer soll die gemeinsamen Aktivit\u00e4ten in Forschung und Lehre verstetigen.<\/strong><\/p>\n\n\n\n<figure class=\"wp-block-image aligncenter size-full\"><a href=\"https:\/\/aktuelles.uni-frankfurt.de\/wp-content\/uploads\/2023\/02\/Beitragsbild_UR1.23_Italienforum.jpg\"><img fetchpriority=\"high\" decoding=\"async\" width=\"650\" height=\"450\" src=\"https:\/\/aktuelles.uni-frankfurt.de\/wp-content\/uploads\/2023\/02\/Beitragsbild_UR1.23_Italienforum.jpg\" alt=\"\" class=\"wp-image-67780\" srcset=\"https:\/\/aktuelles.uni-frankfurt.de\/wp-content\/uploads\/2023\/02\/Beitragsbild_UR1.23_Italienforum.jpg 650w, https:\/\/aktuelles.uni-frankfurt.de\/wp-content\/uploads\/2023\/02\/Beitragsbild_UR1.23_Italienforum-300x208.jpg 300w, https:\/\/aktuelles.uni-frankfurt.de\/wp-content\/uploads\/2023\/02\/Beitragsbild_UR1.23_Italienforum-18x12.jpg 18w\" sizes=\"(max-width: 650px) 100vw, 650px\" \/><\/a><figcaption class=\"wp-element-caption\">Der Geschmack Italiens: In der Ringvorlesung des Italienforums geht es um italienisches Essen als Kulturpolitik, aber auch um das Markenprodukt, das hei\u00dft seine \u00f6konomische und gesellschaftliche Bedeutung.<\/figcaption><\/figure>\n\n\n\n<div style=\"height:20px\" aria-hidden=\"true\" class=\"wp-block-spacer\"><\/div>\n\n\n\n<p>Acht Wissenschaftler*innen der Rhein-Main-Universit\u00e4ten aus geistes- und sozialwissenschaftlichen F\u00e4chern haben sich zusammengeschlossen, um ein Italienforum zu gr\u00fcnden, das die Aktivit\u00e4ten der bestehenden Foren und Zentren b\u00fcndeln und italienbezogene Forschung an den jeweiligen Universit\u00e4ten vernetzen und sichtbar machen soll. Prof. Christoph Corneli\u00dfen, Historiker an der Goethe-Universit\u00e4t Frankfurt und als Mitgr\u00fcnder des Forums beteiligt, beschreibt die Entstehung und die Konstruktion: \u201eWir haben uns gewisserma\u00dfen im vergangenen Dezember neu gegr\u00fcndet: An den einzelnen Universit\u00e4ten gab es ja bereits Foren oder Zentren, die wir nun aber zu einem Forum verbunden haben. An der Goethe-Universit\u00e4t waren wir im Dezember 2019 mit unserem Italienzentrum gestartet. Eine gro\u00dfe Lecture von Carlo Ginzburg gab den Auftakt. Dann hat uns die Corona-Pandemie erstmal pausieren lassen. Nun haben wir mit Unterst\u00fctzung der drei Pr\u00e4sidien das RMU-Italienforum gegr\u00fcndet. Zum Auftakt gab es im Dezember einen Vortrag des Direktors der Uffizien in Florenz, Prof. Dr. Eike Schmidt, in der Akademie Mainz.\u201c<\/p>\n\n\n\n<p>Aus Frankfurter Sicht, so Corneli\u00dfen, gab und gibt es eine ganz enge Verbindung zu Italien, historisch vor allem mit dem Namen Mylius verbunden. Der Frankfurter Kaufmann, Bankier und Wohlt\u00e4ter Heinrich Mylius hatte vielf\u00e4ltige wirtschaftliche Verbindungen nach Mailand, was sich dann zugleich zu einer kulturellen Verbindung erweiterte. Mylius erwarb eine Villa am Comer See, die sp\u00e4ter von den Nachfahren der Familie Vigoni der Bundesrepublik vermacht wurde. Die ber\u00fchmte Tagungsst\u00e4tte Villa Vigoni ist heute Sitz des Deutsch-Italienischen Zentrums f\u00fcr den Europ\u00e4ischen Dialog. An dem Ort kommen Geistes- und Sozialwissenschaftler*innen zusammen, um gemeinsam zu den vielen historischen und kulturellen Verflechtungen beider L\u00e4nder zu forschen.<\/p>\n\n\n\n<p>Das neue RMU-Italienforum, so Corneli\u00dfen, wird von den Forschungsvorhaben der beteiligten Wissenschaftler*innen leben. Beteiligt sind neben den Historikerinnen und Kunsthistoriker*innen verschiedene Literaturwissenschaftler*innen, Musikwissenschafter*innen und Politikwissenschaftler*innen der drei Partneruniversit\u00e4ten. \u201eDabei sind all jene, die zu Italien im weitesten Sinne forschen und dabei auch international unterwegs sind. Es spielt sicherlich auch eine gewisse Italienbegeisterung eine Rolle.\u201c Das Forum ist daran interessiert, weitere Wissenschaftler* innen an der GU f\u00fcr ihr Vorhaben zu gewinnen.<\/p>\n\n\n\n<p>Corneli\u00dfen schaut bereits nach vorne: Mit verschiedenen Veranstaltungen soll das neue RMU-Italienforum mit Leben gef\u00fcllt werden. Das beginnt ab April mit einer Ringvorlesung in Darmstadt zum \u201eGeschmack Italiens\/<em> L\u2019Italia in bocca. Cibo italiano come politica culturale<\/em>.\u201c \u201eEs geht dabei um italienisches Essen als Kulturpolitik, aber auch um das Markenprodukt, das hei\u00dft seine \u00f6konomische und gesellschaftliche Bedeutung. Ungef\u00e4hr zehn Vorlesungen sind dazu geplant, die in Darmstadt, aber nat\u00fcrlich auch mit Unterst\u00fctzung aus Frankfurt, stattfinden werden. Von der GU wird Professorin Christine Ott die Veranstaltung mit einem Vortrag zu \u201a<em>Dolce amaro. Italienisches Essen als Kulturpolitik im Spiegel der Gegenwartskultur und -literatur<\/em>\u2018 am 24. April er\u00f6ffnen. Die Veranstaltung wird durch eine Ausstellung historischer Kochb\u00fccher und anderer Dokumente in der UB Darmstadt abgerundet. Parallel dazu werden wir im Rahmen des Forums auch kleinere Seminare veranstalten. <\/p>\n\n\n\n<figure class=\"wp-block-image alignleft size-full is-resized\"><a href=\"https:\/\/aktuelles.uni-frankfurt.de\/wp-content\/uploads\/2019\/06\/blog_RMU_MasterKinderJugendbuch.jpg\"><img decoding=\"async\" src=\"https:\/\/aktuelles.uni-frankfurt.de\/wp-content\/uploads\/2019\/06\/blog_RMU_MasterKinderJugendbuch.jpg\" alt=\"\" class=\"wp-image-37767\" width=\"367\" height=\"254\" srcset=\"https:\/\/aktuelles.uni-frankfurt.de\/wp-content\/uploads\/2019\/06\/blog_RMU_MasterKinderJugendbuch.jpg 650w, https:\/\/aktuelles.uni-frankfurt.de\/wp-content\/uploads\/2019\/06\/blog_RMU_MasterKinderJugendbuch-300x208.jpg 300w\" sizes=\"(max-width: 367px) 100vw, 367px\" \/><\/a><\/figure>\n\n\n\n<p>Dies betrifft u.a. eine kritische Diskussion der neueren historischen Literatur zum \u201eMarsch auf Rom\u201c im Jahr 1922. Regelm\u00e4\u00dfig soll au\u00dferdem eine Ginzburg-Lecture in Frankfurt stattfinden. Die kommende ist f\u00fcr den Dezember 2023 vorgesehen; daf\u00fcr ist die bekannte Schriftstellerin Francesca Melandri im Gespr\u00e4ch. F\u00fcr die Nachwuchswissenschaftler*innen aus Deutschland und Italien ist ein Kolloquium geplant. Nat\u00fcrlich denken wir bei der Planung der Veranstaltungen auch an ein breites, an Italien interessiertes Publikum. In Frankfurt ist ein solches zahlreich vertreten. Zudem kooperieren wir eng in Frankfurt mit der Deutsch-Italienischen Vereinigung. Ebenfalls im engen Austausch stehen wir mit dem Italienischen Konsulat. Denn 2024 wird Italien das Gastland der Frankfurter Buchmesse sein. \u201eDann werden zahlreiche gemeinsame Buchvorstellungen auf dem Programm stehen.\u201c<\/p>\n\n\n\n<div style=\"height:40px\" aria-hidden=\"true\" class=\"wp-block-spacer\"><\/div>\n\n\n\n<p class=\"has-background\" style=\"background-color:#eeeeee\"><strong>RINGVORLESUNG DES RMU-ITALIENFORUMS <br><\/strong><br>L\u2019italia In Bocca. Cibo Italiano Come Politica Culturale\/ Der Geschmack Italiens. Italienisches Essen als Kulturpolitik <br><br><strong>24.4. 2023: Christine Ott (Frankfurt) <br><\/strong>Dolce amaro. Italienisches Essen als Kulturpolitik im Spiegel der Gegenwartskultur und -literatur <br><br><strong>8.5. 2023: Gerrit Jasper Schenk (Darmstadt) <br><\/strong>Zwischen \u00dcberfluss und Mangel \u2013 Esskultur im mittelalterlichen regnum italicum <br><br><strong>15.5. 2023: Dietrich Scholler (Mainz) <br><\/strong>\u201eKomische Lebensmittel. Essen und Trinken in der Literatur der Fr\u00fchen Neuzeit\u201c <br><br><strong>22.5. 2023: Robert Lukenda (Mainz) <br><\/strong>Kulinarisches nation-building zur Zeit des Risorgimento: Pellegrino Artusi <br><br><strong>5.6. 2023: Antje Lobin (Mainz) <br><\/strong>\u201eLasciatemi far due chiacchere su questa parola.\u201c Das kulinarische Italienisch im Lichte von Sprachkritik und Sprachpolitik<br><br><em>Jeweils 16.15 bis 17.45 Uhr, TU Darmstadt, hybrid; (Stand Januar 2023, weitere Termine werden bekannt gegeben.)<\/em><\/p>","protected":false},"excerpt":{"rendered":"<p>Die Strategische Allianz der Rhein-Main-Universit\u00e4ten (RMU) hat Ende letzten Jahres das neu gegr\u00fcndete RMU-Italienforum er\u00f6ffnet. Eine Ringvorlesung im Sommer soll die gemeinsamen Aktivit\u00e4ten in Forschung und Lehre verstetigen. Acht Wissenschaftler*innen [&hellip;]<\/p>\n","protected":false},"author":4,"featured_media":67780,"comment_status":"closed","ping_status":"closed","sticky":false,"template":"","format":"standard","meta":{"_eb_attr":"","_price":"","_stock":"","_tribe_ticket_header":"","_tribe_default_ticket_provider":"","_ticket_start_date":"","_ticket_end_date":"","_tribe_ticket_show_description":"","_tribe_ticket_show_not_going":false,"_tribe_ticket_use_global_stock":"","_tribe_ticket_global_stock_level":"","_global_stock_mode":"","_global_stock_cap":"","_tribe_rsvp_for_event":"","_tribe_ticket_going_count":"","_tribe_ticket_not_going_count":"","_tribe_tickets_list":"[]","_tribe_ticket_has_attendee_info_fields":false,"footnotes":""},"categories":[173,12],"tags":[52,265],"post_folder":[],"class_list":["post-67770","post","type-post","status-publish","format-standard","has-post-thumbnail","hentry","category-unireport","category-veranstaltungen","tag-rmu","tag-unireport-1-23"],"yoast_head":"<!-- This site is optimized with the Yoast SEO plugin v27.5 - https:\/\/yoast.com\/product\/yoast-seo-wordpress\/ -->\n<title>Der Geschmack Italiens: Ringvorlesung des RMU-Italienforums ab 24. April 2023 | Aktuelles aus der Goethe-Universit\u00e4t Frankfurt<\/title>\n<meta name=\"robots\" content=\"index, follow, max-snippet:-1, max-image-preview:large, max-video-preview:-1\" \/>\n<link rel=\"canonical\" href=\"https:\/\/aktuelles.uni-frankfurt.de\/en\/unireport\/der-geschmack-italiens-ringvorlesung-des-rmu-italienforums-ab-24-april-2023\/\" \/>\n<meta property=\"og:locale\" content=\"en_GB\" \/>\n<meta property=\"og:type\" content=\"article\" \/>\n<meta property=\"og:title\" content=\"Der Geschmack Italiens: Ringvorlesung des RMU-Italienforums ab 24. April 2023 | Aktuelles aus der Goethe-Universit\u00e4t Frankfurt\" \/>\n<meta property=\"og:description\" content=\"Die Strategische Allianz der Rhein-Main-Universit\u00e4ten (RMU) hat Ende letzten Jahres das neu gegr\u00fcndete RMU-Italienforum er\u00f6ffnet. Eine Ringvorlesung im Sommer soll die gemeinsamen Aktivit\u00e4ten in Forschung und Lehre verstetigen. Acht Wissenschaftler*innen [&hellip;]\" \/>\n<meta property=\"og:url\" content=\"https:\/\/aktuelles.uni-frankfurt.de\/en\/unireport\/der-geschmack-italiens-ringvorlesung-des-rmu-italienforums-ab-24-april-2023\/\" \/>\n<meta property=\"og:site_name\" content=\"Aktuelles aus der Goethe-Universit\u00e4t Frankfurt\" \/>\n<meta property=\"article:published_time\" content=\"2023-03-07T15:42:32+00:00\" \/>\n<meta property=\"article:modified_time\" content=\"2023-03-13T12:10:57+00:00\" \/>\n<meta property=\"og:image\" content=\"https:\/\/aktuelles.uni-frankfurt.de\/wp-content\/uploads\/2023\/02\/Beitragsbild_UR1.23_Italienforum.jpg\" \/>\n\t<meta property=\"og:image:width\" content=\"650\" \/>\n\t<meta property=\"og:image:height\" content=\"450\" \/>\n\t<meta property=\"og:image:type\" content=\"image\/jpeg\" \/>\n<meta name=\"author\" content=\"Dr. Dirk Frank\" \/>\n<meta name=\"twitter:card\" content=\"summary_large_image\" \/>\n<meta name=\"twitter:label1\" content=\"Written by\" \/>\n\t<meta name=\"twitter:data1\" content=\"Dr. Dirk Frank\" \/>\n\t<meta name=\"twitter:label2\" content=\"Estimated reading time\" \/>\n\t<meta name=\"twitter:data2\" content=\"4 minutes\" \/>\n<script type=\"application\/ld+json\" class=\"yoast-schema-graph\">{\"@context\":\"https:\\\/\\\/schema.org\",\"@graph\":[{\"@type\":\"Article\",\"@id\":\"https:\\\/\\\/aktuelles.uni-frankfurt.de\\\/unireport\\\/der-geschmack-italiens-ringvorlesung-des-rmu-italienforums-ab-24-april-2023\\\/#article\",\"isPartOf\":{\"@id\":\"https:\\\/\\\/aktuelles.uni-frankfurt.de\\\/unireport\\\/der-geschmack-italiens-ringvorlesung-des-rmu-italienforums-ab-24-april-2023\\\/\"},\"author\":{\"name\":\"Dr. Dirk Frank\",\"@id\":\"https:\\\/\\\/aktuelles.uni-frankfurt.de\\\/#\\\/schema\\\/person\\\/370c4588b49f66f89d917e8bd01f72b0\"},\"headline\":\"Der Geschmack Italiens: Ringvorlesung des RMU-Italienforums ab 24. April 2023\",\"datePublished\":\"2023-03-07T15:42:32+00:00\",\"dateModified\":\"2023-03-13T12:10:57+00:00\",\"mainEntityOfPage\":{\"@id\":\"https:\\\/\\\/aktuelles.uni-frankfurt.de\\\/unireport\\\/der-geschmack-italiens-ringvorlesung-des-rmu-italienforums-ab-24-april-2023\\\/\"},\"wordCount\":788,\"publisher\":{\"@id\":\"https:\\\/\\\/aktuelles.uni-frankfurt.de\\\/#organization\"},\"image\":{\"@id\":\"https:\\\/\\\/aktuelles.uni-frankfurt.de\\\/unireport\\\/der-geschmack-italiens-ringvorlesung-des-rmu-italienforums-ab-24-april-2023\\\/#primaryimage\"},\"thumbnailUrl\":\"https:\\\/\\\/aktuelles.uni-frankfurt.de\\\/wp-content\\\/uploads\\\/2023\\\/02\\\/Beitragsbild_UR1.23_Italienforum.jpg\",\"keywords\":[\"RMU\",\"UniReport 1.23\"],\"articleSection\":[\"UniReport\",\"Veranstaltungen\"],\"inLanguage\":\"en-GB\"},{\"@type\":\"WebPage\",\"@id\":\"https:\\\/\\\/aktuelles.uni-frankfurt.de\\\/unireport\\\/der-geschmack-italiens-ringvorlesung-des-rmu-italienforums-ab-24-april-2023\\\/\",\"url\":\"https:\\\/\\\/aktuelles.uni-frankfurt.de\\\/unireport\\\/der-geschmack-italiens-ringvorlesung-des-rmu-italienforums-ab-24-april-2023\\\/\",\"name\":\"Der Geschmack Italiens: Ringvorlesung des RMU-Italienforums ab 24. April 2023 | Aktuelles aus der Goethe-Universit\u00e4t Frankfurt\",\"isPartOf\":{\"@id\":\"https:\\\/\\\/aktuelles.uni-frankfurt.de\\\/#website\"},\"primaryImageOfPage\":{\"@id\":\"https:\\\/\\\/aktuelles.uni-frankfurt.de\\\/unireport\\\/der-geschmack-italiens-ringvorlesung-des-rmu-italienforums-ab-24-april-2023\\\/#primaryimage\"},\"image\":{\"@id\":\"https:\\\/\\\/aktuelles.uni-frankfurt.de\\\/unireport\\\/der-geschmack-italiens-ringvorlesung-des-rmu-italienforums-ab-24-april-2023\\\/#primaryimage\"},\"thumbnailUrl\":\"https:\\\/\\\/aktuelles.uni-frankfurt.de\\\/wp-content\\\/uploads\\\/2023\\\/02\\\/Beitragsbild_UR1.23_Italienforum.jpg\",\"datePublished\":\"2023-03-07T15:42:32+00:00\",\"dateModified\":\"2023-03-13T12:10:57+00:00\",\"breadcrumb\":{\"@id\":\"https:\\\/\\\/aktuelles.uni-frankfurt.de\\\/unireport\\\/der-geschmack-italiens-ringvorlesung-des-rmu-italienforums-ab-24-april-2023\\\/#breadcrumb\"},\"inLanguage\":\"en-GB\",\"potentialAction\":[{\"@type\":\"ReadAction\",\"target\":[\"https:\\\/\\\/aktuelles.uni-frankfurt.de\\\/unireport\\\/der-geschmack-italiens-ringvorlesung-des-rmu-italienforums-ab-24-april-2023\\\/\"]}]},{\"@type\":\"ImageObject\",\"inLanguage\":\"en-GB\",\"@id\":\"https:\\\/\\\/aktuelles.uni-frankfurt.de\\\/unireport\\\/der-geschmack-italiens-ringvorlesung-des-rmu-italienforums-ab-24-april-2023\\\/#primaryimage\",\"url\":\"https:\\\/\\\/aktuelles.uni-frankfurt.de\\\/wp-content\\\/uploads\\\/2023\\\/02\\\/Beitragsbild_UR1.23_Italienforum.jpg\",\"contentUrl\":\"https:\\\/\\\/aktuelles.uni-frankfurt.de\\\/wp-content\\\/uploads\\\/2023\\\/02\\\/Beitragsbild_UR1.23_Italienforum.jpg\",\"width\":650,\"height\":450},{\"@type\":\"BreadcrumbList\",\"@id\":\"https:\\\/\\\/aktuelles.uni-frankfurt.de\\\/unireport\\\/der-geschmack-italiens-ringvorlesung-des-rmu-italienforums-ab-24-april-2023\\\/#breadcrumb\",\"itemListElement\":[{\"@type\":\"ListItem\",\"position\":1,\"name\":\"Startseite\",\"item\":\"https:\\\/\\\/aktuelles.uni-frankfurt.de\\\/\"},{\"@type\":\"ListItem\",\"position\":2,\"name\":\"Der Geschmack Italiens: Ringvorlesung des RMU-Italienforums ab 24. April 2023\"}]},{\"@type\":\"WebSite\",\"@id\":\"https:\\\/\\\/aktuelles.uni-frankfurt.de\\\/#website\",\"url\":\"https:\\\/\\\/aktuelles.uni-frankfurt.de\\\/\",\"name\":\"Aktuelles aus der Goethe-Universit\u00e4t Frankfurt\",\"description\":\"Aktuelles aus der Goethe-Universit\u00e4t | Neues aus Forschung, Lehre, Studium\",\"publisher\":{\"@id\":\"https:\\\/\\\/aktuelles.uni-frankfurt.de\\\/#organization\"},\"potentialAction\":[{\"@type\":\"SearchAction\",\"target\":{\"@type\":\"EntryPoint\",\"urlTemplate\":\"https:\\\/\\\/aktuelles.uni-frankfurt.de\\\/?s={search_term_string}\"},\"query-input\":{\"@type\":\"PropertyValueSpecification\",\"valueRequired\":true,\"valueName\":\"search_term_string\"}}],\"inLanguage\":\"en-GB\"},{\"@type\":\"Organization\",\"@id\":\"https:\\\/\\\/aktuelles.uni-frankfurt.de\\\/#organization\",\"name\":\"Goethe-Universit\u00e4t\",\"url\":\"https:\\\/\\\/aktuelles.uni-frankfurt.de\\\/\",\"logo\":{\"@type\":\"ImageObject\",\"inLanguage\":\"en-GB\",\"@id\":\"https:\\\/\\\/aktuelles.uni-frankfurt.de\\\/#\\\/schema\\\/logo\\\/image\\\/\",\"url\":\"https:\\\/\\\/aktuelles.uni-frankfurt.de\\\/wp-content\\\/uploads\\\/2022\\\/03\\\/800px-Goethe-Logo.png\",\"contentUrl\":\"https:\\\/\\\/aktuelles.uni-frankfurt.de\\\/wp-content\\\/uploads\\\/2022\\\/03\\\/800px-Goethe-Logo.png\",\"width\":800,\"height\":436,\"caption\":\"Goethe-Universit\u00e4t\"},\"image\":{\"@id\":\"https:\\\/\\\/aktuelles.uni-frankfurt.de\\\/#\\\/schema\\\/logo\\\/image\\\/\"}},{\"@type\":\"Person\",\"@id\":\"https:\\\/\\\/aktuelles.uni-frankfurt.de\\\/#\\\/schema\\\/person\\\/370c4588b49f66f89d917e8bd01f72b0\",\"name\":\"Dr. Dirk Frank\",\"description\":\"Dr. Dirk Frank, 49, ist seit 2012 Pressereferent an der Goethe-Universit\u00e4t. Der promovierte Literaturwissenschaftler ist stellvertretender Leiter der Abteilung Marketing und Kommunikation und f\u00fcr die Redaktion des UniReport zust\u00e4ndig.\",\"sameAs\":[\"http:\\\/\\\/aktuelles.uni-frankfurt.de\\\/\"],\"url\":\"https:\\\/\\\/aktuelles.uni-frankfurt.de\\\/en\\\/author\\\/dr-dirkfrank\\\/\"}]}<\/script>\n<!-- \/ Yoast SEO plugin. -->","yoast_head_json":{"title":"Der Geschmack Italiens: Ringvorlesung des RMU-Italienforums ab 24. April 2023 | Aktuelles aus der Goethe-Universit\u00e4t Frankfurt","robots":{"index":"index","follow":"follow","max-snippet":"max-snippet:-1","max-image-preview":"max-image-preview:large","max-video-preview":"max-video-preview:-1"},"canonical":"https:\/\/aktuelles.uni-frankfurt.de\/en\/unireport\/der-geschmack-italiens-ringvorlesung-des-rmu-italienforums-ab-24-april-2023\/","og_locale":"en_GB","og_type":"article","og_title":"Der Geschmack Italiens: Ringvorlesung des RMU-Italienforums ab 24. April 2023 | Aktuelles aus der Goethe-Universit\u00e4t Frankfurt","og_description":"Die Strategische Allianz der Rhein-Main-Universit\u00e4ten (RMU) hat Ende letzten Jahres das neu gegr\u00fcndete RMU-Italienforum er\u00f6ffnet. Eine Ringvorlesung im Sommer soll die gemeinsamen Aktivit\u00e4ten in Forschung und Lehre verstetigen. Acht Wissenschaftler*innen [&hellip;]","og_url":"https:\/\/aktuelles.uni-frankfurt.de\/en\/unireport\/der-geschmack-italiens-ringvorlesung-des-rmu-italienforums-ab-24-april-2023\/","og_site_name":"Aktuelles aus der Goethe-Universit\u00e4t Frankfurt","article_published_time":"2023-03-07T15:42:32+00:00","article_modified_time":"2023-03-13T12:10:57+00:00","og_image":[{"width":650,"height":450,"url":"https:\/\/aktuelles.uni-frankfurt.de\/wp-content\/uploads\/2023\/02\/Beitragsbild_UR1.23_Italienforum.jpg","type":"image\/jpeg"}],"author":"Dr. Dirk Frank","twitter_card":"summary_large_image","twitter_misc":{"Written by":"Dr. Dirk Frank","Estimated reading time":"4 minutes"},"schema":{"@context":"https:\/\/schema.org","@graph":[{"@type":"Article","@id":"https:\/\/aktuelles.uni-frankfurt.de\/unireport\/der-geschmack-italiens-ringvorlesung-des-rmu-italienforums-ab-24-april-2023\/#article","isPartOf":{"@id":"https:\/\/aktuelles.uni-frankfurt.de\/unireport\/der-geschmack-italiens-ringvorlesung-des-rmu-italienforums-ab-24-april-2023\/"},"author":{"name":"Dr. Dirk Frank","@id":"https:\/\/aktuelles.uni-frankfurt.de\/#\/schema\/person\/370c4588b49f66f89d917e8bd01f72b0"},"headline":"Der Geschmack Italiens: Ringvorlesung des RMU-Italienforums ab 24. April 2023","datePublished":"2023-03-07T15:42:32+00:00","dateModified":"2023-03-13T12:10:57+00:00","mainEntityOfPage":{"@id":"https:\/\/aktuelles.uni-frankfurt.de\/unireport\/der-geschmack-italiens-ringvorlesung-des-rmu-italienforums-ab-24-april-2023\/"},"wordCount":788,"publisher":{"@id":"https:\/\/aktuelles.uni-frankfurt.de\/#organization"},"image":{"@id":"https:\/\/aktuelles.uni-frankfurt.de\/unireport\/der-geschmack-italiens-ringvorlesung-des-rmu-italienforums-ab-24-april-2023\/#primaryimage"},"thumbnailUrl":"https:\/\/aktuelles.uni-frankfurt.de\/wp-content\/uploads\/2023\/02\/Beitragsbild_UR1.23_Italienforum.jpg","keywords":["RMU","UniReport 1.23"],"articleSection":["UniReport","Veranstaltungen"],"inLanguage":"en-GB"},{"@type":"WebPage","@id":"https:\/\/aktuelles.uni-frankfurt.de\/unireport\/der-geschmack-italiens-ringvorlesung-des-rmu-italienforums-ab-24-april-2023\/","url":"https:\/\/aktuelles.uni-frankfurt.de\/unireport\/der-geschmack-italiens-ringvorlesung-des-rmu-italienforums-ab-24-april-2023\/","name":"Der Geschmack Italiens: Ringvorlesung des RMU-Italienforums ab 24. April 2023 | Aktuelles aus der Goethe-Universit\u00e4t Frankfurt","isPartOf":{"@id":"https:\/\/aktuelles.uni-frankfurt.de\/#website"},"primaryImageOfPage":{"@id":"https:\/\/aktuelles.uni-frankfurt.de\/unireport\/der-geschmack-italiens-ringvorlesung-des-rmu-italienforums-ab-24-april-2023\/#primaryimage"},"image":{"@id":"https:\/\/aktuelles.uni-frankfurt.de\/unireport\/der-geschmack-italiens-ringvorlesung-des-rmu-italienforums-ab-24-april-2023\/#primaryimage"},"thumbnailUrl":"https:\/\/aktuelles.uni-frankfurt.de\/wp-content\/uploads\/2023\/02\/Beitragsbild_UR1.23_Italienforum.jpg","datePublished":"2023-03-07T15:42:32+00:00","dateModified":"2023-03-13T12:10:57+00:00","breadcrumb":{"@id":"https:\/\/aktuelles.uni-frankfurt.de\/unireport\/der-geschmack-italiens-ringvorlesung-des-rmu-italienforums-ab-24-april-2023\/#breadcrumb"},"inLanguage":"en-GB","potentialAction":[{"@type":"ReadAction","target":["https:\/\/aktuelles.uni-frankfurt.de\/unireport\/der-geschmack-italiens-ringvorlesung-des-rmu-italienforums-ab-24-april-2023\/"]}]},{"@type":"ImageObject","inLanguage":"en-GB","@id":"https:\/\/aktuelles.uni-frankfurt.de\/unireport\/der-geschmack-italiens-ringvorlesung-des-rmu-italienforums-ab-24-april-2023\/#primaryimage","url":"https:\/\/aktuelles.uni-frankfurt.de\/wp-content\/uploads\/2023\/02\/Beitragsbild_UR1.23_Italienforum.jpg","contentUrl":"https:\/\/aktuelles.uni-frankfurt.de\/wp-content\/uploads\/2023\/02\/Beitragsbild_UR1.23_Italienforum.jpg","width":650,"height":450},{"@type":"BreadcrumbList","@id":"https:\/\/aktuelles.uni-frankfurt.de\/unireport\/der-geschmack-italiens-ringvorlesung-des-rmu-italienforums-ab-24-april-2023\/#breadcrumb","itemListElement":[{"@type":"ListItem","position":1,"name":"Startseite","item":"https:\/\/aktuelles.uni-frankfurt.de\/"},{"@type":"ListItem","position":2,"name":"Der Geschmack Italiens: Ringvorlesung des RMU-Italienforums ab 24. April 2023"}]},{"@type":"WebSite","@id":"https:\/\/aktuelles.uni-frankfurt.de\/#website","url":"https:\/\/aktuelles.uni-frankfurt.de\/","name":"Aktuelles aus der Goethe-Universit\u00e4t Frankfurt","description":"Aktuelles aus der Goethe-Universit\u00e4t | Neues aus Forschung, Lehre, Studium","publisher":{"@id":"https:\/\/aktuelles.uni-frankfurt.de\/#organization"},"potentialAction":[{"@type":"SearchAction","target":{"@type":"EntryPoint","urlTemplate":"https:\/\/aktuelles.uni-frankfurt.de\/?s={search_term_string}"},"query-input":{"@type":"PropertyValueSpecification","valueRequired":true,"valueName":"search_term_string"}}],"inLanguage":"en-GB"},{"@type":"Organization","@id":"https:\/\/aktuelles.uni-frankfurt.de\/#organization","name":"Goethe University Frankfurt","url":"https:\/\/aktuelles.uni-frankfurt.de\/","logo":{"@type":"ImageObject","inLanguage":"en-GB","@id":"https:\/\/aktuelles.uni-frankfurt.de\/#\/schema\/logo\/image\/","url":"https:\/\/aktuelles.uni-frankfurt.de\/wp-content\/uploads\/2022\/03\/800px-Goethe-Logo.png","contentUrl":"https:\/\/aktuelles.uni-frankfurt.de\/wp-content\/uploads\/2022\/03\/800px-Goethe-Logo.png","width":800,"height":436,"caption":"Goethe-Universit\u00e4t"},"image":{"@id":"https:\/\/aktuelles.uni-frankfurt.de\/#\/schema\/logo\/image\/"}},{"@type":"Person","@id":"https:\/\/aktuelles.uni-frankfurt.de\/#\/schema\/person\/370c4588b49f66f89d917e8bd01f72b0","name":"Dr. Dirk Frank","description":"Dr. Dirk Frank, 49, ist seit 2012 Pressereferent an der Goethe-Universit\u00e4t. Der promovierte Literaturwissenschaftler ist stellvertretender Leiter der Abteilung Marketing und Kommunikation und f\u00fcr die Redaktion des UniReport zust\u00e4ndig.","sameAs":["http:\/\/aktuelles.uni-frankfurt.de\/"],"url":"https:\/\/aktuelles.uni-frankfurt.de\/en\/author\/dr-dirkfrank\/"}]}},"_links":{"self":[{"href":"https:\/\/aktuelles.uni-frankfurt.de\/en\/wp-json\/wp\/v2\/posts\/67770","targetHints":{"allow":["GET"]}}],"collection":[{"href":"https:\/\/aktuelles.uni-frankfurt.de\/en\/wp-json\/wp\/v2\/posts"}],"about":[{"href":"https:\/\/aktuelles.uni-frankfurt.de\/en\/wp-json\/wp\/v2\/types\/post"}],"author":[{"embeddable":true,"href":"https:\/\/aktuelles.uni-frankfurt.de\/en\/wp-json\/wp\/v2\/users\/4"}],"replies":[{"embeddable":true,"href":"https:\/\/aktuelles.uni-frankfurt.de\/en\/wp-json\/wp\/v2\/comments?post=67770"}],"version-history":[{"count":0,"href":"https:\/\/aktuelles.uni-frankfurt.de\/en\/wp-json\/wp\/v2\/posts\/67770\/revisions"}],"wp:featuredmedia":[{"embeddable":true,"href":"https:\/\/aktuelles.uni-frankfurt.de\/en\/wp-json\/wp\/v2\/media\/67780"}],"wp:attachment":[{"href":"https:\/\/aktuelles.uni-frankfurt.de\/en\/wp-json\/wp\/v2\/media?parent=67770"}],"wp:term":[{"taxonomy":"category","embeddable":true,"href":"https:\/\/aktuelles.uni-frankfurt.de\/en\/wp-json\/wp\/v2\/categories?post=67770"},{"taxonomy":"post_tag","embeddable":true,"href":"https:\/\/aktuelles.uni-frankfurt.de\/en\/wp-json\/wp\/v2\/tags?post=67770"},{"taxonomy":"post_folder","embeddable":true,"href":"https:\/\/aktuelles.uni-frankfurt.de\/en\/wp-json\/wp\/v2\/post_folder?post=67770"}],"curies":[{"name":"wp","href":"https:\/\/api.w.org\/{rel}","templated":true}]}}