{"id":68117,"date":"2023-02-22T10:34:55","date_gmt":"2023-02-22T09:34:55","guid":{"rendered":"https:\/\/aktuelles.uni-frankfurt.de\/?p=68117"},"modified":"2023-02-22T10:46:36","modified_gmt":"2023-02-22T09:46:36","slug":"meteoritenkrater-in-franzoesischem-weingut-entdeckt","status":"publish","type":"post","link":"https:\/\/aktuelles.uni-frankfurt.de\/en\/forschung\/meteoritenkrater-in-franzoesischem-weingut-entdeckt\/","title":{"rendered":"Meteorite crater discovered in French vineyard"},"content":{"rendered":"<p><strong>Um eine attraktive Weinmarke zu schaffen, verweist das Weingut \u201eDomaine du M\u00e9t\u00e9ore\u201c nahe der s\u00fcdfranz\u00f6sischen Stadt B\u00e9ziers mit seinem Namen auf eine lokale Besonderheit: Eines der Weinfelder befindet sich in einer runden Senke von 200 Metern Durchmesser, die einem Einschlagkrater \u00e4hnelt. Wissenschaftler:innen um den Kosmochemiker Prof. Frank Brenker von der Goethe-Universit\u00e4t Frankfurt stellten jetzt durch Gesteins- und Bodenanalysen fest, dass der Krater einst tats\u00e4chlich durch den Einschlag eines Eisen-Nickel-Meteoriten entstanden ist. Damit widerlegten sie eine knapp 60 Jahre alte wissenschaftliche Einsch\u00e4tzung, derentwegen der Krater nie n\u00e4her geologisch untersucht wurde.<\/strong><\/p>\n\n\n\n<figure class=\"wp-block-image size-full is-resized\"><a href=\"https:\/\/aktuelles.uni-frankfurt.de\/wp-content\/uploads\/2023\/02\/beitragsbild_Trou_de_Meteore_c_FrankBrenker.png\"><img fetchpriority=\"high\" decoding=\"async\" src=\"https:\/\/aktuelles.uni-frankfurt.de\/wp-content\/uploads\/2023\/02\/beitragsbild_Trou_de_Meteore_c_FrankBrenker.png\" alt=\"\" class=\"wp-image-68118\" width=\"838\" height=\"580\" srcset=\"https:\/\/aktuelles.uni-frankfurt.de\/wp-content\/uploads\/2023\/02\/beitragsbild_Trou_de_Meteore_c_FrankBrenker.png 650w, https:\/\/aktuelles.uni-frankfurt.de\/wp-content\/uploads\/2023\/02\/beitragsbild_Trou_de_Meteore_c_FrankBrenker-300x208.png 300w, https:\/\/aktuelles.uni-frankfurt.de\/wp-content\/uploads\/2023\/02\/beitragsbild_Trou_de_Meteore_c_FrankBrenker-18x12.png 18w\" sizes=\"(max-width: 838px) 100vw, 838px\" \/><\/a><figcaption class=\"wp-element-caption\"><strong>Das \u201eTrou du M\u00e9t\u00e9ore\u201c:<\/strong> Der Krater auf dem Weingut \u201eDomaine du M\u00e9t\u00e9ore\u201c stammt wirklich von einem Meteoriteneinschlag. Foto: Frank Brenker, Goethe-Universit\u00e4t Frankfurt<\/figcaption><\/figure>\n\n\n\n<p>Zahllose Meteoriten haben die Erde in der Vergangenheit getroffen und die Geschichte unseres Planeten gepr\u00e4gt. So nimmt man beispielsweise an, dass ein Gro\u00dfteil des Wassers einst mit Meteoriten auf die Erde gelangt ist. Auch das Aussterben der Dinosaurier ist m\u00f6glicherweise durch den Einschlag eines sehr gro\u00dfen Meteoriten ausgel\u00f6st worden.<\/p>\n\n\n\n<p>Heute noch sichtbare Einschlagkrater von Meteoriten sind selten: Die meisten Spuren der Himmelsk\u00f6rper sind durch Erosion und Verschiebeprozesse der Erdkruste, die Plattentektonik, l\u00e4ngst wieder verschwunden. Gerade einmal 190 Meteoritenkrater weltweit listet die \u201eEarth Impact Database\u201c auf. In ganz Westeuropa waren bislang nur drei bekannt: Rochechouart im franz\u00f6sischen Aquitanien, das N\u00f6rdlinger Ries zwischen Schw\u00e4bischer und Fr\u00e4nkischer Alb sowie Steinheimer Becken im baden-w\u00fcrttembergischen Landkreis Heidenheim. Allerdings sind die drei Einschlagkrater infolge der Millionen von Jahren wirkenden Erosion f\u00fcr Laien kaum noch als solche zu erkennen.<\/p>\n\n\n\n<p>Nun wird ein neuer Meteoritenkrater die Liste der \u201eEarth Impact Database\u201c verl\u00e4ngern, ist der Geologe und Kosmochemiker Prof. Frank Brenker von der Goethe-Universit\u00e4t \u00fcberzeugt. W\u00e4hrend eines Urlaubs wurde er auf das Weingut \u201eDomaine du M\u00e9t\u00e9ore\u201c aufmerksam. Eines deren Weinfelder liegt in einer runden Senke von etwa 220 Metern Durchmesser und 30 Metern Tiefe, und die Besitzer nutzen die scheinbar l\u00e4ngst widerlegte wissenschaftliche These, es handele sich um den Einschlagskrater eines Meteoriten, als Marketing-Gag f\u00fcr ihren Wein. Diese These war zwar in den 1950er Jahren von einigen Geologen aufgestellt, einige Jahre darauf jedoch von renommierten Kollegen verworfen worden.<\/p>\n\n\n\n<p>Frank Brenker erkl\u00e4rt: \u201eKrater k\u00f6nnen auf viele Weisen entstanden sein, und Meteoritenkrater sind in der Tat sehr selten. Allerdings haben mich die verschiedenen anderen Deutungen, wie diese Senke entstanden sein k\u00f6nnte, aus geologischer Sicht nicht \u00fcberzeugt.\u201c Also sammelten seine Frau und er Gesteinsproben f\u00fcr die Analyse in den Laboren der Frankfurter Goethe-Universit\u00e4t ein \u2013 und fanden tats\u00e4chlich die ersten Hinweise auf einen Impaktkrater. Brenker: \u201eDunkle Lagen in einem der Schiefer, die meist einfach aus einen h\u00f6heren Glimmeranteil bestehen, erwiesen sich durch die Mikroanalyse als m\u00f6gliche Schockadern, die durch Zerreiben und Zerbrechen des Gesteins entstehen und von einem Einschlag herr\u00fchren k\u00f6nnten.\u201c Dazu kamen so genannte Brekzien, eckige Gesteinstr\u00fcmmer, die durch eine Art Kitt zusammengehalten werden, die ebenfalls durch Meteoriteneinschl\u00e4ge auftreten k\u00f6nnen.<\/p>\n\n\n\n<p>Im Folgejahr nahm Brenker seinen Kollegen Andreas Junge, Professor f\u00fcr Angewandte Geophysik an der Goethe-Universit\u00e4t, und eine Gruppe Studierende mit nach S\u00fcdfrankreich, um den Krater gemeinsam systematisch zu untersuchen. Das Ergebnis: Das Erdmagnetfeld ist im Krater etwas schw\u00e4cher als in der Umgebung. Das ist typisch f\u00fcr Einschlagkrater, denn durch den Einschlag wird das Gestein zertr\u00fcmmert und sogar aufgeschmolzen und kann so weniger stark zum Erdmagnetfeld beitragen.<\/p>\n\n\n\n<p>Au\u00dferdem fanden die Forscher:innen mithilfe starker Magneten, die an einer Platte befestigt waren, winzige Eisenoxidk\u00fcgelchen von bis zu einem Millimeter Durchmesser. Solche K\u00fcgelchen wurden bereits an anderen Einschlagkratern gefunden. Die sp\u00e4tere Laboranalyse zeigte, dass diese auch nickelhaltiges Eisen enthielten und einen Kern aus Mineralien umschlossen, die typisch f\u00fcr die Kraterumgebung sind. Zudem konnten zahlreiche Mikrodiamanten entdeckt werden, die durch den hohen Druck w\u00e4hrend des Meteoriteneinschlags entstanden waren.<\/p>\n\n\n\n<p>Frank Brenker erl\u00e4utert: \u201eSolche Mikrosph\u00e4ren bilden sich entweder durch Abrieb des Meteoriten in der Atmosph\u00e4re oder erst beim Aufschlag, wenn ein Gro\u00dfteil des Eisen- Meteoriten schmilzt und dann mit dem Sauerstoff der Luft reagiert. Beim Aufschlag kann dann auch zertr\u00fcmmertes Material vom Aufschlagsgebiet eingeschlossen werden. Zusammen mit dem verringerten Magnetfeld und den weiteren geologischen und mineralogischen Funden l\u00e4sst dies kaum einen anderen Schluss zu: Hier ist tats\u00e4chlich ein Meteorit eingeschlagen.\u201c Dadurch werde der Ort auch f\u00fcr geologische Laien sehr spannend, findet Brenker, denn \u201ehier kann jede Besucherin und jeder Besucher erfahren, welche immensen Energien bei einem solchen Einschlag freigesetzt werden.\u201c<\/p>\n\n\n\n<figure class=\"wp-block-image size-full is-resized\"><a href=\"https:\/\/aktuelles.uni-frankfurt.de\/wp-content\/uploads\/2023\/02\/beitrag_MicrospheruleDdM_c_FrankBrenker.jpg\"><img decoding=\"async\" src=\"https:\/\/aktuelles.uni-frankfurt.de\/wp-content\/uploads\/2023\/02\/beitrag_MicrospheruleDdM_c_FrankBrenker.jpg\" alt=\"\" class=\"wp-image-68123\" width=\"838\" height=\"664\" srcset=\"https:\/\/aktuelles.uni-frankfurt.de\/wp-content\/uploads\/2023\/02\/beitrag_MicrospheruleDdM_c_FrankBrenker.jpg 750w, https:\/\/aktuelles.uni-frankfurt.de\/wp-content\/uploads\/2023\/02\/beitrag_MicrospheruleDdM_c_FrankBrenker-300x238.jpg 300w, https:\/\/aktuelles.uni-frankfurt.de\/wp-content\/uploads\/2023\/02\/beitrag_MicrospheruleDdM_c_FrankBrenker-15x12.jpg 15w\" sizes=\"(max-width: 838px) 100vw, 838px\" \/><\/a><figcaption class=\"wp-element-caption\"><strong>Mikrosph\u00e4re vom Meteoriten:<\/strong> Das am Krater der \u201eDomaine du M\u00e9t\u00e9ore\u201c gefundene Eisenoxidk\u00fcgelchen enthielt einen Kern aus Mineralien, die typisch f\u00fcr die Kraterumgebung sind, sowie viele Mikrodiamanten. Foto: Frank Brenker, Goethe-Universit\u00e4t Frankfurt<\/figcaption><\/figure>\n\n\n\n<div style=\"height:20px\" aria-hidden=\"true\" class=\"wp-block-spacer\"><\/div>\n\n\n\n<p class=\"has-background\" style=\"background-color:#eeeeee\"><strong>Publikation\/Abstract:<\/strong> Frank E. Brenker, Andreas Junge. <strong>Impact origin of the \u201cDomaine du Meteore\u201d-crater, France. Compelling mineralogical and geophysical evidence for an unrecognized destructive event in the heart of Europe.<\/strong> LPSC Houston, #1910 (2023) <a href=\"https:\/\/www.hou.usra.edu\/meetings\/lpsc2023\/pdf\/1910.pdf\" target=\"_blank\" rel=\"noreferrer noopener\">www.hou.usra.edu\/meetings\/lpsc2023\/pdf\/1910.pdf<\/a><\/p>","protected":false},"excerpt":{"rendered":"<p>Um eine attraktive Weinmarke zu schaffen, verweist das Weingut \u201eDomaine du M\u00e9t\u00e9ore\u201c nahe der s\u00fcdfranz\u00f6sischen Stadt B\u00e9ziers mit seinem Namen auf eine lokale Besonderheit: Eines der Weinfelder befindet sich in [&hellip;]<\/p>\n","protected":false},"author":8,"featured_media":68118,"comment_status":"closed","ping_status":"closed","sticky":false,"template":"","format":"standard","meta":{"_eb_attr":"","_price":"","_stock":"","_tribe_ticket_header":"","_tribe_default_ticket_provider":"","_ticket_start_date":"","_ticket_end_date":"","_tribe_ticket_show_description":"","_tribe_ticket_show_not_going":false,"_tribe_ticket_use_global_stock":"","_tribe_ticket_global_stock_level":"","_global_stock_mode":"","_global_stock_cap":"","_tribe_rsvp_for_event":"","_tribe_ticket_going_count":"","_tribe_ticket_not_going_count":"","_tribe_tickets_list":"[]","_tribe_ticket_has_attendee_info_fields":false,"footnotes":""},"categories":[3,91],"tags":[57],"post_folder":[],"class_list":["post-68117","post","type-post","status-publish","format-standard","has-post-thumbnail","hentry","category-forschung","category-zticky","tag-geowissenschaften"],"yoast_head":"<!-- This site is optimized with the Yoast SEO plugin v27.5 - https:\/\/yoast.com\/product\/yoast-seo-wordpress\/ -->\n<title>Meteoritenkrater in franz\u00f6sischem Weingut entdeckt | Aktuelles aus der Goethe-Universit\u00e4t Frankfurt<\/title>\n<meta name=\"robots\" content=\"index, follow, max-snippet:-1, max-image-preview:large, max-video-preview:-1\" \/>\n<link rel=\"canonical\" href=\"https:\/\/aktuelles.uni-frankfurt.de\/en\/forschung\/meteoritenkrater-in-franzoesischem-weingut-entdeckt\/\" \/>\n<meta property=\"og:locale\" content=\"en_GB\" \/>\n<meta property=\"og:type\" content=\"article\" \/>\n<meta property=\"og:title\" content=\"Meteoritenkrater in franz\u00f6sischem Weingut entdeckt | Aktuelles aus der Goethe-Universit\u00e4t Frankfurt\" \/>\n<meta property=\"og:description\" content=\"Um eine attraktive Weinmarke zu schaffen, verweist das Weingut \u201eDomaine du M\u00e9t\u00e9ore\u201c nahe der s\u00fcdfranz\u00f6sischen Stadt B\u00e9ziers mit seinem Namen auf eine lokale Besonderheit: Eines der Weinfelder befindet sich in [&hellip;]\" \/>\n<meta property=\"og:url\" content=\"https:\/\/aktuelles.uni-frankfurt.de\/en\/forschung\/meteoritenkrater-in-franzoesischem-weingut-entdeckt\/\" \/>\n<meta property=\"og:site_name\" content=\"Aktuelles aus der Goethe-Universit\u00e4t Frankfurt\" \/>\n<meta property=\"article:published_time\" content=\"2023-02-22T09:34:55+00:00\" \/>\n<meta property=\"article:modified_time\" content=\"2023-02-22T09:46:36+00:00\" \/>\n<meta property=\"og:image\" content=\"https:\/\/aktuelles.uni-frankfurt.de\/wp-content\/uploads\/2023\/02\/beitragsbild_Trou_de_Meteore_c_FrankBrenker.png\" \/>\n\t<meta property=\"og:image:width\" content=\"650\" \/>\n\t<meta property=\"og:image:height\" content=\"450\" \/>\n\t<meta property=\"og:image:type\" content=\"image\/png\" \/>\n<meta name=\"author\" content=\"-\" \/>\n<meta name=\"twitter:card\" content=\"summary_large_image\" \/>\n<meta name=\"twitter:label1\" content=\"Written by\" \/>\n\t<meta name=\"twitter:data1\" content=\"-\" \/>\n\t<meta name=\"twitter:label2\" content=\"Estimated reading time\" \/>\n\t<meta name=\"twitter:data2\" content=\"4 minutes\" \/>\n<script type=\"application\/ld+json\" class=\"yoast-schema-graph\">{\"@context\":\"https:\\\/\\\/schema.org\",\"@graph\":[{\"@type\":\"Article\",\"@id\":\"https:\\\/\\\/aktuelles.uni-frankfurt.de\\\/forschung\\\/meteoritenkrater-in-franzoesischem-weingut-entdeckt\\\/#article\",\"isPartOf\":{\"@id\":\"https:\\\/\\\/aktuelles.uni-frankfurt.de\\\/forschung\\\/meteoritenkrater-in-franzoesischem-weingut-entdeckt\\\/\"},\"author\":{\"name\":\"-\",\"@id\":\"https:\\\/\\\/aktuelles.uni-frankfurt.de\\\/#\\\/schema\\\/person\\\/8e55ea338fb65d1ce87a91565d1f1739\"},\"headline\":\"Meteoritenkrater in franz\u00f6sischem Weingut entdeckt\",\"datePublished\":\"2023-02-22T09:34:55+00:00\",\"dateModified\":\"2023-02-22T09:46:36+00:00\",\"mainEntityOfPage\":{\"@id\":\"https:\\\/\\\/aktuelles.uni-frankfurt.de\\\/forschung\\\/meteoritenkrater-in-franzoesischem-weingut-entdeckt\\\/\"},\"wordCount\":840,\"publisher\":{\"@id\":\"https:\\\/\\\/aktuelles.uni-frankfurt.de\\\/#organization\"},\"image\":{\"@id\":\"https:\\\/\\\/aktuelles.uni-frankfurt.de\\\/forschung\\\/meteoritenkrater-in-franzoesischem-weingut-entdeckt\\\/#primaryimage\"},\"thumbnailUrl\":\"https:\\\/\\\/aktuelles.uni-frankfurt.de\\\/wp-content\\\/uploads\\\/2023\\\/02\\\/beitragsbild_Trou_de_Meteore_c_FrankBrenker.png\",\"keywords\":[\"Geowissenschaften\"],\"articleSection\":[\"Forschung\",\"Zticky\"],\"inLanguage\":\"en-GB\"},{\"@type\":\"WebPage\",\"@id\":\"https:\\\/\\\/aktuelles.uni-frankfurt.de\\\/forschung\\\/meteoritenkrater-in-franzoesischem-weingut-entdeckt\\\/\",\"url\":\"https:\\\/\\\/aktuelles.uni-frankfurt.de\\\/forschung\\\/meteoritenkrater-in-franzoesischem-weingut-entdeckt\\\/\",\"name\":\"Meteoritenkrater in franz\u00f6sischem Weingut entdeckt | Aktuelles aus der Goethe-Universit\u00e4t Frankfurt\",\"isPartOf\":{\"@id\":\"https:\\\/\\\/aktuelles.uni-frankfurt.de\\\/#website\"},\"primaryImageOfPage\":{\"@id\":\"https:\\\/\\\/aktuelles.uni-frankfurt.de\\\/forschung\\\/meteoritenkrater-in-franzoesischem-weingut-entdeckt\\\/#primaryimage\"},\"image\":{\"@id\":\"https:\\\/\\\/aktuelles.uni-frankfurt.de\\\/forschung\\\/meteoritenkrater-in-franzoesischem-weingut-entdeckt\\\/#primaryimage\"},\"thumbnailUrl\":\"https:\\\/\\\/aktuelles.uni-frankfurt.de\\\/wp-content\\\/uploads\\\/2023\\\/02\\\/beitragsbild_Trou_de_Meteore_c_FrankBrenker.png\",\"datePublished\":\"2023-02-22T09:34:55+00:00\",\"dateModified\":\"2023-02-22T09:46:36+00:00\",\"breadcrumb\":{\"@id\":\"https:\\\/\\\/aktuelles.uni-frankfurt.de\\\/forschung\\\/meteoritenkrater-in-franzoesischem-weingut-entdeckt\\\/#breadcrumb\"},\"inLanguage\":\"en-GB\",\"potentialAction\":[{\"@type\":\"ReadAction\",\"target\":[\"https:\\\/\\\/aktuelles.uni-frankfurt.de\\\/forschung\\\/meteoritenkrater-in-franzoesischem-weingut-entdeckt\\\/\"]}]},{\"@type\":\"ImageObject\",\"inLanguage\":\"en-GB\",\"@id\":\"https:\\\/\\\/aktuelles.uni-frankfurt.de\\\/forschung\\\/meteoritenkrater-in-franzoesischem-weingut-entdeckt\\\/#primaryimage\",\"url\":\"https:\\\/\\\/aktuelles.uni-frankfurt.de\\\/wp-content\\\/uploads\\\/2023\\\/02\\\/beitragsbild_Trou_de_Meteore_c_FrankBrenker.png\",\"contentUrl\":\"https:\\\/\\\/aktuelles.uni-frankfurt.de\\\/wp-content\\\/uploads\\\/2023\\\/02\\\/beitragsbild_Trou_de_Meteore_c_FrankBrenker.png\",\"width\":650,\"height\":450,\"caption\":\"Das \u201eTrou du M\u00e9t\u00e9ore\u201c: Der Krater auf dem Weingut \u201eDomaine du M\u00e9t\u00e9ore\u201c stammt wirklich von einem Meteoriteneinschlag. Foto: Frank Brenker, Goethe-Universit\u00e4t Frankfurt\"},{\"@type\":\"BreadcrumbList\",\"@id\":\"https:\\\/\\\/aktuelles.uni-frankfurt.de\\\/forschung\\\/meteoritenkrater-in-franzoesischem-weingut-entdeckt\\\/#breadcrumb\",\"itemListElement\":[{\"@type\":\"ListItem\",\"position\":1,\"name\":\"Startseite\",\"item\":\"https:\\\/\\\/aktuelles.uni-frankfurt.de\\\/\"},{\"@type\":\"ListItem\",\"position\":2,\"name\":\"Meteoritenkrater in franz\u00f6sischem Weingut entdeckt\"}]},{\"@type\":\"WebSite\",\"@id\":\"https:\\\/\\\/aktuelles.uni-frankfurt.de\\\/#website\",\"url\":\"https:\\\/\\\/aktuelles.uni-frankfurt.de\\\/\",\"name\":\"Aktuelles aus der Goethe-Universit\u00e4t Frankfurt\",\"description\":\"Aktuelles aus der Goethe-Universit\u00e4t | Neues aus Forschung, Lehre, Studium\",\"publisher\":{\"@id\":\"https:\\\/\\\/aktuelles.uni-frankfurt.de\\\/#organization\"},\"potentialAction\":[{\"@type\":\"SearchAction\",\"target\":{\"@type\":\"EntryPoint\",\"urlTemplate\":\"https:\\\/\\\/aktuelles.uni-frankfurt.de\\\/?s={search_term_string}\"},\"query-input\":{\"@type\":\"PropertyValueSpecification\",\"valueRequired\":true,\"valueName\":\"search_term_string\"}}],\"inLanguage\":\"en-GB\"},{\"@type\":\"Organization\",\"@id\":\"https:\\\/\\\/aktuelles.uni-frankfurt.de\\\/#organization\",\"name\":\"Goethe-Universit\u00e4t\",\"url\":\"https:\\\/\\\/aktuelles.uni-frankfurt.de\\\/\",\"logo\":{\"@type\":\"ImageObject\",\"inLanguage\":\"en-GB\",\"@id\":\"https:\\\/\\\/aktuelles.uni-frankfurt.de\\\/#\\\/schema\\\/logo\\\/image\\\/\",\"url\":\"https:\\\/\\\/aktuelles.uni-frankfurt.de\\\/wp-content\\\/uploads\\\/2022\\\/03\\\/800px-Goethe-Logo.png\",\"contentUrl\":\"https:\\\/\\\/aktuelles.uni-frankfurt.de\\\/wp-content\\\/uploads\\\/2022\\\/03\\\/800px-Goethe-Logo.png\",\"width\":800,\"height\":436,\"caption\":\"Goethe-Universit\u00e4t\"},\"image\":{\"@id\":\"https:\\\/\\\/aktuelles.uni-frankfurt.de\\\/#\\\/schema\\\/logo\\\/image\\\/\"}},{\"@type\":\"Person\",\"@id\":\"https:\\\/\\\/aktuelles.uni-frankfurt.de\\\/#\\\/schema\\\/person\\\/8e55ea338fb65d1ce87a91565d1f1739\",\"name\":\"-\",\"description\":\"Dieser Beitrag wurde von der Online-Redaktion ver\u00f6ffentlicht. Wenn der Beitrag von einem Gastautoren verfasst wurde, findet sich dieser Hinweis am Ende des jeweiligen Artikels.\",\"sameAs\":[\"http:\\\/\\\/aktuelles.uni-frankfurt.de\\\/autoren\"],\"url\":\"https:\\\/\\\/aktuelles.uni-frankfurt.de\\\/en\\\/author\\\/redaktion\\\/\"}]}<\/script>\n<!-- \/ Yoast SEO plugin. -->","yoast_head_json":{"title":"Meteoritenkrater in franz\u00f6sischem Weingut entdeckt | Aktuelles aus der Goethe-Universit\u00e4t Frankfurt","robots":{"index":"index","follow":"follow","max-snippet":"max-snippet:-1","max-image-preview":"max-image-preview:large","max-video-preview":"max-video-preview:-1"},"canonical":"https:\/\/aktuelles.uni-frankfurt.de\/en\/forschung\/meteoritenkrater-in-franzoesischem-weingut-entdeckt\/","og_locale":"en_GB","og_type":"article","og_title":"Meteoritenkrater in franz\u00f6sischem Weingut entdeckt | Aktuelles aus der Goethe-Universit\u00e4t Frankfurt","og_description":"Um eine attraktive Weinmarke zu schaffen, verweist das Weingut \u201eDomaine du M\u00e9t\u00e9ore\u201c nahe der s\u00fcdfranz\u00f6sischen Stadt B\u00e9ziers mit seinem Namen auf eine lokale Besonderheit: Eines der Weinfelder befindet sich in [&hellip;]","og_url":"https:\/\/aktuelles.uni-frankfurt.de\/en\/forschung\/meteoritenkrater-in-franzoesischem-weingut-entdeckt\/","og_site_name":"Aktuelles aus der Goethe-Universit\u00e4t Frankfurt","article_published_time":"2023-02-22T09:34:55+00:00","article_modified_time":"2023-02-22T09:46:36+00:00","og_image":[{"width":650,"height":450,"url":"https:\/\/aktuelles.uni-frankfurt.de\/wp-content\/uploads\/2023\/02\/beitragsbild_Trou_de_Meteore_c_FrankBrenker.png","type":"image\/png"}],"author":"-","twitter_card":"summary_large_image","twitter_misc":{"Written by":"-","Estimated reading time":"4 minutes"},"schema":{"@context":"https:\/\/schema.org","@graph":[{"@type":"Article","@id":"https:\/\/aktuelles.uni-frankfurt.de\/forschung\/meteoritenkrater-in-franzoesischem-weingut-entdeckt\/#article","isPartOf":{"@id":"https:\/\/aktuelles.uni-frankfurt.de\/forschung\/meteoritenkrater-in-franzoesischem-weingut-entdeckt\/"},"author":{"name":"-","@id":"https:\/\/aktuelles.uni-frankfurt.de\/#\/schema\/person\/8e55ea338fb65d1ce87a91565d1f1739"},"headline":"Meteoritenkrater in franz\u00f6sischem Weingut entdeckt","datePublished":"2023-02-22T09:34:55+00:00","dateModified":"2023-02-22T09:46:36+00:00","mainEntityOfPage":{"@id":"https:\/\/aktuelles.uni-frankfurt.de\/forschung\/meteoritenkrater-in-franzoesischem-weingut-entdeckt\/"},"wordCount":840,"publisher":{"@id":"https:\/\/aktuelles.uni-frankfurt.de\/#organization"},"image":{"@id":"https:\/\/aktuelles.uni-frankfurt.de\/forschung\/meteoritenkrater-in-franzoesischem-weingut-entdeckt\/#primaryimage"},"thumbnailUrl":"https:\/\/aktuelles.uni-frankfurt.de\/wp-content\/uploads\/2023\/02\/beitragsbild_Trou_de_Meteore_c_FrankBrenker.png","keywords":["Geowissenschaften"],"articleSection":["Forschung","Zticky"],"inLanguage":"en-GB"},{"@type":"WebPage","@id":"https:\/\/aktuelles.uni-frankfurt.de\/forschung\/meteoritenkrater-in-franzoesischem-weingut-entdeckt\/","url":"https:\/\/aktuelles.uni-frankfurt.de\/forschung\/meteoritenkrater-in-franzoesischem-weingut-entdeckt\/","name":"Meteoritenkrater in franz\u00f6sischem Weingut entdeckt | Aktuelles aus der Goethe-Universit\u00e4t Frankfurt","isPartOf":{"@id":"https:\/\/aktuelles.uni-frankfurt.de\/#website"},"primaryImageOfPage":{"@id":"https:\/\/aktuelles.uni-frankfurt.de\/forschung\/meteoritenkrater-in-franzoesischem-weingut-entdeckt\/#primaryimage"},"image":{"@id":"https:\/\/aktuelles.uni-frankfurt.de\/forschung\/meteoritenkrater-in-franzoesischem-weingut-entdeckt\/#primaryimage"},"thumbnailUrl":"https:\/\/aktuelles.uni-frankfurt.de\/wp-content\/uploads\/2023\/02\/beitragsbild_Trou_de_Meteore_c_FrankBrenker.png","datePublished":"2023-02-22T09:34:55+00:00","dateModified":"2023-02-22T09:46:36+00:00","breadcrumb":{"@id":"https:\/\/aktuelles.uni-frankfurt.de\/forschung\/meteoritenkrater-in-franzoesischem-weingut-entdeckt\/#breadcrumb"},"inLanguage":"en-GB","potentialAction":[{"@type":"ReadAction","target":["https:\/\/aktuelles.uni-frankfurt.de\/forschung\/meteoritenkrater-in-franzoesischem-weingut-entdeckt\/"]}]},{"@type":"ImageObject","inLanguage":"en-GB","@id":"https:\/\/aktuelles.uni-frankfurt.de\/forschung\/meteoritenkrater-in-franzoesischem-weingut-entdeckt\/#primaryimage","url":"https:\/\/aktuelles.uni-frankfurt.de\/wp-content\/uploads\/2023\/02\/beitragsbild_Trou_de_Meteore_c_FrankBrenker.png","contentUrl":"https:\/\/aktuelles.uni-frankfurt.de\/wp-content\/uploads\/2023\/02\/beitragsbild_Trou_de_Meteore_c_FrankBrenker.png","width":650,"height":450,"caption":"Das \u201eTrou du M\u00e9t\u00e9ore\u201c: Der Krater auf dem Weingut \u201eDomaine du M\u00e9t\u00e9ore\u201c stammt wirklich von einem Meteoriteneinschlag. Foto: Frank Brenker, Goethe-Universit\u00e4t Frankfurt"},{"@type":"BreadcrumbList","@id":"https:\/\/aktuelles.uni-frankfurt.de\/forschung\/meteoritenkrater-in-franzoesischem-weingut-entdeckt\/#breadcrumb","itemListElement":[{"@type":"ListItem","position":1,"name":"Startseite","item":"https:\/\/aktuelles.uni-frankfurt.de\/"},{"@type":"ListItem","position":2,"name":"Meteoritenkrater in franz\u00f6sischem Weingut entdeckt"}]},{"@type":"WebSite","@id":"https:\/\/aktuelles.uni-frankfurt.de\/#website","url":"https:\/\/aktuelles.uni-frankfurt.de\/","name":"Aktuelles aus der Goethe-Universit\u00e4t Frankfurt","description":"Aktuelles aus der Goethe-Universit\u00e4t | Neues aus Forschung, Lehre, Studium","publisher":{"@id":"https:\/\/aktuelles.uni-frankfurt.de\/#organization"},"potentialAction":[{"@type":"SearchAction","target":{"@type":"EntryPoint","urlTemplate":"https:\/\/aktuelles.uni-frankfurt.de\/?s={search_term_string}"},"query-input":{"@type":"PropertyValueSpecification","valueRequired":true,"valueName":"search_term_string"}}],"inLanguage":"en-GB"},{"@type":"Organization","@id":"https:\/\/aktuelles.uni-frankfurt.de\/#organization","name":"Goethe University Frankfurt","url":"https:\/\/aktuelles.uni-frankfurt.de\/","logo":{"@type":"ImageObject","inLanguage":"en-GB","@id":"https:\/\/aktuelles.uni-frankfurt.de\/#\/schema\/logo\/image\/","url":"https:\/\/aktuelles.uni-frankfurt.de\/wp-content\/uploads\/2022\/03\/800px-Goethe-Logo.png","contentUrl":"https:\/\/aktuelles.uni-frankfurt.de\/wp-content\/uploads\/2022\/03\/800px-Goethe-Logo.png","width":800,"height":436,"caption":"Goethe-Universit\u00e4t"},"image":{"@id":"https:\/\/aktuelles.uni-frankfurt.de\/#\/schema\/logo\/image\/"}},{"@type":"Person","@id":"https:\/\/aktuelles.uni-frankfurt.de\/#\/schema\/person\/8e55ea338fb65d1ce87a91565d1f1739","name":"-","description":"Dieser Beitrag wurde von der Online-Redaktion ver\u00f6ffentlicht. Wenn der Beitrag von einem Gastautoren verfasst wurde, findet sich dieser Hinweis am Ende des jeweiligen Artikels.","sameAs":["http:\/\/aktuelles.uni-frankfurt.de\/autoren"],"url":"https:\/\/aktuelles.uni-frankfurt.de\/en\/author\/redaktion\/"}]}},"_links":{"self":[{"href":"https:\/\/aktuelles.uni-frankfurt.de\/en\/wp-json\/wp\/v2\/posts\/68117","targetHints":{"allow":["GET"]}}],"collection":[{"href":"https:\/\/aktuelles.uni-frankfurt.de\/en\/wp-json\/wp\/v2\/posts"}],"about":[{"href":"https:\/\/aktuelles.uni-frankfurt.de\/en\/wp-json\/wp\/v2\/types\/post"}],"author":[{"embeddable":true,"href":"https:\/\/aktuelles.uni-frankfurt.de\/en\/wp-json\/wp\/v2\/users\/8"}],"replies":[{"embeddable":true,"href":"https:\/\/aktuelles.uni-frankfurt.de\/en\/wp-json\/wp\/v2\/comments?post=68117"}],"version-history":[{"count":0,"href":"https:\/\/aktuelles.uni-frankfurt.de\/en\/wp-json\/wp\/v2\/posts\/68117\/revisions"}],"wp:featuredmedia":[{"embeddable":true,"href":"https:\/\/aktuelles.uni-frankfurt.de\/en\/wp-json\/wp\/v2\/media\/68118"}],"wp:attachment":[{"href":"https:\/\/aktuelles.uni-frankfurt.de\/en\/wp-json\/wp\/v2\/media?parent=68117"}],"wp:term":[{"taxonomy":"category","embeddable":true,"href":"https:\/\/aktuelles.uni-frankfurt.de\/en\/wp-json\/wp\/v2\/categories?post=68117"},{"taxonomy":"post_tag","embeddable":true,"href":"https:\/\/aktuelles.uni-frankfurt.de\/en\/wp-json\/wp\/v2\/tags?post=68117"},{"taxonomy":"post_folder","embeddable":true,"href":"https:\/\/aktuelles.uni-frankfurt.de\/en\/wp-json\/wp\/v2\/post_folder?post=68117"}],"curies":[{"name":"wp","href":"https:\/\/api.w.org\/{rel}","templated":true}]}}