{"id":6907,"date":"2016-05-18T16:09:12","date_gmt":"2016-05-18T14:09:12","guid":{"rendered":"http:\/\/aktuelles.uni-frankfurt.de\/?p=6907"},"modified":"2016-05-18T16:09:12","modified_gmt":"2016-05-18T14:09:12","slug":"joan-w-scott-haelt-heute-die-naechste-kantorowicz-lecture","status":"publish","type":"post","link":"https:\/\/aktuelles.uni-frankfurt.de\/en\/veranstaltungen\/joan-w-scott-haelt-heute-die-naechste-kantorowicz-lecture\/","title":{"rendered":"Joan W. Scott h\u00e4lt heute die n\u00e4chste Kantorowicz Lecture"},"content":{"rendered":"<p>Vor drei\u00dfig Jahren hat sie den Begriff \u201eGender\u201c als Kategorie der Analyse und der Kritik in die Geschichtswissenschaft eingef\u00fchrt. In j\u00fcngerer Zeit widmete sie sich dem Einfluss von Geschlechterdifferenzen und Ungleichheiten auf demokratische Praktiken. Auch aktuelle Normierungen wie das Kopftuchverbot in Frankreich geh\u00f6ren deshalb zu ihren Themen. Die \u00fcber Fachgrenzen hinaus h\u00f6chst einflussreiche Historikerin Joan W. Scott h\u00e4lt in diesem Sommersemester an der Goethe-Universit\u00e4t die Kantorowicz Lecture in Political Language, veranstaltet vom Forschungszentrum Historische Geisteswissenschaften in Kooperation mit dem Exzellenzcluster \u201eDie Herausbildung normativer Ordnungen\u201c.<\/p>\n<p>[dt_call_to_action content_size=&#8220;small&#8220; background=&#8220;plain&#8220; line=&#8220;true&#8220; style=&#8220;1&#8243; animation=&#8220;fadeIn&#8220;]<\/p>\n<p><strong>Die emeritierte Professorin der Universit\u00e4t Princeton spricht am 18. Mai 2016 um 18 Uhr \u00fcber \u201eFrench La\u00efcit\u00e9, the Old and the New\u201c. Die Veranstaltung findet am Campus Westend der Goethe-Universit\u00e4t im Casino im Raum 1.801 statt.<\/strong><\/p>\n<p>[\/dt_call_to_action]<\/p>\n<p>Wie immer ist die interessierte \u00d6ffentlichkeit herzlich eingeladen. Der Vortrag findet in englischer Sprache statt. Joan Scott behandelt die Geschichte und die aktuellen Verwendungen des Prinzips der \u201eLa\u00efcit\u00e9\u201c, des franz\u00f6sischen Konzepts von S\u00e4kularismus sowie strikter Trennung von Kirche und Staat. Im Zentrum steht die Art und Weise, wie alte und neue S\u00e4kularisten ihre Aufmerksamkeit auf Frauen richten. Im 19. und fr\u00fchen 20. Jahrhundert blickten sie auf die Gefahren, die angeblich von einer den franz\u00f6sischen Frauen unterstellten Neigung zur (katholischen) Religion ausging. Im 21. Jahrhundert konzentrieren sie sich auf die vorgebliche Bedrohung der Republik durch verschleierte muslimische Frauen. Der Vortrag wird sowohl die Historizit\u00e4t normativer Ordnungen beleuchten als auch die Herausforderungen, die Geschlechterdifferenzen f\u00fcr sie darstellen.<\/p>\n<p>Joan W. Scott ist emeritierte Professorin der School of Social Science am Institute for Advanced Study der Universit\u00e4t Princeton, USA. Sie ist Autorin des Klassikers \u201eGender and the Politics of History\u201d sowie zahlreicher Artikel und B\u00fccher, einschlie\u00dflich \u201eGender: A Useful Category of Historical Analysis\u201d, \u201eOnly Paradoxes to Offer: French Feminists and the Rights of Man\u201d und \u201eThe Politics of the Veil\u201d. Vor kurzem ver\u00f6ffentlichte sie \u201eThe Fantasy of Feminist History\u201c. Aktuell untersucht sie die Geschichte von S\u00e4kularismus und Gleichstellung in modernen westlichen Nationalstaaten.<\/p>\n<p>Die einmal pro Jahr stattfindenden Kantorowicz Lectures in Political Language erinnern an Ernst Kantorowicz, der zu den herausragenden Forscherpers\u00f6nlichkeiten der Frankfurter Universit\u00e4tsgeschichte geh\u00f6rt. Kantorowicz musste die Universit\u00e4t 1934 zwangsweise verlassen und wurde sp\u00e4ter am Institute for Advanced Study in Princeton zu einem der international einflussreichsten Geisteswissenschaftler, dessen Arbeiten bis heute zu den meistzitierten geh\u00f6ren. Die 2011 ins Leben gerufene Vortragsreihe konzentriert sich auf das Thema der \u201epolitischen Sprache\u201c. Stets sprechen sehr renommierte G\u00e4ste aus dem In- und Ausland, wie beispielsweise der Philosoph und Historiker Quentin Skinner (2011) oder der Komponist, Regisseur und Kunsttheoretiker Heiner Goebbels (2015).<\/p>\n<p><em><strong>Quelle: <a href=\"http:\/\/www.muk.uni-frankfurt.de\/61405992\/116\" target=\"_blank\">Pressemitteilung vom 12. Mai 2016<\/a><\/strong><\/em><\/p>\n","protected":false},"excerpt":{"rendered":"<p>Vor drei\u00dfig Jahren hat sie den Begriff \u201eGender\u201c als Kategorie der Analyse und der Kritik in die Geschichtswissenschaft eingef\u00fchrt. In j\u00fcngerer Zeit widmete sie sich dem Einfluss von Geschlechterdifferenzen und [&hellip;]<\/p>\n","protected":false},"author":8,"featured_media":6910,"comment_status":"closed","ping_status":"closed","sticky":false,"template":"","format":"standard","meta":{"_eb_attr":"","_price":"","_stock":"","_tribe_ticket_header":"","_tribe_default_ticket_provider":"","_ticket_start_date":"","_ticket_end_date":"","_tribe_ticket_show_description":"","_tribe_ticket_show_not_going":false,"_tribe_ticket_use_global_stock":"","_tribe_ticket_global_stock_level":"","_global_stock_mode":"","_global_stock_cap":"","_tribe_rsvp_for_event":"","_tribe_ticket_going_count":"","_tribe_ticket_not_going_count":"","_tribe_tickets_list":"[]","_tribe_ticket_has_attendee_info_fields":false,"footnotes":""},"categories":[12],"tags":[],"post_folder":[],"class_list":["post-6907","post","type-post","status-publish","format-standard","has-post-thumbnail","hentry","category-veranstaltungen"],"yoast_head":"<!-- This site is optimized with the Yoast SEO plugin v27.5 - https:\/\/yoast.com\/product\/yoast-seo-wordpress\/ -->\n<title>Joan W. Scott h\u00e4lt heute die n\u00e4chste Kantorowicz Lecture | Aktuelles aus der Goethe-Universit\u00e4t Frankfurt<\/title>\n<meta name=\"robots\" content=\"index, follow, max-snippet:-1, max-image-preview:large, max-video-preview:-1\" \/>\n<link rel=\"canonical\" href=\"https:\/\/aktuelles.uni-frankfurt.de\/en\/veranstaltungen\/joan-w-scott-haelt-heute-die-naechste-kantorowicz-lecture\/\" \/>\n<meta property=\"og:locale\" content=\"en_GB\" \/>\n<meta property=\"og:type\" content=\"article\" \/>\n<meta property=\"og:title\" content=\"Joan W. Scott h\u00e4lt heute die n\u00e4chste Kantorowicz Lecture | Aktuelles aus der Goethe-Universit\u00e4t Frankfurt\" \/>\n<meta property=\"og:description\" content=\"Vor drei\u00dfig Jahren hat sie den Begriff \u201eGender\u201c als Kategorie der Analyse und der Kritik in die Geschichtswissenschaft eingef\u00fchrt. In j\u00fcngerer Zeit widmete sie sich dem Einfluss von Geschlechterdifferenzen und [&hellip;]\" \/>\n<meta property=\"og:url\" content=\"https:\/\/aktuelles.uni-frankfurt.de\/en\/veranstaltungen\/joan-w-scott-haelt-heute-die-naechste-kantorowicz-lecture\/\" \/>\n<meta property=\"og:site_name\" content=\"Aktuelles aus der Goethe-Universit\u00e4t Frankfurt\" \/>\n<meta property=\"article:published_time\" content=\"2016-05-18T14:09:12+00:00\" \/>\n<meta property=\"og:image\" content=\"https:\/\/aktuelles.uni-frankfurt.de\/wp-content\/uploads\/2016\/05\/blog_veranstaltung_kantorowicz-lecture.jpg\" \/>\n\t<meta property=\"og:image:width\" content=\"650\" \/>\n\t<meta property=\"og:image:height\" content=\"450\" \/>\n\t<meta property=\"og:image:type\" content=\"image\/jpeg\" \/>\n<meta name=\"author\" content=\"-\" \/>\n<meta name=\"twitter:card\" content=\"summary_large_image\" \/>\n<meta name=\"twitter:label1\" content=\"Written by\" \/>\n\t<meta name=\"twitter:data1\" content=\"-\" \/>\n\t<meta name=\"twitter:label2\" content=\"Estimated reading time\" \/>\n\t<meta name=\"twitter:data2\" content=\"2 minutes\" \/>\n<script type=\"application\/ld+json\" class=\"yoast-schema-graph\">{\"@context\":\"https:\\\/\\\/schema.org\",\"@graph\":[{\"@type\":\"Article\",\"@id\":\"https:\\\/\\\/aktuelles.uni-frankfurt.de\\\/veranstaltungen\\\/joan-w-scott-haelt-heute-die-naechste-kantorowicz-lecture\\\/#article\",\"isPartOf\":{\"@id\":\"https:\\\/\\\/aktuelles.uni-frankfurt.de\\\/veranstaltungen\\\/joan-w-scott-haelt-heute-die-naechste-kantorowicz-lecture\\\/\"},\"author\":{\"name\":\"-\",\"@id\":\"https:\\\/\\\/aktuelles.uni-frankfurt.de\\\/#\\\/schema\\\/person\\\/8e55ea338fb65d1ce87a91565d1f1739\"},\"headline\":\"Joan W. Scott h\u00e4lt heute die n\u00e4chste Kantorowicz Lecture\",\"datePublished\":\"2016-05-18T14:09:12+00:00\",\"mainEntityOfPage\":{\"@id\":\"https:\\\/\\\/aktuelles.uni-frankfurt.de\\\/veranstaltungen\\\/joan-w-scott-haelt-heute-die-naechste-kantorowicz-lecture\\\/\"},\"wordCount\":466,\"publisher\":{\"@id\":\"https:\\\/\\\/aktuelles.uni-frankfurt.de\\\/#organization\"},\"image\":{\"@id\":\"https:\\\/\\\/aktuelles.uni-frankfurt.de\\\/veranstaltungen\\\/joan-w-scott-haelt-heute-die-naechste-kantorowicz-lecture\\\/#primaryimage\"},\"thumbnailUrl\":\"https:\\\/\\\/aktuelles.uni-frankfurt.de\\\/wp-content\\\/uploads\\\/2016\\\/05\\\/blog_veranstaltung_kantorowicz-lecture.jpg\",\"articleSection\":[\"Veranstaltungen\"],\"inLanguage\":\"en-GB\"},{\"@type\":\"WebPage\",\"@id\":\"https:\\\/\\\/aktuelles.uni-frankfurt.de\\\/veranstaltungen\\\/joan-w-scott-haelt-heute-die-naechste-kantorowicz-lecture\\\/\",\"url\":\"https:\\\/\\\/aktuelles.uni-frankfurt.de\\\/veranstaltungen\\\/joan-w-scott-haelt-heute-die-naechste-kantorowicz-lecture\\\/\",\"name\":\"Joan W. Scott h\u00e4lt heute die n\u00e4chste Kantorowicz Lecture | Aktuelles aus der Goethe-Universit\u00e4t Frankfurt\",\"isPartOf\":{\"@id\":\"https:\\\/\\\/aktuelles.uni-frankfurt.de\\\/#website\"},\"primaryImageOfPage\":{\"@id\":\"https:\\\/\\\/aktuelles.uni-frankfurt.de\\\/veranstaltungen\\\/joan-w-scott-haelt-heute-die-naechste-kantorowicz-lecture\\\/#primaryimage\"},\"image\":{\"@id\":\"https:\\\/\\\/aktuelles.uni-frankfurt.de\\\/veranstaltungen\\\/joan-w-scott-haelt-heute-die-naechste-kantorowicz-lecture\\\/#primaryimage\"},\"thumbnailUrl\":\"https:\\\/\\\/aktuelles.uni-frankfurt.de\\\/wp-content\\\/uploads\\\/2016\\\/05\\\/blog_veranstaltung_kantorowicz-lecture.jpg\",\"datePublished\":\"2016-05-18T14:09:12+00:00\",\"breadcrumb\":{\"@id\":\"https:\\\/\\\/aktuelles.uni-frankfurt.de\\\/veranstaltungen\\\/joan-w-scott-haelt-heute-die-naechste-kantorowicz-lecture\\\/#breadcrumb\"},\"inLanguage\":\"en-GB\",\"potentialAction\":[{\"@type\":\"ReadAction\",\"target\":[\"https:\\\/\\\/aktuelles.uni-frankfurt.de\\\/veranstaltungen\\\/joan-w-scott-haelt-heute-die-naechste-kantorowicz-lecture\\\/\"]}]},{\"@type\":\"ImageObject\",\"inLanguage\":\"en-GB\",\"@id\":\"https:\\\/\\\/aktuelles.uni-frankfurt.de\\\/veranstaltungen\\\/joan-w-scott-haelt-heute-die-naechste-kantorowicz-lecture\\\/#primaryimage\",\"url\":\"https:\\\/\\\/aktuelles.uni-frankfurt.de\\\/wp-content\\\/uploads\\\/2016\\\/05\\\/blog_veranstaltung_kantorowicz-lecture.jpg\",\"contentUrl\":\"https:\\\/\\\/aktuelles.uni-frankfurt.de\\\/wp-content\\\/uploads\\\/2016\\\/05\\\/blog_veranstaltung_kantorowicz-lecture.jpg\",\"width\":650,\"height\":450},{\"@type\":\"BreadcrumbList\",\"@id\":\"https:\\\/\\\/aktuelles.uni-frankfurt.de\\\/veranstaltungen\\\/joan-w-scott-haelt-heute-die-naechste-kantorowicz-lecture\\\/#breadcrumb\",\"itemListElement\":[{\"@type\":\"ListItem\",\"position\":1,\"name\":\"Startseite\",\"item\":\"https:\\\/\\\/aktuelles.uni-frankfurt.de\\\/\"},{\"@type\":\"ListItem\",\"position\":2,\"name\":\"Joan W. Scott h\u00e4lt heute die n\u00e4chste Kantorowicz Lecture\"}]},{\"@type\":\"WebSite\",\"@id\":\"https:\\\/\\\/aktuelles.uni-frankfurt.de\\\/#website\",\"url\":\"https:\\\/\\\/aktuelles.uni-frankfurt.de\\\/\",\"name\":\"Aktuelles aus der Goethe-Universit\u00e4t Frankfurt\",\"description\":\"Aktuelles aus der Goethe-Universit\u00e4t | Neues aus Forschung, Lehre, Studium\",\"publisher\":{\"@id\":\"https:\\\/\\\/aktuelles.uni-frankfurt.de\\\/#organization\"},\"potentialAction\":[{\"@type\":\"SearchAction\",\"target\":{\"@type\":\"EntryPoint\",\"urlTemplate\":\"https:\\\/\\\/aktuelles.uni-frankfurt.de\\\/?s={search_term_string}\"},\"query-input\":{\"@type\":\"PropertyValueSpecification\",\"valueRequired\":true,\"valueName\":\"search_term_string\"}}],\"inLanguage\":\"en-GB\"},{\"@type\":\"Organization\",\"@id\":\"https:\\\/\\\/aktuelles.uni-frankfurt.de\\\/#organization\",\"name\":\"Goethe-Universit\u00e4t\",\"url\":\"https:\\\/\\\/aktuelles.uni-frankfurt.de\\\/\",\"logo\":{\"@type\":\"ImageObject\",\"inLanguage\":\"en-GB\",\"@id\":\"https:\\\/\\\/aktuelles.uni-frankfurt.de\\\/#\\\/schema\\\/logo\\\/image\\\/\",\"url\":\"https:\\\/\\\/aktuelles.uni-frankfurt.de\\\/wp-content\\\/uploads\\\/2022\\\/03\\\/800px-Goethe-Logo.png\",\"contentUrl\":\"https:\\\/\\\/aktuelles.uni-frankfurt.de\\\/wp-content\\\/uploads\\\/2022\\\/03\\\/800px-Goethe-Logo.png\",\"width\":800,\"height\":436,\"caption\":\"Goethe-Universit\u00e4t\"},\"image\":{\"@id\":\"https:\\\/\\\/aktuelles.uni-frankfurt.de\\\/#\\\/schema\\\/logo\\\/image\\\/\"}},{\"@type\":\"Person\",\"@id\":\"https:\\\/\\\/aktuelles.uni-frankfurt.de\\\/#\\\/schema\\\/person\\\/8e55ea338fb65d1ce87a91565d1f1739\",\"name\":\"-\",\"description\":\"Dieser Beitrag wurde von der Online-Redaktion ver\u00f6ffentlicht. Wenn der Beitrag von einem Gastautoren verfasst wurde, findet sich dieser Hinweis am Ende des jeweiligen Artikels.\",\"sameAs\":[\"http:\\\/\\\/aktuelles.uni-frankfurt.de\\\/autoren\"],\"url\":\"https:\\\/\\\/aktuelles.uni-frankfurt.de\\\/en\\\/author\\\/redaktion\\\/\"}]}<\/script>\n<!-- \/ Yoast SEO plugin. -->","yoast_head_json":{"title":"Joan W. Scott h\u00e4lt heute die n\u00e4chste Kantorowicz Lecture | Aktuelles aus der Goethe-Universit\u00e4t Frankfurt","robots":{"index":"index","follow":"follow","max-snippet":"max-snippet:-1","max-image-preview":"max-image-preview:large","max-video-preview":"max-video-preview:-1"},"canonical":"https:\/\/aktuelles.uni-frankfurt.de\/en\/veranstaltungen\/joan-w-scott-haelt-heute-die-naechste-kantorowicz-lecture\/","og_locale":"en_GB","og_type":"article","og_title":"Joan W. Scott h\u00e4lt heute die n\u00e4chste Kantorowicz Lecture | Aktuelles aus der Goethe-Universit\u00e4t Frankfurt","og_description":"Vor drei\u00dfig Jahren hat sie den Begriff \u201eGender\u201c als Kategorie der Analyse und der Kritik in die Geschichtswissenschaft eingef\u00fchrt. In j\u00fcngerer Zeit widmete sie sich dem Einfluss von Geschlechterdifferenzen und [&hellip;]","og_url":"https:\/\/aktuelles.uni-frankfurt.de\/en\/veranstaltungen\/joan-w-scott-haelt-heute-die-naechste-kantorowicz-lecture\/","og_site_name":"Aktuelles aus der Goethe-Universit\u00e4t Frankfurt","article_published_time":"2016-05-18T14:09:12+00:00","og_image":[{"width":650,"height":450,"url":"https:\/\/aktuelles.uni-frankfurt.de\/wp-content\/uploads\/2016\/05\/blog_veranstaltung_kantorowicz-lecture.jpg","type":"image\/jpeg"}],"author":"-","twitter_card":"summary_large_image","twitter_misc":{"Written by":"-","Estimated reading time":"2 minutes"},"schema":{"@context":"https:\/\/schema.org","@graph":[{"@type":"Article","@id":"https:\/\/aktuelles.uni-frankfurt.de\/veranstaltungen\/joan-w-scott-haelt-heute-die-naechste-kantorowicz-lecture\/#article","isPartOf":{"@id":"https:\/\/aktuelles.uni-frankfurt.de\/veranstaltungen\/joan-w-scott-haelt-heute-die-naechste-kantorowicz-lecture\/"},"author":{"name":"-","@id":"https:\/\/aktuelles.uni-frankfurt.de\/#\/schema\/person\/8e55ea338fb65d1ce87a91565d1f1739"},"headline":"Joan W. Scott h\u00e4lt heute die n\u00e4chste Kantorowicz Lecture","datePublished":"2016-05-18T14:09:12+00:00","mainEntityOfPage":{"@id":"https:\/\/aktuelles.uni-frankfurt.de\/veranstaltungen\/joan-w-scott-haelt-heute-die-naechste-kantorowicz-lecture\/"},"wordCount":466,"publisher":{"@id":"https:\/\/aktuelles.uni-frankfurt.de\/#organization"},"image":{"@id":"https:\/\/aktuelles.uni-frankfurt.de\/veranstaltungen\/joan-w-scott-haelt-heute-die-naechste-kantorowicz-lecture\/#primaryimage"},"thumbnailUrl":"https:\/\/aktuelles.uni-frankfurt.de\/wp-content\/uploads\/2016\/05\/blog_veranstaltung_kantorowicz-lecture.jpg","articleSection":["Veranstaltungen"],"inLanguage":"en-GB"},{"@type":"WebPage","@id":"https:\/\/aktuelles.uni-frankfurt.de\/veranstaltungen\/joan-w-scott-haelt-heute-die-naechste-kantorowicz-lecture\/","url":"https:\/\/aktuelles.uni-frankfurt.de\/veranstaltungen\/joan-w-scott-haelt-heute-die-naechste-kantorowicz-lecture\/","name":"Joan W. Scott h\u00e4lt heute die n\u00e4chste Kantorowicz Lecture | Aktuelles aus der Goethe-Universit\u00e4t Frankfurt","isPartOf":{"@id":"https:\/\/aktuelles.uni-frankfurt.de\/#website"},"primaryImageOfPage":{"@id":"https:\/\/aktuelles.uni-frankfurt.de\/veranstaltungen\/joan-w-scott-haelt-heute-die-naechste-kantorowicz-lecture\/#primaryimage"},"image":{"@id":"https:\/\/aktuelles.uni-frankfurt.de\/veranstaltungen\/joan-w-scott-haelt-heute-die-naechste-kantorowicz-lecture\/#primaryimage"},"thumbnailUrl":"https:\/\/aktuelles.uni-frankfurt.de\/wp-content\/uploads\/2016\/05\/blog_veranstaltung_kantorowicz-lecture.jpg","datePublished":"2016-05-18T14:09:12+00:00","breadcrumb":{"@id":"https:\/\/aktuelles.uni-frankfurt.de\/veranstaltungen\/joan-w-scott-haelt-heute-die-naechste-kantorowicz-lecture\/#breadcrumb"},"inLanguage":"en-GB","potentialAction":[{"@type":"ReadAction","target":["https:\/\/aktuelles.uni-frankfurt.de\/veranstaltungen\/joan-w-scott-haelt-heute-die-naechste-kantorowicz-lecture\/"]}]},{"@type":"ImageObject","inLanguage":"en-GB","@id":"https:\/\/aktuelles.uni-frankfurt.de\/veranstaltungen\/joan-w-scott-haelt-heute-die-naechste-kantorowicz-lecture\/#primaryimage","url":"https:\/\/aktuelles.uni-frankfurt.de\/wp-content\/uploads\/2016\/05\/blog_veranstaltung_kantorowicz-lecture.jpg","contentUrl":"https:\/\/aktuelles.uni-frankfurt.de\/wp-content\/uploads\/2016\/05\/blog_veranstaltung_kantorowicz-lecture.jpg","width":650,"height":450},{"@type":"BreadcrumbList","@id":"https:\/\/aktuelles.uni-frankfurt.de\/veranstaltungen\/joan-w-scott-haelt-heute-die-naechste-kantorowicz-lecture\/#breadcrumb","itemListElement":[{"@type":"ListItem","position":1,"name":"Startseite","item":"https:\/\/aktuelles.uni-frankfurt.de\/"},{"@type":"ListItem","position":2,"name":"Joan W. Scott h\u00e4lt heute die n\u00e4chste Kantorowicz Lecture"}]},{"@type":"WebSite","@id":"https:\/\/aktuelles.uni-frankfurt.de\/#website","url":"https:\/\/aktuelles.uni-frankfurt.de\/","name":"Aktuelles aus der Goethe-Universit\u00e4t Frankfurt","description":"Aktuelles aus der Goethe-Universit\u00e4t | Neues aus Forschung, Lehre, Studium","publisher":{"@id":"https:\/\/aktuelles.uni-frankfurt.de\/#organization"},"potentialAction":[{"@type":"SearchAction","target":{"@type":"EntryPoint","urlTemplate":"https:\/\/aktuelles.uni-frankfurt.de\/?s={search_term_string}"},"query-input":{"@type":"PropertyValueSpecification","valueRequired":true,"valueName":"search_term_string"}}],"inLanguage":"en-GB"},{"@type":"Organization","@id":"https:\/\/aktuelles.uni-frankfurt.de\/#organization","name":"Goethe University Frankfurt","url":"https:\/\/aktuelles.uni-frankfurt.de\/","logo":{"@type":"ImageObject","inLanguage":"en-GB","@id":"https:\/\/aktuelles.uni-frankfurt.de\/#\/schema\/logo\/image\/","url":"https:\/\/aktuelles.uni-frankfurt.de\/wp-content\/uploads\/2022\/03\/800px-Goethe-Logo.png","contentUrl":"https:\/\/aktuelles.uni-frankfurt.de\/wp-content\/uploads\/2022\/03\/800px-Goethe-Logo.png","width":800,"height":436,"caption":"Goethe-Universit\u00e4t"},"image":{"@id":"https:\/\/aktuelles.uni-frankfurt.de\/#\/schema\/logo\/image\/"}},{"@type":"Person","@id":"https:\/\/aktuelles.uni-frankfurt.de\/#\/schema\/person\/8e55ea338fb65d1ce87a91565d1f1739","name":"-","description":"Dieser Beitrag wurde von der Online-Redaktion ver\u00f6ffentlicht. Wenn der Beitrag von einem Gastautoren verfasst wurde, findet sich dieser Hinweis am Ende des jeweiligen Artikels.","sameAs":["http:\/\/aktuelles.uni-frankfurt.de\/autoren"],"url":"https:\/\/aktuelles.uni-frankfurt.de\/en\/author\/redaktion\/"}]}},"_links":{"self":[{"href":"https:\/\/aktuelles.uni-frankfurt.de\/en\/wp-json\/wp\/v2\/posts\/6907","targetHints":{"allow":["GET"]}}],"collection":[{"href":"https:\/\/aktuelles.uni-frankfurt.de\/en\/wp-json\/wp\/v2\/posts"}],"about":[{"href":"https:\/\/aktuelles.uni-frankfurt.de\/en\/wp-json\/wp\/v2\/types\/post"}],"author":[{"embeddable":true,"href":"https:\/\/aktuelles.uni-frankfurt.de\/en\/wp-json\/wp\/v2\/users\/8"}],"replies":[{"embeddable":true,"href":"https:\/\/aktuelles.uni-frankfurt.de\/en\/wp-json\/wp\/v2\/comments?post=6907"}],"version-history":[{"count":0,"href":"https:\/\/aktuelles.uni-frankfurt.de\/en\/wp-json\/wp\/v2\/posts\/6907\/revisions"}],"wp:featuredmedia":[{"embeddable":true,"href":"https:\/\/aktuelles.uni-frankfurt.de\/en\/wp-json\/wp\/v2\/media\/6910"}],"wp:attachment":[{"href":"https:\/\/aktuelles.uni-frankfurt.de\/en\/wp-json\/wp\/v2\/media?parent=6907"}],"wp:term":[{"taxonomy":"category","embeddable":true,"href":"https:\/\/aktuelles.uni-frankfurt.de\/en\/wp-json\/wp\/v2\/categories?post=6907"},{"taxonomy":"post_tag","embeddable":true,"href":"https:\/\/aktuelles.uni-frankfurt.de\/en\/wp-json\/wp\/v2\/tags?post=6907"},{"taxonomy":"post_folder","embeddable":true,"href":"https:\/\/aktuelles.uni-frankfurt.de\/en\/wp-json\/wp\/v2\/post_folder?post=6907"}],"curies":[{"name":"wp","href":"https:\/\/api.w.org\/{rel}","templated":true}]}}