{"id":69932,"date":"2023-03-30T12:47:57","date_gmt":"2023-03-30T10:47:57","guid":{"rendered":"https:\/\/aktuelles.uni-frankfurt.de\/?p=69932"},"modified":"2023-03-31T13:56:37","modified_gmt":"2023-03-31T11:56:37","slug":"schwerelos-in-kiruna","status":"publish","type":"post","link":"https:\/\/aktuelles.uni-frankfurt.de\/en\/einblick\/schwerelos-in-kiruna\/","title":{"rendered":"Schwerelos in Kiruna"},"content":{"rendered":"<h3 class=\"wp-block-heading\">Zwei Frankfurter Biowissenschaftler schicken Pflanzenexperimente ins Weltall<\/h3>\n\n\n\n<figure class=\"wp-block-image aligncenter size-full\"><a href=\"https:\/\/aktuelles.uni-frankfurt.de\/wp-content\/uploads\/2023\/03\/shutterstock_1263201358-1.jpg\"><img fetchpriority=\"high\" decoding=\"async\" width=\"675\" height=\"380\" src=\"https:\/\/aktuelles.uni-frankfurt.de\/wp-content\/uploads\/2023\/03\/shutterstock_1263201358-1-edited.jpg\" alt=\"\" class=\"wp-image-70072\" srcset=\"https:\/\/aktuelles.uni-frankfurt.de\/wp-content\/uploads\/2023\/03\/shutterstock_1263201358-1-edited.jpg 675w, https:\/\/aktuelles.uni-frankfurt.de\/wp-content\/uploads\/2023\/03\/shutterstock_1263201358-1-edited-300x169.jpg 300w, https:\/\/aktuelles.uni-frankfurt.de\/wp-content\/uploads\/2023\/03\/shutterstock_1263201358-1-edited-18x10.jpg 18w\" sizes=\"(max-width: 675px) 100vw, 675px\" \/><\/a><\/figure>\n\n\n\n<div style=\"height:10px\" aria-hidden=\"true\" class=\"wp-block-spacer\"><\/div>\n\n\n\n<p class=\"has-text-align-left\"><em>Auf der Erde wachsen die Wurzeln von Pflanzen nach unten, der Spross nach oben. Aber wie erkennen Pflanzen eigentlich genau, wo unten ist? Das wollen Maik B\u00f6hmer, Professor f\u00fcr Pflanzenphysiologie am Institut f\u00fcr Biowissenschaften der Goethe-Uni, und der Doktorand Dario Ricciardi herausfinden. F\u00fcr ihr von der Freundesvereinigung gef\u00f6rdertes Experiment sind sie nach Kiruna, die n\u00f6rdlichste Stadt Schwedens, gereist.<\/em><\/p>\n\n\n\n<div style=\"height:20px\" aria-hidden=\"true\" class=\"wp-block-spacer\"><\/div>\n\n\n\n<figure class=\"wp-block-image alignleft size-large is-resized\"><a href=\"https:\/\/aktuelles.uni-frankfurt.de\/wp-content\/uploads\/2023\/03\/Petrischale-Text-1.jpg\"><img decoding=\"async\" src=\"https:\/\/aktuelles.uni-frankfurt.de\/wp-content\/uploads\/2023\/03\/Petrischale-Text-1-1024x769.jpg\" alt=\"\" class=\"wp-image-70095\" width=\"458\" height=\"344\" srcset=\"https:\/\/aktuelles.uni-frankfurt.de\/wp-content\/uploads\/2023\/03\/Petrischale-Text-1-1024x769.jpg 1024w, https:\/\/aktuelles.uni-frankfurt.de\/wp-content\/uploads\/2023\/03\/Petrischale-Text-1-300x225.jpg 300w, https:\/\/aktuelles.uni-frankfurt.de\/wp-content\/uploads\/2023\/03\/Petrischale-Text-1-768x577.jpg 768w, https:\/\/aktuelles.uni-frankfurt.de\/wp-content\/uploads\/2023\/03\/Petrischale-Text-1-16x12.jpg 16w, https:\/\/aktuelles.uni-frankfurt.de\/wp-content\/uploads\/2023\/03\/Petrischale-Text-1.jpg 1515w\" sizes=\"(max-width: 458px) 100vw, 458px\" \/><\/a><\/figure>\n\n\n\n<p>F\u00fcr ihr Experiment machen sich die beiden Frankfurter Biowissenschaftler auf in den Hohen Norden. Mit einer Chartermaschine geht es von Bremen nach Kiruna, die n\u00f6rdlichste Stadt Schwedens. Dort wird eine 13 Meter lange Rakete starten \u2013 mit Pflanzenexperimenten der Frankfurter Biowissenschaftler an Bord.<\/p>\n\n\n\n<p>F\u00fcnf Minuten Schwerelosigkeit bringen das Schwerkrafterkennungssystem der Pflanzenzellen durcheinander, was in Ver\u00e4nderungen der pflanzlichen Biomolek\u00fcle sichtbar wird, so hoffen die Forscher.<\/p>\n\n\n\n<p>Die Hardware f\u00fcr das Pflanzwachstum stammt aus einem 3D-Drucker, der dank der Unterst\u00fctzung der Freunde und F\u00f6rderer der Goethe-Universit\u00e4t angeschafft werden konnte. Im Labor in Schweden baut Dario Ricciardi die Hardware zusammen und s\u00e4t im Anschluss Ackerschmalwand-Samen aus. Sie ist das \u00bbHaustier\u00ab vieler Pflanzenforscherinnen und -forscher. Nach ein paar Tagen beginnen die Samen zu keimen. Kurz vor dem Start werden die Pfl\u00e4nzchen dann in die Rakete eingebaut.<\/p>\n\n\n\n<div style=\"height:20px\" aria-hidden=\"true\" class=\"wp-block-spacer\"><\/div>\n\n\n\n<h3 class=\"wp-block-heading\">Mission mit Hindernissen<\/h3>\n\n\n\n<figure class=\"wp-block-image size-full\"><a href=\"https:\/\/aktuelles.uni-frankfurt.de\/wp-content\/uploads\/2023\/03\/Rakete-Text-2.jpg\"><img decoding=\"async\" width=\"856\" height=\"593\" src=\"https:\/\/aktuelles.uni-frankfurt.de\/wp-content\/uploads\/2023\/03\/Rakete-Text-2.jpg\" alt=\"\" class=\"wp-image-70097\" srcset=\"https:\/\/aktuelles.uni-frankfurt.de\/wp-content\/uploads\/2023\/03\/Rakete-Text-2.jpg 856w, https:\/\/aktuelles.uni-frankfurt.de\/wp-content\/uploads\/2023\/03\/Rakete-Text-2-300x208.jpg 300w, https:\/\/aktuelles.uni-frankfurt.de\/wp-content\/uploads\/2023\/03\/Rakete-Text-2-768x532.jpg 768w, https:\/\/aktuelles.uni-frankfurt.de\/wp-content\/uploads\/2023\/03\/Rakete-Text-2-18x12.jpg 18w\" sizes=\"(max-width: 856px) 100vw, 856px\" \/><\/a><\/figure>\n\n\n\n<p>Drei lange Jahre warteten Maik B\u00f6hmer und Dario Ricciardi auf diesen Moment. Der Tag des Raketenstarts. Eigentlich sollte das Forschungsprojekt schon 2020 starten. Damals verhinderte das Corona-Virus die Mission in Kiruna. Ein Jahr sp\u00e4ter, 2021, ist die Abschussrampe abgebrannt. Dann, im April 2022, verhinderte der Krieg Russlands gegen die Ukraine einen Raketenstart nahe der russischen Grenze. Sieben Stunden vor Beginn des Countdown wurde damals die Kampagne beendet. Viele diplomatische Verhandlungen brachten die Wende: im Oktober 2022 gibt es endlich gr\u00fcnes Licht f\u00fcr einen Raketenstart.<\/p>\n\n\n\n<figure class=\"wp-block-image alignleft size-full is-resized\"><a href=\"https:\/\/aktuelles.uni-frankfurt.de\/wp-content\/uploads\/2023\/03\/Blick_Labor_IMG_20221001_003714-3.jpg\"><img loading=\"lazy\" decoding=\"async\" src=\"https:\/\/aktuelles.uni-frankfurt.de\/wp-content\/uploads\/2023\/03\/Blick_Labor_IMG_20221001_003714-3.jpg\" alt=\"\" class=\"wp-image-70065\" width=\"437\" height=\"318\" srcset=\"https:\/\/aktuelles.uni-frankfurt.de\/wp-content\/uploads\/2023\/03\/Blick_Labor_IMG_20221001_003714-3.jpg 650w, https:\/\/aktuelles.uni-frankfurt.de\/wp-content\/uploads\/2023\/03\/Blick_Labor_IMG_20221001_003714-3-300x219.jpg 300w, https:\/\/aktuelles.uni-frankfurt.de\/wp-content\/uploads\/2023\/03\/Blick_Labor_IMG_20221001_003714-3-16x12.jpg 16w\" sizes=\"(max-width: 437px) 100vw, 437px\" \/><\/a><\/figure>\n\n\n\n<p>Es ist noch mitten in der Nacht, als die Frankfurter Biowissenschaftler gemeinsam mit Kollegen von Airbus die Pflanzenproben in die Kammern einbauen. Die Kammern kommen anschlie\u00dfend in sogenannte Late-Access-Units (LAU) und werden noch einmal akribisch durchgetestet. Nach allen Durchl\u00e4ufen werden die 4 LAUs zur Rakete gefahren. Und dann ist es so weit: 3:00 Uhr morgens. Das Warten auf den Raketenstart beginnt<\/p>\n\n\n\n<p>Genau um 8:26 Uhr hebt die Rakete ab. Gut eine Minute sp\u00e4ter beginnt die Schwerelosigkeit und h\u00e4lt 421 Sekunden an. Das sind rund sechs Minuten. W\u00e4hrend dieser Zeit werden die Pflanzen zu verschiedenen Zeitpunkten automatisch mit dem Zellgift Methanol geflutet, das alle biologischen Prozesse fixiert. 14 Minuten nach dem Start ist alles vorbei: Die Rakete schl\u00e4gt um 8:40 Uhr auf.<\/p>\n\n\n\n<figure class=\"wp-block-image alignright size-large is-resized\"><a href=\"https:\/\/aktuelles.uni-frankfurt.de\/wp-content\/uploads\/2023\/03\/Rakete-Text-1.jpg\"><img loading=\"lazy\" decoding=\"async\" src=\"https:\/\/aktuelles.uni-frankfurt.de\/wp-content\/uploads\/2023\/03\/Rakete-Text-1-638x1024.jpg\" alt=\"\" class=\"wp-image-70096\" width=\"235\" height=\"377\" srcset=\"https:\/\/aktuelles.uni-frankfurt.de\/wp-content\/uploads\/2023\/03\/Rakete-Text-1-638x1024.jpg 638w, https:\/\/aktuelles.uni-frankfurt.de\/wp-content\/uploads\/2023\/03\/Rakete-Text-1-187x300.jpg 187w, https:\/\/aktuelles.uni-frankfurt.de\/wp-content\/uploads\/2023\/03\/Rakete-Text-1-768x1233.jpg 768w, https:\/\/aktuelles.uni-frankfurt.de\/wp-content\/uploads\/2023\/03\/Rakete-Text-1-957x1536.jpg 957w, https:\/\/aktuelles.uni-frankfurt.de\/wp-content\/uploads\/2023\/03\/Rakete-Text-1-1275x2048.jpg 1275w, https:\/\/aktuelles.uni-frankfurt.de\/wp-content\/uploads\/2023\/03\/Rakete-Text-1-7x12.jpg 7w, https:\/\/aktuelles.uni-frankfurt.de\/wp-content\/uploads\/2023\/03\/Rakete-Text-1.jpg 1547w\" sizes=\"(max-width: 235px) 100vw, 235px\" \/><\/a><\/figure>\n\n\n\n<p>Zwei Stunden sp\u00e4ter ist die Rakete mit den Experimenten per Helikopter geborgen und anschlie\u00dfend auseinandergebaut. Die erfolgreich fixierten Proben werden dann von Maik B\u00f6hmer und Dario Ricciardi geerntet und weggefroren. Sp\u00e4ter werden die Proben auf Trockeneis von Schweden nach Bremen gebracht und von dort mit dem Zug nach Frankfurt transportiert.<\/p>\n\n\n\n<p>Dort angekommen, geht es sp\u00e4t abends noch ins Labor am Campus Riedberg, um die Proben sicher zu verwahren. Es wird noch etwas dauern, bis Maik B\u00f6hmer und Dario Ricciardi genaue Ergebnisse zu ihrem Experiment vorliegen. Sie hoffen, so besser zu verstehen, wie genau die Pflanze die Schwerkraft wahrnimmt.<\/p>\n\n\n\n<p>Bildnachweise: Bild 1: lovelyday12\/Shutterstock; Bild 2ff.: Dario Ricciardi<\/p>\n\n\n\n<p><em>Autoren: Heike J\u00fcngst, Marcus Bernards<\/em><\/p>\n\n\n\n<div style=\"height:20px\" aria-hidden=\"true\" class=\"wp-block-spacer\"><\/div>\n\n\n\n<p><strong>Hier geht es zur Scroll-Story<\/strong>:<\/p>\n\n\n\n<figure class=\"wp-block-embed is-type-wp-embed is-provider-aktuelles-aus-der-goethe-universitat-frankfurt wp-block-embed-aktuelles-aus-der-goethe-universitat-frankfurt\"><div class=\"wp-block-embed__wrapper\">\n<blockquote class=\"wp-embedded-content\" data-secret=\"LOxw2hIisy\"><a href=\"https:\/\/aktuelles.uni-frankfurt.de\/stories\/kiruna\/\">Scroll-Story: Kiruna<\/a><\/blockquote><iframe class=\"wp-embedded-content\" sandbox=\"allow-scripts\" security=\"restricted\" style=\"position: absolute; clip: rect(1px, 1px, 1px, 1px);\" title=\"&#8222;Scroll-Story: Kiruna&#8220; &#8212; Aktuelles aus der Goethe-Universit\u00e4t Frankfurt\" src=\"https:\/\/aktuelles.uni-frankfurt.de\/stories\/kiruna\/embed\/#?secret=bgfs9JPUft#?secret=LOxw2hIisy\" data-secret=\"LOxw2hIisy\" width=\"600\" height=\"338\" frameborder=\"0\" marginwidth=\"0\" marginheight=\"0\" scrolling=\"no\"><\/iframe>\n<\/div><\/figure>","protected":false},"excerpt":{"rendered":"<p>Zwei Frankfurter Biowissenschaftler schicken Pflanzenexperimente ins Weltall Auf der Erde wachsen die Wurzeln von Pflanzen nach unten, der Spross nach oben. Aber wie erkennen Pflanzen eigentlich genau, wo unten ist? [&hellip;]<\/p>\n","protected":false},"author":8,"featured_media":70053,"comment_status":"closed","ping_status":"closed","sticky":false,"template":"","format":"standard","meta":{"_eb_attr":"","_price":"","_stock":"","_tribe_ticket_header":"","_tribe_default_ticket_provider":"","_ticket_start_date":"","_ticket_end_date":"","_tribe_ticket_show_description":"","_tribe_ticket_show_not_going":false,"_tribe_ticket_use_global_stock":"","_tribe_ticket_global_stock_level":"","_global_stock_mode":"","_global_stock_cap":"","_tribe_rsvp_for_event":"","_tribe_ticket_going_count":"","_tribe_ticket_not_going_count":"","_tribe_tickets_list":"[]","_tribe_ticket_has_attendee_info_fields":false,"footnotes":""},"categories":[266],"tags":[80,288],"post_folder":[],"class_list":["post-69932","post","type-post","status-publish","format-standard","has-post-thumbnail","hentry","category-einblick","tag-alumni","tag-einblick-53"],"yoast_head":"<!-- This site is optimized with the Yoast SEO plugin v27.5 - https:\/\/yoast.com\/product\/yoast-seo-wordpress\/ -->\n<title>Schwerelos in Kiruna | Aktuelles aus der Goethe-Universit\u00e4t Frankfurt<\/title>\n<meta name=\"robots\" content=\"index, follow, max-snippet:-1, max-image-preview:large, max-video-preview:-1\" \/>\n<link rel=\"canonical\" href=\"https:\/\/aktuelles.uni-frankfurt.de\/en\/einblick\/schwerelos-in-kiruna\/\" \/>\n<meta property=\"og:locale\" content=\"en_GB\" \/>\n<meta property=\"og:type\" content=\"article\" \/>\n<meta property=\"og:title\" content=\"Schwerelos in Kiruna | Aktuelles aus der Goethe-Universit\u00e4t Frankfurt\" \/>\n<meta property=\"og:description\" content=\"Zwei Frankfurter Biowissenschaftler schicken Pflanzenexperimente ins Weltall Auf der Erde wachsen die Wurzeln von Pflanzen nach unten, der Spross nach oben. Aber wie erkennen Pflanzen eigentlich genau, wo unten ist? [&hellip;]\" \/>\n<meta property=\"og:url\" content=\"https:\/\/aktuelles.uni-frankfurt.de\/en\/einblick\/schwerelos-in-kiruna\/\" \/>\n<meta property=\"og:site_name\" content=\"Aktuelles aus der Goethe-Universit\u00e4t Frankfurt\" \/>\n<meta property=\"article:published_time\" content=\"2023-03-30T10:47:57+00:00\" \/>\n<meta property=\"article:modified_time\" content=\"2023-03-31T11:56:37+00:00\" \/>\n<meta property=\"og:image\" content=\"https:\/\/aktuelles.uni-frankfurt.de\/wp-content\/uploads\/2023\/03\/Blick_Labor_IMG_20221001_003714-1.jpg\" \/>\n\t<meta property=\"og:image:width\" content=\"650\" \/>\n\t<meta property=\"og:image:height\" content=\"450\" \/>\n\t<meta property=\"og:image:type\" content=\"image\/jpeg\" \/>\n<meta name=\"author\" content=\"-\" \/>\n<meta name=\"twitter:card\" content=\"summary_large_image\" \/>\n<meta name=\"twitter:label1\" content=\"Written by\" \/>\n\t<meta name=\"twitter:data1\" content=\"-\" \/>\n\t<meta name=\"twitter:label2\" content=\"Estimated reading time\" \/>\n\t<meta name=\"twitter:data2\" content=\"3 minutes\" \/>\n<script type=\"application\/ld+json\" class=\"yoast-schema-graph\">{\"@context\":\"https:\\\/\\\/schema.org\",\"@graph\":[{\"@type\":\"Article\",\"@id\":\"https:\\\/\\\/aktuelles.uni-frankfurt.de\\\/einblick\\\/schwerelos-in-kiruna\\\/#article\",\"isPartOf\":{\"@id\":\"https:\\\/\\\/aktuelles.uni-frankfurt.de\\\/einblick\\\/schwerelos-in-kiruna\\\/\"},\"author\":{\"name\":\"-\",\"@id\":\"https:\\\/\\\/aktuelles.uni-frankfurt.de\\\/#\\\/schema\\\/person\\\/8e55ea338fb65d1ce87a91565d1f1739\"},\"headline\":\"Schwerelos in Kiruna\",\"datePublished\":\"2023-03-30T10:47:57+00:00\",\"dateModified\":\"2023-03-31T11:56:37+00:00\",\"mainEntityOfPage\":{\"@id\":\"https:\\\/\\\/aktuelles.uni-frankfurt.de\\\/einblick\\\/schwerelos-in-kiruna\\\/\"},\"wordCount\":551,\"publisher\":{\"@id\":\"https:\\\/\\\/aktuelles.uni-frankfurt.de\\\/#organization\"},\"image\":{\"@id\":\"https:\\\/\\\/aktuelles.uni-frankfurt.de\\\/einblick\\\/schwerelos-in-kiruna\\\/#primaryimage\"},\"thumbnailUrl\":\"https:\\\/\\\/aktuelles.uni-frankfurt.de\\\/wp-content\\\/uploads\\\/2023\\\/03\\\/Blick_Labor_IMG_20221001_003714-1.jpg\",\"keywords\":[\"Alumni\",\"Einblick 53\"],\"articleSection\":[\"EinBlick\"],\"inLanguage\":\"en-GB\"},{\"@type\":\"WebPage\",\"@id\":\"https:\\\/\\\/aktuelles.uni-frankfurt.de\\\/einblick\\\/schwerelos-in-kiruna\\\/\",\"url\":\"https:\\\/\\\/aktuelles.uni-frankfurt.de\\\/einblick\\\/schwerelos-in-kiruna\\\/\",\"name\":\"Schwerelos in Kiruna | Aktuelles aus der Goethe-Universit\u00e4t Frankfurt\",\"isPartOf\":{\"@id\":\"https:\\\/\\\/aktuelles.uni-frankfurt.de\\\/#website\"},\"primaryImageOfPage\":{\"@id\":\"https:\\\/\\\/aktuelles.uni-frankfurt.de\\\/einblick\\\/schwerelos-in-kiruna\\\/#primaryimage\"},\"image\":{\"@id\":\"https:\\\/\\\/aktuelles.uni-frankfurt.de\\\/einblick\\\/schwerelos-in-kiruna\\\/#primaryimage\"},\"thumbnailUrl\":\"https:\\\/\\\/aktuelles.uni-frankfurt.de\\\/wp-content\\\/uploads\\\/2023\\\/03\\\/Blick_Labor_IMG_20221001_003714-1.jpg\",\"datePublished\":\"2023-03-30T10:47:57+00:00\",\"dateModified\":\"2023-03-31T11:56:37+00:00\",\"breadcrumb\":{\"@id\":\"https:\\\/\\\/aktuelles.uni-frankfurt.de\\\/einblick\\\/schwerelos-in-kiruna\\\/#breadcrumb\"},\"inLanguage\":\"en-GB\",\"potentialAction\":[{\"@type\":\"ReadAction\",\"target\":[\"https:\\\/\\\/aktuelles.uni-frankfurt.de\\\/einblick\\\/schwerelos-in-kiruna\\\/\"]}]},{\"@type\":\"ImageObject\",\"inLanguage\":\"en-GB\",\"@id\":\"https:\\\/\\\/aktuelles.uni-frankfurt.de\\\/einblick\\\/schwerelos-in-kiruna\\\/#primaryimage\",\"url\":\"https:\\\/\\\/aktuelles.uni-frankfurt.de\\\/wp-content\\\/uploads\\\/2023\\\/03\\\/Blick_Labor_IMG_20221001_003714-1.jpg\",\"contentUrl\":\"https:\\\/\\\/aktuelles.uni-frankfurt.de\\\/wp-content\\\/uploads\\\/2023\\\/03\\\/Blick_Labor_IMG_20221001_003714-1.jpg\",\"width\":650,\"height\":450},{\"@type\":\"BreadcrumbList\",\"@id\":\"https:\\\/\\\/aktuelles.uni-frankfurt.de\\\/einblick\\\/schwerelos-in-kiruna\\\/#breadcrumb\",\"itemListElement\":[{\"@type\":\"ListItem\",\"position\":1,\"name\":\"Startseite\",\"item\":\"https:\\\/\\\/aktuelles.uni-frankfurt.de\\\/\"},{\"@type\":\"ListItem\",\"position\":2,\"name\":\"Schwerelos in Kiruna\"}]},{\"@type\":\"WebSite\",\"@id\":\"https:\\\/\\\/aktuelles.uni-frankfurt.de\\\/#website\",\"url\":\"https:\\\/\\\/aktuelles.uni-frankfurt.de\\\/\",\"name\":\"Aktuelles aus der Goethe-Universit\u00e4t Frankfurt\",\"description\":\"Aktuelles aus der Goethe-Universit\u00e4t | Neues aus Forschung, Lehre, Studium\",\"publisher\":{\"@id\":\"https:\\\/\\\/aktuelles.uni-frankfurt.de\\\/#organization\"},\"potentialAction\":[{\"@type\":\"SearchAction\",\"target\":{\"@type\":\"EntryPoint\",\"urlTemplate\":\"https:\\\/\\\/aktuelles.uni-frankfurt.de\\\/?s={search_term_string}\"},\"query-input\":{\"@type\":\"PropertyValueSpecification\",\"valueRequired\":true,\"valueName\":\"search_term_string\"}}],\"inLanguage\":\"en-GB\"},{\"@type\":\"Organization\",\"@id\":\"https:\\\/\\\/aktuelles.uni-frankfurt.de\\\/#organization\",\"name\":\"Goethe-Universit\u00e4t\",\"url\":\"https:\\\/\\\/aktuelles.uni-frankfurt.de\\\/\",\"logo\":{\"@type\":\"ImageObject\",\"inLanguage\":\"en-GB\",\"@id\":\"https:\\\/\\\/aktuelles.uni-frankfurt.de\\\/#\\\/schema\\\/logo\\\/image\\\/\",\"url\":\"https:\\\/\\\/aktuelles.uni-frankfurt.de\\\/wp-content\\\/uploads\\\/2022\\\/03\\\/800px-Goethe-Logo.png\",\"contentUrl\":\"https:\\\/\\\/aktuelles.uni-frankfurt.de\\\/wp-content\\\/uploads\\\/2022\\\/03\\\/800px-Goethe-Logo.png\",\"width\":800,\"height\":436,\"caption\":\"Goethe-Universit\u00e4t\"},\"image\":{\"@id\":\"https:\\\/\\\/aktuelles.uni-frankfurt.de\\\/#\\\/schema\\\/logo\\\/image\\\/\"}},{\"@type\":\"Person\",\"@id\":\"https:\\\/\\\/aktuelles.uni-frankfurt.de\\\/#\\\/schema\\\/person\\\/8e55ea338fb65d1ce87a91565d1f1739\",\"name\":\"-\",\"description\":\"Dieser Beitrag wurde von der Online-Redaktion ver\u00f6ffentlicht. Wenn der Beitrag von einem Gastautoren verfasst wurde, findet sich dieser Hinweis am Ende des jeweiligen Artikels.\",\"sameAs\":[\"http:\\\/\\\/aktuelles.uni-frankfurt.de\\\/autoren\"],\"url\":\"https:\\\/\\\/aktuelles.uni-frankfurt.de\\\/en\\\/author\\\/redaktion\\\/\"}]}<\/script>\n<!-- \/ Yoast SEO plugin. -->","yoast_head_json":{"title":"Schwerelos in Kiruna | Aktuelles aus der Goethe-Universit\u00e4t Frankfurt","robots":{"index":"index","follow":"follow","max-snippet":"max-snippet:-1","max-image-preview":"max-image-preview:large","max-video-preview":"max-video-preview:-1"},"canonical":"https:\/\/aktuelles.uni-frankfurt.de\/en\/einblick\/schwerelos-in-kiruna\/","og_locale":"en_GB","og_type":"article","og_title":"Schwerelos in Kiruna | Aktuelles aus der Goethe-Universit\u00e4t Frankfurt","og_description":"Zwei Frankfurter Biowissenschaftler schicken Pflanzenexperimente ins Weltall Auf der Erde wachsen die Wurzeln von Pflanzen nach unten, der Spross nach oben. Aber wie erkennen Pflanzen eigentlich genau, wo unten ist? [&hellip;]","og_url":"https:\/\/aktuelles.uni-frankfurt.de\/en\/einblick\/schwerelos-in-kiruna\/","og_site_name":"Aktuelles aus der Goethe-Universit\u00e4t Frankfurt","article_published_time":"2023-03-30T10:47:57+00:00","article_modified_time":"2023-03-31T11:56:37+00:00","og_image":[{"width":650,"height":450,"url":"https:\/\/aktuelles.uni-frankfurt.de\/wp-content\/uploads\/2023\/03\/Blick_Labor_IMG_20221001_003714-1.jpg","type":"image\/jpeg"}],"author":"-","twitter_card":"summary_large_image","twitter_misc":{"Written by":"-","Estimated reading time":"3 minutes"},"schema":{"@context":"https:\/\/schema.org","@graph":[{"@type":"Article","@id":"https:\/\/aktuelles.uni-frankfurt.de\/einblick\/schwerelos-in-kiruna\/#article","isPartOf":{"@id":"https:\/\/aktuelles.uni-frankfurt.de\/einblick\/schwerelos-in-kiruna\/"},"author":{"name":"-","@id":"https:\/\/aktuelles.uni-frankfurt.de\/#\/schema\/person\/8e55ea338fb65d1ce87a91565d1f1739"},"headline":"Schwerelos in Kiruna","datePublished":"2023-03-30T10:47:57+00:00","dateModified":"2023-03-31T11:56:37+00:00","mainEntityOfPage":{"@id":"https:\/\/aktuelles.uni-frankfurt.de\/einblick\/schwerelos-in-kiruna\/"},"wordCount":551,"publisher":{"@id":"https:\/\/aktuelles.uni-frankfurt.de\/#organization"},"image":{"@id":"https:\/\/aktuelles.uni-frankfurt.de\/einblick\/schwerelos-in-kiruna\/#primaryimage"},"thumbnailUrl":"https:\/\/aktuelles.uni-frankfurt.de\/wp-content\/uploads\/2023\/03\/Blick_Labor_IMG_20221001_003714-1.jpg","keywords":["Alumni","Einblick 53"],"articleSection":["EinBlick"],"inLanguage":"en-GB"},{"@type":"WebPage","@id":"https:\/\/aktuelles.uni-frankfurt.de\/einblick\/schwerelos-in-kiruna\/","url":"https:\/\/aktuelles.uni-frankfurt.de\/einblick\/schwerelos-in-kiruna\/","name":"Schwerelos in Kiruna | Aktuelles aus der Goethe-Universit\u00e4t Frankfurt","isPartOf":{"@id":"https:\/\/aktuelles.uni-frankfurt.de\/#website"},"primaryImageOfPage":{"@id":"https:\/\/aktuelles.uni-frankfurt.de\/einblick\/schwerelos-in-kiruna\/#primaryimage"},"image":{"@id":"https:\/\/aktuelles.uni-frankfurt.de\/einblick\/schwerelos-in-kiruna\/#primaryimage"},"thumbnailUrl":"https:\/\/aktuelles.uni-frankfurt.de\/wp-content\/uploads\/2023\/03\/Blick_Labor_IMG_20221001_003714-1.jpg","datePublished":"2023-03-30T10:47:57+00:00","dateModified":"2023-03-31T11:56:37+00:00","breadcrumb":{"@id":"https:\/\/aktuelles.uni-frankfurt.de\/einblick\/schwerelos-in-kiruna\/#breadcrumb"},"inLanguage":"en-GB","potentialAction":[{"@type":"ReadAction","target":["https:\/\/aktuelles.uni-frankfurt.de\/einblick\/schwerelos-in-kiruna\/"]}]},{"@type":"ImageObject","inLanguage":"en-GB","@id":"https:\/\/aktuelles.uni-frankfurt.de\/einblick\/schwerelos-in-kiruna\/#primaryimage","url":"https:\/\/aktuelles.uni-frankfurt.de\/wp-content\/uploads\/2023\/03\/Blick_Labor_IMG_20221001_003714-1.jpg","contentUrl":"https:\/\/aktuelles.uni-frankfurt.de\/wp-content\/uploads\/2023\/03\/Blick_Labor_IMG_20221001_003714-1.jpg","width":650,"height":450},{"@type":"BreadcrumbList","@id":"https:\/\/aktuelles.uni-frankfurt.de\/einblick\/schwerelos-in-kiruna\/#breadcrumb","itemListElement":[{"@type":"ListItem","position":1,"name":"Startseite","item":"https:\/\/aktuelles.uni-frankfurt.de\/"},{"@type":"ListItem","position":2,"name":"Schwerelos in Kiruna"}]},{"@type":"WebSite","@id":"https:\/\/aktuelles.uni-frankfurt.de\/#website","url":"https:\/\/aktuelles.uni-frankfurt.de\/","name":"Aktuelles aus der Goethe-Universit\u00e4t Frankfurt","description":"Aktuelles aus der Goethe-Universit\u00e4t | Neues aus Forschung, Lehre, Studium","publisher":{"@id":"https:\/\/aktuelles.uni-frankfurt.de\/#organization"},"potentialAction":[{"@type":"SearchAction","target":{"@type":"EntryPoint","urlTemplate":"https:\/\/aktuelles.uni-frankfurt.de\/?s={search_term_string}"},"query-input":{"@type":"PropertyValueSpecification","valueRequired":true,"valueName":"search_term_string"}}],"inLanguage":"en-GB"},{"@type":"Organization","@id":"https:\/\/aktuelles.uni-frankfurt.de\/#organization","name":"Goethe University Frankfurt","url":"https:\/\/aktuelles.uni-frankfurt.de\/","logo":{"@type":"ImageObject","inLanguage":"en-GB","@id":"https:\/\/aktuelles.uni-frankfurt.de\/#\/schema\/logo\/image\/","url":"https:\/\/aktuelles.uni-frankfurt.de\/wp-content\/uploads\/2022\/03\/800px-Goethe-Logo.png","contentUrl":"https:\/\/aktuelles.uni-frankfurt.de\/wp-content\/uploads\/2022\/03\/800px-Goethe-Logo.png","width":800,"height":436,"caption":"Goethe-Universit\u00e4t"},"image":{"@id":"https:\/\/aktuelles.uni-frankfurt.de\/#\/schema\/logo\/image\/"}},{"@type":"Person","@id":"https:\/\/aktuelles.uni-frankfurt.de\/#\/schema\/person\/8e55ea338fb65d1ce87a91565d1f1739","name":"-","description":"Dieser Beitrag wurde von der Online-Redaktion ver\u00f6ffentlicht. Wenn der Beitrag von einem Gastautoren verfasst wurde, findet sich dieser Hinweis am Ende des jeweiligen Artikels.","sameAs":["http:\/\/aktuelles.uni-frankfurt.de\/autoren"],"url":"https:\/\/aktuelles.uni-frankfurt.de\/en\/author\/redaktion\/"}]}},"_links":{"self":[{"href":"https:\/\/aktuelles.uni-frankfurt.de\/en\/wp-json\/wp\/v2\/posts\/69932","targetHints":{"allow":["GET"]}}],"collection":[{"href":"https:\/\/aktuelles.uni-frankfurt.de\/en\/wp-json\/wp\/v2\/posts"}],"about":[{"href":"https:\/\/aktuelles.uni-frankfurt.de\/en\/wp-json\/wp\/v2\/types\/post"}],"author":[{"embeddable":true,"href":"https:\/\/aktuelles.uni-frankfurt.de\/en\/wp-json\/wp\/v2\/users\/8"}],"replies":[{"embeddable":true,"href":"https:\/\/aktuelles.uni-frankfurt.de\/en\/wp-json\/wp\/v2\/comments?post=69932"}],"version-history":[{"count":0,"href":"https:\/\/aktuelles.uni-frankfurt.de\/en\/wp-json\/wp\/v2\/posts\/69932\/revisions"}],"wp:featuredmedia":[{"embeddable":true,"href":"https:\/\/aktuelles.uni-frankfurt.de\/en\/wp-json\/wp\/v2\/media\/70053"}],"wp:attachment":[{"href":"https:\/\/aktuelles.uni-frankfurt.de\/en\/wp-json\/wp\/v2\/media?parent=69932"}],"wp:term":[{"taxonomy":"category","embeddable":true,"href":"https:\/\/aktuelles.uni-frankfurt.de\/en\/wp-json\/wp\/v2\/categories?post=69932"},{"taxonomy":"post_tag","embeddable":true,"href":"https:\/\/aktuelles.uni-frankfurt.de\/en\/wp-json\/wp\/v2\/tags?post=69932"},{"taxonomy":"post_folder","embeddable":true,"href":"https:\/\/aktuelles.uni-frankfurt.de\/en\/wp-json\/wp\/v2\/post_folder?post=69932"}],"curies":[{"name":"wp","href":"https:\/\/api.w.org\/{rel}","templated":true}]}}