{"id":71388,"date":"2023-05-16T16:15:57","date_gmt":"2023-05-16T14:15:57","guid":{"rendered":"https:\/\/aktuelles.uni-frankfurt.de\/?p=71388"},"modified":"2023-05-16T16:15:57","modified_gmt":"2023-05-16T14:15:57","slug":"autoritarismus-und-gewaltforscher-diskutieren-im-forschungszentrum-normative-ordnungen","status":"publish","type":"post","link":"https:\/\/aktuelles.uni-frankfurt.de\/en\/veranstaltungen\/autoritarismus-und-gewaltforscher-diskutieren-im-forschungszentrum-normative-ordnungen\/","title":{"rendered":"Autoritarismus- und Gewaltforscher diskutieren im Forschungszentrum \u201eNormative Ordnungen\u201c"},"content":{"rendered":"<p>Autorit\u00e4re und populistische Parteien und Bewegungen gewinnen in vielen L\u00e4ndern an Einfluss. Zunehmend untereinander vernetzt, wirken sie mit ihrem autorit\u00e4ren Weltbild immer st\u00e4rker in die Mitte der Gesellschaft hinein, was sich unter anderem in Querdenkermilieus und Coronaprotesten zeigt. Was bedeutet diese Verbreitung autorit\u00e4rer Gedanken f\u00fcr die Demokratie? Wie entstehen Ankn\u00fcpfungspunkte an ein rechtes Weltbild?<\/p>\n\n\n\n<p>Diesen Fragen widmet sich die Diskussion \u201eDemokratie in Gefahr \u2013 Das autorit\u00e4re Weltbild der neuen Rechten\u201c am 24. Mai 2023, um 18:15 Uhr, im Geb\u00e4ude \u201eNormative Ordnungen\u201c, Raum EG.01, Max-Horkheimer-Stra\u00dfe 2, 60323 Frankfurt. Die Veranstaltung wird vom Forschungszentrum \u201eNormative Ordnungen\u201c der Goethe-Universit\u00e4t in Kooperation mit der Sebastian Cobler Stiftung f\u00fcr B\u00fcrgerrechte organisiert.<\/p>\n\n\n\n<p>Es diskutieren:<\/p>\n\n\n\n<p><strong>Dr. Carolin Amlinger<\/strong>, Literatursoziologin und wissenschaftliche Mitarbeiterin in der Abteilung f\u00fcr Neuere Deutsche Literaturwissenschaft der Universit\u00e4t Basel. Sie promovierte mit einer soziologischen Analyse des literarischen Schreibens und war zuletzt Visiting Research Fellow am Sonderforschungsbereich \u201eTransformationen des Popul\u00e4ren\u201c in Siegen. Im letzten Jahr hat sie gemeinsam mit Prof. Dr. Oliver Nachtwey das Buch \u201eGekr\u00e4nkte Freiheit. Aspekte des libert\u00e4ren Autoritarismus\u201c publiziert.<\/p>\n\n\n\n<p><strong>Prof. Dr. Wilhelm Heitmeyer<\/strong>, Sozialwissenschaftler und Gewaltforscher, ist zurzeit Forschungsprofessor am Institut f\u00fcr interdisziplin\u00e4re Konflikt- und Gewaltforschung der Universit\u00e4t Bielefeld, wo er das Institut f\u00fcr interdisziplin\u00e4re Konflikt- und Gewaltforschung gegr\u00fcndet und bis 2013 geleitet hat. Heitmeyer gilt als Pionier der Gewaltforschung und untersuchte als einer der ersten bereits ab den 1980er Jahren rechtsextremistische Orientierungen bei Jugendlichen. Von ihm stammen Konzepte wie die Theorie Sozialer Desintegration und Arbeiten zur gruppenbezogenen Menschenfeindlichkeit.<\/p>\n\n\n\n<p>Es moderiert <strong>Rebecca C. Schmidt,<\/strong> Gesch\u00e4ftsf\u00fchrerin des Forschungszentrums Normative Ordnungen sowie des deutschlandweiten Forschungsinstituts Gesellschaftlicher Zusammenhalt.<\/p>\n\n\n\n<p class=\"has-background\" style=\"background-color:#eeeeee\">Die <strong>Teilnahme <\/strong>ist <strong>kostenfrei <\/strong>vor Ort oder im Zoom-Stream m\u00f6glich. Um eine <strong>formlose Anmeldung<\/strong> zur Teilnahme vor Ort wird gebeten. Weitere Informationen und Zoomlink unter: <a href=\"http:\/\/www.normativeorders.net\/demokratie-in-gefahr\">www.normativeorders.net\/demokratie-in-gefahr<\/a><\/p>","protected":false},"excerpt":{"rendered":"<p>Autorit\u00e4re und populistische Parteien und Bewegungen gewinnen in vielen L\u00e4ndern an Einfluss. Zunehmend untereinander vernetzt, wirken sie mit ihrem autorit\u00e4ren Weltbild immer st\u00e4rker in die Mitte der Gesellschaft hinein, was [&hellip;]<\/p>\n","protected":false},"author":8,"featured_media":53025,"comment_status":"closed","ping_status":"closed","sticky":false,"template":"","format":"standard","meta":{"_eb_attr":"","_price":"","_stock":"","_tribe_ticket_header":"","_tribe_default_ticket_provider":"","_ticket_start_date":"","_ticket_end_date":"","_tribe_ticket_show_description":"","_tribe_ticket_show_not_going":false,"_tribe_ticket_use_global_stock":"","_tribe_ticket_global_stock_level":"","_global_stock_mode":"","_global_stock_cap":"","_tribe_rsvp_for_event":"","_tribe_ticket_going_count":"","_tribe_ticket_not_going_count":"","_tribe_tickets_list":"[]","_tribe_ticket_has_attendee_info_fields":false,"footnotes":""},"categories":[12],"tags":[48,147],"post_folder":[],"class_list":["post-71388","post","type-post","status-publish","format-standard","has-post-thumbnail","hentry","category-veranstaltungen","tag-gesellschaftswissenschaften","tag-politikwissenschaft"],"yoast_head":"<!-- This site is optimized with the Yoast SEO plugin v27.5 - https:\/\/yoast.com\/product\/yoast-seo-wordpress\/ -->\n<title>Autoritarismus- und Gewaltforscher diskutieren im Forschungszentrum \u201eNormative Ordnungen\u201c | Aktuelles aus der Goethe-Universit\u00e4t Frankfurt<\/title>\n<meta name=\"robots\" content=\"index, follow, max-snippet:-1, max-image-preview:large, max-video-preview:-1\" \/>\n<link rel=\"canonical\" href=\"https:\/\/aktuelles.uni-frankfurt.de\/en\/veranstaltungen\/autoritarismus-und-gewaltforscher-diskutieren-im-forschungszentrum-normative-ordnungen\/\" \/>\n<meta property=\"og:locale\" content=\"en_GB\" \/>\n<meta property=\"og:type\" content=\"article\" \/>\n<meta property=\"og:title\" content=\"Autoritarismus- und Gewaltforscher diskutieren im Forschungszentrum \u201eNormative Ordnungen\u201c | Aktuelles aus der Goethe-Universit\u00e4t Frankfurt\" \/>\n<meta property=\"og:description\" content=\"Autorit\u00e4re und populistische Parteien und Bewegungen gewinnen in vielen L\u00e4ndern an Einfluss. Zunehmend untereinander vernetzt, wirken sie mit ihrem autorit\u00e4ren Weltbild immer st\u00e4rker in die Mitte der Gesellschaft hinein, was [&hellip;]\" \/>\n<meta property=\"og:url\" content=\"https:\/\/aktuelles.uni-frankfurt.de\/en\/veranstaltungen\/autoritarismus-und-gewaltforscher-diskutieren-im-forschungszentrum-normative-ordnungen\/\" \/>\n<meta property=\"og:site_name\" content=\"Aktuelles aus der Goethe-Universit\u00e4t Frankfurt\" \/>\n<meta property=\"article:published_time\" content=\"2023-05-16T14:15:57+00:00\" \/>\n<meta property=\"og:image\" content=\"https:\/\/aktuelles.uni-frankfurt.de\/wp-content\/uploads\/2021\/10\/beitragsbild_allgemein-goethe-uni-webmagazin.jpg\" \/>\n\t<meta property=\"og:image:width\" content=\"650\" \/>\n\t<meta property=\"og:image:height\" content=\"450\" \/>\n\t<meta property=\"og:image:type\" content=\"image\/jpeg\" \/>\n<meta name=\"author\" content=\"-\" \/>\n<meta name=\"twitter:card\" content=\"summary_large_image\" \/>\n<meta name=\"twitter:label1\" content=\"Written by\" \/>\n\t<meta name=\"twitter:data1\" content=\"-\" \/>\n\t<meta name=\"twitter:label2\" content=\"Estimated reading time\" \/>\n\t<meta name=\"twitter:data2\" content=\"2 minutes\" \/>\n<script type=\"application\/ld+json\" class=\"yoast-schema-graph\">{\"@context\":\"https:\\\/\\\/schema.org\",\"@graph\":[{\"@type\":\"Article\",\"@id\":\"https:\\\/\\\/aktuelles.uni-frankfurt.de\\\/veranstaltungen\\\/autoritarismus-und-gewaltforscher-diskutieren-im-forschungszentrum-normative-ordnungen\\\/#article\",\"isPartOf\":{\"@id\":\"https:\\\/\\\/aktuelles.uni-frankfurt.de\\\/veranstaltungen\\\/autoritarismus-und-gewaltforscher-diskutieren-im-forschungszentrum-normative-ordnungen\\\/\"},\"author\":{\"name\":\"-\",\"@id\":\"https:\\\/\\\/aktuelles.uni-frankfurt.de\\\/#\\\/schema\\\/person\\\/8e55ea338fb65d1ce87a91565d1f1739\"},\"headline\":\"Autoritarismus- und Gewaltforscher diskutieren im Forschungszentrum \u201eNormative Ordnungen\u201c\",\"datePublished\":\"2023-05-16T14:15:57+00:00\",\"mainEntityOfPage\":{\"@id\":\"https:\\\/\\\/aktuelles.uni-frankfurt.de\\\/veranstaltungen\\\/autoritarismus-und-gewaltforscher-diskutieren-im-forschungszentrum-normative-ordnungen\\\/\"},\"wordCount\":310,\"publisher\":{\"@id\":\"https:\\\/\\\/aktuelles.uni-frankfurt.de\\\/#organization\"},\"image\":{\"@id\":\"https:\\\/\\\/aktuelles.uni-frankfurt.de\\\/veranstaltungen\\\/autoritarismus-und-gewaltforscher-diskutieren-im-forschungszentrum-normative-ordnungen\\\/#primaryimage\"},\"thumbnailUrl\":\"https:\\\/\\\/aktuelles.uni-frankfurt.de\\\/wp-content\\\/uploads\\\/2021\\\/10\\\/beitragsbild_allgemein-goethe-uni-webmagazin.jpg\",\"keywords\":[\"Gesellschaftswissenschaften\",\"Politikwissenschaft\"],\"articleSection\":[\"Veranstaltungen\"],\"inLanguage\":\"en-GB\"},{\"@type\":\"WebPage\",\"@id\":\"https:\\\/\\\/aktuelles.uni-frankfurt.de\\\/veranstaltungen\\\/autoritarismus-und-gewaltforscher-diskutieren-im-forschungszentrum-normative-ordnungen\\\/\",\"url\":\"https:\\\/\\\/aktuelles.uni-frankfurt.de\\\/veranstaltungen\\\/autoritarismus-und-gewaltforscher-diskutieren-im-forschungszentrum-normative-ordnungen\\\/\",\"name\":\"Autoritarismus- und Gewaltforscher diskutieren im Forschungszentrum \u201eNormative Ordnungen\u201c | Aktuelles aus der Goethe-Universit\u00e4t Frankfurt\",\"isPartOf\":{\"@id\":\"https:\\\/\\\/aktuelles.uni-frankfurt.de\\\/#website\"},\"primaryImageOfPage\":{\"@id\":\"https:\\\/\\\/aktuelles.uni-frankfurt.de\\\/veranstaltungen\\\/autoritarismus-und-gewaltforscher-diskutieren-im-forschungszentrum-normative-ordnungen\\\/#primaryimage\"},\"image\":{\"@id\":\"https:\\\/\\\/aktuelles.uni-frankfurt.de\\\/veranstaltungen\\\/autoritarismus-und-gewaltforscher-diskutieren-im-forschungszentrum-normative-ordnungen\\\/#primaryimage\"},\"thumbnailUrl\":\"https:\\\/\\\/aktuelles.uni-frankfurt.de\\\/wp-content\\\/uploads\\\/2021\\\/10\\\/beitragsbild_allgemein-goethe-uni-webmagazin.jpg\",\"datePublished\":\"2023-05-16T14:15:57+00:00\",\"breadcrumb\":{\"@id\":\"https:\\\/\\\/aktuelles.uni-frankfurt.de\\\/veranstaltungen\\\/autoritarismus-und-gewaltforscher-diskutieren-im-forschungszentrum-normative-ordnungen\\\/#breadcrumb\"},\"inLanguage\":\"en-GB\",\"potentialAction\":[{\"@type\":\"ReadAction\",\"target\":[\"https:\\\/\\\/aktuelles.uni-frankfurt.de\\\/veranstaltungen\\\/autoritarismus-und-gewaltforscher-diskutieren-im-forschungszentrum-normative-ordnungen\\\/\"]}]},{\"@type\":\"ImageObject\",\"inLanguage\":\"en-GB\",\"@id\":\"https:\\\/\\\/aktuelles.uni-frankfurt.de\\\/veranstaltungen\\\/autoritarismus-und-gewaltforscher-diskutieren-im-forschungszentrum-normative-ordnungen\\\/#primaryimage\",\"url\":\"https:\\\/\\\/aktuelles.uni-frankfurt.de\\\/wp-content\\\/uploads\\\/2021\\\/10\\\/beitragsbild_allgemein-goethe-uni-webmagazin.jpg\",\"contentUrl\":\"https:\\\/\\\/aktuelles.uni-frankfurt.de\\\/wp-content\\\/uploads\\\/2021\\\/10\\\/beitragsbild_allgemein-goethe-uni-webmagazin.jpg\",\"width\":650,\"height\":450},{\"@type\":\"BreadcrumbList\",\"@id\":\"https:\\\/\\\/aktuelles.uni-frankfurt.de\\\/veranstaltungen\\\/autoritarismus-und-gewaltforscher-diskutieren-im-forschungszentrum-normative-ordnungen\\\/#breadcrumb\",\"itemListElement\":[{\"@type\":\"ListItem\",\"position\":1,\"name\":\"Startseite\",\"item\":\"https:\\\/\\\/aktuelles.uni-frankfurt.de\\\/\"},{\"@type\":\"ListItem\",\"position\":2,\"name\":\"Autoritarismus- und Gewaltforscher diskutieren im Forschungszentrum \u201eNormative Ordnungen\u201c\"}]},{\"@type\":\"WebSite\",\"@id\":\"https:\\\/\\\/aktuelles.uni-frankfurt.de\\\/#website\",\"url\":\"https:\\\/\\\/aktuelles.uni-frankfurt.de\\\/\",\"name\":\"Aktuelles aus der Goethe-Universit\u00e4t Frankfurt\",\"description\":\"Aktuelles aus der Goethe-Universit\u00e4t | Neues aus Forschung, Lehre, Studium\",\"publisher\":{\"@id\":\"https:\\\/\\\/aktuelles.uni-frankfurt.de\\\/#organization\"},\"potentialAction\":[{\"@type\":\"SearchAction\",\"target\":{\"@type\":\"EntryPoint\",\"urlTemplate\":\"https:\\\/\\\/aktuelles.uni-frankfurt.de\\\/?s={search_term_string}\"},\"query-input\":{\"@type\":\"PropertyValueSpecification\",\"valueRequired\":true,\"valueName\":\"search_term_string\"}}],\"inLanguage\":\"en-GB\"},{\"@type\":\"Organization\",\"@id\":\"https:\\\/\\\/aktuelles.uni-frankfurt.de\\\/#organization\",\"name\":\"Goethe-Universit\u00e4t\",\"url\":\"https:\\\/\\\/aktuelles.uni-frankfurt.de\\\/\",\"logo\":{\"@type\":\"ImageObject\",\"inLanguage\":\"en-GB\",\"@id\":\"https:\\\/\\\/aktuelles.uni-frankfurt.de\\\/#\\\/schema\\\/logo\\\/image\\\/\",\"url\":\"https:\\\/\\\/aktuelles.uni-frankfurt.de\\\/wp-content\\\/uploads\\\/2022\\\/03\\\/800px-Goethe-Logo.png\",\"contentUrl\":\"https:\\\/\\\/aktuelles.uni-frankfurt.de\\\/wp-content\\\/uploads\\\/2022\\\/03\\\/800px-Goethe-Logo.png\",\"width\":800,\"height\":436,\"caption\":\"Goethe-Universit\u00e4t\"},\"image\":{\"@id\":\"https:\\\/\\\/aktuelles.uni-frankfurt.de\\\/#\\\/schema\\\/logo\\\/image\\\/\"}},{\"@type\":\"Person\",\"@id\":\"https:\\\/\\\/aktuelles.uni-frankfurt.de\\\/#\\\/schema\\\/person\\\/8e55ea338fb65d1ce87a91565d1f1739\",\"name\":\"-\",\"description\":\"Dieser Beitrag wurde von der Online-Redaktion ver\u00f6ffentlicht. Wenn der Beitrag von einem Gastautoren verfasst wurde, findet sich dieser Hinweis am Ende des jeweiligen Artikels.\",\"sameAs\":[\"http:\\\/\\\/aktuelles.uni-frankfurt.de\\\/autoren\"],\"url\":\"https:\\\/\\\/aktuelles.uni-frankfurt.de\\\/en\\\/author\\\/redaktion\\\/\"}]}<\/script>\n<!-- \/ Yoast SEO plugin. -->","yoast_head_json":{"title":"Autoritarismus- und Gewaltforscher diskutieren im Forschungszentrum \u201eNormative Ordnungen\u201c | Aktuelles aus der Goethe-Universit\u00e4t Frankfurt","robots":{"index":"index","follow":"follow","max-snippet":"max-snippet:-1","max-image-preview":"max-image-preview:large","max-video-preview":"max-video-preview:-1"},"canonical":"https:\/\/aktuelles.uni-frankfurt.de\/en\/veranstaltungen\/autoritarismus-und-gewaltforscher-diskutieren-im-forschungszentrum-normative-ordnungen\/","og_locale":"en_GB","og_type":"article","og_title":"Autoritarismus- und Gewaltforscher diskutieren im Forschungszentrum \u201eNormative Ordnungen\u201c | Aktuelles aus der Goethe-Universit\u00e4t Frankfurt","og_description":"Autorit\u00e4re und populistische Parteien und Bewegungen gewinnen in vielen L\u00e4ndern an Einfluss. Zunehmend untereinander vernetzt, wirken sie mit ihrem autorit\u00e4ren Weltbild immer st\u00e4rker in die Mitte der Gesellschaft hinein, was [&hellip;]","og_url":"https:\/\/aktuelles.uni-frankfurt.de\/en\/veranstaltungen\/autoritarismus-und-gewaltforscher-diskutieren-im-forschungszentrum-normative-ordnungen\/","og_site_name":"Aktuelles aus der Goethe-Universit\u00e4t Frankfurt","article_published_time":"2023-05-16T14:15:57+00:00","og_image":[{"width":650,"height":450,"url":"https:\/\/aktuelles.uni-frankfurt.de\/wp-content\/uploads\/2021\/10\/beitragsbild_allgemein-goethe-uni-webmagazin.jpg","type":"image\/jpeg"}],"author":"-","twitter_card":"summary_large_image","twitter_misc":{"Written by":"-","Estimated reading time":"2 minutes"},"schema":{"@context":"https:\/\/schema.org","@graph":[{"@type":"Article","@id":"https:\/\/aktuelles.uni-frankfurt.de\/veranstaltungen\/autoritarismus-und-gewaltforscher-diskutieren-im-forschungszentrum-normative-ordnungen\/#article","isPartOf":{"@id":"https:\/\/aktuelles.uni-frankfurt.de\/veranstaltungen\/autoritarismus-und-gewaltforscher-diskutieren-im-forschungszentrum-normative-ordnungen\/"},"author":{"name":"-","@id":"https:\/\/aktuelles.uni-frankfurt.de\/#\/schema\/person\/8e55ea338fb65d1ce87a91565d1f1739"},"headline":"Autoritarismus- und Gewaltforscher diskutieren im Forschungszentrum \u201eNormative Ordnungen\u201c","datePublished":"2023-05-16T14:15:57+00:00","mainEntityOfPage":{"@id":"https:\/\/aktuelles.uni-frankfurt.de\/veranstaltungen\/autoritarismus-und-gewaltforscher-diskutieren-im-forschungszentrum-normative-ordnungen\/"},"wordCount":310,"publisher":{"@id":"https:\/\/aktuelles.uni-frankfurt.de\/#organization"},"image":{"@id":"https:\/\/aktuelles.uni-frankfurt.de\/veranstaltungen\/autoritarismus-und-gewaltforscher-diskutieren-im-forschungszentrum-normative-ordnungen\/#primaryimage"},"thumbnailUrl":"https:\/\/aktuelles.uni-frankfurt.de\/wp-content\/uploads\/2021\/10\/beitragsbild_allgemein-goethe-uni-webmagazin.jpg","keywords":["Gesellschaftswissenschaften","Politikwissenschaft"],"articleSection":["Veranstaltungen"],"inLanguage":"en-GB"},{"@type":"WebPage","@id":"https:\/\/aktuelles.uni-frankfurt.de\/veranstaltungen\/autoritarismus-und-gewaltforscher-diskutieren-im-forschungszentrum-normative-ordnungen\/","url":"https:\/\/aktuelles.uni-frankfurt.de\/veranstaltungen\/autoritarismus-und-gewaltforscher-diskutieren-im-forschungszentrum-normative-ordnungen\/","name":"Autoritarismus- und Gewaltforscher diskutieren im Forschungszentrum \u201eNormative Ordnungen\u201c | Aktuelles aus der Goethe-Universit\u00e4t Frankfurt","isPartOf":{"@id":"https:\/\/aktuelles.uni-frankfurt.de\/#website"},"primaryImageOfPage":{"@id":"https:\/\/aktuelles.uni-frankfurt.de\/veranstaltungen\/autoritarismus-und-gewaltforscher-diskutieren-im-forschungszentrum-normative-ordnungen\/#primaryimage"},"image":{"@id":"https:\/\/aktuelles.uni-frankfurt.de\/veranstaltungen\/autoritarismus-und-gewaltforscher-diskutieren-im-forschungszentrum-normative-ordnungen\/#primaryimage"},"thumbnailUrl":"https:\/\/aktuelles.uni-frankfurt.de\/wp-content\/uploads\/2021\/10\/beitragsbild_allgemein-goethe-uni-webmagazin.jpg","datePublished":"2023-05-16T14:15:57+00:00","breadcrumb":{"@id":"https:\/\/aktuelles.uni-frankfurt.de\/veranstaltungen\/autoritarismus-und-gewaltforscher-diskutieren-im-forschungszentrum-normative-ordnungen\/#breadcrumb"},"inLanguage":"en-GB","potentialAction":[{"@type":"ReadAction","target":["https:\/\/aktuelles.uni-frankfurt.de\/veranstaltungen\/autoritarismus-und-gewaltforscher-diskutieren-im-forschungszentrum-normative-ordnungen\/"]}]},{"@type":"ImageObject","inLanguage":"en-GB","@id":"https:\/\/aktuelles.uni-frankfurt.de\/veranstaltungen\/autoritarismus-und-gewaltforscher-diskutieren-im-forschungszentrum-normative-ordnungen\/#primaryimage","url":"https:\/\/aktuelles.uni-frankfurt.de\/wp-content\/uploads\/2021\/10\/beitragsbild_allgemein-goethe-uni-webmagazin.jpg","contentUrl":"https:\/\/aktuelles.uni-frankfurt.de\/wp-content\/uploads\/2021\/10\/beitragsbild_allgemein-goethe-uni-webmagazin.jpg","width":650,"height":450},{"@type":"BreadcrumbList","@id":"https:\/\/aktuelles.uni-frankfurt.de\/veranstaltungen\/autoritarismus-und-gewaltforscher-diskutieren-im-forschungszentrum-normative-ordnungen\/#breadcrumb","itemListElement":[{"@type":"ListItem","position":1,"name":"Startseite","item":"https:\/\/aktuelles.uni-frankfurt.de\/"},{"@type":"ListItem","position":2,"name":"Autoritarismus- und Gewaltforscher diskutieren im Forschungszentrum \u201eNormative Ordnungen\u201c"}]},{"@type":"WebSite","@id":"https:\/\/aktuelles.uni-frankfurt.de\/#website","url":"https:\/\/aktuelles.uni-frankfurt.de\/","name":"Aktuelles aus der Goethe-Universit\u00e4t Frankfurt","description":"Aktuelles aus der Goethe-Universit\u00e4t | Neues aus Forschung, Lehre, Studium","publisher":{"@id":"https:\/\/aktuelles.uni-frankfurt.de\/#organization"},"potentialAction":[{"@type":"SearchAction","target":{"@type":"EntryPoint","urlTemplate":"https:\/\/aktuelles.uni-frankfurt.de\/?s={search_term_string}"},"query-input":{"@type":"PropertyValueSpecification","valueRequired":true,"valueName":"search_term_string"}}],"inLanguage":"en-GB"},{"@type":"Organization","@id":"https:\/\/aktuelles.uni-frankfurt.de\/#organization","name":"Goethe University Frankfurt","url":"https:\/\/aktuelles.uni-frankfurt.de\/","logo":{"@type":"ImageObject","inLanguage":"en-GB","@id":"https:\/\/aktuelles.uni-frankfurt.de\/#\/schema\/logo\/image\/","url":"https:\/\/aktuelles.uni-frankfurt.de\/wp-content\/uploads\/2022\/03\/800px-Goethe-Logo.png","contentUrl":"https:\/\/aktuelles.uni-frankfurt.de\/wp-content\/uploads\/2022\/03\/800px-Goethe-Logo.png","width":800,"height":436,"caption":"Goethe-Universit\u00e4t"},"image":{"@id":"https:\/\/aktuelles.uni-frankfurt.de\/#\/schema\/logo\/image\/"}},{"@type":"Person","@id":"https:\/\/aktuelles.uni-frankfurt.de\/#\/schema\/person\/8e55ea338fb65d1ce87a91565d1f1739","name":"-","description":"Dieser Beitrag wurde von der Online-Redaktion ver\u00f6ffentlicht. Wenn der Beitrag von einem Gastautoren verfasst wurde, findet sich dieser Hinweis am Ende des jeweiligen Artikels.","sameAs":["http:\/\/aktuelles.uni-frankfurt.de\/autoren"],"url":"https:\/\/aktuelles.uni-frankfurt.de\/en\/author\/redaktion\/"}]}},"_links":{"self":[{"href":"https:\/\/aktuelles.uni-frankfurt.de\/en\/wp-json\/wp\/v2\/posts\/71388","targetHints":{"allow":["GET"]}}],"collection":[{"href":"https:\/\/aktuelles.uni-frankfurt.de\/en\/wp-json\/wp\/v2\/posts"}],"about":[{"href":"https:\/\/aktuelles.uni-frankfurt.de\/en\/wp-json\/wp\/v2\/types\/post"}],"author":[{"embeddable":true,"href":"https:\/\/aktuelles.uni-frankfurt.de\/en\/wp-json\/wp\/v2\/users\/8"}],"replies":[{"embeddable":true,"href":"https:\/\/aktuelles.uni-frankfurt.de\/en\/wp-json\/wp\/v2\/comments?post=71388"}],"version-history":[{"count":0,"href":"https:\/\/aktuelles.uni-frankfurt.de\/en\/wp-json\/wp\/v2\/posts\/71388\/revisions"}],"wp:featuredmedia":[{"embeddable":true,"href":"https:\/\/aktuelles.uni-frankfurt.de\/en\/wp-json\/wp\/v2\/media\/53025"}],"wp:attachment":[{"href":"https:\/\/aktuelles.uni-frankfurt.de\/en\/wp-json\/wp\/v2\/media?parent=71388"}],"wp:term":[{"taxonomy":"category","embeddable":true,"href":"https:\/\/aktuelles.uni-frankfurt.de\/en\/wp-json\/wp\/v2\/categories?post=71388"},{"taxonomy":"post_tag","embeddable":true,"href":"https:\/\/aktuelles.uni-frankfurt.de\/en\/wp-json\/wp\/v2\/tags?post=71388"},{"taxonomy":"post_folder","embeddable":true,"href":"https:\/\/aktuelles.uni-frankfurt.de\/en\/wp-json\/wp\/v2\/post_folder?post=71388"}],"curies":[{"name":"wp","href":"https:\/\/api.w.org\/{rel}","templated":true}]}}