{"id":71684,"date":"2023-06-30T12:09:55","date_gmt":"2023-06-30T10:09:55","guid":{"rendered":"https:\/\/aktuelles.uni-frankfurt.de\/?p=71684"},"modified":"2023-06-30T12:09:56","modified_gmt":"2023-06-30T10:09:56","slug":"ein-buendel-von-widerspruechen","status":"publish","type":"post","link":"https:\/\/aktuelles.uni-frankfurt.de\/en\/gesellschaft\/ein-buendel-von-widerspruechen\/","title":{"rendered":"\u00bbEin B\u00fcndel von Widerspr\u00fcchen\u00ab"},"content":{"rendered":"<h4 class=\"wp-block-heading\">Der neue Poetikdozent Clemens J. Setz \u00fcber den Romanhelden von \u00bbMonde vor der Landung\u00ab und \u00fcber Literatur in Zeiten von Bots<\/h4>\n\n\n\n<div style=\"height:40px\" aria-hidden=\"true\" class=\"wp-block-spacer\"><\/div>\n\n\n\n<p><em><strong>UniReport: <\/strong><\/em><strong>Herr Setz, Ihr aktueller Roman hei\u00dft \u00bbMonde vor der Landung\u00ab. Der Romanheld ist ein Nerd, kauzig, chaotisch, etwas lebensunt\u00fcchtig, aber auch ein kreativer und wissbegieriger Kopf, w\u00fcrde man heute vielleicht sagen. Er h\u00e4ngt aber auch einer abstrusen wissenschaftlichen Betrachtung an, der Hohlwelttheorie, nach der die Menschen nicht auf einer Kugel leben, sondern quasi im Innern des Erdk\u00f6rpers. Was hat Sie an der realen Figur des Peter Bender fasziniert, wie haben Sie sich seine Geschichte erschlossen?<\/strong><\/p>\n\n\n\n<p><em>Clemens J. Setz:<\/em> W\u00e4hrend der sehr lange dauernden Recherche erschien er mir als ein B\u00fcndel von Widerspr\u00fcchen, in einer Weise, die es mir immer logischer machte, ihn als Romanfigur zu sehen.<\/p>\n\n\n\n<div style=\"height:40px\" aria-hidden=\"true\" class=\"wp-block-spacer\"><\/div>\n\n\n\n<figure class=\"wp-block-image alignright size-full is-resized\"><a href=\"https:\/\/aktuelles.uni-frankfurt.de\/wp-content\/uploads\/2023\/03\/Plakat_Poetikvorlesung_2023.jpg\"><img fetchpriority=\"high\" decoding=\"async\" src=\"https:\/\/aktuelles.uni-frankfurt.de\/wp-content\/uploads\/2023\/03\/Plakat_Poetikvorlesung_2023.jpg\" alt=\"\" class=\"wp-image-71663\" width=\"263\" height=\"371\" srcset=\"https:\/\/aktuelles.uni-frankfurt.de\/wp-content\/uploads\/2023\/03\/Plakat_Poetikvorlesung_2023.jpg 650w, https:\/\/aktuelles.uni-frankfurt.de\/wp-content\/uploads\/2023\/03\/Plakat_Poetikvorlesung_2023-212x300.jpg 212w, https:\/\/aktuelles.uni-frankfurt.de\/wp-content\/uploads\/2023\/03\/Plakat_Poetikvorlesung_2023-8x12.jpg 8w\" sizes=\"(max-width: 263px) 100vw, 263px\" \/><\/a><\/figure>\n\n\n\n<p><strong>Viele Rezensenten haben Peter Bender als eine Art von \u00bbQuerdenker\u00ab oder \u00bbSchwurbler\u00ab bezeichnet. Halten Sie die Bezeichnungen f\u00fcr zutreffend? Ist das vielleicht eine Gratwanderung, das Denken und Handeln einer solchen Figur literarisch mit Gewinn aufzugreifen, ohne damit einer Infragestellung unseres rationalen und wissenschaftlich basierten Denkens Vorschub zu leisten?<\/strong><\/p>\n\n\n\n<p>Die Bezeichnungen bieten eine grobe Orientierung, fassen das Ph\u00e4nomen aber viel zu gegenw\u00e4rtig auf. Im Roman kritisiere ich auf keinen Fall rationales oder wissenschaftlich basiertes Denken, aber vermutlich w\u00fcrde ich doch diese selbstverst\u00e4ndliche Rede von \u201e unserem rationalen und wissenschaftlichen Denken\u201c kritisieren. Vor allem das \u201ewir\u201c ist hier extrem fuzzy.<\/p>\n\n\n\n<div style=\"height:40px\" aria-hidden=\"true\" class=\"wp-block-spacer\"><\/div>\n\n\n\n<p><strong>Man st\u00f6\u00dft in Berichten \u00fcber Ihre Person immer auch auf die Auff\u00e4lligkeit, dass Sie an der Existenz einer au\u00dferirdischen Intelligenz glauben sollen, auch Ufos nicht f\u00fcr abwegig halten. Ist das ein Thema, das Sie umtreibt, \u00fcber das Sie gerne sprechen? Sind in der heutigen Zeit bestimmte, als abwegig eingestufte Themen und Weltbetrachtungen, vielleicht nicht mehr behandelbar, vielleicht nur noch in der Literatur?<\/strong><\/p>\n\n\n\n<p>Ja ich spreche leidenschaftlich gern dar\u00fcber, m\u00f6chte auch bald was dar\u00fcber schreiben, aber leider vergrault das Thema ganz viele Leute. Es wirkt auf sie kindisch und albern. Das bedeutet, man muss davon wirklich sorgf\u00e4ltig und pr\u00e4zise erz\u00e4hlen, sozusagen unter erschwerten Bedingungen.<\/p>\n\n\n\n<div style=\"height:40px\" aria-hidden=\"true\" class=\"wp-block-spacer\"><\/div>\n\n\n\n<p><strong>Nicht-menschliche Intelligenz ist inzwischen ja alles andere als au\u00dferirdisch. K\u00fcnstlicher Intelligenz wie ChatGPT und anderen Bots wird geradezu revolution\u00e4res Potenzial zugesprochen. Welchen Einfluss werden Ihrer Einsch\u00e4tzung nach solche Bots auf die Produktion und Rezeption von literarischen und nicht-literarischen Texten haben; und welchen haben sie bereits heute?<\/strong><\/p>\n\n\n\n<p>Das ist eine gute Frage. Ich w\u00fcnschte, ich w\u00fcsste da eine Antwort oder zumindest die Richtung einer Antwort.<\/p>\n\n\n\n<div style=\"height:40px\" aria-hidden=\"true\" class=\"wp-block-spacer\"><\/div>\n\n\n\n<p><strong>Auch M\u00e4nner sind von der dominierenden Struktur der Vollzeitarbeit negativ betroffen, schreiben Sie.<\/strong><\/p>\n\n\n\n<p>Ja, auch M\u00e4nner leiden darunter. W\u00e4hrend die pers\u00f6nlichen Beziehungen von M\u00e4nnern durch die Schwierigkeiten auf dem Arbeitsmarkt beeintr\u00e4chtigt werden, ist dies bei Frauen nicht im gleichen Ma\u00dfe der Fall. Ich fand es interessant, das auch mal aus diesem Blickwinkel zu betrachten, nicht nur aus der Perspektive der Benachteiligung und Abh\u00e4ngigkeit von Frauen \u2013 die nat\u00fcrlich ein Faktum ist!<\/p>\n\n\n\n<div style=\"height:40px\" aria-hidden=\"true\" class=\"wp-block-spacer\"><\/div>\n\n\n\n<p><strong>In Ihrem 2018 erschienenen Buch \u00bbBot. Gespr\u00e4ch ohne Autor\u00ab wird der Autor, so scheint es, durch \u00bbeine Art Clemens-Setz-Bot\u00ab ersetzt. Denken Sie, Roland Barthes&#8216; Schlagwort vom \u00bbTod des Autors\u00ab wird nun tats\u00e4chlich Realit\u00e4t?<\/strong><\/p>\n\n\n\n<p>Der \u201eTod des Autors\u201c kann immer wieder auftreten, aber er ist lustigerweise auch reversibel, gerade durch Umwege wie Bots. Bei Bots ist der Autor ja gerade durch das Gestikulieren in seine Richtung, auf die, wie Derrida gesagt h\u00e4tte, gerade dr\u00f6hnende \u201ePr\u00e4senz einer Abwesenheit\u201c, besonders lebendig.<\/p>\n\n\n\n<div style=\"height:40px\" aria-hidden=\"true\" class=\"wp-block-spacer\"><\/div>\n\n\n\n<p><strong>Sie reihen sich als neuer Frankfurter Poetikdozent in eine Liste bedeutender Autorinnen und Autoren ein. Sind welche darunter, die Sie besonders sch\u00e4tzen? Deren poetologische Texte Sie vielleicht gepr\u00e4gt haben?<\/strong><\/p>\n\n\n\n<p>Am h\u00e4ufigsten habe ich Ernst Jandls Frankfurter Poetikvorlesungen gelesen beziehungsweise als Video gesehen.<\/p>\n\n\n\n<div style=\"height:40px\" aria-hidden=\"true\" class=\"wp-block-spacer\"><\/div>\n\n\n\n<p><strong>M\u00f6chten Sie schon etwas verraten, worum es in Ihren Poetikvorlesungen gehen wird? Den Interessierten zumindest eine Art Cliffhanger mit auf den Weg geben?<\/strong><\/p>\n\n\n\n<p>Die erste handelt von dem eigenartigen Ph\u00e4nomen der \u201eNPCs\u201c, also der <em>non-playable characters<\/em> in Computerspielen beziehungsweise erz\u00e4hlten Texten. Ich hoffe, ich kann das gut und verst\u00e4ndlich darstellen. Ich neige bei <em>nonfiction <\/em>oft zu \u00fcberkomliziertem Satzbau.<\/p>\n\n\n\n<div style=\"height:40px\" aria-hidden=\"true\" class=\"wp-block-spacer\"><\/div>\n\n\n\n<p class=\"has-text-align-right\"><em>Fragen: Maximilian Koch und Dirk Frank<\/em><\/p>\n\n\n\n<div style=\"height:40px\" aria-hidden=\"true\" class=\"wp-block-spacer\"><\/div>\n\n\n\n<p class=\"has-background\" style=\"background-color:#eeeeee\"><strong>FRANKFURTER POETIKVORLESUNGEN<\/strong><br><br>im Sommersemester 2023<em><br><\/em>Clemens J. Setz: Mysterien<br><br><em>30. Mai, 6. und 13. Juni 2023<\/em><br>H\u00f6rsaalzentrum HZ 1, Campus Westend<br><br><em>14. Juni 2023<\/em><br>Abschlusslesung im Literaturhaus Frankfurt<br>Further information available at: <a href=\"http:\/\/literaturhaus-frankfurt.de\" target=\"_blank\" rel=\"noreferrer noopener\">literaturhaus-frankfurt.de<\/a><br><br><em>6. und 7. Juni 2023<\/em><br>Wissenschaftlicher Workshop zu Clemens J. Setz\u2018 Poetik Campus Westend der Goethe-Universit\u00e4t, IG-Farben-Haus 1.314 (Eisenhower-Saal)<br>Anmeldung unter: <a href=\"mailto:poetik@lingua.uni-frankfurt.de\" target=\"_blank\" rel=\"noreferrer noopener\">poetik@lingua.uni-frankfurt.de<\/a><br><br><em>Mehr \u00fcber die studentische Ausstellung <a href=\"https:\/\/aktuelles.uni-frankfurt.de\/?p=71708&amp;preview=true\" target=\"_blank\" rel=\"noreferrer noopener\">hier.<\/a><\/em><\/p>","protected":false},"excerpt":{"rendered":"<p>Der neue Poetikdozent Clemens J. Setz \u00fcber den Romanhelden von \u00bbMonde vor der Landung\u00ab und \u00fcber Literatur in Zeiten von Bots UniReport: Herr Setz, Ihr aktueller Roman hei\u00dft \u00bbMonde vor [&hellip;]<\/p>\n","protected":false},"author":8,"featured_media":71690,"comment_status":"closed","ping_status":"closed","sticky":false,"template":"","format":"standard","meta":{"_eb_attr":"","_price":"","_stock":"","_tribe_ticket_header":"","_tribe_default_ticket_provider":"","_ticket_start_date":"","_ticket_end_date":"","_tribe_ticket_show_description":"","_tribe_ticket_show_not_going":false,"_tribe_ticket_use_global_stock":"","_tribe_ticket_global_stock_level":"","_global_stock_mode":"","_global_stock_cap":"","_tribe_rsvp_for_event":"","_tribe_ticket_going_count":"","_tribe_ticket_not_going_count":"","_tribe_tickets_list":"[]","_tribe_ticket_has_attendee_info_fields":false,"footnotes":""},"categories":[4,6,173],"tags":[25,67,296],"post_folder":[],"class_list":["post-71684","post","type-post","status-publish","format-standard","has-post-thumbnail","hentry","category-gesellschaft","category-menschen","category-unireport","tag-interview","tag-poetikvorlesung","tag-unireport-3-23"],"yoast_head":"<!-- This site is optimized with the Yoast SEO plugin v27.4 - https:\/\/yoast.com\/product\/yoast-seo-wordpress\/ -->\n<title>\u00bbEin B\u00fcndel von Widerspr\u00fcchen\u00ab | Aktuelles aus der Goethe-Universit\u00e4t Frankfurt<\/title>\n<meta name=\"robots\" content=\"index, follow, max-snippet:-1, max-image-preview:large, max-video-preview:-1\" \/>\n<link rel=\"canonical\" href=\"https:\/\/aktuelles.uni-frankfurt.de\/en\/gesellschaft\/ein-buendel-von-widerspruechen\/\" \/>\n<meta property=\"og:locale\" content=\"en_GB\" \/>\n<meta property=\"og:type\" content=\"article\" \/>\n<meta property=\"og:title\" content=\"\u00bbEin B\u00fcndel von Widerspr\u00fcchen\u00ab | Aktuelles aus der Goethe-Universit\u00e4t Frankfurt\" \/>\n<meta property=\"og:description\" content=\"Der neue Poetikdozent Clemens J. Setz \u00fcber den Romanhelden von \u00bbMonde vor der Landung\u00ab und \u00fcber Literatur in Zeiten von Bots UniReport: Herr Setz, Ihr aktueller Roman hei\u00dft \u00bbMonde vor [&hellip;]\" \/>\n<meta property=\"og:url\" content=\"https:\/\/aktuelles.uni-frankfurt.de\/en\/gesellschaft\/ein-buendel-von-widerspruechen\/\" \/>\n<meta property=\"og:site_name\" content=\"Aktuelles aus der Goethe-Universit\u00e4t Frankfurt\" \/>\n<meta property=\"article:published_time\" content=\"2023-06-30T10:09:55+00:00\" \/>\n<meta property=\"article:modified_time\" content=\"2023-06-30T10:09:56+00:00\" \/>\n<meta property=\"og:image\" content=\"https:\/\/aktuelles.uni-frankfurt.de\/wp-content\/uploads\/2023\/05\/Poetik_2023.jpg\" \/>\n\t<meta property=\"og:image:width\" content=\"650\" \/>\n\t<meta property=\"og:image:height\" content=\"450\" \/>\n\t<meta property=\"og:image:type\" content=\"image\/jpeg\" \/>\n<meta name=\"author\" content=\"-\" \/>\n<meta name=\"twitter:card\" content=\"summary_large_image\" \/>\n<meta name=\"twitter:label1\" content=\"Written by\" \/>\n\t<meta name=\"twitter:data1\" content=\"-\" \/>\n\t<meta name=\"twitter:label2\" content=\"Estimated reading time\" \/>\n\t<meta name=\"twitter:data2\" content=\"4 minutes\" \/>\n<script type=\"application\/ld+json\" class=\"yoast-schema-graph\">{\"@context\":\"https:\\\/\\\/schema.org\",\"@graph\":[{\"@type\":\"Article\",\"@id\":\"https:\\\/\\\/aktuelles.uni-frankfurt.de\\\/gesellschaft\\\/ein-buendel-von-widerspruechen\\\/#article\",\"isPartOf\":{\"@id\":\"https:\\\/\\\/aktuelles.uni-frankfurt.de\\\/gesellschaft\\\/ein-buendel-von-widerspruechen\\\/\"},\"author\":{\"name\":\"-\",\"@id\":\"https:\\\/\\\/aktuelles.uni-frankfurt.de\\\/#\\\/schema\\\/person\\\/8e55ea338fb65d1ce87a91565d1f1739\"},\"headline\":\"\u00bbEin B\u00fcndel von Widerspr\u00fcchen\u00ab\",\"datePublished\":\"2023-06-30T10:09:55+00:00\",\"dateModified\":\"2023-06-30T10:09:56+00:00\",\"mainEntityOfPage\":{\"@id\":\"https:\\\/\\\/aktuelles.uni-frankfurt.de\\\/gesellschaft\\\/ein-buendel-von-widerspruechen\\\/\"},\"wordCount\":755,\"publisher\":{\"@id\":\"https:\\\/\\\/aktuelles.uni-frankfurt.de\\\/#organization\"},\"image\":{\"@id\":\"https:\\\/\\\/aktuelles.uni-frankfurt.de\\\/gesellschaft\\\/ein-buendel-von-widerspruechen\\\/#primaryimage\"},\"thumbnailUrl\":\"https:\\\/\\\/aktuelles.uni-frankfurt.de\\\/wp-content\\\/uploads\\\/2023\\\/05\\\/Poetik_2023.jpg\",\"keywords\":[\"Interview\",\"Poetikvorlesung\",\"UniReport 3.23\"],\"articleSection\":[\"Gesellschaft\",\"Menschen\",\"UniReport\"],\"inLanguage\":\"en-GB\"},{\"@type\":\"WebPage\",\"@id\":\"https:\\\/\\\/aktuelles.uni-frankfurt.de\\\/gesellschaft\\\/ein-buendel-von-widerspruechen\\\/\",\"url\":\"https:\\\/\\\/aktuelles.uni-frankfurt.de\\\/gesellschaft\\\/ein-buendel-von-widerspruechen\\\/\",\"name\":\"\u00bbEin B\u00fcndel von Widerspr\u00fcchen\u00ab | Aktuelles aus der Goethe-Universit\u00e4t Frankfurt\",\"isPartOf\":{\"@id\":\"https:\\\/\\\/aktuelles.uni-frankfurt.de\\\/#website\"},\"primaryImageOfPage\":{\"@id\":\"https:\\\/\\\/aktuelles.uni-frankfurt.de\\\/gesellschaft\\\/ein-buendel-von-widerspruechen\\\/#primaryimage\"},\"image\":{\"@id\":\"https:\\\/\\\/aktuelles.uni-frankfurt.de\\\/gesellschaft\\\/ein-buendel-von-widerspruechen\\\/#primaryimage\"},\"thumbnailUrl\":\"https:\\\/\\\/aktuelles.uni-frankfurt.de\\\/wp-content\\\/uploads\\\/2023\\\/05\\\/Poetik_2023.jpg\",\"datePublished\":\"2023-06-30T10:09:55+00:00\",\"dateModified\":\"2023-06-30T10:09:56+00:00\",\"breadcrumb\":{\"@id\":\"https:\\\/\\\/aktuelles.uni-frankfurt.de\\\/gesellschaft\\\/ein-buendel-von-widerspruechen\\\/#breadcrumb\"},\"inLanguage\":\"en-GB\",\"potentialAction\":[{\"@type\":\"ReadAction\",\"target\":[\"https:\\\/\\\/aktuelles.uni-frankfurt.de\\\/gesellschaft\\\/ein-buendel-von-widerspruechen\\\/\"]}]},{\"@type\":\"ImageObject\",\"inLanguage\":\"en-GB\",\"@id\":\"https:\\\/\\\/aktuelles.uni-frankfurt.de\\\/gesellschaft\\\/ein-buendel-von-widerspruechen\\\/#primaryimage\",\"url\":\"https:\\\/\\\/aktuelles.uni-frankfurt.de\\\/wp-content\\\/uploads\\\/2023\\\/05\\\/Poetik_2023.jpg\",\"contentUrl\":\"https:\\\/\\\/aktuelles.uni-frankfurt.de\\\/wp-content\\\/uploads\\\/2023\\\/05\\\/Poetik_2023.jpg\",\"width\":650,\"height\":450},{\"@type\":\"BreadcrumbList\",\"@id\":\"https:\\\/\\\/aktuelles.uni-frankfurt.de\\\/gesellschaft\\\/ein-buendel-von-widerspruechen\\\/#breadcrumb\",\"itemListElement\":[{\"@type\":\"ListItem\",\"position\":1,\"name\":\"Startseite\",\"item\":\"https:\\\/\\\/aktuelles.uni-frankfurt.de\\\/\"},{\"@type\":\"ListItem\",\"position\":2,\"name\":\"\u00bbEin B\u00fcndel von Widerspr\u00fcchen\u00ab\"}]},{\"@type\":\"WebSite\",\"@id\":\"https:\\\/\\\/aktuelles.uni-frankfurt.de\\\/#website\",\"url\":\"https:\\\/\\\/aktuelles.uni-frankfurt.de\\\/\",\"name\":\"Aktuelles aus der Goethe-Universit\u00e4t Frankfurt\",\"description\":\"Aktuelles aus der Goethe-Universit\u00e4t | Neues aus Forschung, Lehre, Studium\",\"publisher\":{\"@id\":\"https:\\\/\\\/aktuelles.uni-frankfurt.de\\\/#organization\"},\"potentialAction\":[{\"@type\":\"SearchAction\",\"target\":{\"@type\":\"EntryPoint\",\"urlTemplate\":\"https:\\\/\\\/aktuelles.uni-frankfurt.de\\\/?s={search_term_string}\"},\"query-input\":{\"@type\":\"PropertyValueSpecification\",\"valueRequired\":true,\"valueName\":\"search_term_string\"}}],\"inLanguage\":\"en-GB\"},{\"@type\":\"Organization\",\"@id\":\"https:\\\/\\\/aktuelles.uni-frankfurt.de\\\/#organization\",\"name\":\"Goethe-Universit\u00e4t\",\"url\":\"https:\\\/\\\/aktuelles.uni-frankfurt.de\\\/\",\"logo\":{\"@type\":\"ImageObject\",\"inLanguage\":\"en-GB\",\"@id\":\"https:\\\/\\\/aktuelles.uni-frankfurt.de\\\/#\\\/schema\\\/logo\\\/image\\\/\",\"url\":\"https:\\\/\\\/aktuelles.uni-frankfurt.de\\\/wp-content\\\/uploads\\\/2022\\\/03\\\/800px-Goethe-Logo.png\",\"contentUrl\":\"https:\\\/\\\/aktuelles.uni-frankfurt.de\\\/wp-content\\\/uploads\\\/2022\\\/03\\\/800px-Goethe-Logo.png\",\"width\":800,\"height\":436,\"caption\":\"Goethe-Universit\u00e4t\"},\"image\":{\"@id\":\"https:\\\/\\\/aktuelles.uni-frankfurt.de\\\/#\\\/schema\\\/logo\\\/image\\\/\"}},{\"@type\":\"Person\",\"@id\":\"https:\\\/\\\/aktuelles.uni-frankfurt.de\\\/#\\\/schema\\\/person\\\/8e55ea338fb65d1ce87a91565d1f1739\",\"name\":\"-\",\"description\":\"Dieser Beitrag wurde von der Online-Redaktion ver\u00f6ffentlicht. Wenn der Beitrag von einem Gastautoren verfasst wurde, findet sich dieser Hinweis am Ende des jeweiligen Artikels.\",\"sameAs\":[\"http:\\\/\\\/aktuelles.uni-frankfurt.de\\\/autoren\"],\"url\":\"https:\\\/\\\/aktuelles.uni-frankfurt.de\\\/en\\\/author\\\/redaktion\\\/\"}]}<\/script>\n<!-- \/ Yoast SEO plugin. -->","yoast_head_json":{"title":"\u00bbEin B\u00fcndel von Widerspr\u00fcchen\u00ab | Aktuelles aus der Goethe-Universit\u00e4t Frankfurt","robots":{"index":"index","follow":"follow","max-snippet":"max-snippet:-1","max-image-preview":"max-image-preview:large","max-video-preview":"max-video-preview:-1"},"canonical":"https:\/\/aktuelles.uni-frankfurt.de\/en\/gesellschaft\/ein-buendel-von-widerspruechen\/","og_locale":"en_GB","og_type":"article","og_title":"\u00bbEin B\u00fcndel von Widerspr\u00fcchen\u00ab | Aktuelles aus der Goethe-Universit\u00e4t Frankfurt","og_description":"Der neue Poetikdozent Clemens J. Setz \u00fcber den Romanhelden von \u00bbMonde vor der Landung\u00ab und \u00fcber Literatur in Zeiten von Bots UniReport: Herr Setz, Ihr aktueller Roman hei\u00dft \u00bbMonde vor [&hellip;]","og_url":"https:\/\/aktuelles.uni-frankfurt.de\/en\/gesellschaft\/ein-buendel-von-widerspruechen\/","og_site_name":"Aktuelles aus der Goethe-Universit\u00e4t Frankfurt","article_published_time":"2023-06-30T10:09:55+00:00","article_modified_time":"2023-06-30T10:09:56+00:00","og_image":[{"width":650,"height":450,"url":"https:\/\/aktuelles.uni-frankfurt.de\/wp-content\/uploads\/2023\/05\/Poetik_2023.jpg","type":"image\/jpeg"}],"author":"-","twitter_card":"summary_large_image","twitter_misc":{"Written by":"-","Estimated reading time":"4 minutes"},"schema":{"@context":"https:\/\/schema.org","@graph":[{"@type":"Article","@id":"https:\/\/aktuelles.uni-frankfurt.de\/gesellschaft\/ein-buendel-von-widerspruechen\/#article","isPartOf":{"@id":"https:\/\/aktuelles.uni-frankfurt.de\/gesellschaft\/ein-buendel-von-widerspruechen\/"},"author":{"name":"-","@id":"https:\/\/aktuelles.uni-frankfurt.de\/#\/schema\/person\/8e55ea338fb65d1ce87a91565d1f1739"},"headline":"\u00bbEin B\u00fcndel von Widerspr\u00fcchen\u00ab","datePublished":"2023-06-30T10:09:55+00:00","dateModified":"2023-06-30T10:09:56+00:00","mainEntityOfPage":{"@id":"https:\/\/aktuelles.uni-frankfurt.de\/gesellschaft\/ein-buendel-von-widerspruechen\/"},"wordCount":755,"publisher":{"@id":"https:\/\/aktuelles.uni-frankfurt.de\/#organization"},"image":{"@id":"https:\/\/aktuelles.uni-frankfurt.de\/gesellschaft\/ein-buendel-von-widerspruechen\/#primaryimage"},"thumbnailUrl":"https:\/\/aktuelles.uni-frankfurt.de\/wp-content\/uploads\/2023\/05\/Poetik_2023.jpg","keywords":["Interview","Poetikvorlesung","UniReport 3.23"],"articleSection":["Gesellschaft","Menschen","UniReport"],"inLanguage":"en-GB"},{"@type":"WebPage","@id":"https:\/\/aktuelles.uni-frankfurt.de\/gesellschaft\/ein-buendel-von-widerspruechen\/","url":"https:\/\/aktuelles.uni-frankfurt.de\/gesellschaft\/ein-buendel-von-widerspruechen\/","name":"\u00bbEin B\u00fcndel von Widerspr\u00fcchen\u00ab | Aktuelles aus der Goethe-Universit\u00e4t Frankfurt","isPartOf":{"@id":"https:\/\/aktuelles.uni-frankfurt.de\/#website"},"primaryImageOfPage":{"@id":"https:\/\/aktuelles.uni-frankfurt.de\/gesellschaft\/ein-buendel-von-widerspruechen\/#primaryimage"},"image":{"@id":"https:\/\/aktuelles.uni-frankfurt.de\/gesellschaft\/ein-buendel-von-widerspruechen\/#primaryimage"},"thumbnailUrl":"https:\/\/aktuelles.uni-frankfurt.de\/wp-content\/uploads\/2023\/05\/Poetik_2023.jpg","datePublished":"2023-06-30T10:09:55+00:00","dateModified":"2023-06-30T10:09:56+00:00","breadcrumb":{"@id":"https:\/\/aktuelles.uni-frankfurt.de\/gesellschaft\/ein-buendel-von-widerspruechen\/#breadcrumb"},"inLanguage":"en-GB","potentialAction":[{"@type":"ReadAction","target":["https:\/\/aktuelles.uni-frankfurt.de\/gesellschaft\/ein-buendel-von-widerspruechen\/"]}]},{"@type":"ImageObject","inLanguage":"en-GB","@id":"https:\/\/aktuelles.uni-frankfurt.de\/gesellschaft\/ein-buendel-von-widerspruechen\/#primaryimage","url":"https:\/\/aktuelles.uni-frankfurt.de\/wp-content\/uploads\/2023\/05\/Poetik_2023.jpg","contentUrl":"https:\/\/aktuelles.uni-frankfurt.de\/wp-content\/uploads\/2023\/05\/Poetik_2023.jpg","width":650,"height":450},{"@type":"BreadcrumbList","@id":"https:\/\/aktuelles.uni-frankfurt.de\/gesellschaft\/ein-buendel-von-widerspruechen\/#breadcrumb","itemListElement":[{"@type":"ListItem","position":1,"name":"Startseite","item":"https:\/\/aktuelles.uni-frankfurt.de\/"},{"@type":"ListItem","position":2,"name":"\u00bbEin B\u00fcndel von Widerspr\u00fcchen\u00ab"}]},{"@type":"WebSite","@id":"https:\/\/aktuelles.uni-frankfurt.de\/#website","url":"https:\/\/aktuelles.uni-frankfurt.de\/","name":"Aktuelles aus der Goethe-Universit\u00e4t Frankfurt","description":"Aktuelles aus der Goethe-Universit\u00e4t | Neues aus Forschung, Lehre, Studium","publisher":{"@id":"https:\/\/aktuelles.uni-frankfurt.de\/#organization"},"potentialAction":[{"@type":"SearchAction","target":{"@type":"EntryPoint","urlTemplate":"https:\/\/aktuelles.uni-frankfurt.de\/?s={search_term_string}"},"query-input":{"@type":"PropertyValueSpecification","valueRequired":true,"valueName":"search_term_string"}}],"inLanguage":"en-GB"},{"@type":"Organization","@id":"https:\/\/aktuelles.uni-frankfurt.de\/#organization","name":"Goethe University Frankfurt","url":"https:\/\/aktuelles.uni-frankfurt.de\/","logo":{"@type":"ImageObject","inLanguage":"en-GB","@id":"https:\/\/aktuelles.uni-frankfurt.de\/#\/schema\/logo\/image\/","url":"https:\/\/aktuelles.uni-frankfurt.de\/wp-content\/uploads\/2022\/03\/800px-Goethe-Logo.png","contentUrl":"https:\/\/aktuelles.uni-frankfurt.de\/wp-content\/uploads\/2022\/03\/800px-Goethe-Logo.png","width":800,"height":436,"caption":"Goethe-Universit\u00e4t"},"image":{"@id":"https:\/\/aktuelles.uni-frankfurt.de\/#\/schema\/logo\/image\/"}},{"@type":"Person","@id":"https:\/\/aktuelles.uni-frankfurt.de\/#\/schema\/person\/8e55ea338fb65d1ce87a91565d1f1739","name":"-","description":"Dieser Beitrag wurde von der Online-Redaktion ver\u00f6ffentlicht. Wenn der Beitrag von einem Gastautoren verfasst wurde, findet sich dieser Hinweis am Ende des jeweiligen Artikels.","sameAs":["http:\/\/aktuelles.uni-frankfurt.de\/autoren"],"url":"https:\/\/aktuelles.uni-frankfurt.de\/en\/author\/redaktion\/"}]}},"_links":{"self":[{"href":"https:\/\/aktuelles.uni-frankfurt.de\/en\/wp-json\/wp\/v2\/posts\/71684","targetHints":{"allow":["GET"]}}],"collection":[{"href":"https:\/\/aktuelles.uni-frankfurt.de\/en\/wp-json\/wp\/v2\/posts"}],"about":[{"href":"https:\/\/aktuelles.uni-frankfurt.de\/en\/wp-json\/wp\/v2\/types\/post"}],"author":[{"embeddable":true,"href":"https:\/\/aktuelles.uni-frankfurt.de\/en\/wp-json\/wp\/v2\/users\/8"}],"replies":[{"embeddable":true,"href":"https:\/\/aktuelles.uni-frankfurt.de\/en\/wp-json\/wp\/v2\/comments?post=71684"}],"version-history":[{"count":0,"href":"https:\/\/aktuelles.uni-frankfurt.de\/en\/wp-json\/wp\/v2\/posts\/71684\/revisions"}],"wp:featuredmedia":[{"embeddable":true,"href":"https:\/\/aktuelles.uni-frankfurt.de\/en\/wp-json\/wp\/v2\/media\/71690"}],"wp:attachment":[{"href":"https:\/\/aktuelles.uni-frankfurt.de\/en\/wp-json\/wp\/v2\/media?parent=71684"}],"wp:term":[{"taxonomy":"category","embeddable":true,"href":"https:\/\/aktuelles.uni-frankfurt.de\/en\/wp-json\/wp\/v2\/categories?post=71684"},{"taxonomy":"post_tag","embeddable":true,"href":"https:\/\/aktuelles.uni-frankfurt.de\/en\/wp-json\/wp\/v2\/tags?post=71684"},{"taxonomy":"post_folder","embeddable":true,"href":"https:\/\/aktuelles.uni-frankfurt.de\/en\/wp-json\/wp\/v2\/post_folder?post=71684"}],"curies":[{"name":"wp","href":"https:\/\/api.w.org\/{rel}","templated":true}]}}