{"id":7194,"date":"2016-06-07T16:16:16","date_gmt":"2016-06-07T14:16:16","guid":{"rendered":"http:\/\/aktuelles.uni-frankfurt.de\/?p=7194"},"modified":"2016-06-07T16:32:11","modified_gmt":"2016-06-07T14:32:11","slug":"grade-centre-education-foerdert-junge-bildungsforscher","status":"publish","type":"post","link":"https:\/\/aktuelles.uni-frankfurt.de\/en\/studium\/grade-centre-education-foerdert-junge-bildungsforscher\/","title":{"rendered":"GRADE Centre Education f\u00f6rdert junge Bildungsforscher"},"content":{"rendered":"<figure id=\"attachment_7195\" aria-describedby=\"caption-attachment-7195\" style=\"width: 325px\" class=\"wp-caption alignleft\"><img fetchpriority=\"high\" decoding=\"async\" class=\"wp-image-7195\" src=\"https:\/\/aktuelles.uni-frankfurt.de\/wp-content\/uploads\/2016\/06\/blog_grade_EngartnerHerrle-300x208.jpg\" alt=\"Prof. Tim Engartner (l.) und Dr. Matthias Herrle. Foto: Lecher\" width=\"325\" height=\"225\" srcset=\"https:\/\/aktuelles.uni-frankfurt.de\/wp-content\/uploads\/2016\/06\/blog_grade_EngartnerHerrle-300x208.jpg 300w, https:\/\/aktuelles.uni-frankfurt.de\/wp-content\/uploads\/2016\/06\/blog_grade_EngartnerHerrle.jpg 650w\" sizes=\"(max-width: 325px) 100vw, 325px\" \/><figcaption id=\"caption-attachment-7195\" class=\"wp-caption-text\">Prof. Tim Engartner (l.) und Dr. Matthias Herrle. Foto: Lecher<\/figcaption><\/figure>\n<p>Professionelle F\u00f6rderung f\u00fcr junge Wissenschaftler\/-innen bei Forschungsprojekten zu Bildung, Erziehung und Didaktik: Mit dem <a href=\"https:\/\/www.uni-frankfurt.de\/53776438\/100_uebersicht\" target=\"_blank\">GRADE Centre Education (GRADE EDU)<\/a> hat die <a href=\"https:\/\/www.uni-frankfurt.de\/51934152\/100_landingpage\" target=\"_blank\">Graduiertenakademie GRADE der Goethe-Universit\u00e4t Frankfurt<\/a> das neunte disziplin\u00fcbergreifende Zentrum geschaffen.<\/p>\n<p>Im Interview berichten Prof. Dr. Tim Engartner, Sprecher des GRADE Centre Education, sowie Dr. Matthias Herrle, Koordinator des GRADE Centre Education und Mitglied im Vorstand, wer von dem neuen Zentrum in welcher Weise profitieren kann und welche Herausforderungen es zu meistern gilt.<\/p>\n<p><em><strong>Herr Engartner, warum wurde das GRADE Centre Education gegr\u00fcndet?<\/strong><\/em><\/p>\n<p><em>Engartner:<\/em> Unser Anliegen ist die verl\u00e4ssliche F\u00f6rderung von Doktorandinnen und Doktoranden und Postdocs. Mit der Gr\u00fcndung des Centres wird eine Leerstelle gef\u00fcllt, die bislang in der fachbereichs\u00fcbergreifenden Vernetzung von bildungsund erziehungswissenschaftlichen sowie fachdidaktischen Forschungsans\u00e4tzen bestand. Soll die viel zitierte \u201eBildungsrepublik Deutschland\u201c tats\u00e4chlich ergr\u00fcndet werden, muss sich dies auch in einer entsprechenden Forschungsf\u00f6rderung niederschlagen. Bei der universit\u00e4ren Nachwuchsf\u00f6rderung muss man meines Erachtens zwingend aktiv werden \u2013 zumal die Bundesl\u00e4nder ja eine substanzielle finanzielle F\u00f6rderung f\u00fcr diese leisten. Daher sollte die Nachwuchsf\u00f6rderung nicht nur den einzelnen Professuren obliegen.<\/p>\n<p><em><strong>Herr Herrle, wozu dient das GRADE Centre Education?<\/strong><\/em><\/p>\n<p><em>Herrle:<\/em> Es dient der Qualifizierung und Vernetzung von Nachwuchswissenschaftlerinnen und Nachwuchswissenschaftlern. Ihnen soll erm\u00f6glicht werden, Forschungskooperationen zu etablieren und zu intensivieren, die nicht nur der Bearbeitung der jeweiligen Forschungsfrage, sondern auch der Karriere der sogenannten \u201eearly researchers\u201c zutr\u00e4glich sind. Ein Themenbereich, in dem sich in diesem Zusammenhang derzeit viel tut, sind Forschungen zur Professionalisierung von Lehrpersonen. Das spiegelt sich auch in der Ausstattung des Centres, das zurzeit von zentralen Mitteln des Pr\u00e4sidiums und Mitteln des BMBF-Projekts \u201eLehrerbildung vernetzt entwickeln\u201c (Level) gef\u00f6rdert wird.<\/p>\n<p><em>Engartner:<\/em> Wir m\u00f6chten den Doktorandinnen und Doktoranden erm\u00f6glichen, sich aus ihrer Promotionsisolation zu befreien. Dies gilt insbesondere f\u00fcr die an der Goethe- Universit\u00e4t \u00fcber 14 Fachbereiche verteilten Fachdidaktiken. Mitunter f\u00fchren diese in ihren Fachbereichen ein Nischendasein, das der Bearbeitung ihres Forschungsprojekts nat\u00fcrlich nicht immer zutr\u00e4glich ist. Wir bieten ihnen mit dem Centre Austausch- und Qualifizierungsm\u00f6glichkeiten, die es in den fachwissenschaftlich dominierten Fachbereichen h\u00e4ufig nicht gibt. Der Blick \u00fcber den Tellerrand wird gesch\u00e4rft, der Tunnelblick gewisserma\u00dfen in einen Weitblick verwandelt, indem die jeweiligen Forschungsfragen in einem gr\u00f6\u00dferen Kontext diskutiert werden.<\/p>\n<p><em><strong>Was bietet das GRADE Centre Education an?<\/strong><\/em><\/p>\n<p><em>Herrle:<\/em> Wir bieten verschiedene Veranstaltungsformate an, zum Beispiel eine Vorlesungsreihe (\u201eLecture Series\u201c), in der wir Akteure, die den Forschungsdiskurs zu bestimmten Themenschwerpunkten mit ihren Befunden und Ans\u00e4tzen ma\u00dfgeblich beeinflussen, zu uns an die Goethe-Universit\u00e4t holen \u2013 sofern sie sich nicht ohnehin unter uns, an einem der Fachbereiche, finden lassen. Des Weiteren veranstaltet GRADE EDU themenorientierte Methodenworkshops. Dar\u00fcber hinaus gibt es Sondervortr\u00e4ge zu Bereichen jenseits der Workshops und der allsemestrigen Vortragsreihe. Dazu eruieren wir die Interessen und Bedarfe von Promovierenden und Postdocs und identifizieren relevante Akteure und Inhalte, um f\u00fcr unsere Veranstaltungen gezielt fachlich einschl\u00e4gige Expertinnen und Experten auszuw\u00e4hlen. Mit Doc-AGs und Forschungstagen versuchen wir dar\u00fcber hinaus Vernetzungsgelegenheiten herzustellen.<\/p>\n<p><em><strong>Wie k\u00f6nnen Interessierte an Ihren Angeboten teilnehmen?<\/strong><\/em><\/p>\n<p><em>Engartner:<\/em> Die Teilnahme an GRADE EDU erfolgt durch eine kostenfreie Mitgliedschaft, die an eine Mitgliedschaft bei der \u201eDachorganisation\u201c GRADE gekoppelt ist. Das Angebot richtet sich sowohl an Doktoranden als auch an Habilitand( inn)en. Es gibt sogar die M\u00f6glichkeit, Angebote wahrzunehmen, wenn man seine Dissertation noch nicht begonnen hat, sich also erst in der Orientierungs- oder Anbahnungsphase befindet. So bietet sich zum Beispiel die Gelegenheit, sich durch die Angebote f\u00fcr das Expos\u00e9 inspirieren zu lassen.<\/p>\n<p>Promovierende, die sich bei GRADE registrieren, schlie\u00dfen eine fachbereichs\u00fcbliche oder aber von GRADE zur Verf\u00fcgung gestellte Vereinbarung mit ihrem Betreuer ab, mit der sichergestellt wird, dass die Doktoranden in regelm\u00e4\u00dfigem Austausch mit ihren Doktorv\u00e4tern und -m\u00fcttern stehen \u2013 was nicht immer selbstverst\u00e4ndlich ist.<\/p>\n<p><em><strong>Wer profitiert vom GRADE Centre Education?<\/strong><\/em><\/p>\n<p><em>Engartner:<\/em> Es klingt, als sei GRADE eine Zauberformel, aber meines Erachtens gewinnen alle: Die early researchers durch die vielf\u00e4ltigen Angebote sowie die Anregungen von Wissenschaftlern, die in einem \u00e4hnlichen Feld arbeiten. Die Betreuerinnen und Betreuer werden durch die GRADE-Angebote entlastet. Universit\u00e4t und Gesellschaft profitieren von der Generierung hervorragender Forschungsergebnisse.<\/p>\n<p><em><strong>Welche Herausforderungen gibt es im Bereich der Bildungswissenschaften?<\/strong><\/em><\/p>\n<p><em>Engartner:<\/em> Inhaltlich wird es darum gehen, Verbindungslinien innerhalb der Trias aus Bildungsund Erziehungswissenschaften, Fachdidaktiken und Fachwissenschaften zu ziehen und ein Angebot vorzuhalten, das alle drei S\u00e4ulen, die sich mit Bildungsfragen befassen, zur Geltung bringt. Daf\u00fcr bieten wir eine Plattform und Vorschl\u00e4ge nehmen wir jederzeit gerne entgegen. Da wir nur f\u00fcr drei Jahre finanziert sind, liegt die finanzielle Herausforderung darin, GRADE EDU dauerhaft auf stabile F\u00fc\u00dfe zu stellen.<\/p>\n<p><em>Das Interview f\u00fchrte Ute Schorradt.<\/em><\/p>\n<p><em><strong>Dieser Artikel ist in der Ausgabe 3.16 des UniReport erschienen. [<a href=\"http:\/\/www.unireport.info\/61749670\/Unireport_3-16.pdf\" target=\"_blank\">PDF-Download<\/a>]<\/strong><\/em><\/p>\n","protected":false},"excerpt":{"rendered":"<p>Professionelle F\u00f6rderung f\u00fcr junge Wissenschaftler\/-innen bei Forschungsprojekten zu Bildung, Erziehung und Didaktik: Mit dem GRADE Centre Education (GRADE EDU) hat die Graduiertenakademie GRADE der Goethe-Universit\u00e4t Frankfurt das neunte disziplin\u00fcbergreifende Zentrum [&hellip;]<\/p>\n","protected":false},"author":8,"featured_media":7195,"comment_status":"closed","ping_status":"closed","sticky":false,"template":"","format":"standard","meta":{"_eb_attr":"","_price":"","_stock":"","_tribe_ticket_header":"","_tribe_default_ticket_provider":"","_ticket_start_date":"","_ticket_end_date":"","_tribe_ticket_show_description":"","_tribe_ticket_show_not_going":false,"_tribe_ticket_use_global_stock":"","_tribe_ticket_global_stock_level":"","_global_stock_mode":"","_global_stock_cap":"","_tribe_rsvp_for_event":"","_tribe_ticket_going_count":"","_tribe_ticket_not_going_count":"","_tribe_tickets_list":"[]","_tribe_ticket_has_attendee_info_fields":false,"footnotes":""},"categories":[9],"tags":[19,25,10],"post_folder":[],"class_list":["post-7194","post","type-post","status-publish","format-standard","has-post-thumbnail","hentry","category-studium","tag-wissenschaftlicher-nachwuchs","tag-interview","tag-unireport"],"yoast_head":"<!-- This site is optimized with the Yoast SEO plugin v27.4 - https:\/\/yoast.com\/product\/yoast-seo-wordpress\/ -->\n<title>GRADE Centre Education f\u00f6rdert junge Bildungsforscher | Aktuelles aus der Goethe-Universit\u00e4t Frankfurt<\/title>\n<meta name=\"robots\" content=\"index, follow, max-snippet:-1, max-image-preview:large, max-video-preview:-1\" \/>\n<link rel=\"canonical\" href=\"https:\/\/aktuelles.uni-frankfurt.de\/en\/studium\/grade-centre-education-foerdert-junge-bildungsforscher\/\" \/>\n<meta property=\"og:locale\" content=\"en_GB\" \/>\n<meta property=\"og:type\" content=\"article\" \/>\n<meta property=\"og:title\" content=\"GRADE Centre Education f\u00f6rdert junge Bildungsforscher | Aktuelles aus der Goethe-Universit\u00e4t Frankfurt\" \/>\n<meta property=\"og:description\" content=\"Professionelle F\u00f6rderung f\u00fcr junge Wissenschaftler\/-innen bei Forschungsprojekten zu Bildung, Erziehung und Didaktik: Mit dem GRADE Centre Education (GRADE EDU) hat die Graduiertenakademie GRADE der Goethe-Universit\u00e4t Frankfurt das neunte disziplin\u00fcbergreifende Zentrum [&hellip;]\" \/>\n<meta property=\"og:url\" content=\"https:\/\/aktuelles.uni-frankfurt.de\/en\/studium\/grade-centre-education-foerdert-junge-bildungsforscher\/\" \/>\n<meta property=\"og:site_name\" content=\"Aktuelles aus der Goethe-Universit\u00e4t Frankfurt\" \/>\n<meta property=\"article:published_time\" content=\"2016-06-07T14:16:16+00:00\" \/>\n<meta property=\"article:modified_time\" content=\"2016-06-07T14:32:11+00:00\" \/>\n<meta property=\"og:image\" content=\"https:\/\/aktuelles.uni-frankfurt.de\/wp-content\/uploads\/2016\/06\/blog_grade_EngartnerHerrle.jpg\" \/>\n\t<meta property=\"og:image:width\" content=\"650\" \/>\n\t<meta property=\"og:image:height\" content=\"450\" \/>\n\t<meta property=\"og:image:type\" content=\"image\/jpeg\" \/>\n<meta name=\"author\" content=\"-\" \/>\n<meta name=\"twitter:card\" content=\"summary_large_image\" \/>\n<meta name=\"twitter:label1\" content=\"Written by\" \/>\n\t<meta name=\"twitter:data1\" content=\"-\" \/>\n\t<meta name=\"twitter:label2\" content=\"Estimated reading time\" \/>\n\t<meta name=\"twitter:data2\" content=\"4 minutes\" \/>\n<script type=\"application\/ld+json\" class=\"yoast-schema-graph\">{\"@context\":\"https:\\\/\\\/schema.org\",\"@graph\":[{\"@type\":\"Article\",\"@id\":\"https:\\\/\\\/aktuelles.uni-frankfurt.de\\\/studium\\\/grade-centre-education-foerdert-junge-bildungsforscher\\\/#article\",\"isPartOf\":{\"@id\":\"https:\\\/\\\/aktuelles.uni-frankfurt.de\\\/studium\\\/grade-centre-education-foerdert-junge-bildungsforscher\\\/\"},\"author\":{\"name\":\"-\",\"@id\":\"https:\\\/\\\/aktuelles.uni-frankfurt.de\\\/#\\\/schema\\\/person\\\/8e55ea338fb65d1ce87a91565d1f1739\"},\"headline\":\"GRADE Centre Education f\u00f6rdert junge Bildungsforscher\",\"datePublished\":\"2016-06-07T14:16:16+00:00\",\"dateModified\":\"2016-06-07T14:32:11+00:00\",\"mainEntityOfPage\":{\"@id\":\"https:\\\/\\\/aktuelles.uni-frankfurt.de\\\/studium\\\/grade-centre-education-foerdert-junge-bildungsforscher\\\/\"},\"wordCount\":816,\"publisher\":{\"@id\":\"https:\\\/\\\/aktuelles.uni-frankfurt.de\\\/#organization\"},\"image\":{\"@id\":\"https:\\\/\\\/aktuelles.uni-frankfurt.de\\\/studium\\\/grade-centre-education-foerdert-junge-bildungsforscher\\\/#primaryimage\"},\"thumbnailUrl\":\"https:\\\/\\\/aktuelles.uni-frankfurt.de\\\/wp-content\\\/uploads\\\/2016\\\/06\\\/blog_grade_EngartnerHerrle.jpg\",\"keywords\":[\"Early Career Researchers\",\"Interview\",\"UniReport\"],\"articleSection\":[\"Studium\"],\"inLanguage\":\"en-GB\"},{\"@type\":\"WebPage\",\"@id\":\"https:\\\/\\\/aktuelles.uni-frankfurt.de\\\/studium\\\/grade-centre-education-foerdert-junge-bildungsforscher\\\/\",\"url\":\"https:\\\/\\\/aktuelles.uni-frankfurt.de\\\/studium\\\/grade-centre-education-foerdert-junge-bildungsforscher\\\/\",\"name\":\"GRADE Centre Education f\u00f6rdert junge Bildungsforscher | Aktuelles aus der Goethe-Universit\u00e4t Frankfurt\",\"isPartOf\":{\"@id\":\"https:\\\/\\\/aktuelles.uni-frankfurt.de\\\/#website\"},\"primaryImageOfPage\":{\"@id\":\"https:\\\/\\\/aktuelles.uni-frankfurt.de\\\/studium\\\/grade-centre-education-foerdert-junge-bildungsforscher\\\/#primaryimage\"},\"image\":{\"@id\":\"https:\\\/\\\/aktuelles.uni-frankfurt.de\\\/studium\\\/grade-centre-education-foerdert-junge-bildungsforscher\\\/#primaryimage\"},\"thumbnailUrl\":\"https:\\\/\\\/aktuelles.uni-frankfurt.de\\\/wp-content\\\/uploads\\\/2016\\\/06\\\/blog_grade_EngartnerHerrle.jpg\",\"datePublished\":\"2016-06-07T14:16:16+00:00\",\"dateModified\":\"2016-06-07T14:32:11+00:00\",\"breadcrumb\":{\"@id\":\"https:\\\/\\\/aktuelles.uni-frankfurt.de\\\/studium\\\/grade-centre-education-foerdert-junge-bildungsforscher\\\/#breadcrumb\"},\"inLanguage\":\"en-GB\",\"potentialAction\":[{\"@type\":\"ReadAction\",\"target\":[\"https:\\\/\\\/aktuelles.uni-frankfurt.de\\\/studium\\\/grade-centre-education-foerdert-junge-bildungsforscher\\\/\"]}]},{\"@type\":\"ImageObject\",\"inLanguage\":\"en-GB\",\"@id\":\"https:\\\/\\\/aktuelles.uni-frankfurt.de\\\/studium\\\/grade-centre-education-foerdert-junge-bildungsforscher\\\/#primaryimage\",\"url\":\"https:\\\/\\\/aktuelles.uni-frankfurt.de\\\/wp-content\\\/uploads\\\/2016\\\/06\\\/blog_grade_EngartnerHerrle.jpg\",\"contentUrl\":\"https:\\\/\\\/aktuelles.uni-frankfurt.de\\\/wp-content\\\/uploads\\\/2016\\\/06\\\/blog_grade_EngartnerHerrle.jpg\",\"width\":650,\"height\":450,\"caption\":\"Prof. Tim Engartner (l.) und Dr. Matthias Herrle. Foto: Lecher\"},{\"@type\":\"BreadcrumbList\",\"@id\":\"https:\\\/\\\/aktuelles.uni-frankfurt.de\\\/studium\\\/grade-centre-education-foerdert-junge-bildungsforscher\\\/#breadcrumb\",\"itemListElement\":[{\"@type\":\"ListItem\",\"position\":1,\"name\":\"Startseite\",\"item\":\"https:\\\/\\\/aktuelles.uni-frankfurt.de\\\/\"},{\"@type\":\"ListItem\",\"position\":2,\"name\":\"GRADE Centre Education f\u00f6rdert junge Bildungsforscher\"}]},{\"@type\":\"WebSite\",\"@id\":\"https:\\\/\\\/aktuelles.uni-frankfurt.de\\\/#website\",\"url\":\"https:\\\/\\\/aktuelles.uni-frankfurt.de\\\/\",\"name\":\"Aktuelles aus der Goethe-Universit\u00e4t Frankfurt\",\"description\":\"Aktuelles aus der Goethe-Universit\u00e4t | Neues aus Forschung, Lehre, Studium\",\"publisher\":{\"@id\":\"https:\\\/\\\/aktuelles.uni-frankfurt.de\\\/#organization\"},\"potentialAction\":[{\"@type\":\"SearchAction\",\"target\":{\"@type\":\"EntryPoint\",\"urlTemplate\":\"https:\\\/\\\/aktuelles.uni-frankfurt.de\\\/?s={search_term_string}\"},\"query-input\":{\"@type\":\"PropertyValueSpecification\",\"valueRequired\":true,\"valueName\":\"search_term_string\"}}],\"inLanguage\":\"en-GB\"},{\"@type\":\"Organization\",\"@id\":\"https:\\\/\\\/aktuelles.uni-frankfurt.de\\\/#organization\",\"name\":\"Goethe-Universit\u00e4t\",\"url\":\"https:\\\/\\\/aktuelles.uni-frankfurt.de\\\/\",\"logo\":{\"@type\":\"ImageObject\",\"inLanguage\":\"en-GB\",\"@id\":\"https:\\\/\\\/aktuelles.uni-frankfurt.de\\\/#\\\/schema\\\/logo\\\/image\\\/\",\"url\":\"https:\\\/\\\/aktuelles.uni-frankfurt.de\\\/wp-content\\\/uploads\\\/2022\\\/03\\\/800px-Goethe-Logo.png\",\"contentUrl\":\"https:\\\/\\\/aktuelles.uni-frankfurt.de\\\/wp-content\\\/uploads\\\/2022\\\/03\\\/800px-Goethe-Logo.png\",\"width\":800,\"height\":436,\"caption\":\"Goethe-Universit\u00e4t\"},\"image\":{\"@id\":\"https:\\\/\\\/aktuelles.uni-frankfurt.de\\\/#\\\/schema\\\/logo\\\/image\\\/\"}},{\"@type\":\"Person\",\"@id\":\"https:\\\/\\\/aktuelles.uni-frankfurt.de\\\/#\\\/schema\\\/person\\\/8e55ea338fb65d1ce87a91565d1f1739\",\"name\":\"-\",\"description\":\"Dieser Beitrag wurde von der Online-Redaktion ver\u00f6ffentlicht. Wenn der Beitrag von einem Gastautoren verfasst wurde, findet sich dieser Hinweis am Ende des jeweiligen Artikels.\",\"sameAs\":[\"http:\\\/\\\/aktuelles.uni-frankfurt.de\\\/autoren\"],\"url\":\"https:\\\/\\\/aktuelles.uni-frankfurt.de\\\/en\\\/author\\\/redaktion\\\/\"}]}<\/script>\n<!-- \/ Yoast SEO plugin. -->","yoast_head_json":{"title":"GRADE Centre Education f\u00f6rdert junge Bildungsforscher | Aktuelles aus der Goethe-Universit\u00e4t Frankfurt","robots":{"index":"index","follow":"follow","max-snippet":"max-snippet:-1","max-image-preview":"max-image-preview:large","max-video-preview":"max-video-preview:-1"},"canonical":"https:\/\/aktuelles.uni-frankfurt.de\/en\/studium\/grade-centre-education-foerdert-junge-bildungsforscher\/","og_locale":"en_GB","og_type":"article","og_title":"GRADE Centre Education f\u00f6rdert junge Bildungsforscher | Aktuelles aus der Goethe-Universit\u00e4t Frankfurt","og_description":"Professionelle F\u00f6rderung f\u00fcr junge Wissenschaftler\/-innen bei Forschungsprojekten zu Bildung, Erziehung und Didaktik: Mit dem GRADE Centre Education (GRADE EDU) hat die Graduiertenakademie GRADE der Goethe-Universit\u00e4t Frankfurt das neunte disziplin\u00fcbergreifende Zentrum [&hellip;]","og_url":"https:\/\/aktuelles.uni-frankfurt.de\/en\/studium\/grade-centre-education-foerdert-junge-bildungsforscher\/","og_site_name":"Aktuelles aus der Goethe-Universit\u00e4t Frankfurt","article_published_time":"2016-06-07T14:16:16+00:00","article_modified_time":"2016-06-07T14:32:11+00:00","og_image":[{"width":650,"height":450,"url":"https:\/\/aktuelles.uni-frankfurt.de\/wp-content\/uploads\/2016\/06\/blog_grade_EngartnerHerrle.jpg","type":"image\/jpeg"}],"author":"-","twitter_card":"summary_large_image","twitter_misc":{"Written by":"-","Estimated reading time":"4 minutes"},"schema":{"@context":"https:\/\/schema.org","@graph":[{"@type":"Article","@id":"https:\/\/aktuelles.uni-frankfurt.de\/studium\/grade-centre-education-foerdert-junge-bildungsforscher\/#article","isPartOf":{"@id":"https:\/\/aktuelles.uni-frankfurt.de\/studium\/grade-centre-education-foerdert-junge-bildungsforscher\/"},"author":{"name":"-","@id":"https:\/\/aktuelles.uni-frankfurt.de\/#\/schema\/person\/8e55ea338fb65d1ce87a91565d1f1739"},"headline":"GRADE Centre Education f\u00f6rdert junge Bildungsforscher","datePublished":"2016-06-07T14:16:16+00:00","dateModified":"2016-06-07T14:32:11+00:00","mainEntityOfPage":{"@id":"https:\/\/aktuelles.uni-frankfurt.de\/studium\/grade-centre-education-foerdert-junge-bildungsforscher\/"},"wordCount":816,"publisher":{"@id":"https:\/\/aktuelles.uni-frankfurt.de\/#organization"},"image":{"@id":"https:\/\/aktuelles.uni-frankfurt.de\/studium\/grade-centre-education-foerdert-junge-bildungsforscher\/#primaryimage"},"thumbnailUrl":"https:\/\/aktuelles.uni-frankfurt.de\/wp-content\/uploads\/2016\/06\/blog_grade_EngartnerHerrle.jpg","keywords":["Early Career Researchers","Interview","UniReport"],"articleSection":["Studium"],"inLanguage":"en-GB"},{"@type":"WebPage","@id":"https:\/\/aktuelles.uni-frankfurt.de\/studium\/grade-centre-education-foerdert-junge-bildungsforscher\/","url":"https:\/\/aktuelles.uni-frankfurt.de\/studium\/grade-centre-education-foerdert-junge-bildungsforscher\/","name":"GRADE Centre Education f\u00f6rdert junge Bildungsforscher | Aktuelles aus der Goethe-Universit\u00e4t Frankfurt","isPartOf":{"@id":"https:\/\/aktuelles.uni-frankfurt.de\/#website"},"primaryImageOfPage":{"@id":"https:\/\/aktuelles.uni-frankfurt.de\/studium\/grade-centre-education-foerdert-junge-bildungsforscher\/#primaryimage"},"image":{"@id":"https:\/\/aktuelles.uni-frankfurt.de\/studium\/grade-centre-education-foerdert-junge-bildungsforscher\/#primaryimage"},"thumbnailUrl":"https:\/\/aktuelles.uni-frankfurt.de\/wp-content\/uploads\/2016\/06\/blog_grade_EngartnerHerrle.jpg","datePublished":"2016-06-07T14:16:16+00:00","dateModified":"2016-06-07T14:32:11+00:00","breadcrumb":{"@id":"https:\/\/aktuelles.uni-frankfurt.de\/studium\/grade-centre-education-foerdert-junge-bildungsforscher\/#breadcrumb"},"inLanguage":"en-GB","potentialAction":[{"@type":"ReadAction","target":["https:\/\/aktuelles.uni-frankfurt.de\/studium\/grade-centre-education-foerdert-junge-bildungsforscher\/"]}]},{"@type":"ImageObject","inLanguage":"en-GB","@id":"https:\/\/aktuelles.uni-frankfurt.de\/studium\/grade-centre-education-foerdert-junge-bildungsforscher\/#primaryimage","url":"https:\/\/aktuelles.uni-frankfurt.de\/wp-content\/uploads\/2016\/06\/blog_grade_EngartnerHerrle.jpg","contentUrl":"https:\/\/aktuelles.uni-frankfurt.de\/wp-content\/uploads\/2016\/06\/blog_grade_EngartnerHerrle.jpg","width":650,"height":450,"caption":"Prof. Tim Engartner (l.) und Dr. Matthias Herrle. Foto: Lecher"},{"@type":"BreadcrumbList","@id":"https:\/\/aktuelles.uni-frankfurt.de\/studium\/grade-centre-education-foerdert-junge-bildungsforscher\/#breadcrumb","itemListElement":[{"@type":"ListItem","position":1,"name":"Startseite","item":"https:\/\/aktuelles.uni-frankfurt.de\/"},{"@type":"ListItem","position":2,"name":"GRADE Centre Education f\u00f6rdert junge Bildungsforscher"}]},{"@type":"WebSite","@id":"https:\/\/aktuelles.uni-frankfurt.de\/#website","url":"https:\/\/aktuelles.uni-frankfurt.de\/","name":"Aktuelles aus der Goethe-Universit\u00e4t Frankfurt","description":"Aktuelles aus der Goethe-Universit\u00e4t | Neues aus Forschung, Lehre, Studium","publisher":{"@id":"https:\/\/aktuelles.uni-frankfurt.de\/#organization"},"potentialAction":[{"@type":"SearchAction","target":{"@type":"EntryPoint","urlTemplate":"https:\/\/aktuelles.uni-frankfurt.de\/?s={search_term_string}"},"query-input":{"@type":"PropertyValueSpecification","valueRequired":true,"valueName":"search_term_string"}}],"inLanguage":"en-GB"},{"@type":"Organization","@id":"https:\/\/aktuelles.uni-frankfurt.de\/#organization","name":"Goethe University Frankfurt","url":"https:\/\/aktuelles.uni-frankfurt.de\/","logo":{"@type":"ImageObject","inLanguage":"en-GB","@id":"https:\/\/aktuelles.uni-frankfurt.de\/#\/schema\/logo\/image\/","url":"https:\/\/aktuelles.uni-frankfurt.de\/wp-content\/uploads\/2022\/03\/800px-Goethe-Logo.png","contentUrl":"https:\/\/aktuelles.uni-frankfurt.de\/wp-content\/uploads\/2022\/03\/800px-Goethe-Logo.png","width":800,"height":436,"caption":"Goethe-Universit\u00e4t"},"image":{"@id":"https:\/\/aktuelles.uni-frankfurt.de\/#\/schema\/logo\/image\/"}},{"@type":"Person","@id":"https:\/\/aktuelles.uni-frankfurt.de\/#\/schema\/person\/8e55ea338fb65d1ce87a91565d1f1739","name":"-","description":"Dieser Beitrag wurde von der Online-Redaktion ver\u00f6ffentlicht. Wenn der Beitrag von einem Gastautoren verfasst wurde, findet sich dieser Hinweis am Ende des jeweiligen Artikels.","sameAs":["http:\/\/aktuelles.uni-frankfurt.de\/autoren"],"url":"https:\/\/aktuelles.uni-frankfurt.de\/en\/author\/redaktion\/"}]}},"_links":{"self":[{"href":"https:\/\/aktuelles.uni-frankfurt.de\/en\/wp-json\/wp\/v2\/posts\/7194","targetHints":{"allow":["GET"]}}],"collection":[{"href":"https:\/\/aktuelles.uni-frankfurt.de\/en\/wp-json\/wp\/v2\/posts"}],"about":[{"href":"https:\/\/aktuelles.uni-frankfurt.de\/en\/wp-json\/wp\/v2\/types\/post"}],"author":[{"embeddable":true,"href":"https:\/\/aktuelles.uni-frankfurt.de\/en\/wp-json\/wp\/v2\/users\/8"}],"replies":[{"embeddable":true,"href":"https:\/\/aktuelles.uni-frankfurt.de\/en\/wp-json\/wp\/v2\/comments?post=7194"}],"version-history":[{"count":0,"href":"https:\/\/aktuelles.uni-frankfurt.de\/en\/wp-json\/wp\/v2\/posts\/7194\/revisions"}],"wp:featuredmedia":[{"embeddable":true,"href":"https:\/\/aktuelles.uni-frankfurt.de\/en\/wp-json\/wp\/v2\/media\/7195"}],"wp:attachment":[{"href":"https:\/\/aktuelles.uni-frankfurt.de\/en\/wp-json\/wp\/v2\/media?parent=7194"}],"wp:term":[{"taxonomy":"category","embeddable":true,"href":"https:\/\/aktuelles.uni-frankfurt.de\/en\/wp-json\/wp\/v2\/categories?post=7194"},{"taxonomy":"post_tag","embeddable":true,"href":"https:\/\/aktuelles.uni-frankfurt.de\/en\/wp-json\/wp\/v2\/tags?post=7194"},{"taxonomy":"post_folder","embeddable":true,"href":"https:\/\/aktuelles.uni-frankfurt.de\/en\/wp-json\/wp\/v2\/post_folder?post=7194"}],"curies":[{"name":"wp","href":"https:\/\/api.w.org\/{rel}","templated":true}]}}