{"id":72045,"date":"2023-06-05T16:21:43","date_gmt":"2023-06-05T14:21:43","guid":{"rendered":"https:\/\/aktuelles.uni-frankfurt.de\/?p=72045"},"modified":"2023-06-07T11:43:32","modified_gmt":"2023-06-07T09:43:32","slug":"uni-luft-schnuppern-bei-der-mainstudy","status":"publish","type":"post","link":"https:\/\/aktuelles.uni-frankfurt.de\/en\/gesellschaft\/uni-luft-schnuppern-bei-der-mainstudy\/","title":{"rendered":"Uni-Luft schnuppern bei der MainStudy"},"content":{"rendered":"<p>Es ist wieder so weit: Tausende Abiturient*innen, Sch\u00fclerinnen und Sch\u00fclern der gymnasialen Oberstufen und der Fachoberschulen werden die Goethe-Universit\u00e4t zur \u201eMainStudy\u201c besuchen. Dabei erwartet die Besucher*innen ein vielf\u00e4ltiges Programm aus Vortr\u00e4gen zu Studieng\u00e4ngen, Campusf\u00fchrungen, Pr\u00e4sentationen von beliebten Berufsbildern und deren Zugangsm\u00f6glichkeiten und vieles mehr. Der Vorteil in diesem Jahr: Die MainStudy liegt f\u00fcr noch unentschlossene Abiturient*innen noch genau innerhalb der Bewerbungsfristen. Hier bietet sich also eine letzte M\u00f6glichkeit, sich vor Ort ein Bild der Goethe-Universit\u00e4t und der Studieng\u00e4nge zu verschaffen und sich noch bis 15.7. f\u00fcr zulassungsbeschr\u00e4nkte und bis 31.08. f\u00fcr zulassungsfreie Studieng\u00e4nge zu bewerben. Eine Anmeldung ist nicht erforderlich.&nbsp;<\/p>\n\n\n\n<p>Veranstaltungsorte sind am 5. Juli 2023 der Campus Westend mit der Vorstellung der geistes-, gesellschafts- und wirtschaftswissenschaftlichen F\u00e4cher und am 6. Juli 2023 der Campus Riedberg mit der Vorstellung der Naturwissenschaften. Zus\u00e4tzlich zu den allgemeinen Programmpunkten pr\u00e4sentieren sich die einzelnen F\u00e4cher und Institute durch Infost\u00e4nde, F\u00fchrungen und Experimente. Dies gibt den Sch\u00fclerinnen und Sch\u00fclern die M\u00f6glichkeit, die Universit\u00e4t intensiver zu erkunden und vielleicht auch schon den ersten Kontakt zu Studierenden oder Professor*innen des Wunschfaches aufzunehmen.<\/p>\n\n\n\n<p>Die Angebote der Bundesagentur f\u00fcr Arbeit runden die beiden Tage mit zahlreichen Vortr\u00e4gen zur Berufspraxis und \u00fcbergreifenden Themen zu Entscheidungsfindung und \u00dcberbr\u00fcckungsm\u00f6glichkeiten zwischen Abitur und Studium ab. Eingebettet sind die beiden Veranstaltungstage an der Goethe-Universit\u00e4t in die insgesamt viert\u00e4gige Veranstaltung \u201eMainStudy\u201c der Hochschulen der Region Frankfurt vom 3. bis 6. Juli 2023. Neben der Goethe-Universit\u00e4t sind als Gastgeber mit dabei die Frankfurt University of Applied Sciences, die Hochschule f\u00fcr Musik und Darstellende Kunst und die Philosophisch-Theologische Hochschule Sankt Georgen.<\/p>\n\n\n\n<p>Im Rahmen der MainStudy findet am 4. Juli 2023 auch der Tag der Geisteswissenschaften an der Goethe-Universit\u00e4t statt, an dem sich Interessierte an den Geisteswissenschaften in Workshops ausprobieren und verschiedene geisteswissenschaftlichen F\u00e4cher und deren berufliche Perspektiven erkunden k\u00f6nnen. Anmeldung und weitere Informationen unter: <a href=\"https:\/\/www.tdg.uni-frankfurt.de\">https:\/\/www.tdg.uni-frankfurt.de<\/a><\/p>\n\n\n\n<p><strong>Mehr Infos<\/strong> unter <a href=\"http:\/\/www.mainstudy.uni-frankfurt.de\">http:\/\/www.mainstudy.uni-frankfurt.de<\/a><\/p>","protected":false},"excerpt":{"rendered":"<p>Es ist wieder so weit: Tausende Abiturient*innen, Sch\u00fclerinnen und Sch\u00fclern der gymnasialen Oberstufen und der Fachoberschulen werden die Goethe-Universit\u00e4t zur \u201eMainStudy\u201c besuchen. Dabei erwartet die Besucher*innen ein vielf\u00e4ltiges Programm aus [&hellip;]<\/p>\n","protected":false},"author":8,"featured_media":53025,"comment_status":"closed","ping_status":"closed","sticky":false,"template":"","format":"standard","meta":{"_eb_attr":"","_price":"","_stock":"","_tribe_ticket_header":"","_tribe_default_ticket_provider":"","_ticket_start_date":"","_ticket_end_date":"","_tribe_ticket_show_description":"","_tribe_ticket_show_not_going":false,"_tribe_ticket_use_global_stock":"","_tribe_ticket_global_stock_level":"","_global_stock_mode":"","_global_stock_cap":"","_tribe_rsvp_for_event":"","_tribe_ticket_going_count":"","_tribe_ticket_not_going_count":"","_tribe_tickets_list":"[]","_tribe_ticket_has_attendee_info_fields":false,"footnotes":""},"categories":[4],"tags":[],"post_folder":[],"class_list":["post-72045","post","type-post","status-publish","format-standard","has-post-thumbnail","hentry","category-gesellschaft"],"yoast_head":"<!-- This site is optimized with the Yoast SEO plugin v27.4 - https:\/\/yoast.com\/product\/yoast-seo-wordpress\/ -->\n<title>Uni-Luft schnuppern bei der MainStudy | Aktuelles aus der Goethe-Universit\u00e4t Frankfurt<\/title>\n<meta name=\"robots\" content=\"index, follow, max-snippet:-1, max-image-preview:large, max-video-preview:-1\" \/>\n<link rel=\"canonical\" href=\"https:\/\/aktuelles.uni-frankfurt.de\/en\/gesellschaft\/uni-luft-schnuppern-bei-der-mainstudy\/\" \/>\n<meta property=\"og:locale\" content=\"en_GB\" \/>\n<meta property=\"og:type\" content=\"article\" \/>\n<meta property=\"og:title\" content=\"Uni-Luft schnuppern bei der MainStudy | Aktuelles aus der Goethe-Universit\u00e4t Frankfurt\" \/>\n<meta property=\"og:description\" content=\"Es ist wieder so weit: Tausende Abiturient*innen, Sch\u00fclerinnen und Sch\u00fclern der gymnasialen Oberstufen und der Fachoberschulen werden die Goethe-Universit\u00e4t zur \u201eMainStudy\u201c besuchen. Dabei erwartet die Besucher*innen ein vielf\u00e4ltiges Programm aus [&hellip;]\" \/>\n<meta property=\"og:url\" content=\"https:\/\/aktuelles.uni-frankfurt.de\/en\/gesellschaft\/uni-luft-schnuppern-bei-der-mainstudy\/\" \/>\n<meta property=\"og:site_name\" content=\"Aktuelles aus der Goethe-Universit\u00e4t Frankfurt\" \/>\n<meta property=\"article:published_time\" content=\"2023-06-05T14:21:43+00:00\" \/>\n<meta property=\"article:modified_time\" content=\"2023-06-07T09:43:32+00:00\" \/>\n<meta property=\"og:image\" content=\"https:\/\/aktuelles.uni-frankfurt.de\/wp-content\/uploads\/2021\/10\/beitragsbild_allgemein-goethe-uni-webmagazin.jpg\" \/>\n\t<meta property=\"og:image:width\" content=\"650\" \/>\n\t<meta property=\"og:image:height\" content=\"450\" \/>\n\t<meta property=\"og:image:type\" content=\"image\/jpeg\" \/>\n<meta name=\"author\" content=\"-\" \/>\n<meta name=\"twitter:card\" content=\"summary_large_image\" \/>\n<meta name=\"twitter:label1\" content=\"Written by\" \/>\n\t<meta name=\"twitter:data1\" content=\"-\" \/>\n\t<meta name=\"twitter:label2\" content=\"Estimated reading time\" \/>\n\t<meta name=\"twitter:data2\" content=\"2 minutes\" \/>\n<script type=\"application\/ld+json\" class=\"yoast-schema-graph\">{\"@context\":\"https:\\\/\\\/schema.org\",\"@graph\":[{\"@type\":\"Article\",\"@id\":\"https:\\\/\\\/aktuelles.uni-frankfurt.de\\\/gesellschaft\\\/uni-luft-schnuppern-bei-der-mainstudy\\\/#article\",\"isPartOf\":{\"@id\":\"https:\\\/\\\/aktuelles.uni-frankfurt.de\\\/gesellschaft\\\/uni-luft-schnuppern-bei-der-mainstudy\\\/\"},\"author\":{\"name\":\"-\",\"@id\":\"https:\\\/\\\/aktuelles.uni-frankfurt.de\\\/#\\\/schema\\\/person\\\/8e55ea338fb65d1ce87a91565d1f1739\"},\"headline\":\"Uni-Luft schnuppern bei der MainStudy\",\"datePublished\":\"2023-06-05T14:21:43+00:00\",\"dateModified\":\"2023-06-07T09:43:32+00:00\",\"mainEntityOfPage\":{\"@id\":\"https:\\\/\\\/aktuelles.uni-frankfurt.de\\\/gesellschaft\\\/uni-luft-schnuppern-bei-der-mainstudy\\\/\"},\"wordCount\":347,\"publisher\":{\"@id\":\"https:\\\/\\\/aktuelles.uni-frankfurt.de\\\/#organization\"},\"image\":{\"@id\":\"https:\\\/\\\/aktuelles.uni-frankfurt.de\\\/gesellschaft\\\/uni-luft-schnuppern-bei-der-mainstudy\\\/#primaryimage\"},\"thumbnailUrl\":\"https:\\\/\\\/aktuelles.uni-frankfurt.de\\\/wp-content\\\/uploads\\\/2021\\\/10\\\/beitragsbild_allgemein-goethe-uni-webmagazin.jpg\",\"articleSection\":[\"Gesellschaft\"],\"inLanguage\":\"en-GB\"},{\"@type\":\"WebPage\",\"@id\":\"https:\\\/\\\/aktuelles.uni-frankfurt.de\\\/gesellschaft\\\/uni-luft-schnuppern-bei-der-mainstudy\\\/\",\"url\":\"https:\\\/\\\/aktuelles.uni-frankfurt.de\\\/gesellschaft\\\/uni-luft-schnuppern-bei-der-mainstudy\\\/\",\"name\":\"Uni-Luft schnuppern bei der MainStudy | Aktuelles aus der Goethe-Universit\u00e4t Frankfurt\",\"isPartOf\":{\"@id\":\"https:\\\/\\\/aktuelles.uni-frankfurt.de\\\/#website\"},\"primaryImageOfPage\":{\"@id\":\"https:\\\/\\\/aktuelles.uni-frankfurt.de\\\/gesellschaft\\\/uni-luft-schnuppern-bei-der-mainstudy\\\/#primaryimage\"},\"image\":{\"@id\":\"https:\\\/\\\/aktuelles.uni-frankfurt.de\\\/gesellschaft\\\/uni-luft-schnuppern-bei-der-mainstudy\\\/#primaryimage\"},\"thumbnailUrl\":\"https:\\\/\\\/aktuelles.uni-frankfurt.de\\\/wp-content\\\/uploads\\\/2021\\\/10\\\/beitragsbild_allgemein-goethe-uni-webmagazin.jpg\",\"datePublished\":\"2023-06-05T14:21:43+00:00\",\"dateModified\":\"2023-06-07T09:43:32+00:00\",\"breadcrumb\":{\"@id\":\"https:\\\/\\\/aktuelles.uni-frankfurt.de\\\/gesellschaft\\\/uni-luft-schnuppern-bei-der-mainstudy\\\/#breadcrumb\"},\"inLanguage\":\"en-GB\",\"potentialAction\":[{\"@type\":\"ReadAction\",\"target\":[\"https:\\\/\\\/aktuelles.uni-frankfurt.de\\\/gesellschaft\\\/uni-luft-schnuppern-bei-der-mainstudy\\\/\"]}]},{\"@type\":\"ImageObject\",\"inLanguage\":\"en-GB\",\"@id\":\"https:\\\/\\\/aktuelles.uni-frankfurt.de\\\/gesellschaft\\\/uni-luft-schnuppern-bei-der-mainstudy\\\/#primaryimage\",\"url\":\"https:\\\/\\\/aktuelles.uni-frankfurt.de\\\/wp-content\\\/uploads\\\/2021\\\/10\\\/beitragsbild_allgemein-goethe-uni-webmagazin.jpg\",\"contentUrl\":\"https:\\\/\\\/aktuelles.uni-frankfurt.de\\\/wp-content\\\/uploads\\\/2021\\\/10\\\/beitragsbild_allgemein-goethe-uni-webmagazin.jpg\",\"width\":650,\"height\":450},{\"@type\":\"BreadcrumbList\",\"@id\":\"https:\\\/\\\/aktuelles.uni-frankfurt.de\\\/gesellschaft\\\/uni-luft-schnuppern-bei-der-mainstudy\\\/#breadcrumb\",\"itemListElement\":[{\"@type\":\"ListItem\",\"position\":1,\"name\":\"Startseite\",\"item\":\"https:\\\/\\\/aktuelles.uni-frankfurt.de\\\/\"},{\"@type\":\"ListItem\",\"position\":2,\"name\":\"Uni-Luft schnuppern bei der MainStudy\"}]},{\"@type\":\"WebSite\",\"@id\":\"https:\\\/\\\/aktuelles.uni-frankfurt.de\\\/#website\",\"url\":\"https:\\\/\\\/aktuelles.uni-frankfurt.de\\\/\",\"name\":\"Aktuelles aus der Goethe-Universit\u00e4t Frankfurt\",\"description\":\"Aktuelles aus der Goethe-Universit\u00e4t | Neues aus Forschung, Lehre, Studium\",\"publisher\":{\"@id\":\"https:\\\/\\\/aktuelles.uni-frankfurt.de\\\/#organization\"},\"potentialAction\":[{\"@type\":\"SearchAction\",\"target\":{\"@type\":\"EntryPoint\",\"urlTemplate\":\"https:\\\/\\\/aktuelles.uni-frankfurt.de\\\/?s={search_term_string}\"},\"query-input\":{\"@type\":\"PropertyValueSpecification\",\"valueRequired\":true,\"valueName\":\"search_term_string\"}}],\"inLanguage\":\"en-GB\"},{\"@type\":\"Organization\",\"@id\":\"https:\\\/\\\/aktuelles.uni-frankfurt.de\\\/#organization\",\"name\":\"Goethe-Universit\u00e4t\",\"url\":\"https:\\\/\\\/aktuelles.uni-frankfurt.de\\\/\",\"logo\":{\"@type\":\"ImageObject\",\"inLanguage\":\"en-GB\",\"@id\":\"https:\\\/\\\/aktuelles.uni-frankfurt.de\\\/#\\\/schema\\\/logo\\\/image\\\/\",\"url\":\"https:\\\/\\\/aktuelles.uni-frankfurt.de\\\/wp-content\\\/uploads\\\/2022\\\/03\\\/800px-Goethe-Logo.png\",\"contentUrl\":\"https:\\\/\\\/aktuelles.uni-frankfurt.de\\\/wp-content\\\/uploads\\\/2022\\\/03\\\/800px-Goethe-Logo.png\",\"width\":800,\"height\":436,\"caption\":\"Goethe-Universit\u00e4t\"},\"image\":{\"@id\":\"https:\\\/\\\/aktuelles.uni-frankfurt.de\\\/#\\\/schema\\\/logo\\\/image\\\/\"}},{\"@type\":\"Person\",\"@id\":\"https:\\\/\\\/aktuelles.uni-frankfurt.de\\\/#\\\/schema\\\/person\\\/8e55ea338fb65d1ce87a91565d1f1739\",\"name\":\"-\",\"description\":\"Dieser Beitrag wurde von der Online-Redaktion ver\u00f6ffentlicht. Wenn der Beitrag von einem Gastautoren verfasst wurde, findet sich dieser Hinweis am Ende des jeweiligen Artikels.\",\"sameAs\":[\"http:\\\/\\\/aktuelles.uni-frankfurt.de\\\/autoren\"],\"url\":\"https:\\\/\\\/aktuelles.uni-frankfurt.de\\\/en\\\/author\\\/redaktion\\\/\"}]}<\/script>\n<!-- \/ Yoast SEO plugin. -->","yoast_head_json":{"title":"Uni-Luft schnuppern bei der MainStudy | Aktuelles aus der Goethe-Universit\u00e4t Frankfurt","robots":{"index":"index","follow":"follow","max-snippet":"max-snippet:-1","max-image-preview":"max-image-preview:large","max-video-preview":"max-video-preview:-1"},"canonical":"https:\/\/aktuelles.uni-frankfurt.de\/en\/gesellschaft\/uni-luft-schnuppern-bei-der-mainstudy\/","og_locale":"en_GB","og_type":"article","og_title":"Uni-Luft schnuppern bei der MainStudy | Aktuelles aus der Goethe-Universit\u00e4t Frankfurt","og_description":"Es ist wieder so weit: Tausende Abiturient*innen, Sch\u00fclerinnen und Sch\u00fclern der gymnasialen Oberstufen und der Fachoberschulen werden die Goethe-Universit\u00e4t zur \u201eMainStudy\u201c besuchen. Dabei erwartet die Besucher*innen ein vielf\u00e4ltiges Programm aus [&hellip;]","og_url":"https:\/\/aktuelles.uni-frankfurt.de\/en\/gesellschaft\/uni-luft-schnuppern-bei-der-mainstudy\/","og_site_name":"Aktuelles aus der Goethe-Universit\u00e4t Frankfurt","article_published_time":"2023-06-05T14:21:43+00:00","article_modified_time":"2023-06-07T09:43:32+00:00","og_image":[{"width":650,"height":450,"url":"https:\/\/aktuelles.uni-frankfurt.de\/wp-content\/uploads\/2021\/10\/beitragsbild_allgemein-goethe-uni-webmagazin.jpg","type":"image\/jpeg"}],"author":"-","twitter_card":"summary_large_image","twitter_misc":{"Written by":"-","Estimated reading time":"2 minutes"},"schema":{"@context":"https:\/\/schema.org","@graph":[{"@type":"Article","@id":"https:\/\/aktuelles.uni-frankfurt.de\/gesellschaft\/uni-luft-schnuppern-bei-der-mainstudy\/#article","isPartOf":{"@id":"https:\/\/aktuelles.uni-frankfurt.de\/gesellschaft\/uni-luft-schnuppern-bei-der-mainstudy\/"},"author":{"name":"-","@id":"https:\/\/aktuelles.uni-frankfurt.de\/#\/schema\/person\/8e55ea338fb65d1ce87a91565d1f1739"},"headline":"Uni-Luft schnuppern bei der MainStudy","datePublished":"2023-06-05T14:21:43+00:00","dateModified":"2023-06-07T09:43:32+00:00","mainEntityOfPage":{"@id":"https:\/\/aktuelles.uni-frankfurt.de\/gesellschaft\/uni-luft-schnuppern-bei-der-mainstudy\/"},"wordCount":347,"publisher":{"@id":"https:\/\/aktuelles.uni-frankfurt.de\/#organization"},"image":{"@id":"https:\/\/aktuelles.uni-frankfurt.de\/gesellschaft\/uni-luft-schnuppern-bei-der-mainstudy\/#primaryimage"},"thumbnailUrl":"https:\/\/aktuelles.uni-frankfurt.de\/wp-content\/uploads\/2021\/10\/beitragsbild_allgemein-goethe-uni-webmagazin.jpg","articleSection":["Gesellschaft"],"inLanguage":"en-GB"},{"@type":"WebPage","@id":"https:\/\/aktuelles.uni-frankfurt.de\/gesellschaft\/uni-luft-schnuppern-bei-der-mainstudy\/","url":"https:\/\/aktuelles.uni-frankfurt.de\/gesellschaft\/uni-luft-schnuppern-bei-der-mainstudy\/","name":"Uni-Luft schnuppern bei der MainStudy | Aktuelles aus der Goethe-Universit\u00e4t Frankfurt","isPartOf":{"@id":"https:\/\/aktuelles.uni-frankfurt.de\/#website"},"primaryImageOfPage":{"@id":"https:\/\/aktuelles.uni-frankfurt.de\/gesellschaft\/uni-luft-schnuppern-bei-der-mainstudy\/#primaryimage"},"image":{"@id":"https:\/\/aktuelles.uni-frankfurt.de\/gesellschaft\/uni-luft-schnuppern-bei-der-mainstudy\/#primaryimage"},"thumbnailUrl":"https:\/\/aktuelles.uni-frankfurt.de\/wp-content\/uploads\/2021\/10\/beitragsbild_allgemein-goethe-uni-webmagazin.jpg","datePublished":"2023-06-05T14:21:43+00:00","dateModified":"2023-06-07T09:43:32+00:00","breadcrumb":{"@id":"https:\/\/aktuelles.uni-frankfurt.de\/gesellschaft\/uni-luft-schnuppern-bei-der-mainstudy\/#breadcrumb"},"inLanguage":"en-GB","potentialAction":[{"@type":"ReadAction","target":["https:\/\/aktuelles.uni-frankfurt.de\/gesellschaft\/uni-luft-schnuppern-bei-der-mainstudy\/"]}]},{"@type":"ImageObject","inLanguage":"en-GB","@id":"https:\/\/aktuelles.uni-frankfurt.de\/gesellschaft\/uni-luft-schnuppern-bei-der-mainstudy\/#primaryimage","url":"https:\/\/aktuelles.uni-frankfurt.de\/wp-content\/uploads\/2021\/10\/beitragsbild_allgemein-goethe-uni-webmagazin.jpg","contentUrl":"https:\/\/aktuelles.uni-frankfurt.de\/wp-content\/uploads\/2021\/10\/beitragsbild_allgemein-goethe-uni-webmagazin.jpg","width":650,"height":450},{"@type":"BreadcrumbList","@id":"https:\/\/aktuelles.uni-frankfurt.de\/gesellschaft\/uni-luft-schnuppern-bei-der-mainstudy\/#breadcrumb","itemListElement":[{"@type":"ListItem","position":1,"name":"Startseite","item":"https:\/\/aktuelles.uni-frankfurt.de\/"},{"@type":"ListItem","position":2,"name":"Uni-Luft schnuppern bei der MainStudy"}]},{"@type":"WebSite","@id":"https:\/\/aktuelles.uni-frankfurt.de\/#website","url":"https:\/\/aktuelles.uni-frankfurt.de\/","name":"Aktuelles aus der Goethe-Universit\u00e4t Frankfurt","description":"Aktuelles aus der Goethe-Universit\u00e4t | Neues aus Forschung, Lehre, Studium","publisher":{"@id":"https:\/\/aktuelles.uni-frankfurt.de\/#organization"},"potentialAction":[{"@type":"SearchAction","target":{"@type":"EntryPoint","urlTemplate":"https:\/\/aktuelles.uni-frankfurt.de\/?s={search_term_string}"},"query-input":{"@type":"PropertyValueSpecification","valueRequired":true,"valueName":"search_term_string"}}],"inLanguage":"en-GB"},{"@type":"Organization","@id":"https:\/\/aktuelles.uni-frankfurt.de\/#organization","name":"Goethe University Frankfurt","url":"https:\/\/aktuelles.uni-frankfurt.de\/","logo":{"@type":"ImageObject","inLanguage":"en-GB","@id":"https:\/\/aktuelles.uni-frankfurt.de\/#\/schema\/logo\/image\/","url":"https:\/\/aktuelles.uni-frankfurt.de\/wp-content\/uploads\/2022\/03\/800px-Goethe-Logo.png","contentUrl":"https:\/\/aktuelles.uni-frankfurt.de\/wp-content\/uploads\/2022\/03\/800px-Goethe-Logo.png","width":800,"height":436,"caption":"Goethe-Universit\u00e4t"},"image":{"@id":"https:\/\/aktuelles.uni-frankfurt.de\/#\/schema\/logo\/image\/"}},{"@type":"Person","@id":"https:\/\/aktuelles.uni-frankfurt.de\/#\/schema\/person\/8e55ea338fb65d1ce87a91565d1f1739","name":"-","description":"Dieser Beitrag wurde von der Online-Redaktion ver\u00f6ffentlicht. Wenn der Beitrag von einem Gastautoren verfasst wurde, findet sich dieser Hinweis am Ende des jeweiligen Artikels.","sameAs":["http:\/\/aktuelles.uni-frankfurt.de\/autoren"],"url":"https:\/\/aktuelles.uni-frankfurt.de\/en\/author\/redaktion\/"}]}},"_links":{"self":[{"href":"https:\/\/aktuelles.uni-frankfurt.de\/en\/wp-json\/wp\/v2\/posts\/72045","targetHints":{"allow":["GET"]}}],"collection":[{"href":"https:\/\/aktuelles.uni-frankfurt.de\/en\/wp-json\/wp\/v2\/posts"}],"about":[{"href":"https:\/\/aktuelles.uni-frankfurt.de\/en\/wp-json\/wp\/v2\/types\/post"}],"author":[{"embeddable":true,"href":"https:\/\/aktuelles.uni-frankfurt.de\/en\/wp-json\/wp\/v2\/users\/8"}],"replies":[{"embeddable":true,"href":"https:\/\/aktuelles.uni-frankfurt.de\/en\/wp-json\/wp\/v2\/comments?post=72045"}],"version-history":[{"count":0,"href":"https:\/\/aktuelles.uni-frankfurt.de\/en\/wp-json\/wp\/v2\/posts\/72045\/revisions"}],"wp:featuredmedia":[{"embeddable":true,"href":"https:\/\/aktuelles.uni-frankfurt.de\/en\/wp-json\/wp\/v2\/media\/53025"}],"wp:attachment":[{"href":"https:\/\/aktuelles.uni-frankfurt.de\/en\/wp-json\/wp\/v2\/media?parent=72045"}],"wp:term":[{"taxonomy":"category","embeddable":true,"href":"https:\/\/aktuelles.uni-frankfurt.de\/en\/wp-json\/wp\/v2\/categories?post=72045"},{"taxonomy":"post_tag","embeddable":true,"href":"https:\/\/aktuelles.uni-frankfurt.de\/en\/wp-json\/wp\/v2\/tags?post=72045"},{"taxonomy":"post_folder","embeddable":true,"href":"https:\/\/aktuelles.uni-frankfurt.de\/en\/wp-json\/wp\/v2\/post_folder?post=72045"}],"curies":[{"name":"wp","href":"https:\/\/api.w.org\/{rel}","templated":true}]}}