{"id":72841,"date":"2023-06-30T10:19:18","date_gmt":"2023-06-30T08:19:18","guid":{"rendered":"https:\/\/aktuelles.uni-frankfurt.de\/?p=72841"},"modified":"2023-06-30T10:19:19","modified_gmt":"2023-06-30T08:19:19","slug":"wie-chemikalieneinsatz-und-der-verlust-der-artenvielfalt-zusammenhaengen","status":"publish","type":"post","link":"https:\/\/aktuelles.uni-frankfurt.de\/en\/forschung\/wie-chemikalieneinsatz-und-der-verlust-der-artenvielfalt-zusammenhaengen\/","title":{"rendered":"How the use of chemicals and the loss of biodiversity are linked"},"content":{"rendered":"<figure class=\"wp-block-image aligncenter size-full\"><a href=\"https:\/\/aktuelles.uni-frankfurt.de\/wp-content\/uploads\/2023\/06\/beitragsbild_umweltchemie_biodiversitaet_Agrochemikalien_c_MarkusBernards.jpg\"><img fetchpriority=\"high\" decoding=\"async\" width=\"650\" height=\"450\" src=\"https:\/\/aktuelles.uni-frankfurt.de\/wp-content\/uploads\/2023\/06\/beitragsbild_umweltchemie_biodiversitaet_Agrochemikalien_c_MarkusBernards.jpg\" alt=\"\" class=\"wp-image-72839\" srcset=\"https:\/\/aktuelles.uni-frankfurt.de\/wp-content\/uploads\/2023\/06\/beitragsbild_umweltchemie_biodiversitaet_Agrochemikalien_c_MarkusBernards.jpg 650w, https:\/\/aktuelles.uni-frankfurt.de\/wp-content\/uploads\/2023\/06\/beitragsbild_umweltchemie_biodiversitaet_Agrochemikalien_c_MarkusBernards-300x208.jpg 300w, https:\/\/aktuelles.uni-frankfurt.de\/wp-content\/uploads\/2023\/06\/beitragsbild_umweltchemie_biodiversitaet_Agrochemikalien_c_MarkusBernards-18x12.jpg 18w\" sizes=\"(max-width: 650px) 100vw, 650px\" \/><\/a><figcaption class=\"wp-element-caption\">Pestizide in der Landwirtschaft tragen zum Verlust der Biodiversit\u00e4t bei. Foto: Markus Bernards<\/figcaption><\/figure>\n\n\n\n<p><strong>Chemikalien in der Umwelt werden in der Wissenschaft nicht ausreichend als eine der Ursachen f\u00fcr den Schwund der Artenvielfalt in den Blick genommen. Dies zeigen 40 Wissenschaftlerinnen und Wissenschaftler des Forschungsnetzwerks RobustNature von Goethe-Universit\u00e4t und kooperierenden Instituten in einer Studie, die jetzt in der Zeitschrift \u201eNature Ecology and Evolution\u201c ver\u00f6ffentlicht worden ist. Die Forschenden sehen in einem interdisziplin\u00e4ren Ansatz eine neue Chance, den Verlust der Biodiversit\u00e4t besser zu verstehen, um effizienter Gegenma\u00dfnahmen ergreifen zu k\u00f6nnen. Dazu untersuchen sie die Wechselwirkungen zwischen chemischer Belastung und Biodiversit\u00e4tsverlust.<\/strong><\/p>\n\n\n\n<p>Der R\u00fcckgang der biologischen Vielfalt bedroht die Lebensgrundlagen der Menschheit. Die Wissenschaft macht eine ganze Reihe von Gr\u00fcnden f\u00fcr diesen R\u00fcckgang verantwortlich. W\u00e4hrend allerdings der Zusammenhang zwischen dem Artenschwund einerseits und andererseits dem Verlust von Lebensr\u00e4umen, dem Eindringen nicht-heimischer Arten oder dem Klimawandel intensiv erforscht wird, schenkt die Wissenschaft den Auswirkungen von Chemikalien auf die Biodiversit\u00e4t weniger Aufmerksamkeit. Das belegt ein Forscherteam um Prof. Henner Hollert, Dr. Francisco Sylvester und Fabian Weichert von der Goethe-Universit\u00e4t Frankfurt in einer aktuellen Studie.<\/p>\n\n\n\n<p>Das Team hat die wissenschaftliche Literatur der Jahre 1990 bis 2021 zum Thema umfassend analysiert. Demnach werden die sehr zahlreichen Forschungsarbeiten zur Umweltbelastung durch Chemikalien in einer nur geringen Anzahl hochspezialisierter \u00f6kotoxikologischer Fachzeitschriften ver\u00f6ffentlicht, in denen nur sehr selten Arbeiten \u00fcber den Verlust der Artenvielfalt zu finden sind. \u201eDas l\u00e4sst auf eine starke Abkapselung des Fachgebietes schlie\u00dfen und steht im starken Gegensatz zu dem Publikationsverhalten, wenn es um andere Ursachen des weltweiten Biodiversit\u00e4tsverlustes geht\u201c, sagt Henner Hollert. \u201eDie Forschung zur Umweltbelastung durch Chemikalien erfolgt bis heute meist losgel\u00f6st von der Bewertung des Verlusts der biologischen Vielfalt.\u201c<\/p>\n\n\n\n<p>Das Autorenteam fordert eine st\u00e4rkere interdisziplin\u00e4re Ausrichtung der Forschungsaktivit\u00e4ten, um die Auswirkungen von chemischen Stoffen auf die Biodiversit\u00e4t besser verstehen und mildern zu k\u00f6nnen. Hoffnungsvoll stimmt die Forschenden dabei, dass es in den letzten Jahren eine ganze Reihe von methodischen Fortschritten im Bereich der \u00d6kotoxikologie und \u00d6kologie gab. So lassen sich etwa in Umweltproben mit Hilfe moderner chemischer und effektbasierter Analytik sowie Big-Data-Wissenschaft Tausende von bekannten und unbekannten Substanzen gleichzeitig aufsp\u00fcren. Hinzu kommen unter anderem Technologien zur Umweltfern\u00fcberwachung etwa mit Satelliten, Computermodelle zur Vorhersage \u00f6kologischer Risiken von Chemikalien oder Methoden zur Bestimmung der Artenvielfalt mit Hilfe von Umwelt-DNA.<\/p>\n\n\n\n<p>Die Wissenschaftlerinnen und Wissenschaftler sehen allerdings auch Herausforderungen, die trotz interdisziplin\u00e4rem Ansatz erheblich sind. So fehlen h\u00e4ufig grundlegende Daten; jedes Untersuchungsgebiet hat spezifische Merkmale; die Prozesse auf der Skala eines \u00d6kosystems sind komplex. Um diesen Herausforderungen zu begegnen, geben die Forschenden 16 Empfehlungen. So schlagen sie beispielsweise vor, die Industrie zu verpflichten, relevante Daten \u00f6ffentlich zu machen. Oder sie regen an, \u00f6kologische Testmodelle zu entwickeln, die nicht nur einzelne Organismen, sondern auch Populationen, Gemeinschaften oder gar \u00d6kosysteme erfassen.<\/p>\n\n\n\n<p>Der <strong>Forschungsverbund RobustNature<\/strong> widmet sich dem Thema Robustheit und Resilienz von Natur-Gesellschaftssystemen im sich entwickelnden Anthropoz\u00e4n und speziell der Interaktion von chemischer Belastung und Biodiversit\u00e4tsverlust. Mit Partnern aus dem In- und Ausland hat RobustNature eine interdisziplin\u00e4re Zusammenarbeit entwickelt, um wichtige Fragestellungen zur Mensch-\u00d6kosystem-Dynamik anzugehen. <a href=\"https:\/\/www.robustnature.de\/de\/\" target=\"_blank\" rel=\"noreferrer noopener\">https:\/\/www.robustnature.de\/de\/<\/a><\/p>\n\n\n\n<p><strong>Partner:<\/strong><\/p>\n\n\n\n<ul class=\"wp-block-list\">\n<li>Goethe-Universit\u00e4t Frankfurt (Koordination; Fachbereich Biowissenschaften (15) mit den Fachbereichen Rechtswissenschaften (1), Wirtschaftswissenschaften (2), Gesellschaftswissenschaften (3), Erziehungswissenschaften (4), Geowissenschaften und Geographie (11), Informatik und Mathematik (12), Medizin (16) und dem Profilbereich Sustainability &amp; Biodiversity)<\/li>\n\n\n\n<li>Institut f\u00fcr Sozial\u00f6kologische Forschung (ISOE)<\/li>\n\n\n\n<li>Senckenberg Gesellschaft f\u00fcr Naturforschung (SGN)<\/li>\n\n\n\n<li>LOEWE-Zentrum f\u00fcr Translationale Biodiversit\u00e4tsgenomik (LOEWE TBG)<\/li>\n\n\n\n<li>Helmholtzzentrum f\u00fcr Umweltforschung, Leipzig (UFZ)<\/li>\n\n\n\n<li>Leibniz-Institut f\u00fcr Finanzmarktforschung SAFE, Frankfurt<\/li>\n\n\n\n<li>Fraunhofer-Institut f\u00fcr Molekularbiologie und Angewandte \u00d6kologe IME, Schmallenberg<\/li>\n\n\n\n<li>RWTH Aachen University<\/li>\n\n\n\n<li>University of Saskatchewan, Canada<\/li>\n\n\n\n<li>ETH Z\u00fcrich, Schweiz<\/li>\n\n\n\n<li>Stockholm University, Schweden<\/li>\n<\/ul>\n\n\n\n<div style=\"height:20px\" aria-hidden=\"true\" class=\"wp-block-spacer\"><\/div>\n\n\n\n<p class=\"has-background\" style=\"background-color:#eeeeee\"><strong>Publikation: <\/strong>Francisco Sylvester, Fabian G. Weichert, Ver\u00f3nica L. Lozano, Ksenia J. Groh, Mikl\u00f3s B\u00e1lint, Lisa Baumann, Claus B\u00e4ssler, Werner Brack, Barbara Brandl, Joachim Curtius, Paul Dierkes, Petra D\u00f6ll, Ingo Ebersberger, Sotirios Fragkostefanakis, Eric J. N. Helfrich, Thomas Hickler, Sarah Johann, Jonas Jourdan, Sven Klimpel, Helge Kminek, Florencia Liquin, Darrel M\u00f6llendorf, Thomas M\u00fcller, J\u00f6rg Oehlmann, Richard Ottermanns, Steffen U. Pauls, Meike Piepenbring, Jakob Pfefferle, Gerrit Jasper Schenk, J.F. Scheepens, Martin Scheringer, Sabrina Schiwy, Antje Schlottmann, Flurina Schneider, Lisa M. Schulte, Maria Schulze-Sylvester, Ernst Stelzer, Frederic Strobl, Andrea Sundermann, Klement Tockner, Tobias Tr\u00f6ger, Andreas Vilcinskas, Carolin V\u00f6lker, Ricarda Winkelmann, Henner Hollert:<strong> Better integration of chemical pollution research will further our understanding of biodiversity loss.<\/strong> Nature Ecology and Evolution (2023) <a href=\"http:\/\/dx.doi.org\/10.1038\/s41559-023-02117-6\" target=\"_blank\" rel=\"noreferrer noopener\">http:\/\/dx.doi.org\/10.1038\/s41559-023-02117-6<\/a> \u00a0<\/p>","protected":false},"excerpt":{"rendered":"<p>Chemikalien in der Umwelt werden in der Wissenschaft nicht ausreichend als eine der Ursachen f\u00fcr den Schwund der Artenvielfalt in den Blick genommen. Dies zeigen 40 Wissenschaftlerinnen und Wissenschaftler des [&hellip;]<\/p>\n","protected":false},"author":8,"featured_media":72839,"comment_status":"closed","ping_status":"closed","sticky":false,"template":"","format":"standard","meta":{"_eb_attr":"","_price":"","_stock":"","_tribe_ticket_header":"","_tribe_default_ticket_provider":"","_ticket_start_date":"","_ticket_end_date":"","_tribe_ticket_show_description":"","_tribe_ticket_show_not_going":false,"_tribe_ticket_use_global_stock":"","_tribe_ticket_global_stock_level":"","_global_stock_mode":"","_global_stock_cap":"","_tribe_rsvp_for_event":"","_tribe_ticket_going_count":"","_tribe_ticket_not_going_count":"","_tribe_tickets_list":"[]","_tribe_ticket_has_attendee_info_fields":false,"footnotes":""},"categories":[3,91],"tags":[35],"post_folder":[],"class_list":["post-72841","post","type-post","status-publish","format-standard","has-post-thumbnail","hentry","category-forschung","category-zticky","tag-biowissenschaften"],"yoast_head":"<!-- This site is optimized with the Yoast SEO plugin v27.5 - https:\/\/yoast.com\/product\/yoast-seo-wordpress\/ -->\n<title>Wie Chemikalieneinsatz und der Verlust der Artenvielfalt zusammenh\u00e4ngen | Aktuelles aus der Goethe-Universit\u00e4t Frankfurt<\/title>\n<meta name=\"robots\" content=\"index, follow, max-snippet:-1, max-image-preview:large, max-video-preview:-1\" \/>\n<link rel=\"canonical\" href=\"https:\/\/aktuelles.uni-frankfurt.de\/en\/forschung\/wie-chemikalieneinsatz-und-der-verlust-der-artenvielfalt-zusammenhaengen\/\" \/>\n<meta property=\"og:locale\" content=\"en_GB\" \/>\n<meta property=\"og:type\" content=\"article\" \/>\n<meta property=\"og:title\" content=\"Wie Chemikalieneinsatz und der Verlust der Artenvielfalt zusammenh\u00e4ngen | Aktuelles aus der Goethe-Universit\u00e4t Frankfurt\" \/>\n<meta property=\"og:description\" content=\"Chemikalien in der Umwelt werden in der Wissenschaft nicht ausreichend als eine der Ursachen f\u00fcr den Schwund der Artenvielfalt in den Blick genommen. Dies zeigen 40 Wissenschaftlerinnen und Wissenschaftler des [&hellip;]\" \/>\n<meta property=\"og:url\" content=\"https:\/\/aktuelles.uni-frankfurt.de\/en\/forschung\/wie-chemikalieneinsatz-und-der-verlust-der-artenvielfalt-zusammenhaengen\/\" \/>\n<meta property=\"og:site_name\" content=\"Aktuelles aus der Goethe-Universit\u00e4t Frankfurt\" \/>\n<meta property=\"article:published_time\" content=\"2023-06-30T08:19:18+00:00\" \/>\n<meta property=\"article:modified_time\" content=\"2023-06-30T08:19:19+00:00\" \/>\n<meta property=\"og:image\" content=\"https:\/\/aktuelles.uni-frankfurt.de\/wp-content\/uploads\/2023\/06\/beitragsbild_umweltchemie_biodiversitaet_Agrochemikalien_c_MarkusBernards.jpg\" \/>\n\t<meta property=\"og:image:width\" content=\"650\" \/>\n\t<meta property=\"og:image:height\" content=\"450\" \/>\n\t<meta property=\"og:image:type\" content=\"image\/jpeg\" \/>\n<meta name=\"author\" content=\"-\" \/>\n<meta name=\"twitter:card\" content=\"summary_large_image\" \/>\n<meta name=\"twitter:label1\" content=\"Written by\" \/>\n\t<meta name=\"twitter:data1\" content=\"-\" \/>\n\t<meta name=\"twitter:label2\" content=\"Estimated reading time\" \/>\n\t<meta name=\"twitter:data2\" content=\"4 minutes\" \/>\n<script type=\"application\/ld+json\" class=\"yoast-schema-graph\">{\"@context\":\"https:\\\/\\\/schema.org\",\"@graph\":[{\"@type\":\"Article\",\"@id\":\"https:\\\/\\\/aktuelles.uni-frankfurt.de\\\/forschung\\\/wie-chemikalieneinsatz-und-der-verlust-der-artenvielfalt-zusammenhaengen\\\/#article\",\"isPartOf\":{\"@id\":\"https:\\\/\\\/aktuelles.uni-frankfurt.de\\\/forschung\\\/wie-chemikalieneinsatz-und-der-verlust-der-artenvielfalt-zusammenhaengen\\\/\"},\"author\":{\"name\":\"-\",\"@id\":\"https:\\\/\\\/aktuelles.uni-frankfurt.de\\\/#\\\/schema\\\/person\\\/8e55ea338fb65d1ce87a91565d1f1739\"},\"headline\":\"Wie Chemikalieneinsatz und der Verlust der Artenvielfalt zusammenh\u00e4ngen\",\"datePublished\":\"2023-06-30T08:19:18+00:00\",\"dateModified\":\"2023-06-30T08:19:19+00:00\",\"mainEntityOfPage\":{\"@id\":\"https:\\\/\\\/aktuelles.uni-frankfurt.de\\\/forschung\\\/wie-chemikalieneinsatz-und-der-verlust-der-artenvielfalt-zusammenhaengen\\\/\"},\"wordCount\":757,\"publisher\":{\"@id\":\"https:\\\/\\\/aktuelles.uni-frankfurt.de\\\/#organization\"},\"image\":{\"@id\":\"https:\\\/\\\/aktuelles.uni-frankfurt.de\\\/forschung\\\/wie-chemikalieneinsatz-und-der-verlust-der-artenvielfalt-zusammenhaengen\\\/#primaryimage\"},\"thumbnailUrl\":\"https:\\\/\\\/aktuelles.uni-frankfurt.de\\\/wp-content\\\/uploads\\\/2023\\\/06\\\/beitragsbild_umweltchemie_biodiversitaet_Agrochemikalien_c_MarkusBernards.jpg\",\"keywords\":[\"Biowissenschaften\"],\"articleSection\":[\"Forschung\",\"Zticky\"],\"inLanguage\":\"en-GB\"},{\"@type\":\"WebPage\",\"@id\":\"https:\\\/\\\/aktuelles.uni-frankfurt.de\\\/forschung\\\/wie-chemikalieneinsatz-und-der-verlust-der-artenvielfalt-zusammenhaengen\\\/\",\"url\":\"https:\\\/\\\/aktuelles.uni-frankfurt.de\\\/forschung\\\/wie-chemikalieneinsatz-und-der-verlust-der-artenvielfalt-zusammenhaengen\\\/\",\"name\":\"Wie Chemikalieneinsatz und der Verlust der Artenvielfalt zusammenh\u00e4ngen | Aktuelles aus der Goethe-Universit\u00e4t Frankfurt\",\"isPartOf\":{\"@id\":\"https:\\\/\\\/aktuelles.uni-frankfurt.de\\\/#website\"},\"primaryImageOfPage\":{\"@id\":\"https:\\\/\\\/aktuelles.uni-frankfurt.de\\\/forschung\\\/wie-chemikalieneinsatz-und-der-verlust-der-artenvielfalt-zusammenhaengen\\\/#primaryimage\"},\"image\":{\"@id\":\"https:\\\/\\\/aktuelles.uni-frankfurt.de\\\/forschung\\\/wie-chemikalieneinsatz-und-der-verlust-der-artenvielfalt-zusammenhaengen\\\/#primaryimage\"},\"thumbnailUrl\":\"https:\\\/\\\/aktuelles.uni-frankfurt.de\\\/wp-content\\\/uploads\\\/2023\\\/06\\\/beitragsbild_umweltchemie_biodiversitaet_Agrochemikalien_c_MarkusBernards.jpg\",\"datePublished\":\"2023-06-30T08:19:18+00:00\",\"dateModified\":\"2023-06-30T08:19:19+00:00\",\"breadcrumb\":{\"@id\":\"https:\\\/\\\/aktuelles.uni-frankfurt.de\\\/forschung\\\/wie-chemikalieneinsatz-und-der-verlust-der-artenvielfalt-zusammenhaengen\\\/#breadcrumb\"},\"inLanguage\":\"en-GB\",\"potentialAction\":[{\"@type\":\"ReadAction\",\"target\":[\"https:\\\/\\\/aktuelles.uni-frankfurt.de\\\/forschung\\\/wie-chemikalieneinsatz-und-der-verlust-der-artenvielfalt-zusammenhaengen\\\/\"]}]},{\"@type\":\"ImageObject\",\"inLanguage\":\"en-GB\",\"@id\":\"https:\\\/\\\/aktuelles.uni-frankfurt.de\\\/forschung\\\/wie-chemikalieneinsatz-und-der-verlust-der-artenvielfalt-zusammenhaengen\\\/#primaryimage\",\"url\":\"https:\\\/\\\/aktuelles.uni-frankfurt.de\\\/wp-content\\\/uploads\\\/2023\\\/06\\\/beitragsbild_umweltchemie_biodiversitaet_Agrochemikalien_c_MarkusBernards.jpg\",\"contentUrl\":\"https:\\\/\\\/aktuelles.uni-frankfurt.de\\\/wp-content\\\/uploads\\\/2023\\\/06\\\/beitragsbild_umweltchemie_biodiversitaet_Agrochemikalien_c_MarkusBernards.jpg\",\"width\":650,\"height\":450,\"caption\":\"Pesticides used in agriculture contribute to biodiversity loss. Photo: Markus Bernards\"},{\"@type\":\"BreadcrumbList\",\"@id\":\"https:\\\/\\\/aktuelles.uni-frankfurt.de\\\/forschung\\\/wie-chemikalieneinsatz-und-der-verlust-der-artenvielfalt-zusammenhaengen\\\/#breadcrumb\",\"itemListElement\":[{\"@type\":\"ListItem\",\"position\":1,\"name\":\"Startseite\",\"item\":\"https:\\\/\\\/aktuelles.uni-frankfurt.de\\\/\"},{\"@type\":\"ListItem\",\"position\":2,\"name\":\"Wie Chemikalieneinsatz und der Verlust der Artenvielfalt zusammenh\u00e4ngen\"}]},{\"@type\":\"WebSite\",\"@id\":\"https:\\\/\\\/aktuelles.uni-frankfurt.de\\\/#website\",\"url\":\"https:\\\/\\\/aktuelles.uni-frankfurt.de\\\/\",\"name\":\"Aktuelles aus der Goethe-Universit\u00e4t Frankfurt\",\"description\":\"Aktuelles aus der Goethe-Universit\u00e4t | Neues aus Forschung, Lehre, Studium\",\"publisher\":{\"@id\":\"https:\\\/\\\/aktuelles.uni-frankfurt.de\\\/#organization\"},\"potentialAction\":[{\"@type\":\"SearchAction\",\"target\":{\"@type\":\"EntryPoint\",\"urlTemplate\":\"https:\\\/\\\/aktuelles.uni-frankfurt.de\\\/?s={search_term_string}\"},\"query-input\":{\"@type\":\"PropertyValueSpecification\",\"valueRequired\":true,\"valueName\":\"search_term_string\"}}],\"inLanguage\":\"en-GB\"},{\"@type\":\"Organization\",\"@id\":\"https:\\\/\\\/aktuelles.uni-frankfurt.de\\\/#organization\",\"name\":\"Goethe-Universit\u00e4t\",\"url\":\"https:\\\/\\\/aktuelles.uni-frankfurt.de\\\/\",\"logo\":{\"@type\":\"ImageObject\",\"inLanguage\":\"en-GB\",\"@id\":\"https:\\\/\\\/aktuelles.uni-frankfurt.de\\\/#\\\/schema\\\/logo\\\/image\\\/\",\"url\":\"https:\\\/\\\/aktuelles.uni-frankfurt.de\\\/wp-content\\\/uploads\\\/2022\\\/03\\\/800px-Goethe-Logo.png\",\"contentUrl\":\"https:\\\/\\\/aktuelles.uni-frankfurt.de\\\/wp-content\\\/uploads\\\/2022\\\/03\\\/800px-Goethe-Logo.png\",\"width\":800,\"height\":436,\"caption\":\"Goethe-Universit\u00e4t\"},\"image\":{\"@id\":\"https:\\\/\\\/aktuelles.uni-frankfurt.de\\\/#\\\/schema\\\/logo\\\/image\\\/\"}},{\"@type\":\"Person\",\"@id\":\"https:\\\/\\\/aktuelles.uni-frankfurt.de\\\/#\\\/schema\\\/person\\\/8e55ea338fb65d1ce87a91565d1f1739\",\"name\":\"-\",\"description\":\"Dieser Beitrag wurde von der Online-Redaktion ver\u00f6ffentlicht. Wenn der Beitrag von einem Gastautoren verfasst wurde, findet sich dieser Hinweis am Ende des jeweiligen Artikels.\",\"sameAs\":[\"http:\\\/\\\/aktuelles.uni-frankfurt.de\\\/autoren\"],\"url\":\"https:\\\/\\\/aktuelles.uni-frankfurt.de\\\/en\\\/author\\\/redaktion\\\/\"}]}<\/script>\n<!-- \/ Yoast SEO plugin. -->","yoast_head_json":{"title":"Wie Chemikalieneinsatz und der Verlust der Artenvielfalt zusammenh\u00e4ngen | Aktuelles aus der Goethe-Universit\u00e4t Frankfurt","robots":{"index":"index","follow":"follow","max-snippet":"max-snippet:-1","max-image-preview":"max-image-preview:large","max-video-preview":"max-video-preview:-1"},"canonical":"https:\/\/aktuelles.uni-frankfurt.de\/en\/forschung\/wie-chemikalieneinsatz-und-der-verlust-der-artenvielfalt-zusammenhaengen\/","og_locale":"en_GB","og_type":"article","og_title":"Wie Chemikalieneinsatz und der Verlust der Artenvielfalt zusammenh\u00e4ngen | Aktuelles aus der Goethe-Universit\u00e4t Frankfurt","og_description":"Chemikalien in der Umwelt werden in der Wissenschaft nicht ausreichend als eine der Ursachen f\u00fcr den Schwund der Artenvielfalt in den Blick genommen. Dies zeigen 40 Wissenschaftlerinnen und Wissenschaftler des [&hellip;]","og_url":"https:\/\/aktuelles.uni-frankfurt.de\/en\/forschung\/wie-chemikalieneinsatz-und-der-verlust-der-artenvielfalt-zusammenhaengen\/","og_site_name":"Aktuelles aus der Goethe-Universit\u00e4t Frankfurt","article_published_time":"2023-06-30T08:19:18+00:00","article_modified_time":"2023-06-30T08:19:19+00:00","og_image":[{"width":650,"height":450,"url":"https:\/\/aktuelles.uni-frankfurt.de\/wp-content\/uploads\/2023\/06\/beitragsbild_umweltchemie_biodiversitaet_Agrochemikalien_c_MarkusBernards.jpg","type":"image\/jpeg"}],"author":"-","twitter_card":"summary_large_image","twitter_misc":{"Written by":"-","Estimated reading time":"4 minutes"},"schema":{"@context":"https:\/\/schema.org","@graph":[{"@type":"Article","@id":"https:\/\/aktuelles.uni-frankfurt.de\/forschung\/wie-chemikalieneinsatz-und-der-verlust-der-artenvielfalt-zusammenhaengen\/#article","isPartOf":{"@id":"https:\/\/aktuelles.uni-frankfurt.de\/forschung\/wie-chemikalieneinsatz-und-der-verlust-der-artenvielfalt-zusammenhaengen\/"},"author":{"name":"-","@id":"https:\/\/aktuelles.uni-frankfurt.de\/#\/schema\/person\/8e55ea338fb65d1ce87a91565d1f1739"},"headline":"Wie Chemikalieneinsatz und der Verlust der Artenvielfalt zusammenh\u00e4ngen","datePublished":"2023-06-30T08:19:18+00:00","dateModified":"2023-06-30T08:19:19+00:00","mainEntityOfPage":{"@id":"https:\/\/aktuelles.uni-frankfurt.de\/forschung\/wie-chemikalieneinsatz-und-der-verlust-der-artenvielfalt-zusammenhaengen\/"},"wordCount":757,"publisher":{"@id":"https:\/\/aktuelles.uni-frankfurt.de\/#organization"},"image":{"@id":"https:\/\/aktuelles.uni-frankfurt.de\/forschung\/wie-chemikalieneinsatz-und-der-verlust-der-artenvielfalt-zusammenhaengen\/#primaryimage"},"thumbnailUrl":"https:\/\/aktuelles.uni-frankfurt.de\/wp-content\/uploads\/2023\/06\/beitragsbild_umweltchemie_biodiversitaet_Agrochemikalien_c_MarkusBernards.jpg","keywords":["Biowissenschaften"],"articleSection":["Forschung","Zticky"],"inLanguage":"en-GB"},{"@type":"WebPage","@id":"https:\/\/aktuelles.uni-frankfurt.de\/forschung\/wie-chemikalieneinsatz-und-der-verlust-der-artenvielfalt-zusammenhaengen\/","url":"https:\/\/aktuelles.uni-frankfurt.de\/forschung\/wie-chemikalieneinsatz-und-der-verlust-der-artenvielfalt-zusammenhaengen\/","name":"Wie Chemikalieneinsatz und der Verlust der Artenvielfalt zusammenh\u00e4ngen | Aktuelles aus der Goethe-Universit\u00e4t Frankfurt","isPartOf":{"@id":"https:\/\/aktuelles.uni-frankfurt.de\/#website"},"primaryImageOfPage":{"@id":"https:\/\/aktuelles.uni-frankfurt.de\/forschung\/wie-chemikalieneinsatz-und-der-verlust-der-artenvielfalt-zusammenhaengen\/#primaryimage"},"image":{"@id":"https:\/\/aktuelles.uni-frankfurt.de\/forschung\/wie-chemikalieneinsatz-und-der-verlust-der-artenvielfalt-zusammenhaengen\/#primaryimage"},"thumbnailUrl":"https:\/\/aktuelles.uni-frankfurt.de\/wp-content\/uploads\/2023\/06\/beitragsbild_umweltchemie_biodiversitaet_Agrochemikalien_c_MarkusBernards.jpg","datePublished":"2023-06-30T08:19:18+00:00","dateModified":"2023-06-30T08:19:19+00:00","breadcrumb":{"@id":"https:\/\/aktuelles.uni-frankfurt.de\/forschung\/wie-chemikalieneinsatz-und-der-verlust-der-artenvielfalt-zusammenhaengen\/#breadcrumb"},"inLanguage":"en-GB","potentialAction":[{"@type":"ReadAction","target":["https:\/\/aktuelles.uni-frankfurt.de\/forschung\/wie-chemikalieneinsatz-und-der-verlust-der-artenvielfalt-zusammenhaengen\/"]}]},{"@type":"ImageObject","inLanguage":"en-GB","@id":"https:\/\/aktuelles.uni-frankfurt.de\/forschung\/wie-chemikalieneinsatz-und-der-verlust-der-artenvielfalt-zusammenhaengen\/#primaryimage","url":"https:\/\/aktuelles.uni-frankfurt.de\/wp-content\/uploads\/2023\/06\/beitragsbild_umweltchemie_biodiversitaet_Agrochemikalien_c_MarkusBernards.jpg","contentUrl":"https:\/\/aktuelles.uni-frankfurt.de\/wp-content\/uploads\/2023\/06\/beitragsbild_umweltchemie_biodiversitaet_Agrochemikalien_c_MarkusBernards.jpg","width":650,"height":450,"caption":"Pesticides used in agriculture contribute to biodiversity loss. Photo: Markus Bernards"},{"@type":"BreadcrumbList","@id":"https:\/\/aktuelles.uni-frankfurt.de\/forschung\/wie-chemikalieneinsatz-und-der-verlust-der-artenvielfalt-zusammenhaengen\/#breadcrumb","itemListElement":[{"@type":"ListItem","position":1,"name":"Startseite","item":"https:\/\/aktuelles.uni-frankfurt.de\/"},{"@type":"ListItem","position":2,"name":"Wie Chemikalieneinsatz und der Verlust der Artenvielfalt zusammenh\u00e4ngen"}]},{"@type":"WebSite","@id":"https:\/\/aktuelles.uni-frankfurt.de\/#website","url":"https:\/\/aktuelles.uni-frankfurt.de\/","name":"Aktuelles aus der Goethe-Universit\u00e4t Frankfurt","description":"Aktuelles aus der Goethe-Universit\u00e4t | Neues aus Forschung, Lehre, Studium","publisher":{"@id":"https:\/\/aktuelles.uni-frankfurt.de\/#organization"},"potentialAction":[{"@type":"SearchAction","target":{"@type":"EntryPoint","urlTemplate":"https:\/\/aktuelles.uni-frankfurt.de\/?s={search_term_string}"},"query-input":{"@type":"PropertyValueSpecification","valueRequired":true,"valueName":"search_term_string"}}],"inLanguage":"en-GB"},{"@type":"Organization","@id":"https:\/\/aktuelles.uni-frankfurt.de\/#organization","name":"Goethe University Frankfurt","url":"https:\/\/aktuelles.uni-frankfurt.de\/","logo":{"@type":"ImageObject","inLanguage":"en-GB","@id":"https:\/\/aktuelles.uni-frankfurt.de\/#\/schema\/logo\/image\/","url":"https:\/\/aktuelles.uni-frankfurt.de\/wp-content\/uploads\/2022\/03\/800px-Goethe-Logo.png","contentUrl":"https:\/\/aktuelles.uni-frankfurt.de\/wp-content\/uploads\/2022\/03\/800px-Goethe-Logo.png","width":800,"height":436,"caption":"Goethe-Universit\u00e4t"},"image":{"@id":"https:\/\/aktuelles.uni-frankfurt.de\/#\/schema\/logo\/image\/"}},{"@type":"Person","@id":"https:\/\/aktuelles.uni-frankfurt.de\/#\/schema\/person\/8e55ea338fb65d1ce87a91565d1f1739","name":"-","description":"Dieser Beitrag wurde von der Online-Redaktion ver\u00f6ffentlicht. Wenn der Beitrag von einem Gastautoren verfasst wurde, findet sich dieser Hinweis am Ende des jeweiligen Artikels.","sameAs":["http:\/\/aktuelles.uni-frankfurt.de\/autoren"],"url":"https:\/\/aktuelles.uni-frankfurt.de\/en\/author\/redaktion\/"}]}},"_links":{"self":[{"href":"https:\/\/aktuelles.uni-frankfurt.de\/en\/wp-json\/wp\/v2\/posts\/72841","targetHints":{"allow":["GET"]}}],"collection":[{"href":"https:\/\/aktuelles.uni-frankfurt.de\/en\/wp-json\/wp\/v2\/posts"}],"about":[{"href":"https:\/\/aktuelles.uni-frankfurt.de\/en\/wp-json\/wp\/v2\/types\/post"}],"author":[{"embeddable":true,"href":"https:\/\/aktuelles.uni-frankfurt.de\/en\/wp-json\/wp\/v2\/users\/8"}],"replies":[{"embeddable":true,"href":"https:\/\/aktuelles.uni-frankfurt.de\/en\/wp-json\/wp\/v2\/comments?post=72841"}],"version-history":[{"count":0,"href":"https:\/\/aktuelles.uni-frankfurt.de\/en\/wp-json\/wp\/v2\/posts\/72841\/revisions"}],"wp:featuredmedia":[{"embeddable":true,"href":"https:\/\/aktuelles.uni-frankfurt.de\/en\/wp-json\/wp\/v2\/media\/72839"}],"wp:attachment":[{"href":"https:\/\/aktuelles.uni-frankfurt.de\/en\/wp-json\/wp\/v2\/media?parent=72841"}],"wp:term":[{"taxonomy":"category","embeddable":true,"href":"https:\/\/aktuelles.uni-frankfurt.de\/en\/wp-json\/wp\/v2\/categories?post=72841"},{"taxonomy":"post_tag","embeddable":true,"href":"https:\/\/aktuelles.uni-frankfurt.de\/en\/wp-json\/wp\/v2\/tags?post=72841"},{"taxonomy":"post_folder","embeddable":true,"href":"https:\/\/aktuelles.uni-frankfurt.de\/en\/wp-json\/wp\/v2\/post_folder?post=72841"}],"curies":[{"name":"wp","href":"https:\/\/api.w.org\/{rel}","templated":true}]}}