{"id":73480,"date":"2023-07-21T13:47:32","date_gmt":"2023-07-21T11:47:32","guid":{"rendered":"https:\/\/aktuelles.uni-frankfurt.de\/?p=73480"},"modified":"2023-07-21T13:47:33","modified_gmt":"2023-07-21T11:47:33","slug":"juedische-literatur-philosophie-und-musik-im-ns-deutschland","status":"publish","type":"post","link":"https:\/\/aktuelles.uni-frankfurt.de\/en\/forschung\/juedische-literatur-philosophie-und-musik-im-ns-deutschland\/","title":{"rendered":"Jewish literature, philosophy and music in Nazi Germany"},"content":{"rendered":"<h4 class=\"wp-block-heading\">\u201eGebrochene Traditionen?\u201c: \u00a0Hans-B\u00f6ckler-Stiftung f\u00f6rdert neues Promotionskolleg an Goethe-Uni, Universit\u00e4t Frankfurt (Oder) und Hochschule f\u00fcr Musik Weimar <\/h4>\n\n\n\n<figure class=\"wp-block-image aligncenter size-full\"><a href=\"https:\/\/aktuelles.uni-frankfurt.de\/wp-content\/uploads\/2021\/02\/beitrag_ChristianWiese_Foto_Uwe_Dettmar.jpg\"><img fetchpriority=\"high\" decoding=\"async\" width=\"650\" height=\"450\" src=\"https:\/\/aktuelles.uni-frankfurt.de\/wp-content\/uploads\/2021\/02\/beitrag_ChristianWiese_Foto_Uwe_Dettmar.jpg\" alt=\"\" class=\"wp-image-49043\" srcset=\"https:\/\/aktuelles.uni-frankfurt.de\/wp-content\/uploads\/2021\/02\/beitrag_ChristianWiese_Foto_Uwe_Dettmar.jpg 650w, https:\/\/aktuelles.uni-frankfurt.de\/wp-content\/uploads\/2021\/02\/beitrag_ChristianWiese_Foto_Uwe_Dettmar-300x208.jpg 300w\" sizes=\"(max-width: 650px) 100vw, 650px\" \/><\/a><figcaption class=\"wp-element-caption\">Prof. Dr. Christian Wiese\nMartin-Buber-Professur f\u00fcr Religionsgeschichte<\/figcaption><\/figure>\n\n\n\n<p><strong>Die intellektuellen und k\u00fcnstlerischen Aktivit\u00e4ten von J\u00fcdinnen und Juden im nationalsozialistischen Deutschland stehen im Mittelpunkt eines neuen gemeinsamen Promotionskollegs von Goethe-Universit\u00e4t Frankfurt am Main, Europa-Universit\u00e4t Viadrina Frankfurt (Oder) und Hochschule f\u00fcr Musik Franz Liszt in Weimar.<\/strong><\/p>\n\n\n\n<p>Mit rund 900.000 Euro f\u00f6rdert die Hans-B\u00f6ckler-Stiftung das interdisziplin\u00e4re Promotionskolleg \u201eGebrochene Traditionen? J\u00fcdische Literatur, Philosophie und Musik im NS-Deutschland\u201c, das gemeinsam von der Europa-Universit\u00e4t Viadrina Frankfurt (Oder), der Goethe-Universit\u00e4t in Frankfurt (Main) und der Hochschule f\u00fcr Musik Franz Liszt in Weimar eingeworben wurde. Die F\u00f6rderung wurde zun\u00e4chst auf 4,5 Jahre zugesagt.<\/p>\n\n\n\n<p>Vom Sommersemester 2024 an werden sich neun Promovierende an allen drei Hochschulen wissenschaftlich mit den intellektuellen und k\u00fcnstlerischen Aktivit\u00e4ten von J\u00fcdinnen und Juden besch\u00e4ftigen, die innerhalb NS-Deutschlands vermittelt, offen artikuliert oder illegal verbreitet auf die soziale Entrechtung, Ausgrenzung und schlie\u00dflich Ermordung gro\u00dfer Teile des europ\u00e4ischen Judentums reagierten.<\/p>\n\n\n\n<p>Die Promotionen erfolgen bei Prof. Kerstin Schoor (Deutsch-j\u00fcdische Literatur- und Kulturgeschichte, Exil und Migration, Europa-Universit\u00e4t Viadrina Frankfurt (Oder)), Prof. Christian Wiese (Martin-Buber-Professur f\u00fcr J\u00fcdische Religionsphilosophie, Goethe-Universit\u00e4t Frankfurt\/Main) und Prof. Jascha Nemtsov (Geschichte der j\u00fcdischen Musik, Hochschule f\u00fcr Musik Franz Liszt Weimar). Das Kolleg wird seinen Sitz am Selma Stern Zentrum f\u00fcr J\u00fcdische Studien Ber-lin-Brandenburg haben.<\/p>\n\n\n\n<p>Als Kooperationspartner konnten das International Institute for Holocaust Research der Erinnerungsst\u00e4tte Yad Vashem, das Franz Rosenzweig Minerva Research Center der Hebrew University of Jerusalem, das Leo Baeck Institute Jerusalem sowie das Music Department des Dr. Hecht Arts Center der University of Haifa gewonnen wer-den.<\/p>\n\n\n\n<p>Die Ausschreibung der Stipendien erfolgt Ende August 2023. Interessierte sind gebeten, im Laufe des Septembers 2023, m\u00f6glichst bis zum 15. mit dem\/der gew\u00fcnschten Erstbetreuer\/in Kontakt aufzunehmen. Die Bewerbung auf ein Stipendium erfolgt in R\u00fccksprache zum 2. November 2023 bei der Hans-B\u00f6ckler-Stiftung.<\/p>\n\n\n\n<p><strong>Stimmen zum Kolleg:<\/strong><\/p>\n\n\n\n<p>\u201eIch freue mich sehr, dass durch diese F\u00f6rderung der Hans-B\u00f6ckler-Stiftung ein spezifischer thematischer Schwerpunkt der beteiligten Lehrst\u00fchle und Institutionen in einem interdisziplin\u00e4ren Verbundprojekt vertieft und an eine neue Generation von Wissenschaftlerinnen und Wissenschaftlern weitergegeben werden kann.\u201c, so Prof. Dr. Kerstin Schoor, Kolleg-Sprecherin und Inhaberin des Lehrstuhls f\u00fcr Deutsch-j\u00fcdische Literatur- und Kulturgeschichte, Exil und Migration an der Europa-Universit\u00e4t Viadrina Frankfurt (Oder).\u201c<\/p>\n\n\n\n<p>\u201eDas Themenfeld des Kollegs aus der Perspektive der drei beteiligten Disziplinen zu erkunden, verspricht nicht nur Einblicke in die Vergangenheit, sondern auch fundierte Diskussionen \u00fcber dr\u00e4ngende Herausforderungen unserer Zeit \u2013 dem sehe ich mit Freude entgegen\u201c, so Prof. Dr. Christian Wiese, Direktor des Frankfurter Buber-Rosenzweig-Instituts in Frankfurt Main.<\/p>\n\n\n\n<p>Prof. Dr. Jascha Nemtsov (Weimar) begr\u00fc\u00dft in diesem Sinne in dem Kolleg auch \u201eeine gro\u00dfartige M\u00f6glichkeit, das Schaffen j\u00fcdischer Komponistinnen und Komponisten im NS-Deutschland zu erforschen und ihre Werke dem heutigen Musikleben zur\u00fcckzugeben.\u201c<\/p>\n\n\n\n<p>Die Hans-B\u00f6ckler-Stiftung \u201efreut sich, in ihrem neuen Promotionskolleg (PK057) neun Dissertationen zur j\u00fcdischen Literatur, Philosophie und Musik im NS-Deutschland in einem interdisziplin\u00e4ren Forschungszusammenhang f\u00f6rdern zu k\u00f6nnen.\u201c Sie unterst\u00fctzt das Kolleg in der ersten F\u00f6rderphase mit einer institutionellen und individuellen F\u00f6rderung mit rund 900.000 Euro.<\/p>\n\n\n\n<p><strong>Zum Hintergrund:<\/strong><\/p>\n\n\n\n<p>Forciert durch die politische Zensur und einen bereits 1933 massiv einsetzenden Prozess der Ausgrenzung und Verfolgung von J\u00fcdinnen und Juden im NS-Deutschland, waren die damaligen Entwicklungen in Literatur, Philosophie und Musik st\u00e4rker als in anderen Zeiten gepr\u00e4gt durch eine (kritische) Reflexion \u00fcberkommener k\u00fcnstlerisch-\u00e4sthetischer, kultureller und religi\u00f6ser Traditionen. F\u00fcr Intellektuelle, Schriftstellerinnen und Schriftsteller, Musikerinnen und Musiker j\u00fcdischer Herkunft wurde das Verh\u00e4ltnis zu Traditionen deutscher, j\u00fcdischer und europ\u00e4ischer Kulturen zur \u201eGretchenfrage\u201c intellektueller und k\u00fcnstlerisch-\u00e4sthetischer Positionsbildungen.<\/p>\n\n\n\n<p>Ziel des Kollegs ist es, die Kenntnisse zum j\u00fcdischen kulturellen Leben in einem seit 1933 zunehmend separierten j\u00fcdischen Kulturkreis innerhalb NS-Deutschlands in der Literaturwissenschaft, der Philosophie und Religionswissenschaft sowie der Musikwissenschaft zu erweitern. Gerahmt von der gemeinsamen Forschungsfrage nach Gebrochenen Traditionen werden hierf\u00fcr intellektuelle, literarische und k\u00fcnstlerisch-\u00e4sthetische Traditionsbez\u00fcge im kulturellen Leben deutscher Juden der 1930er und fr\u00fchen 1940er Jahre im NS-Deutschland einer kritischen Re-Lekt\u00fcre unterzogen.<\/p>\n\n\n\n<p>Das Kolleg reagiert dabei auf einen Forschungsstand, der \u2013 im Unterschied zur Geschichtswissenschaft \u2013 noch immer durch eine weitgehende Abwesenheit der Darstellung charakteristischer Entwicklungen von Literatur, Philosophie und Musik von Intellektuellen und K\u00fcnstlern j\u00fcdischer Herkunft im NS-Deutschland, durch das weitgehende Fehlen einer Reflexion \u00fcber die Gr\u00fcnde der verz\u00f6gerten Rezeptionsgeschichte dieser intellektuellen und k\u00fcnstlerischen Aktivit\u00e4ten seit den Nachkriegsjahren bis in die 1990er Jahre sowie \u2013 in disziplin\u00e4r unterschiedlicher Weise \u2013 durch eine desolate Quellenlage gekennzeichnet war und dies zum Teil bis heute ist. Es reiht sich ein in die internationalen Bem\u00fchungen der NS- und Holocaust-Forschung, im Rahmen derer es zudem in seiner spezifischen disziplin\u00e4ren Zusammensetzung wie inhaltlichen Ausrichtung einen origin\u00e4ren Anspruch erhebt.<\/p>","protected":false},"excerpt":{"rendered":"<p>\u201eGebrochene Traditionen?\u201c: \u00a0Hans-B\u00f6ckler-Stiftung f\u00f6rdert neues Promotionskolleg an Goethe-Uni, Universit\u00e4t Frankfurt (Oder) und Hochschule f\u00fcr Musik Weimar Die intellektuellen und k\u00fcnstlerischen Aktivit\u00e4ten von J\u00fcdinnen und Juden im nationalsozialistischen Deutschland stehen im [&hellip;]<\/p>\n","protected":false},"author":8,"featured_media":49043,"comment_status":"closed","ping_status":"closed","sticky":false,"template":"","format":"standard","meta":{"_eb_attr":"","_price":"","_stock":"","_tribe_ticket_header":"","_tribe_default_ticket_provider":"","_ticket_start_date":"","_ticket_end_date":"","_tribe_ticket_show_description":"","_tribe_ticket_show_not_going":false,"_tribe_ticket_use_global_stock":"","_tribe_ticket_global_stock_level":"","_global_stock_mode":"","_global_stock_cap":"","_tribe_rsvp_for_event":"","_tribe_ticket_going_count":"","_tribe_ticket_not_going_count":"","_tribe_tickets_list":"[]","_tribe_ticket_has_attendee_info_fields":false,"footnotes":""},"categories":[3],"tags":[94],"post_folder":[],"class_list":["post-73480","post","type-post","status-publish","format-standard","has-post-thumbnail","hentry","category-forschung","tag-evangelische-theologie"],"yoast_head":"<!-- This site is optimized with the Yoast SEO plugin v27.5 - https:\/\/yoast.com\/product\/yoast-seo-wordpress\/ -->\n<title>J\u00fcdische Literatur, Philosophie und Musik im NS-Deutschland | Aktuelles aus der Goethe-Universit\u00e4t Frankfurt<\/title>\n<meta name=\"robots\" content=\"index, follow, max-snippet:-1, max-image-preview:large, max-video-preview:-1\" \/>\n<link rel=\"canonical\" href=\"https:\/\/aktuelles.uni-frankfurt.de\/en\/forschung\/juedische-literatur-philosophie-und-musik-im-ns-deutschland\/\" \/>\n<meta property=\"og:locale\" content=\"en_GB\" \/>\n<meta property=\"og:type\" content=\"article\" \/>\n<meta property=\"og:title\" content=\"J\u00fcdische Literatur, Philosophie und Musik im NS-Deutschland | Aktuelles aus der Goethe-Universit\u00e4t Frankfurt\" \/>\n<meta property=\"og:description\" content=\"\u201eGebrochene Traditionen?\u201c: \u00a0Hans-B\u00f6ckler-Stiftung f\u00f6rdert neues Promotionskolleg an Goethe-Uni, Universit\u00e4t Frankfurt (Oder) und Hochschule f\u00fcr Musik Weimar Die intellektuellen und k\u00fcnstlerischen Aktivit\u00e4ten von J\u00fcdinnen und Juden im nationalsozialistischen Deutschland stehen im [&hellip;]\" \/>\n<meta property=\"og:url\" content=\"https:\/\/aktuelles.uni-frankfurt.de\/en\/forschung\/juedische-literatur-philosophie-und-musik-im-ns-deutschland\/\" \/>\n<meta property=\"og:site_name\" content=\"Aktuelles aus der Goethe-Universit\u00e4t Frankfurt\" \/>\n<meta property=\"article:published_time\" content=\"2023-07-21T11:47:32+00:00\" \/>\n<meta property=\"article:modified_time\" content=\"2023-07-21T11:47:33+00:00\" \/>\n<meta property=\"og:image\" content=\"https:\/\/aktuelles.uni-frankfurt.de\/wp-content\/uploads\/2021\/02\/beitrag_ChristianWiese_Foto_Uwe_Dettmar.jpg\" \/>\n\t<meta property=\"og:image:width\" content=\"650\" \/>\n\t<meta property=\"og:image:height\" content=\"450\" \/>\n\t<meta property=\"og:image:type\" content=\"image\/jpeg\" \/>\n<meta name=\"author\" content=\"-\" \/>\n<meta name=\"twitter:card\" content=\"summary_large_image\" \/>\n<meta name=\"twitter:label1\" content=\"Written by\" \/>\n\t<meta name=\"twitter:data1\" content=\"-\" \/>\n\t<meta name=\"twitter:label2\" content=\"Estimated reading time\" \/>\n\t<meta name=\"twitter:data2\" content=\"4 minutes\" \/>\n<script type=\"application\/ld+json\" class=\"yoast-schema-graph\">{\"@context\":\"https:\\\/\\\/schema.org\",\"@graph\":[{\"@type\":\"Article\",\"@id\":\"https:\\\/\\\/aktuelles.uni-frankfurt.de\\\/forschung\\\/juedische-literatur-philosophie-und-musik-im-ns-deutschland\\\/#article\",\"isPartOf\":{\"@id\":\"https:\\\/\\\/aktuelles.uni-frankfurt.de\\\/forschung\\\/juedische-literatur-philosophie-und-musik-im-ns-deutschland\\\/\"},\"author\":{\"name\":\"-\",\"@id\":\"https:\\\/\\\/aktuelles.uni-frankfurt.de\\\/#\\\/schema\\\/person\\\/8e55ea338fb65d1ce87a91565d1f1739\"},\"headline\":\"J\u00fcdische Literatur, Philosophie und Musik im NS-Deutschland\",\"datePublished\":\"2023-07-21T11:47:32+00:00\",\"dateModified\":\"2023-07-21T11:47:33+00:00\",\"mainEntityOfPage\":{\"@id\":\"https:\\\/\\\/aktuelles.uni-frankfurt.de\\\/forschung\\\/juedische-literatur-philosophie-und-musik-im-ns-deutschland\\\/\"},\"wordCount\":824,\"publisher\":{\"@id\":\"https:\\\/\\\/aktuelles.uni-frankfurt.de\\\/#organization\"},\"image\":{\"@id\":\"https:\\\/\\\/aktuelles.uni-frankfurt.de\\\/forschung\\\/juedische-literatur-philosophie-und-musik-im-ns-deutschland\\\/#primaryimage\"},\"thumbnailUrl\":\"https:\\\/\\\/aktuelles.uni-frankfurt.de\\\/wp-content\\\/uploads\\\/2021\\\/02\\\/beitrag_ChristianWiese_Foto_Uwe_Dettmar.jpg\",\"keywords\":[\"Evangelische Theologie\"],\"articleSection\":[\"Forschung\"],\"inLanguage\":\"en-GB\"},{\"@type\":\"WebPage\",\"@id\":\"https:\\\/\\\/aktuelles.uni-frankfurt.de\\\/forschung\\\/juedische-literatur-philosophie-und-musik-im-ns-deutschland\\\/\",\"url\":\"https:\\\/\\\/aktuelles.uni-frankfurt.de\\\/forschung\\\/juedische-literatur-philosophie-und-musik-im-ns-deutschland\\\/\",\"name\":\"J\u00fcdische Literatur, Philosophie und Musik im NS-Deutschland | Aktuelles aus der Goethe-Universit\u00e4t Frankfurt\",\"isPartOf\":{\"@id\":\"https:\\\/\\\/aktuelles.uni-frankfurt.de\\\/#website\"},\"primaryImageOfPage\":{\"@id\":\"https:\\\/\\\/aktuelles.uni-frankfurt.de\\\/forschung\\\/juedische-literatur-philosophie-und-musik-im-ns-deutschland\\\/#primaryimage\"},\"image\":{\"@id\":\"https:\\\/\\\/aktuelles.uni-frankfurt.de\\\/forschung\\\/juedische-literatur-philosophie-und-musik-im-ns-deutschland\\\/#primaryimage\"},\"thumbnailUrl\":\"https:\\\/\\\/aktuelles.uni-frankfurt.de\\\/wp-content\\\/uploads\\\/2021\\\/02\\\/beitrag_ChristianWiese_Foto_Uwe_Dettmar.jpg\",\"datePublished\":\"2023-07-21T11:47:32+00:00\",\"dateModified\":\"2023-07-21T11:47:33+00:00\",\"breadcrumb\":{\"@id\":\"https:\\\/\\\/aktuelles.uni-frankfurt.de\\\/forschung\\\/juedische-literatur-philosophie-und-musik-im-ns-deutschland\\\/#breadcrumb\"},\"inLanguage\":\"en-GB\",\"potentialAction\":[{\"@type\":\"ReadAction\",\"target\":[\"https:\\\/\\\/aktuelles.uni-frankfurt.de\\\/forschung\\\/juedische-literatur-philosophie-und-musik-im-ns-deutschland\\\/\"]}]},{\"@type\":\"ImageObject\",\"inLanguage\":\"en-GB\",\"@id\":\"https:\\\/\\\/aktuelles.uni-frankfurt.de\\\/forschung\\\/juedische-literatur-philosophie-und-musik-im-ns-deutschland\\\/#primaryimage\",\"url\":\"https:\\\/\\\/aktuelles.uni-frankfurt.de\\\/wp-content\\\/uploads\\\/2021\\\/02\\\/beitrag_ChristianWiese_Foto_Uwe_Dettmar.jpg\",\"contentUrl\":\"https:\\\/\\\/aktuelles.uni-frankfurt.de\\\/wp-content\\\/uploads\\\/2021\\\/02\\\/beitrag_ChristianWiese_Foto_Uwe_Dettmar.jpg\",\"width\":650,\"height\":450,\"caption\":\"Prof. Dr. Christian Wiese Martin-Buber-Professur f\u00fcr Religionsgeschichte\"},{\"@type\":\"BreadcrumbList\",\"@id\":\"https:\\\/\\\/aktuelles.uni-frankfurt.de\\\/forschung\\\/juedische-literatur-philosophie-und-musik-im-ns-deutschland\\\/#breadcrumb\",\"itemListElement\":[{\"@type\":\"ListItem\",\"position\":1,\"name\":\"Startseite\",\"item\":\"https:\\\/\\\/aktuelles.uni-frankfurt.de\\\/\"},{\"@type\":\"ListItem\",\"position\":2,\"name\":\"J\u00fcdische Literatur, Philosophie und Musik im NS-Deutschland\"}]},{\"@type\":\"WebSite\",\"@id\":\"https:\\\/\\\/aktuelles.uni-frankfurt.de\\\/#website\",\"url\":\"https:\\\/\\\/aktuelles.uni-frankfurt.de\\\/\",\"name\":\"Aktuelles aus der Goethe-Universit\u00e4t Frankfurt\",\"description\":\"Aktuelles aus der Goethe-Universit\u00e4t | Neues aus Forschung, Lehre, Studium\",\"publisher\":{\"@id\":\"https:\\\/\\\/aktuelles.uni-frankfurt.de\\\/#organization\"},\"potentialAction\":[{\"@type\":\"SearchAction\",\"target\":{\"@type\":\"EntryPoint\",\"urlTemplate\":\"https:\\\/\\\/aktuelles.uni-frankfurt.de\\\/?s={search_term_string}\"},\"query-input\":{\"@type\":\"PropertyValueSpecification\",\"valueRequired\":true,\"valueName\":\"search_term_string\"}}],\"inLanguage\":\"en-GB\"},{\"@type\":\"Organization\",\"@id\":\"https:\\\/\\\/aktuelles.uni-frankfurt.de\\\/#organization\",\"name\":\"Goethe-Universit\u00e4t\",\"url\":\"https:\\\/\\\/aktuelles.uni-frankfurt.de\\\/\",\"logo\":{\"@type\":\"ImageObject\",\"inLanguage\":\"en-GB\",\"@id\":\"https:\\\/\\\/aktuelles.uni-frankfurt.de\\\/#\\\/schema\\\/logo\\\/image\\\/\",\"url\":\"https:\\\/\\\/aktuelles.uni-frankfurt.de\\\/wp-content\\\/uploads\\\/2022\\\/03\\\/800px-Goethe-Logo.png\",\"contentUrl\":\"https:\\\/\\\/aktuelles.uni-frankfurt.de\\\/wp-content\\\/uploads\\\/2022\\\/03\\\/800px-Goethe-Logo.png\",\"width\":800,\"height\":436,\"caption\":\"Goethe-Universit\u00e4t\"},\"image\":{\"@id\":\"https:\\\/\\\/aktuelles.uni-frankfurt.de\\\/#\\\/schema\\\/logo\\\/image\\\/\"}},{\"@type\":\"Person\",\"@id\":\"https:\\\/\\\/aktuelles.uni-frankfurt.de\\\/#\\\/schema\\\/person\\\/8e55ea338fb65d1ce87a91565d1f1739\",\"name\":\"-\",\"description\":\"Dieser Beitrag wurde von der Online-Redaktion ver\u00f6ffentlicht. Wenn der Beitrag von einem Gastautoren verfasst wurde, findet sich dieser Hinweis am Ende des jeweiligen Artikels.\",\"sameAs\":[\"http:\\\/\\\/aktuelles.uni-frankfurt.de\\\/autoren\"],\"url\":\"https:\\\/\\\/aktuelles.uni-frankfurt.de\\\/en\\\/author\\\/redaktion\\\/\"}]}<\/script>\n<!-- \/ Yoast SEO plugin. -->","yoast_head_json":{"title":"J\u00fcdische Literatur, Philosophie und Musik im NS-Deutschland | Aktuelles aus der Goethe-Universit\u00e4t Frankfurt","robots":{"index":"index","follow":"follow","max-snippet":"max-snippet:-1","max-image-preview":"max-image-preview:large","max-video-preview":"max-video-preview:-1"},"canonical":"https:\/\/aktuelles.uni-frankfurt.de\/en\/forschung\/juedische-literatur-philosophie-und-musik-im-ns-deutschland\/","og_locale":"en_GB","og_type":"article","og_title":"J\u00fcdische Literatur, Philosophie und Musik im NS-Deutschland | Aktuelles aus der Goethe-Universit\u00e4t Frankfurt","og_description":"\u201eGebrochene Traditionen?\u201c: \u00a0Hans-B\u00f6ckler-Stiftung f\u00f6rdert neues Promotionskolleg an Goethe-Uni, Universit\u00e4t Frankfurt (Oder) und Hochschule f\u00fcr Musik Weimar Die intellektuellen und k\u00fcnstlerischen Aktivit\u00e4ten von J\u00fcdinnen und Juden im nationalsozialistischen Deutschland stehen im [&hellip;]","og_url":"https:\/\/aktuelles.uni-frankfurt.de\/en\/forschung\/juedische-literatur-philosophie-und-musik-im-ns-deutschland\/","og_site_name":"Aktuelles aus der Goethe-Universit\u00e4t Frankfurt","article_published_time":"2023-07-21T11:47:32+00:00","article_modified_time":"2023-07-21T11:47:33+00:00","og_image":[{"width":650,"height":450,"url":"https:\/\/aktuelles.uni-frankfurt.de\/wp-content\/uploads\/2021\/02\/beitrag_ChristianWiese_Foto_Uwe_Dettmar.jpg","type":"image\/jpeg"}],"author":"-","twitter_card":"summary_large_image","twitter_misc":{"Written by":"-","Estimated reading time":"4 minutes"},"schema":{"@context":"https:\/\/schema.org","@graph":[{"@type":"Article","@id":"https:\/\/aktuelles.uni-frankfurt.de\/forschung\/juedische-literatur-philosophie-und-musik-im-ns-deutschland\/#article","isPartOf":{"@id":"https:\/\/aktuelles.uni-frankfurt.de\/forschung\/juedische-literatur-philosophie-und-musik-im-ns-deutschland\/"},"author":{"name":"-","@id":"https:\/\/aktuelles.uni-frankfurt.de\/#\/schema\/person\/8e55ea338fb65d1ce87a91565d1f1739"},"headline":"J\u00fcdische Literatur, Philosophie und Musik im NS-Deutschland","datePublished":"2023-07-21T11:47:32+00:00","dateModified":"2023-07-21T11:47:33+00:00","mainEntityOfPage":{"@id":"https:\/\/aktuelles.uni-frankfurt.de\/forschung\/juedische-literatur-philosophie-und-musik-im-ns-deutschland\/"},"wordCount":824,"publisher":{"@id":"https:\/\/aktuelles.uni-frankfurt.de\/#organization"},"image":{"@id":"https:\/\/aktuelles.uni-frankfurt.de\/forschung\/juedische-literatur-philosophie-und-musik-im-ns-deutschland\/#primaryimage"},"thumbnailUrl":"https:\/\/aktuelles.uni-frankfurt.de\/wp-content\/uploads\/2021\/02\/beitrag_ChristianWiese_Foto_Uwe_Dettmar.jpg","keywords":["Evangelische Theologie"],"articleSection":["Forschung"],"inLanguage":"en-GB"},{"@type":"WebPage","@id":"https:\/\/aktuelles.uni-frankfurt.de\/forschung\/juedische-literatur-philosophie-und-musik-im-ns-deutschland\/","url":"https:\/\/aktuelles.uni-frankfurt.de\/forschung\/juedische-literatur-philosophie-und-musik-im-ns-deutschland\/","name":"J\u00fcdische Literatur, Philosophie und Musik im NS-Deutschland | Aktuelles aus der Goethe-Universit\u00e4t Frankfurt","isPartOf":{"@id":"https:\/\/aktuelles.uni-frankfurt.de\/#website"},"primaryImageOfPage":{"@id":"https:\/\/aktuelles.uni-frankfurt.de\/forschung\/juedische-literatur-philosophie-und-musik-im-ns-deutschland\/#primaryimage"},"image":{"@id":"https:\/\/aktuelles.uni-frankfurt.de\/forschung\/juedische-literatur-philosophie-und-musik-im-ns-deutschland\/#primaryimage"},"thumbnailUrl":"https:\/\/aktuelles.uni-frankfurt.de\/wp-content\/uploads\/2021\/02\/beitrag_ChristianWiese_Foto_Uwe_Dettmar.jpg","datePublished":"2023-07-21T11:47:32+00:00","dateModified":"2023-07-21T11:47:33+00:00","breadcrumb":{"@id":"https:\/\/aktuelles.uni-frankfurt.de\/forschung\/juedische-literatur-philosophie-und-musik-im-ns-deutschland\/#breadcrumb"},"inLanguage":"en-GB","potentialAction":[{"@type":"ReadAction","target":["https:\/\/aktuelles.uni-frankfurt.de\/forschung\/juedische-literatur-philosophie-und-musik-im-ns-deutschland\/"]}]},{"@type":"ImageObject","inLanguage":"en-GB","@id":"https:\/\/aktuelles.uni-frankfurt.de\/forschung\/juedische-literatur-philosophie-und-musik-im-ns-deutschland\/#primaryimage","url":"https:\/\/aktuelles.uni-frankfurt.de\/wp-content\/uploads\/2021\/02\/beitrag_ChristianWiese_Foto_Uwe_Dettmar.jpg","contentUrl":"https:\/\/aktuelles.uni-frankfurt.de\/wp-content\/uploads\/2021\/02\/beitrag_ChristianWiese_Foto_Uwe_Dettmar.jpg","width":650,"height":450,"caption":"Prof. Dr. Christian Wiese Martin-Buber-Professur f\u00fcr Religionsgeschichte"},{"@type":"BreadcrumbList","@id":"https:\/\/aktuelles.uni-frankfurt.de\/forschung\/juedische-literatur-philosophie-und-musik-im-ns-deutschland\/#breadcrumb","itemListElement":[{"@type":"ListItem","position":1,"name":"Startseite","item":"https:\/\/aktuelles.uni-frankfurt.de\/"},{"@type":"ListItem","position":2,"name":"J\u00fcdische Literatur, Philosophie und Musik im NS-Deutschland"}]},{"@type":"WebSite","@id":"https:\/\/aktuelles.uni-frankfurt.de\/#website","url":"https:\/\/aktuelles.uni-frankfurt.de\/","name":"Aktuelles aus der Goethe-Universit\u00e4t Frankfurt","description":"Aktuelles aus der Goethe-Universit\u00e4t | Neues aus Forschung, Lehre, Studium","publisher":{"@id":"https:\/\/aktuelles.uni-frankfurt.de\/#organization"},"potentialAction":[{"@type":"SearchAction","target":{"@type":"EntryPoint","urlTemplate":"https:\/\/aktuelles.uni-frankfurt.de\/?s={search_term_string}"},"query-input":{"@type":"PropertyValueSpecification","valueRequired":true,"valueName":"search_term_string"}}],"inLanguage":"en-GB"},{"@type":"Organization","@id":"https:\/\/aktuelles.uni-frankfurt.de\/#organization","name":"Goethe University Frankfurt","url":"https:\/\/aktuelles.uni-frankfurt.de\/","logo":{"@type":"ImageObject","inLanguage":"en-GB","@id":"https:\/\/aktuelles.uni-frankfurt.de\/#\/schema\/logo\/image\/","url":"https:\/\/aktuelles.uni-frankfurt.de\/wp-content\/uploads\/2022\/03\/800px-Goethe-Logo.png","contentUrl":"https:\/\/aktuelles.uni-frankfurt.de\/wp-content\/uploads\/2022\/03\/800px-Goethe-Logo.png","width":800,"height":436,"caption":"Goethe-Universit\u00e4t"},"image":{"@id":"https:\/\/aktuelles.uni-frankfurt.de\/#\/schema\/logo\/image\/"}},{"@type":"Person","@id":"https:\/\/aktuelles.uni-frankfurt.de\/#\/schema\/person\/8e55ea338fb65d1ce87a91565d1f1739","name":"-","description":"Dieser Beitrag wurde von der Online-Redaktion ver\u00f6ffentlicht. Wenn der Beitrag von einem Gastautoren verfasst wurde, findet sich dieser Hinweis am Ende des jeweiligen Artikels.","sameAs":["http:\/\/aktuelles.uni-frankfurt.de\/autoren"],"url":"https:\/\/aktuelles.uni-frankfurt.de\/en\/author\/redaktion\/"}]}},"_links":{"self":[{"href":"https:\/\/aktuelles.uni-frankfurt.de\/en\/wp-json\/wp\/v2\/posts\/73480","targetHints":{"allow":["GET"]}}],"collection":[{"href":"https:\/\/aktuelles.uni-frankfurt.de\/en\/wp-json\/wp\/v2\/posts"}],"about":[{"href":"https:\/\/aktuelles.uni-frankfurt.de\/en\/wp-json\/wp\/v2\/types\/post"}],"author":[{"embeddable":true,"href":"https:\/\/aktuelles.uni-frankfurt.de\/en\/wp-json\/wp\/v2\/users\/8"}],"replies":[{"embeddable":true,"href":"https:\/\/aktuelles.uni-frankfurt.de\/en\/wp-json\/wp\/v2\/comments?post=73480"}],"version-history":[{"count":0,"href":"https:\/\/aktuelles.uni-frankfurt.de\/en\/wp-json\/wp\/v2\/posts\/73480\/revisions"}],"wp:featuredmedia":[{"embeddable":true,"href":"https:\/\/aktuelles.uni-frankfurt.de\/en\/wp-json\/wp\/v2\/media\/49043"}],"wp:attachment":[{"href":"https:\/\/aktuelles.uni-frankfurt.de\/en\/wp-json\/wp\/v2\/media?parent=73480"}],"wp:term":[{"taxonomy":"category","embeddable":true,"href":"https:\/\/aktuelles.uni-frankfurt.de\/en\/wp-json\/wp\/v2\/categories?post=73480"},{"taxonomy":"post_tag","embeddable":true,"href":"https:\/\/aktuelles.uni-frankfurt.de\/en\/wp-json\/wp\/v2\/tags?post=73480"},{"taxonomy":"post_folder","embeddable":true,"href":"https:\/\/aktuelles.uni-frankfurt.de\/en\/wp-json\/wp\/v2\/post_folder?post=73480"}],"curies":[{"name":"wp","href":"https:\/\/api.w.org\/{rel}","templated":true}]}}