{"id":74014,"date":"2023-09-04T09:11:16","date_gmt":"2023-09-04T07:11:16","guid":{"rendered":"https:\/\/aktuelles.uni-frankfurt.de\/?p=74014"},"modified":"2023-09-07T07:44:39","modified_gmt":"2023-09-07T05:44:39","slug":"direktor-der-kinder-und-jugendklinik-am-universitaetsklinikum-frankfurt-wird-mitglied-der-nationalen-akademie-leopoldina","status":"publish","type":"post","link":"https:\/\/aktuelles.uni-frankfurt.de\/en\/forschung\/direktor-der-kinder-und-jugendklinik-am-universitaetsklinikum-frankfurt-wird-mitglied-der-nationalen-akademie-leopoldina\/","title":{"rendered":"Direktor der Kinder- und Jugendklinik am Universit\u00e4tsklinikum Frankfurt wird Mitglied der Nationalen Akademie Leopoldina"},"content":{"rendered":"<p><strong>Prof. Dr. Jan-Henning Klusmann, Direktor der Klinik f\u00fcr Kinder- und Jugendmedizin am Universit\u00e4tsklinikum Frankfurt, erh\u00e4lt eine der h\u00f6chsten Auszeichnungen in der wissenschaftlichen Gemeinschaft: Er wird als Mitglied in die Deutsche Akademie der Naturforscher Leopoldina \u2013 Nationale Akademie der Wissenschaften \u2013 aufgenommen. Sie ist eine der \u00e4ltesten und renommiertesten Einrichtungen dieser Art in der Welt. Die Aufnahme in ihre Reihen bedeutet eine besondere Ehre, die nach strengen Ma\u00dfst\u00e4ben wissenschaftlicher Exzellenz erfolgt.<\/strong><\/p>\n\n\n\n<p>Die Nationale Akademie Leopoldina besteht seit mehr als 360 Jahren und sie gilt damit als die \u00e4lteste Wissenschaftliche Akademie \u00fcberhaupt. \u00dcber die Grenzen von L\u00e4ndern und von Fachgebieten hinaus wirkt sie beratend f\u00fcr die Politik und stellt als eine freie Vereinigung von Gelehrten sowohl die Wissenschaftsentwicklung als auch das Gemeinwohl ins Zentrum ihres Interesses. Die wissenschaftlichen Fachgebiete sind in 28 Fachsektionen organisiert, welche wiederum in vier Klassen gegliedert sind; die Aufnahme von Prof. Dr. Klusmann erfolgte in der Klasse III: Medizin in die Sektion Gyn\u00e4kologie und P\u00e4diatrie. Die Wahl zum Mitglied erfolgt auf Vorschlag renommierter Fachvertreterinnen und -vertreter durch das Pr\u00e4sidium der Leopoldina und stellt eine besondere Anerkennung der wissenschaftlichen Leistungen und der Pers\u00f6nlichkeit dar.<\/p>\n\n\n\n<div style=\"height:20px\" aria-hidden=\"true\" class=\"wp-block-spacer\"><\/div>\n\n\n\n<h4 class=\"wp-block-heading\"><strong>Karriere mit ausgezeichneter Forschung<\/strong><\/h4>\n\n\n\n<figure class=\"wp-block-image alignright size-medium\"><a href=\"https:\/\/aktuelles.uni-frankfurt.de\/wp-content\/uploads\/2023\/09\/bild_klusmann-jpg.webp\"><img fetchpriority=\"high\" decoding=\"async\" width=\"200\" height=\"300\" src=\"https:\/\/aktuelles.uni-frankfurt.de\/wp-content\/uploads\/2023\/09\/bild_klusmann-200x300.webp\" alt=\"\" class=\"wp-image-74016\" srcset=\"https:\/\/aktuelles.uni-frankfurt.de\/wp-content\/uploads\/2023\/09\/bild_klusmann-200x300.webp 200w, https:\/\/aktuelles.uni-frankfurt.de\/wp-content\/uploads\/2023\/09\/bild_klusmann-8x12.webp 8w, https:\/\/aktuelles.uni-frankfurt.de\/wp-content\/uploads\/2023\/09\/bild_klusmann-jpg.webp 650w\" sizes=\"(max-width: 200px) 100vw, 200px\" \/><\/a><figcaption class=\"wp-element-caption\"><em>Prof. Dr. Jan-Henning Klusmann ist seit 2021 Direktor der Klinik f\u00fcr Kinder- und Jugendmedizin am Universit\u00e4tsklinikum Frankfurt, sein Schwerpunkt liegt auf der Erforschung und Behandlung von Leuk\u00e4mien.<\/em><\/figcaption><\/figure>\n\n\n\n<p>Als international anerkannter Experte f\u00fcr verschiedene Formen des Blutkrebses bei Kindern und Jugendlichen hat Prof. Dr. Klusmann sich im Laufe seiner Karriere durch herausragende wissenschaftliche Arbeiten und innovative Therapieans\u00e4tze ausgezeichnet. Sein Fokus liegt auf der Diagnostik und Behandlung von Leuk\u00e4mien, einschlie\u00dflich Knochenmarktransplantationen. In mehreren internationalen Tumorboards und -komitees sind seine Behandlungsempfehlungen gefragt.<\/p>\n\n\n\n<p>Verschiedene Institutionen, die sich der F\u00f6rderung von exzellenten Wissenschaftlerinnen und Wissenschaftler verschrieben haben, unterst\u00fctzen die wissenschaftlichen Projekte von Prof. Dr. Jan-Henning Klusmann, darunter der Europ\u00e4ische Forschungsrat (ERC) und die Deutsche Forschungsgemeinschaft. Seine Forschungsarbeiten erhielten zahlreiche Preise, unter anderem von der American Society of Hematology und der Gesellschaft f\u00fcr P\u00e4diatrische H\u00e4matologie und Onkologie. Er ist Mitglied in mehreren Fachgesellschaften, leitet das Referenzlabor f\u00fcr Leuk\u00e4mien von Kindern mit Down-Syndrom und arbeitet als Gutachter f\u00fcr zahlreiche wissenschaftliche Fachzeitschriften und F\u00f6rderer<em>.<\/em><\/p>\n\n\n\n<p><\/p>","protected":false},"excerpt":{"rendered":"<p>Prof. Dr. Jan-Henning Klusmann, Direktor der Klinik f\u00fcr Kinder- und Jugendmedizin am Universit\u00e4tsklinikum Frankfurt, erh\u00e4lt eine der h\u00f6chsten Auszeichnungen in der wissenschaftlichen Gemeinschaft: Er wird als Mitglied in die Deutsche [&hellip;]<\/p>\n","protected":false},"author":8,"featured_media":74015,"comment_status":"closed","ping_status":"closed","sticky":false,"template":"","format":"standard","meta":{"_eb_attr":"","_price":"","_stock":"","_tribe_ticket_header":"","_tribe_default_ticket_provider":"","_ticket_start_date":"","_ticket_end_date":"","_tribe_ticket_show_description":"","_tribe_ticket_show_not_going":false,"_tribe_ticket_use_global_stock":"","_tribe_ticket_global_stock_level":"","_global_stock_mode":"","_global_stock_cap":"","_tribe_rsvp_for_event":"","_tribe_ticket_going_count":"","_tribe_ticket_not_going_count":"","_tribe_tickets_list":"[]","_tribe_ticket_has_attendee_info_fields":false,"footnotes":""},"categories":[3,91],"tags":[49],"post_folder":[],"class_list":["post-74014","post","type-post","status-publish","format-standard","has-post-thumbnail","hentry","category-forschung","category-zticky","tag-medizin"],"yoast_head":"<!-- This site is optimized with the Yoast SEO plugin v27.5 - https:\/\/yoast.com\/product\/yoast-seo-wordpress\/ -->\n<title>Direktor der Kinder- und Jugendklinik am Universit\u00e4tsklinikum Frankfurt wird Mitglied der Nationalen Akademie Leopoldina | Aktuelles aus der Goethe-Universit\u00e4t Frankfurt<\/title>\n<meta name=\"robots\" content=\"index, follow, max-snippet:-1, max-image-preview:large, max-video-preview:-1\" \/>\n<link rel=\"canonical\" href=\"https:\/\/aktuelles.uni-frankfurt.de\/en\/forschung\/direktor-der-kinder-und-jugendklinik-am-universitaetsklinikum-frankfurt-wird-mitglied-der-nationalen-akademie-leopoldina\/\" \/>\n<meta property=\"og:locale\" content=\"en_GB\" \/>\n<meta property=\"og:type\" content=\"article\" \/>\n<meta property=\"og:title\" content=\"Direktor der Kinder- und Jugendklinik am Universit\u00e4tsklinikum Frankfurt wird Mitglied der Nationalen Akademie Leopoldina | Aktuelles aus der Goethe-Universit\u00e4t Frankfurt\" \/>\n<meta property=\"og:description\" content=\"Prof. Dr. Jan-Henning Klusmann, Direktor der Klinik f\u00fcr Kinder- und Jugendmedizin am Universit\u00e4tsklinikum Frankfurt, erh\u00e4lt eine der h\u00f6chsten Auszeichnungen in der wissenschaftlichen Gemeinschaft: Er wird als Mitglied in die Deutsche [&hellip;]\" \/>\n<meta property=\"og:url\" content=\"https:\/\/aktuelles.uni-frankfurt.de\/en\/forschung\/direktor-der-kinder-und-jugendklinik-am-universitaetsklinikum-frankfurt-wird-mitglied-der-nationalen-akademie-leopoldina\/\" \/>\n<meta property=\"og:site_name\" content=\"Aktuelles aus der Goethe-Universit\u00e4t Frankfurt\" \/>\n<meta property=\"article:published_time\" content=\"2023-09-04T07:11:16+00:00\" \/>\n<meta property=\"article:modified_time\" content=\"2023-09-07T05:44:39+00:00\" \/>\n<meta property=\"og:image\" content=\"https:\/\/aktuelles.uni-frankfurt.de\/wp-content\/uploads\/2023\/09\/beitragsbild_klusmann-jpg.webp\" \/>\n\t<meta property=\"og:image:width\" content=\"650\" \/>\n\t<meta property=\"og:image:height\" content=\"450\" \/>\n\t<meta property=\"og:image:type\" content=\"image\/jpeg\" \/>\n<meta name=\"author\" content=\"-\" \/>\n<meta name=\"twitter:card\" content=\"summary_large_image\" \/>\n<meta name=\"twitter:label1\" content=\"Written by\" \/>\n\t<meta name=\"twitter:data1\" content=\"-\" \/>\n\t<meta name=\"twitter:label2\" content=\"Estimated reading time\" \/>\n\t<meta name=\"twitter:data2\" content=\"2 minutes\" \/>\n<script type=\"application\/ld+json\" class=\"yoast-schema-graph\">{\"@context\":\"https:\\\/\\\/schema.org\",\"@graph\":[{\"@type\":\"Article\",\"@id\":\"https:\\\/\\\/aktuelles.uni-frankfurt.de\\\/forschung\\\/direktor-der-kinder-und-jugendklinik-am-universitaetsklinikum-frankfurt-wird-mitglied-der-nationalen-akademie-leopoldina\\\/#article\",\"isPartOf\":{\"@id\":\"https:\\\/\\\/aktuelles.uni-frankfurt.de\\\/forschung\\\/direktor-der-kinder-und-jugendklinik-am-universitaetsklinikum-frankfurt-wird-mitglied-der-nationalen-akademie-leopoldina\\\/\"},\"author\":{\"name\":\"-\",\"@id\":\"https:\\\/\\\/aktuelles.uni-frankfurt.de\\\/#\\\/schema\\\/person\\\/8e55ea338fb65d1ce87a91565d1f1739\"},\"headline\":\"Direktor der Kinder- und Jugendklinik am Universit\u00e4tsklinikum Frankfurt wird Mitglied der Nationalen Akademie Leopoldina\",\"datePublished\":\"2023-09-04T07:11:16+00:00\",\"dateModified\":\"2023-09-07T05:44:39+00:00\",\"mainEntityOfPage\":{\"@id\":\"https:\\\/\\\/aktuelles.uni-frankfurt.de\\\/forschung\\\/direktor-der-kinder-und-jugendklinik-am-universitaetsklinikum-frankfurt-wird-mitglied-der-nationalen-akademie-leopoldina\\\/\"},\"wordCount\":384,\"publisher\":{\"@id\":\"https:\\\/\\\/aktuelles.uni-frankfurt.de\\\/#organization\"},\"image\":{\"@id\":\"https:\\\/\\\/aktuelles.uni-frankfurt.de\\\/forschung\\\/direktor-der-kinder-und-jugendklinik-am-universitaetsklinikum-frankfurt-wird-mitglied-der-nationalen-akademie-leopoldina\\\/#primaryimage\"},\"thumbnailUrl\":\"https:\\\/\\\/aktuelles.uni-frankfurt.de\\\/wp-content\\\/uploads\\\/2023\\\/09\\\/beitragsbild_klusmann-jpg.webp\",\"keywords\":[\"Medizin\"],\"articleSection\":[\"Forschung\",\"Zticky\"],\"inLanguage\":\"en-GB\"},{\"@type\":\"WebPage\",\"@id\":\"https:\\\/\\\/aktuelles.uni-frankfurt.de\\\/forschung\\\/direktor-der-kinder-und-jugendklinik-am-universitaetsklinikum-frankfurt-wird-mitglied-der-nationalen-akademie-leopoldina\\\/\",\"url\":\"https:\\\/\\\/aktuelles.uni-frankfurt.de\\\/forschung\\\/direktor-der-kinder-und-jugendklinik-am-universitaetsklinikum-frankfurt-wird-mitglied-der-nationalen-akademie-leopoldina\\\/\",\"name\":\"Direktor der Kinder- und Jugendklinik am Universit\u00e4tsklinikum Frankfurt wird Mitglied der Nationalen Akademie Leopoldina | Aktuelles aus der Goethe-Universit\u00e4t Frankfurt\",\"isPartOf\":{\"@id\":\"https:\\\/\\\/aktuelles.uni-frankfurt.de\\\/#website\"},\"primaryImageOfPage\":{\"@id\":\"https:\\\/\\\/aktuelles.uni-frankfurt.de\\\/forschung\\\/direktor-der-kinder-und-jugendklinik-am-universitaetsklinikum-frankfurt-wird-mitglied-der-nationalen-akademie-leopoldina\\\/#primaryimage\"},\"image\":{\"@id\":\"https:\\\/\\\/aktuelles.uni-frankfurt.de\\\/forschung\\\/direktor-der-kinder-und-jugendklinik-am-universitaetsklinikum-frankfurt-wird-mitglied-der-nationalen-akademie-leopoldina\\\/#primaryimage\"},\"thumbnailUrl\":\"https:\\\/\\\/aktuelles.uni-frankfurt.de\\\/wp-content\\\/uploads\\\/2023\\\/09\\\/beitragsbild_klusmann-jpg.webp\",\"datePublished\":\"2023-09-04T07:11:16+00:00\",\"dateModified\":\"2023-09-07T05:44:39+00:00\",\"breadcrumb\":{\"@id\":\"https:\\\/\\\/aktuelles.uni-frankfurt.de\\\/forschung\\\/direktor-der-kinder-und-jugendklinik-am-universitaetsklinikum-frankfurt-wird-mitglied-der-nationalen-akademie-leopoldina\\\/#breadcrumb\"},\"inLanguage\":\"en-GB\",\"potentialAction\":[{\"@type\":\"ReadAction\",\"target\":[\"https:\\\/\\\/aktuelles.uni-frankfurt.de\\\/forschung\\\/direktor-der-kinder-und-jugendklinik-am-universitaetsklinikum-frankfurt-wird-mitglied-der-nationalen-akademie-leopoldina\\\/\"]}]},{\"@type\":\"ImageObject\",\"inLanguage\":\"en-GB\",\"@id\":\"https:\\\/\\\/aktuelles.uni-frankfurt.de\\\/forschung\\\/direktor-der-kinder-und-jugendklinik-am-universitaetsklinikum-frankfurt-wird-mitglied-der-nationalen-akademie-leopoldina\\\/#primaryimage\",\"url\":\"https:\\\/\\\/aktuelles.uni-frankfurt.de\\\/wp-content\\\/uploads\\\/2023\\\/09\\\/beitragsbild_klusmann-jpg.webp\",\"contentUrl\":\"https:\\\/\\\/aktuelles.uni-frankfurt.de\\\/wp-content\\\/uploads\\\/2023\\\/09\\\/beitragsbild_klusmann-jpg.webp\",\"width\":650,\"height\":450},{\"@type\":\"BreadcrumbList\",\"@id\":\"https:\\\/\\\/aktuelles.uni-frankfurt.de\\\/forschung\\\/direktor-der-kinder-und-jugendklinik-am-universitaetsklinikum-frankfurt-wird-mitglied-der-nationalen-akademie-leopoldina\\\/#breadcrumb\",\"itemListElement\":[{\"@type\":\"ListItem\",\"position\":1,\"name\":\"Startseite\",\"item\":\"https:\\\/\\\/aktuelles.uni-frankfurt.de\\\/\"},{\"@type\":\"ListItem\",\"position\":2,\"name\":\"Direktor der Kinder- und Jugendklinik am Universit\u00e4tsklinikum Frankfurt wird Mitglied der Nationalen Akademie Leopoldina\"}]},{\"@type\":\"WebSite\",\"@id\":\"https:\\\/\\\/aktuelles.uni-frankfurt.de\\\/#website\",\"url\":\"https:\\\/\\\/aktuelles.uni-frankfurt.de\\\/\",\"name\":\"Aktuelles aus der Goethe-Universit\u00e4t Frankfurt\",\"description\":\"Aktuelles aus der Goethe-Universit\u00e4t | Neues aus Forschung, Lehre, Studium\",\"publisher\":{\"@id\":\"https:\\\/\\\/aktuelles.uni-frankfurt.de\\\/#organization\"},\"potentialAction\":[{\"@type\":\"SearchAction\",\"target\":{\"@type\":\"EntryPoint\",\"urlTemplate\":\"https:\\\/\\\/aktuelles.uni-frankfurt.de\\\/?s={search_term_string}\"},\"query-input\":{\"@type\":\"PropertyValueSpecification\",\"valueRequired\":true,\"valueName\":\"search_term_string\"}}],\"inLanguage\":\"en-GB\"},{\"@type\":\"Organization\",\"@id\":\"https:\\\/\\\/aktuelles.uni-frankfurt.de\\\/#organization\",\"name\":\"Goethe-Universit\u00e4t\",\"url\":\"https:\\\/\\\/aktuelles.uni-frankfurt.de\\\/\",\"logo\":{\"@type\":\"ImageObject\",\"inLanguage\":\"en-GB\",\"@id\":\"https:\\\/\\\/aktuelles.uni-frankfurt.de\\\/#\\\/schema\\\/logo\\\/image\\\/\",\"url\":\"https:\\\/\\\/aktuelles.uni-frankfurt.de\\\/wp-content\\\/uploads\\\/2022\\\/03\\\/800px-Goethe-Logo.png\",\"contentUrl\":\"https:\\\/\\\/aktuelles.uni-frankfurt.de\\\/wp-content\\\/uploads\\\/2022\\\/03\\\/800px-Goethe-Logo.png\",\"width\":800,\"height\":436,\"caption\":\"Goethe-Universit\u00e4t\"},\"image\":{\"@id\":\"https:\\\/\\\/aktuelles.uni-frankfurt.de\\\/#\\\/schema\\\/logo\\\/image\\\/\"}},{\"@type\":\"Person\",\"@id\":\"https:\\\/\\\/aktuelles.uni-frankfurt.de\\\/#\\\/schema\\\/person\\\/8e55ea338fb65d1ce87a91565d1f1739\",\"name\":\"-\",\"description\":\"Dieser Beitrag wurde von der Online-Redaktion ver\u00f6ffentlicht. Wenn der Beitrag von einem Gastautoren verfasst wurde, findet sich dieser Hinweis am Ende des jeweiligen Artikels.\",\"sameAs\":[\"http:\\\/\\\/aktuelles.uni-frankfurt.de\\\/autoren\"],\"url\":\"https:\\\/\\\/aktuelles.uni-frankfurt.de\\\/en\\\/author\\\/redaktion\\\/\"}]}<\/script>\n<!-- \/ Yoast SEO plugin. -->","yoast_head_json":{"title":"Direktor der Kinder- und Jugendklinik am Universit\u00e4tsklinikum Frankfurt wird Mitglied der Nationalen Akademie Leopoldina | Aktuelles aus der Goethe-Universit\u00e4t Frankfurt","robots":{"index":"index","follow":"follow","max-snippet":"max-snippet:-1","max-image-preview":"max-image-preview:large","max-video-preview":"max-video-preview:-1"},"canonical":"https:\/\/aktuelles.uni-frankfurt.de\/en\/forschung\/direktor-der-kinder-und-jugendklinik-am-universitaetsklinikum-frankfurt-wird-mitglied-der-nationalen-akademie-leopoldina\/","og_locale":"en_GB","og_type":"article","og_title":"Direktor der Kinder- und Jugendklinik am Universit\u00e4tsklinikum Frankfurt wird Mitglied der Nationalen Akademie Leopoldina | Aktuelles aus der Goethe-Universit\u00e4t Frankfurt","og_description":"Prof. Dr. Jan-Henning Klusmann, Direktor der Klinik f\u00fcr Kinder- und Jugendmedizin am Universit\u00e4tsklinikum Frankfurt, erh\u00e4lt eine der h\u00f6chsten Auszeichnungen in der wissenschaftlichen Gemeinschaft: Er wird als Mitglied in die Deutsche [&hellip;]","og_url":"https:\/\/aktuelles.uni-frankfurt.de\/en\/forschung\/direktor-der-kinder-und-jugendklinik-am-universitaetsklinikum-frankfurt-wird-mitglied-der-nationalen-akademie-leopoldina\/","og_site_name":"Aktuelles aus der Goethe-Universit\u00e4t Frankfurt","article_published_time":"2023-09-04T07:11:16+00:00","article_modified_time":"2023-09-07T05:44:39+00:00","og_image":[{"width":650,"height":450,"url":"https:\/\/aktuelles.uni-frankfurt.de\/wp-content\/uploads\/2023\/09\/beitragsbild_klusmann-jpg.webp","type":"image\/jpeg"}],"author":"-","twitter_card":"summary_large_image","twitter_misc":{"Written by":"-","Estimated reading time":"2 minutes"},"schema":{"@context":"https:\/\/schema.org","@graph":[{"@type":"Article","@id":"https:\/\/aktuelles.uni-frankfurt.de\/forschung\/direktor-der-kinder-und-jugendklinik-am-universitaetsklinikum-frankfurt-wird-mitglied-der-nationalen-akademie-leopoldina\/#article","isPartOf":{"@id":"https:\/\/aktuelles.uni-frankfurt.de\/forschung\/direktor-der-kinder-und-jugendklinik-am-universitaetsklinikum-frankfurt-wird-mitglied-der-nationalen-akademie-leopoldina\/"},"author":{"name":"-","@id":"https:\/\/aktuelles.uni-frankfurt.de\/#\/schema\/person\/8e55ea338fb65d1ce87a91565d1f1739"},"headline":"Direktor der Kinder- und Jugendklinik am Universit\u00e4tsklinikum Frankfurt wird Mitglied der Nationalen Akademie Leopoldina","datePublished":"2023-09-04T07:11:16+00:00","dateModified":"2023-09-07T05:44:39+00:00","mainEntityOfPage":{"@id":"https:\/\/aktuelles.uni-frankfurt.de\/forschung\/direktor-der-kinder-und-jugendklinik-am-universitaetsklinikum-frankfurt-wird-mitglied-der-nationalen-akademie-leopoldina\/"},"wordCount":384,"publisher":{"@id":"https:\/\/aktuelles.uni-frankfurt.de\/#organization"},"image":{"@id":"https:\/\/aktuelles.uni-frankfurt.de\/forschung\/direktor-der-kinder-und-jugendklinik-am-universitaetsklinikum-frankfurt-wird-mitglied-der-nationalen-akademie-leopoldina\/#primaryimage"},"thumbnailUrl":"https:\/\/aktuelles.uni-frankfurt.de\/wp-content\/uploads\/2023\/09\/beitragsbild_klusmann-jpg.webp","keywords":["Medizin"],"articleSection":["Forschung","Zticky"],"inLanguage":"en-GB"},{"@type":"WebPage","@id":"https:\/\/aktuelles.uni-frankfurt.de\/forschung\/direktor-der-kinder-und-jugendklinik-am-universitaetsklinikum-frankfurt-wird-mitglied-der-nationalen-akademie-leopoldina\/","url":"https:\/\/aktuelles.uni-frankfurt.de\/forschung\/direktor-der-kinder-und-jugendklinik-am-universitaetsklinikum-frankfurt-wird-mitglied-der-nationalen-akademie-leopoldina\/","name":"Direktor der Kinder- und Jugendklinik am Universit\u00e4tsklinikum Frankfurt wird Mitglied der Nationalen Akademie Leopoldina | Aktuelles aus der Goethe-Universit\u00e4t Frankfurt","isPartOf":{"@id":"https:\/\/aktuelles.uni-frankfurt.de\/#website"},"primaryImageOfPage":{"@id":"https:\/\/aktuelles.uni-frankfurt.de\/forschung\/direktor-der-kinder-und-jugendklinik-am-universitaetsklinikum-frankfurt-wird-mitglied-der-nationalen-akademie-leopoldina\/#primaryimage"},"image":{"@id":"https:\/\/aktuelles.uni-frankfurt.de\/forschung\/direktor-der-kinder-und-jugendklinik-am-universitaetsklinikum-frankfurt-wird-mitglied-der-nationalen-akademie-leopoldina\/#primaryimage"},"thumbnailUrl":"https:\/\/aktuelles.uni-frankfurt.de\/wp-content\/uploads\/2023\/09\/beitragsbild_klusmann-jpg.webp","datePublished":"2023-09-04T07:11:16+00:00","dateModified":"2023-09-07T05:44:39+00:00","breadcrumb":{"@id":"https:\/\/aktuelles.uni-frankfurt.de\/forschung\/direktor-der-kinder-und-jugendklinik-am-universitaetsklinikum-frankfurt-wird-mitglied-der-nationalen-akademie-leopoldina\/#breadcrumb"},"inLanguage":"en-GB","potentialAction":[{"@type":"ReadAction","target":["https:\/\/aktuelles.uni-frankfurt.de\/forschung\/direktor-der-kinder-und-jugendklinik-am-universitaetsklinikum-frankfurt-wird-mitglied-der-nationalen-akademie-leopoldina\/"]}]},{"@type":"ImageObject","inLanguage":"en-GB","@id":"https:\/\/aktuelles.uni-frankfurt.de\/forschung\/direktor-der-kinder-und-jugendklinik-am-universitaetsklinikum-frankfurt-wird-mitglied-der-nationalen-akademie-leopoldina\/#primaryimage","url":"https:\/\/aktuelles.uni-frankfurt.de\/wp-content\/uploads\/2023\/09\/beitragsbild_klusmann-jpg.webp","contentUrl":"https:\/\/aktuelles.uni-frankfurt.de\/wp-content\/uploads\/2023\/09\/beitragsbild_klusmann-jpg.webp","width":650,"height":450},{"@type":"BreadcrumbList","@id":"https:\/\/aktuelles.uni-frankfurt.de\/forschung\/direktor-der-kinder-und-jugendklinik-am-universitaetsklinikum-frankfurt-wird-mitglied-der-nationalen-akademie-leopoldina\/#breadcrumb","itemListElement":[{"@type":"ListItem","position":1,"name":"Startseite","item":"https:\/\/aktuelles.uni-frankfurt.de\/"},{"@type":"ListItem","position":2,"name":"Direktor der Kinder- und Jugendklinik am Universit\u00e4tsklinikum Frankfurt wird Mitglied der Nationalen Akademie Leopoldina"}]},{"@type":"WebSite","@id":"https:\/\/aktuelles.uni-frankfurt.de\/#website","url":"https:\/\/aktuelles.uni-frankfurt.de\/","name":"Aktuelles aus der Goethe-Universit\u00e4t Frankfurt","description":"Aktuelles aus der Goethe-Universit\u00e4t | Neues aus Forschung, Lehre, Studium","publisher":{"@id":"https:\/\/aktuelles.uni-frankfurt.de\/#organization"},"potentialAction":[{"@type":"SearchAction","target":{"@type":"EntryPoint","urlTemplate":"https:\/\/aktuelles.uni-frankfurt.de\/?s={search_term_string}"},"query-input":{"@type":"PropertyValueSpecification","valueRequired":true,"valueName":"search_term_string"}}],"inLanguage":"en-GB"},{"@type":"Organization","@id":"https:\/\/aktuelles.uni-frankfurt.de\/#organization","name":"Goethe University Frankfurt","url":"https:\/\/aktuelles.uni-frankfurt.de\/","logo":{"@type":"ImageObject","inLanguage":"en-GB","@id":"https:\/\/aktuelles.uni-frankfurt.de\/#\/schema\/logo\/image\/","url":"https:\/\/aktuelles.uni-frankfurt.de\/wp-content\/uploads\/2022\/03\/800px-Goethe-Logo.png","contentUrl":"https:\/\/aktuelles.uni-frankfurt.de\/wp-content\/uploads\/2022\/03\/800px-Goethe-Logo.png","width":800,"height":436,"caption":"Goethe-Universit\u00e4t"},"image":{"@id":"https:\/\/aktuelles.uni-frankfurt.de\/#\/schema\/logo\/image\/"}},{"@type":"Person","@id":"https:\/\/aktuelles.uni-frankfurt.de\/#\/schema\/person\/8e55ea338fb65d1ce87a91565d1f1739","name":"-","description":"Dieser Beitrag wurde von der Online-Redaktion ver\u00f6ffentlicht. Wenn der Beitrag von einem Gastautoren verfasst wurde, findet sich dieser Hinweis am Ende des jeweiligen Artikels.","sameAs":["http:\/\/aktuelles.uni-frankfurt.de\/autoren"],"url":"https:\/\/aktuelles.uni-frankfurt.de\/en\/author\/redaktion\/"}]}},"_links":{"self":[{"href":"https:\/\/aktuelles.uni-frankfurt.de\/en\/wp-json\/wp\/v2\/posts\/74014","targetHints":{"allow":["GET"]}}],"collection":[{"href":"https:\/\/aktuelles.uni-frankfurt.de\/en\/wp-json\/wp\/v2\/posts"}],"about":[{"href":"https:\/\/aktuelles.uni-frankfurt.de\/en\/wp-json\/wp\/v2\/types\/post"}],"author":[{"embeddable":true,"href":"https:\/\/aktuelles.uni-frankfurt.de\/en\/wp-json\/wp\/v2\/users\/8"}],"replies":[{"embeddable":true,"href":"https:\/\/aktuelles.uni-frankfurt.de\/en\/wp-json\/wp\/v2\/comments?post=74014"}],"version-history":[{"count":0,"href":"https:\/\/aktuelles.uni-frankfurt.de\/en\/wp-json\/wp\/v2\/posts\/74014\/revisions"}],"wp:featuredmedia":[{"embeddable":true,"href":"https:\/\/aktuelles.uni-frankfurt.de\/en\/wp-json\/wp\/v2\/media\/74015"}],"wp:attachment":[{"href":"https:\/\/aktuelles.uni-frankfurt.de\/en\/wp-json\/wp\/v2\/media?parent=74014"}],"wp:term":[{"taxonomy":"category","embeddable":true,"href":"https:\/\/aktuelles.uni-frankfurt.de\/en\/wp-json\/wp\/v2\/categories?post=74014"},{"taxonomy":"post_tag","embeddable":true,"href":"https:\/\/aktuelles.uni-frankfurt.de\/en\/wp-json\/wp\/v2\/tags?post=74014"},{"taxonomy":"post_folder","embeddable":true,"href":"https:\/\/aktuelles.uni-frankfurt.de\/en\/wp-json\/wp\/v2\/post_folder?post=74014"}],"curies":[{"name":"wp","href":"https:\/\/api.w.org\/{rel}","templated":true}]}}