{"id":74530,"date":"2023-09-20T10:53:35","date_gmt":"2023-09-20T08:53:35","guid":{"rendered":"https:\/\/aktuelles.uni-frankfurt.de\/?p=74530"},"modified":"2023-09-20T10:54:06","modified_gmt":"2023-09-20T08:54:06","slug":"rueckblick-auf-den-tag-der-berufsausbildung-der-persoenliche-austausch-zaehlt","status":"publish","type":"post","link":"https:\/\/aktuelles.uni-frankfurt.de\/en\/veranstaltungen\/rueckblick-auf-den-tag-der-berufsausbildung-der-persoenliche-austausch-zaehlt\/","title":{"rendered":"R\u00fcckblick auf den Tag der Berufsausbildung: Der pers\u00f6nliche Austausch z\u00e4hlt"},"content":{"rendered":"<p><strong>Am 12. September 2023 war es soweit: Bei der ersten hauseigenen Berufsorientierungsmesse stellte die Goethe-Universit\u00e4t ihre vielf\u00e4ltigen Ausbildungsberufe im Foyer des PA-Geb\u00e4udes auf dem Campus Westend vor. An insgesamt neun St\u00e4nden wurden Interessierte eingeladen, sich zu informieren. Auch die Agentur f\u00fcr Arbeit war als Kooperationspartnerin mit einem Beratungsstand vor Ort.<\/strong><\/p>\n\n\n\n<div style=\"height:20px\" aria-hidden=\"true\" class=\"wp-block-spacer\"><\/div>\n\n\n\n<figure class=\"wp-block-image aligncenter size-full\"><a href=\"https:\/\/aktuelles.uni-frankfurt.de\/wp-content\/uploads\/2023\/09\/beitragsbild_tag-der-berufsausbildung-2023-jpg.webp\"><img fetchpriority=\"high\" decoding=\"async\" width=\"650\" height=\"450\" src=\"https:\/\/aktuelles.uni-frankfurt.de\/wp-content\/uploads\/2023\/09\/beitragsbild_tag-der-berufsausbildung-2023-jpg.webp\" alt=\"\" class=\"wp-image-74531\" srcset=\"https:\/\/aktuelles.uni-frankfurt.de\/wp-content\/uploads\/2023\/09\/beitragsbild_tag-der-berufsausbildung-2023-jpg.webp 650w, https:\/\/aktuelles.uni-frankfurt.de\/wp-content\/uploads\/2023\/09\/beitragsbild_tag-der-berufsausbildung-2023-300x208.webp 300w, https:\/\/aktuelles.uni-frankfurt.de\/wp-content\/uploads\/2023\/09\/beitragsbild_tag-der-berufsausbildung-2023-18x12.webp 18w\" sizes=\"(max-width: 650px) 100vw, 650px\" \/><\/a><figcaption class=\"wp-element-caption\">Besucher*innen im Foyer, Foto: Kerstin Henrich<\/figcaption><\/figure>\n\n\n\n<div style=\"height:40px\" aria-hidden=\"true\" class=\"wp-block-spacer\"><\/div>\n\n\n\n<p>Ein lebendes Bienenvolk, diverse Pflanzen zum Anfassen und Mitnehmen sowie selbstgebaute Holzwerkst\u00fccke oder kleine Goethe-K\u00f6pfe aus dem 3D-Drucker. Mit viel Kreativit\u00e4t und praktischen Utensilien konnten Besucher*innen N\u00e4heres \u00fcber die Ausbildungsberufe erfahren. Besonders am Vormittag war der Tag der Berufsausbildung gut besucht: Viele Jugendliche f\u00fchrten intensive Gespr\u00e4che mit gleichaltrigen Auszubildenden und stellten Fragen. Am Stand der Tierpfleger konnten sie sich sogar ein \u201ewandelndes Blatt\u201c, ein Insekt mit blattartigem K\u00f6rper, auf die Hand setzen lassen. <\/p>\n\n\n\n<p>Neben dem Ausbildungsberuf Tierpfleger*in bietet die Universit\u00e4t aktuell Ausbildungen zum\/zur Tierwirt*in, Verwaltungsfachangestellten, G\u00e4rtner*in, Fachangestellten f\u00fcr Medien- und Informationsdienste, Industriemechaniker*in und Tischler*in an. Abgerundet wird das Ausbildungsangebot durch das duale Studium Bachelor of Arts &#8211; Public Administration, bei dem die Studierenden schon w\u00e4hrend des Studiums verbeamtet werden. <\/p>\n\n\n\n<div style=\"height:20px\" aria-hidden=\"true\" class=\"wp-block-spacer\"><\/div>\n\n\n\n<figure class=\"wp-block-image aligncenter size-full\"><a href=\"https:\/\/aktuelles.uni-frankfurt.de\/wp-content\/uploads\/2023\/09\/bild_tag-der-berufsausbildung-2023-jpg.webp\"><img decoding=\"async\" width=\"650\" height=\"450\" src=\"https:\/\/aktuelles.uni-frankfurt.de\/wp-content\/uploads\/2023\/09\/bild_tag-der-berufsausbildung-2023-jpg.webp\" alt=\"\" class=\"wp-image-74532\" srcset=\"https:\/\/aktuelles.uni-frankfurt.de\/wp-content\/uploads\/2023\/09\/bild_tag-der-berufsausbildung-2023-jpg.webp 650w, https:\/\/aktuelles.uni-frankfurt.de\/wp-content\/uploads\/2023\/09\/bild_tag-der-berufsausbildung-2023-300x208.webp 300w, https:\/\/aktuelles.uni-frankfurt.de\/wp-content\/uploads\/2023\/09\/bild_tag-der-berufsausbildung-2023-18x12.webp 18w\" sizes=\"(max-width: 650px) 100vw, 650px\" \/><\/a><figcaption class=\"wp-element-caption\">Auszubildende mit Besucher*innen, Foto: Kerstin Henrich<\/figcaption><\/figure>\n\n\n\n<div style=\"height:40px\" aria-hidden=\"true\" class=\"wp-block-spacer\"><\/div>\n\n\n\n<p>\u201eEs hat uns sehr gefreut, Jugendliche und Interessierte \u00fcber unsere M\u00f6glichkeiten zu informieren. Wir merken immer wieder, wie wichtig der pers\u00f6nliche Draht ist\u201c, sagt Kerstin Henrich, Ausbildungsleiterin der Goethe-Universit\u00e4t. Unverbindlich und ohne Druck informieren, darauf kam es den Kolleginnen aus den einzelnen Ausbildungsbereichen bei der Berufsorientierungsmesse an. Auch hinsichtlich der Ausbildungsoffensive zur F\u00f6rderung des Bekanntheitsgrades der Goethe-Universit\u00e4t als Arbeitgeberin in der Region war der Tag der Berufsausbildung ein Erfolg. F\u00fcr die Kolleg*innen der Stabsstelle Ausbildung steht deshalb fest: 2024 wird es wieder einen Tag der Berufsausbildung an der Goethe-Universit\u00e4t geben. <\/p>\n\n\n\n<div style=\"height:20px\" aria-hidden=\"true\" class=\"wp-block-spacer\"><\/div>\n\n\n\n<p class=\"has-background\" style=\"background-color:#eeeeee\">Wer Interesse an einer beruflichen Ausbildung an der Goethe-Universit\u00e4t hat, kann sich noch bis zum 15.10.2023 (Ausschreibungsfrist) f\u00fcr die verschiedenen Ausbildungsberufe bewerben. Die <strong>Stellenangebote <\/strong>finden Sie <a href=\"https:\/\/www.uni-frankfurt.de\/133238947\/Stellenangebote\" target=\"_blank\" rel=\"noreferrer noopener\">hier<\/a>. <\/p>\n\n\n\n<div style=\"height:20px\" aria-hidden=\"true\" class=\"wp-block-spacer\"><\/div>\n\n\n\n<p class=\"has-text-align-right\"><em>Niklas Sujan<\/em><\/p>","protected":false},"excerpt":{"rendered":"<p>Am 12. September 2023 war es soweit: Bei der ersten hauseigenen Berufsorientierungsmesse stellte die Goethe-Universit\u00e4t ihre vielf\u00e4ltigen Ausbildungsberufe im Foyer des PA-Geb\u00e4udes auf dem Campus Westend vor. An insgesamt neun [&hellip;]<\/p>\n","protected":false},"author":8,"featured_media":74531,"comment_status":"closed","ping_status":"closed","sticky":false,"template":"","format":"standard","meta":{"_eb_attr":"","_price":"","_stock":"","_tribe_ticket_header":"","_tribe_default_ticket_provider":"","_ticket_start_date":"","_ticket_end_date":"","_tribe_ticket_show_description":"","_tribe_ticket_show_not_going":false,"_tribe_ticket_use_global_stock":"","_tribe_ticket_global_stock_level":"","_global_stock_mode":"","_global_stock_cap":"","_tribe_rsvp_for_event":"","_tribe_ticket_going_count":"","_tribe_ticket_not_going_count":"","_tribe_tickets_list":"[]","_tribe_ticket_has_attendee_info_fields":false,"footnotes":""},"categories":[12],"tags":[304],"post_folder":[],"class_list":["post-74530","post","type-post","status-publish","format-standard","has-post-thumbnail","hentry","category-veranstaltungen","tag-berufliche-ausbildung"],"yoast_head":"<!-- This site is optimized with the Yoast SEO plugin v27.5 - https:\/\/yoast.com\/product\/yoast-seo-wordpress\/ -->\n<title>R\u00fcckblick auf den Tag der Berufsausbildung: Der pers\u00f6nliche Austausch z\u00e4hlt | Aktuelles aus der Goethe-Universit\u00e4t Frankfurt<\/title>\n<meta name=\"robots\" content=\"index, follow, max-snippet:-1, max-image-preview:large, max-video-preview:-1\" \/>\n<link rel=\"canonical\" href=\"https:\/\/aktuelles.uni-frankfurt.de\/en\/veranstaltungen\/rueckblick-auf-den-tag-der-berufsausbildung-der-persoenliche-austausch-zaehlt\/\" \/>\n<meta property=\"og:locale\" content=\"en_GB\" \/>\n<meta property=\"og:type\" content=\"article\" \/>\n<meta property=\"og:title\" content=\"R\u00fcckblick auf den Tag der Berufsausbildung: Der pers\u00f6nliche Austausch z\u00e4hlt | Aktuelles aus der Goethe-Universit\u00e4t Frankfurt\" \/>\n<meta property=\"og:description\" content=\"Am 12. September 2023 war es soweit: Bei der ersten hauseigenen Berufsorientierungsmesse stellte die Goethe-Universit\u00e4t ihre vielf\u00e4ltigen Ausbildungsberufe im Foyer des PA-Geb\u00e4udes auf dem Campus Westend vor. An insgesamt neun [&hellip;]\" \/>\n<meta property=\"og:url\" content=\"https:\/\/aktuelles.uni-frankfurt.de\/en\/veranstaltungen\/rueckblick-auf-den-tag-der-berufsausbildung-der-persoenliche-austausch-zaehlt\/\" \/>\n<meta property=\"og:site_name\" content=\"Aktuelles aus der Goethe-Universit\u00e4t Frankfurt\" \/>\n<meta property=\"article:published_time\" content=\"2023-09-20T08:53:35+00:00\" \/>\n<meta property=\"article:modified_time\" content=\"2023-09-20T08:54:06+00:00\" \/>\n<meta property=\"og:image\" content=\"https:\/\/aktuelles.uni-frankfurt.de\/wp-content\/uploads\/2023\/09\/beitragsbild_tag-der-berufsausbildung-2023-jpg.webp\" \/>\n\t<meta property=\"og:image:width\" content=\"650\" \/>\n\t<meta property=\"og:image:height\" content=\"450\" \/>\n\t<meta property=\"og:image:type\" content=\"image\/jpeg\" \/>\n<meta name=\"author\" content=\"-\" \/>\n<meta name=\"twitter:card\" content=\"summary_large_image\" \/>\n<meta name=\"twitter:label1\" content=\"Written by\" \/>\n\t<meta name=\"twitter:data1\" content=\"-\" \/>\n\t<meta name=\"twitter:label2\" content=\"Estimated reading time\" \/>\n\t<meta name=\"twitter:data2\" content=\"2 minutes\" \/>\n<script type=\"application\/ld+json\" class=\"yoast-schema-graph\">{\"@context\":\"https:\\\/\\\/schema.org\",\"@graph\":[{\"@type\":\"Article\",\"@id\":\"https:\\\/\\\/aktuelles.uni-frankfurt.de\\\/veranstaltungen\\\/rueckblick-auf-den-tag-der-berufsausbildung-der-persoenliche-austausch-zaehlt\\\/#article\",\"isPartOf\":{\"@id\":\"https:\\\/\\\/aktuelles.uni-frankfurt.de\\\/veranstaltungen\\\/rueckblick-auf-den-tag-der-berufsausbildung-der-persoenliche-austausch-zaehlt\\\/\"},\"author\":{\"name\":\"-\",\"@id\":\"https:\\\/\\\/aktuelles.uni-frankfurt.de\\\/#\\\/schema\\\/person\\\/8e55ea338fb65d1ce87a91565d1f1739\"},\"headline\":\"R\u00fcckblick auf den Tag der Berufsausbildung: Der pers\u00f6nliche Austausch z\u00e4hlt\",\"datePublished\":\"2023-09-20T08:53:35+00:00\",\"dateModified\":\"2023-09-20T08:54:06+00:00\",\"mainEntityOfPage\":{\"@id\":\"https:\\\/\\\/aktuelles.uni-frankfurt.de\\\/veranstaltungen\\\/rueckblick-auf-den-tag-der-berufsausbildung-der-persoenliche-austausch-zaehlt\\\/\"},\"wordCount\":344,\"publisher\":{\"@id\":\"https:\\\/\\\/aktuelles.uni-frankfurt.de\\\/#organization\"},\"image\":{\"@id\":\"https:\\\/\\\/aktuelles.uni-frankfurt.de\\\/veranstaltungen\\\/rueckblick-auf-den-tag-der-berufsausbildung-der-persoenliche-austausch-zaehlt\\\/#primaryimage\"},\"thumbnailUrl\":\"https:\\\/\\\/aktuelles.uni-frankfurt.de\\\/wp-content\\\/uploads\\\/2023\\\/09\\\/beitragsbild_tag-der-berufsausbildung-2023-jpg.webp\",\"keywords\":[\"Berufliche Ausbildung\"],\"articleSection\":[\"Veranstaltungen\"],\"inLanguage\":\"en-GB\"},{\"@type\":\"WebPage\",\"@id\":\"https:\\\/\\\/aktuelles.uni-frankfurt.de\\\/veranstaltungen\\\/rueckblick-auf-den-tag-der-berufsausbildung-der-persoenliche-austausch-zaehlt\\\/\",\"url\":\"https:\\\/\\\/aktuelles.uni-frankfurt.de\\\/veranstaltungen\\\/rueckblick-auf-den-tag-der-berufsausbildung-der-persoenliche-austausch-zaehlt\\\/\",\"name\":\"R\u00fcckblick auf den Tag der Berufsausbildung: Der pers\u00f6nliche Austausch z\u00e4hlt | Aktuelles aus der Goethe-Universit\u00e4t Frankfurt\",\"isPartOf\":{\"@id\":\"https:\\\/\\\/aktuelles.uni-frankfurt.de\\\/#website\"},\"primaryImageOfPage\":{\"@id\":\"https:\\\/\\\/aktuelles.uni-frankfurt.de\\\/veranstaltungen\\\/rueckblick-auf-den-tag-der-berufsausbildung-der-persoenliche-austausch-zaehlt\\\/#primaryimage\"},\"image\":{\"@id\":\"https:\\\/\\\/aktuelles.uni-frankfurt.de\\\/veranstaltungen\\\/rueckblick-auf-den-tag-der-berufsausbildung-der-persoenliche-austausch-zaehlt\\\/#primaryimage\"},\"thumbnailUrl\":\"https:\\\/\\\/aktuelles.uni-frankfurt.de\\\/wp-content\\\/uploads\\\/2023\\\/09\\\/beitragsbild_tag-der-berufsausbildung-2023-jpg.webp\",\"datePublished\":\"2023-09-20T08:53:35+00:00\",\"dateModified\":\"2023-09-20T08:54:06+00:00\",\"breadcrumb\":{\"@id\":\"https:\\\/\\\/aktuelles.uni-frankfurt.de\\\/veranstaltungen\\\/rueckblick-auf-den-tag-der-berufsausbildung-der-persoenliche-austausch-zaehlt\\\/#breadcrumb\"},\"inLanguage\":\"en-GB\",\"potentialAction\":[{\"@type\":\"ReadAction\",\"target\":[\"https:\\\/\\\/aktuelles.uni-frankfurt.de\\\/veranstaltungen\\\/rueckblick-auf-den-tag-der-berufsausbildung-der-persoenliche-austausch-zaehlt\\\/\"]}]},{\"@type\":\"ImageObject\",\"inLanguage\":\"en-GB\",\"@id\":\"https:\\\/\\\/aktuelles.uni-frankfurt.de\\\/veranstaltungen\\\/rueckblick-auf-den-tag-der-berufsausbildung-der-persoenliche-austausch-zaehlt\\\/#primaryimage\",\"url\":\"https:\\\/\\\/aktuelles.uni-frankfurt.de\\\/wp-content\\\/uploads\\\/2023\\\/09\\\/beitragsbild_tag-der-berufsausbildung-2023-jpg.webp\",\"contentUrl\":\"https:\\\/\\\/aktuelles.uni-frankfurt.de\\\/wp-content\\\/uploads\\\/2023\\\/09\\\/beitragsbild_tag-der-berufsausbildung-2023-jpg.webp\",\"width\":650,\"height\":450},{\"@type\":\"BreadcrumbList\",\"@id\":\"https:\\\/\\\/aktuelles.uni-frankfurt.de\\\/veranstaltungen\\\/rueckblick-auf-den-tag-der-berufsausbildung-der-persoenliche-austausch-zaehlt\\\/#breadcrumb\",\"itemListElement\":[{\"@type\":\"ListItem\",\"position\":1,\"name\":\"Startseite\",\"item\":\"https:\\\/\\\/aktuelles.uni-frankfurt.de\\\/\"},{\"@type\":\"ListItem\",\"position\":2,\"name\":\"R\u00fcckblick auf den Tag der Berufsausbildung: Der pers\u00f6nliche Austausch z\u00e4hlt\"}]},{\"@type\":\"WebSite\",\"@id\":\"https:\\\/\\\/aktuelles.uni-frankfurt.de\\\/#website\",\"url\":\"https:\\\/\\\/aktuelles.uni-frankfurt.de\\\/\",\"name\":\"Aktuelles aus der Goethe-Universit\u00e4t Frankfurt\",\"description\":\"Aktuelles aus der Goethe-Universit\u00e4t | Neues aus Forschung, Lehre, Studium\",\"publisher\":{\"@id\":\"https:\\\/\\\/aktuelles.uni-frankfurt.de\\\/#organization\"},\"potentialAction\":[{\"@type\":\"SearchAction\",\"target\":{\"@type\":\"EntryPoint\",\"urlTemplate\":\"https:\\\/\\\/aktuelles.uni-frankfurt.de\\\/?s={search_term_string}\"},\"query-input\":{\"@type\":\"PropertyValueSpecification\",\"valueRequired\":true,\"valueName\":\"search_term_string\"}}],\"inLanguage\":\"en-GB\"},{\"@type\":\"Organization\",\"@id\":\"https:\\\/\\\/aktuelles.uni-frankfurt.de\\\/#organization\",\"name\":\"Goethe-Universit\u00e4t\",\"url\":\"https:\\\/\\\/aktuelles.uni-frankfurt.de\\\/\",\"logo\":{\"@type\":\"ImageObject\",\"inLanguage\":\"en-GB\",\"@id\":\"https:\\\/\\\/aktuelles.uni-frankfurt.de\\\/#\\\/schema\\\/logo\\\/image\\\/\",\"url\":\"https:\\\/\\\/aktuelles.uni-frankfurt.de\\\/wp-content\\\/uploads\\\/2022\\\/03\\\/800px-Goethe-Logo.png\",\"contentUrl\":\"https:\\\/\\\/aktuelles.uni-frankfurt.de\\\/wp-content\\\/uploads\\\/2022\\\/03\\\/800px-Goethe-Logo.png\",\"width\":800,\"height\":436,\"caption\":\"Goethe-Universit\u00e4t\"},\"image\":{\"@id\":\"https:\\\/\\\/aktuelles.uni-frankfurt.de\\\/#\\\/schema\\\/logo\\\/image\\\/\"}},{\"@type\":\"Person\",\"@id\":\"https:\\\/\\\/aktuelles.uni-frankfurt.de\\\/#\\\/schema\\\/person\\\/8e55ea338fb65d1ce87a91565d1f1739\",\"name\":\"-\",\"description\":\"Dieser Beitrag wurde von der Online-Redaktion ver\u00f6ffentlicht. Wenn der Beitrag von einem Gastautoren verfasst wurde, findet sich dieser Hinweis am Ende des jeweiligen Artikels.\",\"sameAs\":[\"http:\\\/\\\/aktuelles.uni-frankfurt.de\\\/autoren\"],\"url\":\"https:\\\/\\\/aktuelles.uni-frankfurt.de\\\/en\\\/author\\\/redaktion\\\/\"}]}<\/script>\n<!-- \/ Yoast SEO plugin. -->","yoast_head_json":{"title":"R\u00fcckblick auf den Tag der Berufsausbildung: Der pers\u00f6nliche Austausch z\u00e4hlt | Aktuelles aus der Goethe-Universit\u00e4t Frankfurt","robots":{"index":"index","follow":"follow","max-snippet":"max-snippet:-1","max-image-preview":"max-image-preview:large","max-video-preview":"max-video-preview:-1"},"canonical":"https:\/\/aktuelles.uni-frankfurt.de\/en\/veranstaltungen\/rueckblick-auf-den-tag-der-berufsausbildung-der-persoenliche-austausch-zaehlt\/","og_locale":"en_GB","og_type":"article","og_title":"R\u00fcckblick auf den Tag der Berufsausbildung: Der pers\u00f6nliche Austausch z\u00e4hlt | Aktuelles aus der Goethe-Universit\u00e4t Frankfurt","og_description":"Am 12. September 2023 war es soweit: Bei der ersten hauseigenen Berufsorientierungsmesse stellte die Goethe-Universit\u00e4t ihre vielf\u00e4ltigen Ausbildungsberufe im Foyer des PA-Geb\u00e4udes auf dem Campus Westend vor. An insgesamt neun [&hellip;]","og_url":"https:\/\/aktuelles.uni-frankfurt.de\/en\/veranstaltungen\/rueckblick-auf-den-tag-der-berufsausbildung-der-persoenliche-austausch-zaehlt\/","og_site_name":"Aktuelles aus der Goethe-Universit\u00e4t Frankfurt","article_published_time":"2023-09-20T08:53:35+00:00","article_modified_time":"2023-09-20T08:54:06+00:00","og_image":[{"width":650,"height":450,"url":"https:\/\/aktuelles.uni-frankfurt.de\/wp-content\/uploads\/2023\/09\/beitragsbild_tag-der-berufsausbildung-2023-jpg.webp","type":"image\/jpeg"}],"author":"-","twitter_card":"summary_large_image","twitter_misc":{"Written by":"-","Estimated reading time":"2 minutes"},"schema":{"@context":"https:\/\/schema.org","@graph":[{"@type":"Article","@id":"https:\/\/aktuelles.uni-frankfurt.de\/veranstaltungen\/rueckblick-auf-den-tag-der-berufsausbildung-der-persoenliche-austausch-zaehlt\/#article","isPartOf":{"@id":"https:\/\/aktuelles.uni-frankfurt.de\/veranstaltungen\/rueckblick-auf-den-tag-der-berufsausbildung-der-persoenliche-austausch-zaehlt\/"},"author":{"name":"-","@id":"https:\/\/aktuelles.uni-frankfurt.de\/#\/schema\/person\/8e55ea338fb65d1ce87a91565d1f1739"},"headline":"R\u00fcckblick auf den Tag der Berufsausbildung: Der pers\u00f6nliche Austausch z\u00e4hlt","datePublished":"2023-09-20T08:53:35+00:00","dateModified":"2023-09-20T08:54:06+00:00","mainEntityOfPage":{"@id":"https:\/\/aktuelles.uni-frankfurt.de\/veranstaltungen\/rueckblick-auf-den-tag-der-berufsausbildung-der-persoenliche-austausch-zaehlt\/"},"wordCount":344,"publisher":{"@id":"https:\/\/aktuelles.uni-frankfurt.de\/#organization"},"image":{"@id":"https:\/\/aktuelles.uni-frankfurt.de\/veranstaltungen\/rueckblick-auf-den-tag-der-berufsausbildung-der-persoenliche-austausch-zaehlt\/#primaryimage"},"thumbnailUrl":"https:\/\/aktuelles.uni-frankfurt.de\/wp-content\/uploads\/2023\/09\/beitragsbild_tag-der-berufsausbildung-2023-jpg.webp","keywords":["Berufliche Ausbildung"],"articleSection":["Veranstaltungen"],"inLanguage":"en-GB"},{"@type":"WebPage","@id":"https:\/\/aktuelles.uni-frankfurt.de\/veranstaltungen\/rueckblick-auf-den-tag-der-berufsausbildung-der-persoenliche-austausch-zaehlt\/","url":"https:\/\/aktuelles.uni-frankfurt.de\/veranstaltungen\/rueckblick-auf-den-tag-der-berufsausbildung-der-persoenliche-austausch-zaehlt\/","name":"R\u00fcckblick auf den Tag der Berufsausbildung: Der pers\u00f6nliche Austausch z\u00e4hlt | Aktuelles aus der Goethe-Universit\u00e4t Frankfurt","isPartOf":{"@id":"https:\/\/aktuelles.uni-frankfurt.de\/#website"},"primaryImageOfPage":{"@id":"https:\/\/aktuelles.uni-frankfurt.de\/veranstaltungen\/rueckblick-auf-den-tag-der-berufsausbildung-der-persoenliche-austausch-zaehlt\/#primaryimage"},"image":{"@id":"https:\/\/aktuelles.uni-frankfurt.de\/veranstaltungen\/rueckblick-auf-den-tag-der-berufsausbildung-der-persoenliche-austausch-zaehlt\/#primaryimage"},"thumbnailUrl":"https:\/\/aktuelles.uni-frankfurt.de\/wp-content\/uploads\/2023\/09\/beitragsbild_tag-der-berufsausbildung-2023-jpg.webp","datePublished":"2023-09-20T08:53:35+00:00","dateModified":"2023-09-20T08:54:06+00:00","breadcrumb":{"@id":"https:\/\/aktuelles.uni-frankfurt.de\/veranstaltungen\/rueckblick-auf-den-tag-der-berufsausbildung-der-persoenliche-austausch-zaehlt\/#breadcrumb"},"inLanguage":"en-GB","potentialAction":[{"@type":"ReadAction","target":["https:\/\/aktuelles.uni-frankfurt.de\/veranstaltungen\/rueckblick-auf-den-tag-der-berufsausbildung-der-persoenliche-austausch-zaehlt\/"]}]},{"@type":"ImageObject","inLanguage":"en-GB","@id":"https:\/\/aktuelles.uni-frankfurt.de\/veranstaltungen\/rueckblick-auf-den-tag-der-berufsausbildung-der-persoenliche-austausch-zaehlt\/#primaryimage","url":"https:\/\/aktuelles.uni-frankfurt.de\/wp-content\/uploads\/2023\/09\/beitragsbild_tag-der-berufsausbildung-2023-jpg.webp","contentUrl":"https:\/\/aktuelles.uni-frankfurt.de\/wp-content\/uploads\/2023\/09\/beitragsbild_tag-der-berufsausbildung-2023-jpg.webp","width":650,"height":450},{"@type":"BreadcrumbList","@id":"https:\/\/aktuelles.uni-frankfurt.de\/veranstaltungen\/rueckblick-auf-den-tag-der-berufsausbildung-der-persoenliche-austausch-zaehlt\/#breadcrumb","itemListElement":[{"@type":"ListItem","position":1,"name":"Startseite","item":"https:\/\/aktuelles.uni-frankfurt.de\/"},{"@type":"ListItem","position":2,"name":"R\u00fcckblick auf den Tag der Berufsausbildung: Der pers\u00f6nliche Austausch z\u00e4hlt"}]},{"@type":"WebSite","@id":"https:\/\/aktuelles.uni-frankfurt.de\/#website","url":"https:\/\/aktuelles.uni-frankfurt.de\/","name":"Aktuelles aus der Goethe-Universit\u00e4t Frankfurt","description":"Aktuelles aus der Goethe-Universit\u00e4t | Neues aus Forschung, Lehre, Studium","publisher":{"@id":"https:\/\/aktuelles.uni-frankfurt.de\/#organization"},"potentialAction":[{"@type":"SearchAction","target":{"@type":"EntryPoint","urlTemplate":"https:\/\/aktuelles.uni-frankfurt.de\/?s={search_term_string}"},"query-input":{"@type":"PropertyValueSpecification","valueRequired":true,"valueName":"search_term_string"}}],"inLanguage":"en-GB"},{"@type":"Organization","@id":"https:\/\/aktuelles.uni-frankfurt.de\/#organization","name":"Goethe University Frankfurt","url":"https:\/\/aktuelles.uni-frankfurt.de\/","logo":{"@type":"ImageObject","inLanguage":"en-GB","@id":"https:\/\/aktuelles.uni-frankfurt.de\/#\/schema\/logo\/image\/","url":"https:\/\/aktuelles.uni-frankfurt.de\/wp-content\/uploads\/2022\/03\/800px-Goethe-Logo.png","contentUrl":"https:\/\/aktuelles.uni-frankfurt.de\/wp-content\/uploads\/2022\/03\/800px-Goethe-Logo.png","width":800,"height":436,"caption":"Goethe-Universit\u00e4t"},"image":{"@id":"https:\/\/aktuelles.uni-frankfurt.de\/#\/schema\/logo\/image\/"}},{"@type":"Person","@id":"https:\/\/aktuelles.uni-frankfurt.de\/#\/schema\/person\/8e55ea338fb65d1ce87a91565d1f1739","name":"-","description":"Dieser Beitrag wurde von der Online-Redaktion ver\u00f6ffentlicht. Wenn der Beitrag von einem Gastautoren verfasst wurde, findet sich dieser Hinweis am Ende des jeweiligen Artikels.","sameAs":["http:\/\/aktuelles.uni-frankfurt.de\/autoren"],"url":"https:\/\/aktuelles.uni-frankfurt.de\/en\/author\/redaktion\/"}]}},"_links":{"self":[{"href":"https:\/\/aktuelles.uni-frankfurt.de\/en\/wp-json\/wp\/v2\/posts\/74530","targetHints":{"allow":["GET"]}}],"collection":[{"href":"https:\/\/aktuelles.uni-frankfurt.de\/en\/wp-json\/wp\/v2\/posts"}],"about":[{"href":"https:\/\/aktuelles.uni-frankfurt.de\/en\/wp-json\/wp\/v2\/types\/post"}],"author":[{"embeddable":true,"href":"https:\/\/aktuelles.uni-frankfurt.de\/en\/wp-json\/wp\/v2\/users\/8"}],"replies":[{"embeddable":true,"href":"https:\/\/aktuelles.uni-frankfurt.de\/en\/wp-json\/wp\/v2\/comments?post=74530"}],"version-history":[{"count":0,"href":"https:\/\/aktuelles.uni-frankfurt.de\/en\/wp-json\/wp\/v2\/posts\/74530\/revisions"}],"wp:featuredmedia":[{"embeddable":true,"href":"https:\/\/aktuelles.uni-frankfurt.de\/en\/wp-json\/wp\/v2\/media\/74531"}],"wp:attachment":[{"href":"https:\/\/aktuelles.uni-frankfurt.de\/en\/wp-json\/wp\/v2\/media?parent=74530"}],"wp:term":[{"taxonomy":"category","embeddable":true,"href":"https:\/\/aktuelles.uni-frankfurt.de\/en\/wp-json\/wp\/v2\/categories?post=74530"},{"taxonomy":"post_tag","embeddable":true,"href":"https:\/\/aktuelles.uni-frankfurt.de\/en\/wp-json\/wp\/v2\/tags?post=74530"},{"taxonomy":"post_folder","embeddable":true,"href":"https:\/\/aktuelles.uni-frankfurt.de\/en\/wp-json\/wp\/v2\/post_folder?post=74530"}],"curies":[{"name":"wp","href":"https:\/\/api.w.org\/{rel}","templated":true}]}}