{"id":74976,"date":"2023-09-28T14:49:14","date_gmt":"2023-09-28T12:49:14","guid":{"rendered":"https:\/\/aktuelles.uni-frankfurt.de\/?p=74976"},"modified":"2023-09-28T14:51:07","modified_gmt":"2023-09-28T12:51:07","slug":"museum-giersch-der-goethe-universitaet-ist-teil-des-kooperationsprojekts-interior","status":"publish","type":"post","link":"https:\/\/aktuelles.uni-frankfurt.de\/en\/allgemein\/museum-giersch-der-goethe-universitaet-ist-teil-des-kooperationsprojekts-interior\/","title":{"rendered":"Museum Giersch der Goethe-Universit\u00e4t ist Teil des Kooperationsprojekts INTERIOR"},"content":{"rendered":"<p>Mit der Kunst- und Kulturstiftung Opelvillen R\u00fcsselsheim, dem Museum Sinclair-Haus in Bad Homburg, dem Kunstforum der TU Darmstadt, dem MGGU in Frankfurt, dem Kunsthaus Wiesbaden und dem Nassauischen Kunstverein Wiesbaden schlie\u00dfen sich sechs renommierte Kultureinrichtungen der Region zum Kooperationsprojekt INTERIOR zusammen, das im September 2024 er\u00f6ffnet wird. Die Kooperation INTERIOR wird gef\u00f6rdert durch den Kulturfonds Frankfurt RheinMain.<\/p>\n\n\n\n<p>INTERIOR wurde initiiert von Dr. Beate Kemfert, Vorstand der Kunst- und Kulturstiftung Opelvillen R\u00fcsselsheim. Die denkmalgesch\u00fctzten Opelvillen wurden als Wohnh\u00e4user gebaut und werden seit 2003 als Ausstellungsort genutzt. Gemein ist allen sechs INTERIOR-Partnerinstitutionen, dass sie ihren Platz in Geb\u00e4uden gefunden haben, die urspr\u00fcnglich f\u00fcr andere Zwecke und nicht f\u00fcr eine kulturelle Nutzung errichtet worden sind. Diese Bauten besitzen eine wechselvolle Geschichte, die mit der Umwandlung zu einem Museum oder Ausstellungsort in Vergessenheit geraten ist. Waren die R\u00fcsselsheimer Opelvillen, das Bad Homburger Museum Sinclair-Haus, der Nassauische Kunstverein Wiesbaden und das Frankfurter MGGU einst Privath\u00e4user, nutzt das Kunsthaus Wiesbaden R\u00e4umlichkeiten einer Schule und das Kunstforum Darmstadt die Maschinenhalle einer Hochschule zur Ausstellung zeitgen\u00f6ssischer Kunst.<\/p>\n\n\n\n<p>Im Zuge von INTERIOR halten die kooperierenden Kultureinrichtungen in einem Ausstellungsreigen ab Herbst 2024 bis Fr\u00fchjahr 2025 die eigene Geschichte lebendig. Dar\u00fcber hinaus wird neben der Ausstellungsreihe eine Online-Pr\u00e4senz entwickelt, bei der in sogenannten \u201eStory-Guides\u201c der Wandel der jeweiligen H\u00e4user von ihrer urspr\u00fcnglichen Nutzung bis heute dargestellt wird.<\/p>\n\n\n\n<p>Die Kooperation INTERIOR und die einzelnen Online-\u201eStory-Guides\u201c werden gemeinsam von allen Partnerinstitutionen am Donnerstag, den 12. September 2024 um 11 Uhr in den Opelvillen vorgestellt.<\/p>\n\n\n\n<div style=\"height:20px\" aria-hidden=\"true\" class=\"wp-block-spacer\"><\/div>\n\n\n\n<p class=\"has-background\" style=\"background-color:#eeeeee\"><strong>Museum Giersch der Goethe-Universit\u00e4t <br><\/strong>Schaumainkai 83<br>60596 Frankfurt am Main<br><a href=\"https:\/\/www.mggu.de\">www.mggu.de<br><\/a><br><em>Das Museum ist aktuell wegen Umbau geschlossen.<\/em><\/p>","protected":false},"excerpt":{"rendered":"<p>Mit der Kunst- und Kulturstiftung Opelvillen R\u00fcsselsheim, dem Museum Sinclair-Haus in Bad Homburg, dem Kunstforum der TU Darmstadt, dem MGGU in Frankfurt, dem Kunsthaus Wiesbaden und dem Nassauischen Kunstverein Wiesbaden [&hellip;]<\/p>\n","protected":false},"author":8,"featured_media":73838,"comment_status":"closed","ping_status":"closed","sticky":false,"template":"","format":"standard","meta":{"_eb_attr":"","_price":"","_stock":"","_tribe_ticket_header":"","_tribe_default_ticket_provider":"","_ticket_start_date":"","_ticket_end_date":"","_tribe_ticket_show_description":"","_tribe_ticket_show_not_going":false,"_tribe_ticket_use_global_stock":"","_tribe_ticket_global_stock_level":"","_global_stock_mode":"","_global_stock_cap":"","_tribe_rsvp_for_event":"","_tribe_ticket_going_count":"","_tribe_ticket_not_going_count":"","_tribe_tickets_list":"[]","_tribe_ticket_has_attendee_info_fields":false,"footnotes":""},"categories":[1],"tags":[60],"post_folder":[],"class_list":["post-74976","post","type-post","status-publish","format-standard","has-post-thumbnail","hentry","category-allgemein","tag-museum-giersch"],"yoast_head":"<!-- This site is optimized with the Yoast SEO plugin v27.5 - https:\/\/yoast.com\/product\/yoast-seo-wordpress\/ -->\n<title>Museum Giersch der Goethe-Universit\u00e4t ist Teil des Kooperationsprojekts INTERIOR | Aktuelles aus der Goethe-Universit\u00e4t Frankfurt<\/title>\n<meta name=\"robots\" content=\"index, follow, max-snippet:-1, max-image-preview:large, max-video-preview:-1\" \/>\n<link rel=\"canonical\" href=\"https:\/\/aktuelles.uni-frankfurt.de\/en\/allgemein\/museum-giersch-der-goethe-universitaet-ist-teil-des-kooperationsprojekts-interior\/\" \/>\n<meta property=\"og:locale\" content=\"en_GB\" \/>\n<meta property=\"og:type\" content=\"article\" \/>\n<meta property=\"og:title\" content=\"Museum Giersch der Goethe-Universit\u00e4t ist Teil des Kooperationsprojekts INTERIOR | Aktuelles aus der Goethe-Universit\u00e4t Frankfurt\" \/>\n<meta property=\"og:description\" content=\"Mit der Kunst- und Kulturstiftung Opelvillen R\u00fcsselsheim, dem Museum Sinclair-Haus in Bad Homburg, dem Kunstforum der TU Darmstadt, dem MGGU in Frankfurt, dem Kunsthaus Wiesbaden und dem Nassauischen Kunstverein Wiesbaden [&hellip;]\" \/>\n<meta property=\"og:url\" content=\"https:\/\/aktuelles.uni-frankfurt.de\/en\/allgemein\/museum-giersch-der-goethe-universitaet-ist-teil-des-kooperationsprojekts-interior\/\" \/>\n<meta property=\"og:site_name\" content=\"Aktuelles aus der Goethe-Universit\u00e4t Frankfurt\" \/>\n<meta property=\"article:published_time\" content=\"2023-09-28T12:49:14+00:00\" \/>\n<meta property=\"article:modified_time\" content=\"2023-09-28T12:51:07+00:00\" \/>\n<meta property=\"og:image\" content=\"https:\/\/aktuelles.uni-frankfurt.de\/wp-content\/uploads\/2023\/08\/beitragsbild_MGGU-Ernst-Weil-jpg.webp\" \/>\n\t<meta property=\"og:image:width\" content=\"650\" \/>\n\t<meta property=\"og:image:height\" content=\"450\" \/>\n\t<meta property=\"og:image:type\" content=\"image\/jpeg\" \/>\n<meta name=\"author\" content=\"-\" \/>\n<meta name=\"twitter:card\" content=\"summary_large_image\" \/>\n<meta name=\"twitter:label1\" content=\"Written by\" \/>\n\t<meta name=\"twitter:data1\" content=\"-\" \/>\n\t<meta name=\"twitter:label2\" content=\"Estimated reading time\" \/>\n\t<meta name=\"twitter:data2\" content=\"1 minute\" \/>\n<script type=\"application\/ld+json\" class=\"yoast-schema-graph\">{\"@context\":\"https:\\\/\\\/schema.org\",\"@graph\":[{\"@type\":\"Article\",\"@id\":\"https:\\\/\\\/aktuelles.uni-frankfurt.de\\\/allgemein\\\/museum-giersch-der-goethe-universitaet-ist-teil-des-kooperationsprojekts-interior\\\/#article\",\"isPartOf\":{\"@id\":\"https:\\\/\\\/aktuelles.uni-frankfurt.de\\\/allgemein\\\/museum-giersch-der-goethe-universitaet-ist-teil-des-kooperationsprojekts-interior\\\/\"},\"author\":{\"name\":\"-\",\"@id\":\"https:\\\/\\\/aktuelles.uni-frankfurt.de\\\/#\\\/schema\\\/person\\\/8e55ea338fb65d1ce87a91565d1f1739\"},\"headline\":\"Museum Giersch der Goethe-Universit\u00e4t ist Teil des Kooperationsprojekts INTERIOR\",\"datePublished\":\"2023-09-28T12:49:14+00:00\",\"dateModified\":\"2023-09-28T12:51:07+00:00\",\"mainEntityOfPage\":{\"@id\":\"https:\\\/\\\/aktuelles.uni-frankfurt.de\\\/allgemein\\\/museum-giersch-der-goethe-universitaet-ist-teil-des-kooperationsprojekts-interior\\\/\"},\"wordCount\":285,\"publisher\":{\"@id\":\"https:\\\/\\\/aktuelles.uni-frankfurt.de\\\/#organization\"},\"image\":{\"@id\":\"https:\\\/\\\/aktuelles.uni-frankfurt.de\\\/allgemein\\\/museum-giersch-der-goethe-universitaet-ist-teil-des-kooperationsprojekts-interior\\\/#primaryimage\"},\"thumbnailUrl\":\"https:\\\/\\\/aktuelles.uni-frankfurt.de\\\/wp-content\\\/uploads\\\/2023\\\/08\\\/beitragsbild_MGGU-Ernst-Weil-jpg.webp\",\"keywords\":[\"Museum Giersch\"],\"articleSection\":[\"Allgemein\"],\"inLanguage\":\"en-GB\"},{\"@type\":\"WebPage\",\"@id\":\"https:\\\/\\\/aktuelles.uni-frankfurt.de\\\/allgemein\\\/museum-giersch-der-goethe-universitaet-ist-teil-des-kooperationsprojekts-interior\\\/\",\"url\":\"https:\\\/\\\/aktuelles.uni-frankfurt.de\\\/allgemein\\\/museum-giersch-der-goethe-universitaet-ist-teil-des-kooperationsprojekts-interior\\\/\",\"name\":\"Museum Giersch der Goethe-Universit\u00e4t ist Teil des Kooperationsprojekts INTERIOR | Aktuelles aus der Goethe-Universit\u00e4t Frankfurt\",\"isPartOf\":{\"@id\":\"https:\\\/\\\/aktuelles.uni-frankfurt.de\\\/#website\"},\"primaryImageOfPage\":{\"@id\":\"https:\\\/\\\/aktuelles.uni-frankfurt.de\\\/allgemein\\\/museum-giersch-der-goethe-universitaet-ist-teil-des-kooperationsprojekts-interior\\\/#primaryimage\"},\"image\":{\"@id\":\"https:\\\/\\\/aktuelles.uni-frankfurt.de\\\/allgemein\\\/museum-giersch-der-goethe-universitaet-ist-teil-des-kooperationsprojekts-interior\\\/#primaryimage\"},\"thumbnailUrl\":\"https:\\\/\\\/aktuelles.uni-frankfurt.de\\\/wp-content\\\/uploads\\\/2023\\\/08\\\/beitragsbild_MGGU-Ernst-Weil-jpg.webp\",\"datePublished\":\"2023-09-28T12:49:14+00:00\",\"dateModified\":\"2023-09-28T12:51:07+00:00\",\"breadcrumb\":{\"@id\":\"https:\\\/\\\/aktuelles.uni-frankfurt.de\\\/allgemein\\\/museum-giersch-der-goethe-universitaet-ist-teil-des-kooperationsprojekts-interior\\\/#breadcrumb\"},\"inLanguage\":\"en-GB\",\"potentialAction\":[{\"@type\":\"ReadAction\",\"target\":[\"https:\\\/\\\/aktuelles.uni-frankfurt.de\\\/allgemein\\\/museum-giersch-der-goethe-universitaet-ist-teil-des-kooperationsprojekts-interior\\\/\"]}]},{\"@type\":\"ImageObject\",\"inLanguage\":\"en-GB\",\"@id\":\"https:\\\/\\\/aktuelles.uni-frankfurt.de\\\/allgemein\\\/museum-giersch-der-goethe-universitaet-ist-teil-des-kooperationsprojekts-interior\\\/#primaryimage\",\"url\":\"https:\\\/\\\/aktuelles.uni-frankfurt.de\\\/wp-content\\\/uploads\\\/2023\\\/08\\\/beitragsbild_MGGU-Ernst-Weil-jpg.webp\",\"contentUrl\":\"https:\\\/\\\/aktuelles.uni-frankfurt.de\\\/wp-content\\\/uploads\\\/2023\\\/08\\\/beitragsbild_MGGU-Ernst-Weil-jpg.webp\",\"width\":650,\"height\":450},{\"@type\":\"BreadcrumbList\",\"@id\":\"https:\\\/\\\/aktuelles.uni-frankfurt.de\\\/allgemein\\\/museum-giersch-der-goethe-universitaet-ist-teil-des-kooperationsprojekts-interior\\\/#breadcrumb\",\"itemListElement\":[{\"@type\":\"ListItem\",\"position\":1,\"name\":\"Startseite\",\"item\":\"https:\\\/\\\/aktuelles.uni-frankfurt.de\\\/\"},{\"@type\":\"ListItem\",\"position\":2,\"name\":\"Museum Giersch der Goethe-Universit\u00e4t ist Teil des Kooperationsprojekts INTERIOR\"}]},{\"@type\":\"WebSite\",\"@id\":\"https:\\\/\\\/aktuelles.uni-frankfurt.de\\\/#website\",\"url\":\"https:\\\/\\\/aktuelles.uni-frankfurt.de\\\/\",\"name\":\"Aktuelles aus der Goethe-Universit\u00e4t Frankfurt\",\"description\":\"Aktuelles aus der Goethe-Universit\u00e4t | Neues aus Forschung, Lehre, Studium\",\"publisher\":{\"@id\":\"https:\\\/\\\/aktuelles.uni-frankfurt.de\\\/#organization\"},\"potentialAction\":[{\"@type\":\"SearchAction\",\"target\":{\"@type\":\"EntryPoint\",\"urlTemplate\":\"https:\\\/\\\/aktuelles.uni-frankfurt.de\\\/?s={search_term_string}\"},\"query-input\":{\"@type\":\"PropertyValueSpecification\",\"valueRequired\":true,\"valueName\":\"search_term_string\"}}],\"inLanguage\":\"en-GB\"},{\"@type\":\"Organization\",\"@id\":\"https:\\\/\\\/aktuelles.uni-frankfurt.de\\\/#organization\",\"name\":\"Goethe-Universit\u00e4t\",\"url\":\"https:\\\/\\\/aktuelles.uni-frankfurt.de\\\/\",\"logo\":{\"@type\":\"ImageObject\",\"inLanguage\":\"en-GB\",\"@id\":\"https:\\\/\\\/aktuelles.uni-frankfurt.de\\\/#\\\/schema\\\/logo\\\/image\\\/\",\"url\":\"https:\\\/\\\/aktuelles.uni-frankfurt.de\\\/wp-content\\\/uploads\\\/2022\\\/03\\\/800px-Goethe-Logo.png\",\"contentUrl\":\"https:\\\/\\\/aktuelles.uni-frankfurt.de\\\/wp-content\\\/uploads\\\/2022\\\/03\\\/800px-Goethe-Logo.png\",\"width\":800,\"height\":436,\"caption\":\"Goethe-Universit\u00e4t\"},\"image\":{\"@id\":\"https:\\\/\\\/aktuelles.uni-frankfurt.de\\\/#\\\/schema\\\/logo\\\/image\\\/\"}},{\"@type\":\"Person\",\"@id\":\"https:\\\/\\\/aktuelles.uni-frankfurt.de\\\/#\\\/schema\\\/person\\\/8e55ea338fb65d1ce87a91565d1f1739\",\"name\":\"-\",\"description\":\"Dieser Beitrag wurde von der Online-Redaktion ver\u00f6ffentlicht. Wenn der Beitrag von einem Gastautoren verfasst wurde, findet sich dieser Hinweis am Ende des jeweiligen Artikels.\",\"sameAs\":[\"http:\\\/\\\/aktuelles.uni-frankfurt.de\\\/autoren\"],\"url\":\"https:\\\/\\\/aktuelles.uni-frankfurt.de\\\/en\\\/author\\\/redaktion\\\/\"}]}<\/script>\n<!-- \/ Yoast SEO plugin. -->","yoast_head_json":{"title":"Museum Giersch der Goethe-Universit\u00e4t ist Teil des Kooperationsprojekts INTERIOR | Aktuelles aus der Goethe-Universit\u00e4t Frankfurt","robots":{"index":"index","follow":"follow","max-snippet":"max-snippet:-1","max-image-preview":"max-image-preview:large","max-video-preview":"max-video-preview:-1"},"canonical":"https:\/\/aktuelles.uni-frankfurt.de\/en\/allgemein\/museum-giersch-der-goethe-universitaet-ist-teil-des-kooperationsprojekts-interior\/","og_locale":"en_GB","og_type":"article","og_title":"Museum Giersch der Goethe-Universit\u00e4t ist Teil des Kooperationsprojekts INTERIOR | Aktuelles aus der Goethe-Universit\u00e4t Frankfurt","og_description":"Mit der Kunst- und Kulturstiftung Opelvillen R\u00fcsselsheim, dem Museum Sinclair-Haus in Bad Homburg, dem Kunstforum der TU Darmstadt, dem MGGU in Frankfurt, dem Kunsthaus Wiesbaden und dem Nassauischen Kunstverein Wiesbaden [&hellip;]","og_url":"https:\/\/aktuelles.uni-frankfurt.de\/en\/allgemein\/museum-giersch-der-goethe-universitaet-ist-teil-des-kooperationsprojekts-interior\/","og_site_name":"Aktuelles aus der Goethe-Universit\u00e4t Frankfurt","article_published_time":"2023-09-28T12:49:14+00:00","article_modified_time":"2023-09-28T12:51:07+00:00","og_image":[{"width":650,"height":450,"url":"https:\/\/aktuelles.uni-frankfurt.de\/wp-content\/uploads\/2023\/08\/beitragsbild_MGGU-Ernst-Weil-jpg.webp","type":"image\/jpeg"}],"author":"-","twitter_card":"summary_large_image","twitter_misc":{"Written by":"-","Estimated reading time":"1 minute"},"schema":{"@context":"https:\/\/schema.org","@graph":[{"@type":"Article","@id":"https:\/\/aktuelles.uni-frankfurt.de\/allgemein\/museum-giersch-der-goethe-universitaet-ist-teil-des-kooperationsprojekts-interior\/#article","isPartOf":{"@id":"https:\/\/aktuelles.uni-frankfurt.de\/allgemein\/museum-giersch-der-goethe-universitaet-ist-teil-des-kooperationsprojekts-interior\/"},"author":{"name":"-","@id":"https:\/\/aktuelles.uni-frankfurt.de\/#\/schema\/person\/8e55ea338fb65d1ce87a91565d1f1739"},"headline":"Museum Giersch der Goethe-Universit\u00e4t ist Teil des Kooperationsprojekts INTERIOR","datePublished":"2023-09-28T12:49:14+00:00","dateModified":"2023-09-28T12:51:07+00:00","mainEntityOfPage":{"@id":"https:\/\/aktuelles.uni-frankfurt.de\/allgemein\/museum-giersch-der-goethe-universitaet-ist-teil-des-kooperationsprojekts-interior\/"},"wordCount":285,"publisher":{"@id":"https:\/\/aktuelles.uni-frankfurt.de\/#organization"},"image":{"@id":"https:\/\/aktuelles.uni-frankfurt.de\/allgemein\/museum-giersch-der-goethe-universitaet-ist-teil-des-kooperationsprojekts-interior\/#primaryimage"},"thumbnailUrl":"https:\/\/aktuelles.uni-frankfurt.de\/wp-content\/uploads\/2023\/08\/beitragsbild_MGGU-Ernst-Weil-jpg.webp","keywords":["Museum Giersch"],"articleSection":["Allgemein"],"inLanguage":"en-GB"},{"@type":"WebPage","@id":"https:\/\/aktuelles.uni-frankfurt.de\/allgemein\/museum-giersch-der-goethe-universitaet-ist-teil-des-kooperationsprojekts-interior\/","url":"https:\/\/aktuelles.uni-frankfurt.de\/allgemein\/museum-giersch-der-goethe-universitaet-ist-teil-des-kooperationsprojekts-interior\/","name":"Museum Giersch der Goethe-Universit\u00e4t ist Teil des Kooperationsprojekts INTERIOR | Aktuelles aus der Goethe-Universit\u00e4t Frankfurt","isPartOf":{"@id":"https:\/\/aktuelles.uni-frankfurt.de\/#website"},"primaryImageOfPage":{"@id":"https:\/\/aktuelles.uni-frankfurt.de\/allgemein\/museum-giersch-der-goethe-universitaet-ist-teil-des-kooperationsprojekts-interior\/#primaryimage"},"image":{"@id":"https:\/\/aktuelles.uni-frankfurt.de\/allgemein\/museum-giersch-der-goethe-universitaet-ist-teil-des-kooperationsprojekts-interior\/#primaryimage"},"thumbnailUrl":"https:\/\/aktuelles.uni-frankfurt.de\/wp-content\/uploads\/2023\/08\/beitragsbild_MGGU-Ernst-Weil-jpg.webp","datePublished":"2023-09-28T12:49:14+00:00","dateModified":"2023-09-28T12:51:07+00:00","breadcrumb":{"@id":"https:\/\/aktuelles.uni-frankfurt.de\/allgemein\/museum-giersch-der-goethe-universitaet-ist-teil-des-kooperationsprojekts-interior\/#breadcrumb"},"inLanguage":"en-GB","potentialAction":[{"@type":"ReadAction","target":["https:\/\/aktuelles.uni-frankfurt.de\/allgemein\/museum-giersch-der-goethe-universitaet-ist-teil-des-kooperationsprojekts-interior\/"]}]},{"@type":"ImageObject","inLanguage":"en-GB","@id":"https:\/\/aktuelles.uni-frankfurt.de\/allgemein\/museum-giersch-der-goethe-universitaet-ist-teil-des-kooperationsprojekts-interior\/#primaryimage","url":"https:\/\/aktuelles.uni-frankfurt.de\/wp-content\/uploads\/2023\/08\/beitragsbild_MGGU-Ernst-Weil-jpg.webp","contentUrl":"https:\/\/aktuelles.uni-frankfurt.de\/wp-content\/uploads\/2023\/08\/beitragsbild_MGGU-Ernst-Weil-jpg.webp","width":650,"height":450},{"@type":"BreadcrumbList","@id":"https:\/\/aktuelles.uni-frankfurt.de\/allgemein\/museum-giersch-der-goethe-universitaet-ist-teil-des-kooperationsprojekts-interior\/#breadcrumb","itemListElement":[{"@type":"ListItem","position":1,"name":"Startseite","item":"https:\/\/aktuelles.uni-frankfurt.de\/"},{"@type":"ListItem","position":2,"name":"Museum Giersch der Goethe-Universit\u00e4t ist Teil des Kooperationsprojekts INTERIOR"}]},{"@type":"WebSite","@id":"https:\/\/aktuelles.uni-frankfurt.de\/#website","url":"https:\/\/aktuelles.uni-frankfurt.de\/","name":"Aktuelles aus der Goethe-Universit\u00e4t Frankfurt","description":"Aktuelles aus der Goethe-Universit\u00e4t | Neues aus Forschung, Lehre, Studium","publisher":{"@id":"https:\/\/aktuelles.uni-frankfurt.de\/#organization"},"potentialAction":[{"@type":"SearchAction","target":{"@type":"EntryPoint","urlTemplate":"https:\/\/aktuelles.uni-frankfurt.de\/?s={search_term_string}"},"query-input":{"@type":"PropertyValueSpecification","valueRequired":true,"valueName":"search_term_string"}}],"inLanguage":"en-GB"},{"@type":"Organization","@id":"https:\/\/aktuelles.uni-frankfurt.de\/#organization","name":"Goethe University Frankfurt","url":"https:\/\/aktuelles.uni-frankfurt.de\/","logo":{"@type":"ImageObject","inLanguage":"en-GB","@id":"https:\/\/aktuelles.uni-frankfurt.de\/#\/schema\/logo\/image\/","url":"https:\/\/aktuelles.uni-frankfurt.de\/wp-content\/uploads\/2022\/03\/800px-Goethe-Logo.png","contentUrl":"https:\/\/aktuelles.uni-frankfurt.de\/wp-content\/uploads\/2022\/03\/800px-Goethe-Logo.png","width":800,"height":436,"caption":"Goethe-Universit\u00e4t"},"image":{"@id":"https:\/\/aktuelles.uni-frankfurt.de\/#\/schema\/logo\/image\/"}},{"@type":"Person","@id":"https:\/\/aktuelles.uni-frankfurt.de\/#\/schema\/person\/8e55ea338fb65d1ce87a91565d1f1739","name":"-","description":"Dieser Beitrag wurde von der Online-Redaktion ver\u00f6ffentlicht. Wenn der Beitrag von einem Gastautoren verfasst wurde, findet sich dieser Hinweis am Ende des jeweiligen Artikels.","sameAs":["http:\/\/aktuelles.uni-frankfurt.de\/autoren"],"url":"https:\/\/aktuelles.uni-frankfurt.de\/en\/author\/redaktion\/"}]}},"_links":{"self":[{"href":"https:\/\/aktuelles.uni-frankfurt.de\/en\/wp-json\/wp\/v2\/posts\/74976","targetHints":{"allow":["GET"]}}],"collection":[{"href":"https:\/\/aktuelles.uni-frankfurt.de\/en\/wp-json\/wp\/v2\/posts"}],"about":[{"href":"https:\/\/aktuelles.uni-frankfurt.de\/en\/wp-json\/wp\/v2\/types\/post"}],"author":[{"embeddable":true,"href":"https:\/\/aktuelles.uni-frankfurt.de\/en\/wp-json\/wp\/v2\/users\/8"}],"replies":[{"embeddable":true,"href":"https:\/\/aktuelles.uni-frankfurt.de\/en\/wp-json\/wp\/v2\/comments?post=74976"}],"version-history":[{"count":0,"href":"https:\/\/aktuelles.uni-frankfurt.de\/en\/wp-json\/wp\/v2\/posts\/74976\/revisions"}],"wp:featuredmedia":[{"embeddable":true,"href":"https:\/\/aktuelles.uni-frankfurt.de\/en\/wp-json\/wp\/v2\/media\/73838"}],"wp:attachment":[{"href":"https:\/\/aktuelles.uni-frankfurt.de\/en\/wp-json\/wp\/v2\/media?parent=74976"}],"wp:term":[{"taxonomy":"category","embeddable":true,"href":"https:\/\/aktuelles.uni-frankfurt.de\/en\/wp-json\/wp\/v2\/categories?post=74976"},{"taxonomy":"post_tag","embeddable":true,"href":"https:\/\/aktuelles.uni-frankfurt.de\/en\/wp-json\/wp\/v2\/tags?post=74976"},{"taxonomy":"post_folder","embeddable":true,"href":"https:\/\/aktuelles.uni-frankfurt.de\/en\/wp-json\/wp\/v2\/post_folder?post=74976"}],"curies":[{"name":"wp","href":"https:\/\/api.w.org\/{rel}","templated":true}]}}