{"id":77501,"date":"2023-11-14T12:39:18","date_gmt":"2023-11-14T11:39:18","guid":{"rendered":"https:\/\/aktuelles.uni-frankfurt.de\/?p=77501"},"modified":"2023-11-17T14:31:00","modified_gmt":"2023-11-17T13:31:00","slug":"mentoring-programm-growgoethe-geht-mit-fast-doppelt-so-vielen-studierenden-in-die-zweite-runde","status":"publish","type":"post","link":"https:\/\/aktuelles.uni-frankfurt.de\/en\/studium\/mentoring-programm-growgoethe-geht-mit-fast-doppelt-so-vielen-studierenden-in-die-zweite-runde\/","title":{"rendered":"Mentoring-Programm GROW@Goethe geht mit fast doppelt so vielen Studierenden in die zweite Runde"},"content":{"rendered":"<figure class=\"wp-block-image aligncenter size-full\"><a href=\"https:\/\/aktuelles.uni-frankfurt.de\/wp-content\/uploads\/2023\/11\/beitragsbild_MentoringGROW.jpg\"><img fetchpriority=\"high\" decoding=\"async\" width=\"650\" height=\"450\" src=\"https:\/\/aktuelles.uni-frankfurt.de\/wp-content\/uploads\/2023\/11\/beitragsbild_MentoringGROW.jpg\" alt=\"\" class=\"wp-image-77502\" srcset=\"https:\/\/aktuelles.uni-frankfurt.de\/wp-content\/uploads\/2023\/11\/beitragsbild_MentoringGROW.jpg 650w, https:\/\/aktuelles.uni-frankfurt.de\/wp-content\/uploads\/2023\/11\/beitragsbild_MentoringGROW-300x208.webp 300w, https:\/\/aktuelles.uni-frankfurt.de\/wp-content\/uploads\/2023\/11\/beitragsbild_MentoringGROW-18x12.webp 18w\" sizes=\"(max-width: 650px) 100vw, 650px\" \/><\/a><figcaption class=\"wp-element-caption\">Foto: Lecher<\/figcaption><\/figure>\n\n\n\n<p>Zum Sommersemester 2023 ist das berufliche Mentoring-Programm GROW@Goethe an der Goethe-Universit\u00e4t gestartet \u2013 und stie\u00df bereits auf gro\u00dfes Interesse. Nachdem an der ersten Runde 100 Studierende teilgenommen haben, die von 88 ehrenamtlichen Mentorinnen und Mentoren unterst\u00fctzt wurden, geht das Projekt nun mit 191 Teilnehmern ins Wintersemester, also fast doppelt so vielen wie beim Start im Sommersemester. Auch die Zahl der Mentorinnen und Mentoren ist angestiegen, nun sind es 132. Sie haben allesamt selbst ihren Abschluss an der Goethe-Universit\u00e4t gemacht und stehen bereits im Berufsleben. &nbsp;Mit ihrem freiwilligen Engagement stehen sie in der Tradition der Goethe-Universit\u00e4t, deren Gr\u00fcndung vor 109 Jahren auf b\u00fcrgerschaftlichem Einsatz beruhte.<\/p>\n\n\n\n<p>Das fach\u00fcbergreifende Mentoring-Programm GROW@Goethe steht allen Studierenden offen. Es soll sie bei ihrer beruflichen Entwicklung unterst\u00fctzen und zur Chancengerechtigkeit beitragen. Angesichts der Tatsache, dass berufliche Netzwerke nicht allen jungen Leuten gleicherma\u00dfen offenstehen, soll das Programm neue M\u00f6glichkeiten schaffen. Wer w\u00e4hrend des Studiums klare berufliche Perspektiven entwickelt, studiert meist mit mehr Motivation, der Eintritt ins Berufsleben gelingt leichter.<\/p>\n\n\n\n<p>Die zweite Kohorte des Programms ist am 13. November im Festsaal am Campus Westend feierlich begr\u00fc\u00dft worden. F\u00fcr Unterhaltung sorgte die Improvisationstheater-Gruppe \u201eDer Fuchs\u201c, die die Anwesenden in ihr interaktives Programm einbezog. Bei themenbezogenen Diskussionsrunden konnten Mentees und ihre Mentorinnen bzw. Mentoren ins Gespr\u00e4ch kommen und sich miteinander vernetzen.&nbsp; Das positive Feedback von beiden Seiten verdeutlicht den Bedarf, wie notwendig und wichtig das Mentoring-Programm ist. Die Studierenden profitieren, indem sie wertvolle Kenntnisse und praktische Erfahrungen sammeln und zugleich ein starkes berufliches Netzwerk aufbauen k\u00f6nnen. Beim zugeh\u00f6rigen Bildungsforum k\u00f6nnen sie regelm\u00e4\u00dfig spannende Vortr\u00e4ge und Workshops anh\u00f6ren, die vertiefendes Wissen und wichtige Kompetenzen f\u00fcr ihre zuk\u00fcnftige berufliche Laufbahn vermitteln.<\/p>\n\n\n\n<p>Dar\u00fcber hinaus f\u00f6rdert das GROW@Goethe-Programm das Netzwerken auch der Studierenden untereinander.<\/p>","protected":false},"excerpt":{"rendered":"<p>Zum Sommersemester 2023 ist das berufliche Mentoring-Programm GROW@Goethe an der Goethe-Universit\u00e4t gestartet \u2013 und stie\u00df bereits auf gro\u00dfes Interesse. Nachdem an der ersten Runde 100 Studierende teilgenommen haben, die von [&hellip;]<\/p>\n","protected":false},"author":8,"featured_media":77502,"comment_status":"closed","ping_status":"closed","sticky":false,"template":"","format":"standard","meta":{"_eb_attr":"","_price":"","_stock":"","_tribe_ticket_header":"","_tribe_default_ticket_provider":"","_ticket_start_date":"","_ticket_end_date":"","_tribe_ticket_show_description":"","_tribe_ticket_show_not_going":false,"_tribe_ticket_use_global_stock":"","_tribe_ticket_global_stock_level":"","_global_stock_mode":"","_global_stock_cap":"","_tribe_rsvp_for_event":"","_tribe_ticket_going_count":"","_tribe_ticket_not_going_count":"","_tribe_tickets_list":"[]","_tribe_ticket_has_attendee_info_fields":false,"footnotes":""},"categories":[9,91],"tags":[],"post_folder":[],"class_list":["post-77501","post","type-post","status-publish","format-standard","has-post-thumbnail","hentry","category-studium","category-zticky"],"yoast_head":"<!-- This site is optimized with the Yoast SEO plugin v27.5 - https:\/\/yoast.com\/product\/yoast-seo-wordpress\/ -->\n<title>Mentoring-Programm GROW@Goethe geht mit fast doppelt so vielen Studierenden in die zweite Runde | Aktuelles aus der Goethe-Universit\u00e4t Frankfurt<\/title>\n<meta name=\"robots\" content=\"index, follow, max-snippet:-1, max-image-preview:large, max-video-preview:-1\" \/>\n<link rel=\"canonical\" href=\"https:\/\/aktuelles.uni-frankfurt.de\/en\/studium\/mentoring-programm-growgoethe-geht-mit-fast-doppelt-so-vielen-studierenden-in-die-zweite-runde\/\" \/>\n<meta property=\"og:locale\" content=\"en_GB\" \/>\n<meta property=\"og:type\" content=\"article\" \/>\n<meta property=\"og:title\" content=\"Mentoring-Programm GROW@Goethe geht mit fast doppelt so vielen Studierenden in die zweite Runde | Aktuelles aus der Goethe-Universit\u00e4t Frankfurt\" \/>\n<meta property=\"og:description\" content=\"Zum Sommersemester 2023 ist das berufliche Mentoring-Programm GROW@Goethe an der Goethe-Universit\u00e4t gestartet \u2013 und stie\u00df bereits auf gro\u00dfes Interesse. Nachdem an der ersten Runde 100 Studierende teilgenommen haben, die von [&hellip;]\" \/>\n<meta property=\"og:url\" content=\"https:\/\/aktuelles.uni-frankfurt.de\/en\/studium\/mentoring-programm-growgoethe-geht-mit-fast-doppelt-so-vielen-studierenden-in-die-zweite-runde\/\" \/>\n<meta property=\"og:site_name\" content=\"Aktuelles aus der Goethe-Universit\u00e4t Frankfurt\" \/>\n<meta property=\"article:published_time\" content=\"2023-11-14T11:39:18+00:00\" \/>\n<meta property=\"article:modified_time\" content=\"2023-11-17T13:31:00+00:00\" \/>\n<meta property=\"og:image\" content=\"https:\/\/aktuelles.uni-frankfurt.de\/wp-content\/uploads\/2023\/11\/beitragsbild_MentoringGROW.jpg\" \/>\n\t<meta property=\"og:image:width\" content=\"650\" \/>\n\t<meta property=\"og:image:height\" content=\"450\" \/>\n\t<meta property=\"og:image:type\" content=\"image\/jpeg\" \/>\n<meta name=\"author\" content=\"-\" \/>\n<meta name=\"twitter:card\" content=\"summary_large_image\" \/>\n<meta name=\"twitter:label1\" content=\"Written by\" \/>\n\t<meta name=\"twitter:data1\" content=\"-\" \/>\n\t<meta name=\"twitter:label2\" content=\"Estimated reading time\" \/>\n\t<meta name=\"twitter:data2\" content=\"2 minutes\" \/>\n<script type=\"application\/ld+json\" class=\"yoast-schema-graph\">{\"@context\":\"https:\\\/\\\/schema.org\",\"@graph\":[{\"@type\":\"Article\",\"@id\":\"https:\\\/\\\/aktuelles.uni-frankfurt.de\\\/studium\\\/mentoring-programm-growgoethe-geht-mit-fast-doppelt-so-vielen-studierenden-in-die-zweite-runde\\\/#article\",\"isPartOf\":{\"@id\":\"https:\\\/\\\/aktuelles.uni-frankfurt.de\\\/studium\\\/mentoring-programm-growgoethe-geht-mit-fast-doppelt-so-vielen-studierenden-in-die-zweite-runde\\\/\"},\"author\":{\"name\":\"-\",\"@id\":\"https:\\\/\\\/aktuelles.uni-frankfurt.de\\\/#\\\/schema\\\/person\\\/8e55ea338fb65d1ce87a91565d1f1739\"},\"headline\":\"Mentoring-Programm GROW@Goethe geht mit fast doppelt so vielen Studierenden in die zweite Runde\",\"datePublished\":\"2023-11-14T11:39:18+00:00\",\"dateModified\":\"2023-11-17T13:31:00+00:00\",\"mainEntityOfPage\":{\"@id\":\"https:\\\/\\\/aktuelles.uni-frankfurt.de\\\/studium\\\/mentoring-programm-growgoethe-geht-mit-fast-doppelt-so-vielen-studierenden-in-die-zweite-runde\\\/\"},\"wordCount\":317,\"publisher\":{\"@id\":\"https:\\\/\\\/aktuelles.uni-frankfurt.de\\\/#organization\"},\"image\":{\"@id\":\"https:\\\/\\\/aktuelles.uni-frankfurt.de\\\/studium\\\/mentoring-programm-growgoethe-geht-mit-fast-doppelt-so-vielen-studierenden-in-die-zweite-runde\\\/#primaryimage\"},\"thumbnailUrl\":\"https:\\\/\\\/aktuelles.uni-frankfurt.de\\\/wp-content\\\/uploads\\\/2023\\\/11\\\/beitragsbild_MentoringGROW.jpg\",\"articleSection\":[\"Studium\",\"Zticky\"],\"inLanguage\":\"en-GB\"},{\"@type\":\"WebPage\",\"@id\":\"https:\\\/\\\/aktuelles.uni-frankfurt.de\\\/studium\\\/mentoring-programm-growgoethe-geht-mit-fast-doppelt-so-vielen-studierenden-in-die-zweite-runde\\\/\",\"url\":\"https:\\\/\\\/aktuelles.uni-frankfurt.de\\\/studium\\\/mentoring-programm-growgoethe-geht-mit-fast-doppelt-so-vielen-studierenden-in-die-zweite-runde\\\/\",\"name\":\"Mentoring-Programm GROW@Goethe geht mit fast doppelt so vielen Studierenden in die zweite Runde | Aktuelles aus der Goethe-Universit\u00e4t Frankfurt\",\"isPartOf\":{\"@id\":\"https:\\\/\\\/aktuelles.uni-frankfurt.de\\\/#website\"},\"primaryImageOfPage\":{\"@id\":\"https:\\\/\\\/aktuelles.uni-frankfurt.de\\\/studium\\\/mentoring-programm-growgoethe-geht-mit-fast-doppelt-so-vielen-studierenden-in-die-zweite-runde\\\/#primaryimage\"},\"image\":{\"@id\":\"https:\\\/\\\/aktuelles.uni-frankfurt.de\\\/studium\\\/mentoring-programm-growgoethe-geht-mit-fast-doppelt-so-vielen-studierenden-in-die-zweite-runde\\\/#primaryimage\"},\"thumbnailUrl\":\"https:\\\/\\\/aktuelles.uni-frankfurt.de\\\/wp-content\\\/uploads\\\/2023\\\/11\\\/beitragsbild_MentoringGROW.jpg\",\"datePublished\":\"2023-11-14T11:39:18+00:00\",\"dateModified\":\"2023-11-17T13:31:00+00:00\",\"breadcrumb\":{\"@id\":\"https:\\\/\\\/aktuelles.uni-frankfurt.de\\\/studium\\\/mentoring-programm-growgoethe-geht-mit-fast-doppelt-so-vielen-studierenden-in-die-zweite-runde\\\/#breadcrumb\"},\"inLanguage\":\"en-GB\",\"potentialAction\":[{\"@type\":\"ReadAction\",\"target\":[\"https:\\\/\\\/aktuelles.uni-frankfurt.de\\\/studium\\\/mentoring-programm-growgoethe-geht-mit-fast-doppelt-so-vielen-studierenden-in-die-zweite-runde\\\/\"]}]},{\"@type\":\"ImageObject\",\"inLanguage\":\"en-GB\",\"@id\":\"https:\\\/\\\/aktuelles.uni-frankfurt.de\\\/studium\\\/mentoring-programm-growgoethe-geht-mit-fast-doppelt-so-vielen-studierenden-in-die-zweite-runde\\\/#primaryimage\",\"url\":\"https:\\\/\\\/aktuelles.uni-frankfurt.de\\\/wp-content\\\/uploads\\\/2023\\\/11\\\/beitragsbild_MentoringGROW.jpg\",\"contentUrl\":\"https:\\\/\\\/aktuelles.uni-frankfurt.de\\\/wp-content\\\/uploads\\\/2023\\\/11\\\/beitragsbild_MentoringGROW.jpg\",\"width\":650,\"height\":450,\"caption\":\"Foto: Lecher\"},{\"@type\":\"BreadcrumbList\",\"@id\":\"https:\\\/\\\/aktuelles.uni-frankfurt.de\\\/studium\\\/mentoring-programm-growgoethe-geht-mit-fast-doppelt-so-vielen-studierenden-in-die-zweite-runde\\\/#breadcrumb\",\"itemListElement\":[{\"@type\":\"ListItem\",\"position\":1,\"name\":\"Startseite\",\"item\":\"https:\\\/\\\/aktuelles.uni-frankfurt.de\\\/\"},{\"@type\":\"ListItem\",\"position\":2,\"name\":\"Mentoring-Programm GROW@Goethe geht mit fast doppelt so vielen Studierenden in die zweite Runde\"}]},{\"@type\":\"WebSite\",\"@id\":\"https:\\\/\\\/aktuelles.uni-frankfurt.de\\\/#website\",\"url\":\"https:\\\/\\\/aktuelles.uni-frankfurt.de\\\/\",\"name\":\"Aktuelles aus der Goethe-Universit\u00e4t Frankfurt\",\"description\":\"Aktuelles aus der Goethe-Universit\u00e4t | Neues aus Forschung, Lehre, Studium\",\"publisher\":{\"@id\":\"https:\\\/\\\/aktuelles.uni-frankfurt.de\\\/#organization\"},\"potentialAction\":[{\"@type\":\"SearchAction\",\"target\":{\"@type\":\"EntryPoint\",\"urlTemplate\":\"https:\\\/\\\/aktuelles.uni-frankfurt.de\\\/?s={search_term_string}\"},\"query-input\":{\"@type\":\"PropertyValueSpecification\",\"valueRequired\":true,\"valueName\":\"search_term_string\"}}],\"inLanguage\":\"en-GB\"},{\"@type\":\"Organization\",\"@id\":\"https:\\\/\\\/aktuelles.uni-frankfurt.de\\\/#organization\",\"name\":\"Goethe-Universit\u00e4t\",\"url\":\"https:\\\/\\\/aktuelles.uni-frankfurt.de\\\/\",\"logo\":{\"@type\":\"ImageObject\",\"inLanguage\":\"en-GB\",\"@id\":\"https:\\\/\\\/aktuelles.uni-frankfurt.de\\\/#\\\/schema\\\/logo\\\/image\\\/\",\"url\":\"https:\\\/\\\/aktuelles.uni-frankfurt.de\\\/wp-content\\\/uploads\\\/2022\\\/03\\\/800px-Goethe-Logo.png\",\"contentUrl\":\"https:\\\/\\\/aktuelles.uni-frankfurt.de\\\/wp-content\\\/uploads\\\/2022\\\/03\\\/800px-Goethe-Logo.png\",\"width\":800,\"height\":436,\"caption\":\"Goethe-Universit\u00e4t\"},\"image\":{\"@id\":\"https:\\\/\\\/aktuelles.uni-frankfurt.de\\\/#\\\/schema\\\/logo\\\/image\\\/\"}},{\"@type\":\"Person\",\"@id\":\"https:\\\/\\\/aktuelles.uni-frankfurt.de\\\/#\\\/schema\\\/person\\\/8e55ea338fb65d1ce87a91565d1f1739\",\"name\":\"-\",\"description\":\"Dieser Beitrag wurde von der Online-Redaktion ver\u00f6ffentlicht. Wenn der Beitrag von einem Gastautoren verfasst wurde, findet sich dieser Hinweis am Ende des jeweiligen Artikels.\",\"sameAs\":[\"http:\\\/\\\/aktuelles.uni-frankfurt.de\\\/autoren\"],\"url\":\"https:\\\/\\\/aktuelles.uni-frankfurt.de\\\/en\\\/author\\\/redaktion\\\/\"}]}<\/script>\n<!-- \/ Yoast SEO plugin. -->","yoast_head_json":{"title":"Mentoring-Programm GROW@Goethe geht mit fast doppelt so vielen Studierenden in die zweite Runde | Aktuelles aus der Goethe-Universit\u00e4t Frankfurt","robots":{"index":"index","follow":"follow","max-snippet":"max-snippet:-1","max-image-preview":"max-image-preview:large","max-video-preview":"max-video-preview:-1"},"canonical":"https:\/\/aktuelles.uni-frankfurt.de\/en\/studium\/mentoring-programm-growgoethe-geht-mit-fast-doppelt-so-vielen-studierenden-in-die-zweite-runde\/","og_locale":"en_GB","og_type":"article","og_title":"Mentoring-Programm GROW@Goethe geht mit fast doppelt so vielen Studierenden in die zweite Runde | Aktuelles aus der Goethe-Universit\u00e4t Frankfurt","og_description":"Zum Sommersemester 2023 ist das berufliche Mentoring-Programm GROW@Goethe an der Goethe-Universit\u00e4t gestartet \u2013 und stie\u00df bereits auf gro\u00dfes Interesse. Nachdem an der ersten Runde 100 Studierende teilgenommen haben, die von [&hellip;]","og_url":"https:\/\/aktuelles.uni-frankfurt.de\/en\/studium\/mentoring-programm-growgoethe-geht-mit-fast-doppelt-so-vielen-studierenden-in-die-zweite-runde\/","og_site_name":"Aktuelles aus der Goethe-Universit\u00e4t Frankfurt","article_published_time":"2023-11-14T11:39:18+00:00","article_modified_time":"2023-11-17T13:31:00+00:00","og_image":[{"width":650,"height":450,"url":"https:\/\/aktuelles.uni-frankfurt.de\/wp-content\/uploads\/2023\/11\/beitragsbild_MentoringGROW.jpg","type":"image\/jpeg"}],"author":"-","twitter_card":"summary_large_image","twitter_misc":{"Written by":"-","Estimated reading time":"2 minutes"},"schema":{"@context":"https:\/\/schema.org","@graph":[{"@type":"Article","@id":"https:\/\/aktuelles.uni-frankfurt.de\/studium\/mentoring-programm-growgoethe-geht-mit-fast-doppelt-so-vielen-studierenden-in-die-zweite-runde\/#article","isPartOf":{"@id":"https:\/\/aktuelles.uni-frankfurt.de\/studium\/mentoring-programm-growgoethe-geht-mit-fast-doppelt-so-vielen-studierenden-in-die-zweite-runde\/"},"author":{"name":"-","@id":"https:\/\/aktuelles.uni-frankfurt.de\/#\/schema\/person\/8e55ea338fb65d1ce87a91565d1f1739"},"headline":"Mentoring-Programm GROW@Goethe geht mit fast doppelt so vielen Studierenden in die zweite Runde","datePublished":"2023-11-14T11:39:18+00:00","dateModified":"2023-11-17T13:31:00+00:00","mainEntityOfPage":{"@id":"https:\/\/aktuelles.uni-frankfurt.de\/studium\/mentoring-programm-growgoethe-geht-mit-fast-doppelt-so-vielen-studierenden-in-die-zweite-runde\/"},"wordCount":317,"publisher":{"@id":"https:\/\/aktuelles.uni-frankfurt.de\/#organization"},"image":{"@id":"https:\/\/aktuelles.uni-frankfurt.de\/studium\/mentoring-programm-growgoethe-geht-mit-fast-doppelt-so-vielen-studierenden-in-die-zweite-runde\/#primaryimage"},"thumbnailUrl":"https:\/\/aktuelles.uni-frankfurt.de\/wp-content\/uploads\/2023\/11\/beitragsbild_MentoringGROW.jpg","articleSection":["Studium","Zticky"],"inLanguage":"en-GB"},{"@type":"WebPage","@id":"https:\/\/aktuelles.uni-frankfurt.de\/studium\/mentoring-programm-growgoethe-geht-mit-fast-doppelt-so-vielen-studierenden-in-die-zweite-runde\/","url":"https:\/\/aktuelles.uni-frankfurt.de\/studium\/mentoring-programm-growgoethe-geht-mit-fast-doppelt-so-vielen-studierenden-in-die-zweite-runde\/","name":"Mentoring-Programm GROW@Goethe geht mit fast doppelt so vielen Studierenden in die zweite Runde | Aktuelles aus der Goethe-Universit\u00e4t Frankfurt","isPartOf":{"@id":"https:\/\/aktuelles.uni-frankfurt.de\/#website"},"primaryImageOfPage":{"@id":"https:\/\/aktuelles.uni-frankfurt.de\/studium\/mentoring-programm-growgoethe-geht-mit-fast-doppelt-so-vielen-studierenden-in-die-zweite-runde\/#primaryimage"},"image":{"@id":"https:\/\/aktuelles.uni-frankfurt.de\/studium\/mentoring-programm-growgoethe-geht-mit-fast-doppelt-so-vielen-studierenden-in-die-zweite-runde\/#primaryimage"},"thumbnailUrl":"https:\/\/aktuelles.uni-frankfurt.de\/wp-content\/uploads\/2023\/11\/beitragsbild_MentoringGROW.jpg","datePublished":"2023-11-14T11:39:18+00:00","dateModified":"2023-11-17T13:31:00+00:00","breadcrumb":{"@id":"https:\/\/aktuelles.uni-frankfurt.de\/studium\/mentoring-programm-growgoethe-geht-mit-fast-doppelt-so-vielen-studierenden-in-die-zweite-runde\/#breadcrumb"},"inLanguage":"en-GB","potentialAction":[{"@type":"ReadAction","target":["https:\/\/aktuelles.uni-frankfurt.de\/studium\/mentoring-programm-growgoethe-geht-mit-fast-doppelt-so-vielen-studierenden-in-die-zweite-runde\/"]}]},{"@type":"ImageObject","inLanguage":"en-GB","@id":"https:\/\/aktuelles.uni-frankfurt.de\/studium\/mentoring-programm-growgoethe-geht-mit-fast-doppelt-so-vielen-studierenden-in-die-zweite-runde\/#primaryimage","url":"https:\/\/aktuelles.uni-frankfurt.de\/wp-content\/uploads\/2023\/11\/beitragsbild_MentoringGROW.jpg","contentUrl":"https:\/\/aktuelles.uni-frankfurt.de\/wp-content\/uploads\/2023\/11\/beitragsbild_MentoringGROW.jpg","width":650,"height":450,"caption":"Foto: Lecher"},{"@type":"BreadcrumbList","@id":"https:\/\/aktuelles.uni-frankfurt.de\/studium\/mentoring-programm-growgoethe-geht-mit-fast-doppelt-so-vielen-studierenden-in-die-zweite-runde\/#breadcrumb","itemListElement":[{"@type":"ListItem","position":1,"name":"Startseite","item":"https:\/\/aktuelles.uni-frankfurt.de\/"},{"@type":"ListItem","position":2,"name":"Mentoring-Programm GROW@Goethe geht mit fast doppelt so vielen Studierenden in die zweite Runde"}]},{"@type":"WebSite","@id":"https:\/\/aktuelles.uni-frankfurt.de\/#website","url":"https:\/\/aktuelles.uni-frankfurt.de\/","name":"Aktuelles aus der Goethe-Universit\u00e4t Frankfurt","description":"Aktuelles aus der Goethe-Universit\u00e4t | Neues aus Forschung, Lehre, Studium","publisher":{"@id":"https:\/\/aktuelles.uni-frankfurt.de\/#organization"},"potentialAction":[{"@type":"SearchAction","target":{"@type":"EntryPoint","urlTemplate":"https:\/\/aktuelles.uni-frankfurt.de\/?s={search_term_string}"},"query-input":{"@type":"PropertyValueSpecification","valueRequired":true,"valueName":"search_term_string"}}],"inLanguage":"en-GB"},{"@type":"Organization","@id":"https:\/\/aktuelles.uni-frankfurt.de\/#organization","name":"Goethe University Frankfurt","url":"https:\/\/aktuelles.uni-frankfurt.de\/","logo":{"@type":"ImageObject","inLanguage":"en-GB","@id":"https:\/\/aktuelles.uni-frankfurt.de\/#\/schema\/logo\/image\/","url":"https:\/\/aktuelles.uni-frankfurt.de\/wp-content\/uploads\/2022\/03\/800px-Goethe-Logo.png","contentUrl":"https:\/\/aktuelles.uni-frankfurt.de\/wp-content\/uploads\/2022\/03\/800px-Goethe-Logo.png","width":800,"height":436,"caption":"Goethe-Universit\u00e4t"},"image":{"@id":"https:\/\/aktuelles.uni-frankfurt.de\/#\/schema\/logo\/image\/"}},{"@type":"Person","@id":"https:\/\/aktuelles.uni-frankfurt.de\/#\/schema\/person\/8e55ea338fb65d1ce87a91565d1f1739","name":"-","description":"Dieser Beitrag wurde von der Online-Redaktion ver\u00f6ffentlicht. Wenn der Beitrag von einem Gastautoren verfasst wurde, findet sich dieser Hinweis am Ende des jeweiligen Artikels.","sameAs":["http:\/\/aktuelles.uni-frankfurt.de\/autoren"],"url":"https:\/\/aktuelles.uni-frankfurt.de\/en\/author\/redaktion\/"}]}},"_links":{"self":[{"href":"https:\/\/aktuelles.uni-frankfurt.de\/en\/wp-json\/wp\/v2\/posts\/77501","targetHints":{"allow":["GET"]}}],"collection":[{"href":"https:\/\/aktuelles.uni-frankfurt.de\/en\/wp-json\/wp\/v2\/posts"}],"about":[{"href":"https:\/\/aktuelles.uni-frankfurt.de\/en\/wp-json\/wp\/v2\/types\/post"}],"author":[{"embeddable":true,"href":"https:\/\/aktuelles.uni-frankfurt.de\/en\/wp-json\/wp\/v2\/users\/8"}],"replies":[{"embeddable":true,"href":"https:\/\/aktuelles.uni-frankfurt.de\/en\/wp-json\/wp\/v2\/comments?post=77501"}],"version-history":[{"count":0,"href":"https:\/\/aktuelles.uni-frankfurt.de\/en\/wp-json\/wp\/v2\/posts\/77501\/revisions"}],"wp:featuredmedia":[{"embeddable":true,"href":"https:\/\/aktuelles.uni-frankfurt.de\/en\/wp-json\/wp\/v2\/media\/77502"}],"wp:attachment":[{"href":"https:\/\/aktuelles.uni-frankfurt.de\/en\/wp-json\/wp\/v2\/media?parent=77501"}],"wp:term":[{"taxonomy":"category","embeddable":true,"href":"https:\/\/aktuelles.uni-frankfurt.de\/en\/wp-json\/wp\/v2\/categories?post=77501"},{"taxonomy":"post_tag","embeddable":true,"href":"https:\/\/aktuelles.uni-frankfurt.de\/en\/wp-json\/wp\/v2\/tags?post=77501"},{"taxonomy":"post_folder","embeddable":true,"href":"https:\/\/aktuelles.uni-frankfurt.de\/en\/wp-json\/wp\/v2\/post_folder?post=77501"}],"curies":[{"name":"wp","href":"https:\/\/api.w.org\/{rel}","templated":true}]}}