{"id":77886,"date":"2023-11-30T07:29:25","date_gmt":"2023-11-30T06:29:25","guid":{"rendered":"https:\/\/aktuelles.uni-frankfurt.de\/?p=77886"},"modified":"2024-12-11T14:10:12","modified_gmt":"2024-12-11T13:10:12","slug":"medientechnik-des-peg-und-pa-gebaeudes-auf-dem-campus-westend-erneuert","status":"publish","type":"post","link":"https:\/\/aktuelles.uni-frankfurt.de\/en\/studium\/medientechnik-des-peg-und-pa-gebaeudes-auf-dem-campus-westend-erneuert\/","title":{"rendered":"Medientechnik des PEG und PA-Geb\u00e4udes auf dem Campus Westend erneuert"},"content":{"rendered":"<p>Die medientechnische Erneuerung im PEG- sowie PA-Geb\u00e4ude ist erfolgreich abgeschlossen \u2013 und das innerhalb von nur f\u00fcnf Wochen. Insofern l\u00e4sst sich hier von einer Meisterleistung des ganzen Teams der HRZ-Medientechnik mit den Kooperationspartnern sprechen. Nach der Einweihung der beiden Geb\u00e4ude auf dem Campus Westend vor rund zehn Jahren, war eine medientechnische Sanierung notwendig geworden. Das Rollout des Projektes wurde so geplant, dass der gr\u00f6\u00dfte Teil der Ma\u00dfnahmen zu Beginn des Wintersemesters 2023\/24 abgeschlossen war. Die neue medientechnische Ausstattung in den Seminarr\u00e4umen konnte damit zum Semesterbeginn direkt zum Einsatz kommen.<\/p>\n\n\n\n<div style=\"height:20px\" aria-hidden=\"true\" class=\"wp-block-spacer\"><\/div>\n\n\n\n<h4 class=\"wp-block-heading\">Technik, die begeistert \u2013 Update f\u00fcr Digitale Lehre und Videokonferenzr\u00e4ume<\/h4>\n\n\n\n<p>Was ist genau in dem kurzen Zeitraum geleistet worden? Es geht um 61 Seminarr\u00e4ume im PEG und PA-Geb\u00e4ude, dazu geh\u00f6ren auch die Videokonferenzr\u00e4ume, das PA-Foyer als Eventfl\u00e4che und der Senatssaal. Die multimediale Ausstattung der R\u00e4ume auf dem neusten Stand der Technik beinhaltet vor allem ein smartes Steuerungssystem. Das bedeutet, je nach Anschlussm\u00f6glichkeit (USB-C oder HDMI) des mitgebrachten Devices kann jede*r sich direkt mit der eingebauten Mikrofonanlage und den Kameras verbinden und ad hoc hybrid lehren. In den ausgewiesenen Videokonferenzr\u00e4umen und in einigen Seminarr\u00e4umen kann sich jede*r auch mit den neu eingebauten Deckenmikrofonen verbinden. Hinzu kommt eine gro\u00dfe LED-Leinwand im Senatssaal und mehrere gro\u00dfe Bildschirme in der Mitte des Raumes sowie schwenkbare Kameras, die es erm\u00f6glichen multifunktionale Videokonferenzen abzuhalten, zum Beispiel mit Teilnehmenden einer Videokonferenz auf der LED-Leinwand und einer Pr\u00e4sentation auf den Bildschirmen. <em>\u201eDas Projekt war \u00e4u\u00dferst anspruchsvoll, aber dank des engagierten Teams der Medientechnik und der BFE GmbH konnten wir es erfolgreich abschlie\u00dfen\u201c<\/em> stellte Frederic L\u00f6hr, Projektleiter der HRZ-Medientechnik, in der Nachbetrachtung fest. Er hob zudem hervor: <em>\u201eDie l\u00f6sungsorientierte Arbeitsweise hat uns eine schnelle Bew\u00e4ltigung auftretender Probleme erm\u00f6glicht. Die Zusammenarbeit aller Beteiligten und die Bereitschaft, jede Aufgabe anzupacken, haben mich besonders motiviert. Mein herzlicher Dank geht an die BFE und an meine Kolleginnen und Kollegen.\u201c<\/em><\/p>\n\n\n\n<figure class=\"wp-block-image aligncenter size-large\"><img fetchpriority=\"high\" decoding=\"async\" width=\"500\" height=\"346\" src=\"https:\/\/aktuelles.uni-frankfurt.de\/wp-content\/uploads\/2023\/11\/beitragsbild_Medientechnik-neue-Ausstattung-Senatssaal_jpg-500x346.webp\" alt=\"\" class=\"wp-image-77888\" srcset=\"https:\/\/aktuelles.uni-frankfurt.de\/wp-content\/uploads\/2023\/11\/beitragsbild_Medientechnik-neue-Ausstattung-Senatssaal_jpg-500x346.webp 500w, https:\/\/aktuelles.uni-frankfurt.de\/wp-content\/uploads\/2023\/11\/beitragsbild_Medientechnik-neue-Ausstattung-Senatssaal_jpg-300x208.webp 300w, https:\/\/aktuelles.uni-frankfurt.de\/wp-content\/uploads\/2023\/11\/beitragsbild_Medientechnik-neue-Ausstattung-Senatssaal_jpg-18x12.webp 18w, https:\/\/aktuelles.uni-frankfurt.de\/wp-content\/uploads\/2023\/11\/beitragsbild_Medientechnik-neue-Ausstattung-Senatssaal_jpg.jpg 650w\" sizes=\"(max-width: 500px) 100vw, 500px\" \/><figcaption class=\"wp-element-caption\">von links nach rechts: Tobias Schmitz (HMP), Ulrich Schielein (GU), Stefan Mathias (HMP), Damian Mucko (BFE), Armin Schindel (BFE),\u00a0 Sven Hesselbach (BFE), J\u00f6rg Alberti (BFE), Frederic L\u00f6hr (HRZ), Alexander Rick (HRZ); Foto: Lecher<\/figcaption><\/figure>\n\n\n\n<div style=\"height:20px\" aria-hidden=\"true\" class=\"wp-block-spacer\"><\/div>\n\n\n\n<h4 class=\"wp-block-heading\">Beitrag zum Digitalisierungsprozess<\/h4>\n\n\n\n<p>Die Medientechnik an der Goethe-Universit\u00e4t geh\u00f6rt zu den Pionieren unter den deutschen Hochschulen. Nur die gr\u00f6\u00dften deutschen Universit\u00e4ten haben eine derart moderne und gro\u00dfe medientechnische Ausstattung in H\u00f6rs\u00e4len, Seminar- und Gremienr\u00e4umen. Sie leistet einen Beitrag dazu, digitale Lehre auf dem neuesten Stand zu erm\u00f6glichen, sowie den digitalen Austausch in Forschung und Verwaltung voranzubringen. Die Medientechnik ist somit ein wichtiger Bestandteil des Digitalisierungsprozesses an der Goethe-Universit\u00e4t.<\/p>\n\n\n\n<p>Neben der HRZ-Medientechnik war auch das Netzwerk-Team des HRZ beteiligt. Die interne Abstimmung klappte auch hier sehr gut. Die HRZ-Medientechnik arbeitete dar\u00fcber hinaus intensiv mit dem Immobilienmanagement sowie f\u00fchrenden Firmen im medientechnischen Bereich zusammen. Mit dem schon erw\u00e4hnten Systemhaus BFE aus Mainz, ein an der Goethe-Universit\u00e4t hoch angesehenes Unternehmen, konnte das HRZ dieses Projekt gemeinsam mit dem Planungsunternehmen HMP erfolgreich und vor allem fristgerecht bis zum Start des Wintersemesters abschie\u00dfen. J\u00f6rg Alberti, Projektleiter des Systemhauses BFE blickt deshalb erfreut zur\u00fcck:<\/p>\n\n\n\n<p><em>\u201eMit Begeisterung teilen wir die erfolgreiche Erneuerung der Medientechnik, die das Ergebnis einer vorbildlichen Zusammenarbeit mit unserem gesch\u00e4tzten Kunden und den Fachplanern ist.\u201c <\/em>Er erg\u00e4nzte noch: <em>\u201eGemeinsam haben wir Herausforderungen gemeistert und einen neuen technischen Standard gesetzt. Ein gro\u00dfes Dankesch\u00f6n an alle Beteiligten f\u00fcr ihre hervorragende Arbeit und ihr Engagement. Wir sind jederzeit bereit f\u00fcr weitere gemeinsame Erfolge.\u201c<\/em><\/p>\n\n\n\n<p>Alex Rick, Teamleiter der HRZ-Medientechnik und gemeinsam mit Frederic L\u00f6hr Projektleiter best\u00e4tigte diese Perspektive und f\u00fcgte dem hinzu: <em>\u201eNicht alles ist reibungslos verlaufen, das ist bei einem Projekt in der Gr\u00f6\u00dfenordnung auch gar nicht m\u00f6glich. Aber wir haben unser Ziel nie aus den Augen verloren und das hat alle zu H\u00f6chstleistungen angetrieben. Trotz aller Schwierigkeiten und diesem zeitlichen Druck war es eine angenehme und immer sehr vertrauensvolle Zusammenarbeit mit BFE und HMP.\u201c<\/em><\/p>\n\n\n\n<p>Insgesamt l\u00e4sst sich also von einer gelungenen Zusammenarbeit zwischen internen Einheiten der Goethe-Universit\u00e4t und externen Firmen sprechen.<\/p>\n\n\n\n<div style=\"height:20px\" aria-hidden=\"true\" class=\"wp-block-spacer\"><\/div>\n\n\n\n<h4 class=\"wp-block-heading\">Medientechnischer Meilenstein gefeiert<\/h4>\n\n\n\n<p>Dies alles wurde bei einem kleinen Empfang am 22. November 2023 im Senatssaal gefeiert. Bei der Veranstaltung waren neben Ulrich Schielein, Vizepr\u00e4sident und CIO sowie Vertreter*innen des Pr\u00e4sidiums, Matthias M\u00fcller-G\u00f6tz als Leiter des Immobilienmanagements, Alex Rick Teamleiter der HRZ-Medientechnik, Frederic L\u00f6hr als technischer Projektleiter und gro\u00dfe Teile des Teams der HRZ-Medientechnik, die alle mit ihrem gro\u00dfen Engagement rund um die Uhr erst die medientechnische Sanierung in der K\u00fcrze der Zeit m\u00f6glich gemacht haben. Jan Wauschkuhn, HRZ-Leitung Applikationen sowie Vertreter*innen der Fachbereiche und die ausf\u00fchrenden Firmen waren ebenfalls eingeladen. Ulrich Schielein, Vizepr\u00e4sident und CIO der Goethe-Universit\u00e4t, bedankte sich deshalb bei allen Beteiligten und sprach von einer tollen Teamleistung und hob hervor:<\/p>\n\n\n\n<p>&nbsp;<em>\u201eDies zeigt, dass an der Goethe-Universit\u00e4t solche komplexen Projekte mit entsprechend guter Vorbereitung auch p\u00fcnktlich geliefert werden k\u00f6nnen\u201c<\/em>.<\/p>\n\n\n\n<figure class=\"wp-block-image aligncenter size-large\"><img decoding=\"async\" width=\"500\" height=\"346\" src=\"https:\/\/aktuelles.uni-frankfurt.de\/wp-content\/uploads\/2023\/11\/beitragsbild_MT-Sanierung_senatssaal-500x346.webp\" alt=\"\" class=\"wp-image-77887\" srcset=\"https:\/\/aktuelles.uni-frankfurt.de\/wp-content\/uploads\/2023\/11\/beitragsbild_MT-Sanierung_senatssaal-500x346.webp 500w, https:\/\/aktuelles.uni-frankfurt.de\/wp-content\/uploads\/2023\/11\/beitragsbild_MT-Sanierung_senatssaal-300x208.webp 300w, https:\/\/aktuelles.uni-frankfurt.de\/wp-content\/uploads\/2023\/11\/beitragsbild_MT-Sanierung_senatssaal-18x12.webp 18w, https:\/\/aktuelles.uni-frankfurt.de\/wp-content\/uploads\/2023\/11\/beitragsbild_MT-Sanierung_senatssaal.jpg 650w\" sizes=\"(max-width: 500px) 100vw, 500px\" \/><figcaption class=\"wp-element-caption\">Foto: Lecher<\/figcaption><\/figure>\n\n\n\n<p>Die Veranstaltung bot au\u00dferdem allen Beteiligten die Gelegenheit, das Projekt Revue passieren zu lassen und sich \u00fcber die Lessons Learned dazu auszutauschen.<\/p>\n\n\n\n<p class=\"has-text-align-right\"><em>Autorin: Simone Beetz, Hochschulrechenzentrum (HRZ)<\/em><\/p>","protected":false},"excerpt":{"rendered":"<p>Die medientechnische Erneuerung im PEG- sowie PA-Geb\u00e4ude ist erfolgreich abgeschlossen \u2013 und das innerhalb von nur f\u00fcnf Wochen. Insofern l\u00e4sst sich hier von einer Meisterleistung des ganzen Teams der HRZ-Medientechnik [&hellip;]<\/p>\n","protected":false},"author":8,"featured_media":77887,"comment_status":"closed","ping_status":"closed","sticky":false,"template":"","format":"standard","meta":{"_eb_attr":"","_price":"","_stock":"","_tribe_ticket_header":"","_tribe_default_ticket_provider":"","_ticket_start_date":"","_ticket_end_date":"","_tribe_ticket_show_description":"","_tribe_ticket_show_not_going":false,"_tribe_ticket_use_global_stock":"","_tribe_ticket_global_stock_level":"","_global_stock_mode":"","_global_stock_cap":"","_tribe_rsvp_for_event":"","_tribe_ticket_going_count":"","_tribe_ticket_not_going_count":"","_tribe_tickets_list":"[]","_tribe_ticket_has_attendee_info_fields":false,"footnotes":""},"categories":[8,9],"tags":[17,394],"post_folder":[],"class_list":["post-77886","post","type-post","status-publish","format-standard","has-post-thumbnail","hentry","category-hochschule","category-studium","tag-campus-westend","tag-digitalisierung"],"yoast_head":"<!-- This site is optimized with the Yoast SEO plugin v27.5 - https:\/\/yoast.com\/product\/yoast-seo-wordpress\/ -->\n<title>Medientechnik des PEG und PA-Geb\u00e4udes auf dem Campus Westend erneuert | Aktuelles aus der Goethe-Universit\u00e4t Frankfurt<\/title>\n<meta name=\"robots\" content=\"index, follow, max-snippet:-1, max-image-preview:large, max-video-preview:-1\" \/>\n<link rel=\"canonical\" href=\"https:\/\/aktuelles.uni-frankfurt.de\/en\/studium\/medientechnik-des-peg-und-pa-gebaeudes-auf-dem-campus-westend-erneuert\/\" \/>\n<meta property=\"og:locale\" content=\"en_GB\" \/>\n<meta property=\"og:type\" content=\"article\" \/>\n<meta property=\"og:title\" content=\"Medientechnik des PEG und PA-Geb\u00e4udes auf dem Campus Westend erneuert | Aktuelles aus der Goethe-Universit\u00e4t Frankfurt\" \/>\n<meta property=\"og:description\" content=\"Die medientechnische Erneuerung im PEG- sowie PA-Geb\u00e4ude ist erfolgreich abgeschlossen \u2013 und das innerhalb von nur f\u00fcnf Wochen. Insofern l\u00e4sst sich hier von einer Meisterleistung des ganzen Teams der HRZ-Medientechnik [&hellip;]\" \/>\n<meta property=\"og:url\" content=\"https:\/\/aktuelles.uni-frankfurt.de\/en\/studium\/medientechnik-des-peg-und-pa-gebaeudes-auf-dem-campus-westend-erneuert\/\" \/>\n<meta property=\"og:site_name\" content=\"Aktuelles aus der Goethe-Universit\u00e4t Frankfurt\" \/>\n<meta property=\"article:published_time\" content=\"2023-11-30T06:29:25+00:00\" \/>\n<meta property=\"article:modified_time\" content=\"2024-12-11T13:10:12+00:00\" \/>\n<meta property=\"og:image\" content=\"https:\/\/aktuelles.uni-frankfurt.de\/wp-content\/uploads\/2023\/11\/beitragsbild_MT-Sanierung_senatssaal.jpg\" \/>\n\t<meta property=\"og:image:width\" content=\"650\" \/>\n\t<meta property=\"og:image:height\" content=\"450\" \/>\n\t<meta property=\"og:image:type\" content=\"image\/jpeg\" \/>\n<meta name=\"author\" content=\"-\" \/>\n<meta name=\"twitter:card\" content=\"summary_large_image\" \/>\n<meta name=\"twitter:label1\" content=\"Written by\" \/>\n\t<meta name=\"twitter:data1\" content=\"-\" \/>\n\t<meta name=\"twitter:label2\" content=\"Estimated reading time\" \/>\n\t<meta name=\"twitter:data2\" content=\"4 minutes\" \/>\n<script type=\"application\/ld+json\" class=\"yoast-schema-graph\">{\"@context\":\"https:\\\/\\\/schema.org\",\"@graph\":[{\"@type\":\"Article\",\"@id\":\"https:\\\/\\\/aktuelles.uni-frankfurt.de\\\/studium\\\/medientechnik-des-peg-und-pa-gebaeudes-auf-dem-campus-westend-erneuert\\\/#article\",\"isPartOf\":{\"@id\":\"https:\\\/\\\/aktuelles.uni-frankfurt.de\\\/studium\\\/medientechnik-des-peg-und-pa-gebaeudes-auf-dem-campus-westend-erneuert\\\/\"},\"author\":{\"name\":\"-\",\"@id\":\"https:\\\/\\\/aktuelles.uni-frankfurt.de\\\/#\\\/schema\\\/person\\\/8e55ea338fb65d1ce87a91565d1f1739\"},\"headline\":\"Medientechnik des PEG und PA-Geb\u00e4udes auf dem Campus Westend erneuert\",\"datePublished\":\"2023-11-30T06:29:25+00:00\",\"dateModified\":\"2024-12-11T13:10:12+00:00\",\"mainEntityOfPage\":{\"@id\":\"https:\\\/\\\/aktuelles.uni-frankfurt.de\\\/studium\\\/medientechnik-des-peg-und-pa-gebaeudes-auf-dem-campus-westend-erneuert\\\/\"},\"wordCount\":880,\"publisher\":{\"@id\":\"https:\\\/\\\/aktuelles.uni-frankfurt.de\\\/#organization\"},\"image\":{\"@id\":\"https:\\\/\\\/aktuelles.uni-frankfurt.de\\\/studium\\\/medientechnik-des-peg-und-pa-gebaeudes-auf-dem-campus-westend-erneuert\\\/#primaryimage\"},\"thumbnailUrl\":\"https:\\\/\\\/aktuelles.uni-frankfurt.de\\\/wp-content\\\/uploads\\\/2023\\\/11\\\/beitragsbild_MT-Sanierung_senatssaal.jpg\",\"keywords\":[\"Campus Westend\",\"Digitalisierung\"],\"articleSection\":[\"Hochschule\",\"Studium\"],\"inLanguage\":\"en-GB\"},{\"@type\":\"WebPage\",\"@id\":\"https:\\\/\\\/aktuelles.uni-frankfurt.de\\\/studium\\\/medientechnik-des-peg-und-pa-gebaeudes-auf-dem-campus-westend-erneuert\\\/\",\"url\":\"https:\\\/\\\/aktuelles.uni-frankfurt.de\\\/studium\\\/medientechnik-des-peg-und-pa-gebaeudes-auf-dem-campus-westend-erneuert\\\/\",\"name\":\"Medientechnik des PEG und PA-Geb\u00e4udes auf dem Campus Westend erneuert | Aktuelles aus der Goethe-Universit\u00e4t Frankfurt\",\"isPartOf\":{\"@id\":\"https:\\\/\\\/aktuelles.uni-frankfurt.de\\\/#website\"},\"primaryImageOfPage\":{\"@id\":\"https:\\\/\\\/aktuelles.uni-frankfurt.de\\\/studium\\\/medientechnik-des-peg-und-pa-gebaeudes-auf-dem-campus-westend-erneuert\\\/#primaryimage\"},\"image\":{\"@id\":\"https:\\\/\\\/aktuelles.uni-frankfurt.de\\\/studium\\\/medientechnik-des-peg-und-pa-gebaeudes-auf-dem-campus-westend-erneuert\\\/#primaryimage\"},\"thumbnailUrl\":\"https:\\\/\\\/aktuelles.uni-frankfurt.de\\\/wp-content\\\/uploads\\\/2023\\\/11\\\/beitragsbild_MT-Sanierung_senatssaal.jpg\",\"datePublished\":\"2023-11-30T06:29:25+00:00\",\"dateModified\":\"2024-12-11T13:10:12+00:00\",\"breadcrumb\":{\"@id\":\"https:\\\/\\\/aktuelles.uni-frankfurt.de\\\/studium\\\/medientechnik-des-peg-und-pa-gebaeudes-auf-dem-campus-westend-erneuert\\\/#breadcrumb\"},\"inLanguage\":\"en-GB\",\"potentialAction\":[{\"@type\":\"ReadAction\",\"target\":[\"https:\\\/\\\/aktuelles.uni-frankfurt.de\\\/studium\\\/medientechnik-des-peg-und-pa-gebaeudes-auf-dem-campus-westend-erneuert\\\/\"]}]},{\"@type\":\"ImageObject\",\"inLanguage\":\"en-GB\",\"@id\":\"https:\\\/\\\/aktuelles.uni-frankfurt.de\\\/studium\\\/medientechnik-des-peg-und-pa-gebaeudes-auf-dem-campus-westend-erneuert\\\/#primaryimage\",\"url\":\"https:\\\/\\\/aktuelles.uni-frankfurt.de\\\/wp-content\\\/uploads\\\/2023\\\/11\\\/beitragsbild_MT-Sanierung_senatssaal.jpg\",\"contentUrl\":\"https:\\\/\\\/aktuelles.uni-frankfurt.de\\\/wp-content\\\/uploads\\\/2023\\\/11\\\/beitragsbild_MT-Sanierung_senatssaal.jpg\",\"width\":650,\"height\":450},{\"@type\":\"BreadcrumbList\",\"@id\":\"https:\\\/\\\/aktuelles.uni-frankfurt.de\\\/studium\\\/medientechnik-des-peg-und-pa-gebaeudes-auf-dem-campus-westend-erneuert\\\/#breadcrumb\",\"itemListElement\":[{\"@type\":\"ListItem\",\"position\":1,\"name\":\"Startseite\",\"item\":\"https:\\\/\\\/aktuelles.uni-frankfurt.de\\\/\"},{\"@type\":\"ListItem\",\"position\":2,\"name\":\"Medientechnik des PEG und PA-Geb\u00e4udes auf dem Campus Westend erneuert\"}]},{\"@type\":\"WebSite\",\"@id\":\"https:\\\/\\\/aktuelles.uni-frankfurt.de\\\/#website\",\"url\":\"https:\\\/\\\/aktuelles.uni-frankfurt.de\\\/\",\"name\":\"Aktuelles aus der Goethe-Universit\u00e4t Frankfurt\",\"description\":\"Aktuelles aus der Goethe-Universit\u00e4t | Neues aus Forschung, Lehre, Studium\",\"publisher\":{\"@id\":\"https:\\\/\\\/aktuelles.uni-frankfurt.de\\\/#organization\"},\"potentialAction\":[{\"@type\":\"SearchAction\",\"target\":{\"@type\":\"EntryPoint\",\"urlTemplate\":\"https:\\\/\\\/aktuelles.uni-frankfurt.de\\\/?s={search_term_string}\"},\"query-input\":{\"@type\":\"PropertyValueSpecification\",\"valueRequired\":true,\"valueName\":\"search_term_string\"}}],\"inLanguage\":\"en-GB\"},{\"@type\":\"Organization\",\"@id\":\"https:\\\/\\\/aktuelles.uni-frankfurt.de\\\/#organization\",\"name\":\"Goethe-Universit\u00e4t\",\"url\":\"https:\\\/\\\/aktuelles.uni-frankfurt.de\\\/\",\"logo\":{\"@type\":\"ImageObject\",\"inLanguage\":\"en-GB\",\"@id\":\"https:\\\/\\\/aktuelles.uni-frankfurt.de\\\/#\\\/schema\\\/logo\\\/image\\\/\",\"url\":\"https:\\\/\\\/aktuelles.uni-frankfurt.de\\\/wp-content\\\/uploads\\\/2022\\\/03\\\/800px-Goethe-Logo.png\",\"contentUrl\":\"https:\\\/\\\/aktuelles.uni-frankfurt.de\\\/wp-content\\\/uploads\\\/2022\\\/03\\\/800px-Goethe-Logo.png\",\"width\":800,\"height\":436,\"caption\":\"Goethe-Universit\u00e4t\"},\"image\":{\"@id\":\"https:\\\/\\\/aktuelles.uni-frankfurt.de\\\/#\\\/schema\\\/logo\\\/image\\\/\"}},{\"@type\":\"Person\",\"@id\":\"https:\\\/\\\/aktuelles.uni-frankfurt.de\\\/#\\\/schema\\\/person\\\/8e55ea338fb65d1ce87a91565d1f1739\",\"name\":\"-\",\"description\":\"Dieser Beitrag wurde von der Online-Redaktion ver\u00f6ffentlicht. Wenn der Beitrag von einem Gastautoren verfasst wurde, findet sich dieser Hinweis am Ende des jeweiligen Artikels.\",\"sameAs\":[\"http:\\\/\\\/aktuelles.uni-frankfurt.de\\\/autoren\"],\"url\":\"https:\\\/\\\/aktuelles.uni-frankfurt.de\\\/en\\\/author\\\/redaktion\\\/\"}]}<\/script>\n<!-- \/ Yoast SEO plugin. -->","yoast_head_json":{"title":"Medientechnik des PEG und PA-Geb\u00e4udes auf dem Campus Westend erneuert | Aktuelles aus der Goethe-Universit\u00e4t Frankfurt","robots":{"index":"index","follow":"follow","max-snippet":"max-snippet:-1","max-image-preview":"max-image-preview:large","max-video-preview":"max-video-preview:-1"},"canonical":"https:\/\/aktuelles.uni-frankfurt.de\/en\/studium\/medientechnik-des-peg-und-pa-gebaeudes-auf-dem-campus-westend-erneuert\/","og_locale":"en_GB","og_type":"article","og_title":"Medientechnik des PEG und PA-Geb\u00e4udes auf dem Campus Westend erneuert | Aktuelles aus der Goethe-Universit\u00e4t Frankfurt","og_description":"Die medientechnische Erneuerung im PEG- sowie PA-Geb\u00e4ude ist erfolgreich abgeschlossen \u2013 und das innerhalb von nur f\u00fcnf Wochen. Insofern l\u00e4sst sich hier von einer Meisterleistung des ganzen Teams der HRZ-Medientechnik [&hellip;]","og_url":"https:\/\/aktuelles.uni-frankfurt.de\/en\/studium\/medientechnik-des-peg-und-pa-gebaeudes-auf-dem-campus-westend-erneuert\/","og_site_name":"Aktuelles aus der Goethe-Universit\u00e4t Frankfurt","article_published_time":"2023-11-30T06:29:25+00:00","article_modified_time":"2024-12-11T13:10:12+00:00","og_image":[{"width":650,"height":450,"url":"https:\/\/aktuelles.uni-frankfurt.de\/wp-content\/uploads\/2023\/11\/beitragsbild_MT-Sanierung_senatssaal.jpg","type":"image\/jpeg"}],"author":"-","twitter_card":"summary_large_image","twitter_misc":{"Written by":"-","Estimated reading time":"4 minutes"},"schema":{"@context":"https:\/\/schema.org","@graph":[{"@type":"Article","@id":"https:\/\/aktuelles.uni-frankfurt.de\/studium\/medientechnik-des-peg-und-pa-gebaeudes-auf-dem-campus-westend-erneuert\/#article","isPartOf":{"@id":"https:\/\/aktuelles.uni-frankfurt.de\/studium\/medientechnik-des-peg-und-pa-gebaeudes-auf-dem-campus-westend-erneuert\/"},"author":{"name":"-","@id":"https:\/\/aktuelles.uni-frankfurt.de\/#\/schema\/person\/8e55ea338fb65d1ce87a91565d1f1739"},"headline":"Medientechnik des PEG und PA-Geb\u00e4udes auf dem Campus Westend erneuert","datePublished":"2023-11-30T06:29:25+00:00","dateModified":"2024-12-11T13:10:12+00:00","mainEntityOfPage":{"@id":"https:\/\/aktuelles.uni-frankfurt.de\/studium\/medientechnik-des-peg-und-pa-gebaeudes-auf-dem-campus-westend-erneuert\/"},"wordCount":880,"publisher":{"@id":"https:\/\/aktuelles.uni-frankfurt.de\/#organization"},"image":{"@id":"https:\/\/aktuelles.uni-frankfurt.de\/studium\/medientechnik-des-peg-und-pa-gebaeudes-auf-dem-campus-westend-erneuert\/#primaryimage"},"thumbnailUrl":"https:\/\/aktuelles.uni-frankfurt.de\/wp-content\/uploads\/2023\/11\/beitragsbild_MT-Sanierung_senatssaal.jpg","keywords":["Campus Westend","Digitalisierung"],"articleSection":["Hochschule","Studium"],"inLanguage":"en-GB"},{"@type":"WebPage","@id":"https:\/\/aktuelles.uni-frankfurt.de\/studium\/medientechnik-des-peg-und-pa-gebaeudes-auf-dem-campus-westend-erneuert\/","url":"https:\/\/aktuelles.uni-frankfurt.de\/studium\/medientechnik-des-peg-und-pa-gebaeudes-auf-dem-campus-westend-erneuert\/","name":"Medientechnik des PEG und PA-Geb\u00e4udes auf dem Campus Westend erneuert | Aktuelles aus der Goethe-Universit\u00e4t Frankfurt","isPartOf":{"@id":"https:\/\/aktuelles.uni-frankfurt.de\/#website"},"primaryImageOfPage":{"@id":"https:\/\/aktuelles.uni-frankfurt.de\/studium\/medientechnik-des-peg-und-pa-gebaeudes-auf-dem-campus-westend-erneuert\/#primaryimage"},"image":{"@id":"https:\/\/aktuelles.uni-frankfurt.de\/studium\/medientechnik-des-peg-und-pa-gebaeudes-auf-dem-campus-westend-erneuert\/#primaryimage"},"thumbnailUrl":"https:\/\/aktuelles.uni-frankfurt.de\/wp-content\/uploads\/2023\/11\/beitragsbild_MT-Sanierung_senatssaal.jpg","datePublished":"2023-11-30T06:29:25+00:00","dateModified":"2024-12-11T13:10:12+00:00","breadcrumb":{"@id":"https:\/\/aktuelles.uni-frankfurt.de\/studium\/medientechnik-des-peg-und-pa-gebaeudes-auf-dem-campus-westend-erneuert\/#breadcrumb"},"inLanguage":"en-GB","potentialAction":[{"@type":"ReadAction","target":["https:\/\/aktuelles.uni-frankfurt.de\/studium\/medientechnik-des-peg-und-pa-gebaeudes-auf-dem-campus-westend-erneuert\/"]}]},{"@type":"ImageObject","inLanguage":"en-GB","@id":"https:\/\/aktuelles.uni-frankfurt.de\/studium\/medientechnik-des-peg-und-pa-gebaeudes-auf-dem-campus-westend-erneuert\/#primaryimage","url":"https:\/\/aktuelles.uni-frankfurt.de\/wp-content\/uploads\/2023\/11\/beitragsbild_MT-Sanierung_senatssaal.jpg","contentUrl":"https:\/\/aktuelles.uni-frankfurt.de\/wp-content\/uploads\/2023\/11\/beitragsbild_MT-Sanierung_senatssaal.jpg","width":650,"height":450},{"@type":"BreadcrumbList","@id":"https:\/\/aktuelles.uni-frankfurt.de\/studium\/medientechnik-des-peg-und-pa-gebaeudes-auf-dem-campus-westend-erneuert\/#breadcrumb","itemListElement":[{"@type":"ListItem","position":1,"name":"Startseite","item":"https:\/\/aktuelles.uni-frankfurt.de\/"},{"@type":"ListItem","position":2,"name":"Medientechnik des PEG und PA-Geb\u00e4udes auf dem Campus Westend erneuert"}]},{"@type":"WebSite","@id":"https:\/\/aktuelles.uni-frankfurt.de\/#website","url":"https:\/\/aktuelles.uni-frankfurt.de\/","name":"Aktuelles aus der Goethe-Universit\u00e4t Frankfurt","description":"Aktuelles aus der Goethe-Universit\u00e4t | Neues aus Forschung, Lehre, Studium","publisher":{"@id":"https:\/\/aktuelles.uni-frankfurt.de\/#organization"},"potentialAction":[{"@type":"SearchAction","target":{"@type":"EntryPoint","urlTemplate":"https:\/\/aktuelles.uni-frankfurt.de\/?s={search_term_string}"},"query-input":{"@type":"PropertyValueSpecification","valueRequired":true,"valueName":"search_term_string"}}],"inLanguage":"en-GB"},{"@type":"Organization","@id":"https:\/\/aktuelles.uni-frankfurt.de\/#organization","name":"Goethe University Frankfurt","url":"https:\/\/aktuelles.uni-frankfurt.de\/","logo":{"@type":"ImageObject","inLanguage":"en-GB","@id":"https:\/\/aktuelles.uni-frankfurt.de\/#\/schema\/logo\/image\/","url":"https:\/\/aktuelles.uni-frankfurt.de\/wp-content\/uploads\/2022\/03\/800px-Goethe-Logo.png","contentUrl":"https:\/\/aktuelles.uni-frankfurt.de\/wp-content\/uploads\/2022\/03\/800px-Goethe-Logo.png","width":800,"height":436,"caption":"Goethe-Universit\u00e4t"},"image":{"@id":"https:\/\/aktuelles.uni-frankfurt.de\/#\/schema\/logo\/image\/"}},{"@type":"Person","@id":"https:\/\/aktuelles.uni-frankfurt.de\/#\/schema\/person\/8e55ea338fb65d1ce87a91565d1f1739","name":"-","description":"Dieser Beitrag wurde von der Online-Redaktion ver\u00f6ffentlicht. Wenn der Beitrag von einem Gastautoren verfasst wurde, findet sich dieser Hinweis am Ende des jeweiligen Artikels.","sameAs":["http:\/\/aktuelles.uni-frankfurt.de\/autoren"],"url":"https:\/\/aktuelles.uni-frankfurt.de\/en\/author\/redaktion\/"}]}},"_links":{"self":[{"href":"https:\/\/aktuelles.uni-frankfurt.de\/en\/wp-json\/wp\/v2\/posts\/77886","targetHints":{"allow":["GET"]}}],"collection":[{"href":"https:\/\/aktuelles.uni-frankfurt.de\/en\/wp-json\/wp\/v2\/posts"}],"about":[{"href":"https:\/\/aktuelles.uni-frankfurt.de\/en\/wp-json\/wp\/v2\/types\/post"}],"author":[{"embeddable":true,"href":"https:\/\/aktuelles.uni-frankfurt.de\/en\/wp-json\/wp\/v2\/users\/8"}],"replies":[{"embeddable":true,"href":"https:\/\/aktuelles.uni-frankfurt.de\/en\/wp-json\/wp\/v2\/comments?post=77886"}],"version-history":[{"count":0,"href":"https:\/\/aktuelles.uni-frankfurt.de\/en\/wp-json\/wp\/v2\/posts\/77886\/revisions"}],"wp:featuredmedia":[{"embeddable":true,"href":"https:\/\/aktuelles.uni-frankfurt.de\/en\/wp-json\/wp\/v2\/media\/77887"}],"wp:attachment":[{"href":"https:\/\/aktuelles.uni-frankfurt.de\/en\/wp-json\/wp\/v2\/media?parent=77886"}],"wp:term":[{"taxonomy":"category","embeddable":true,"href":"https:\/\/aktuelles.uni-frankfurt.de\/en\/wp-json\/wp\/v2\/categories?post=77886"},{"taxonomy":"post_tag","embeddable":true,"href":"https:\/\/aktuelles.uni-frankfurt.de\/en\/wp-json\/wp\/v2\/tags?post=77886"},{"taxonomy":"post_folder","embeddable":true,"href":"https:\/\/aktuelles.uni-frankfurt.de\/en\/wp-json\/wp\/v2\/post_folder?post=77886"}],"curies":[{"name":"wp","href":"https:\/\/api.w.org\/{rel}","templated":true}]}}