{"id":7840,"date":"2016-06-28T13:38:23","date_gmt":"2016-06-28T11:38:23","guid":{"rendered":"http:\/\/aktuelles.uni-frankfurt.de\/?p=7840"},"modified":"2016-06-28T13:39:55","modified_gmt":"2016-06-28T11:39:55","slug":"tagesspiegel-ueber-stimmung-und-folgen-unis-fuerchten-schwere-folgen-des-brexit","status":"publish","type":"post","link":"https:\/\/aktuelles.uni-frankfurt.de\/en\/aktuelles\/tagesspiegel-ueber-stimmung-und-folgen-unis-fuerchten-schwere-folgen-des-brexit\/","title":{"rendered":"&#8222;Tagesspiegel&#8220;: Unis f\u00fcrchten schwere Folgen des Brexit"},"content":{"rendered":"<p>Katerstimmung nach dem Brexit-Votum: Die Wissenschaft f\u00fcrchtet schwere Folgen f\u00fcr die Mobilit\u00e4t von Studierenden und Wissenschaftlern. Unter anderem\u00a0muss das Erasmus-Programm neu verhandelt werden. Tilmann Warnecke gibt im &#8222;Tagesspiegel&#8220; einen \u00dcberblick.<\/p>\n<p><a href=\"http:\/\/www.tagesspiegel.de\/wissen\/nach-dem-eu-ausstieg-grossbritanniens-unis-fuerchten-schwere-folgen-des-brexit\/13782536.html?wt_zmc=nl.int.zonaudev.zeit_online_chancen_cb.m_27.06.2016.nl_ref.zeitde.bildtext.link.20160627&amp;utm_medium=nl&amp;utm_campaign=nl_ref&amp;utm_content=zeitde_bildtext_link_20160627&amp;utm_source=zeit_online_chancen_cb.m_27.06.2016_zonaudev_int\">Artikel auf tagesspiegel.de lesen<\/a><\/p>","protected":false},"excerpt":{"rendered":"<p>Katerstimmung nach dem Brexit-Votum: Die Wissenschaft f\u00fcrchtet schwere Folgen f\u00fcr die Mobilit\u00e4t von Studierenden und Wissenschaftlern. Unter anderem\u00a0muss das Erasmus-Programm neu verhandelt werden. Tilmann Warnecke gibt im &#8222;Tagesspiegel&#8220; einen \u00dcberblick. [&hellip;]<\/p>\n","protected":false},"author":8,"featured_media":0,"comment_status":"closed","ping_status":"closed","sticky":false,"template":"","format":"standard","meta":{"_eb_attr":"","_price":"","_stock":"","_tribe_ticket_header":"","_tribe_default_ticket_provider":"","_ticket_start_date":"","_ticket_end_date":"","_tribe_ticket_show_description":"","_tribe_ticket_show_not_going":false,"_tribe_ticket_use_global_stock":"","_tribe_ticket_global_stock_level":"","_global_stock_mode":"","_global_stock_cap":"","_tribe_rsvp_for_event":"","_tribe_ticket_going_count":"","_tribe_ticket_not_going_count":"","_tribe_tickets_list":"[]","_tribe_ticket_has_attendee_info_fields":false,"footnotes":""},"categories":[39],"tags":[],"post_folder":[],"class_list":["post-7840","post","type-post","status-publish","format-standard","hentry","category-aktuelles"],"yoast_head":"<!-- This site is optimized with the Yoast SEO plugin v27.5 - https:\/\/yoast.com\/product\/yoast-seo-wordpress\/ -->\n<title>&quot;Tagesspiegel&quot;: Unis f\u00fcrchten schwere Folgen des Brexit | Aktuelles aus der Goethe-Universit\u00e4t Frankfurt<\/title>\n<meta name=\"robots\" content=\"index, follow, max-snippet:-1, max-image-preview:large, max-video-preview:-1\" \/>\n<link rel=\"canonical\" href=\"https:\/\/aktuelles.uni-frankfurt.de\/en\/aktuelles\/tagesspiegel-ueber-stimmung-und-folgen-unis-fuerchten-schwere-folgen-des-brexit\/\" \/>\n<meta property=\"og:locale\" content=\"en_GB\" \/>\n<meta property=\"og:type\" content=\"article\" \/>\n<meta property=\"og:title\" content=\"&quot;Tagesspiegel&quot;: Unis f\u00fcrchten schwere Folgen des Brexit | Aktuelles aus der Goethe-Universit\u00e4t Frankfurt\" \/>\n<meta property=\"og:description\" content=\"Katerstimmung nach dem Brexit-Votum: Die Wissenschaft f\u00fcrchtet schwere Folgen f\u00fcr die Mobilit\u00e4t von Studierenden und Wissenschaftlern. Unter anderem\u00a0muss das Erasmus-Programm neu verhandelt werden. Tilmann Warnecke gibt im &#8222;Tagesspiegel&#8220; einen \u00dcberblick. [&hellip;]\" \/>\n<meta property=\"og:url\" content=\"https:\/\/aktuelles.uni-frankfurt.de\/en\/aktuelles\/tagesspiegel-ueber-stimmung-und-folgen-unis-fuerchten-schwere-folgen-des-brexit\/\" \/>\n<meta property=\"og:site_name\" content=\"Aktuelles aus der Goethe-Universit\u00e4t Frankfurt\" \/>\n<meta property=\"article:published_time\" content=\"2016-06-28T11:38:23+00:00\" \/>\n<meta property=\"article:modified_time\" content=\"2016-06-28T11:39:55+00:00\" \/>\n<meta name=\"author\" content=\"-\" \/>\n<meta name=\"twitter:card\" content=\"summary_large_image\" \/>\n<meta name=\"twitter:label1\" content=\"Written by\" \/>\n\t<meta name=\"twitter:data1\" content=\"-\" \/>\n<script type=\"application\/ld+json\" class=\"yoast-schema-graph\">{\"@context\":\"https:\\\/\\\/schema.org\",\"@graph\":[{\"@type\":\"Article\",\"@id\":\"https:\\\/\\\/aktuelles.uni-frankfurt.de\\\/aktuelles\\\/tagesspiegel-ueber-stimmung-und-folgen-unis-fuerchten-schwere-folgen-des-brexit\\\/#article\",\"isPartOf\":{\"@id\":\"https:\\\/\\\/aktuelles.uni-frankfurt.de\\\/aktuelles\\\/tagesspiegel-ueber-stimmung-und-folgen-unis-fuerchten-schwere-folgen-des-brexit\\\/\"},\"author\":{\"name\":\"-\",\"@id\":\"https:\\\/\\\/aktuelles.uni-frankfurt.de\\\/#\\\/schema\\\/person\\\/8e55ea338fb65d1ce87a91565d1f1739\"},\"headline\":\"&#8222;Tagesspiegel&#8220;: Unis f\u00fcrchten schwere Folgen des Brexit\",\"datePublished\":\"2016-06-28T11:38:23+00:00\",\"dateModified\":\"2016-06-28T11:39:55+00:00\",\"mainEntityOfPage\":{\"@id\":\"https:\\\/\\\/aktuelles.uni-frankfurt.de\\\/aktuelles\\\/tagesspiegel-ueber-stimmung-und-folgen-unis-fuerchten-schwere-folgen-des-brexit\\\/\"},\"wordCount\":47,\"publisher\":{\"@id\":\"https:\\\/\\\/aktuelles.uni-frankfurt.de\\\/#organization\"},\"articleSection\":[\"Kurz gemeldet\"],\"inLanguage\":\"en-GB\"},{\"@type\":\"WebPage\",\"@id\":\"https:\\\/\\\/aktuelles.uni-frankfurt.de\\\/aktuelles\\\/tagesspiegel-ueber-stimmung-und-folgen-unis-fuerchten-schwere-folgen-des-brexit\\\/\",\"url\":\"https:\\\/\\\/aktuelles.uni-frankfurt.de\\\/aktuelles\\\/tagesspiegel-ueber-stimmung-und-folgen-unis-fuerchten-schwere-folgen-des-brexit\\\/\",\"name\":\"\\\"Tagesspiegel\\\": Unis f\u00fcrchten schwere Folgen des Brexit | Aktuelles aus der Goethe-Universit\u00e4t Frankfurt\",\"isPartOf\":{\"@id\":\"https:\\\/\\\/aktuelles.uni-frankfurt.de\\\/#website\"},\"datePublished\":\"2016-06-28T11:38:23+00:00\",\"dateModified\":\"2016-06-28T11:39:55+00:00\",\"breadcrumb\":{\"@id\":\"https:\\\/\\\/aktuelles.uni-frankfurt.de\\\/aktuelles\\\/tagesspiegel-ueber-stimmung-und-folgen-unis-fuerchten-schwere-folgen-des-brexit\\\/#breadcrumb\"},\"inLanguage\":\"en-GB\",\"potentialAction\":[{\"@type\":\"ReadAction\",\"target\":[\"https:\\\/\\\/aktuelles.uni-frankfurt.de\\\/aktuelles\\\/tagesspiegel-ueber-stimmung-und-folgen-unis-fuerchten-schwere-folgen-des-brexit\\\/\"]}]},{\"@type\":\"BreadcrumbList\",\"@id\":\"https:\\\/\\\/aktuelles.uni-frankfurt.de\\\/aktuelles\\\/tagesspiegel-ueber-stimmung-und-folgen-unis-fuerchten-schwere-folgen-des-brexit\\\/#breadcrumb\",\"itemListElement\":[{\"@type\":\"ListItem\",\"position\":1,\"name\":\"Startseite\",\"item\":\"https:\\\/\\\/aktuelles.uni-frankfurt.de\\\/\"},{\"@type\":\"ListItem\",\"position\":2,\"name\":\"&#8220;Tagesspiegel&#8221;: Unis f\u00fcrchten schwere Folgen des Brexit\"}]},{\"@type\":\"WebSite\",\"@id\":\"https:\\\/\\\/aktuelles.uni-frankfurt.de\\\/#website\",\"url\":\"https:\\\/\\\/aktuelles.uni-frankfurt.de\\\/\",\"name\":\"Aktuelles aus der Goethe-Universit\u00e4t Frankfurt\",\"description\":\"Aktuelles aus der Goethe-Universit\u00e4t | Neues aus Forschung, Lehre, Studium\",\"publisher\":{\"@id\":\"https:\\\/\\\/aktuelles.uni-frankfurt.de\\\/#organization\"},\"potentialAction\":[{\"@type\":\"SearchAction\",\"target\":{\"@type\":\"EntryPoint\",\"urlTemplate\":\"https:\\\/\\\/aktuelles.uni-frankfurt.de\\\/?s={search_term_string}\"},\"query-input\":{\"@type\":\"PropertyValueSpecification\",\"valueRequired\":true,\"valueName\":\"search_term_string\"}}],\"inLanguage\":\"en-GB\"},{\"@type\":\"Organization\",\"@id\":\"https:\\\/\\\/aktuelles.uni-frankfurt.de\\\/#organization\",\"name\":\"Goethe-Universit\u00e4t\",\"url\":\"https:\\\/\\\/aktuelles.uni-frankfurt.de\\\/\",\"logo\":{\"@type\":\"ImageObject\",\"inLanguage\":\"en-GB\",\"@id\":\"https:\\\/\\\/aktuelles.uni-frankfurt.de\\\/#\\\/schema\\\/logo\\\/image\\\/\",\"url\":\"https:\\\/\\\/aktuelles.uni-frankfurt.de\\\/wp-content\\\/uploads\\\/2022\\\/03\\\/800px-Goethe-Logo.png\",\"contentUrl\":\"https:\\\/\\\/aktuelles.uni-frankfurt.de\\\/wp-content\\\/uploads\\\/2022\\\/03\\\/800px-Goethe-Logo.png\",\"width\":800,\"height\":436,\"caption\":\"Goethe-Universit\u00e4t\"},\"image\":{\"@id\":\"https:\\\/\\\/aktuelles.uni-frankfurt.de\\\/#\\\/schema\\\/logo\\\/image\\\/\"}},{\"@type\":\"Person\",\"@id\":\"https:\\\/\\\/aktuelles.uni-frankfurt.de\\\/#\\\/schema\\\/person\\\/8e55ea338fb65d1ce87a91565d1f1739\",\"name\":\"-\",\"description\":\"Dieser Beitrag wurde von der Online-Redaktion ver\u00f6ffentlicht. Wenn der Beitrag von einem Gastautoren verfasst wurde, findet sich dieser Hinweis am Ende des jeweiligen Artikels.\",\"sameAs\":[\"http:\\\/\\\/aktuelles.uni-frankfurt.de\\\/autoren\"],\"url\":\"https:\\\/\\\/aktuelles.uni-frankfurt.de\\\/en\\\/author\\\/redaktion\\\/\"}]}<\/script>\n<!-- \/ Yoast SEO plugin. -->","yoast_head_json":{"title":"\"Tagesspiegel\": Unis f\u00fcrchten schwere Folgen des Brexit | Aktuelles aus der Goethe-Universit\u00e4t Frankfurt","robots":{"index":"index","follow":"follow","max-snippet":"max-snippet:-1","max-image-preview":"max-image-preview:large","max-video-preview":"max-video-preview:-1"},"canonical":"https:\/\/aktuelles.uni-frankfurt.de\/en\/aktuelles\/tagesspiegel-ueber-stimmung-und-folgen-unis-fuerchten-schwere-folgen-des-brexit\/","og_locale":"en_GB","og_type":"article","og_title":"\"Tagesspiegel\": Unis f\u00fcrchten schwere Folgen des Brexit | Aktuelles aus der Goethe-Universit\u00e4t Frankfurt","og_description":"Katerstimmung nach dem Brexit-Votum: Die Wissenschaft f\u00fcrchtet schwere Folgen f\u00fcr die Mobilit\u00e4t von Studierenden und Wissenschaftlern. Unter anderem\u00a0muss das Erasmus-Programm neu verhandelt werden. Tilmann Warnecke gibt im &#8222;Tagesspiegel&#8220; einen \u00dcberblick. [&hellip;]","og_url":"https:\/\/aktuelles.uni-frankfurt.de\/en\/aktuelles\/tagesspiegel-ueber-stimmung-und-folgen-unis-fuerchten-schwere-folgen-des-brexit\/","og_site_name":"Aktuelles aus der Goethe-Universit\u00e4t Frankfurt","article_published_time":"2016-06-28T11:38:23+00:00","article_modified_time":"2016-06-28T11:39:55+00:00","author":"-","twitter_card":"summary_large_image","twitter_misc":{"Written by":"-"},"schema":{"@context":"https:\/\/schema.org","@graph":[{"@type":"Article","@id":"https:\/\/aktuelles.uni-frankfurt.de\/aktuelles\/tagesspiegel-ueber-stimmung-und-folgen-unis-fuerchten-schwere-folgen-des-brexit\/#article","isPartOf":{"@id":"https:\/\/aktuelles.uni-frankfurt.de\/aktuelles\/tagesspiegel-ueber-stimmung-und-folgen-unis-fuerchten-schwere-folgen-des-brexit\/"},"author":{"name":"-","@id":"https:\/\/aktuelles.uni-frankfurt.de\/#\/schema\/person\/8e55ea338fb65d1ce87a91565d1f1739"},"headline":"&#8222;Tagesspiegel&#8220;: Unis f\u00fcrchten schwere Folgen des Brexit","datePublished":"2016-06-28T11:38:23+00:00","dateModified":"2016-06-28T11:39:55+00:00","mainEntityOfPage":{"@id":"https:\/\/aktuelles.uni-frankfurt.de\/aktuelles\/tagesspiegel-ueber-stimmung-und-folgen-unis-fuerchten-schwere-folgen-des-brexit\/"},"wordCount":47,"publisher":{"@id":"https:\/\/aktuelles.uni-frankfurt.de\/#organization"},"articleSection":["Kurz gemeldet"],"inLanguage":"en-GB"},{"@type":"WebPage","@id":"https:\/\/aktuelles.uni-frankfurt.de\/aktuelles\/tagesspiegel-ueber-stimmung-und-folgen-unis-fuerchten-schwere-folgen-des-brexit\/","url":"https:\/\/aktuelles.uni-frankfurt.de\/aktuelles\/tagesspiegel-ueber-stimmung-und-folgen-unis-fuerchten-schwere-folgen-des-brexit\/","name":"\"Tagesspiegel\": Unis f\u00fcrchten schwere Folgen des Brexit | Aktuelles aus der Goethe-Universit\u00e4t Frankfurt","isPartOf":{"@id":"https:\/\/aktuelles.uni-frankfurt.de\/#website"},"datePublished":"2016-06-28T11:38:23+00:00","dateModified":"2016-06-28T11:39:55+00:00","breadcrumb":{"@id":"https:\/\/aktuelles.uni-frankfurt.de\/aktuelles\/tagesspiegel-ueber-stimmung-und-folgen-unis-fuerchten-schwere-folgen-des-brexit\/#breadcrumb"},"inLanguage":"en-GB","potentialAction":[{"@type":"ReadAction","target":["https:\/\/aktuelles.uni-frankfurt.de\/aktuelles\/tagesspiegel-ueber-stimmung-und-folgen-unis-fuerchten-schwere-folgen-des-brexit\/"]}]},{"@type":"BreadcrumbList","@id":"https:\/\/aktuelles.uni-frankfurt.de\/aktuelles\/tagesspiegel-ueber-stimmung-und-folgen-unis-fuerchten-schwere-folgen-des-brexit\/#breadcrumb","itemListElement":[{"@type":"ListItem","position":1,"name":"Startseite","item":"https:\/\/aktuelles.uni-frankfurt.de\/"},{"@type":"ListItem","position":2,"name":"&#8220;Tagesspiegel&#8221;: Unis f\u00fcrchten schwere Folgen des Brexit"}]},{"@type":"WebSite","@id":"https:\/\/aktuelles.uni-frankfurt.de\/#website","url":"https:\/\/aktuelles.uni-frankfurt.de\/","name":"Aktuelles aus der Goethe-Universit\u00e4t Frankfurt","description":"Aktuelles aus der Goethe-Universit\u00e4t | Neues aus Forschung, Lehre, Studium","publisher":{"@id":"https:\/\/aktuelles.uni-frankfurt.de\/#organization"},"potentialAction":[{"@type":"SearchAction","target":{"@type":"EntryPoint","urlTemplate":"https:\/\/aktuelles.uni-frankfurt.de\/?s={search_term_string}"},"query-input":{"@type":"PropertyValueSpecification","valueRequired":true,"valueName":"search_term_string"}}],"inLanguage":"en-GB"},{"@type":"Organization","@id":"https:\/\/aktuelles.uni-frankfurt.de\/#organization","name":"Goethe University Frankfurt","url":"https:\/\/aktuelles.uni-frankfurt.de\/","logo":{"@type":"ImageObject","inLanguage":"en-GB","@id":"https:\/\/aktuelles.uni-frankfurt.de\/#\/schema\/logo\/image\/","url":"https:\/\/aktuelles.uni-frankfurt.de\/wp-content\/uploads\/2022\/03\/800px-Goethe-Logo.png","contentUrl":"https:\/\/aktuelles.uni-frankfurt.de\/wp-content\/uploads\/2022\/03\/800px-Goethe-Logo.png","width":800,"height":436,"caption":"Goethe-Universit\u00e4t"},"image":{"@id":"https:\/\/aktuelles.uni-frankfurt.de\/#\/schema\/logo\/image\/"}},{"@type":"Person","@id":"https:\/\/aktuelles.uni-frankfurt.de\/#\/schema\/person\/8e55ea338fb65d1ce87a91565d1f1739","name":"-","description":"Dieser Beitrag wurde von der Online-Redaktion ver\u00f6ffentlicht. Wenn der Beitrag von einem Gastautoren verfasst wurde, findet sich dieser Hinweis am Ende des jeweiligen Artikels.","sameAs":["http:\/\/aktuelles.uni-frankfurt.de\/autoren"],"url":"https:\/\/aktuelles.uni-frankfurt.de\/en\/author\/redaktion\/"}]}},"_links":{"self":[{"href":"https:\/\/aktuelles.uni-frankfurt.de\/en\/wp-json\/wp\/v2\/posts\/7840","targetHints":{"allow":["GET"]}}],"collection":[{"href":"https:\/\/aktuelles.uni-frankfurt.de\/en\/wp-json\/wp\/v2\/posts"}],"about":[{"href":"https:\/\/aktuelles.uni-frankfurt.de\/en\/wp-json\/wp\/v2\/types\/post"}],"author":[{"embeddable":true,"href":"https:\/\/aktuelles.uni-frankfurt.de\/en\/wp-json\/wp\/v2\/users\/8"}],"replies":[{"embeddable":true,"href":"https:\/\/aktuelles.uni-frankfurt.de\/en\/wp-json\/wp\/v2\/comments?post=7840"}],"version-history":[{"count":0,"href":"https:\/\/aktuelles.uni-frankfurt.de\/en\/wp-json\/wp\/v2\/posts\/7840\/revisions"}],"wp:attachment":[{"href":"https:\/\/aktuelles.uni-frankfurt.de\/en\/wp-json\/wp\/v2\/media?parent=7840"}],"wp:term":[{"taxonomy":"category","embeddable":true,"href":"https:\/\/aktuelles.uni-frankfurt.de\/en\/wp-json\/wp\/v2\/categories?post=7840"},{"taxonomy":"post_tag","embeddable":true,"href":"https:\/\/aktuelles.uni-frankfurt.de\/en\/wp-json\/wp\/v2\/tags?post=7840"},{"taxonomy":"post_folder","embeddable":true,"href":"https:\/\/aktuelles.uni-frankfurt.de\/en\/wp-json\/wp\/v2\/post_folder?post=7840"}],"curies":[{"name":"wp","href":"https:\/\/api.w.org\/{rel}","templated":true}]}}