{"id":79131,"date":"2024-02-09T11:23:29","date_gmt":"2024-02-09T10:23:29","guid":{"rendered":"https:\/\/aktuelles.uni-frankfurt.de\/?p=79131"},"modified":"2025-09-01T18:30:16","modified_gmt":"2025-09-01T16:30:16","slug":"volkswagenstiftung-foerdert-erforschung-der-situation-pflegender-junger-menschen-mit-12-millionen-euro","status":"publish","type":"post","link":"https:\/\/aktuelles.uni-frankfurt.de\/en\/forschung\/volkswagenstiftung-foerdert-erforschung-der-situation-pflegender-junger-menschen-mit-12-millionen-euro\/","title":{"rendered":"VolkswagenStiftung f\u00f6rdert Erforschung der Situation pflegender junger Menschen mit 1,2 Millionen Euro"},"content":{"rendered":"<p><strong>Junge Menschen in Ausbildung, die sich um \u00e4ltere Menschen k\u00fcmmern: Sie stehen im Mittelpunkt des Forschungsprojekts \u201eInterCare\u201c am Fachbereich Erziehungswissenschaften der Goethe-Universit\u00e4t. Eines steht bereits fest: Die gesellschaftliche Aufmerksamkeit f\u00fcr diese Gruppe ist weitaus geringer als sie eigentlich sein sollte. &nbsp;<\/strong><\/p>\n\n\n\n<figure class=\"wp-block-image aligncenter size-full\"><img fetchpriority=\"high\" decoding=\"async\" width=\"650\" height=\"450\" src=\"https:\/\/aktuelles.uni-frankfurt.de\/wp-content\/uploads\/2024\/02\/beitragsbild_volkswagen-stiftung.jpg\" alt=\"\" class=\"wp-image-79132\" srcset=\"https:\/\/aktuelles.uni-frankfurt.de\/wp-content\/uploads\/2024\/02\/beitragsbild_volkswagen-stiftung.jpg 650w, https:\/\/aktuelles.uni-frankfurt.de\/wp-content\/uploads\/2024\/02\/beitragsbild_volkswagen-stiftung-300x208.jpg 300w, https:\/\/aktuelles.uni-frankfurt.de\/wp-content\/uploads\/2024\/02\/beitragsbild_volkswagen-stiftung-500x346.jpg 500w, https:\/\/aktuelles.uni-frankfurt.de\/wp-content\/uploads\/2024\/02\/beitragsbild_volkswagen-stiftung-18x12.jpg 18w\" sizes=\"(max-width: 650px) 100vw, 650px\" \/><figcaption class=\"wp-element-caption\">Junge Menschen, die Verantwortung f\u00fcr \u00e4ltere Menschen \u00fcbernehmen: Ihr Alltag und Ihre Bed\u00fcrfnisse werden nun in einer grenz\u00fcberschreitenden Studie untersucht. <\/figcaption><\/figure>\n\n\n\n<p>Around one in eight young people in education \u2013 i.e. school pupils, trainees and students \u2013 are (jointly) responsible for the well-being and care of elderly, sick or disabled relatives or other loved ones. This is the result of a study by the German Center for Higher Education Research and Science Studies. This means that this group is larger than that of students with their own offspring.<\/p>\n\n\n\n<p>Young women and young people with a migration background in general are more likely to be affected by having to juggle care and education. \"A huge group, but one that is completely overlooked in public perception,\" says Dr. Anna Wanka, who wants to use her research to find out what everyday life is like for these young people, what difficulties they have to overcome and how they can be supported. After all, being responsible for an older person often influences school performance and the decision for or against going to university or further education, especially in another city. And those who do decide to do so have to struggle with a guilty conscience, shame towards peers and lecturers, as well as hurdles in the daily reconciliation of education and care.<\/p>\n\n\n\n<p>The \"InterCare\" project is the first comprehensive research project to take a close look at this group. The official start of the research will be in October 2024, from then on, 1.2 million euros will flow from the Volkswagen Foundation over four years. Wanka applied to the foundation as part of the \"Challenges and Potentials for Europe: Intergenerational Futures\" funding line. She also heads the Emmy Noether research group \"Linking Ages\" at Goethe University, which focuses on age constructions in the life course.<\/p>\n\n\n\n<p>Angesichts der in allen europ\u00e4ischen L\u00e4ndern alternden Bev\u00f6lkerung sprach die VolkswagenStiftung mit ihrem F\u00f6rderprogramm vor allem Forschungsgruppen an, die sich mit Fragen zum demografischen Wandel befassen. Die Verantwortlichen sollten aus mindestens drei unterschiedlichen europ\u00e4ischen L\u00e4ndern stammen. Neben der britischen Anglia Ruskin University und der Jagiellonen-Universit\u00e4t Krakau nimmt auch die Hochschule Niederrhein in M\u00f6chengladbach in Person von Moritz He\u00df, Professor f\u00fcr Gerontologie, teil. In Polen zum Beispiel sei die Situation sehr stark dadurch gepr\u00e4gt, dass professionelle Pflegekr\u00e4fte im westlichen Ausland, vor allem in Deutschland, arbeiteten, wo sie mehr Geld verdienten. In Polen fehlen diese Fachkr\u00e4fte dann, was die Angeh\u00f6rigen dort umso st\u00e4rker in die Pflicht nimmt.<\/p>\n\n\n\n<p>The first phase of the study will involve a quantitative survey in Germany: How many people are actually affected? What is the situation at educational institutions? Where do the rules \u2013 for example compulsory attendance in laboratories and seminar rooms \u2013 make it impossible to participate in the course? The results will then be compared with the situation in the UK and Poland. For a second phase, \"dyadic interviews\" are planned, which are characterized by the fact that a \"tandem\" of a young person with care responsibilities and the person being cared for are interviewed individually and together. \"The separate interviews are necessary because shameful topics, experiences of violence and restrictions on freedom should also be discussed,\" says Wanka. The project is partly participatory, which means that those affected help to shape the course of the study themselves and, together with the researchers, produce a virtual exhibition and a podcast series to raise awareness of the topic.<\/p>\n\n\n\n<p class=\"has-background\" style=\"background-color:#eeeeee\"><strong>Hintergrund:<\/strong> <a href=\"http:\/\/mms.tveyes.com\/PlaybackPortal.aspx?SavedEditID=0d331db0-f321-41ca-b8b3-08975240bd87\">Beitrag ITVNews<\/a> | <a href=\"https:\/\/www.bbc.co.uk\/news\/uk-england-essex-67946208\">Beitrag BBC<\/a><\/p>","protected":false},"excerpt":{"rendered":"<p>Junge Menschen in Ausbildung, die sich um \u00e4ltere Menschen k\u00fcmmern: Sie stehen im Mittelpunkt des Forschungsprojekts \u201eInterCare\u201c am Fachbereich Erziehungswissenschaften der Goethe-Universit\u00e4t. Eines steht bereits fest: Die gesellschaftliche Aufmerksamkeit f\u00fcr [&hellip;]<\/p>\n","protected":false},"author":5,"featured_media":79132,"comment_status":"closed","ping_status":"closed","sticky":false,"template":"","format":"standard","meta":{"_eb_attr":"","_price":"","_stock":"","_tribe_ticket_header":"","_tribe_default_ticket_provider":"","_ticket_start_date":"","_ticket_end_date":"","_tribe_ticket_show_description":"","_tribe_ticket_show_not_going":false,"_tribe_ticket_use_global_stock":"","_tribe_ticket_global_stock_level":"","_global_stock_mode":"","_global_stock_cap":"","_tribe_rsvp_for_event":"","_tribe_ticket_going_count":"","_tribe_ticket_not_going_count":"","_tribe_tickets_list":"[]","_tribe_ticket_has_attendee_info_fields":false,"footnotes":""},"categories":[3],"tags":[51],"post_folder":[],"class_list":["post-79131","post","type-post","status-publish","format-standard","has-post-thumbnail","hentry","category-forschung","tag-erziehungswissenschaften"],"yoast_head":"<!-- This site is optimized with the Yoast SEO plugin v27.5 - https:\/\/yoast.com\/product\/yoast-seo-wordpress\/ -->\n<title>VolkswagenStiftung f\u00f6rdert Erforschung der Situation pflegender junger Menschen mit 1,2 Millionen Euro | Aktuelles aus der Goethe-Universit\u00e4t Frankfurt<\/title>\n<meta name=\"robots\" content=\"index, follow, max-snippet:-1, max-image-preview:large, max-video-preview:-1\" \/>\n<link rel=\"canonical\" href=\"https:\/\/aktuelles.uni-frankfurt.de\/en\/forschung\/volkswagenstiftung-foerdert-erforschung-der-situation-pflegender-junger-menschen-mit-12-millionen-euro\/\" \/>\n<meta property=\"og:locale\" content=\"en_GB\" \/>\n<meta property=\"og:type\" content=\"article\" \/>\n<meta property=\"og:title\" content=\"VolkswagenStiftung f\u00f6rdert Erforschung der Situation pflegender junger Menschen mit 1,2 Millionen Euro | Aktuelles aus der Goethe-Universit\u00e4t Frankfurt\" \/>\n<meta property=\"og:description\" content=\"Junge Menschen in Ausbildung, die sich um \u00e4ltere Menschen k\u00fcmmern: Sie stehen im Mittelpunkt des Forschungsprojekts \u201eInterCare\u201c am Fachbereich Erziehungswissenschaften der Goethe-Universit\u00e4t. Eines steht bereits fest: Die gesellschaftliche Aufmerksamkeit f\u00fcr [&hellip;]\" \/>\n<meta property=\"og:url\" content=\"https:\/\/aktuelles.uni-frankfurt.de\/en\/forschung\/volkswagenstiftung-foerdert-erforschung-der-situation-pflegender-junger-menschen-mit-12-millionen-euro\/\" \/>\n<meta property=\"og:site_name\" content=\"Aktuelles aus der Goethe-Universit\u00e4t Frankfurt\" \/>\n<meta property=\"article:published_time\" content=\"2024-02-09T10:23:29+00:00\" \/>\n<meta property=\"article:modified_time\" content=\"2025-09-01T16:30:16+00:00\" \/>\n<meta property=\"og:image\" content=\"https:\/\/aktuelles.uni-frankfurt.de\/wp-content\/uploads\/2024\/02\/beitragsbild_volkswagen-stiftung.jpg\" \/>\n\t<meta property=\"og:image:width\" content=\"650\" \/>\n\t<meta property=\"og:image:height\" content=\"450\" \/>\n\t<meta property=\"og:image:type\" content=\"image\/jpeg\" \/>\n<meta name=\"author\" content=\"Dr. Anke Sauter\" \/>\n<meta name=\"twitter:card\" content=\"summary_large_image\" \/>\n<meta name=\"twitter:label1\" content=\"Written by\" \/>\n\t<meta name=\"twitter:data1\" content=\"Dr. Anke Sauter\" \/>\n\t<meta name=\"twitter:label2\" content=\"Estimated reading time\" \/>\n\t<meta name=\"twitter:data2\" content=\"3 minutes\" \/>\n<script type=\"application\/ld+json\" class=\"yoast-schema-graph\">{\"@context\":\"https:\\\/\\\/schema.org\",\"@graph\":[{\"@type\":\"Article\",\"@id\":\"https:\\\/\\\/aktuelles.uni-frankfurt.de\\\/forschung\\\/volkswagenstiftung-foerdert-erforschung-der-situation-pflegender-junger-menschen-mit-12-millionen-euro\\\/#article\",\"isPartOf\":{\"@id\":\"https:\\\/\\\/aktuelles.uni-frankfurt.de\\\/forschung\\\/volkswagenstiftung-foerdert-erforschung-der-situation-pflegender-junger-menschen-mit-12-millionen-euro\\\/\"},\"author\":{\"name\":\"Dr. Anke Sauter\",\"@id\":\"https:\\\/\\\/aktuelles.uni-frankfurt.de\\\/#\\\/schema\\\/person\\\/1b9eb6fa6c6aed90031661dd4e37970d\"},\"headline\":\"VolkswagenStiftung f\u00f6rdert Erforschung der Situation pflegender junger Menschen mit 1,2 Millionen Euro\",\"datePublished\":\"2024-02-09T10:23:29+00:00\",\"dateModified\":\"2025-09-01T16:30:16+00:00\",\"mainEntityOfPage\":{\"@id\":\"https:\\\/\\\/aktuelles.uni-frankfurt.de\\\/forschung\\\/volkswagenstiftung-foerdert-erforschung-der-situation-pflegender-junger-menschen-mit-12-millionen-euro\\\/\"},\"wordCount\":617,\"publisher\":{\"@id\":\"https:\\\/\\\/aktuelles.uni-frankfurt.de\\\/#organization\"},\"image\":{\"@id\":\"https:\\\/\\\/aktuelles.uni-frankfurt.de\\\/forschung\\\/volkswagenstiftung-foerdert-erforschung-der-situation-pflegender-junger-menschen-mit-12-millionen-euro\\\/#primaryimage\"},\"thumbnailUrl\":\"https:\\\/\\\/aktuelles.uni-frankfurt.de\\\/wp-content\\\/uploads\\\/2024\\\/02\\\/beitragsbild_volkswagen-stiftung.jpg\",\"keywords\":[\"Erziehungswissenschaften\"],\"articleSection\":[\"Forschung\"],\"inLanguage\":\"en-GB\"},{\"@type\":\"WebPage\",\"@id\":\"https:\\\/\\\/aktuelles.uni-frankfurt.de\\\/forschung\\\/volkswagenstiftung-foerdert-erforschung-der-situation-pflegender-junger-menschen-mit-12-millionen-euro\\\/\",\"url\":\"https:\\\/\\\/aktuelles.uni-frankfurt.de\\\/forschung\\\/volkswagenstiftung-foerdert-erforschung-der-situation-pflegender-junger-menschen-mit-12-millionen-euro\\\/\",\"name\":\"VolkswagenStiftung f\u00f6rdert Erforschung der Situation pflegender junger Menschen mit 1,2 Millionen Euro | Aktuelles aus der Goethe-Universit\u00e4t Frankfurt\",\"isPartOf\":{\"@id\":\"https:\\\/\\\/aktuelles.uni-frankfurt.de\\\/#website\"},\"primaryImageOfPage\":{\"@id\":\"https:\\\/\\\/aktuelles.uni-frankfurt.de\\\/forschung\\\/volkswagenstiftung-foerdert-erforschung-der-situation-pflegender-junger-menschen-mit-12-millionen-euro\\\/#primaryimage\"},\"image\":{\"@id\":\"https:\\\/\\\/aktuelles.uni-frankfurt.de\\\/forschung\\\/volkswagenstiftung-foerdert-erforschung-der-situation-pflegender-junger-menschen-mit-12-millionen-euro\\\/#primaryimage\"},\"thumbnailUrl\":\"https:\\\/\\\/aktuelles.uni-frankfurt.de\\\/wp-content\\\/uploads\\\/2024\\\/02\\\/beitragsbild_volkswagen-stiftung.jpg\",\"datePublished\":\"2024-02-09T10:23:29+00:00\",\"dateModified\":\"2025-09-01T16:30:16+00:00\",\"breadcrumb\":{\"@id\":\"https:\\\/\\\/aktuelles.uni-frankfurt.de\\\/forschung\\\/volkswagenstiftung-foerdert-erforschung-der-situation-pflegender-junger-menschen-mit-12-millionen-euro\\\/#breadcrumb\"},\"inLanguage\":\"en-GB\",\"potentialAction\":[{\"@type\":\"ReadAction\",\"target\":[\"https:\\\/\\\/aktuelles.uni-frankfurt.de\\\/forschung\\\/volkswagenstiftung-foerdert-erforschung-der-situation-pflegender-junger-menschen-mit-12-millionen-euro\\\/\"]}]},{\"@type\":\"ImageObject\",\"inLanguage\":\"en-GB\",\"@id\":\"https:\\\/\\\/aktuelles.uni-frankfurt.de\\\/forschung\\\/volkswagenstiftung-foerdert-erforschung-der-situation-pflegender-junger-menschen-mit-12-millionen-euro\\\/#primaryimage\",\"url\":\"https:\\\/\\\/aktuelles.uni-frankfurt.de\\\/wp-content\\\/uploads\\\/2024\\\/02\\\/beitragsbild_volkswagen-stiftung.jpg\",\"contentUrl\":\"https:\\\/\\\/aktuelles.uni-frankfurt.de\\\/wp-content\\\/uploads\\\/2024\\\/02\\\/beitragsbild_volkswagen-stiftung.jpg\",\"width\":650,\"height\":450,\"caption\":\"Junge Menschen, die Verantwortung f\u00fcr \u00e4ltere Menschen \u00fcbernehmen: Ihr Alltag und Ihre Bed\u00fcrfnisse werden nun in einer grenz\u00fcberschreitenden Studie untersucht.\"},{\"@type\":\"BreadcrumbList\",\"@id\":\"https:\\\/\\\/aktuelles.uni-frankfurt.de\\\/forschung\\\/volkswagenstiftung-foerdert-erforschung-der-situation-pflegender-junger-menschen-mit-12-millionen-euro\\\/#breadcrumb\",\"itemListElement\":[{\"@type\":\"ListItem\",\"position\":1,\"name\":\"Startseite\",\"item\":\"https:\\\/\\\/aktuelles.uni-frankfurt.de\\\/\"},{\"@type\":\"ListItem\",\"position\":2,\"name\":\"VolkswagenStiftung f\u00f6rdert Erforschung der Situation pflegender junger Menschen mit 1,2 Millionen Euro\"}]},{\"@type\":\"WebSite\",\"@id\":\"https:\\\/\\\/aktuelles.uni-frankfurt.de\\\/#website\",\"url\":\"https:\\\/\\\/aktuelles.uni-frankfurt.de\\\/\",\"name\":\"Aktuelles aus der Goethe-Universit\u00e4t Frankfurt\",\"description\":\"Aktuelles aus der Goethe-Universit\u00e4t | Neues aus Forschung, Lehre, Studium\",\"publisher\":{\"@id\":\"https:\\\/\\\/aktuelles.uni-frankfurt.de\\\/#organization\"},\"potentialAction\":[{\"@type\":\"SearchAction\",\"target\":{\"@type\":\"EntryPoint\",\"urlTemplate\":\"https:\\\/\\\/aktuelles.uni-frankfurt.de\\\/?s={search_term_string}\"},\"query-input\":{\"@type\":\"PropertyValueSpecification\",\"valueRequired\":true,\"valueName\":\"search_term_string\"}}],\"inLanguage\":\"en-GB\"},{\"@type\":\"Organization\",\"@id\":\"https:\\\/\\\/aktuelles.uni-frankfurt.de\\\/#organization\",\"name\":\"Goethe-Universit\u00e4t\",\"url\":\"https:\\\/\\\/aktuelles.uni-frankfurt.de\\\/\",\"logo\":{\"@type\":\"ImageObject\",\"inLanguage\":\"en-GB\",\"@id\":\"https:\\\/\\\/aktuelles.uni-frankfurt.de\\\/#\\\/schema\\\/logo\\\/image\\\/\",\"url\":\"https:\\\/\\\/aktuelles.uni-frankfurt.de\\\/wp-content\\\/uploads\\\/2022\\\/03\\\/800px-Goethe-Logo.png\",\"contentUrl\":\"https:\\\/\\\/aktuelles.uni-frankfurt.de\\\/wp-content\\\/uploads\\\/2022\\\/03\\\/800px-Goethe-Logo.png\",\"width\":800,\"height\":436,\"caption\":\"Goethe-Universit\u00e4t\"},\"image\":{\"@id\":\"https:\\\/\\\/aktuelles.uni-frankfurt.de\\\/#\\\/schema\\\/logo\\\/image\\\/\"}},{\"@type\":\"Person\",\"@id\":\"https:\\\/\\\/aktuelles.uni-frankfurt.de\\\/#\\\/schema\\\/person\\\/1b9eb6fa6c6aed90031661dd4e37970d\",\"name\":\"Dr. Anke Sauter\",\"description\":\"Dr. Anke Sauter hat in Bamberg Germanistik, Journalistik und Geografie studiert, mit einer Dissertation \u00fcber den Sprachlehrer und Fremdwortpuristen Eduard Engel wurde sie promoviert. Sie arbeitet als Wissenschaftsredakteurin in der Abteilung Marketing und Kommunikation der Goethe-Universit\u00e4t.\",\"sameAs\":[\"http:\\\/\\\/aktuelles.uni-frankfurt.de\\\/\"],\"url\":\"https:\\\/\\\/aktuelles.uni-frankfurt.de\\\/en\\\/author\\\/dr-ankesauter\\\/\"}]}<\/script>\n<!-- \/ Yoast SEO plugin. -->","yoast_head_json":{"title":"VolkswagenStiftung f\u00f6rdert Erforschung der Situation pflegender junger Menschen mit 1,2 Millionen Euro | Aktuelles aus der Goethe-Universit\u00e4t Frankfurt","robots":{"index":"index","follow":"follow","max-snippet":"max-snippet:-1","max-image-preview":"max-image-preview:large","max-video-preview":"max-video-preview:-1"},"canonical":"https:\/\/aktuelles.uni-frankfurt.de\/en\/forschung\/volkswagenstiftung-foerdert-erforschung-der-situation-pflegender-junger-menschen-mit-12-millionen-euro\/","og_locale":"en_GB","og_type":"article","og_title":"VolkswagenStiftung f\u00f6rdert Erforschung der Situation pflegender junger Menschen mit 1,2 Millionen Euro | Aktuelles aus der Goethe-Universit\u00e4t Frankfurt","og_description":"Junge Menschen in Ausbildung, die sich um \u00e4ltere Menschen k\u00fcmmern: Sie stehen im Mittelpunkt des Forschungsprojekts \u201eInterCare\u201c am Fachbereich Erziehungswissenschaften der Goethe-Universit\u00e4t. Eines steht bereits fest: Die gesellschaftliche Aufmerksamkeit f\u00fcr [&hellip;]","og_url":"https:\/\/aktuelles.uni-frankfurt.de\/en\/forschung\/volkswagenstiftung-foerdert-erforschung-der-situation-pflegender-junger-menschen-mit-12-millionen-euro\/","og_site_name":"Aktuelles aus der Goethe-Universit\u00e4t Frankfurt","article_published_time":"2024-02-09T10:23:29+00:00","article_modified_time":"2025-09-01T16:30:16+00:00","og_image":[{"width":650,"height":450,"url":"https:\/\/aktuelles.uni-frankfurt.de\/wp-content\/uploads\/2024\/02\/beitragsbild_volkswagen-stiftung.jpg","type":"image\/jpeg"}],"author":"Dr. Anke Sauter","twitter_card":"summary_large_image","twitter_misc":{"Written by":"Dr. Anke Sauter","Estimated reading time":"3 minutes"},"schema":{"@context":"https:\/\/schema.org","@graph":[{"@type":"Article","@id":"https:\/\/aktuelles.uni-frankfurt.de\/forschung\/volkswagenstiftung-foerdert-erforschung-der-situation-pflegender-junger-menschen-mit-12-millionen-euro\/#article","isPartOf":{"@id":"https:\/\/aktuelles.uni-frankfurt.de\/forschung\/volkswagenstiftung-foerdert-erforschung-der-situation-pflegender-junger-menschen-mit-12-millionen-euro\/"},"author":{"name":"Dr. Anke Sauter","@id":"https:\/\/aktuelles.uni-frankfurt.de\/#\/schema\/person\/1b9eb6fa6c6aed90031661dd4e37970d"},"headline":"VolkswagenStiftung f\u00f6rdert Erforschung der Situation pflegender junger Menschen mit 1,2 Millionen Euro","datePublished":"2024-02-09T10:23:29+00:00","dateModified":"2025-09-01T16:30:16+00:00","mainEntityOfPage":{"@id":"https:\/\/aktuelles.uni-frankfurt.de\/forschung\/volkswagenstiftung-foerdert-erforschung-der-situation-pflegender-junger-menschen-mit-12-millionen-euro\/"},"wordCount":617,"publisher":{"@id":"https:\/\/aktuelles.uni-frankfurt.de\/#organization"},"image":{"@id":"https:\/\/aktuelles.uni-frankfurt.de\/forschung\/volkswagenstiftung-foerdert-erforschung-der-situation-pflegender-junger-menschen-mit-12-millionen-euro\/#primaryimage"},"thumbnailUrl":"https:\/\/aktuelles.uni-frankfurt.de\/wp-content\/uploads\/2024\/02\/beitragsbild_volkswagen-stiftung.jpg","keywords":["Erziehungswissenschaften"],"articleSection":["Forschung"],"inLanguage":"en-GB"},{"@type":"WebPage","@id":"https:\/\/aktuelles.uni-frankfurt.de\/forschung\/volkswagenstiftung-foerdert-erforschung-der-situation-pflegender-junger-menschen-mit-12-millionen-euro\/","url":"https:\/\/aktuelles.uni-frankfurt.de\/forschung\/volkswagenstiftung-foerdert-erforschung-der-situation-pflegender-junger-menschen-mit-12-millionen-euro\/","name":"VolkswagenStiftung f\u00f6rdert Erforschung der Situation pflegender junger Menschen mit 1,2 Millionen Euro | Aktuelles aus der Goethe-Universit\u00e4t Frankfurt","isPartOf":{"@id":"https:\/\/aktuelles.uni-frankfurt.de\/#website"},"primaryImageOfPage":{"@id":"https:\/\/aktuelles.uni-frankfurt.de\/forschung\/volkswagenstiftung-foerdert-erforschung-der-situation-pflegender-junger-menschen-mit-12-millionen-euro\/#primaryimage"},"image":{"@id":"https:\/\/aktuelles.uni-frankfurt.de\/forschung\/volkswagenstiftung-foerdert-erforschung-der-situation-pflegender-junger-menschen-mit-12-millionen-euro\/#primaryimage"},"thumbnailUrl":"https:\/\/aktuelles.uni-frankfurt.de\/wp-content\/uploads\/2024\/02\/beitragsbild_volkswagen-stiftung.jpg","datePublished":"2024-02-09T10:23:29+00:00","dateModified":"2025-09-01T16:30:16+00:00","breadcrumb":{"@id":"https:\/\/aktuelles.uni-frankfurt.de\/forschung\/volkswagenstiftung-foerdert-erforschung-der-situation-pflegender-junger-menschen-mit-12-millionen-euro\/#breadcrumb"},"inLanguage":"en-GB","potentialAction":[{"@type":"ReadAction","target":["https:\/\/aktuelles.uni-frankfurt.de\/forschung\/volkswagenstiftung-foerdert-erforschung-der-situation-pflegender-junger-menschen-mit-12-millionen-euro\/"]}]},{"@type":"ImageObject","inLanguage":"en-GB","@id":"https:\/\/aktuelles.uni-frankfurt.de\/forschung\/volkswagenstiftung-foerdert-erforschung-der-situation-pflegender-junger-menschen-mit-12-millionen-euro\/#primaryimage","url":"https:\/\/aktuelles.uni-frankfurt.de\/wp-content\/uploads\/2024\/02\/beitragsbild_volkswagen-stiftung.jpg","contentUrl":"https:\/\/aktuelles.uni-frankfurt.de\/wp-content\/uploads\/2024\/02\/beitragsbild_volkswagen-stiftung.jpg","width":650,"height":450,"caption":"Junge Menschen, die Verantwortung f\u00fcr \u00e4ltere Menschen \u00fcbernehmen: Ihr Alltag und Ihre Bed\u00fcrfnisse werden nun in einer grenz\u00fcberschreitenden Studie untersucht."},{"@type":"BreadcrumbList","@id":"https:\/\/aktuelles.uni-frankfurt.de\/forschung\/volkswagenstiftung-foerdert-erforschung-der-situation-pflegender-junger-menschen-mit-12-millionen-euro\/#breadcrumb","itemListElement":[{"@type":"ListItem","position":1,"name":"Startseite","item":"https:\/\/aktuelles.uni-frankfurt.de\/"},{"@type":"ListItem","position":2,"name":"VolkswagenStiftung f\u00f6rdert Erforschung der Situation pflegender junger Menschen mit 1,2 Millionen Euro"}]},{"@type":"WebSite","@id":"https:\/\/aktuelles.uni-frankfurt.de\/#website","url":"https:\/\/aktuelles.uni-frankfurt.de\/","name":"Aktuelles aus der Goethe-Universit\u00e4t Frankfurt","description":"Aktuelles aus der Goethe-Universit\u00e4t | Neues aus Forschung, Lehre, Studium","publisher":{"@id":"https:\/\/aktuelles.uni-frankfurt.de\/#organization"},"potentialAction":[{"@type":"SearchAction","target":{"@type":"EntryPoint","urlTemplate":"https:\/\/aktuelles.uni-frankfurt.de\/?s={search_term_string}"},"query-input":{"@type":"PropertyValueSpecification","valueRequired":true,"valueName":"search_term_string"}}],"inLanguage":"en-GB"},{"@type":"Organization","@id":"https:\/\/aktuelles.uni-frankfurt.de\/#organization","name":"Goethe University Frankfurt","url":"https:\/\/aktuelles.uni-frankfurt.de\/","logo":{"@type":"ImageObject","inLanguage":"en-GB","@id":"https:\/\/aktuelles.uni-frankfurt.de\/#\/schema\/logo\/image\/","url":"https:\/\/aktuelles.uni-frankfurt.de\/wp-content\/uploads\/2022\/03\/800px-Goethe-Logo.png","contentUrl":"https:\/\/aktuelles.uni-frankfurt.de\/wp-content\/uploads\/2022\/03\/800px-Goethe-Logo.png","width":800,"height":436,"caption":"Goethe-Universit\u00e4t"},"image":{"@id":"https:\/\/aktuelles.uni-frankfurt.de\/#\/schema\/logo\/image\/"}},{"@type":"Person","@id":"https:\/\/aktuelles.uni-frankfurt.de\/#\/schema\/person\/1b9eb6fa6c6aed90031661dd4e37970d","name":"Dr. Anke Sauter","description":"Dr. Anke Sauter hat in Bamberg Germanistik, Journalistik und Geografie studiert, mit einer Dissertation \u00fcber den Sprachlehrer und Fremdwortpuristen Eduard Engel wurde sie promoviert. Sie arbeitet als Wissenschaftsredakteurin in der Abteilung Marketing und Kommunikation der Goethe-Universit\u00e4t.","sameAs":["http:\/\/aktuelles.uni-frankfurt.de\/"],"url":"https:\/\/aktuelles.uni-frankfurt.de\/en\/author\/dr-ankesauter\/"}]}},"_links":{"self":[{"href":"https:\/\/aktuelles.uni-frankfurt.de\/en\/wp-json\/wp\/v2\/posts\/79131","targetHints":{"allow":["GET"]}}],"collection":[{"href":"https:\/\/aktuelles.uni-frankfurt.de\/en\/wp-json\/wp\/v2\/posts"}],"about":[{"href":"https:\/\/aktuelles.uni-frankfurt.de\/en\/wp-json\/wp\/v2\/types\/post"}],"author":[{"embeddable":true,"href":"https:\/\/aktuelles.uni-frankfurt.de\/en\/wp-json\/wp\/v2\/users\/5"}],"replies":[{"embeddable":true,"href":"https:\/\/aktuelles.uni-frankfurt.de\/en\/wp-json\/wp\/v2\/comments?post=79131"}],"version-history":[{"count":0,"href":"https:\/\/aktuelles.uni-frankfurt.de\/en\/wp-json\/wp\/v2\/posts\/79131\/revisions"}],"wp:featuredmedia":[{"embeddable":true,"href":"https:\/\/aktuelles.uni-frankfurt.de\/en\/wp-json\/wp\/v2\/media\/79132"}],"wp:attachment":[{"href":"https:\/\/aktuelles.uni-frankfurt.de\/en\/wp-json\/wp\/v2\/media?parent=79131"}],"wp:term":[{"taxonomy":"category","embeddable":true,"href":"https:\/\/aktuelles.uni-frankfurt.de\/en\/wp-json\/wp\/v2\/categories?post=79131"},{"taxonomy":"post_tag","embeddable":true,"href":"https:\/\/aktuelles.uni-frankfurt.de\/en\/wp-json\/wp\/v2\/tags?post=79131"},{"taxonomy":"post_folder","embeddable":true,"href":"https:\/\/aktuelles.uni-frankfurt.de\/en\/wp-json\/wp\/v2\/post_folder?post=79131"}],"curies":[{"name":"wp","href":"https:\/\/api.w.org\/{rel}","templated":true}]}}