{"id":79144,"date":"2024-02-14T11:26:05","date_gmt":"2024-02-14T10:26:05","guid":{"rendered":"https:\/\/aktuelles.uni-frankfurt.de\/?p=79144"},"modified":"2024-02-14T13:57:09","modified_gmt":"2024-02-14T12:57:09","slug":"die-goethe-universitaet-stark-durch-vernetztes-handeln","status":"publish","type":"post","link":"https:\/\/aktuelles.uni-frankfurt.de\/en\/unireport\/die-goethe-universitaet-stark-durch-vernetztes-handeln\/","title":{"rendered":"Die Goethe-Universit\u00e4t \u2013 stark durch vernetztes Handeln"},"content":{"rendered":"<p><strong>Universit\u00e4tspr\u00e4sident Enrico Schleiff \u00fcber die Bedeutung regionaler Zusammenarbeiten<\/strong><\/p>\n\n\n\n<p>Die Goethe-Universit\u00e4t ist fachlich vielf\u00e4ltig und leistungsstark, und wir sind in einer gro\u00dfen Breite von Fragestellungen forschend und lehrend unterwegs. Allein der Blick in die Medien zeigt, dass wir regional, national und international einen relevanten Beitrag f\u00fcr unsere Gesellschaft leisten. Dennoch erweitern und vertiefen wir unsere eigene Vielfalt und Kompetenz durch Kooperationen mit anderen nationalen und internationalen Einrichtungen. Dabei bringen die Partner die unterschiedlichsten Kompetenzen ein, was uns wiederum neue R\u00e4ume er\u00f6ffnet, L\u00f6sungen f\u00fcr die Fragestellungen unserer Gegenwart in der notwendigen Tiefe und Breite zu erarbeiten.<\/p>\n\n\n\n<figure class=\"wp-block-image aligncenter size-full\"><img fetchpriority=\"high\" decoding=\"async\" width=\"650\" height=\"450\" src=\"https:\/\/aktuelles.uni-frankfurt.de\/wp-content\/uploads\/2024\/02\/beitragsbild_01_Frankfurt_Alliance_A2_650x450px_3.jpg\" alt=\"\" class=\"wp-image-79145\" srcset=\"https:\/\/aktuelles.uni-frankfurt.de\/wp-content\/uploads\/2024\/02\/beitragsbild_01_Frankfurt_Alliance_A2_650x450px_3.jpg 650w, https:\/\/aktuelles.uni-frankfurt.de\/wp-content\/uploads\/2024\/02\/beitragsbild_01_Frankfurt_Alliance_A2_650x450px_3-300x208.jpg 300w, https:\/\/aktuelles.uni-frankfurt.de\/wp-content\/uploads\/2024\/02\/beitragsbild_01_Frankfurt_Alliance_A2_650x450px_3-500x346.jpg 500w, https:\/\/aktuelles.uni-frankfurt.de\/wp-content\/uploads\/2024\/02\/beitragsbild_01_Frankfurt_Alliance_A2_650x450px_3-18x12.jpg 18w\" sizes=\"(max-width: 650px) 100vw, 650px\" \/><\/figure>\n\n\n\n<div style=\"height:20px\" aria-hidden=\"true\" class=\"wp-block-spacer\"><\/div>\n\n\n\n<p>Einerseits sind Universit\u00e4ten und Hochschulen trotz unterschiedlicher Schwerpunktsetzungen und Aufgaben Allrounder. Sie verbinden Forschung, Studium und Lehre sowie die Vermittlung der Forschungsergebnisse in die Gesellschaft. Andererseits gibt es zahlreiche Spezialisten: die au\u00dferuniversit\u00e4ren Forschungseinrichtungen. So erbringen bundesfinanzierte Einrichtungen der Ressortforschung wichtige forschungsbasierte Dienstleistungen. Die von Bund und L\u00e4ndern finanzierten Institute der Fraunhofer-Gesellschaft (FhG) legen einen Fokus auf angewandte Forschung, die der Max-Planck\u00adGesellschaft (MPG) auf Grundlagenforschung, die der Helmholtz-Gemeinschaft (HG) auf Forschung an und mit Gro\u00dfforschungsanlagen und die der Leibniz-Gemeinschaft (WLG) auf forschungsbegleiteten Wissenstransfer. Hinzu kommen hier in Frankfurt und dem Rhein-Main-Gebiet viele landes- und kommunal gef\u00f6rderte Institute, forschende Museen und Forschungsabteilungen in Unternehmen.<\/p>\n\n\n\n<p>Damit haben wir in der Region eine enorme Dichte und Vielfalt an solchen Institutionen. Jede f\u00fcr sich genie\u00dft gro\u00dfes Renommee, weswegen unsere Region eine besonders innovative Wissenschaftslandschaft von weltweiter Bedeutung ist. Es w\u00e4re eine vertane Chance, dieses Potenzial nicht auszusch\u00f6pfen, f\u00fcr unsere Forschung und f\u00fcr die Attraktivit\u00e4t des Standorts. Aus diesem Grund unterh\u00e4lt die Goethe-Universit\u00e4t eine Vielzahl von regionalen Kooperationen.<\/p>\n\n\n\n<p>Neben den bilateralen Bez\u00fcgen sind vor allem zwei von herausragender Bedeutung f\u00fcr die Goethe-Universit\u00e4t. Zum einen arbeiten wir schon seit 2015 in der Allianz der Rhein-Main-Universit\u00e4ten (RMU) eng mit der Technischen Universit\u00e4t Darmstadt und der Johannes Gutenberg-Universit\u00e4t Mainz zusammen. Die drei Universit\u00e4ten haben ein komplement\u00e4res Profil, was uns viele neue Gestaltungsm\u00f6glichkeiten gibt. Zum Beispiel k\u00f6nnen wir vielversprechende Fragestellungen aus unterschiedlichen wissenschaftlichen Perspektiven formulieren und bearbeiten, etwa in fachspezifischen Netzwerken oder Forschungskonsortien; wir k\u00f6nnen aber auch unsere Lehrportfolios durch gemeinsame Studieng\u00e4nge und wechselseitige \u00d6ffnungen von Studienangeboten erweitern und bereichern; zudem k\u00f6nnen wir Transfer und Karrieref\u00f6rderung auf allen Ebenen gemeinsam voranbringen.<\/p>\n\n\n\n<div style=\"height:20px\" aria-hidden=\"true\" class=\"wp-block-spacer\"><\/div>\n\n\n\n<h4 class=\"wp-block-heading\">Frankfurt Alliance \u2013 Bestehende Kooperationen neu gedacht<\/h4>\n\n\n\n<p>Am 30. Januar 2024 wurde die zweite zukunftsweisende Kooperation gegr\u00fcndet: die Frankfurt Alliance als Zusammenschluss von 15 in Frankfurt und Umgebung ans\u00e4ssigen, vom Bund oder von Bund und Land finanzierten Forschungsinstituten und der Goethe-Universit\u00e4t (siehe Kasten). Sie fu\u00dft auf seit vielen Jahren bestehenden einzelnen Zusammenarbeiten.<\/p>\n\n\n\n<p>In der Frankfurt Alliance wollen wir dem Grundsatz \u201eSymbiose bei voller institutioneller Souver\u00e4nit\u00e4t\u201c folgend gemeinsam einen Wissenschaftsraum schaffen und ausgestalten, um neue Formate f\u00fcr gemeinsame Forschung zu er\u00f6ffnen, unsere St\u00e4rken zu fokussieren und die Frankfurter Wissenschaft noch besser als bisher nach au\u00dfen zu pr\u00e4sentieren.&nbsp;<\/p>\n\n\n\n<p>Zu diesem Wissenschaftsraum geh\u00f6ren beispielsweise Strukturen zur gemeinsamen F\u00f6rderung von wissenschaftlichen Karrieren etwa von Mitarbeitenden in Laboren, technischen Anlagen und der Verwaltung. So sind gemeinsame Dienste geplant, zum Beispiel f\u00fcr den Zugang zu Gro\u00df- und Messger\u00e4ten vor Ort. So k\u00f6nnen alle Forschenden unsere vielf\u00e4ltigen Ressourcen und Infrastrukturen bestm\u00f6glich nutzen \u2013 wie zum Beispiel im Brain Imaging Center mit seinen hochmodernen Ger\u00e4ten zur Erforschung von Vorg\u00e4ngen im Gehirn. In neuen Formaten soll die gemeinsame Forschung \u00fcber die Grenzen der Einrichtungen hinweg initiiert und erm\u00f6glicht werden, etwa in den Frankfurt Alliance Round Table Discussions f\u00fcr unsere Forschenden oder in den Frankfurt Alliance Foren f\u00fcr Forschende, \u00d6ffentlichkeit und politische Entscheidungstr\u00e4ger.<\/p>\n\n\n\n<figure class=\"wp-block-image aligncenter size-full\"><img decoding=\"async\" width=\"650\" height=\"450\" src=\"https:\/\/aktuelles.uni-frankfurt.de\/wp-content\/uploads\/2024\/01\/beitragsbild_frankfurt-alliance.jpg\" alt=\"\" class=\"wp-image-78927\" srcset=\"https:\/\/aktuelles.uni-frankfurt.de\/wp-content\/uploads\/2024\/01\/beitragsbild_frankfurt-alliance.jpg 650w, https:\/\/aktuelles.uni-frankfurt.de\/wp-content\/uploads\/2024\/01\/beitragsbild_frankfurt-alliance-300x208.jpg 300w, https:\/\/aktuelles.uni-frankfurt.de\/wp-content\/uploads\/2024\/01\/beitragsbild_frankfurt-alliance-500x346.jpg 500w, https:\/\/aktuelles.uni-frankfurt.de\/wp-content\/uploads\/2024\/01\/beitragsbild_frankfurt-alliance-18x12.jpg 18w\" sizes=\"(max-width: 650px) 100vw, 650px\" \/><figcaption class=\"wp-element-caption\">Frankfurt Alliance \u2013 nach der Unterzeichnung des Memorandum of Understanding im Kaisersaal. Foto: Peter Kiefer\/Goethe-Universit\u00e4t Frankfurt. <\/figcaption><\/figure>\n\n\n\n<p>Die Frankfurt Alliance wird sich auch mit einer gemeinsamen Wissenschaftskommunikation pr\u00e4sentieren. Als erstes Highlight findet das Frankfurter Wissenschaftsfestival am 28. September 2024 auf dem Ro\u00dfmarkt statt. Gemeinsames Marketing und Interessenvertretung geh\u00f6ren ebenfalls dazu, um mit unserer gemeinsamen Forschungsst\u00e4rke auch international f\u00fcr den Standort zu werben und im politischen Raum unsere Interessen sichtbar zu platzieren.<\/p>\n\n\n\n<div style=\"height:20px\" aria-hidden=\"true\" class=\"wp-block-spacer\"><\/div>\n\n\n\n<h4 class=\"wp-block-heading\">Die Kooperationen von heute sind unsere St\u00e4rke von morgen<\/h4>\n\n\n\n<p>Die beiden Allianzen sind also kein Selbstzweck, sondern erg\u00e4nzen unser Portfolio und st\u00e4rken uns. Beide, die RMU und die Frankfurt Alliance, erm\u00f6glichen uns nicht nur neues Wissen zu generieren, sondern sollen auch die gesellschaftspolitische Rolle der Wissenschaft insgesamt und das Vertrauen in evidenzbasierte Forschung im Speziellen st\u00e4rken. Die regionalen Kooperationen sind ein Asset auch f\u00fcr unsere forschungsorientierte Lehre, die somit \u00fcber die Grenzen der Goethe-Universit\u00e4t hinaus stattfinden kann. Ein interessanter Ort des Studiums zu sein: Das ist nicht nur unser Anspruch, sondern auch bedeutend sowohl f\u00fcr die n\u00e4chsten Studierendengenerationen als auch f\u00fcr die Gesellschaft. Durch gemeinsame Strukturen in den Allianzen und gemeinsam angebotene M\u00f6glichkeiten der Karriere-Entwicklung f\u00fcr alle Mitglieder der Institutionen steigern wir unsere Attraktivit\u00e4t, um die besten K\u00f6pfe anwerben zu k\u00f6nnen. Das ist entscheidend in einer Zeit, in der sich Kolleginnen und Kollegen ihren Arbeitgeber aussuchen k\u00f6nnen und ein Job in der Wissenschaft nicht mehr per se f\u00fcr alle attraktiv ist.<\/p>\n\n\n\n<p>Kurzum, die Allianzen helfen uns, das \u2013 auch wirtschaftliche \u2013 Potenzial Frankfurts und der Region Frankfurt\/Rhein-Main als Forschungsstandort zu heben und auf der internationalen Skala noch sichtbarer zu machen. Das macht unseren Standort zudem f\u00fcr Start-ups und Neuansiedlungen zu einem interessanten Umfeld. Und schlie\u00dflich \u2013 was in der heutigen Zeit immer bedeutender wird \u2013 k\u00f6nnen wir so noch besser das internationale und interkulturelle Gesicht unserer weltoffenen, integrativen Stadt positiv mitgestalten. Das sage nicht nur ich, sondern das haben auch der K\u00e4mmerer als Repr\u00e4sentant der Stadt Frankfurt, Dr. Bastian Bergerhoff, und der neue Hessische Wissenschaftsminister Timon Gremmels als Repr\u00e4sentant der Landesregierung betont, dessen erster offizieller Termin der Gr\u00fcndungsakt der Frankfurt Alliance war \u2013 ein guter Start f\u00fcr ihn und ein guter Start f\u00fcr unsere Allianz.<\/p>\n\n\n\n<figure class=\"wp-block-image aligncenter size-full\"><img decoding=\"async\" width=\"650\" height=\"450\" src=\"https:\/\/aktuelles.uni-frankfurt.de\/wp-content\/uploads\/2024\/02\/beitragsbild_01_Frankfurt_Alliance_A2_650x450px_2.jpg\" alt=\"\" class=\"wp-image-79146\" srcset=\"https:\/\/aktuelles.uni-frankfurt.de\/wp-content\/uploads\/2024\/02\/beitragsbild_01_Frankfurt_Alliance_A2_650x450px_2.jpg 650w, https:\/\/aktuelles.uni-frankfurt.de\/wp-content\/uploads\/2024\/02\/beitragsbild_01_Frankfurt_Alliance_A2_650x450px_2-300x208.jpg 300w, https:\/\/aktuelles.uni-frankfurt.de\/wp-content\/uploads\/2024\/02\/beitragsbild_01_Frankfurt_Alliance_A2_650x450px_2-500x346.jpg 500w, https:\/\/aktuelles.uni-frankfurt.de\/wp-content\/uploads\/2024\/02\/beitragsbild_01_Frankfurt_Alliance_A2_650x450px_2-18x12.jpg 18w\" sizes=\"(max-width: 650px) 100vw, 650px\" \/><\/figure>\n\n\n\n<div style=\"height:20px\" aria-hidden=\"true\" class=\"wp-block-spacer\"><\/div>\n\n\n\n<p><strong>An der Frankfurt Alliance sind beteiligt:<\/strong><\/p>\n\n\n\n<ul class=\"wp-block-list\">\n<li>DIPF&nbsp; \u2013 Leibniz-Institut f\u00fcr Bildungsforschung und Bildungsinformation<\/li>\n\n\n\n<li>Leibniz-Institut f\u00fcr Finanzmarktforschung SAFE<\/li>\n\n\n\n<li>Leibniz-Institut f\u00fcr Friedens- und Konfliktforschung (PRIF)<\/li>\n\n\n\n<li>Senckenberg Gesellschaft f\u00fcr Naturforschung (SGN)<\/li>\n\n\n\n<li>GSI Helmholtzzentrum f\u00fcr Schwerionenforschung<\/li>\n\n\n\n<li>Fraunhofer-Institut f\u00fcr Translationale Medizin und Pharmakologie (ITMP)<\/li>\n\n\n\n<li>Fraunhofer-Institut f\u00fcr Sichere Informationstechnologie (SIT)<\/li>\n\n\n\n<li>Max-Planck-Institute f\u00fcr Biophysik (MPIBP), f\u00fcr empirische \u00c4sthetik (MPIEA),<br>f\u00fcr Herz- und Lungenforschung (MPIHL), f\u00fcr Hirnforschung (MPIBR) und<br>f\u00fcr Rechtsgeschichte und Rechtstheorie (MPILHLT)<\/li>\n\n\n\n<li>Ernst Str\u00fcngmann Institut (ESI)<\/li>\n\n\n\n<li>Paul-Ehrlich-Institut (PEI)<\/li>\n\n\n\n<li>Deutsches Konsortium f\u00fcr Translationale Krebsforschung \u2013 DKTK Standort&nbsp;Frankfurt\/Mainz, Deutsches Krebsforschungszentrum (DKFZ)&nbsp;<\/li>\n\n\n\n<li>Goethe University Frankfurt<\/li>\n<\/ul>","protected":false},"excerpt":{"rendered":"<p>Universit\u00e4tspr\u00e4sident Enrico Schleiff \u00fcber die Bedeutung regionaler Zusammenarbeiten Die Goethe-Universit\u00e4t ist fachlich vielf\u00e4ltig und leistungsstark, und wir sind in einer gro\u00dfen Breite von Fragestellungen forschend und lehrend unterwegs. Allein der [&hellip;]<\/p>\n","protected":false},"author":8,"featured_media":79145,"comment_status":"closed","ping_status":"closed","sticky":false,"template":"","format":"standard","meta":{"_eb_attr":"","_price":"","_stock":"","_tribe_ticket_header":"","_tribe_default_ticket_provider":"","_ticket_start_date":"","_ticket_end_date":"","_tribe_ticket_show_description":"","_tribe_ticket_show_not_going":false,"_tribe_ticket_use_global_stock":"","_tribe_ticket_global_stock_level":"","_global_stock_mode":"","_global_stock_cap":"","_tribe_rsvp_for_event":"","_tribe_ticket_going_count":"","_tribe_ticket_not_going_count":"","_tribe_tickets_list":"[]","_tribe_ticket_has_attendee_info_fields":false,"footnotes":""},"categories":[8,173],"tags":[27,329],"post_folder":[],"class_list":["post-79144","post","type-post","status-publish","format-standard","has-post-thumbnail","hentry","category-hochschule","category-unireport","tag-internationales","tag-unireport-1-24"],"yoast_head":"<!-- This site is optimized with the Yoast SEO plugin v27.5 - https:\/\/yoast.com\/product\/yoast-seo-wordpress\/ -->\n<title>Die Goethe-Universit\u00e4t \u2013 stark durch vernetztes Handeln | Aktuelles aus der Goethe-Universit\u00e4t Frankfurt<\/title>\n<meta name=\"robots\" content=\"index, follow, max-snippet:-1, max-image-preview:large, max-video-preview:-1\" \/>\n<link rel=\"canonical\" href=\"https:\/\/aktuelles.uni-frankfurt.de\/en\/unireport\/die-goethe-universitaet-stark-durch-vernetztes-handeln\/\" \/>\n<meta property=\"og:locale\" content=\"en_GB\" \/>\n<meta property=\"og:type\" content=\"article\" \/>\n<meta property=\"og:title\" content=\"Die Goethe-Universit\u00e4t \u2013 stark durch vernetztes Handeln | Aktuelles aus der Goethe-Universit\u00e4t Frankfurt\" \/>\n<meta property=\"og:description\" content=\"Universit\u00e4tspr\u00e4sident Enrico Schleiff \u00fcber die Bedeutung regionaler Zusammenarbeiten Die Goethe-Universit\u00e4t ist fachlich vielf\u00e4ltig und leistungsstark, und wir sind in einer gro\u00dfen Breite von Fragestellungen forschend und lehrend unterwegs. Allein der [&hellip;]\" \/>\n<meta property=\"og:url\" content=\"https:\/\/aktuelles.uni-frankfurt.de\/en\/unireport\/die-goethe-universitaet-stark-durch-vernetztes-handeln\/\" \/>\n<meta property=\"og:site_name\" content=\"Aktuelles aus der Goethe-Universit\u00e4t Frankfurt\" \/>\n<meta property=\"article:published_time\" content=\"2024-02-14T10:26:05+00:00\" \/>\n<meta property=\"article:modified_time\" content=\"2024-02-14T12:57:09+00:00\" \/>\n<meta property=\"og:image\" content=\"https:\/\/aktuelles.uni-frankfurt.de\/wp-content\/uploads\/2024\/02\/beitragsbild_01_Frankfurt_Alliance_A2_650x450px_3.jpg\" \/>\n\t<meta property=\"og:image:width\" content=\"650\" \/>\n\t<meta property=\"og:image:height\" content=\"450\" \/>\n\t<meta property=\"og:image:type\" content=\"image\/jpeg\" \/>\n<meta name=\"author\" content=\"-\" \/>\n<meta name=\"twitter:card\" content=\"summary_large_image\" \/>\n<meta name=\"twitter:label1\" content=\"Written by\" \/>\n\t<meta name=\"twitter:data1\" content=\"-\" \/>\n\t<meta name=\"twitter:label2\" content=\"Estimated reading time\" \/>\n\t<meta name=\"twitter:data2\" content=\"6 minutes\" \/>\n<script type=\"application\/ld+json\" class=\"yoast-schema-graph\">{\"@context\":\"https:\\\/\\\/schema.org\",\"@graph\":[{\"@type\":\"Article\",\"@id\":\"https:\\\/\\\/aktuelles.uni-frankfurt.de\\\/unireport\\\/die-goethe-universitaet-stark-durch-vernetztes-handeln\\\/#article\",\"isPartOf\":{\"@id\":\"https:\\\/\\\/aktuelles.uni-frankfurt.de\\\/unireport\\\/die-goethe-universitaet-stark-durch-vernetztes-handeln\\\/\"},\"author\":{\"name\":\"-\",\"@id\":\"https:\\\/\\\/aktuelles.uni-frankfurt.de\\\/#\\\/schema\\\/person\\\/8e55ea338fb65d1ce87a91565d1f1739\"},\"headline\":\"Die Goethe-Universit\u00e4t \u2013 stark durch vernetztes Handeln\",\"datePublished\":\"2024-02-14T10:26:05+00:00\",\"dateModified\":\"2024-02-14T12:57:09+00:00\",\"mainEntityOfPage\":{\"@id\":\"https:\\\/\\\/aktuelles.uni-frankfurt.de\\\/unireport\\\/die-goethe-universitaet-stark-durch-vernetztes-handeln\\\/\"},\"wordCount\":1109,\"publisher\":{\"@id\":\"https:\\\/\\\/aktuelles.uni-frankfurt.de\\\/#organization\"},\"image\":{\"@id\":\"https:\\\/\\\/aktuelles.uni-frankfurt.de\\\/unireport\\\/die-goethe-universitaet-stark-durch-vernetztes-handeln\\\/#primaryimage\"},\"thumbnailUrl\":\"https:\\\/\\\/aktuelles.uni-frankfurt.de\\\/wp-content\\\/uploads\\\/2024\\\/02\\\/beitragsbild_01_Frankfurt_Alliance_A2_650x450px_3.jpg\",\"keywords\":[\"Internationales\",\"UniReport 1.24\"],\"articleSection\":[\"Hochschule\",\"UniReport\"],\"inLanguage\":\"en-GB\"},{\"@type\":\"WebPage\",\"@id\":\"https:\\\/\\\/aktuelles.uni-frankfurt.de\\\/unireport\\\/die-goethe-universitaet-stark-durch-vernetztes-handeln\\\/\",\"url\":\"https:\\\/\\\/aktuelles.uni-frankfurt.de\\\/unireport\\\/die-goethe-universitaet-stark-durch-vernetztes-handeln\\\/\",\"name\":\"Die Goethe-Universit\u00e4t \u2013 stark durch vernetztes Handeln | Aktuelles aus der Goethe-Universit\u00e4t Frankfurt\",\"isPartOf\":{\"@id\":\"https:\\\/\\\/aktuelles.uni-frankfurt.de\\\/#website\"},\"primaryImageOfPage\":{\"@id\":\"https:\\\/\\\/aktuelles.uni-frankfurt.de\\\/unireport\\\/die-goethe-universitaet-stark-durch-vernetztes-handeln\\\/#primaryimage\"},\"image\":{\"@id\":\"https:\\\/\\\/aktuelles.uni-frankfurt.de\\\/unireport\\\/die-goethe-universitaet-stark-durch-vernetztes-handeln\\\/#primaryimage\"},\"thumbnailUrl\":\"https:\\\/\\\/aktuelles.uni-frankfurt.de\\\/wp-content\\\/uploads\\\/2024\\\/02\\\/beitragsbild_01_Frankfurt_Alliance_A2_650x450px_3.jpg\",\"datePublished\":\"2024-02-14T10:26:05+00:00\",\"dateModified\":\"2024-02-14T12:57:09+00:00\",\"breadcrumb\":{\"@id\":\"https:\\\/\\\/aktuelles.uni-frankfurt.de\\\/unireport\\\/die-goethe-universitaet-stark-durch-vernetztes-handeln\\\/#breadcrumb\"},\"inLanguage\":\"en-GB\",\"potentialAction\":[{\"@type\":\"ReadAction\",\"target\":[\"https:\\\/\\\/aktuelles.uni-frankfurt.de\\\/unireport\\\/die-goethe-universitaet-stark-durch-vernetztes-handeln\\\/\"]}]},{\"@type\":\"ImageObject\",\"inLanguage\":\"en-GB\",\"@id\":\"https:\\\/\\\/aktuelles.uni-frankfurt.de\\\/unireport\\\/die-goethe-universitaet-stark-durch-vernetztes-handeln\\\/#primaryimage\",\"url\":\"https:\\\/\\\/aktuelles.uni-frankfurt.de\\\/wp-content\\\/uploads\\\/2024\\\/02\\\/beitragsbild_01_Frankfurt_Alliance_A2_650x450px_3.jpg\",\"contentUrl\":\"https:\\\/\\\/aktuelles.uni-frankfurt.de\\\/wp-content\\\/uploads\\\/2024\\\/02\\\/beitragsbild_01_Frankfurt_Alliance_A2_650x450px_3.jpg\",\"width\":650,\"height\":450},{\"@type\":\"BreadcrumbList\",\"@id\":\"https:\\\/\\\/aktuelles.uni-frankfurt.de\\\/unireport\\\/die-goethe-universitaet-stark-durch-vernetztes-handeln\\\/#breadcrumb\",\"itemListElement\":[{\"@type\":\"ListItem\",\"position\":1,\"name\":\"Startseite\",\"item\":\"https:\\\/\\\/aktuelles.uni-frankfurt.de\\\/\"},{\"@type\":\"ListItem\",\"position\":2,\"name\":\"Die Goethe-Universit\u00e4t \u2013 stark durch vernetztes Handeln\"}]},{\"@type\":\"WebSite\",\"@id\":\"https:\\\/\\\/aktuelles.uni-frankfurt.de\\\/#website\",\"url\":\"https:\\\/\\\/aktuelles.uni-frankfurt.de\\\/\",\"name\":\"Aktuelles aus der Goethe-Universit\u00e4t Frankfurt\",\"description\":\"Aktuelles aus der Goethe-Universit\u00e4t | Neues aus Forschung, Lehre, Studium\",\"publisher\":{\"@id\":\"https:\\\/\\\/aktuelles.uni-frankfurt.de\\\/#organization\"},\"potentialAction\":[{\"@type\":\"SearchAction\",\"target\":{\"@type\":\"EntryPoint\",\"urlTemplate\":\"https:\\\/\\\/aktuelles.uni-frankfurt.de\\\/?s={search_term_string}\"},\"query-input\":{\"@type\":\"PropertyValueSpecification\",\"valueRequired\":true,\"valueName\":\"search_term_string\"}}],\"inLanguage\":\"en-GB\"},{\"@type\":\"Organization\",\"@id\":\"https:\\\/\\\/aktuelles.uni-frankfurt.de\\\/#organization\",\"name\":\"Goethe-Universit\u00e4t\",\"url\":\"https:\\\/\\\/aktuelles.uni-frankfurt.de\\\/\",\"logo\":{\"@type\":\"ImageObject\",\"inLanguage\":\"en-GB\",\"@id\":\"https:\\\/\\\/aktuelles.uni-frankfurt.de\\\/#\\\/schema\\\/logo\\\/image\\\/\",\"url\":\"https:\\\/\\\/aktuelles.uni-frankfurt.de\\\/wp-content\\\/uploads\\\/2022\\\/03\\\/800px-Goethe-Logo.png\",\"contentUrl\":\"https:\\\/\\\/aktuelles.uni-frankfurt.de\\\/wp-content\\\/uploads\\\/2022\\\/03\\\/800px-Goethe-Logo.png\",\"width\":800,\"height\":436,\"caption\":\"Goethe-Universit\u00e4t\"},\"image\":{\"@id\":\"https:\\\/\\\/aktuelles.uni-frankfurt.de\\\/#\\\/schema\\\/logo\\\/image\\\/\"}},{\"@type\":\"Person\",\"@id\":\"https:\\\/\\\/aktuelles.uni-frankfurt.de\\\/#\\\/schema\\\/person\\\/8e55ea338fb65d1ce87a91565d1f1739\",\"name\":\"-\",\"description\":\"Dieser Beitrag wurde von der Online-Redaktion ver\u00f6ffentlicht. Wenn der Beitrag von einem Gastautoren verfasst wurde, findet sich dieser Hinweis am Ende des jeweiligen Artikels.\",\"sameAs\":[\"http:\\\/\\\/aktuelles.uni-frankfurt.de\\\/autoren\"],\"url\":\"https:\\\/\\\/aktuelles.uni-frankfurt.de\\\/en\\\/author\\\/redaktion\\\/\"}]}<\/script>\n<!-- \/ Yoast SEO plugin. -->","yoast_head_json":{"title":"Die Goethe-Universit\u00e4t \u2013 stark durch vernetztes Handeln | Aktuelles aus der Goethe-Universit\u00e4t Frankfurt","robots":{"index":"index","follow":"follow","max-snippet":"max-snippet:-1","max-image-preview":"max-image-preview:large","max-video-preview":"max-video-preview:-1"},"canonical":"https:\/\/aktuelles.uni-frankfurt.de\/en\/unireport\/die-goethe-universitaet-stark-durch-vernetztes-handeln\/","og_locale":"en_GB","og_type":"article","og_title":"Die Goethe-Universit\u00e4t \u2013 stark durch vernetztes Handeln | Aktuelles aus der Goethe-Universit\u00e4t Frankfurt","og_description":"Universit\u00e4tspr\u00e4sident Enrico Schleiff \u00fcber die Bedeutung regionaler Zusammenarbeiten Die Goethe-Universit\u00e4t ist fachlich vielf\u00e4ltig und leistungsstark, und wir sind in einer gro\u00dfen Breite von Fragestellungen forschend und lehrend unterwegs. Allein der [&hellip;]","og_url":"https:\/\/aktuelles.uni-frankfurt.de\/en\/unireport\/die-goethe-universitaet-stark-durch-vernetztes-handeln\/","og_site_name":"Aktuelles aus der Goethe-Universit\u00e4t Frankfurt","article_published_time":"2024-02-14T10:26:05+00:00","article_modified_time":"2024-02-14T12:57:09+00:00","og_image":[{"width":650,"height":450,"url":"https:\/\/aktuelles.uni-frankfurt.de\/wp-content\/uploads\/2024\/02\/beitragsbild_01_Frankfurt_Alliance_A2_650x450px_3.jpg","type":"image\/jpeg"}],"author":"-","twitter_card":"summary_large_image","twitter_misc":{"Written by":"-","Estimated reading time":"6 minutes"},"schema":{"@context":"https:\/\/schema.org","@graph":[{"@type":"Article","@id":"https:\/\/aktuelles.uni-frankfurt.de\/unireport\/die-goethe-universitaet-stark-durch-vernetztes-handeln\/#article","isPartOf":{"@id":"https:\/\/aktuelles.uni-frankfurt.de\/unireport\/die-goethe-universitaet-stark-durch-vernetztes-handeln\/"},"author":{"name":"-","@id":"https:\/\/aktuelles.uni-frankfurt.de\/#\/schema\/person\/8e55ea338fb65d1ce87a91565d1f1739"},"headline":"Die Goethe-Universit\u00e4t \u2013 stark durch vernetztes Handeln","datePublished":"2024-02-14T10:26:05+00:00","dateModified":"2024-02-14T12:57:09+00:00","mainEntityOfPage":{"@id":"https:\/\/aktuelles.uni-frankfurt.de\/unireport\/die-goethe-universitaet-stark-durch-vernetztes-handeln\/"},"wordCount":1109,"publisher":{"@id":"https:\/\/aktuelles.uni-frankfurt.de\/#organization"},"image":{"@id":"https:\/\/aktuelles.uni-frankfurt.de\/unireport\/die-goethe-universitaet-stark-durch-vernetztes-handeln\/#primaryimage"},"thumbnailUrl":"https:\/\/aktuelles.uni-frankfurt.de\/wp-content\/uploads\/2024\/02\/beitragsbild_01_Frankfurt_Alliance_A2_650x450px_3.jpg","keywords":["Internationales","UniReport 1.24"],"articleSection":["Hochschule","UniReport"],"inLanguage":"en-GB"},{"@type":"WebPage","@id":"https:\/\/aktuelles.uni-frankfurt.de\/unireport\/die-goethe-universitaet-stark-durch-vernetztes-handeln\/","url":"https:\/\/aktuelles.uni-frankfurt.de\/unireport\/die-goethe-universitaet-stark-durch-vernetztes-handeln\/","name":"Die Goethe-Universit\u00e4t \u2013 stark durch vernetztes Handeln | Aktuelles aus der Goethe-Universit\u00e4t Frankfurt","isPartOf":{"@id":"https:\/\/aktuelles.uni-frankfurt.de\/#website"},"primaryImageOfPage":{"@id":"https:\/\/aktuelles.uni-frankfurt.de\/unireport\/die-goethe-universitaet-stark-durch-vernetztes-handeln\/#primaryimage"},"image":{"@id":"https:\/\/aktuelles.uni-frankfurt.de\/unireport\/die-goethe-universitaet-stark-durch-vernetztes-handeln\/#primaryimage"},"thumbnailUrl":"https:\/\/aktuelles.uni-frankfurt.de\/wp-content\/uploads\/2024\/02\/beitragsbild_01_Frankfurt_Alliance_A2_650x450px_3.jpg","datePublished":"2024-02-14T10:26:05+00:00","dateModified":"2024-02-14T12:57:09+00:00","breadcrumb":{"@id":"https:\/\/aktuelles.uni-frankfurt.de\/unireport\/die-goethe-universitaet-stark-durch-vernetztes-handeln\/#breadcrumb"},"inLanguage":"en-GB","potentialAction":[{"@type":"ReadAction","target":["https:\/\/aktuelles.uni-frankfurt.de\/unireport\/die-goethe-universitaet-stark-durch-vernetztes-handeln\/"]}]},{"@type":"ImageObject","inLanguage":"en-GB","@id":"https:\/\/aktuelles.uni-frankfurt.de\/unireport\/die-goethe-universitaet-stark-durch-vernetztes-handeln\/#primaryimage","url":"https:\/\/aktuelles.uni-frankfurt.de\/wp-content\/uploads\/2024\/02\/beitragsbild_01_Frankfurt_Alliance_A2_650x450px_3.jpg","contentUrl":"https:\/\/aktuelles.uni-frankfurt.de\/wp-content\/uploads\/2024\/02\/beitragsbild_01_Frankfurt_Alliance_A2_650x450px_3.jpg","width":650,"height":450},{"@type":"BreadcrumbList","@id":"https:\/\/aktuelles.uni-frankfurt.de\/unireport\/die-goethe-universitaet-stark-durch-vernetztes-handeln\/#breadcrumb","itemListElement":[{"@type":"ListItem","position":1,"name":"Startseite","item":"https:\/\/aktuelles.uni-frankfurt.de\/"},{"@type":"ListItem","position":2,"name":"Die Goethe-Universit\u00e4t \u2013 stark durch vernetztes Handeln"}]},{"@type":"WebSite","@id":"https:\/\/aktuelles.uni-frankfurt.de\/#website","url":"https:\/\/aktuelles.uni-frankfurt.de\/","name":"Aktuelles aus der Goethe-Universit\u00e4t Frankfurt","description":"Aktuelles aus der Goethe-Universit\u00e4t | Neues aus Forschung, Lehre, Studium","publisher":{"@id":"https:\/\/aktuelles.uni-frankfurt.de\/#organization"},"potentialAction":[{"@type":"SearchAction","target":{"@type":"EntryPoint","urlTemplate":"https:\/\/aktuelles.uni-frankfurt.de\/?s={search_term_string}"},"query-input":{"@type":"PropertyValueSpecification","valueRequired":true,"valueName":"search_term_string"}}],"inLanguage":"en-GB"},{"@type":"Organization","@id":"https:\/\/aktuelles.uni-frankfurt.de\/#organization","name":"Goethe University Frankfurt","url":"https:\/\/aktuelles.uni-frankfurt.de\/","logo":{"@type":"ImageObject","inLanguage":"en-GB","@id":"https:\/\/aktuelles.uni-frankfurt.de\/#\/schema\/logo\/image\/","url":"https:\/\/aktuelles.uni-frankfurt.de\/wp-content\/uploads\/2022\/03\/800px-Goethe-Logo.png","contentUrl":"https:\/\/aktuelles.uni-frankfurt.de\/wp-content\/uploads\/2022\/03\/800px-Goethe-Logo.png","width":800,"height":436,"caption":"Goethe-Universit\u00e4t"},"image":{"@id":"https:\/\/aktuelles.uni-frankfurt.de\/#\/schema\/logo\/image\/"}},{"@type":"Person","@id":"https:\/\/aktuelles.uni-frankfurt.de\/#\/schema\/person\/8e55ea338fb65d1ce87a91565d1f1739","name":"-","description":"Dieser Beitrag wurde von der Online-Redaktion ver\u00f6ffentlicht. Wenn der Beitrag von einem Gastautoren verfasst wurde, findet sich dieser Hinweis am Ende des jeweiligen Artikels.","sameAs":["http:\/\/aktuelles.uni-frankfurt.de\/autoren"],"url":"https:\/\/aktuelles.uni-frankfurt.de\/en\/author\/redaktion\/"}]}},"_links":{"self":[{"href":"https:\/\/aktuelles.uni-frankfurt.de\/en\/wp-json\/wp\/v2\/posts\/79144","targetHints":{"allow":["GET"]}}],"collection":[{"href":"https:\/\/aktuelles.uni-frankfurt.de\/en\/wp-json\/wp\/v2\/posts"}],"about":[{"href":"https:\/\/aktuelles.uni-frankfurt.de\/en\/wp-json\/wp\/v2\/types\/post"}],"author":[{"embeddable":true,"href":"https:\/\/aktuelles.uni-frankfurt.de\/en\/wp-json\/wp\/v2\/users\/8"}],"replies":[{"embeddable":true,"href":"https:\/\/aktuelles.uni-frankfurt.de\/en\/wp-json\/wp\/v2\/comments?post=79144"}],"version-history":[{"count":0,"href":"https:\/\/aktuelles.uni-frankfurt.de\/en\/wp-json\/wp\/v2\/posts\/79144\/revisions"}],"wp:featuredmedia":[{"embeddable":true,"href":"https:\/\/aktuelles.uni-frankfurt.de\/en\/wp-json\/wp\/v2\/media\/79145"}],"wp:attachment":[{"href":"https:\/\/aktuelles.uni-frankfurt.de\/en\/wp-json\/wp\/v2\/media?parent=79144"}],"wp:term":[{"taxonomy":"category","embeddable":true,"href":"https:\/\/aktuelles.uni-frankfurt.de\/en\/wp-json\/wp\/v2\/categories?post=79144"},{"taxonomy":"post_tag","embeddable":true,"href":"https:\/\/aktuelles.uni-frankfurt.de\/en\/wp-json\/wp\/v2\/tags?post=79144"},{"taxonomy":"post_folder","embeddable":true,"href":"https:\/\/aktuelles.uni-frankfurt.de\/en\/wp-json\/wp\/v2\/post_folder?post=79144"}],"curies":[{"name":"wp","href":"https:\/\/api.w.org\/{rel}","templated":true}]}}