{"id":79269,"date":"2024-03-01T10:40:03","date_gmt":"2024-03-01T09:40:03","guid":{"rendered":"https:\/\/aktuelles.uni-frankfurt.de\/?p=79269"},"modified":"2024-03-01T10:40:04","modified_gmt":"2024-03-01T09:40:04","slug":"europaeische-therapieempfehlungen-fuer-akute-lymphatische-leukaemie","status":"publish","type":"post","link":"https:\/\/aktuelles.uni-frankfurt.de\/en\/forschung\/europaeische-therapieempfehlungen-fuer-akute-lymphatische-leukaemie\/","title":{"rendered":"Europ\u00e4ische Therapieempfehlungen f\u00fcr akute lymphatische Leuk\u00e4mie"},"content":{"rendered":"<p><strong>F\u00fchrende europ\u00e4ische Expertinnen und Experten f\u00fcr die akute lymphatische Leuk\u00e4mie (ALL) der Erwachsenen haben nach dreij\u00e4hriger intensiver Zusammenarbeit Therapieempfehlungen f\u00fcr die ALL ver\u00f6ffentlicht. Eine der weltweit gr\u00f6\u00dften Studiengruppen f\u00fcr diese seltene und aggressive Krebserkrankung befindet sich am Universit\u00e4tsklinikum Frankfurt. Sie konnte mit ihren systematischen Studien bereits dazu beigetragen, die Heilungsrate von Betroffenen deutlich zu steigern.<\/strong><\/p>\n\n\n\n<p>Die Behandlung der akuten lymphatischen Leuk\u00e4mie (ALL) der Erwachsenen ist au\u00dferordentlich komplex, langwierig und f\u00fcr die Patientinnen und Patienten sehr belastend. Da die ALL verglichen mit anderen Krebsarten im Erwachsenenalter selten ist, wird die Therapie in Europa seit Jahrzehnten durch multizentrische Studiengruppen organisiert. Das bedeutet, dass in mehreren medizinischen Einrichtungen parallel an der Optimierung und systematischen Entwicklung der Therapie-Algorithmen geforscht wird, um eine m\u00f6glichst gro\u00dfe wissenschaftliche Aussagekraft zu erreichen. Wichtigstes Instrument der Verbesserung von Diagnostik und Therapie sind prospektive akademische Studien, also Studien, die sich mit der \u00dcberpr\u00fcfung einer vor Studienbeginn definierten Fragestellung \u00fcber die Wirksamkeit einer Behandlungsmethode befassen und unabh\u00e4ngig von der pharmazeutischen Industrie geplant werden.<\/p>\n\n\n\n<p>In Deutschland \u00fcbernimmt diese Aufgabe seit Jahrzehnten die German Multicenter Study Group for Adult ALL, kurz GMALL, eine der weltweit gr\u00f6\u00dften Studiengruppen f\u00fcr diese Erkrankung mit Sitz am Universit\u00e4tsklinikum Frankfurt. Unter Leitung von Dr. Nicola G\u00f6kbuget, Ober\u00e4rztin der dortigen Medizinischen Klinik 2, Schwerpunkt H\u00e4matologie\/Onkologie, wurden nun Konsensus-Empfehlungen der f\u00fchrenden europ\u00e4ischen Expertinnen und Experten f\u00fcr die ALL des Erwachsenen erstellt. Die Leitlinie b\u00fcndelt damit erstmals die europ\u00e4ische Expertise. Die Ergebnisse des European LeukemiaNet (ELN) wurden als zweiteiliger Special-Report Ende Januar bzw. Anfang Februar 2024 in dem renommierten US-amerikanischen Fachjournal Blood ver\u00f6ffentlicht.<\/p>\n\n\n\n<div style=\"height:20px\" aria-hidden=\"true\" class=\"wp-block-spacer\"><\/div>\n\n\n\n<h4 class=\"wp-block-heading\">Die europ\u00e4ische Perspektive st\u00e4rken<\/h4>\n\n\n\n<p>\u201eDas Wissen \u00fcber die Krankheitsbiologie und die Therapiem\u00f6glichkeiten von ALL bei Erwachsenen nimmt exponentiell zu\u201c, erkl\u00e4rt Dr. G\u00f6kbuget, Erstautorin der Referenzempfehlung und seit mehr als zehn Jahren Studienleiterin der GMALL. \u201eUns war es angesichts spezifischer Konstellationen in den europ\u00e4ischen Gesundheitssystemen wichtig, den aktuellen Stand der Erkenntnisse insbesondere aus europ\u00e4ischer Perspektive zusammenzufassen.\u201c In den detaillierten ELN-Empfehlungen sollen interessierte \u00c4rztinnen und \u00c4rzte Antworten auf die wichtigsten Fragen des Patientenmanagements finden. Zudem sollen die Leitlinien dazu beitragen, das Reporting klinischer Studien zu standardisieren.<\/p>\n\n\n\n<div style=\"height:20px\" aria-hidden=\"true\" class=\"wp-block-spacer\"><\/div>\n\n\n\n<h4 class=\"wp-block-heading\">Zu umfangreich f\u00fcr nur eine Publikation<\/h4>\n\n\n\n<p>Aufgrund des gro\u00dfen Umfangs und der Komplexit\u00e4t wurden die Therapieempfehlungen in zwei Teilen ver\u00f6ffentlicht. Teil 1 befasst sich mit Diagnostik, Prognosefaktoren und Verlaufsbeurteilungen bei der ALL. Hier wurden auch Standards f\u00fcr die Klassifikation und Evaluation im Rahmen klinischer Studien definiert. Der zweite Teil umfasst das gesamte Management. Das Spektrum reicht von Induktions- und Konsolidationstherapie \u00fcber den Einsatz neuer Substanzen, Stammzelltransplantation, Rezidivtherapie, die Behandlung spezieller Subgruppen der ALL bis hin zu Sp\u00e4tfolgen der Therapie und unterst\u00fctzender Behandlung. Neben der detaillierten Bewertung der Datenlage enthalten die Empfehlungen auch zahlreiche Experteneinsch\u00e4tzungen zu aktuell diskutierten Fragen.<\/p>\n\n\n\n<p>Arbeitsgruppen aus acht europ\u00e4ischen L\u00e4ndern haben mit ihrer jahrelangen systematischen Arbeit dazu beigetragen, dass die Prognose auch bei \u00e4lteren Patientinnen und Patienten mit ALL deutlich verbessert werden konnte. Diesen Weg will das europ\u00e4ische Konsortium zum Wohl der Betroffenen konsequent weiterverfolgen.<\/p>\n\n\n\n<p class=\"has-background\" style=\"background-color:#eeeeee\"><strong>Publikationen<\/strong>: Nicola G\u00f6kbuget, Nicolas Boissel, Sabina Chiaretti, Herve Dombret, Michael Doubek, Adele K. Fielding, Robin Fo\u00e0, Sebastian Giebel, Dieter Hoelzer, Mathilde Hunault, David I. Marks, Giovanni Martinelli, Oliver G. Ottmann, Anita W. Rijneveld, Philippe Rousselot, Josep-Maria Ribera, Renato Bassan: <strong>Diagnosis, Prognostic Factors and Assessment of ALL in Adults: 2023 ELN Recommendations from a European Expert Panel.<\/strong> Blood, January 31, 2024. <a href=\"https:\/\/doi.org\/10.1182\/blood.2023020794\">https:\/\/doi.org\/10.1182\/blood.2023020794<\/a> (Teil 1)<br><br>Nicola G\u00f6kbuget, Nicolas Boissel, Sabina Chiaretti, Herve Dombret, Michael Doubek, Adele K. Fielding, Robin Fo\u00e0, Sebastian Giebel, Dieter Hoelzer, Mathilde Hunault, David I. Marks, Giovanni Martinelli, Oliver Ottmann, Anita W. Rijneveld, Philippe Rousselot, Josep-Maria Ribera, Renato Bassan: <strong>Management of ALL in Adults: 2023 ELN Recommendations from a European Expert Panel<\/strong>. Blood, February 2, 2024. <a href=\"https:\/\/doi.org\/10.1182\/blood.2023023568\">https:\/\/doi.org\/10.1182\/blood.2023023568<\/a> (Teil 2)<\/p>","protected":false},"excerpt":{"rendered":"<p>F\u00fchrende europ\u00e4ische Expertinnen und Experten f\u00fcr die akute lymphatische Leuk\u00e4mie (ALL) der Erwachsenen haben nach dreij\u00e4hriger intensiver Zusammenarbeit Therapieempfehlungen f\u00fcr die ALL ver\u00f6ffentlicht. Eine der weltweit gr\u00f6\u00dften Studiengruppen f\u00fcr diese [&hellip;]<\/p>\n","protected":false},"author":8,"featured_media":79270,"comment_status":"closed","ping_status":"closed","sticky":false,"template":"","format":"standard","meta":{"_eb_attr":"","_price":"","_stock":"","_tribe_ticket_header":"","_tribe_default_ticket_provider":"","_ticket_start_date":"","_ticket_end_date":"","_tribe_ticket_show_description":"","_tribe_ticket_show_not_going":false,"_tribe_ticket_use_global_stock":"","_tribe_ticket_global_stock_level":"","_global_stock_mode":"","_global_stock_cap":"","_tribe_rsvp_for_event":"","_tribe_ticket_going_count":"","_tribe_ticket_not_going_count":"","_tribe_tickets_list":"[]","_tribe_ticket_has_attendee_info_fields":false,"footnotes":""},"categories":[3],"tags":[49],"post_folder":[],"class_list":["post-79269","post","type-post","status-publish","format-standard","has-post-thumbnail","hentry","category-forschung","tag-medizin"],"yoast_head":"<!-- This site is optimized with the Yoast SEO plugin v27.5 - https:\/\/yoast.com\/product\/yoast-seo-wordpress\/ -->\n<title>Europ\u00e4ische Therapieempfehlungen f\u00fcr akute lymphatische Leuk\u00e4mie | Aktuelles aus der Goethe-Universit\u00e4t Frankfurt<\/title>\n<meta name=\"robots\" content=\"index, follow, max-snippet:-1, max-image-preview:large, max-video-preview:-1\" \/>\n<link rel=\"canonical\" href=\"https:\/\/aktuelles.uni-frankfurt.de\/en\/forschung\/europaeische-therapieempfehlungen-fuer-akute-lymphatische-leukaemie\/\" \/>\n<meta property=\"og:locale\" content=\"en_GB\" \/>\n<meta property=\"og:type\" content=\"article\" \/>\n<meta property=\"og:title\" content=\"Europ\u00e4ische Therapieempfehlungen f\u00fcr akute lymphatische Leuk\u00e4mie | Aktuelles aus der Goethe-Universit\u00e4t Frankfurt\" \/>\n<meta property=\"og:description\" content=\"F\u00fchrende europ\u00e4ische Expertinnen und Experten f\u00fcr die akute lymphatische Leuk\u00e4mie (ALL) der Erwachsenen haben nach dreij\u00e4hriger intensiver Zusammenarbeit Therapieempfehlungen f\u00fcr die ALL ver\u00f6ffentlicht. Eine der weltweit gr\u00f6\u00dften Studiengruppen f\u00fcr diese [&hellip;]\" \/>\n<meta property=\"og:url\" content=\"https:\/\/aktuelles.uni-frankfurt.de\/en\/forschung\/europaeische-therapieempfehlungen-fuer-akute-lymphatische-leukaemie\/\" \/>\n<meta property=\"og:site_name\" content=\"Aktuelles aus der Goethe-Universit\u00e4t Frankfurt\" \/>\n<meta property=\"article:published_time\" content=\"2024-03-01T09:40:03+00:00\" \/>\n<meta property=\"article:modified_time\" content=\"2024-03-01T09:40:04+00:00\" \/>\n<meta property=\"og:image\" content=\"https:\/\/aktuelles.uni-frankfurt.de\/wp-content\/uploads\/2024\/03\/beitragsbild_ALL_Abstrich_shutterstock_2323429943_c_Babul_Hosen.jpg\" \/>\n\t<meta property=\"og:image:width\" content=\"650\" \/>\n\t<meta property=\"og:image:height\" content=\"450\" \/>\n\t<meta property=\"og:image:type\" content=\"image\/jpeg\" \/>\n<meta name=\"author\" content=\"-\" \/>\n<meta name=\"twitter:card\" content=\"summary_large_image\" \/>\n<meta name=\"twitter:label1\" content=\"Written by\" \/>\n\t<meta name=\"twitter:data1\" content=\"-\" \/>\n\t<meta name=\"twitter:label2\" content=\"Estimated reading time\" \/>\n\t<meta name=\"twitter:data2\" content=\"3 minutes\" \/>\n<script type=\"application\/ld+json\" class=\"yoast-schema-graph\">{\"@context\":\"https:\\\/\\\/schema.org\",\"@graph\":[{\"@type\":\"Article\",\"@id\":\"https:\\\/\\\/aktuelles.uni-frankfurt.de\\\/forschung\\\/europaeische-therapieempfehlungen-fuer-akute-lymphatische-leukaemie\\\/#article\",\"isPartOf\":{\"@id\":\"https:\\\/\\\/aktuelles.uni-frankfurt.de\\\/forschung\\\/europaeische-therapieempfehlungen-fuer-akute-lymphatische-leukaemie\\\/\"},\"author\":{\"name\":\"-\",\"@id\":\"https:\\\/\\\/aktuelles.uni-frankfurt.de\\\/#\\\/schema\\\/person\\\/8e55ea338fb65d1ce87a91565d1f1739\"},\"headline\":\"Europ\u00e4ische Therapieempfehlungen f\u00fcr akute lymphatische Leuk\u00e4mie\",\"datePublished\":\"2024-03-01T09:40:03+00:00\",\"dateModified\":\"2024-03-01T09:40:04+00:00\",\"mainEntityOfPage\":{\"@id\":\"https:\\\/\\\/aktuelles.uni-frankfurt.de\\\/forschung\\\/europaeische-therapieempfehlungen-fuer-akute-lymphatische-leukaemie\\\/\"},\"wordCount\":648,\"publisher\":{\"@id\":\"https:\\\/\\\/aktuelles.uni-frankfurt.de\\\/#organization\"},\"image\":{\"@id\":\"https:\\\/\\\/aktuelles.uni-frankfurt.de\\\/forschung\\\/europaeische-therapieempfehlungen-fuer-akute-lymphatische-leukaemie\\\/#primaryimage\"},\"thumbnailUrl\":\"https:\\\/\\\/aktuelles.uni-frankfurt.de\\\/wp-content\\\/uploads\\\/2024\\\/03\\\/beitragsbild_ALL_Abstrich_shutterstock_2323429943_c_Babul_Hosen.jpg\",\"keywords\":[\"Medizin\"],\"articleSection\":[\"Forschung\"],\"inLanguage\":\"en-GB\"},{\"@type\":\"WebPage\",\"@id\":\"https:\\\/\\\/aktuelles.uni-frankfurt.de\\\/forschung\\\/europaeische-therapieempfehlungen-fuer-akute-lymphatische-leukaemie\\\/\",\"url\":\"https:\\\/\\\/aktuelles.uni-frankfurt.de\\\/forschung\\\/europaeische-therapieempfehlungen-fuer-akute-lymphatische-leukaemie\\\/\",\"name\":\"Europ\u00e4ische Therapieempfehlungen f\u00fcr akute lymphatische Leuk\u00e4mie | Aktuelles aus der Goethe-Universit\u00e4t Frankfurt\",\"isPartOf\":{\"@id\":\"https:\\\/\\\/aktuelles.uni-frankfurt.de\\\/#website\"},\"primaryImageOfPage\":{\"@id\":\"https:\\\/\\\/aktuelles.uni-frankfurt.de\\\/forschung\\\/europaeische-therapieempfehlungen-fuer-akute-lymphatische-leukaemie\\\/#primaryimage\"},\"image\":{\"@id\":\"https:\\\/\\\/aktuelles.uni-frankfurt.de\\\/forschung\\\/europaeische-therapieempfehlungen-fuer-akute-lymphatische-leukaemie\\\/#primaryimage\"},\"thumbnailUrl\":\"https:\\\/\\\/aktuelles.uni-frankfurt.de\\\/wp-content\\\/uploads\\\/2024\\\/03\\\/beitragsbild_ALL_Abstrich_shutterstock_2323429943_c_Babul_Hosen.jpg\",\"datePublished\":\"2024-03-01T09:40:03+00:00\",\"dateModified\":\"2024-03-01T09:40:04+00:00\",\"breadcrumb\":{\"@id\":\"https:\\\/\\\/aktuelles.uni-frankfurt.de\\\/forschung\\\/europaeische-therapieempfehlungen-fuer-akute-lymphatische-leukaemie\\\/#breadcrumb\"},\"inLanguage\":\"en-GB\",\"potentialAction\":[{\"@type\":\"ReadAction\",\"target\":[\"https:\\\/\\\/aktuelles.uni-frankfurt.de\\\/forschung\\\/europaeische-therapieempfehlungen-fuer-akute-lymphatische-leukaemie\\\/\"]}]},{\"@type\":\"ImageObject\",\"inLanguage\":\"en-GB\",\"@id\":\"https:\\\/\\\/aktuelles.uni-frankfurt.de\\\/forschung\\\/europaeische-therapieempfehlungen-fuer-akute-lymphatische-leukaemie\\\/#primaryimage\",\"url\":\"https:\\\/\\\/aktuelles.uni-frankfurt.de\\\/wp-content\\\/uploads\\\/2024\\\/03\\\/beitragsbild_ALL_Abstrich_shutterstock_2323429943_c_Babul_Hosen.jpg\",\"contentUrl\":\"https:\\\/\\\/aktuelles.uni-frankfurt.de\\\/wp-content\\\/uploads\\\/2024\\\/03\\\/beitragsbild_ALL_Abstrich_shutterstock_2323429943_c_Babul_Hosen.jpg\",\"width\":650,\"height\":450,\"caption\":\"Bei der akuten lymphatischen Leuk\u00e4mie (ALL) reifen die wei\u00dfen Blutzellen oder Leukozyten nicht mehr, sondern vermehren sich schnell und unkontrolliert (dunkler gef\u00e4rbte Zellen).\"},{\"@type\":\"BreadcrumbList\",\"@id\":\"https:\\\/\\\/aktuelles.uni-frankfurt.de\\\/forschung\\\/europaeische-therapieempfehlungen-fuer-akute-lymphatische-leukaemie\\\/#breadcrumb\",\"itemListElement\":[{\"@type\":\"ListItem\",\"position\":1,\"name\":\"Startseite\",\"item\":\"https:\\\/\\\/aktuelles.uni-frankfurt.de\\\/\"},{\"@type\":\"ListItem\",\"position\":2,\"name\":\"Europ\u00e4ische Therapieempfehlungen f\u00fcr akute lymphatische Leuk\u00e4mie\"}]},{\"@type\":\"WebSite\",\"@id\":\"https:\\\/\\\/aktuelles.uni-frankfurt.de\\\/#website\",\"url\":\"https:\\\/\\\/aktuelles.uni-frankfurt.de\\\/\",\"name\":\"Aktuelles aus der Goethe-Universit\u00e4t Frankfurt\",\"description\":\"Aktuelles aus der Goethe-Universit\u00e4t | Neues aus Forschung, Lehre, Studium\",\"publisher\":{\"@id\":\"https:\\\/\\\/aktuelles.uni-frankfurt.de\\\/#organization\"},\"potentialAction\":[{\"@type\":\"SearchAction\",\"target\":{\"@type\":\"EntryPoint\",\"urlTemplate\":\"https:\\\/\\\/aktuelles.uni-frankfurt.de\\\/?s={search_term_string}\"},\"query-input\":{\"@type\":\"PropertyValueSpecification\",\"valueRequired\":true,\"valueName\":\"search_term_string\"}}],\"inLanguage\":\"en-GB\"},{\"@type\":\"Organization\",\"@id\":\"https:\\\/\\\/aktuelles.uni-frankfurt.de\\\/#organization\",\"name\":\"Goethe-Universit\u00e4t\",\"url\":\"https:\\\/\\\/aktuelles.uni-frankfurt.de\\\/\",\"logo\":{\"@type\":\"ImageObject\",\"inLanguage\":\"en-GB\",\"@id\":\"https:\\\/\\\/aktuelles.uni-frankfurt.de\\\/#\\\/schema\\\/logo\\\/image\\\/\",\"url\":\"https:\\\/\\\/aktuelles.uni-frankfurt.de\\\/wp-content\\\/uploads\\\/2022\\\/03\\\/800px-Goethe-Logo.png\",\"contentUrl\":\"https:\\\/\\\/aktuelles.uni-frankfurt.de\\\/wp-content\\\/uploads\\\/2022\\\/03\\\/800px-Goethe-Logo.png\",\"width\":800,\"height\":436,\"caption\":\"Goethe-Universit\u00e4t\"},\"image\":{\"@id\":\"https:\\\/\\\/aktuelles.uni-frankfurt.de\\\/#\\\/schema\\\/logo\\\/image\\\/\"}},{\"@type\":\"Person\",\"@id\":\"https:\\\/\\\/aktuelles.uni-frankfurt.de\\\/#\\\/schema\\\/person\\\/8e55ea338fb65d1ce87a91565d1f1739\",\"name\":\"-\",\"description\":\"Dieser Beitrag wurde von der Online-Redaktion ver\u00f6ffentlicht. Wenn der Beitrag von einem Gastautoren verfasst wurde, findet sich dieser Hinweis am Ende des jeweiligen Artikels.\",\"sameAs\":[\"http:\\\/\\\/aktuelles.uni-frankfurt.de\\\/autoren\"],\"url\":\"https:\\\/\\\/aktuelles.uni-frankfurt.de\\\/en\\\/author\\\/redaktion\\\/\"}]}<\/script>\n<!-- \/ Yoast SEO plugin. -->","yoast_head_json":{"title":"Europ\u00e4ische Therapieempfehlungen f\u00fcr akute lymphatische Leuk\u00e4mie | Aktuelles aus der Goethe-Universit\u00e4t Frankfurt","robots":{"index":"index","follow":"follow","max-snippet":"max-snippet:-1","max-image-preview":"max-image-preview:large","max-video-preview":"max-video-preview:-1"},"canonical":"https:\/\/aktuelles.uni-frankfurt.de\/en\/forschung\/europaeische-therapieempfehlungen-fuer-akute-lymphatische-leukaemie\/","og_locale":"en_GB","og_type":"article","og_title":"Europ\u00e4ische Therapieempfehlungen f\u00fcr akute lymphatische Leuk\u00e4mie | Aktuelles aus der Goethe-Universit\u00e4t Frankfurt","og_description":"F\u00fchrende europ\u00e4ische Expertinnen und Experten f\u00fcr die akute lymphatische Leuk\u00e4mie (ALL) der Erwachsenen haben nach dreij\u00e4hriger intensiver Zusammenarbeit Therapieempfehlungen f\u00fcr die ALL ver\u00f6ffentlicht. Eine der weltweit gr\u00f6\u00dften Studiengruppen f\u00fcr diese [&hellip;]","og_url":"https:\/\/aktuelles.uni-frankfurt.de\/en\/forschung\/europaeische-therapieempfehlungen-fuer-akute-lymphatische-leukaemie\/","og_site_name":"Aktuelles aus der Goethe-Universit\u00e4t Frankfurt","article_published_time":"2024-03-01T09:40:03+00:00","article_modified_time":"2024-03-01T09:40:04+00:00","og_image":[{"width":650,"height":450,"url":"https:\/\/aktuelles.uni-frankfurt.de\/wp-content\/uploads\/2024\/03\/beitragsbild_ALL_Abstrich_shutterstock_2323429943_c_Babul_Hosen.jpg","type":"image\/jpeg"}],"author":"-","twitter_card":"summary_large_image","twitter_misc":{"Written by":"-","Estimated reading time":"3 minutes"},"schema":{"@context":"https:\/\/schema.org","@graph":[{"@type":"Article","@id":"https:\/\/aktuelles.uni-frankfurt.de\/forschung\/europaeische-therapieempfehlungen-fuer-akute-lymphatische-leukaemie\/#article","isPartOf":{"@id":"https:\/\/aktuelles.uni-frankfurt.de\/forschung\/europaeische-therapieempfehlungen-fuer-akute-lymphatische-leukaemie\/"},"author":{"name":"-","@id":"https:\/\/aktuelles.uni-frankfurt.de\/#\/schema\/person\/8e55ea338fb65d1ce87a91565d1f1739"},"headline":"Europ\u00e4ische Therapieempfehlungen f\u00fcr akute lymphatische Leuk\u00e4mie","datePublished":"2024-03-01T09:40:03+00:00","dateModified":"2024-03-01T09:40:04+00:00","mainEntityOfPage":{"@id":"https:\/\/aktuelles.uni-frankfurt.de\/forschung\/europaeische-therapieempfehlungen-fuer-akute-lymphatische-leukaemie\/"},"wordCount":648,"publisher":{"@id":"https:\/\/aktuelles.uni-frankfurt.de\/#organization"},"image":{"@id":"https:\/\/aktuelles.uni-frankfurt.de\/forschung\/europaeische-therapieempfehlungen-fuer-akute-lymphatische-leukaemie\/#primaryimage"},"thumbnailUrl":"https:\/\/aktuelles.uni-frankfurt.de\/wp-content\/uploads\/2024\/03\/beitragsbild_ALL_Abstrich_shutterstock_2323429943_c_Babul_Hosen.jpg","keywords":["Medizin"],"articleSection":["Forschung"],"inLanguage":"en-GB"},{"@type":"WebPage","@id":"https:\/\/aktuelles.uni-frankfurt.de\/forschung\/europaeische-therapieempfehlungen-fuer-akute-lymphatische-leukaemie\/","url":"https:\/\/aktuelles.uni-frankfurt.de\/forschung\/europaeische-therapieempfehlungen-fuer-akute-lymphatische-leukaemie\/","name":"Europ\u00e4ische Therapieempfehlungen f\u00fcr akute lymphatische Leuk\u00e4mie | Aktuelles aus der Goethe-Universit\u00e4t Frankfurt","isPartOf":{"@id":"https:\/\/aktuelles.uni-frankfurt.de\/#website"},"primaryImageOfPage":{"@id":"https:\/\/aktuelles.uni-frankfurt.de\/forschung\/europaeische-therapieempfehlungen-fuer-akute-lymphatische-leukaemie\/#primaryimage"},"image":{"@id":"https:\/\/aktuelles.uni-frankfurt.de\/forschung\/europaeische-therapieempfehlungen-fuer-akute-lymphatische-leukaemie\/#primaryimage"},"thumbnailUrl":"https:\/\/aktuelles.uni-frankfurt.de\/wp-content\/uploads\/2024\/03\/beitragsbild_ALL_Abstrich_shutterstock_2323429943_c_Babul_Hosen.jpg","datePublished":"2024-03-01T09:40:03+00:00","dateModified":"2024-03-01T09:40:04+00:00","breadcrumb":{"@id":"https:\/\/aktuelles.uni-frankfurt.de\/forschung\/europaeische-therapieempfehlungen-fuer-akute-lymphatische-leukaemie\/#breadcrumb"},"inLanguage":"en-GB","potentialAction":[{"@type":"ReadAction","target":["https:\/\/aktuelles.uni-frankfurt.de\/forschung\/europaeische-therapieempfehlungen-fuer-akute-lymphatische-leukaemie\/"]}]},{"@type":"ImageObject","inLanguage":"en-GB","@id":"https:\/\/aktuelles.uni-frankfurt.de\/forschung\/europaeische-therapieempfehlungen-fuer-akute-lymphatische-leukaemie\/#primaryimage","url":"https:\/\/aktuelles.uni-frankfurt.de\/wp-content\/uploads\/2024\/03\/beitragsbild_ALL_Abstrich_shutterstock_2323429943_c_Babul_Hosen.jpg","contentUrl":"https:\/\/aktuelles.uni-frankfurt.de\/wp-content\/uploads\/2024\/03\/beitragsbild_ALL_Abstrich_shutterstock_2323429943_c_Babul_Hosen.jpg","width":650,"height":450,"caption":"Bei der akuten lymphatischen Leuk\u00e4mie (ALL) reifen die wei\u00dfen Blutzellen oder Leukozyten nicht mehr, sondern vermehren sich schnell und unkontrolliert (dunkler gef\u00e4rbte Zellen)."},{"@type":"BreadcrumbList","@id":"https:\/\/aktuelles.uni-frankfurt.de\/forschung\/europaeische-therapieempfehlungen-fuer-akute-lymphatische-leukaemie\/#breadcrumb","itemListElement":[{"@type":"ListItem","position":1,"name":"Startseite","item":"https:\/\/aktuelles.uni-frankfurt.de\/"},{"@type":"ListItem","position":2,"name":"Europ\u00e4ische Therapieempfehlungen f\u00fcr akute lymphatische Leuk\u00e4mie"}]},{"@type":"WebSite","@id":"https:\/\/aktuelles.uni-frankfurt.de\/#website","url":"https:\/\/aktuelles.uni-frankfurt.de\/","name":"Aktuelles aus der Goethe-Universit\u00e4t Frankfurt","description":"Aktuelles aus der Goethe-Universit\u00e4t | Neues aus Forschung, Lehre, Studium","publisher":{"@id":"https:\/\/aktuelles.uni-frankfurt.de\/#organization"},"potentialAction":[{"@type":"SearchAction","target":{"@type":"EntryPoint","urlTemplate":"https:\/\/aktuelles.uni-frankfurt.de\/?s={search_term_string}"},"query-input":{"@type":"PropertyValueSpecification","valueRequired":true,"valueName":"search_term_string"}}],"inLanguage":"en-GB"},{"@type":"Organization","@id":"https:\/\/aktuelles.uni-frankfurt.de\/#organization","name":"Goethe University Frankfurt","url":"https:\/\/aktuelles.uni-frankfurt.de\/","logo":{"@type":"ImageObject","inLanguage":"en-GB","@id":"https:\/\/aktuelles.uni-frankfurt.de\/#\/schema\/logo\/image\/","url":"https:\/\/aktuelles.uni-frankfurt.de\/wp-content\/uploads\/2022\/03\/800px-Goethe-Logo.png","contentUrl":"https:\/\/aktuelles.uni-frankfurt.de\/wp-content\/uploads\/2022\/03\/800px-Goethe-Logo.png","width":800,"height":436,"caption":"Goethe-Universit\u00e4t"},"image":{"@id":"https:\/\/aktuelles.uni-frankfurt.de\/#\/schema\/logo\/image\/"}},{"@type":"Person","@id":"https:\/\/aktuelles.uni-frankfurt.de\/#\/schema\/person\/8e55ea338fb65d1ce87a91565d1f1739","name":"-","description":"Dieser Beitrag wurde von der Online-Redaktion ver\u00f6ffentlicht. Wenn der Beitrag von einem Gastautoren verfasst wurde, findet sich dieser Hinweis am Ende des jeweiligen Artikels.","sameAs":["http:\/\/aktuelles.uni-frankfurt.de\/autoren"],"url":"https:\/\/aktuelles.uni-frankfurt.de\/en\/author\/redaktion\/"}]}},"_links":{"self":[{"href":"https:\/\/aktuelles.uni-frankfurt.de\/en\/wp-json\/wp\/v2\/posts\/79269","targetHints":{"allow":["GET"]}}],"collection":[{"href":"https:\/\/aktuelles.uni-frankfurt.de\/en\/wp-json\/wp\/v2\/posts"}],"about":[{"href":"https:\/\/aktuelles.uni-frankfurt.de\/en\/wp-json\/wp\/v2\/types\/post"}],"author":[{"embeddable":true,"href":"https:\/\/aktuelles.uni-frankfurt.de\/en\/wp-json\/wp\/v2\/users\/8"}],"replies":[{"embeddable":true,"href":"https:\/\/aktuelles.uni-frankfurt.de\/en\/wp-json\/wp\/v2\/comments?post=79269"}],"version-history":[{"count":0,"href":"https:\/\/aktuelles.uni-frankfurt.de\/en\/wp-json\/wp\/v2\/posts\/79269\/revisions"}],"wp:featuredmedia":[{"embeddable":true,"href":"https:\/\/aktuelles.uni-frankfurt.de\/en\/wp-json\/wp\/v2\/media\/79270"}],"wp:attachment":[{"href":"https:\/\/aktuelles.uni-frankfurt.de\/en\/wp-json\/wp\/v2\/media?parent=79269"}],"wp:term":[{"taxonomy":"category","embeddable":true,"href":"https:\/\/aktuelles.uni-frankfurt.de\/en\/wp-json\/wp\/v2\/categories?post=79269"},{"taxonomy":"post_tag","embeddable":true,"href":"https:\/\/aktuelles.uni-frankfurt.de\/en\/wp-json\/wp\/v2\/tags?post=79269"},{"taxonomy":"post_folder","embeddable":true,"href":"https:\/\/aktuelles.uni-frankfurt.de\/en\/wp-json\/wp\/v2\/post_folder?post=79269"}],"curies":[{"name":"wp","href":"https:\/\/api.w.org\/{rel}","templated":true}]}}